{"id":9470,"date":"2023-01-24T11:48:08","date_gmt":"2023-01-24T16:48:08","guid":{"rendered":"https:\/\/prensapaisa.com\/?p=9470"},"modified":"2023-01-24T11:48:09","modified_gmt":"2023-01-24T16:48:09","slug":"recapturan-a-un-hombre-que-se-fugo-de-las-celdas","status":"publish","type":"post","link":"https:\/\/prensapaisa.com\/index.php\/2023\/01\/24\/recapturan-a-un-hombre-que-se-fugo-de-las-celdas\/","title":{"rendered":"Recapturan a un hombre que se fug\u00f3 de las celdas"},"content":{"rendered":"\n<p>&#8220;Alias &#8220;Dylan&#8221; o &#8220;chayanne&#8221;, presunto integrante de Los Caparros en El Bagre, fue detenido, nuevamente, porque se hab\u00eda fugado de la Estaci\u00f3n de Polic\u00eda.<\/p>\n\n\n\n<p>Las autoridades del Bajo Cauca antioque\u00f1o, mediante orden judicial, capturaron a Luis Alfredo Atencia Bravo por el delito de Fuga de Presos. El fugitivo se hab\u00eda fugado de la sala de reclusi\u00f3n de la estaci\u00f3n de Polic\u00eda de El Bagre el pasado mes de noviembre y desde entonces las <a><\/a>autoridades estaban tras su pista.<\/p>\n\n\n\n<p>El hombre de 32 a\u00f1os, alias &#8220;Dylan&#8221; o &#8220;chayanne&#8221;, sigui\u00f3 delinquiendo como jefe financiero del grupo armado ilegal Los Caparros. Adem\u00e1s, en el 2021, hab\u00eda sido capturado por el delito de Fabricaci\u00f3n, tr\u00e1fico, porte o tenencia de armas de fuego, accesorios, partes o municiones.<\/p>\n\n\n\n<p>Luego de esta nueva captura, el 22 de enero, qued\u00f3 cobijado con medida de aseguramiento en centro carcelario<\/p>\n","protected":false},"excerpt":{"rendered":"<p>&#8220;Alias &#8220;Dylan&#8221; o &#8220;chayanne&#8221;, presunto integrante de Los Caparros en El Bagre, fue detenido, nuevamente, porque se hab\u00eda fugado de la Estaci\u00f3n de Polic\u00eda. Las autoridades del Bajo Cauca antioque\u00f1o,&hellip;<\/p>\n","protected":false},"author":1,"featured_media":9471,"comment_status":"open","ping_status":"open","sticky":false,"template":"","format":"standard","meta":{"footnotes":""},"categories":[49],"tags":[],"class_list":["post-9470","post","type-post","status-publish","format-standard","has-post-thumbnail","hentry","category-capturas"],"yoast_head":"<!-- This site is optimized with the Yoast SEO plugin v27.4 - https:\/\/yoast.com\/product\/yoast-seo-wordpress\/ -->\n<title>Recapturan a un hombre que se fug\u00f3 de las celdas - PRENSA PAISA<\/title>\n<meta name=\"robots\" content=\"index, follow, max-snippet:-1, max-image-preview:large, max-video-preview:-1\" \/>\n<link rel=\"canonical\" href=\"https:\/\/prensapaisa.com\/index.php\/2023\/01\/24\/recapturan-a-un-hombre-que-se-fugo-de-las-celdas\/\" \/>\n<meta property=\"og:locale\" content=\"es_ES\" \/>\n<meta property=\"og:type\" content=\"article\" \/>\n<meta property=\"og:title\" content=\"Recapturan a un hombre que se fug\u00f3 de las celdas - PRENSA PAISA\" \/>\n<meta property=\"og:description\" content=\"&#8220;Alias &#8220;Dylan&#8221; o &#8220;chayanne&#8221;, presunto integrante de Los Caparros en El Bagre, fue detenido, nuevamente, porque se hab\u00eda fugado de la Estaci\u00f3n de Polic\u00eda. Las autoridades del Bajo Cauca antioque\u00f1o,&hellip;\" \/>\n<meta property=\"og:url\" content=\"https:\/\/prensapaisa.com\/index.php\/2023\/01\/24\/recapturan-a-un-hombre-que-se-fugo-de-las-celdas\/\" \/>\n<meta property=\"og:site_name\" content=\"PRENSA PAISA\" \/>\n<meta property=\"article:published_time\" content=\"2023-01-24T16:48:08+00:00\" \/>\n<meta property=\"article:modified_time\" content=\"2023-01-24T16:48:09+00:00\" \/>\n<meta property=\"og:image\" content=\"https:\/\/prensapaisa.com\/wp-content\/uploads\/2023\/01\/1-copia-81.jpg\" \/>\n\t<meta property=\"og:image:width\" content=\"960\" \/>\n\t<meta property=\"og:image:height\" content=\"960\" \/>\n\t<meta property=\"og:image:type\" content=\"image\/jpeg\" \/>\n<meta name=\"author\" content=\"noticias@prensapaisa.com\" \/>\n<meta name=\"twitter:card\" content=\"summary_large_image\" \/>\n<meta name=\"twitter:label1\" content=\"Escrito por\" \/>\n\t<meta name=\"twitter:data1\" content=\"noticias@prensapaisa.com\" \/>\n\t<meta name=\"twitter:label2\" content=\"Tiempo de lectura\" \/>\n\t<meta name=\"twitter:data2\" content=\"1 minuto\" \/>\n<script type=\"application\/ld+json\" class=\"yoast-schema-graph\">{\"@context\":\"https:\\\/\\\/schema.org\",\"@graph\":[{\"@type\":\"Article\",\"@id\":\"https:\\\/\\\/prensapaisa.com\\\/index.php\\\/2023\\\/01\\\/24\\\/recapturan-a-un-hombre-que-se-fugo-de-las-celdas\\\/#article\",\"isPartOf\":{\"@id\":\"https:\\\/\\\/prensapaisa.com\\\/index.php\\\/2023\\\/01\\\/24\\\/recapturan-a-un-hombre-que-se-fugo-de-las-celdas\\\/\"},\"author\":{\"name\":\"noticias@prensapaisa.com\",\"@id\":\"https:\\\/\\\/prensapaisa.com\\\/#\\\/schema\\\/person\\\/c5899b8b285dbcd70faec88a7c1579f6\"},\"headline\":\"Recapturan a un hombre que se fug\u00f3 de las celdas\",\"datePublished\":\"2023-01-24T16:48:08+00:00\",\"dateModified\":\"2023-01-24T16:48:09+00:00\",\"mainEntityOfPage\":{\"@id\":\"https:\\\/\\\/prensapaisa.com\\\/index.php\\\/2023\\\/01\\\/24\\\/recapturan-a-un-hombre-que-se-fugo-de-las-celdas\\\/\"},\"wordCount\":160,\"commentCount\":0,\"publisher\":{\"@id\":\"https:\\\/\\\/prensapaisa.com\\\/#organization\"},\"image\":{\"@id\":\"https:\\\/\\\/prensapaisa.com\\\/index.php\\\/2023\\\/01\\\/24\\\/recapturan-a-un-hombre-que-se-fugo-de-las-celdas\\\/#primaryimage\"},\"thumbnailUrl\":\"https:\\\/\\\/prensapaisa.com\\\/wp-content\\\/uploads\\\/2023\\\/01\\\/1-copia-81.jpg\",\"articleSection\":[\"Capturas\"],\"inLanguage\":\"es-CO\",\"potentialAction\":[{\"@type\":\"CommentAction\",\"name\":\"Comment\",\"target\":[\"https:\\\/\\\/prensapaisa.com\\\/index.php\\\/2023\\\/01\\\/24\\\/recapturan-a-un-hombre-que-se-fugo-de-las-celdas\\\/#respond\"]}]},{\"@type\":\"WebPage\",\"@id\":\"https:\\\/\\\/prensapaisa.com\\\/index.php\\\/2023\\\/01\\\/24\\\/recapturan-a-un-hombre-que-se-fugo-de-las-celdas\\\/\",\"url\":\"https:\\\/\\\/prensapaisa.com\\\/index.php\\\/2023\\\/01\\\/24\\\/recapturan-a-un-hombre-que-se-fugo-de-las-celdas\\\/\",\"name\":\"Recapturan a un hombre que se fug\u00f3 de las celdas - PRENSA PAISA\",\"isPartOf\":{\"@id\":\"https:\\\/\\\/prensapaisa.com\\\/#website\"},\"primaryImageOfPage\":{\"@id\":\"https:\\\/\\\/prensapaisa.com\\\/index.php\\\/2023\\\/01\\\/24\\\/recapturan-a-un-hombre-que-se-fugo-de-las-celdas\\\/#primaryimage\"},\"image\":{\"@id\":\"https:\\\/\\\/prensapaisa.com\\\/index.php\\\/2023\\\/01\\\/24\\\/recapturan-a-un-hombre-que-se-fugo-de-las-celdas\\\/#primaryimage\"},\"thumbnailUrl\":\"https:\\\/\\\/prensapaisa.com\\\/wp-content\\\/uploads\\\/2023\\\/01\\\/1-copia-81.jpg\",\"datePublished\":\"2023-01-24T16:48:08+00:00\",\"dateModified\":\"2023-01-24T16:48:09+00:00\",\"breadcrumb\":{\"@id\":\"https:\\\/\\\/prensapaisa.com\\\/index.php\\\/2023\\\/01\\\/24\\\/recapturan-a-un-hombre-que-se-fugo-de-las-celdas\\\/#breadcrumb\"},\"inLanguage\":\"es-CO\",\"potentialAction\":[{\"@type\":\"ReadAction\",\"target\":[\"https:\\\/\\\/prensapaisa.com\\\/index.php\\\/2023\\\/01\\\/24\\\/recapturan-a-un-hombre-que-se-fugo-de-las-celdas\\\/\"]}]},{\"@type\":\"ImageObject\",\"inLanguage\":\"es-CO\",\"@id\":\"https:\\\/\\\/prensapaisa.com\\\/index.php\\\/2023\\\/01\\\/24\\\/recapturan-a-un-hombre-que-se-fugo-de-las-celdas\\\/#primaryimage\",\"url\":\"https:\\\/\\\/prensapaisa.com\\\/wp-content\\\/uploads\\\/2023\\\/01\\\/1-copia-81.jpg\",\"contentUrl\":\"https:\\\/\\\/prensapaisa.com\\\/wp-content\\\/uploads\\\/2023\\\/01\\\/1-copia-81.jpg\",\"width\":960,\"height\":960},{\"@type\":\"BreadcrumbList\",\"@id\":\"https:\\\/\\\/prensapaisa.com\\\/index.php\\\/2023\\\/01\\\/24\\\/recapturan-a-un-hombre-que-se-fugo-de-las-celdas\\\/#breadcrumb\",\"itemListElement\":[{\"@type\":\"ListItem\",\"position\":1,\"name\":\"Inicio\",\"item\":\"https:\\\/\\\/prensapaisa.com\\\/\"},{\"@type\":\"ListItem\",\"position\":2,\"name\":\"Recapturan a un hombre que se fug\u00f3 de las celdas\"}]},{\"@type\":\"WebSite\",\"@id\":\"https:\\\/\\\/prensapaisa.com\\\/#website\",\"url\":\"https:\\\/\\\/prensapaisa.com\\\/\",\"name\":\"PRENSA PAISA\",\"description\":\"Prensa Paisa la Original | Noticias de Medell\u00edn, Antioquia\",\"publisher\":{\"@id\":\"https:\\\/\\\/prensapaisa.com\\\/#organization\"},\"potentialAction\":[{\"@type\":\"SearchAction\",\"target\":{\"@type\":\"EntryPoint\",\"urlTemplate\":\"https:\\\/\\\/prensapaisa.com\\\/?s={search_term_string}\"},\"query-input\":{\"@type\":\"PropertyValueSpecification\",\"valueRequired\":true,\"valueName\":\"search_term_string\"}}],\"inLanguage\":\"es-CO\"},{\"@type\":\"Organization\",\"@id\":\"https:\\\/\\\/prensapaisa.com\\\/#organization\",\"name\":\"PRENSA PAISA\",\"url\":\"https:\\\/\\\/prensapaisa.com\\\/\",\"logo\":{\"@type\":\"ImageObject\",\"inLanguage\":\"es-CO\",\"@id\":\"https:\\\/\\\/prensapaisa.com\\\/#\\\/schema\\\/logo\\\/image\\\/\",\"url\":\"https:\\\/\\\/prensapaisa.com\\\/wp-content\\\/uploads\\\/2022\\\/05\\\/cropped-cropped-prensa.png\",\"contentUrl\":\"https:\\\/\\\/prensapaisa.com\\\/wp-content\\\/uploads\\\/2022\\\/05\\\/cropped-cropped-prensa.png\",\"width\":784,\"height\":524,\"caption\":\"PRENSA PAISA\"},\"image\":{\"@id\":\"https:\\\/\\\/prensapaisa.com\\\/#\\\/schema\\\/logo\\\/image\\\/\"}},{\"@type\":\"Person\",\"@id\":\"https:\\\/\\\/prensapaisa.com\\\/#\\\/schema\\\/person\\\/c5899b8b285dbcd70faec88a7c1579f6\",\"name\":\"noticias@prensapaisa.com\",\"image\":{\"@type\":\"ImageObject\",\"inLanguage\":\"es-CO\",\"@id\":\"https:\\\/\\\/secure.gravatar.com\\\/avatar\\\/ca2b49c1df14b84557c567431f045ea69c8ea5da2da50309fd4de9b811da0433?s=96&d=mm&r=g\",\"url\":\"https:\\\/\\\/secure.gravatar.com\\\/avatar\\\/ca2b49c1df14b84557c567431f045ea69c8ea5da2da50309fd4de9b811da0433?s=96&d=mm&r=g\",\"contentUrl\":\"https:\\\/\\\/secure.gravatar.com\\\/avatar\\\/ca2b49c1df14b84557c567431f045ea69c8ea5da2da50309fd4de9b811da0433?s=96&d=mm&r=g\",\"caption\":\"noticias@prensapaisa.com\"},\"sameAs\":[\"http:\\\/\\\/prensapaisa.com\"],\"url\":\"https:\\\/\\\/prensapaisa.com\\\/index.php\\\/author\\\/prensapaisagmail-com\\\/\"}]}<\/script>\n<!-- \/ Yoast SEO plugin. -->","yoast_head_json":{"title":"Recapturan a un hombre que se fug\u00f3 de las celdas - PRENSA PAISA","robots":{"index":"index","follow":"follow","max-snippet":"max-snippet:-1","max-image-preview":"max-image-preview:large","max-video-preview":"max-video-preview:-1"},"canonical":"https:\/\/prensapaisa.com\/index.php\/2023\/01\/24\/recapturan-a-un-hombre-que-se-fugo-de-las-celdas\/","og_locale":"es_ES","og_type":"article","og_title":"Recapturan a un hombre que se fug\u00f3 de las celdas - PRENSA PAISA","og_description":"&#8220;Alias &#8220;Dylan&#8221; o &#8220;chayanne&#8221;, presunto integrante de Los Caparros en El Bagre, fue detenido, nuevamente, porque se hab\u00eda fugado de la Estaci\u00f3n de Polic\u00eda. Las autoridades del Bajo Cauca antioque\u00f1o,&hellip;","og_url":"https:\/\/prensapaisa.com\/index.php\/2023\/01\/24\/recapturan-a-un-hombre-que-se-fugo-de-las-celdas\/","og_site_name":"PRENSA PAISA","article_published_time":"2023-01-24T16:48:08+00:00","article_modified_time":"2023-01-24T16:48:09+00:00","og_image":[{"width":960,"height":960,"url":"https:\/\/prensapaisa.com\/wp-content\/uploads\/2023\/01\/1-copia-81.jpg","type":"image\/jpeg"}],"author":"noticias@prensapaisa.com","twitter_card":"summary_large_image","twitter_misc":{"Escrito por":"noticias@prensapaisa.com","Tiempo de lectura":"1 minuto"},"schema":{"@context":"https:\/\/schema.org","@graph":[{"@type":"Article","@id":"https:\/\/prensapaisa.com\/index.php\/2023\/01\/24\/recapturan-a-un-hombre-que-se-fugo-de-las-celdas\/#article","isPartOf":{"@id":"https:\/\/prensapaisa.com\/index.php\/2023\/01\/24\/recapturan-a-un-hombre-que-se-fugo-de-las-celdas\/"},"author":{"name":"noticias@prensapaisa.com","@id":"https:\/\/prensapaisa.com\/#\/schema\/person\/c5899b8b285dbcd70faec88a7c1579f6"},"headline":"Recapturan a un hombre que se fug\u00f3 de las celdas","datePublished":"2023-01-24T16:48:08+00:00","dateModified":"2023-01-24T16:48:09+00:00","mainEntityOfPage":{"@id":"https:\/\/prensapaisa.com\/index.php\/2023\/01\/24\/recapturan-a-un-hombre-que-se-fugo-de-las-celdas\/"},"wordCount":160,"commentCount":0,"publisher":{"@id":"https:\/\/prensapaisa.com\/#organization"},"image":{"@id":"https:\/\/prensapaisa.com\/index.php\/2023\/01\/24\/recapturan-a-un-hombre-que-se-fugo-de-las-celdas\/#primaryimage"},"thumbnailUrl":"https:\/\/prensapaisa.com\/wp-content\/uploads\/2023\/01\/1-copia-81.jpg","articleSection":["Capturas"],"inLanguage":"es-CO","potentialAction":[{"@type":"CommentAction","name":"Comment","target":["https:\/\/prensapaisa.com\/index.php\/2023\/01\/24\/recapturan-a-un-hombre-que-se-fugo-de-las-celdas\/#respond"]}]},{"@type":"WebPage","@id":"https:\/\/prensapaisa.com\/index.php\/2023\/01\/24\/recapturan-a-un-hombre-que-se-fugo-de-las-celdas\/","url":"https:\/\/prensapaisa.com\/index.php\/2023\/01\/24\/recapturan-a-un-hombre-que-se-fugo-de-las-celdas\/","name":"Recapturan a un hombre que se fug\u00f3 de las celdas - PRENSA PAISA","isPartOf":{"@id":"https:\/\/prensapaisa.com\/#website"},"primaryImageOfPage":{"@id":"https:\/\/prensapaisa.com\/index.php\/2023\/01\/24\/recapturan-a-un-hombre-que-se-fugo-de-las-celdas\/#primaryimage"},"image":{"@id":"https:\/\/prensapaisa.com\/index.php\/2023\/01\/24\/recapturan-a-un-hombre-que-se-fugo-de-las-celdas\/#primaryimage"},"thumbnailUrl":"https:\/\/prensapaisa.com\/wp-content\/uploads\/2023\/01\/1-copia-81.jpg","datePublished":"2023-01-24T16:48:08+00:00","dateModified":"2023-01-24T16:48:09+00:00","breadcrumb":{"@id":"https:\/\/prensapaisa.com\/index.php\/2023\/01\/24\/recapturan-a-un-hombre-que-se-fugo-de-las-celdas\/#breadcrumb"},"inLanguage":"es-CO","potentialAction":[{"@type":"ReadAction","target":["https:\/\/prensapaisa.com\/index.php\/2023\/01\/24\/recapturan-a-un-hombre-que-se-fugo-de-las-celdas\/"]}]},{"@type":"ImageObject","inLanguage":"es-CO","@id":"https:\/\/prensapaisa.com\/index.php\/2023\/01\/24\/recapturan-a-un-hombre-que-se-fugo-de-las-celdas\/#primaryimage","url":"https:\/\/prensapaisa.com\/wp-content\/uploads\/2023\/01\/1-copia-81.jpg","contentUrl":"https:\/\/prensapaisa.com\/wp-content\/uploads\/2023\/01\/1-copia-81.jpg","width":960,"height":960},{"@type":"BreadcrumbList","@id":"https:\/\/prensapaisa.com\/index.php\/2023\/01\/24\/recapturan-a-un-hombre-que-se-fugo-de-las-celdas\/#breadcrumb","itemListElement":[{"@type":"ListItem","position":1,"name":"Inicio","item":"https:\/\/prensapaisa.com\/"},{"@type":"ListItem","position":2,"name":"Recapturan a un hombre que se fug\u00f3 de las celdas"}]},{"@type":"WebSite","@id":"https:\/\/prensapaisa.com\/#website","url":"https:\/\/prensapaisa.com\/","name":"PRENSA PAISA","description":"Prensa Paisa la Original | Noticias de Medell\u00edn, Antioquia","publisher":{"@id":"https:\/\/prensapaisa.com\/#organization"},"potentialAction":[{"@type":"SearchAction","target":{"@type":"EntryPoint","urlTemplate":"https:\/\/prensapaisa.com\/?s={search_term_string}"},"query-input":{"@type":"PropertyValueSpecification","valueRequired":true,"valueName":"search_term_string"}}],"inLanguage":"es-CO"},{"@type":"Organization","@id":"https:\/\/prensapaisa.com\/#organization","name":"PRENSA PAISA","url":"https:\/\/prensapaisa.com\/","logo":{"@type":"ImageObject","inLanguage":"es-CO","@id":"https:\/\/prensapaisa.com\/#\/schema\/logo\/image\/","url":"https:\/\/prensapaisa.com\/wp-content\/uploads\/2022\/05\/cropped-cropped-prensa.png","contentUrl":"https:\/\/prensapaisa.com\/wp-content\/uploads\/2022\/05\/cropped-cropped-prensa.png","width":784,"height":524,"caption":"PRENSA PAISA"},"image":{"@id":"https:\/\/prensapaisa.com\/#\/schema\/logo\/image\/"}},{"@type":"Person","@id":"https:\/\/prensapaisa.com\/#\/schema\/person\/c5899b8b285dbcd70faec88a7c1579f6","name":"noticias@prensapaisa.com","image":{"@type":"ImageObject","inLanguage":"es-CO","@id":"https:\/\/secure.gravatar.com\/avatar\/ca2b49c1df14b84557c567431f045ea69c8ea5da2da50309fd4de9b811da0433?s=96&d=mm&r=g","url":"https:\/\/secure.gravatar.com\/avatar\/ca2b49c1df14b84557c567431f045ea69c8ea5da2da50309fd4de9b811da0433?s=96&d=mm&r=g","contentUrl":"https:\/\/secure.gravatar.com\/avatar\/ca2b49c1df14b84557c567431f045ea69c8ea5da2da50309fd4de9b811da0433?s=96&d=mm&r=g","caption":"noticias@prensapaisa.com"},"sameAs":["http:\/\/prensapaisa.com"],"url":"https:\/\/prensapaisa.com\/index.php\/author\/prensapaisagmail-com\/"}]}},"_links":{"self":[{"href":"https:\/\/prensapaisa.com\/index.php\/wp-json\/wp\/v2\/posts\/9470","targetHints":{"allow":["GET"]}}],"collection":[{"href":"https:\/\/prensapaisa.com\/index.php\/wp-json\/wp\/v2\/posts"}],"about":[{"href":"https:\/\/prensapaisa.com\/index.php\/wp-json\/wp\/v2\/types\/post"}],"author":[{"embeddable":true,"href":"https:\/\/prensapaisa.com\/index.php\/wp-json\/wp\/v2\/users\/1"}],"replies":[{"embeddable":true,"href":"https:\/\/prensapaisa.com\/index.php\/wp-json\/wp\/v2\/comments?post=9470"}],"version-history":[{"count":1,"href":"https:\/\/prensapaisa.com\/index.php\/wp-json\/wp\/v2\/posts\/9470\/revisions"}],"predecessor-version":[{"id":9472,"href":"https:\/\/prensapaisa.com\/index.php\/wp-json\/wp\/v2\/posts\/9470\/revisions\/9472"}],"wp:featuredmedia":[{"embeddable":true,"href":"https:\/\/prensapaisa.com\/index.php\/wp-json\/wp\/v2\/media\/9471"}],"wp:attachment":[{"href":"https:\/\/prensapaisa.com\/index.php\/wp-json\/wp\/v2\/media?parent=9470"}],"wp:term":[{"taxonomy":"category","embeddable":true,"href":"https:\/\/prensapaisa.com\/index.php\/wp-json\/wp\/v2\/categories?post=9470"},{"taxonomy":"post_tag","embeddable":true,"href":"https:\/\/prensapaisa.com\/index.php\/wp-json\/wp\/v2\/tags?post=9470"}],"curies":[{"name":"wp","href":"https:\/\/api.w.org\/{rel}","templated":true}]}}