{"id":9264,"date":"2023-01-11T15:08:58","date_gmt":"2023-01-11T20:08:58","guid":{"rendered":"https:\/\/prensapaisa.com\/?p=9264"},"modified":"2023-01-12T15:09:08","modified_gmt":"2023-01-12T20:09:08","slug":"la-alcaldia-de-medellin-resalto-que-durante-el-puente-de-reyes-no-hubo-lesionados-por-polvora","status":"publish","type":"post","link":"https:\/\/prensapaisa.com\/index.php\/2023\/01\/11\/la-alcaldia-de-medellin-resalto-que-durante-el-puente-de-reyes-no-hubo-lesionados-por-polvora\/","title":{"rendered":"La Alcald\u00eda de Medell\u00edn resalt\u00f3 que durante el puente de Reyes no hubo lesionados por p\u00f3lvora"},"content":{"rendered":"\n<p>Se recibieron unas 900 llamadas por perturbaci\u00f3n a la tranquilidad, por ruido m\u00e1s que todo y 20 por p\u00f3lvora\u201d, dijo el secretario de Seguridad y Convivencia, Jos\u00e9 Gerardo Acevedo Ossa.<\/p>\n\n\n\n<p>\u201cEste a\u00f1o iniciamos con buenos resultados contra todos los delitos de alto impacto. En total, con reducciones de m\u00e1s del 50 %. Llevamos cinco d\u00edas sin homicidios. En este puente de reyes tuvimos el <a><\/a>acompa\u00f1amiento de 1.100 hombres del ej\u00e9rcito en las entradas de la ciudad. Son reducciones muy importantes.<\/p>\n\n\n\n<p>Las instituciones de salud reportaron 33 lesionados por p\u00f3lvora, 30 de ellos por elementos detonantes y tres con luces. Del total, 15 fueron hospitalizados y 18 casos se manejaron de manera ambulatoria.<\/p>\n\n\n\n<p>\u201cEn comparaci\u00f3n al a\u00f1o anterior en el periodo de vigilancia intensificada, se presenta una disminuci\u00f3n del 13.2 %, es decir, cinco casos menos. 38 casos en 2021-2022 a 32 casos en 2022- 2023\u201d, explic\u00f3 la subsecretaria (e) de Salud P\u00fablica, Rita Almanza.<\/p>\n\n\n\n<p>Seg\u00fan las autoridades, entre el viernes y el lunes pasado se registraron reducciones en todos los delitos: 52 % en lesiones personales producto de ri\u00f1as, 66 % en hurto a personas, 73 % en hurto a residencias, 67 % en hurto a comercio, 40 % en hurto de automotores y 44 % en hurto de motocicletas.<\/p>\n\n\n\n<figure class=\"wp-block-embed is-type-video is-provider-youtube wp-block-embed-youtube wp-embed-aspect-16-9 wp-has-aspect-ratio\"><div class=\"wp-block-embed__wrapper\">\n<iframe title=\"La Alcald\u00eda de Medell\u00edn resalt\u00f3 que durante el puente de Reyes no hubo lesionados por p\u00f3lvora\" width=\"1170\" height=\"658\" src=\"https:\/\/www.youtube.com\/embed\/qTGlfBrQSno?feature=oembed\" frameborder=\"0\" allow=\"accelerometer; autoplay; clipboard-write; encrypted-media; gyroscope; picture-in-picture; web-share\" allowfullscreen><\/iframe>\n<\/div><\/figure>\n","protected":false},"excerpt":{"rendered":"<p>Se recibieron unas 900 llamadas por perturbaci\u00f3n a la tranquilidad, por ruido m\u00e1s que todo y 20 por p\u00f3lvora\u201d, dijo el secretario de Seguridad y Convivencia, Jos\u00e9 Gerardo Acevedo Ossa.&hellip;<\/p>\n","protected":false},"author":1,"featured_media":9265,"comment_status":"open","ping_status":"open","sticky":false,"template":"","format":"standard","meta":{"footnotes":""},"categories":[1],"tags":[],"class_list":["post-9264","post","type-post","status-publish","format-standard","has-post-thumbnail","hentry","category-noticias"],"yoast_head":"<!-- This site is optimized with the Yoast SEO plugin v27.4 - https:\/\/yoast.com\/product\/yoast-seo-wordpress\/ -->\n<title>La Alcald\u00eda de Medell\u00edn resalt\u00f3 que durante el puente de Reyes no hubo lesionados por p\u00f3lvora - PRENSA PAISA<\/title>\n<meta name=\"robots\" content=\"index, follow, max-snippet:-1, max-image-preview:large, max-video-preview:-1\" \/>\n<link rel=\"canonical\" href=\"https:\/\/prensapaisa.com\/index.php\/2023\/01\/11\/la-alcaldia-de-medellin-resalto-que-durante-el-puente-de-reyes-no-hubo-lesionados-por-polvora\/\" \/>\n<meta property=\"og:locale\" content=\"es_ES\" \/>\n<meta property=\"og:type\" content=\"article\" \/>\n<meta property=\"og:title\" content=\"La Alcald\u00eda de Medell\u00edn resalt\u00f3 que durante el puente de Reyes no hubo lesionados por p\u00f3lvora - PRENSA PAISA\" \/>\n<meta property=\"og:description\" content=\"Se recibieron unas 900 llamadas por perturbaci\u00f3n a la tranquilidad, por ruido m\u00e1s que todo y 20 por p\u00f3lvora\u201d, dijo el secretario de Seguridad y Convivencia, Jos\u00e9 Gerardo Acevedo Ossa.&hellip;\" \/>\n<meta property=\"og:url\" content=\"https:\/\/prensapaisa.com\/index.php\/2023\/01\/11\/la-alcaldia-de-medellin-resalto-que-durante-el-puente-de-reyes-no-hubo-lesionados-por-polvora\/\" \/>\n<meta property=\"og:site_name\" content=\"PRENSA PAISA\" \/>\n<meta property=\"article:published_time\" content=\"2023-01-11T20:08:58+00:00\" \/>\n<meta property=\"article:modified_time\" content=\"2023-01-12T20:09:08+00:00\" \/>\n<meta property=\"og:image\" content=\"https:\/\/prensapaisa.com\/wp-content\/uploads\/2023\/01\/633dee8beff2e.r_1665003645302.9-6-694-390-scaled.jpeg\" \/>\n\t<meta property=\"og:image:width\" content=\"2560\" \/>\n\t<meta property=\"og:image:height\" content=\"1707\" \/>\n\t<meta property=\"og:image:type\" content=\"image\/jpeg\" \/>\n<meta name=\"author\" content=\"noticias@prensapaisa.com\" \/>\n<meta name=\"twitter:card\" content=\"summary_large_image\" \/>\n<meta name=\"twitter:label1\" content=\"Escrito por\" \/>\n\t<meta name=\"twitter:data1\" content=\"noticias@prensapaisa.com\" \/>\n\t<meta name=\"twitter:label2\" content=\"Tiempo de lectura\" \/>\n\t<meta name=\"twitter:data2\" content=\"1 minuto\" \/>\n<script type=\"application\/ld+json\" class=\"yoast-schema-graph\">{\"@context\":\"https:\\\/\\\/schema.org\",\"@graph\":[{\"@type\":\"Article\",\"@id\":\"https:\\\/\\\/prensapaisa.com\\\/index.php\\\/2023\\\/01\\\/11\\\/la-alcaldia-de-medellin-resalto-que-durante-el-puente-de-reyes-no-hubo-lesionados-por-polvora\\\/#article\",\"isPartOf\":{\"@id\":\"https:\\\/\\\/prensapaisa.com\\\/index.php\\\/2023\\\/01\\\/11\\\/la-alcaldia-de-medellin-resalto-que-durante-el-puente-de-reyes-no-hubo-lesionados-por-polvora\\\/\"},\"author\":{\"name\":\"noticias@prensapaisa.com\",\"@id\":\"https:\\\/\\\/prensapaisa.com\\\/#\\\/schema\\\/person\\\/c5899b8b285dbcd70faec88a7c1579f6\"},\"headline\":\"La Alcald\u00eda de Medell\u00edn resalt\u00f3 que durante el puente de Reyes no hubo lesionados por p\u00f3lvora\",\"datePublished\":\"2023-01-11T20:08:58+00:00\",\"dateModified\":\"2023-01-12T20:09:08+00:00\",\"mainEntityOfPage\":{\"@id\":\"https:\\\/\\\/prensapaisa.com\\\/index.php\\\/2023\\\/01\\\/11\\\/la-alcaldia-de-medellin-resalto-que-durante-el-puente-de-reyes-no-hubo-lesionados-por-polvora\\\/\"},\"wordCount\":222,\"commentCount\":0,\"publisher\":{\"@id\":\"https:\\\/\\\/prensapaisa.com\\\/#organization\"},\"image\":{\"@id\":\"https:\\\/\\\/prensapaisa.com\\\/index.php\\\/2023\\\/01\\\/11\\\/la-alcaldia-de-medellin-resalto-que-durante-el-puente-de-reyes-no-hubo-lesionados-por-polvora\\\/#primaryimage\"},\"thumbnailUrl\":\"https:\\\/\\\/prensapaisa.com\\\/wp-content\\\/uploads\\\/2023\\\/01\\\/633dee8beff2e.r_1665003645302.9-6-694-390-scaled.jpeg\",\"articleSection\":[\"Noticias\"],\"inLanguage\":\"es-CO\",\"potentialAction\":[{\"@type\":\"CommentAction\",\"name\":\"Comment\",\"target\":[\"https:\\\/\\\/prensapaisa.com\\\/index.php\\\/2023\\\/01\\\/11\\\/la-alcaldia-de-medellin-resalto-que-durante-el-puente-de-reyes-no-hubo-lesionados-por-polvora\\\/#respond\"]}]},{\"@type\":\"WebPage\",\"@id\":\"https:\\\/\\\/prensapaisa.com\\\/index.php\\\/2023\\\/01\\\/11\\\/la-alcaldia-de-medellin-resalto-que-durante-el-puente-de-reyes-no-hubo-lesionados-por-polvora\\\/\",\"url\":\"https:\\\/\\\/prensapaisa.com\\\/index.php\\\/2023\\\/01\\\/11\\\/la-alcaldia-de-medellin-resalto-que-durante-el-puente-de-reyes-no-hubo-lesionados-por-polvora\\\/\",\"name\":\"La Alcald\u00eda de Medell\u00edn resalt\u00f3 que durante el puente de Reyes no hubo lesionados por p\u00f3lvora - PRENSA PAISA\",\"isPartOf\":{\"@id\":\"https:\\\/\\\/prensapaisa.com\\\/#website\"},\"primaryImageOfPage\":{\"@id\":\"https:\\\/\\\/prensapaisa.com\\\/index.php\\\/2023\\\/01\\\/11\\\/la-alcaldia-de-medellin-resalto-que-durante-el-puente-de-reyes-no-hubo-lesionados-por-polvora\\\/#primaryimage\"},\"image\":{\"@id\":\"https:\\\/\\\/prensapaisa.com\\\/index.php\\\/2023\\\/01\\\/11\\\/la-alcaldia-de-medellin-resalto-que-durante-el-puente-de-reyes-no-hubo-lesionados-por-polvora\\\/#primaryimage\"},\"thumbnailUrl\":\"https:\\\/\\\/prensapaisa.com\\\/wp-content\\\/uploads\\\/2023\\\/01\\\/633dee8beff2e.r_1665003645302.9-6-694-390-scaled.jpeg\",\"datePublished\":\"2023-01-11T20:08:58+00:00\",\"dateModified\":\"2023-01-12T20:09:08+00:00\",\"breadcrumb\":{\"@id\":\"https:\\\/\\\/prensapaisa.com\\\/index.php\\\/2023\\\/01\\\/11\\\/la-alcaldia-de-medellin-resalto-que-durante-el-puente-de-reyes-no-hubo-lesionados-por-polvora\\\/#breadcrumb\"},\"inLanguage\":\"es-CO\",\"potentialAction\":[{\"@type\":\"ReadAction\",\"target\":[\"https:\\\/\\\/prensapaisa.com\\\/index.php\\\/2023\\\/01\\\/11\\\/la-alcaldia-de-medellin-resalto-que-durante-el-puente-de-reyes-no-hubo-lesionados-por-polvora\\\/\"]}]},{\"@type\":\"ImageObject\",\"inLanguage\":\"es-CO\",\"@id\":\"https:\\\/\\\/prensapaisa.com\\\/index.php\\\/2023\\\/01\\\/11\\\/la-alcaldia-de-medellin-resalto-que-durante-el-puente-de-reyes-no-hubo-lesionados-por-polvora\\\/#primaryimage\",\"url\":\"https:\\\/\\\/prensapaisa.com\\\/wp-content\\\/uploads\\\/2023\\\/01\\\/633dee8beff2e.r_1665003645302.9-6-694-390-scaled.jpeg\",\"contentUrl\":\"https:\\\/\\\/prensapaisa.com\\\/wp-content\\\/uploads\\\/2023\\\/01\\\/633dee8beff2e.r_1665003645302.9-6-694-390-scaled.jpeg\",\"width\":2560,\"height\":1707},{\"@type\":\"BreadcrumbList\",\"@id\":\"https:\\\/\\\/prensapaisa.com\\\/index.php\\\/2023\\\/01\\\/11\\\/la-alcaldia-de-medellin-resalto-que-durante-el-puente-de-reyes-no-hubo-lesionados-por-polvora\\\/#breadcrumb\",\"itemListElement\":[{\"@type\":\"ListItem\",\"position\":1,\"name\":\"Inicio\",\"item\":\"https:\\\/\\\/prensapaisa.com\\\/\"},{\"@type\":\"ListItem\",\"position\":2,\"name\":\"La Alcald\u00eda de Medell\u00edn resalt\u00f3 que durante el puente de Reyes no hubo lesionados por p\u00f3lvora\"}]},{\"@type\":\"WebSite\",\"@id\":\"https:\\\/\\\/prensapaisa.com\\\/#website\",\"url\":\"https:\\\/\\\/prensapaisa.com\\\/\",\"name\":\"PRENSA PAISA\",\"description\":\"Prensa Paisa la Original | Noticias de Medell\u00edn, Antioquia\",\"publisher\":{\"@id\":\"https:\\\/\\\/prensapaisa.com\\\/#organization\"},\"potentialAction\":[{\"@type\":\"SearchAction\",\"target\":{\"@type\":\"EntryPoint\",\"urlTemplate\":\"https:\\\/\\\/prensapaisa.com\\\/?s={search_term_string}\"},\"query-input\":{\"@type\":\"PropertyValueSpecification\",\"valueRequired\":true,\"valueName\":\"search_term_string\"}}],\"inLanguage\":\"es-CO\"},{\"@type\":\"Organization\",\"@id\":\"https:\\\/\\\/prensapaisa.com\\\/#organization\",\"name\":\"PRENSA PAISA\",\"url\":\"https:\\\/\\\/prensapaisa.com\\\/\",\"logo\":{\"@type\":\"ImageObject\",\"inLanguage\":\"es-CO\",\"@id\":\"https:\\\/\\\/prensapaisa.com\\\/#\\\/schema\\\/logo\\\/image\\\/\",\"url\":\"https:\\\/\\\/prensapaisa.com\\\/wp-content\\\/uploads\\\/2022\\\/05\\\/cropped-cropped-prensa.png\",\"contentUrl\":\"https:\\\/\\\/prensapaisa.com\\\/wp-content\\\/uploads\\\/2022\\\/05\\\/cropped-cropped-prensa.png\",\"width\":784,\"height\":524,\"caption\":\"PRENSA PAISA\"},\"image\":{\"@id\":\"https:\\\/\\\/prensapaisa.com\\\/#\\\/schema\\\/logo\\\/image\\\/\"}},{\"@type\":\"Person\",\"@id\":\"https:\\\/\\\/prensapaisa.com\\\/#\\\/schema\\\/person\\\/c5899b8b285dbcd70faec88a7c1579f6\",\"name\":\"noticias@prensapaisa.com\",\"image\":{\"@type\":\"ImageObject\",\"inLanguage\":\"es-CO\",\"@id\":\"https:\\\/\\\/secure.gravatar.com\\\/avatar\\\/ca2b49c1df14b84557c567431f045ea69c8ea5da2da50309fd4de9b811da0433?s=96&d=mm&r=g\",\"url\":\"https:\\\/\\\/secure.gravatar.com\\\/avatar\\\/ca2b49c1df14b84557c567431f045ea69c8ea5da2da50309fd4de9b811da0433?s=96&d=mm&r=g\",\"contentUrl\":\"https:\\\/\\\/secure.gravatar.com\\\/avatar\\\/ca2b49c1df14b84557c567431f045ea69c8ea5da2da50309fd4de9b811da0433?s=96&d=mm&r=g\",\"caption\":\"noticias@prensapaisa.com\"},\"sameAs\":[\"http:\\\/\\\/prensapaisa.com\"],\"url\":\"https:\\\/\\\/prensapaisa.com\\\/index.php\\\/author\\\/prensapaisagmail-com\\\/\"}]}<\/script>\n<!-- \/ Yoast SEO plugin. -->","yoast_head_json":{"title":"La Alcald\u00eda de Medell\u00edn resalt\u00f3 que durante el puente de Reyes no hubo lesionados por p\u00f3lvora - PRENSA PAISA","robots":{"index":"index","follow":"follow","max-snippet":"max-snippet:-1","max-image-preview":"max-image-preview:large","max-video-preview":"max-video-preview:-1"},"canonical":"https:\/\/prensapaisa.com\/index.php\/2023\/01\/11\/la-alcaldia-de-medellin-resalto-que-durante-el-puente-de-reyes-no-hubo-lesionados-por-polvora\/","og_locale":"es_ES","og_type":"article","og_title":"La Alcald\u00eda de Medell\u00edn resalt\u00f3 que durante el puente de Reyes no hubo lesionados por p\u00f3lvora - PRENSA PAISA","og_description":"Se recibieron unas 900 llamadas por perturbaci\u00f3n a la tranquilidad, por ruido m\u00e1s que todo y 20 por p\u00f3lvora\u201d, dijo el secretario de Seguridad y Convivencia, Jos\u00e9 Gerardo Acevedo Ossa.&hellip;","og_url":"https:\/\/prensapaisa.com\/index.php\/2023\/01\/11\/la-alcaldia-de-medellin-resalto-que-durante-el-puente-de-reyes-no-hubo-lesionados-por-polvora\/","og_site_name":"PRENSA PAISA","article_published_time":"2023-01-11T20:08:58+00:00","article_modified_time":"2023-01-12T20:09:08+00:00","og_image":[{"width":2560,"height":1707,"url":"https:\/\/prensapaisa.com\/wp-content\/uploads\/2023\/01\/633dee8beff2e.r_1665003645302.9-6-694-390-scaled.jpeg","type":"image\/jpeg"}],"author":"noticias@prensapaisa.com","twitter_card":"summary_large_image","twitter_misc":{"Escrito por":"noticias@prensapaisa.com","Tiempo de lectura":"1 minuto"},"schema":{"@context":"https:\/\/schema.org","@graph":[{"@type":"Article","@id":"https:\/\/prensapaisa.com\/index.php\/2023\/01\/11\/la-alcaldia-de-medellin-resalto-que-durante-el-puente-de-reyes-no-hubo-lesionados-por-polvora\/#article","isPartOf":{"@id":"https:\/\/prensapaisa.com\/index.php\/2023\/01\/11\/la-alcaldia-de-medellin-resalto-que-durante-el-puente-de-reyes-no-hubo-lesionados-por-polvora\/"},"author":{"name":"noticias@prensapaisa.com","@id":"https:\/\/prensapaisa.com\/#\/schema\/person\/c5899b8b285dbcd70faec88a7c1579f6"},"headline":"La Alcald\u00eda de Medell\u00edn resalt\u00f3 que durante el puente de Reyes no hubo lesionados por p\u00f3lvora","datePublished":"2023-01-11T20:08:58+00:00","dateModified":"2023-01-12T20:09:08+00:00","mainEntityOfPage":{"@id":"https:\/\/prensapaisa.com\/index.php\/2023\/01\/11\/la-alcaldia-de-medellin-resalto-que-durante-el-puente-de-reyes-no-hubo-lesionados-por-polvora\/"},"wordCount":222,"commentCount":0,"publisher":{"@id":"https:\/\/prensapaisa.com\/#organization"},"image":{"@id":"https:\/\/prensapaisa.com\/index.php\/2023\/01\/11\/la-alcaldia-de-medellin-resalto-que-durante-el-puente-de-reyes-no-hubo-lesionados-por-polvora\/#primaryimage"},"thumbnailUrl":"https:\/\/prensapaisa.com\/wp-content\/uploads\/2023\/01\/633dee8beff2e.r_1665003645302.9-6-694-390-scaled.jpeg","articleSection":["Noticias"],"inLanguage":"es-CO","potentialAction":[{"@type":"CommentAction","name":"Comment","target":["https:\/\/prensapaisa.com\/index.php\/2023\/01\/11\/la-alcaldia-de-medellin-resalto-que-durante-el-puente-de-reyes-no-hubo-lesionados-por-polvora\/#respond"]}]},{"@type":"WebPage","@id":"https:\/\/prensapaisa.com\/index.php\/2023\/01\/11\/la-alcaldia-de-medellin-resalto-que-durante-el-puente-de-reyes-no-hubo-lesionados-por-polvora\/","url":"https:\/\/prensapaisa.com\/index.php\/2023\/01\/11\/la-alcaldia-de-medellin-resalto-que-durante-el-puente-de-reyes-no-hubo-lesionados-por-polvora\/","name":"La Alcald\u00eda de Medell\u00edn resalt\u00f3 que durante el puente de Reyes no hubo lesionados por p\u00f3lvora - PRENSA PAISA","isPartOf":{"@id":"https:\/\/prensapaisa.com\/#website"},"primaryImageOfPage":{"@id":"https:\/\/prensapaisa.com\/index.php\/2023\/01\/11\/la-alcaldia-de-medellin-resalto-que-durante-el-puente-de-reyes-no-hubo-lesionados-por-polvora\/#primaryimage"},"image":{"@id":"https:\/\/prensapaisa.com\/index.php\/2023\/01\/11\/la-alcaldia-de-medellin-resalto-que-durante-el-puente-de-reyes-no-hubo-lesionados-por-polvora\/#primaryimage"},"thumbnailUrl":"https:\/\/prensapaisa.com\/wp-content\/uploads\/2023\/01\/633dee8beff2e.r_1665003645302.9-6-694-390-scaled.jpeg","datePublished":"2023-01-11T20:08:58+00:00","dateModified":"2023-01-12T20:09:08+00:00","breadcrumb":{"@id":"https:\/\/prensapaisa.com\/index.php\/2023\/01\/11\/la-alcaldia-de-medellin-resalto-que-durante-el-puente-de-reyes-no-hubo-lesionados-por-polvora\/#breadcrumb"},"inLanguage":"es-CO","potentialAction":[{"@type":"ReadAction","target":["https:\/\/prensapaisa.com\/index.php\/2023\/01\/11\/la-alcaldia-de-medellin-resalto-que-durante-el-puente-de-reyes-no-hubo-lesionados-por-polvora\/"]}]},{"@type":"ImageObject","inLanguage":"es-CO","@id":"https:\/\/prensapaisa.com\/index.php\/2023\/01\/11\/la-alcaldia-de-medellin-resalto-que-durante-el-puente-de-reyes-no-hubo-lesionados-por-polvora\/#primaryimage","url":"https:\/\/prensapaisa.com\/wp-content\/uploads\/2023\/01\/633dee8beff2e.r_1665003645302.9-6-694-390-scaled.jpeg","contentUrl":"https:\/\/prensapaisa.com\/wp-content\/uploads\/2023\/01\/633dee8beff2e.r_1665003645302.9-6-694-390-scaled.jpeg","width":2560,"height":1707},{"@type":"BreadcrumbList","@id":"https:\/\/prensapaisa.com\/index.php\/2023\/01\/11\/la-alcaldia-de-medellin-resalto-que-durante-el-puente-de-reyes-no-hubo-lesionados-por-polvora\/#breadcrumb","itemListElement":[{"@type":"ListItem","position":1,"name":"Inicio","item":"https:\/\/prensapaisa.com\/"},{"@type":"ListItem","position":2,"name":"La Alcald\u00eda de Medell\u00edn resalt\u00f3 que durante el puente de Reyes no hubo lesionados por p\u00f3lvora"}]},{"@type":"WebSite","@id":"https:\/\/prensapaisa.com\/#website","url":"https:\/\/prensapaisa.com\/","name":"PRENSA PAISA","description":"Prensa Paisa la Original | Noticias de Medell\u00edn, Antioquia","publisher":{"@id":"https:\/\/prensapaisa.com\/#organization"},"potentialAction":[{"@type":"SearchAction","target":{"@type":"EntryPoint","urlTemplate":"https:\/\/prensapaisa.com\/?s={search_term_string}"},"query-input":{"@type":"PropertyValueSpecification","valueRequired":true,"valueName":"search_term_string"}}],"inLanguage":"es-CO"},{"@type":"Organization","@id":"https:\/\/prensapaisa.com\/#organization","name":"PRENSA PAISA","url":"https:\/\/prensapaisa.com\/","logo":{"@type":"ImageObject","inLanguage":"es-CO","@id":"https:\/\/prensapaisa.com\/#\/schema\/logo\/image\/","url":"https:\/\/prensapaisa.com\/wp-content\/uploads\/2022\/05\/cropped-cropped-prensa.png","contentUrl":"https:\/\/prensapaisa.com\/wp-content\/uploads\/2022\/05\/cropped-cropped-prensa.png","width":784,"height":524,"caption":"PRENSA PAISA"},"image":{"@id":"https:\/\/prensapaisa.com\/#\/schema\/logo\/image\/"}},{"@type":"Person","@id":"https:\/\/prensapaisa.com\/#\/schema\/person\/c5899b8b285dbcd70faec88a7c1579f6","name":"noticias@prensapaisa.com","image":{"@type":"ImageObject","inLanguage":"es-CO","@id":"https:\/\/secure.gravatar.com\/avatar\/ca2b49c1df14b84557c567431f045ea69c8ea5da2da50309fd4de9b811da0433?s=96&d=mm&r=g","url":"https:\/\/secure.gravatar.com\/avatar\/ca2b49c1df14b84557c567431f045ea69c8ea5da2da50309fd4de9b811da0433?s=96&d=mm&r=g","contentUrl":"https:\/\/secure.gravatar.com\/avatar\/ca2b49c1df14b84557c567431f045ea69c8ea5da2da50309fd4de9b811da0433?s=96&d=mm&r=g","caption":"noticias@prensapaisa.com"},"sameAs":["http:\/\/prensapaisa.com"],"url":"https:\/\/prensapaisa.com\/index.php\/author\/prensapaisagmail-com\/"}]}},"_links":{"self":[{"href":"https:\/\/prensapaisa.com\/index.php\/wp-json\/wp\/v2\/posts\/9264","targetHints":{"allow":["GET"]}}],"collection":[{"href":"https:\/\/prensapaisa.com\/index.php\/wp-json\/wp\/v2\/posts"}],"about":[{"href":"https:\/\/prensapaisa.com\/index.php\/wp-json\/wp\/v2\/types\/post"}],"author":[{"embeddable":true,"href":"https:\/\/prensapaisa.com\/index.php\/wp-json\/wp\/v2\/users\/1"}],"replies":[{"embeddable":true,"href":"https:\/\/prensapaisa.com\/index.php\/wp-json\/wp\/v2\/comments?post=9264"}],"version-history":[{"count":1,"href":"https:\/\/prensapaisa.com\/index.php\/wp-json\/wp\/v2\/posts\/9264\/revisions"}],"predecessor-version":[{"id":9266,"href":"https:\/\/prensapaisa.com\/index.php\/wp-json\/wp\/v2\/posts\/9264\/revisions\/9266"}],"wp:featuredmedia":[{"embeddable":true,"href":"https:\/\/prensapaisa.com\/index.php\/wp-json\/wp\/v2\/media\/9265"}],"wp:attachment":[{"href":"https:\/\/prensapaisa.com\/index.php\/wp-json\/wp\/v2\/media?parent=9264"}],"wp:term":[{"taxonomy":"category","embeddable":true,"href":"https:\/\/prensapaisa.com\/index.php\/wp-json\/wp\/v2\/categories?post=9264"},{"taxonomy":"post_tag","embeddable":true,"href":"https:\/\/prensapaisa.com\/index.php\/wp-json\/wp\/v2\/tags?post=9264"}],"curies":[{"name":"wp","href":"https:\/\/api.w.org\/{rel}","templated":true}]}}