{"id":9252,"date":"2023-01-12T14:56:30","date_gmt":"2023-01-12T19:56:30","guid":{"rendered":"https:\/\/prensapaisa.com\/?p=9252"},"modified":"2023-01-12T14:56:30","modified_gmt":"2023-01-12T19:56:30","slug":"300-venteros-informales-se-beneficiaron-con-los-alumbrados-navidenos-mas-visitados-en-la-historia-paisa","status":"publish","type":"post","link":"https:\/\/prensapaisa.com\/index.php\/2023\/01\/12\/300-venteros-informales-se-beneficiaron-con-los-alumbrados-navidenos-mas-visitados-en-la-historia-paisa\/","title":{"rendered":"300 venteros informales se beneficiaron con los alumbrados navide\u00f1os m\u00e1s visitados en la historia Paisa"},"content":{"rendered":"\n<p>&#8220;Con un positivo balance para 300 venteros informales, que resultaron favorecidos con el sorteo de puestos, ubicados en el corredor de alumbrados navide\u00f1os y 700 venteros m\u00e1s, situados en los alrededores, regulados y sensibilizados por la Administraci\u00f3n Distrital, termina la temporada con m\u00e1s visitantes en la historia de este evento de fin de a\u00f1o.<\/p>\n\n\n\n<p>Se estima que la ciudad ha <a><\/a>recibido unos 4.9 millones de personas. Se cuenta con m\u00e1s de 450 integrantes de la Polic\u00eda Metropolitana, del Dagrd y de las secretar\u00edas de Seguridad y Convivencia, Gobierno, Movilidad, Inclusi\u00f3n Social, Familia y Derechos Humanos, Salud, Participaci\u00f3n Ciudadana, Cultura, entre otras.<\/p>\n\n\n\n<p>Todos los d\u00edas, a partir de las 3:00 p. m., se realizan operativos con apoyo de la Polic\u00eda Nacional y coordinados desde un Puesto de Mando Unificado.<\/p>\n\n\n\n<p>La asignaci\u00f3n se hizo mediante sorteo entre los venteros que participaron en los procesos de formalizaci\u00f3n, caracterizaci\u00f3n, sensibilizaci\u00f3n y validaci\u00f3n adelantados en los \u00faltimos tres a\u00f1os, adem\u00e1s de los estudios socioecon\u00f3micos para priorizar a los m\u00e1s vulnerables, cabezas de familia y desempleados de estratos 1, 2 y 3.<\/p>\n\n\n\n<p>A todos los aspirantes se les pidi\u00f3 \u201cCurso de Manipulaci\u00f3n de Alimentos\u201d, una garant\u00eda avalada por la Secretar\u00eda de Salud. As\u00ed mismo, se adelantan monitoreos para mantener la salubridad de la comida.<\/p>\n\n\n\n<p>Adem\u00e1s, con operaci\u00f3n ininterrumpida, Emvarias Grupo EPM ha garantizado que los visitantes del alumbrado navide\u00f1o en el corredor del r\u00edo Medell\u00edn, Parques del R\u00edo y la Zona Norte disfruten de espacios p\u00fablicos tan brillantes como el espect\u00e1culo de luz que ofrece la Administraci\u00f3n Distrital a la ciudad y el mundo hasta el 15 de enero.<\/p>\n\n\n\n<p>Esta labor se realiza antes, durante y despu\u00e9s con \u00e9nfasis en las noches y un equipo de 70 operarios de barrido, recolectores y supervisores en una gesti\u00f3n que diariamente alcanza la captaci\u00f3n de cuatro toneladas de basuras aproximadamente, la cual se complementa con lavado y barrido mec\u00e1nico en los corredores donde es necesario. As\u00ed mismo, la entidad instal\u00f3 m\u00e1s de 100 puntos para la disposici\u00f3n de residuos mientras los visitantes disfrutan de los recorridos&#8221;.<\/p>\n\n\n\n<figure class=\"wp-block-embed is-type-video is-provider-youtube wp-block-embed-youtube wp-embed-aspect-16-9 wp-has-aspect-ratio\"><div class=\"wp-block-embed__wrapper\">\n<iframe title=\"300 venteros informales se beneficiaron con los alumbrados navide\u00f1os\" width=\"1170\" height=\"658\" src=\"https:\/\/www.youtube.com\/embed\/-3hTE5hWYuQ?feature=oembed\" frameborder=\"0\" allow=\"accelerometer; autoplay; clipboard-write; encrypted-media; gyroscope; picture-in-picture; web-share\" allowfullscreen><\/iframe>\n<\/div><\/figure>\n","protected":false},"excerpt":{"rendered":"<p>&#8220;Con un positivo balance para 300 venteros informales, que resultaron favorecidos con el sorteo de puestos, ubicados en el corredor de alumbrados navide\u00f1os y 700 venteros m\u00e1s, situados en los&hellip;<\/p>\n","protected":false},"author":1,"featured_media":9253,"comment_status":"open","ping_status":"open","sticky":false,"template":"","format":"standard","meta":{"footnotes":""},"categories":[1],"tags":[],"class_list":["post-9252","post","type-post","status-publish","format-standard","has-post-thumbnail","hentry","category-noticias"],"yoast_head":"<!-- This site is optimized with the Yoast SEO plugin v27.4 - https:\/\/yoast.com\/product\/yoast-seo-wordpress\/ -->\n<title>300 venteros informales se beneficiaron con los alumbrados navide\u00f1os m\u00e1s visitados en la historia Paisa - PRENSA PAISA<\/title>\n<meta name=\"robots\" content=\"index, follow, max-snippet:-1, max-image-preview:large, max-video-preview:-1\" \/>\n<link rel=\"canonical\" href=\"https:\/\/prensapaisa.com\/index.php\/2023\/01\/12\/300-venteros-informales-se-beneficiaron-con-los-alumbrados-navidenos-mas-visitados-en-la-historia-paisa\/\" \/>\n<meta property=\"og:locale\" content=\"es_ES\" \/>\n<meta property=\"og:type\" content=\"article\" \/>\n<meta property=\"og:title\" content=\"300 venteros informales se beneficiaron con los alumbrados navide\u00f1os m\u00e1s visitados en la historia Paisa - PRENSA PAISA\" \/>\n<meta property=\"og:description\" content=\"&#8220;Con un positivo balance para 300 venteros informales, que resultaron favorecidos con el sorteo de puestos, ubicados en el corredor de alumbrados navide\u00f1os y 700 venteros m\u00e1s, situados en los&hellip;\" \/>\n<meta property=\"og:url\" content=\"https:\/\/prensapaisa.com\/index.php\/2023\/01\/12\/300-venteros-informales-se-beneficiaron-con-los-alumbrados-navidenos-mas-visitados-en-la-historia-paisa\/\" \/>\n<meta property=\"og:site_name\" content=\"PRENSA PAISA\" \/>\n<meta property=\"article:published_time\" content=\"2023-01-12T19:56:30+00:00\" \/>\n<meta property=\"og:image\" content=\"https:\/\/prensapaisa.com\/wp-content\/uploads\/2023\/01\/1-copia-31.jpg\" \/>\n\t<meta property=\"og:image:width\" content=\"1280\" \/>\n\t<meta property=\"og:image:height\" content=\"720\" \/>\n\t<meta property=\"og:image:type\" content=\"image\/jpeg\" \/>\n<meta name=\"author\" content=\"noticias@prensapaisa.com\" \/>\n<meta name=\"twitter:card\" content=\"summary_large_image\" \/>\n<meta name=\"twitter:label1\" content=\"Escrito por\" \/>\n\t<meta name=\"twitter:data1\" content=\"noticias@prensapaisa.com\" \/>\n\t<meta name=\"twitter:label2\" content=\"Tiempo de lectura\" \/>\n\t<meta name=\"twitter:data2\" content=\"2 minutos\" \/>\n<script type=\"application\/ld+json\" class=\"yoast-schema-graph\">{\"@context\":\"https:\\\/\\\/schema.org\",\"@graph\":[{\"@type\":\"Article\",\"@id\":\"https:\\\/\\\/prensapaisa.com\\\/index.php\\\/2023\\\/01\\\/12\\\/300-venteros-informales-se-beneficiaron-con-los-alumbrados-navidenos-mas-visitados-en-la-historia-paisa\\\/#article\",\"isPartOf\":{\"@id\":\"https:\\\/\\\/prensapaisa.com\\\/index.php\\\/2023\\\/01\\\/12\\\/300-venteros-informales-se-beneficiaron-con-los-alumbrados-navidenos-mas-visitados-en-la-historia-paisa\\\/\"},\"author\":{\"name\":\"noticias@prensapaisa.com\",\"@id\":\"https:\\\/\\\/prensapaisa.com\\\/#\\\/schema\\\/person\\\/c5899b8b285dbcd70faec88a7c1579f6\"},\"headline\":\"300 venteros informales se beneficiaron con los alumbrados navide\u00f1os m\u00e1s visitados en la historia Paisa\",\"datePublished\":\"2023-01-12T19:56:30+00:00\",\"mainEntityOfPage\":{\"@id\":\"https:\\\/\\\/prensapaisa.com\\\/index.php\\\/2023\\\/01\\\/12\\\/300-venteros-informales-se-beneficiaron-con-los-alumbrados-navidenos-mas-visitados-en-la-historia-paisa\\\/\"},\"wordCount\":387,\"commentCount\":0,\"publisher\":{\"@id\":\"https:\\\/\\\/prensapaisa.com\\\/#organization\"},\"image\":{\"@id\":\"https:\\\/\\\/prensapaisa.com\\\/index.php\\\/2023\\\/01\\\/12\\\/300-venteros-informales-se-beneficiaron-con-los-alumbrados-navidenos-mas-visitados-en-la-historia-paisa\\\/#primaryimage\"},\"thumbnailUrl\":\"https:\\\/\\\/prensapaisa.com\\\/wp-content\\\/uploads\\\/2023\\\/01\\\/1-copia-31.jpg\",\"articleSection\":[\"Noticias\"],\"inLanguage\":\"es-CO\",\"potentialAction\":[{\"@type\":\"CommentAction\",\"name\":\"Comment\",\"target\":[\"https:\\\/\\\/prensapaisa.com\\\/index.php\\\/2023\\\/01\\\/12\\\/300-venteros-informales-se-beneficiaron-con-los-alumbrados-navidenos-mas-visitados-en-la-historia-paisa\\\/#respond\"]}]},{\"@type\":\"WebPage\",\"@id\":\"https:\\\/\\\/prensapaisa.com\\\/index.php\\\/2023\\\/01\\\/12\\\/300-venteros-informales-se-beneficiaron-con-los-alumbrados-navidenos-mas-visitados-en-la-historia-paisa\\\/\",\"url\":\"https:\\\/\\\/prensapaisa.com\\\/index.php\\\/2023\\\/01\\\/12\\\/300-venteros-informales-se-beneficiaron-con-los-alumbrados-navidenos-mas-visitados-en-la-historia-paisa\\\/\",\"name\":\"300 venteros informales se beneficiaron con los alumbrados navide\u00f1os m\u00e1s visitados en la historia Paisa - PRENSA PAISA\",\"isPartOf\":{\"@id\":\"https:\\\/\\\/prensapaisa.com\\\/#website\"},\"primaryImageOfPage\":{\"@id\":\"https:\\\/\\\/prensapaisa.com\\\/index.php\\\/2023\\\/01\\\/12\\\/300-venteros-informales-se-beneficiaron-con-los-alumbrados-navidenos-mas-visitados-en-la-historia-paisa\\\/#primaryimage\"},\"image\":{\"@id\":\"https:\\\/\\\/prensapaisa.com\\\/index.php\\\/2023\\\/01\\\/12\\\/300-venteros-informales-se-beneficiaron-con-los-alumbrados-navidenos-mas-visitados-en-la-historia-paisa\\\/#primaryimage\"},\"thumbnailUrl\":\"https:\\\/\\\/prensapaisa.com\\\/wp-content\\\/uploads\\\/2023\\\/01\\\/1-copia-31.jpg\",\"datePublished\":\"2023-01-12T19:56:30+00:00\",\"breadcrumb\":{\"@id\":\"https:\\\/\\\/prensapaisa.com\\\/index.php\\\/2023\\\/01\\\/12\\\/300-venteros-informales-se-beneficiaron-con-los-alumbrados-navidenos-mas-visitados-en-la-historia-paisa\\\/#breadcrumb\"},\"inLanguage\":\"es-CO\",\"potentialAction\":[{\"@type\":\"ReadAction\",\"target\":[\"https:\\\/\\\/prensapaisa.com\\\/index.php\\\/2023\\\/01\\\/12\\\/300-venteros-informales-se-beneficiaron-con-los-alumbrados-navidenos-mas-visitados-en-la-historia-paisa\\\/\"]}]},{\"@type\":\"ImageObject\",\"inLanguage\":\"es-CO\",\"@id\":\"https:\\\/\\\/prensapaisa.com\\\/index.php\\\/2023\\\/01\\\/12\\\/300-venteros-informales-se-beneficiaron-con-los-alumbrados-navidenos-mas-visitados-en-la-historia-paisa\\\/#primaryimage\",\"url\":\"https:\\\/\\\/prensapaisa.com\\\/wp-content\\\/uploads\\\/2023\\\/01\\\/1-copia-31.jpg\",\"contentUrl\":\"https:\\\/\\\/prensapaisa.com\\\/wp-content\\\/uploads\\\/2023\\\/01\\\/1-copia-31.jpg\",\"width\":1280,\"height\":720},{\"@type\":\"BreadcrumbList\",\"@id\":\"https:\\\/\\\/prensapaisa.com\\\/index.php\\\/2023\\\/01\\\/12\\\/300-venteros-informales-se-beneficiaron-con-los-alumbrados-navidenos-mas-visitados-en-la-historia-paisa\\\/#breadcrumb\",\"itemListElement\":[{\"@type\":\"ListItem\",\"position\":1,\"name\":\"Inicio\",\"item\":\"https:\\\/\\\/prensapaisa.com\\\/\"},{\"@type\":\"ListItem\",\"position\":2,\"name\":\"300 venteros informales se beneficiaron con los alumbrados navide\u00f1os m\u00e1s visitados en la historia Paisa\"}]},{\"@type\":\"WebSite\",\"@id\":\"https:\\\/\\\/prensapaisa.com\\\/#website\",\"url\":\"https:\\\/\\\/prensapaisa.com\\\/\",\"name\":\"PRENSA PAISA\",\"description\":\"Prensa Paisa la Original | Noticias de Medell\u00edn, Antioquia\",\"publisher\":{\"@id\":\"https:\\\/\\\/prensapaisa.com\\\/#organization\"},\"potentialAction\":[{\"@type\":\"SearchAction\",\"target\":{\"@type\":\"EntryPoint\",\"urlTemplate\":\"https:\\\/\\\/prensapaisa.com\\\/?s={search_term_string}\"},\"query-input\":{\"@type\":\"PropertyValueSpecification\",\"valueRequired\":true,\"valueName\":\"search_term_string\"}}],\"inLanguage\":\"es-CO\"},{\"@type\":\"Organization\",\"@id\":\"https:\\\/\\\/prensapaisa.com\\\/#organization\",\"name\":\"PRENSA PAISA\",\"url\":\"https:\\\/\\\/prensapaisa.com\\\/\",\"logo\":{\"@type\":\"ImageObject\",\"inLanguage\":\"es-CO\",\"@id\":\"https:\\\/\\\/prensapaisa.com\\\/#\\\/schema\\\/logo\\\/image\\\/\",\"url\":\"https:\\\/\\\/prensapaisa.com\\\/wp-content\\\/uploads\\\/2022\\\/05\\\/cropped-cropped-prensa.png\",\"contentUrl\":\"https:\\\/\\\/prensapaisa.com\\\/wp-content\\\/uploads\\\/2022\\\/05\\\/cropped-cropped-prensa.png\",\"width\":784,\"height\":524,\"caption\":\"PRENSA PAISA\"},\"image\":{\"@id\":\"https:\\\/\\\/prensapaisa.com\\\/#\\\/schema\\\/logo\\\/image\\\/\"}},{\"@type\":\"Person\",\"@id\":\"https:\\\/\\\/prensapaisa.com\\\/#\\\/schema\\\/person\\\/c5899b8b285dbcd70faec88a7c1579f6\",\"name\":\"noticias@prensapaisa.com\",\"image\":{\"@type\":\"ImageObject\",\"inLanguage\":\"es-CO\",\"@id\":\"https:\\\/\\\/secure.gravatar.com\\\/avatar\\\/ca2b49c1df14b84557c567431f045ea69c8ea5da2da50309fd4de9b811da0433?s=96&d=mm&r=g\",\"url\":\"https:\\\/\\\/secure.gravatar.com\\\/avatar\\\/ca2b49c1df14b84557c567431f045ea69c8ea5da2da50309fd4de9b811da0433?s=96&d=mm&r=g\",\"contentUrl\":\"https:\\\/\\\/secure.gravatar.com\\\/avatar\\\/ca2b49c1df14b84557c567431f045ea69c8ea5da2da50309fd4de9b811da0433?s=96&d=mm&r=g\",\"caption\":\"noticias@prensapaisa.com\"},\"sameAs\":[\"http:\\\/\\\/prensapaisa.com\"],\"url\":\"https:\\\/\\\/prensapaisa.com\\\/index.php\\\/author\\\/prensapaisagmail-com\\\/\"}]}<\/script>\n<!-- \/ Yoast SEO plugin. -->","yoast_head_json":{"title":"300 venteros informales se beneficiaron con los alumbrados navide\u00f1os m\u00e1s visitados en la historia Paisa - PRENSA PAISA","robots":{"index":"index","follow":"follow","max-snippet":"max-snippet:-1","max-image-preview":"max-image-preview:large","max-video-preview":"max-video-preview:-1"},"canonical":"https:\/\/prensapaisa.com\/index.php\/2023\/01\/12\/300-venteros-informales-se-beneficiaron-con-los-alumbrados-navidenos-mas-visitados-en-la-historia-paisa\/","og_locale":"es_ES","og_type":"article","og_title":"300 venteros informales se beneficiaron con los alumbrados navide\u00f1os m\u00e1s visitados en la historia Paisa - PRENSA PAISA","og_description":"&#8220;Con un positivo balance para 300 venteros informales, que resultaron favorecidos con el sorteo de puestos, ubicados en el corredor de alumbrados navide\u00f1os y 700 venteros m\u00e1s, situados en los&hellip;","og_url":"https:\/\/prensapaisa.com\/index.php\/2023\/01\/12\/300-venteros-informales-se-beneficiaron-con-los-alumbrados-navidenos-mas-visitados-en-la-historia-paisa\/","og_site_name":"PRENSA PAISA","article_published_time":"2023-01-12T19:56:30+00:00","og_image":[{"width":1280,"height":720,"url":"https:\/\/prensapaisa.com\/wp-content\/uploads\/2023\/01\/1-copia-31.jpg","type":"image\/jpeg"}],"author":"noticias@prensapaisa.com","twitter_card":"summary_large_image","twitter_misc":{"Escrito por":"noticias@prensapaisa.com","Tiempo de lectura":"2 minutos"},"schema":{"@context":"https:\/\/schema.org","@graph":[{"@type":"Article","@id":"https:\/\/prensapaisa.com\/index.php\/2023\/01\/12\/300-venteros-informales-se-beneficiaron-con-los-alumbrados-navidenos-mas-visitados-en-la-historia-paisa\/#article","isPartOf":{"@id":"https:\/\/prensapaisa.com\/index.php\/2023\/01\/12\/300-venteros-informales-se-beneficiaron-con-los-alumbrados-navidenos-mas-visitados-en-la-historia-paisa\/"},"author":{"name":"noticias@prensapaisa.com","@id":"https:\/\/prensapaisa.com\/#\/schema\/person\/c5899b8b285dbcd70faec88a7c1579f6"},"headline":"300 venteros informales se beneficiaron con los alumbrados navide\u00f1os m\u00e1s visitados en la historia Paisa","datePublished":"2023-01-12T19:56:30+00:00","mainEntityOfPage":{"@id":"https:\/\/prensapaisa.com\/index.php\/2023\/01\/12\/300-venteros-informales-se-beneficiaron-con-los-alumbrados-navidenos-mas-visitados-en-la-historia-paisa\/"},"wordCount":387,"commentCount":0,"publisher":{"@id":"https:\/\/prensapaisa.com\/#organization"},"image":{"@id":"https:\/\/prensapaisa.com\/index.php\/2023\/01\/12\/300-venteros-informales-se-beneficiaron-con-los-alumbrados-navidenos-mas-visitados-en-la-historia-paisa\/#primaryimage"},"thumbnailUrl":"https:\/\/prensapaisa.com\/wp-content\/uploads\/2023\/01\/1-copia-31.jpg","articleSection":["Noticias"],"inLanguage":"es-CO","potentialAction":[{"@type":"CommentAction","name":"Comment","target":["https:\/\/prensapaisa.com\/index.php\/2023\/01\/12\/300-venteros-informales-se-beneficiaron-con-los-alumbrados-navidenos-mas-visitados-en-la-historia-paisa\/#respond"]}]},{"@type":"WebPage","@id":"https:\/\/prensapaisa.com\/index.php\/2023\/01\/12\/300-venteros-informales-se-beneficiaron-con-los-alumbrados-navidenos-mas-visitados-en-la-historia-paisa\/","url":"https:\/\/prensapaisa.com\/index.php\/2023\/01\/12\/300-venteros-informales-se-beneficiaron-con-los-alumbrados-navidenos-mas-visitados-en-la-historia-paisa\/","name":"300 venteros informales se beneficiaron con los alumbrados navide\u00f1os m\u00e1s visitados en la historia Paisa - PRENSA PAISA","isPartOf":{"@id":"https:\/\/prensapaisa.com\/#website"},"primaryImageOfPage":{"@id":"https:\/\/prensapaisa.com\/index.php\/2023\/01\/12\/300-venteros-informales-se-beneficiaron-con-los-alumbrados-navidenos-mas-visitados-en-la-historia-paisa\/#primaryimage"},"image":{"@id":"https:\/\/prensapaisa.com\/index.php\/2023\/01\/12\/300-venteros-informales-se-beneficiaron-con-los-alumbrados-navidenos-mas-visitados-en-la-historia-paisa\/#primaryimage"},"thumbnailUrl":"https:\/\/prensapaisa.com\/wp-content\/uploads\/2023\/01\/1-copia-31.jpg","datePublished":"2023-01-12T19:56:30+00:00","breadcrumb":{"@id":"https:\/\/prensapaisa.com\/index.php\/2023\/01\/12\/300-venteros-informales-se-beneficiaron-con-los-alumbrados-navidenos-mas-visitados-en-la-historia-paisa\/#breadcrumb"},"inLanguage":"es-CO","potentialAction":[{"@type":"ReadAction","target":["https:\/\/prensapaisa.com\/index.php\/2023\/01\/12\/300-venteros-informales-se-beneficiaron-con-los-alumbrados-navidenos-mas-visitados-en-la-historia-paisa\/"]}]},{"@type":"ImageObject","inLanguage":"es-CO","@id":"https:\/\/prensapaisa.com\/index.php\/2023\/01\/12\/300-venteros-informales-se-beneficiaron-con-los-alumbrados-navidenos-mas-visitados-en-la-historia-paisa\/#primaryimage","url":"https:\/\/prensapaisa.com\/wp-content\/uploads\/2023\/01\/1-copia-31.jpg","contentUrl":"https:\/\/prensapaisa.com\/wp-content\/uploads\/2023\/01\/1-copia-31.jpg","width":1280,"height":720},{"@type":"BreadcrumbList","@id":"https:\/\/prensapaisa.com\/index.php\/2023\/01\/12\/300-venteros-informales-se-beneficiaron-con-los-alumbrados-navidenos-mas-visitados-en-la-historia-paisa\/#breadcrumb","itemListElement":[{"@type":"ListItem","position":1,"name":"Inicio","item":"https:\/\/prensapaisa.com\/"},{"@type":"ListItem","position":2,"name":"300 venteros informales se beneficiaron con los alumbrados navide\u00f1os m\u00e1s visitados en la historia Paisa"}]},{"@type":"WebSite","@id":"https:\/\/prensapaisa.com\/#website","url":"https:\/\/prensapaisa.com\/","name":"PRENSA PAISA","description":"Prensa Paisa la Original | Noticias de Medell\u00edn, Antioquia","publisher":{"@id":"https:\/\/prensapaisa.com\/#organization"},"potentialAction":[{"@type":"SearchAction","target":{"@type":"EntryPoint","urlTemplate":"https:\/\/prensapaisa.com\/?s={search_term_string}"},"query-input":{"@type":"PropertyValueSpecification","valueRequired":true,"valueName":"search_term_string"}}],"inLanguage":"es-CO"},{"@type":"Organization","@id":"https:\/\/prensapaisa.com\/#organization","name":"PRENSA PAISA","url":"https:\/\/prensapaisa.com\/","logo":{"@type":"ImageObject","inLanguage":"es-CO","@id":"https:\/\/prensapaisa.com\/#\/schema\/logo\/image\/","url":"https:\/\/prensapaisa.com\/wp-content\/uploads\/2022\/05\/cropped-cropped-prensa.png","contentUrl":"https:\/\/prensapaisa.com\/wp-content\/uploads\/2022\/05\/cropped-cropped-prensa.png","width":784,"height":524,"caption":"PRENSA PAISA"},"image":{"@id":"https:\/\/prensapaisa.com\/#\/schema\/logo\/image\/"}},{"@type":"Person","@id":"https:\/\/prensapaisa.com\/#\/schema\/person\/c5899b8b285dbcd70faec88a7c1579f6","name":"noticias@prensapaisa.com","image":{"@type":"ImageObject","inLanguage":"es-CO","@id":"https:\/\/secure.gravatar.com\/avatar\/ca2b49c1df14b84557c567431f045ea69c8ea5da2da50309fd4de9b811da0433?s=96&d=mm&r=g","url":"https:\/\/secure.gravatar.com\/avatar\/ca2b49c1df14b84557c567431f045ea69c8ea5da2da50309fd4de9b811da0433?s=96&d=mm&r=g","contentUrl":"https:\/\/secure.gravatar.com\/avatar\/ca2b49c1df14b84557c567431f045ea69c8ea5da2da50309fd4de9b811da0433?s=96&d=mm&r=g","caption":"noticias@prensapaisa.com"},"sameAs":["http:\/\/prensapaisa.com"],"url":"https:\/\/prensapaisa.com\/index.php\/author\/prensapaisagmail-com\/"}]}},"_links":{"self":[{"href":"https:\/\/prensapaisa.com\/index.php\/wp-json\/wp\/v2\/posts\/9252","targetHints":{"allow":["GET"]}}],"collection":[{"href":"https:\/\/prensapaisa.com\/index.php\/wp-json\/wp\/v2\/posts"}],"about":[{"href":"https:\/\/prensapaisa.com\/index.php\/wp-json\/wp\/v2\/types\/post"}],"author":[{"embeddable":true,"href":"https:\/\/prensapaisa.com\/index.php\/wp-json\/wp\/v2\/users\/1"}],"replies":[{"embeddable":true,"href":"https:\/\/prensapaisa.com\/index.php\/wp-json\/wp\/v2\/comments?post=9252"}],"version-history":[{"count":1,"href":"https:\/\/prensapaisa.com\/index.php\/wp-json\/wp\/v2\/posts\/9252\/revisions"}],"predecessor-version":[{"id":9254,"href":"https:\/\/prensapaisa.com\/index.php\/wp-json\/wp\/v2\/posts\/9252\/revisions\/9254"}],"wp:featuredmedia":[{"embeddable":true,"href":"https:\/\/prensapaisa.com\/index.php\/wp-json\/wp\/v2\/media\/9253"}],"wp:attachment":[{"href":"https:\/\/prensapaisa.com\/index.php\/wp-json\/wp\/v2\/media?parent=9252"}],"wp:term":[{"taxonomy":"category","embeddable":true,"href":"https:\/\/prensapaisa.com\/index.php\/wp-json\/wp\/v2\/categories?post=9252"},{"taxonomy":"post_tag","embeddable":true,"href":"https:\/\/prensapaisa.com\/index.php\/wp-json\/wp\/v2\/tags?post=9252"}],"curies":[{"name":"wp","href":"https:\/\/api.w.org\/{rel}","templated":true}]}}