{"id":9195,"date":"2023-01-05T10:13:23","date_gmt":"2023-01-05T15:13:23","guid":{"rendered":"https:\/\/prensapaisa.com\/?p=9195"},"modified":"2023-01-06T10:13:31","modified_gmt":"2023-01-06T15:13:31","slug":"a-la-carcel-el-hombre-senalado-de-asesinar-a-su-novia-en-moravia-medellin-aunque-hay-videos-nego-el-feminicidio","status":"publish","type":"post","link":"https:\/\/prensapaisa.com\/index.php\/2023\/01\/05\/a-la-carcel-el-hombre-senalado-de-asesinar-a-su-novia-en-moravia-medellin-aunque-hay-videos-nego-el-feminicidio\/","title":{"rendered":"A la c\u00e1rcel el hombre se\u00f1alado de asesinar a su novia en Moravia, Medell\u00edn, aunque hay videos, neg\u00f3 el feminicidio"},"content":{"rendered":"\n<p>&#8220;Por decisi\u00f3n de un juez de control de garant\u00edas fue enviado a la c\u00e1rcel Luis Alfonso Rivera Landete, como presunto responsable del feminicidio de su compa\u00f1era sentimental.<\/p>\n\n\n\n<p>Los hechos ocurrieron el pasado 2 de enero, cuando Gina Paola Bocanegra Hern\u00e1ndez, de 22 a\u00f1os de edad, se encontraba en una discoteca del barrio Moravia departiendo con unos amigos; el <a><\/a>presunto agresor lleg\u00f3 al lugar y le exigi\u00f3 que se fueran para la casa, ante la negativa de la v\u00edctima, el hombre se sent\u00f3 a esperarla en un local comercial aleda\u00f1o.<\/p>\n\n\n\n<p>Cuando la mujer sali\u00f3 del lugar, se fue hacia su casa acompa\u00f1ada por el presunto victimario, y en un callej\u00f3n, Rivera Landete, al parecer, le propin\u00f3 m\u00faltiples heridas con arma blanca que le causaron la muerte inmediata.<\/p>\n\n\n\n<p>Ricardo Romero Moreno, director seccional de Fiscal\u00edas de Medell\u00edn, dijo que ante la presi\u00f3n de las autoridades, la tarde de ese mismo d\u00eda, el hombre se present\u00f3 voluntariamente ante la estaci\u00f3n de Polic\u00eda en el municipio de Barbosa, norte del Valle de Aburr\u00e1.<\/p>\n\n\n\n<p>&#8216;El procesado no acept\u00f3 los cargos imputados por un fiscal de la Alertas Tempranas de la URI de la Fiscal\u00eda General de la Naci\u00f3n por el delito de feminicidio agravado&#8217;, agreg\u00f3 el director.<\/p>\n\n\n\n<p>Gina Paola Bocanegra Hern\u00e1ndez era natural de Sincelejo, ten\u00eda un hijo y desde hace varios a\u00f1os resid\u00eda en la capital antioque\u00f1a&#8221;.<\/p>\n\n\n\n<figure class=\"wp-block-gallery has-nested-images columns-default is-cropped wp-block-gallery-1 is-layout-flex wp-block-gallery-is-layout-flex\">\n<figure class=\"wp-block-image size-large\"><img fetchpriority=\"high\" decoding=\"async\" width=\"768\" height=\"1024\" data-id=\"9197\" src=\"https:\/\/prensapaisa.com\/wp-content\/uploads\/2023\/01\/1-13-768x1024.jpg\" alt=\"\" class=\"wp-image-9197\" srcset=\"https:\/\/prensapaisa.com\/wp-content\/uploads\/2023\/01\/1-13-768x1024.jpg 768w, https:\/\/prensapaisa.com\/wp-content\/uploads\/2023\/01\/1-13-225x300.jpg 225w, https:\/\/prensapaisa.com\/wp-content\/uploads\/2023\/01\/1-13-585x780.jpg 585w, https:\/\/prensapaisa.com\/wp-content\/uploads\/2023\/01\/1-13.jpg 1080w\" sizes=\"(max-width: 768px) 100vw, 768px\" \/><\/figure>\n\n\n\n<figure class=\"wp-block-image size-large\"><img decoding=\"async\" width=\"819\" height=\"1024\" data-id=\"9199\" src=\"https:\/\/prensapaisa.com\/wp-content\/uploads\/2023\/01\/2-8-819x1024.jpg\" alt=\"\" class=\"wp-image-9199\" srcset=\"https:\/\/prensapaisa.com\/wp-content\/uploads\/2023\/01\/2-8-819x1024.jpg 819w, https:\/\/prensapaisa.com\/wp-content\/uploads\/2023\/01\/2-8-240x300.jpg 240w, https:\/\/prensapaisa.com\/wp-content\/uploads\/2023\/01\/2-8-768x960.jpg 768w, https:\/\/prensapaisa.com\/wp-content\/uploads\/2023\/01\/2-8-585x731.jpg 585w, https:\/\/prensapaisa.com\/wp-content\/uploads\/2023\/01\/2-8.jpg 1080w\" sizes=\"(max-width: 819px) 100vw, 819px\" \/><\/figure>\n\n\n\n<figure class=\"wp-block-image size-large\"><img decoding=\"async\" width=\"819\" height=\"1024\" data-id=\"9198\" src=\"https:\/\/prensapaisa.com\/wp-content\/uploads\/2023\/01\/6-copia-1-819x1024.jpg\" alt=\"\" class=\"wp-image-9198\" srcset=\"https:\/\/prensapaisa.com\/wp-content\/uploads\/2023\/01\/6-copia-1-819x1024.jpg 819w, https:\/\/prensapaisa.com\/wp-content\/uploads\/2023\/01\/6-copia-1-240x300.jpg 240w, https:\/\/prensapaisa.com\/wp-content\/uploads\/2023\/01\/6-copia-1-768x960.jpg 768w, https:\/\/prensapaisa.com\/wp-content\/uploads\/2023\/01\/6-copia-1-585x731.jpg 585w, https:\/\/prensapaisa.com\/wp-content\/uploads\/2023\/01\/6-copia-1.jpg 1080w\" sizes=\"(max-width: 819px) 100vw, 819px\" \/><\/figure>\n<\/figure>\n","protected":false},"excerpt":{"rendered":"<p>&#8220;Por decisi\u00f3n de un juez de control de garant\u00edas fue enviado a la c\u00e1rcel Luis Alfonso Rivera Landete, como presunto responsable del feminicidio de su compa\u00f1era sentimental. Los hechos ocurrieron&hellip;<\/p>\n","protected":false},"author":1,"featured_media":9196,"comment_status":"open","ping_status":"open","sticky":false,"template":"","format":"standard","meta":{"footnotes":""},"categories":[49,1],"tags":[],"class_list":["post-9195","post","type-post","status-publish","format-standard","has-post-thumbnail","hentry","category-capturas","category-noticias"],"yoast_head":"<!-- This site is optimized with the Yoast SEO plugin v27.4 - https:\/\/yoast.com\/product\/yoast-seo-wordpress\/ -->\n<title>A la c\u00e1rcel el hombre se\u00f1alado de asesinar a su novia en Moravia, Medell\u00edn, aunque hay videos, neg\u00f3 el feminicidio - PRENSA PAISA<\/title>\n<meta name=\"robots\" content=\"index, follow, max-snippet:-1, max-image-preview:large, max-video-preview:-1\" \/>\n<link rel=\"canonical\" href=\"https:\/\/prensapaisa.com\/index.php\/2023\/01\/05\/a-la-carcel-el-hombre-senalado-de-asesinar-a-su-novia-en-moravia-medellin-aunque-hay-videos-nego-el-feminicidio\/\" \/>\n<meta property=\"og:locale\" content=\"es_ES\" \/>\n<meta property=\"og:type\" content=\"article\" \/>\n<meta property=\"og:title\" content=\"A la c\u00e1rcel el hombre se\u00f1alado de asesinar a su novia en Moravia, Medell\u00edn, aunque hay videos, neg\u00f3 el feminicidio - PRENSA PAISA\" \/>\n<meta property=\"og:description\" content=\"&#8220;Por decisi\u00f3n de un juez de control de garant\u00edas fue enviado a la c\u00e1rcel Luis Alfonso Rivera Landete, como presunto responsable del feminicidio de su compa\u00f1era sentimental. Los hechos ocurrieron&hellip;\" \/>\n<meta property=\"og:url\" content=\"https:\/\/prensapaisa.com\/index.php\/2023\/01\/05\/a-la-carcel-el-hombre-senalado-de-asesinar-a-su-novia-en-moravia-medellin-aunque-hay-videos-nego-el-feminicidio\/\" \/>\n<meta property=\"og:site_name\" content=\"PRENSA PAISA\" \/>\n<meta property=\"article:published_time\" content=\"2023-01-05T15:13:23+00:00\" \/>\n<meta property=\"article:modified_time\" content=\"2023-01-06T15:13:31+00:00\" \/>\n<meta property=\"og:image\" content=\"https:\/\/prensapaisa.com\/wp-content\/uploads\/2023\/01\/1-copia-19.jpg\" \/>\n\t<meta property=\"og:image:width\" content=\"960\" \/>\n\t<meta property=\"og:image:height\" content=\"815\" \/>\n\t<meta property=\"og:image:type\" content=\"image\/jpeg\" \/>\n<meta name=\"author\" content=\"noticias@prensapaisa.com\" \/>\n<meta name=\"twitter:card\" content=\"summary_large_image\" \/>\n<meta name=\"twitter:label1\" content=\"Escrito por\" \/>\n\t<meta name=\"twitter:data1\" content=\"noticias@prensapaisa.com\" \/>\n\t<meta name=\"twitter:label2\" content=\"Tiempo de lectura\" \/>\n\t<meta name=\"twitter:data2\" content=\"2 minutos\" \/>\n<script type=\"application\/ld+json\" class=\"yoast-schema-graph\">{\"@context\":\"https:\\\/\\\/schema.org\",\"@graph\":[{\"@type\":\"Article\",\"@id\":\"https:\\\/\\\/prensapaisa.com\\\/index.php\\\/2023\\\/01\\\/05\\\/a-la-carcel-el-hombre-senalado-de-asesinar-a-su-novia-en-moravia-medellin-aunque-hay-videos-nego-el-feminicidio\\\/#article\",\"isPartOf\":{\"@id\":\"https:\\\/\\\/prensapaisa.com\\\/index.php\\\/2023\\\/01\\\/05\\\/a-la-carcel-el-hombre-senalado-de-asesinar-a-su-novia-en-moravia-medellin-aunque-hay-videos-nego-el-feminicidio\\\/\"},\"author\":{\"name\":\"noticias@prensapaisa.com\",\"@id\":\"https:\\\/\\\/prensapaisa.com\\\/#\\\/schema\\\/person\\\/c5899b8b285dbcd70faec88a7c1579f6\"},\"headline\":\"A la c\u00e1rcel el hombre se\u00f1alado de asesinar a su novia en Moravia, Medell\u00edn, aunque hay videos, neg\u00f3 el feminicidio\",\"datePublished\":\"2023-01-05T15:13:23+00:00\",\"dateModified\":\"2023-01-06T15:13:31+00:00\",\"mainEntityOfPage\":{\"@id\":\"https:\\\/\\\/prensapaisa.com\\\/index.php\\\/2023\\\/01\\\/05\\\/a-la-carcel-el-hombre-senalado-de-asesinar-a-su-novia-en-moravia-medellin-aunque-hay-videos-nego-el-feminicidio\\\/\"},\"wordCount\":268,\"commentCount\":0,\"publisher\":{\"@id\":\"https:\\\/\\\/prensapaisa.com\\\/#organization\"},\"image\":{\"@id\":\"https:\\\/\\\/prensapaisa.com\\\/index.php\\\/2023\\\/01\\\/05\\\/a-la-carcel-el-hombre-senalado-de-asesinar-a-su-novia-en-moravia-medellin-aunque-hay-videos-nego-el-feminicidio\\\/#primaryimage\"},\"thumbnailUrl\":\"https:\\\/\\\/prensapaisa.com\\\/wp-content\\\/uploads\\\/2023\\\/01\\\/1-copia-19.jpg\",\"articleSection\":[\"Capturas\",\"Noticias\"],\"inLanguage\":\"es-CO\",\"potentialAction\":[{\"@type\":\"CommentAction\",\"name\":\"Comment\",\"target\":[\"https:\\\/\\\/prensapaisa.com\\\/index.php\\\/2023\\\/01\\\/05\\\/a-la-carcel-el-hombre-senalado-de-asesinar-a-su-novia-en-moravia-medellin-aunque-hay-videos-nego-el-feminicidio\\\/#respond\"]}]},{\"@type\":\"WebPage\",\"@id\":\"https:\\\/\\\/prensapaisa.com\\\/index.php\\\/2023\\\/01\\\/05\\\/a-la-carcel-el-hombre-senalado-de-asesinar-a-su-novia-en-moravia-medellin-aunque-hay-videos-nego-el-feminicidio\\\/\",\"url\":\"https:\\\/\\\/prensapaisa.com\\\/index.php\\\/2023\\\/01\\\/05\\\/a-la-carcel-el-hombre-senalado-de-asesinar-a-su-novia-en-moravia-medellin-aunque-hay-videos-nego-el-feminicidio\\\/\",\"name\":\"A la c\u00e1rcel el hombre se\u00f1alado de asesinar a su novia en Moravia, Medell\u00edn, aunque hay videos, neg\u00f3 el feminicidio - PRENSA PAISA\",\"isPartOf\":{\"@id\":\"https:\\\/\\\/prensapaisa.com\\\/#website\"},\"primaryImageOfPage\":{\"@id\":\"https:\\\/\\\/prensapaisa.com\\\/index.php\\\/2023\\\/01\\\/05\\\/a-la-carcel-el-hombre-senalado-de-asesinar-a-su-novia-en-moravia-medellin-aunque-hay-videos-nego-el-feminicidio\\\/#primaryimage\"},\"image\":{\"@id\":\"https:\\\/\\\/prensapaisa.com\\\/index.php\\\/2023\\\/01\\\/05\\\/a-la-carcel-el-hombre-senalado-de-asesinar-a-su-novia-en-moravia-medellin-aunque-hay-videos-nego-el-feminicidio\\\/#primaryimage\"},\"thumbnailUrl\":\"https:\\\/\\\/prensapaisa.com\\\/wp-content\\\/uploads\\\/2023\\\/01\\\/1-copia-19.jpg\",\"datePublished\":\"2023-01-05T15:13:23+00:00\",\"dateModified\":\"2023-01-06T15:13:31+00:00\",\"breadcrumb\":{\"@id\":\"https:\\\/\\\/prensapaisa.com\\\/index.php\\\/2023\\\/01\\\/05\\\/a-la-carcel-el-hombre-senalado-de-asesinar-a-su-novia-en-moravia-medellin-aunque-hay-videos-nego-el-feminicidio\\\/#breadcrumb\"},\"inLanguage\":\"es-CO\",\"potentialAction\":[{\"@type\":\"ReadAction\",\"target\":[\"https:\\\/\\\/prensapaisa.com\\\/index.php\\\/2023\\\/01\\\/05\\\/a-la-carcel-el-hombre-senalado-de-asesinar-a-su-novia-en-moravia-medellin-aunque-hay-videos-nego-el-feminicidio\\\/\"]}]},{\"@type\":\"ImageObject\",\"inLanguage\":\"es-CO\",\"@id\":\"https:\\\/\\\/prensapaisa.com\\\/index.php\\\/2023\\\/01\\\/05\\\/a-la-carcel-el-hombre-senalado-de-asesinar-a-su-novia-en-moravia-medellin-aunque-hay-videos-nego-el-feminicidio\\\/#primaryimage\",\"url\":\"https:\\\/\\\/prensapaisa.com\\\/wp-content\\\/uploads\\\/2023\\\/01\\\/1-copia-19.jpg\",\"contentUrl\":\"https:\\\/\\\/prensapaisa.com\\\/wp-content\\\/uploads\\\/2023\\\/01\\\/1-copia-19.jpg\",\"width\":960,\"height\":815},{\"@type\":\"BreadcrumbList\",\"@id\":\"https:\\\/\\\/prensapaisa.com\\\/index.php\\\/2023\\\/01\\\/05\\\/a-la-carcel-el-hombre-senalado-de-asesinar-a-su-novia-en-moravia-medellin-aunque-hay-videos-nego-el-feminicidio\\\/#breadcrumb\",\"itemListElement\":[{\"@type\":\"ListItem\",\"position\":1,\"name\":\"Inicio\",\"item\":\"https:\\\/\\\/prensapaisa.com\\\/\"},{\"@type\":\"ListItem\",\"position\":2,\"name\":\"A la c\u00e1rcel el hombre se\u00f1alado de asesinar a su novia en Moravia, Medell\u00edn, aunque hay videos, neg\u00f3 el feminicidio\"}]},{\"@type\":\"WebSite\",\"@id\":\"https:\\\/\\\/prensapaisa.com\\\/#website\",\"url\":\"https:\\\/\\\/prensapaisa.com\\\/\",\"name\":\"PRENSA PAISA\",\"description\":\"Prensa Paisa la Original | Noticias de Medell\u00edn, Antioquia\",\"publisher\":{\"@id\":\"https:\\\/\\\/prensapaisa.com\\\/#organization\"},\"potentialAction\":[{\"@type\":\"SearchAction\",\"target\":{\"@type\":\"EntryPoint\",\"urlTemplate\":\"https:\\\/\\\/prensapaisa.com\\\/?s={search_term_string}\"},\"query-input\":{\"@type\":\"PropertyValueSpecification\",\"valueRequired\":true,\"valueName\":\"search_term_string\"}}],\"inLanguage\":\"es-CO\"},{\"@type\":\"Organization\",\"@id\":\"https:\\\/\\\/prensapaisa.com\\\/#organization\",\"name\":\"PRENSA PAISA\",\"url\":\"https:\\\/\\\/prensapaisa.com\\\/\",\"logo\":{\"@type\":\"ImageObject\",\"inLanguage\":\"es-CO\",\"@id\":\"https:\\\/\\\/prensapaisa.com\\\/#\\\/schema\\\/logo\\\/image\\\/\",\"url\":\"https:\\\/\\\/prensapaisa.com\\\/wp-content\\\/uploads\\\/2022\\\/05\\\/cropped-cropped-prensa.png\",\"contentUrl\":\"https:\\\/\\\/prensapaisa.com\\\/wp-content\\\/uploads\\\/2022\\\/05\\\/cropped-cropped-prensa.png\",\"width\":784,\"height\":524,\"caption\":\"PRENSA PAISA\"},\"image\":{\"@id\":\"https:\\\/\\\/prensapaisa.com\\\/#\\\/schema\\\/logo\\\/image\\\/\"}},{\"@type\":\"Person\",\"@id\":\"https:\\\/\\\/prensapaisa.com\\\/#\\\/schema\\\/person\\\/c5899b8b285dbcd70faec88a7c1579f6\",\"name\":\"noticias@prensapaisa.com\",\"image\":{\"@type\":\"ImageObject\",\"inLanguage\":\"es-CO\",\"@id\":\"https:\\\/\\\/secure.gravatar.com\\\/avatar\\\/ca2b49c1df14b84557c567431f045ea69c8ea5da2da50309fd4de9b811da0433?s=96&d=mm&r=g\",\"url\":\"https:\\\/\\\/secure.gravatar.com\\\/avatar\\\/ca2b49c1df14b84557c567431f045ea69c8ea5da2da50309fd4de9b811da0433?s=96&d=mm&r=g\",\"contentUrl\":\"https:\\\/\\\/secure.gravatar.com\\\/avatar\\\/ca2b49c1df14b84557c567431f045ea69c8ea5da2da50309fd4de9b811da0433?s=96&d=mm&r=g\",\"caption\":\"noticias@prensapaisa.com\"},\"sameAs\":[\"http:\\\/\\\/prensapaisa.com\"],\"url\":\"https:\\\/\\\/prensapaisa.com\\\/index.php\\\/author\\\/prensapaisagmail-com\\\/\"}]}<\/script>\n<!-- \/ Yoast SEO plugin. -->","yoast_head_json":{"title":"A la c\u00e1rcel el hombre se\u00f1alado de asesinar a su novia en Moravia, Medell\u00edn, aunque hay videos, neg\u00f3 el feminicidio - PRENSA PAISA","robots":{"index":"index","follow":"follow","max-snippet":"max-snippet:-1","max-image-preview":"max-image-preview:large","max-video-preview":"max-video-preview:-1"},"canonical":"https:\/\/prensapaisa.com\/index.php\/2023\/01\/05\/a-la-carcel-el-hombre-senalado-de-asesinar-a-su-novia-en-moravia-medellin-aunque-hay-videos-nego-el-feminicidio\/","og_locale":"es_ES","og_type":"article","og_title":"A la c\u00e1rcel el hombre se\u00f1alado de asesinar a su novia en Moravia, Medell\u00edn, aunque hay videos, neg\u00f3 el feminicidio - PRENSA PAISA","og_description":"&#8220;Por decisi\u00f3n de un juez de control de garant\u00edas fue enviado a la c\u00e1rcel Luis Alfonso Rivera Landete, como presunto responsable del feminicidio de su compa\u00f1era sentimental. Los hechos ocurrieron&hellip;","og_url":"https:\/\/prensapaisa.com\/index.php\/2023\/01\/05\/a-la-carcel-el-hombre-senalado-de-asesinar-a-su-novia-en-moravia-medellin-aunque-hay-videos-nego-el-feminicidio\/","og_site_name":"PRENSA PAISA","article_published_time":"2023-01-05T15:13:23+00:00","article_modified_time":"2023-01-06T15:13:31+00:00","og_image":[{"width":960,"height":815,"url":"https:\/\/prensapaisa.com\/wp-content\/uploads\/2023\/01\/1-copia-19.jpg","type":"image\/jpeg"}],"author":"noticias@prensapaisa.com","twitter_card":"summary_large_image","twitter_misc":{"Escrito por":"noticias@prensapaisa.com","Tiempo de lectura":"2 minutos"},"schema":{"@context":"https:\/\/schema.org","@graph":[{"@type":"Article","@id":"https:\/\/prensapaisa.com\/index.php\/2023\/01\/05\/a-la-carcel-el-hombre-senalado-de-asesinar-a-su-novia-en-moravia-medellin-aunque-hay-videos-nego-el-feminicidio\/#article","isPartOf":{"@id":"https:\/\/prensapaisa.com\/index.php\/2023\/01\/05\/a-la-carcel-el-hombre-senalado-de-asesinar-a-su-novia-en-moravia-medellin-aunque-hay-videos-nego-el-feminicidio\/"},"author":{"name":"noticias@prensapaisa.com","@id":"https:\/\/prensapaisa.com\/#\/schema\/person\/c5899b8b285dbcd70faec88a7c1579f6"},"headline":"A la c\u00e1rcel el hombre se\u00f1alado de asesinar a su novia en Moravia, Medell\u00edn, aunque hay videos, neg\u00f3 el feminicidio","datePublished":"2023-01-05T15:13:23+00:00","dateModified":"2023-01-06T15:13:31+00:00","mainEntityOfPage":{"@id":"https:\/\/prensapaisa.com\/index.php\/2023\/01\/05\/a-la-carcel-el-hombre-senalado-de-asesinar-a-su-novia-en-moravia-medellin-aunque-hay-videos-nego-el-feminicidio\/"},"wordCount":268,"commentCount":0,"publisher":{"@id":"https:\/\/prensapaisa.com\/#organization"},"image":{"@id":"https:\/\/prensapaisa.com\/index.php\/2023\/01\/05\/a-la-carcel-el-hombre-senalado-de-asesinar-a-su-novia-en-moravia-medellin-aunque-hay-videos-nego-el-feminicidio\/#primaryimage"},"thumbnailUrl":"https:\/\/prensapaisa.com\/wp-content\/uploads\/2023\/01\/1-copia-19.jpg","articleSection":["Capturas","Noticias"],"inLanguage":"es-CO","potentialAction":[{"@type":"CommentAction","name":"Comment","target":["https:\/\/prensapaisa.com\/index.php\/2023\/01\/05\/a-la-carcel-el-hombre-senalado-de-asesinar-a-su-novia-en-moravia-medellin-aunque-hay-videos-nego-el-feminicidio\/#respond"]}]},{"@type":"WebPage","@id":"https:\/\/prensapaisa.com\/index.php\/2023\/01\/05\/a-la-carcel-el-hombre-senalado-de-asesinar-a-su-novia-en-moravia-medellin-aunque-hay-videos-nego-el-feminicidio\/","url":"https:\/\/prensapaisa.com\/index.php\/2023\/01\/05\/a-la-carcel-el-hombre-senalado-de-asesinar-a-su-novia-en-moravia-medellin-aunque-hay-videos-nego-el-feminicidio\/","name":"A la c\u00e1rcel el hombre se\u00f1alado de asesinar a su novia en Moravia, Medell\u00edn, aunque hay videos, neg\u00f3 el feminicidio - PRENSA PAISA","isPartOf":{"@id":"https:\/\/prensapaisa.com\/#website"},"primaryImageOfPage":{"@id":"https:\/\/prensapaisa.com\/index.php\/2023\/01\/05\/a-la-carcel-el-hombre-senalado-de-asesinar-a-su-novia-en-moravia-medellin-aunque-hay-videos-nego-el-feminicidio\/#primaryimage"},"image":{"@id":"https:\/\/prensapaisa.com\/index.php\/2023\/01\/05\/a-la-carcel-el-hombre-senalado-de-asesinar-a-su-novia-en-moravia-medellin-aunque-hay-videos-nego-el-feminicidio\/#primaryimage"},"thumbnailUrl":"https:\/\/prensapaisa.com\/wp-content\/uploads\/2023\/01\/1-copia-19.jpg","datePublished":"2023-01-05T15:13:23+00:00","dateModified":"2023-01-06T15:13:31+00:00","breadcrumb":{"@id":"https:\/\/prensapaisa.com\/index.php\/2023\/01\/05\/a-la-carcel-el-hombre-senalado-de-asesinar-a-su-novia-en-moravia-medellin-aunque-hay-videos-nego-el-feminicidio\/#breadcrumb"},"inLanguage":"es-CO","potentialAction":[{"@type":"ReadAction","target":["https:\/\/prensapaisa.com\/index.php\/2023\/01\/05\/a-la-carcel-el-hombre-senalado-de-asesinar-a-su-novia-en-moravia-medellin-aunque-hay-videos-nego-el-feminicidio\/"]}]},{"@type":"ImageObject","inLanguage":"es-CO","@id":"https:\/\/prensapaisa.com\/index.php\/2023\/01\/05\/a-la-carcel-el-hombre-senalado-de-asesinar-a-su-novia-en-moravia-medellin-aunque-hay-videos-nego-el-feminicidio\/#primaryimage","url":"https:\/\/prensapaisa.com\/wp-content\/uploads\/2023\/01\/1-copia-19.jpg","contentUrl":"https:\/\/prensapaisa.com\/wp-content\/uploads\/2023\/01\/1-copia-19.jpg","width":960,"height":815},{"@type":"BreadcrumbList","@id":"https:\/\/prensapaisa.com\/index.php\/2023\/01\/05\/a-la-carcel-el-hombre-senalado-de-asesinar-a-su-novia-en-moravia-medellin-aunque-hay-videos-nego-el-feminicidio\/#breadcrumb","itemListElement":[{"@type":"ListItem","position":1,"name":"Inicio","item":"https:\/\/prensapaisa.com\/"},{"@type":"ListItem","position":2,"name":"A la c\u00e1rcel el hombre se\u00f1alado de asesinar a su novia en Moravia, Medell\u00edn, aunque hay videos, neg\u00f3 el feminicidio"}]},{"@type":"WebSite","@id":"https:\/\/prensapaisa.com\/#website","url":"https:\/\/prensapaisa.com\/","name":"PRENSA PAISA","description":"Prensa Paisa la Original | Noticias de Medell\u00edn, Antioquia","publisher":{"@id":"https:\/\/prensapaisa.com\/#organization"},"potentialAction":[{"@type":"SearchAction","target":{"@type":"EntryPoint","urlTemplate":"https:\/\/prensapaisa.com\/?s={search_term_string}"},"query-input":{"@type":"PropertyValueSpecification","valueRequired":true,"valueName":"search_term_string"}}],"inLanguage":"es-CO"},{"@type":"Organization","@id":"https:\/\/prensapaisa.com\/#organization","name":"PRENSA PAISA","url":"https:\/\/prensapaisa.com\/","logo":{"@type":"ImageObject","inLanguage":"es-CO","@id":"https:\/\/prensapaisa.com\/#\/schema\/logo\/image\/","url":"https:\/\/prensapaisa.com\/wp-content\/uploads\/2022\/05\/cropped-cropped-prensa.png","contentUrl":"https:\/\/prensapaisa.com\/wp-content\/uploads\/2022\/05\/cropped-cropped-prensa.png","width":784,"height":524,"caption":"PRENSA PAISA"},"image":{"@id":"https:\/\/prensapaisa.com\/#\/schema\/logo\/image\/"}},{"@type":"Person","@id":"https:\/\/prensapaisa.com\/#\/schema\/person\/c5899b8b285dbcd70faec88a7c1579f6","name":"noticias@prensapaisa.com","image":{"@type":"ImageObject","inLanguage":"es-CO","@id":"https:\/\/secure.gravatar.com\/avatar\/ca2b49c1df14b84557c567431f045ea69c8ea5da2da50309fd4de9b811da0433?s=96&d=mm&r=g","url":"https:\/\/secure.gravatar.com\/avatar\/ca2b49c1df14b84557c567431f045ea69c8ea5da2da50309fd4de9b811da0433?s=96&d=mm&r=g","contentUrl":"https:\/\/secure.gravatar.com\/avatar\/ca2b49c1df14b84557c567431f045ea69c8ea5da2da50309fd4de9b811da0433?s=96&d=mm&r=g","caption":"noticias@prensapaisa.com"},"sameAs":["http:\/\/prensapaisa.com"],"url":"https:\/\/prensapaisa.com\/index.php\/author\/prensapaisagmail-com\/"}]}},"_links":{"self":[{"href":"https:\/\/prensapaisa.com\/index.php\/wp-json\/wp\/v2\/posts\/9195","targetHints":{"allow":["GET"]}}],"collection":[{"href":"https:\/\/prensapaisa.com\/index.php\/wp-json\/wp\/v2\/posts"}],"about":[{"href":"https:\/\/prensapaisa.com\/index.php\/wp-json\/wp\/v2\/types\/post"}],"author":[{"embeddable":true,"href":"https:\/\/prensapaisa.com\/index.php\/wp-json\/wp\/v2\/users\/1"}],"replies":[{"embeddable":true,"href":"https:\/\/prensapaisa.com\/index.php\/wp-json\/wp\/v2\/comments?post=9195"}],"version-history":[{"count":1,"href":"https:\/\/prensapaisa.com\/index.php\/wp-json\/wp\/v2\/posts\/9195\/revisions"}],"predecessor-version":[{"id":9200,"href":"https:\/\/prensapaisa.com\/index.php\/wp-json\/wp\/v2\/posts\/9195\/revisions\/9200"}],"wp:featuredmedia":[{"embeddable":true,"href":"https:\/\/prensapaisa.com\/index.php\/wp-json\/wp\/v2\/media\/9196"}],"wp:attachment":[{"href":"https:\/\/prensapaisa.com\/index.php\/wp-json\/wp\/v2\/media?parent=9195"}],"wp:term":[{"taxonomy":"category","embeddable":true,"href":"https:\/\/prensapaisa.com\/index.php\/wp-json\/wp\/v2\/categories?post=9195"},{"taxonomy":"post_tag","embeddable":true,"href":"https:\/\/prensapaisa.com\/index.php\/wp-json\/wp\/v2\/tags?post=9195"}],"curies":[{"name":"wp","href":"https:\/\/api.w.org\/{rel}","templated":true}]}}