{"id":9174,"date":"2023-01-05T10:04:00","date_gmt":"2023-01-05T15:04:00","guid":{"rendered":"https:\/\/prensapaisa.com\/?p=9174"},"modified":"2023-01-06T10:04:09","modified_gmt":"2023-01-06T15:04:09","slug":"capturan-a-la-hormiga-cachona-o-juanpis-en-la-comuna-13","status":"publish","type":"post","link":"https:\/\/prensapaisa.com\/index.php\/2023\/01\/05\/capturan-a-la-hormiga-cachona-o-juanpis-en-la-comuna-13\/","title":{"rendered":"Capturan a la &#8220;hormiga cachona&#8221; o &#8220;juanpis&#8221; en la Comuna 13"},"content":{"rendered":"\n<p>Las autoridades capturaron a un hombre que era &#8220;el terror&#8221; del barrio San Javier no solo por su maldad sino tambi\u00e9n porque le &#8220;cachoneaba&#8221; e invitaba a las chicas m\u00e1s lindas de la cuadra a salir en su moto a dar una vuelta a los miradores del &#8220;morro&#8221;, a casas de citas o fincas de encuentros privados con bailes de guaracha.<\/p>\n\n\n\n<p>&#8220;En v\u00eda p\u00fablica del barrio El Socorro de la Comuna 13,en Medell\u00edn, luego de los planes de <a><\/a>registro, control y de verificaci\u00f3n de antecedentes se logr\u00f3 la captura de un hombre de 21 a\u00f1os de edad, quien se hace llamar en el mundo del crimen como \u2018juanpis\u2019.<\/p>\n\n\n\n<p>Esta persona en actitud sospechosa al ser requerido por el cuadrante emprendi\u00f3 la huida, pero metros m\u00e1s adelante fue reducido y capturado por los profesionales de polic\u00eda.<\/p>\n\n\n\n<p>Al verificar sus antecedentes judiciales se estableci\u00f3 que era requerido mediante orden judicial por los delitos de:<\/p>\n\n\n\n<p>&#8211; Concierto para delinquir.<\/p>\n\n\n\n<p>&#8211; Desplazamiento forzado.<\/p>\n\n\n\n<p>&#8211; Homicidio agravado.<\/p>\n\n\n\n<p>Seg\u00fan la informaci\u00f3n de inteligencia y de polic\u00eda judicial esta persona ser\u00eda un coordinador de un grupo criminal de delinque en la comuna San Javier de Medell\u00edn, donde ser\u00eda responsable de algunos delitos, e incluso en el centro de la capital antioque\u00f1a.<\/p>\n\n\n\n<p>Luego de las audiencias de legalizaci\u00f3n de captura e imputaci\u00f3n de cargos le fue impuesta medida de aseguramiento en centro carcelario&#8221;.<\/p>\n","protected":false},"excerpt":{"rendered":"<p>Las autoridades capturaron a un hombre que era &#8220;el terror&#8221; del barrio San Javier no solo por su maldad sino tambi\u00e9n porque le &#8220;cachoneaba&#8221; e invitaba a las chicas m\u00e1s&hellip;<\/p>\n","protected":false},"author":1,"featured_media":9175,"comment_status":"open","ping_status":"open","sticky":false,"template":"","format":"standard","meta":{"footnotes":""},"categories":[49],"tags":[],"class_list":["post-9174","post","type-post","status-publish","format-standard","has-post-thumbnail","hentry","category-capturas"],"yoast_head":"<!-- This site is optimized with the Yoast SEO plugin v27.4 - https:\/\/yoast.com\/product\/yoast-seo-wordpress\/ -->\n<title>Capturan a la &quot;hormiga cachona&quot; o &quot;juanpis&quot; en la Comuna 13 - PRENSA PAISA<\/title>\n<meta name=\"robots\" content=\"index, follow, max-snippet:-1, max-image-preview:large, max-video-preview:-1\" \/>\n<link rel=\"canonical\" href=\"https:\/\/prensapaisa.com\/index.php\/2023\/01\/05\/capturan-a-la-hormiga-cachona-o-juanpis-en-la-comuna-13\/\" \/>\n<meta property=\"og:locale\" content=\"es_ES\" \/>\n<meta property=\"og:type\" content=\"article\" \/>\n<meta property=\"og:title\" content=\"Capturan a la &quot;hormiga cachona&quot; o &quot;juanpis&quot; en la Comuna 13 - PRENSA PAISA\" \/>\n<meta property=\"og:description\" content=\"Las autoridades capturaron a un hombre que era &#8220;el terror&#8221; del barrio San Javier no solo por su maldad sino tambi\u00e9n porque le &#8220;cachoneaba&#8221; e invitaba a las chicas m\u00e1s&hellip;\" \/>\n<meta property=\"og:url\" content=\"https:\/\/prensapaisa.com\/index.php\/2023\/01\/05\/capturan-a-la-hormiga-cachona-o-juanpis-en-la-comuna-13\/\" \/>\n<meta property=\"og:site_name\" content=\"PRENSA PAISA\" \/>\n<meta property=\"article:published_time\" content=\"2023-01-05T15:04:00+00:00\" \/>\n<meta property=\"article:modified_time\" content=\"2023-01-06T15:04:09+00:00\" \/>\n<meta property=\"og:image\" content=\"https:\/\/prensapaisa.com\/wp-content\/uploads\/2023\/01\/1-copia-15.jpg\" \/>\n\t<meta property=\"og:image:width\" content=\"1156\" \/>\n\t<meta property=\"og:image:height\" content=\"867\" \/>\n\t<meta property=\"og:image:type\" content=\"image\/jpeg\" \/>\n<meta name=\"author\" content=\"noticias@prensapaisa.com\" \/>\n<meta name=\"twitter:card\" content=\"summary_large_image\" \/>\n<meta name=\"twitter:label1\" content=\"Escrito por\" \/>\n\t<meta name=\"twitter:data1\" content=\"noticias@prensapaisa.com\" \/>\n\t<meta name=\"twitter:label2\" content=\"Tiempo de lectura\" \/>\n\t<meta name=\"twitter:data2\" content=\"2 minutos\" \/>\n<script type=\"application\/ld+json\" class=\"yoast-schema-graph\">{\"@context\":\"https:\\\/\\\/schema.org\",\"@graph\":[{\"@type\":\"Article\",\"@id\":\"https:\\\/\\\/prensapaisa.com\\\/index.php\\\/2023\\\/01\\\/05\\\/capturan-a-la-hormiga-cachona-o-juanpis-en-la-comuna-13\\\/#article\",\"isPartOf\":{\"@id\":\"https:\\\/\\\/prensapaisa.com\\\/index.php\\\/2023\\\/01\\\/05\\\/capturan-a-la-hormiga-cachona-o-juanpis-en-la-comuna-13\\\/\"},\"author\":{\"name\":\"noticias@prensapaisa.com\",\"@id\":\"https:\\\/\\\/prensapaisa.com\\\/#\\\/schema\\\/person\\\/c5899b8b285dbcd70faec88a7c1579f6\"},\"headline\":\"Capturan a la &#8220;hormiga cachona&#8221; o &#8220;juanpis&#8221; en la Comuna 13\",\"datePublished\":\"2023-01-05T15:04:00+00:00\",\"dateModified\":\"2023-01-06T15:04:09+00:00\",\"mainEntityOfPage\":{\"@id\":\"https:\\\/\\\/prensapaisa.com\\\/index.php\\\/2023\\\/01\\\/05\\\/capturan-a-la-hormiga-cachona-o-juanpis-en-la-comuna-13\\\/\"},\"wordCount\":252,\"commentCount\":0,\"publisher\":{\"@id\":\"https:\\\/\\\/prensapaisa.com\\\/#organization\"},\"image\":{\"@id\":\"https:\\\/\\\/prensapaisa.com\\\/index.php\\\/2023\\\/01\\\/05\\\/capturan-a-la-hormiga-cachona-o-juanpis-en-la-comuna-13\\\/#primaryimage\"},\"thumbnailUrl\":\"https:\\\/\\\/prensapaisa.com\\\/wp-content\\\/uploads\\\/2023\\\/01\\\/1-copia-15.jpg\",\"articleSection\":[\"Capturas\"],\"inLanguage\":\"es-CO\",\"potentialAction\":[{\"@type\":\"CommentAction\",\"name\":\"Comment\",\"target\":[\"https:\\\/\\\/prensapaisa.com\\\/index.php\\\/2023\\\/01\\\/05\\\/capturan-a-la-hormiga-cachona-o-juanpis-en-la-comuna-13\\\/#respond\"]}]},{\"@type\":\"WebPage\",\"@id\":\"https:\\\/\\\/prensapaisa.com\\\/index.php\\\/2023\\\/01\\\/05\\\/capturan-a-la-hormiga-cachona-o-juanpis-en-la-comuna-13\\\/\",\"url\":\"https:\\\/\\\/prensapaisa.com\\\/index.php\\\/2023\\\/01\\\/05\\\/capturan-a-la-hormiga-cachona-o-juanpis-en-la-comuna-13\\\/\",\"name\":\"Capturan a la \\\"hormiga cachona\\\" o \\\"juanpis\\\" en la Comuna 13 - PRENSA PAISA\",\"isPartOf\":{\"@id\":\"https:\\\/\\\/prensapaisa.com\\\/#website\"},\"primaryImageOfPage\":{\"@id\":\"https:\\\/\\\/prensapaisa.com\\\/index.php\\\/2023\\\/01\\\/05\\\/capturan-a-la-hormiga-cachona-o-juanpis-en-la-comuna-13\\\/#primaryimage\"},\"image\":{\"@id\":\"https:\\\/\\\/prensapaisa.com\\\/index.php\\\/2023\\\/01\\\/05\\\/capturan-a-la-hormiga-cachona-o-juanpis-en-la-comuna-13\\\/#primaryimage\"},\"thumbnailUrl\":\"https:\\\/\\\/prensapaisa.com\\\/wp-content\\\/uploads\\\/2023\\\/01\\\/1-copia-15.jpg\",\"datePublished\":\"2023-01-05T15:04:00+00:00\",\"dateModified\":\"2023-01-06T15:04:09+00:00\",\"breadcrumb\":{\"@id\":\"https:\\\/\\\/prensapaisa.com\\\/index.php\\\/2023\\\/01\\\/05\\\/capturan-a-la-hormiga-cachona-o-juanpis-en-la-comuna-13\\\/#breadcrumb\"},\"inLanguage\":\"es-CO\",\"potentialAction\":[{\"@type\":\"ReadAction\",\"target\":[\"https:\\\/\\\/prensapaisa.com\\\/index.php\\\/2023\\\/01\\\/05\\\/capturan-a-la-hormiga-cachona-o-juanpis-en-la-comuna-13\\\/\"]}]},{\"@type\":\"ImageObject\",\"inLanguage\":\"es-CO\",\"@id\":\"https:\\\/\\\/prensapaisa.com\\\/index.php\\\/2023\\\/01\\\/05\\\/capturan-a-la-hormiga-cachona-o-juanpis-en-la-comuna-13\\\/#primaryimage\",\"url\":\"https:\\\/\\\/prensapaisa.com\\\/wp-content\\\/uploads\\\/2023\\\/01\\\/1-copia-15.jpg\",\"contentUrl\":\"https:\\\/\\\/prensapaisa.com\\\/wp-content\\\/uploads\\\/2023\\\/01\\\/1-copia-15.jpg\",\"width\":1156,\"height\":867},{\"@type\":\"BreadcrumbList\",\"@id\":\"https:\\\/\\\/prensapaisa.com\\\/index.php\\\/2023\\\/01\\\/05\\\/capturan-a-la-hormiga-cachona-o-juanpis-en-la-comuna-13\\\/#breadcrumb\",\"itemListElement\":[{\"@type\":\"ListItem\",\"position\":1,\"name\":\"Inicio\",\"item\":\"https:\\\/\\\/prensapaisa.com\\\/\"},{\"@type\":\"ListItem\",\"position\":2,\"name\":\"Capturan a la &#8220;hormiga cachona&#8221; o &#8220;juanpis&#8221; en la Comuna 13\"}]},{\"@type\":\"WebSite\",\"@id\":\"https:\\\/\\\/prensapaisa.com\\\/#website\",\"url\":\"https:\\\/\\\/prensapaisa.com\\\/\",\"name\":\"PRENSA PAISA\",\"description\":\"Prensa Paisa la Original | Noticias de Medell\u00edn, Antioquia\",\"publisher\":{\"@id\":\"https:\\\/\\\/prensapaisa.com\\\/#organization\"},\"potentialAction\":[{\"@type\":\"SearchAction\",\"target\":{\"@type\":\"EntryPoint\",\"urlTemplate\":\"https:\\\/\\\/prensapaisa.com\\\/?s={search_term_string}\"},\"query-input\":{\"@type\":\"PropertyValueSpecification\",\"valueRequired\":true,\"valueName\":\"search_term_string\"}}],\"inLanguage\":\"es-CO\"},{\"@type\":\"Organization\",\"@id\":\"https:\\\/\\\/prensapaisa.com\\\/#organization\",\"name\":\"PRENSA PAISA\",\"url\":\"https:\\\/\\\/prensapaisa.com\\\/\",\"logo\":{\"@type\":\"ImageObject\",\"inLanguage\":\"es-CO\",\"@id\":\"https:\\\/\\\/prensapaisa.com\\\/#\\\/schema\\\/logo\\\/image\\\/\",\"url\":\"https:\\\/\\\/prensapaisa.com\\\/wp-content\\\/uploads\\\/2022\\\/05\\\/cropped-cropped-prensa.png\",\"contentUrl\":\"https:\\\/\\\/prensapaisa.com\\\/wp-content\\\/uploads\\\/2022\\\/05\\\/cropped-cropped-prensa.png\",\"width\":784,\"height\":524,\"caption\":\"PRENSA PAISA\"},\"image\":{\"@id\":\"https:\\\/\\\/prensapaisa.com\\\/#\\\/schema\\\/logo\\\/image\\\/\"}},{\"@type\":\"Person\",\"@id\":\"https:\\\/\\\/prensapaisa.com\\\/#\\\/schema\\\/person\\\/c5899b8b285dbcd70faec88a7c1579f6\",\"name\":\"noticias@prensapaisa.com\",\"image\":{\"@type\":\"ImageObject\",\"inLanguage\":\"es-CO\",\"@id\":\"https:\\\/\\\/secure.gravatar.com\\\/avatar\\\/ca2b49c1df14b84557c567431f045ea69c8ea5da2da50309fd4de9b811da0433?s=96&d=mm&r=g\",\"url\":\"https:\\\/\\\/secure.gravatar.com\\\/avatar\\\/ca2b49c1df14b84557c567431f045ea69c8ea5da2da50309fd4de9b811da0433?s=96&d=mm&r=g\",\"contentUrl\":\"https:\\\/\\\/secure.gravatar.com\\\/avatar\\\/ca2b49c1df14b84557c567431f045ea69c8ea5da2da50309fd4de9b811da0433?s=96&d=mm&r=g\",\"caption\":\"noticias@prensapaisa.com\"},\"sameAs\":[\"http:\\\/\\\/prensapaisa.com\"],\"url\":\"https:\\\/\\\/prensapaisa.com\\\/index.php\\\/author\\\/prensapaisagmail-com\\\/\"}]}<\/script>\n<!-- \/ Yoast SEO plugin. -->","yoast_head_json":{"title":"Capturan a la \"hormiga cachona\" o \"juanpis\" en la Comuna 13 - PRENSA PAISA","robots":{"index":"index","follow":"follow","max-snippet":"max-snippet:-1","max-image-preview":"max-image-preview:large","max-video-preview":"max-video-preview:-1"},"canonical":"https:\/\/prensapaisa.com\/index.php\/2023\/01\/05\/capturan-a-la-hormiga-cachona-o-juanpis-en-la-comuna-13\/","og_locale":"es_ES","og_type":"article","og_title":"Capturan a la \"hormiga cachona\" o \"juanpis\" en la Comuna 13 - PRENSA PAISA","og_description":"Las autoridades capturaron a un hombre que era &#8220;el terror&#8221; del barrio San Javier no solo por su maldad sino tambi\u00e9n porque le &#8220;cachoneaba&#8221; e invitaba a las chicas m\u00e1s&hellip;","og_url":"https:\/\/prensapaisa.com\/index.php\/2023\/01\/05\/capturan-a-la-hormiga-cachona-o-juanpis-en-la-comuna-13\/","og_site_name":"PRENSA PAISA","article_published_time":"2023-01-05T15:04:00+00:00","article_modified_time":"2023-01-06T15:04:09+00:00","og_image":[{"width":1156,"height":867,"url":"https:\/\/prensapaisa.com\/wp-content\/uploads\/2023\/01\/1-copia-15.jpg","type":"image\/jpeg"}],"author":"noticias@prensapaisa.com","twitter_card":"summary_large_image","twitter_misc":{"Escrito por":"noticias@prensapaisa.com","Tiempo de lectura":"2 minutos"},"schema":{"@context":"https:\/\/schema.org","@graph":[{"@type":"Article","@id":"https:\/\/prensapaisa.com\/index.php\/2023\/01\/05\/capturan-a-la-hormiga-cachona-o-juanpis-en-la-comuna-13\/#article","isPartOf":{"@id":"https:\/\/prensapaisa.com\/index.php\/2023\/01\/05\/capturan-a-la-hormiga-cachona-o-juanpis-en-la-comuna-13\/"},"author":{"name":"noticias@prensapaisa.com","@id":"https:\/\/prensapaisa.com\/#\/schema\/person\/c5899b8b285dbcd70faec88a7c1579f6"},"headline":"Capturan a la &#8220;hormiga cachona&#8221; o &#8220;juanpis&#8221; en la Comuna 13","datePublished":"2023-01-05T15:04:00+00:00","dateModified":"2023-01-06T15:04:09+00:00","mainEntityOfPage":{"@id":"https:\/\/prensapaisa.com\/index.php\/2023\/01\/05\/capturan-a-la-hormiga-cachona-o-juanpis-en-la-comuna-13\/"},"wordCount":252,"commentCount":0,"publisher":{"@id":"https:\/\/prensapaisa.com\/#organization"},"image":{"@id":"https:\/\/prensapaisa.com\/index.php\/2023\/01\/05\/capturan-a-la-hormiga-cachona-o-juanpis-en-la-comuna-13\/#primaryimage"},"thumbnailUrl":"https:\/\/prensapaisa.com\/wp-content\/uploads\/2023\/01\/1-copia-15.jpg","articleSection":["Capturas"],"inLanguage":"es-CO","potentialAction":[{"@type":"CommentAction","name":"Comment","target":["https:\/\/prensapaisa.com\/index.php\/2023\/01\/05\/capturan-a-la-hormiga-cachona-o-juanpis-en-la-comuna-13\/#respond"]}]},{"@type":"WebPage","@id":"https:\/\/prensapaisa.com\/index.php\/2023\/01\/05\/capturan-a-la-hormiga-cachona-o-juanpis-en-la-comuna-13\/","url":"https:\/\/prensapaisa.com\/index.php\/2023\/01\/05\/capturan-a-la-hormiga-cachona-o-juanpis-en-la-comuna-13\/","name":"Capturan a la \"hormiga cachona\" o \"juanpis\" en la Comuna 13 - PRENSA PAISA","isPartOf":{"@id":"https:\/\/prensapaisa.com\/#website"},"primaryImageOfPage":{"@id":"https:\/\/prensapaisa.com\/index.php\/2023\/01\/05\/capturan-a-la-hormiga-cachona-o-juanpis-en-la-comuna-13\/#primaryimage"},"image":{"@id":"https:\/\/prensapaisa.com\/index.php\/2023\/01\/05\/capturan-a-la-hormiga-cachona-o-juanpis-en-la-comuna-13\/#primaryimage"},"thumbnailUrl":"https:\/\/prensapaisa.com\/wp-content\/uploads\/2023\/01\/1-copia-15.jpg","datePublished":"2023-01-05T15:04:00+00:00","dateModified":"2023-01-06T15:04:09+00:00","breadcrumb":{"@id":"https:\/\/prensapaisa.com\/index.php\/2023\/01\/05\/capturan-a-la-hormiga-cachona-o-juanpis-en-la-comuna-13\/#breadcrumb"},"inLanguage":"es-CO","potentialAction":[{"@type":"ReadAction","target":["https:\/\/prensapaisa.com\/index.php\/2023\/01\/05\/capturan-a-la-hormiga-cachona-o-juanpis-en-la-comuna-13\/"]}]},{"@type":"ImageObject","inLanguage":"es-CO","@id":"https:\/\/prensapaisa.com\/index.php\/2023\/01\/05\/capturan-a-la-hormiga-cachona-o-juanpis-en-la-comuna-13\/#primaryimage","url":"https:\/\/prensapaisa.com\/wp-content\/uploads\/2023\/01\/1-copia-15.jpg","contentUrl":"https:\/\/prensapaisa.com\/wp-content\/uploads\/2023\/01\/1-copia-15.jpg","width":1156,"height":867},{"@type":"BreadcrumbList","@id":"https:\/\/prensapaisa.com\/index.php\/2023\/01\/05\/capturan-a-la-hormiga-cachona-o-juanpis-en-la-comuna-13\/#breadcrumb","itemListElement":[{"@type":"ListItem","position":1,"name":"Inicio","item":"https:\/\/prensapaisa.com\/"},{"@type":"ListItem","position":2,"name":"Capturan a la &#8220;hormiga cachona&#8221; o &#8220;juanpis&#8221; en la Comuna 13"}]},{"@type":"WebSite","@id":"https:\/\/prensapaisa.com\/#website","url":"https:\/\/prensapaisa.com\/","name":"PRENSA PAISA","description":"Prensa Paisa la Original | Noticias de Medell\u00edn, Antioquia","publisher":{"@id":"https:\/\/prensapaisa.com\/#organization"},"potentialAction":[{"@type":"SearchAction","target":{"@type":"EntryPoint","urlTemplate":"https:\/\/prensapaisa.com\/?s={search_term_string}"},"query-input":{"@type":"PropertyValueSpecification","valueRequired":true,"valueName":"search_term_string"}}],"inLanguage":"es-CO"},{"@type":"Organization","@id":"https:\/\/prensapaisa.com\/#organization","name":"PRENSA PAISA","url":"https:\/\/prensapaisa.com\/","logo":{"@type":"ImageObject","inLanguage":"es-CO","@id":"https:\/\/prensapaisa.com\/#\/schema\/logo\/image\/","url":"https:\/\/prensapaisa.com\/wp-content\/uploads\/2022\/05\/cropped-cropped-prensa.png","contentUrl":"https:\/\/prensapaisa.com\/wp-content\/uploads\/2022\/05\/cropped-cropped-prensa.png","width":784,"height":524,"caption":"PRENSA PAISA"},"image":{"@id":"https:\/\/prensapaisa.com\/#\/schema\/logo\/image\/"}},{"@type":"Person","@id":"https:\/\/prensapaisa.com\/#\/schema\/person\/c5899b8b285dbcd70faec88a7c1579f6","name":"noticias@prensapaisa.com","image":{"@type":"ImageObject","inLanguage":"es-CO","@id":"https:\/\/secure.gravatar.com\/avatar\/ca2b49c1df14b84557c567431f045ea69c8ea5da2da50309fd4de9b811da0433?s=96&d=mm&r=g","url":"https:\/\/secure.gravatar.com\/avatar\/ca2b49c1df14b84557c567431f045ea69c8ea5da2da50309fd4de9b811da0433?s=96&d=mm&r=g","contentUrl":"https:\/\/secure.gravatar.com\/avatar\/ca2b49c1df14b84557c567431f045ea69c8ea5da2da50309fd4de9b811da0433?s=96&d=mm&r=g","caption":"noticias@prensapaisa.com"},"sameAs":["http:\/\/prensapaisa.com"],"url":"https:\/\/prensapaisa.com\/index.php\/author\/prensapaisagmail-com\/"}]}},"_links":{"self":[{"href":"https:\/\/prensapaisa.com\/index.php\/wp-json\/wp\/v2\/posts\/9174","targetHints":{"allow":["GET"]}}],"collection":[{"href":"https:\/\/prensapaisa.com\/index.php\/wp-json\/wp\/v2\/posts"}],"about":[{"href":"https:\/\/prensapaisa.com\/index.php\/wp-json\/wp\/v2\/types\/post"}],"author":[{"embeddable":true,"href":"https:\/\/prensapaisa.com\/index.php\/wp-json\/wp\/v2\/users\/1"}],"replies":[{"embeddable":true,"href":"https:\/\/prensapaisa.com\/index.php\/wp-json\/wp\/v2\/comments?post=9174"}],"version-history":[{"count":1,"href":"https:\/\/prensapaisa.com\/index.php\/wp-json\/wp\/v2\/posts\/9174\/revisions"}],"predecessor-version":[{"id":9176,"href":"https:\/\/prensapaisa.com\/index.php\/wp-json\/wp\/v2\/posts\/9174\/revisions\/9176"}],"wp:featuredmedia":[{"embeddable":true,"href":"https:\/\/prensapaisa.com\/index.php\/wp-json\/wp\/v2\/media\/9175"}],"wp:attachment":[{"href":"https:\/\/prensapaisa.com\/index.php\/wp-json\/wp\/v2\/media?parent=9174"}],"wp:term":[{"taxonomy":"category","embeddable":true,"href":"https:\/\/prensapaisa.com\/index.php\/wp-json\/wp\/v2\/categories?post=9174"},{"taxonomy":"post_tag","embeddable":true,"href":"https:\/\/prensapaisa.com\/index.php\/wp-json\/wp\/v2\/tags?post=9174"}],"curies":[{"name":"wp","href":"https:\/\/api.w.org\/{rel}","templated":true}]}}