{"id":9158,"date":"2023-01-06T09:59:29","date_gmt":"2023-01-06T14:59:29","guid":{"rendered":"https:\/\/prensapaisa.com\/?p=9158"},"modified":"2023-01-06T09:59:29","modified_gmt":"2023-01-06T14:59:29","slug":"mas-de-40-anos-de-carcel-por-quitarle-la-vida-a-su-amada-y-a-su-hijo","status":"publish","type":"post","link":"https:\/\/prensapaisa.com\/index.php\/2023\/01\/06\/mas-de-40-anos-de-carcel-por-quitarle-la-vida-a-su-amada-y-a-su-hijo\/","title":{"rendered":"M\u00e1s de 40 a\u00f1os de c\u00e1rcel por quitarle la vida a su amada y a su hijo"},"content":{"rendered":"\n<p>42 a\u00f1os de prisi\u00f3n para un hombre que asesin\u00f3 a su pareja e hijo en Copacabana, la familia tuvo que ofrecer recompensa para la captura.<\/p>\n\n\n\n<p>&#8220;En medio del drama por la b\u00fasqueda de justicia, los familiares de una mujer asesinada junto a su hijo en Copacabana, Antioquia , tuvieron que hacer de todo, como pegar carteles y hasta ofrecer una recompensa para que pudiesen capturar y condenar al responsable del <a><\/a>feminicidio.<\/p>\n\n\n\n<p>Mar\u00eda Ang\u00e9lica Ram\u00edrez, de 30 a\u00f1os, quien fue asesinada junto a su hijo de 14 a\u00f1os en su casa, en Copacabana, Antioquia, el pasado 9 de diciembre del 2021, seg\u00fan la investigaci\u00f3n, por su propia pareja, Eduardo L\u00f3pez.<\/p>\n\n\n\n<p>El susodicho, en su momento, se dio a la fuga pero la familia Ram\u00edrez hizo de todo para su captura y para que el crimen de Mar\u00eda Ang\u00e9lica fuera tipificado como feminicidio.<\/p>\n\n\n\n<p>La familia tuvo que hacer marchas, viajaron por municipios ofreciendo recompensas, pegando carteles de \u201cse busca\u201d y hasta contratando expertos abogado penalistas.<\/p>\n\n\n\n<p>Finalmente, el hoy sentenciado como culpable, fue capturado un mes y medio despu\u00e9s del crimen en el municipio de Granada, Antioquia. Tras el proceso, fue condenado a 42 a\u00f1os en prisi\u00f3n.<\/p>\n\n\n\n<p>A esta altura del a\u00f1o, las autoridades ya confirmaron 5 feminicidios en el pa\u00eds. En Antioquia, dos hechos est\u00e1n en investigaci\u00f3n; uno ocurrido en el municipio de Yond\u00f3 y otro en el barrio Moravia de Medell\u00edn&#8221;.<\/p>\n\n\n\n<figure class=\"wp-block-embed is-type-video is-provider-youtube wp-block-embed-youtube wp-embed-aspect-16-9 wp-has-aspect-ratio\"><div class=\"wp-block-embed__wrapper\">\n<iframe title=\"M\u00e1s de 40 a\u00f1os de c\u00e1rcel por quitarle la vida a su amada y a su hijo\" width=\"1170\" height=\"658\" src=\"https:\/\/www.youtube.com\/embed\/9oaYSMqyNSo?feature=oembed\" frameborder=\"0\" allow=\"accelerometer; autoplay; clipboard-write; encrypted-media; gyroscope; picture-in-picture; web-share\" allowfullscreen><\/iframe>\n<\/div><\/figure>\n\n\n\n<figure class=\"wp-block-gallery has-nested-images columns-default is-cropped wp-block-gallery-1 is-layout-flex wp-block-gallery-is-layout-flex\">\n<figure class=\"wp-block-image size-large\"><img fetchpriority=\"high\" decoding=\"async\" width=\"1024\" height=\"979\" data-id=\"9162\" src=\"https:\/\/prensapaisa.com\/wp-content\/uploads\/2023\/01\/1-copia-12-1024x979.jpg\" alt=\"\" class=\"wp-image-9162\" srcset=\"https:\/\/prensapaisa.com\/wp-content\/uploads\/2023\/01\/1-copia-12-1024x979.jpg 1024w, https:\/\/prensapaisa.com\/wp-content\/uploads\/2023\/01\/1-copia-12-300x287.jpg 300w, https:\/\/prensapaisa.com\/wp-content\/uploads\/2023\/01\/1-copia-12-768x735.jpg 768w, https:\/\/prensapaisa.com\/wp-content\/uploads\/2023\/01\/1-copia-12-585x560.jpg 585w, https:\/\/prensapaisa.com\/wp-content\/uploads\/2023\/01\/1-copia-12.jpg 1080w\" sizes=\"(max-width: 1024px) 100vw, 1024px\" \/><\/figure>\n\n\n\n<figure class=\"wp-block-image size-large\"><img decoding=\"async\" width=\"828\" height=\"829\" data-id=\"9161\" src=\"https:\/\/prensapaisa.com\/wp-content\/uploads\/2023\/01\/1-9.jpg\" alt=\"\" class=\"wp-image-9161\" srcset=\"https:\/\/prensapaisa.com\/wp-content\/uploads\/2023\/01\/1-9.jpg 828w, https:\/\/prensapaisa.com\/wp-content\/uploads\/2023\/01\/1-9-300x300.jpg 300w, https:\/\/prensapaisa.com\/wp-content\/uploads\/2023\/01\/1-9-150x150.jpg 150w, https:\/\/prensapaisa.com\/wp-content\/uploads\/2023\/01\/1-9-768x769.jpg 768w, https:\/\/prensapaisa.com\/wp-content\/uploads\/2023\/01\/1-9-585x585.jpg 585w\" sizes=\"(max-width: 828px) 100vw, 828px\" \/><\/figure>\n\n\n\n<figure class=\"wp-block-image size-large\"><img decoding=\"async\" width=\"753\" height=\"511\" data-id=\"9160\" src=\"https:\/\/prensapaisa.com\/wp-content\/uploads\/2023\/01\/2-5.jpg\" alt=\"\" class=\"wp-image-9160\" srcset=\"https:\/\/prensapaisa.com\/wp-content\/uploads\/2023\/01\/2-5.jpg 753w, https:\/\/prensapaisa.com\/wp-content\/uploads\/2023\/01\/2-5-300x204.jpg 300w, https:\/\/prensapaisa.com\/wp-content\/uploads\/2023\/01\/2-5-585x397.jpg 585w\" sizes=\"(max-width: 753px) 100vw, 753px\" \/><\/figure>\n<\/figure>\n","protected":false},"excerpt":{"rendered":"<p>42 a\u00f1os de prisi\u00f3n para un hombre que asesin\u00f3 a su pareja e hijo en Copacabana, la familia tuvo que ofrecer recompensa para la captura. &#8220;En medio del drama por&hellip;<\/p>\n","protected":false},"author":1,"featured_media":9159,"comment_status":"open","ping_status":"open","sticky":false,"template":"","format":"standard","meta":{"footnotes":""},"categories":[49,43,16,1],"tags":[],"class_list":["post-9158","post","type-post","status-publish","format-standard","has-post-thumbnail","hentry","category-capturas","category-fallecidos","category-municipios","category-noticias"],"yoast_head":"<!-- This site is optimized with the Yoast SEO plugin v27.4 - https:\/\/yoast.com\/product\/yoast-seo-wordpress\/ -->\n<title>M\u00e1s de 40 a\u00f1os de c\u00e1rcel por quitarle la vida a su amada y a su hijo - PRENSA PAISA<\/title>\n<meta name=\"robots\" content=\"index, follow, max-snippet:-1, max-image-preview:large, max-video-preview:-1\" \/>\n<link rel=\"canonical\" href=\"https:\/\/prensapaisa.com\/index.php\/2023\/01\/06\/mas-de-40-anos-de-carcel-por-quitarle-la-vida-a-su-amada-y-a-su-hijo\/\" \/>\n<meta property=\"og:locale\" content=\"es_ES\" \/>\n<meta property=\"og:type\" content=\"article\" \/>\n<meta property=\"og:title\" content=\"M\u00e1s de 40 a\u00f1os de c\u00e1rcel por quitarle la vida a su amada y a su hijo - PRENSA PAISA\" \/>\n<meta property=\"og:description\" content=\"42 a\u00f1os de prisi\u00f3n para un hombre que asesin\u00f3 a su pareja e hijo en Copacabana, la familia tuvo que ofrecer recompensa para la captura. &#8220;En medio del drama por&hellip;\" \/>\n<meta property=\"og:url\" content=\"https:\/\/prensapaisa.com\/index.php\/2023\/01\/06\/mas-de-40-anos-de-carcel-por-quitarle-la-vida-a-su-amada-y-a-su-hijo\/\" \/>\n<meta property=\"og:site_name\" content=\"PRENSA PAISA\" \/>\n<meta property=\"article:published_time\" content=\"2023-01-06T14:59:29+00:00\" \/>\n<meta property=\"og:image\" content=\"https:\/\/prensapaisa.com\/wp-content\/uploads\/2023\/01\/3-copia-3.jpg\" \/>\n\t<meta property=\"og:image:width\" content=\"768\" \/>\n\t<meta property=\"og:image:height\" content=\"432\" \/>\n\t<meta property=\"og:image:type\" content=\"image\/jpeg\" \/>\n<meta name=\"author\" content=\"noticias@prensapaisa.com\" \/>\n<meta name=\"twitter:card\" content=\"summary_large_image\" \/>\n<meta name=\"twitter:label1\" content=\"Escrito por\" \/>\n\t<meta name=\"twitter:data1\" content=\"noticias@prensapaisa.com\" \/>\n\t<meta name=\"twitter:label2\" content=\"Tiempo de lectura\" \/>\n\t<meta name=\"twitter:data2\" content=\"2 minutos\" \/>\n<script type=\"application\/ld+json\" class=\"yoast-schema-graph\">{\"@context\":\"https:\\\/\\\/schema.org\",\"@graph\":[{\"@type\":\"Article\",\"@id\":\"https:\\\/\\\/prensapaisa.com\\\/index.php\\\/2023\\\/01\\\/06\\\/mas-de-40-anos-de-carcel-por-quitarle-la-vida-a-su-amada-y-a-su-hijo\\\/#article\",\"isPartOf\":{\"@id\":\"https:\\\/\\\/prensapaisa.com\\\/index.php\\\/2023\\\/01\\\/06\\\/mas-de-40-anos-de-carcel-por-quitarle-la-vida-a-su-amada-y-a-su-hijo\\\/\"},\"author\":{\"name\":\"noticias@prensapaisa.com\",\"@id\":\"https:\\\/\\\/prensapaisa.com\\\/#\\\/schema\\\/person\\\/c5899b8b285dbcd70faec88a7c1579f6\"},\"headline\":\"M\u00e1s de 40 a\u00f1os de c\u00e1rcel por quitarle la vida a su amada y a su hijo\",\"datePublished\":\"2023-01-06T14:59:29+00:00\",\"mainEntityOfPage\":{\"@id\":\"https:\\\/\\\/prensapaisa.com\\\/index.php\\\/2023\\\/01\\\/06\\\/mas-de-40-anos-de-carcel-por-quitarle-la-vida-a-su-amada-y-a-su-hijo\\\/\"},\"wordCount\":267,\"commentCount\":0,\"publisher\":{\"@id\":\"https:\\\/\\\/prensapaisa.com\\\/#organization\"},\"image\":{\"@id\":\"https:\\\/\\\/prensapaisa.com\\\/index.php\\\/2023\\\/01\\\/06\\\/mas-de-40-anos-de-carcel-por-quitarle-la-vida-a-su-amada-y-a-su-hijo\\\/#primaryimage\"},\"thumbnailUrl\":\"https:\\\/\\\/prensapaisa.com\\\/wp-content\\\/uploads\\\/2023\\\/01\\\/3-copia-3.jpg\",\"articleSection\":[\"Capturas\",\"Fallecidos\",\"Municipios\",\"Noticias\"],\"inLanguage\":\"es-CO\",\"potentialAction\":[{\"@type\":\"CommentAction\",\"name\":\"Comment\",\"target\":[\"https:\\\/\\\/prensapaisa.com\\\/index.php\\\/2023\\\/01\\\/06\\\/mas-de-40-anos-de-carcel-por-quitarle-la-vida-a-su-amada-y-a-su-hijo\\\/#respond\"]}]},{\"@type\":\"WebPage\",\"@id\":\"https:\\\/\\\/prensapaisa.com\\\/index.php\\\/2023\\\/01\\\/06\\\/mas-de-40-anos-de-carcel-por-quitarle-la-vida-a-su-amada-y-a-su-hijo\\\/\",\"url\":\"https:\\\/\\\/prensapaisa.com\\\/index.php\\\/2023\\\/01\\\/06\\\/mas-de-40-anos-de-carcel-por-quitarle-la-vida-a-su-amada-y-a-su-hijo\\\/\",\"name\":\"M\u00e1s de 40 a\u00f1os de c\u00e1rcel por quitarle la vida a su amada y a su hijo - PRENSA PAISA\",\"isPartOf\":{\"@id\":\"https:\\\/\\\/prensapaisa.com\\\/#website\"},\"primaryImageOfPage\":{\"@id\":\"https:\\\/\\\/prensapaisa.com\\\/index.php\\\/2023\\\/01\\\/06\\\/mas-de-40-anos-de-carcel-por-quitarle-la-vida-a-su-amada-y-a-su-hijo\\\/#primaryimage\"},\"image\":{\"@id\":\"https:\\\/\\\/prensapaisa.com\\\/index.php\\\/2023\\\/01\\\/06\\\/mas-de-40-anos-de-carcel-por-quitarle-la-vida-a-su-amada-y-a-su-hijo\\\/#primaryimage\"},\"thumbnailUrl\":\"https:\\\/\\\/prensapaisa.com\\\/wp-content\\\/uploads\\\/2023\\\/01\\\/3-copia-3.jpg\",\"datePublished\":\"2023-01-06T14:59:29+00:00\",\"breadcrumb\":{\"@id\":\"https:\\\/\\\/prensapaisa.com\\\/index.php\\\/2023\\\/01\\\/06\\\/mas-de-40-anos-de-carcel-por-quitarle-la-vida-a-su-amada-y-a-su-hijo\\\/#breadcrumb\"},\"inLanguage\":\"es-CO\",\"potentialAction\":[{\"@type\":\"ReadAction\",\"target\":[\"https:\\\/\\\/prensapaisa.com\\\/index.php\\\/2023\\\/01\\\/06\\\/mas-de-40-anos-de-carcel-por-quitarle-la-vida-a-su-amada-y-a-su-hijo\\\/\"]}]},{\"@type\":\"ImageObject\",\"inLanguage\":\"es-CO\",\"@id\":\"https:\\\/\\\/prensapaisa.com\\\/index.php\\\/2023\\\/01\\\/06\\\/mas-de-40-anos-de-carcel-por-quitarle-la-vida-a-su-amada-y-a-su-hijo\\\/#primaryimage\",\"url\":\"https:\\\/\\\/prensapaisa.com\\\/wp-content\\\/uploads\\\/2023\\\/01\\\/3-copia-3.jpg\",\"contentUrl\":\"https:\\\/\\\/prensapaisa.com\\\/wp-content\\\/uploads\\\/2023\\\/01\\\/3-copia-3.jpg\",\"width\":768,\"height\":432},{\"@type\":\"BreadcrumbList\",\"@id\":\"https:\\\/\\\/prensapaisa.com\\\/index.php\\\/2023\\\/01\\\/06\\\/mas-de-40-anos-de-carcel-por-quitarle-la-vida-a-su-amada-y-a-su-hijo\\\/#breadcrumb\",\"itemListElement\":[{\"@type\":\"ListItem\",\"position\":1,\"name\":\"Inicio\",\"item\":\"https:\\\/\\\/prensapaisa.com\\\/\"},{\"@type\":\"ListItem\",\"position\":2,\"name\":\"M\u00e1s de 40 a\u00f1os de c\u00e1rcel por quitarle la vida a su amada y a su hijo\"}]},{\"@type\":\"WebSite\",\"@id\":\"https:\\\/\\\/prensapaisa.com\\\/#website\",\"url\":\"https:\\\/\\\/prensapaisa.com\\\/\",\"name\":\"PRENSA PAISA\",\"description\":\"Prensa Paisa la Original | Noticias de Medell\u00edn, Antioquia\",\"publisher\":{\"@id\":\"https:\\\/\\\/prensapaisa.com\\\/#organization\"},\"potentialAction\":[{\"@type\":\"SearchAction\",\"target\":{\"@type\":\"EntryPoint\",\"urlTemplate\":\"https:\\\/\\\/prensapaisa.com\\\/?s={search_term_string}\"},\"query-input\":{\"@type\":\"PropertyValueSpecification\",\"valueRequired\":true,\"valueName\":\"search_term_string\"}}],\"inLanguage\":\"es-CO\"},{\"@type\":\"Organization\",\"@id\":\"https:\\\/\\\/prensapaisa.com\\\/#organization\",\"name\":\"PRENSA PAISA\",\"url\":\"https:\\\/\\\/prensapaisa.com\\\/\",\"logo\":{\"@type\":\"ImageObject\",\"inLanguage\":\"es-CO\",\"@id\":\"https:\\\/\\\/prensapaisa.com\\\/#\\\/schema\\\/logo\\\/image\\\/\",\"url\":\"https:\\\/\\\/prensapaisa.com\\\/wp-content\\\/uploads\\\/2022\\\/05\\\/cropped-cropped-prensa.png\",\"contentUrl\":\"https:\\\/\\\/prensapaisa.com\\\/wp-content\\\/uploads\\\/2022\\\/05\\\/cropped-cropped-prensa.png\",\"width\":784,\"height\":524,\"caption\":\"PRENSA PAISA\"},\"image\":{\"@id\":\"https:\\\/\\\/prensapaisa.com\\\/#\\\/schema\\\/logo\\\/image\\\/\"}},{\"@type\":\"Person\",\"@id\":\"https:\\\/\\\/prensapaisa.com\\\/#\\\/schema\\\/person\\\/c5899b8b285dbcd70faec88a7c1579f6\",\"name\":\"noticias@prensapaisa.com\",\"image\":{\"@type\":\"ImageObject\",\"inLanguage\":\"es-CO\",\"@id\":\"https:\\\/\\\/secure.gravatar.com\\\/avatar\\\/ca2b49c1df14b84557c567431f045ea69c8ea5da2da50309fd4de9b811da0433?s=96&d=mm&r=g\",\"url\":\"https:\\\/\\\/secure.gravatar.com\\\/avatar\\\/ca2b49c1df14b84557c567431f045ea69c8ea5da2da50309fd4de9b811da0433?s=96&d=mm&r=g\",\"contentUrl\":\"https:\\\/\\\/secure.gravatar.com\\\/avatar\\\/ca2b49c1df14b84557c567431f045ea69c8ea5da2da50309fd4de9b811da0433?s=96&d=mm&r=g\",\"caption\":\"noticias@prensapaisa.com\"},\"sameAs\":[\"http:\\\/\\\/prensapaisa.com\"],\"url\":\"https:\\\/\\\/prensapaisa.com\\\/index.php\\\/author\\\/prensapaisagmail-com\\\/\"}]}<\/script>\n<!-- \/ Yoast SEO plugin. -->","yoast_head_json":{"title":"M\u00e1s de 40 a\u00f1os de c\u00e1rcel por quitarle la vida a su amada y a su hijo - PRENSA PAISA","robots":{"index":"index","follow":"follow","max-snippet":"max-snippet:-1","max-image-preview":"max-image-preview:large","max-video-preview":"max-video-preview:-1"},"canonical":"https:\/\/prensapaisa.com\/index.php\/2023\/01\/06\/mas-de-40-anos-de-carcel-por-quitarle-la-vida-a-su-amada-y-a-su-hijo\/","og_locale":"es_ES","og_type":"article","og_title":"M\u00e1s de 40 a\u00f1os de c\u00e1rcel por quitarle la vida a su amada y a su hijo - PRENSA PAISA","og_description":"42 a\u00f1os de prisi\u00f3n para un hombre que asesin\u00f3 a su pareja e hijo en Copacabana, la familia tuvo que ofrecer recompensa para la captura. &#8220;En medio del drama por&hellip;","og_url":"https:\/\/prensapaisa.com\/index.php\/2023\/01\/06\/mas-de-40-anos-de-carcel-por-quitarle-la-vida-a-su-amada-y-a-su-hijo\/","og_site_name":"PRENSA PAISA","article_published_time":"2023-01-06T14:59:29+00:00","og_image":[{"width":768,"height":432,"url":"https:\/\/prensapaisa.com\/wp-content\/uploads\/2023\/01\/3-copia-3.jpg","type":"image\/jpeg"}],"author":"noticias@prensapaisa.com","twitter_card":"summary_large_image","twitter_misc":{"Escrito por":"noticias@prensapaisa.com","Tiempo de lectura":"2 minutos"},"schema":{"@context":"https:\/\/schema.org","@graph":[{"@type":"Article","@id":"https:\/\/prensapaisa.com\/index.php\/2023\/01\/06\/mas-de-40-anos-de-carcel-por-quitarle-la-vida-a-su-amada-y-a-su-hijo\/#article","isPartOf":{"@id":"https:\/\/prensapaisa.com\/index.php\/2023\/01\/06\/mas-de-40-anos-de-carcel-por-quitarle-la-vida-a-su-amada-y-a-su-hijo\/"},"author":{"name":"noticias@prensapaisa.com","@id":"https:\/\/prensapaisa.com\/#\/schema\/person\/c5899b8b285dbcd70faec88a7c1579f6"},"headline":"M\u00e1s de 40 a\u00f1os de c\u00e1rcel por quitarle la vida a su amada y a su hijo","datePublished":"2023-01-06T14:59:29+00:00","mainEntityOfPage":{"@id":"https:\/\/prensapaisa.com\/index.php\/2023\/01\/06\/mas-de-40-anos-de-carcel-por-quitarle-la-vida-a-su-amada-y-a-su-hijo\/"},"wordCount":267,"commentCount":0,"publisher":{"@id":"https:\/\/prensapaisa.com\/#organization"},"image":{"@id":"https:\/\/prensapaisa.com\/index.php\/2023\/01\/06\/mas-de-40-anos-de-carcel-por-quitarle-la-vida-a-su-amada-y-a-su-hijo\/#primaryimage"},"thumbnailUrl":"https:\/\/prensapaisa.com\/wp-content\/uploads\/2023\/01\/3-copia-3.jpg","articleSection":["Capturas","Fallecidos","Municipios","Noticias"],"inLanguage":"es-CO","potentialAction":[{"@type":"CommentAction","name":"Comment","target":["https:\/\/prensapaisa.com\/index.php\/2023\/01\/06\/mas-de-40-anos-de-carcel-por-quitarle-la-vida-a-su-amada-y-a-su-hijo\/#respond"]}]},{"@type":"WebPage","@id":"https:\/\/prensapaisa.com\/index.php\/2023\/01\/06\/mas-de-40-anos-de-carcel-por-quitarle-la-vida-a-su-amada-y-a-su-hijo\/","url":"https:\/\/prensapaisa.com\/index.php\/2023\/01\/06\/mas-de-40-anos-de-carcel-por-quitarle-la-vida-a-su-amada-y-a-su-hijo\/","name":"M\u00e1s de 40 a\u00f1os de c\u00e1rcel por quitarle la vida a su amada y a su hijo - PRENSA PAISA","isPartOf":{"@id":"https:\/\/prensapaisa.com\/#website"},"primaryImageOfPage":{"@id":"https:\/\/prensapaisa.com\/index.php\/2023\/01\/06\/mas-de-40-anos-de-carcel-por-quitarle-la-vida-a-su-amada-y-a-su-hijo\/#primaryimage"},"image":{"@id":"https:\/\/prensapaisa.com\/index.php\/2023\/01\/06\/mas-de-40-anos-de-carcel-por-quitarle-la-vida-a-su-amada-y-a-su-hijo\/#primaryimage"},"thumbnailUrl":"https:\/\/prensapaisa.com\/wp-content\/uploads\/2023\/01\/3-copia-3.jpg","datePublished":"2023-01-06T14:59:29+00:00","breadcrumb":{"@id":"https:\/\/prensapaisa.com\/index.php\/2023\/01\/06\/mas-de-40-anos-de-carcel-por-quitarle-la-vida-a-su-amada-y-a-su-hijo\/#breadcrumb"},"inLanguage":"es-CO","potentialAction":[{"@type":"ReadAction","target":["https:\/\/prensapaisa.com\/index.php\/2023\/01\/06\/mas-de-40-anos-de-carcel-por-quitarle-la-vida-a-su-amada-y-a-su-hijo\/"]}]},{"@type":"ImageObject","inLanguage":"es-CO","@id":"https:\/\/prensapaisa.com\/index.php\/2023\/01\/06\/mas-de-40-anos-de-carcel-por-quitarle-la-vida-a-su-amada-y-a-su-hijo\/#primaryimage","url":"https:\/\/prensapaisa.com\/wp-content\/uploads\/2023\/01\/3-copia-3.jpg","contentUrl":"https:\/\/prensapaisa.com\/wp-content\/uploads\/2023\/01\/3-copia-3.jpg","width":768,"height":432},{"@type":"BreadcrumbList","@id":"https:\/\/prensapaisa.com\/index.php\/2023\/01\/06\/mas-de-40-anos-de-carcel-por-quitarle-la-vida-a-su-amada-y-a-su-hijo\/#breadcrumb","itemListElement":[{"@type":"ListItem","position":1,"name":"Inicio","item":"https:\/\/prensapaisa.com\/"},{"@type":"ListItem","position":2,"name":"M\u00e1s de 40 a\u00f1os de c\u00e1rcel por quitarle la vida a su amada y a su hijo"}]},{"@type":"WebSite","@id":"https:\/\/prensapaisa.com\/#website","url":"https:\/\/prensapaisa.com\/","name":"PRENSA PAISA","description":"Prensa Paisa la Original | Noticias de Medell\u00edn, Antioquia","publisher":{"@id":"https:\/\/prensapaisa.com\/#organization"},"potentialAction":[{"@type":"SearchAction","target":{"@type":"EntryPoint","urlTemplate":"https:\/\/prensapaisa.com\/?s={search_term_string}"},"query-input":{"@type":"PropertyValueSpecification","valueRequired":true,"valueName":"search_term_string"}}],"inLanguage":"es-CO"},{"@type":"Organization","@id":"https:\/\/prensapaisa.com\/#organization","name":"PRENSA PAISA","url":"https:\/\/prensapaisa.com\/","logo":{"@type":"ImageObject","inLanguage":"es-CO","@id":"https:\/\/prensapaisa.com\/#\/schema\/logo\/image\/","url":"https:\/\/prensapaisa.com\/wp-content\/uploads\/2022\/05\/cropped-cropped-prensa.png","contentUrl":"https:\/\/prensapaisa.com\/wp-content\/uploads\/2022\/05\/cropped-cropped-prensa.png","width":784,"height":524,"caption":"PRENSA PAISA"},"image":{"@id":"https:\/\/prensapaisa.com\/#\/schema\/logo\/image\/"}},{"@type":"Person","@id":"https:\/\/prensapaisa.com\/#\/schema\/person\/c5899b8b285dbcd70faec88a7c1579f6","name":"noticias@prensapaisa.com","image":{"@type":"ImageObject","inLanguage":"es-CO","@id":"https:\/\/secure.gravatar.com\/avatar\/ca2b49c1df14b84557c567431f045ea69c8ea5da2da50309fd4de9b811da0433?s=96&d=mm&r=g","url":"https:\/\/secure.gravatar.com\/avatar\/ca2b49c1df14b84557c567431f045ea69c8ea5da2da50309fd4de9b811da0433?s=96&d=mm&r=g","contentUrl":"https:\/\/secure.gravatar.com\/avatar\/ca2b49c1df14b84557c567431f045ea69c8ea5da2da50309fd4de9b811da0433?s=96&d=mm&r=g","caption":"noticias@prensapaisa.com"},"sameAs":["http:\/\/prensapaisa.com"],"url":"https:\/\/prensapaisa.com\/index.php\/author\/prensapaisagmail-com\/"}]}},"_links":{"self":[{"href":"https:\/\/prensapaisa.com\/index.php\/wp-json\/wp\/v2\/posts\/9158","targetHints":{"allow":["GET"]}}],"collection":[{"href":"https:\/\/prensapaisa.com\/index.php\/wp-json\/wp\/v2\/posts"}],"about":[{"href":"https:\/\/prensapaisa.com\/index.php\/wp-json\/wp\/v2\/types\/post"}],"author":[{"embeddable":true,"href":"https:\/\/prensapaisa.com\/index.php\/wp-json\/wp\/v2\/users\/1"}],"replies":[{"embeddable":true,"href":"https:\/\/prensapaisa.com\/index.php\/wp-json\/wp\/v2\/comments?post=9158"}],"version-history":[{"count":1,"href":"https:\/\/prensapaisa.com\/index.php\/wp-json\/wp\/v2\/posts\/9158\/revisions"}],"predecessor-version":[{"id":9163,"href":"https:\/\/prensapaisa.com\/index.php\/wp-json\/wp\/v2\/posts\/9158\/revisions\/9163"}],"wp:featuredmedia":[{"embeddable":true,"href":"https:\/\/prensapaisa.com\/index.php\/wp-json\/wp\/v2\/media\/9159"}],"wp:attachment":[{"href":"https:\/\/prensapaisa.com\/index.php\/wp-json\/wp\/v2\/media?parent=9158"}],"wp:term":[{"taxonomy":"category","embeddable":true,"href":"https:\/\/prensapaisa.com\/index.php\/wp-json\/wp\/v2\/categories?post=9158"},{"taxonomy":"post_tag","embeddable":true,"href":"https:\/\/prensapaisa.com\/index.php\/wp-json\/wp\/v2\/tags?post=9158"}],"curies":[{"name":"wp","href":"https:\/\/api.w.org\/{rel}","templated":true}]}}