{"id":9083,"date":"2022-12-29T18:49:38","date_gmt":"2022-12-29T23:49:38","guid":{"rendered":"https:\/\/prensapaisa.com\/?p=9083"},"modified":"2022-12-30T18:49:53","modified_gmt":"2022-12-30T23:49:53","slug":"capturan-a-un-extranjero-responsable-de-asesinar-a-tres-personas-en-salgar-antioquia","status":"publish","type":"post","link":"https:\/\/prensapaisa.com\/index.php\/2022\/12\/29\/capturan-a-un-extranjero-responsable-de-asesinar-a-tres-personas-en-salgar-antioquia\/","title":{"rendered":"Capturan a un extranjero responsable de asesinar a tres personas en Salgar, Antioquia"},"content":{"rendered":"\n<p>&#8220;El ciudadano extranjero Gherald Miguel \u00c1ngel Newton Leal, conocido con el alias del Chamo, quien fue capturado en las \u00faltimas horas en Medell\u00edn, fue enviado a la c\u00e1rcel inform\u00f3 la Fiscal\u00eda General de la Naci\u00f3n.<\/p>\n\n\n\n<p>Esta <a><\/a>persona es se\u00f1alada de participar en la muerte violenta de tres hombres y atentar contra la vida de uno m\u00e1s en zona rural del municipio de Salgar en el suroeste del departamento antioque\u00f1o, el ocho de enero de este a\u00f1o.<\/p>\n\n\n\n<p>El primer homicidio fue perpetrado en la vereda La Siberia. All\u00ed alias el Chamo, habr\u00eda ingresado con varias personas a la vivienda de Esteven Hernando Fern\u00e1ndez C\u00f3rdoba, de 26 a\u00f1os, contra quien habr\u00edan disparado indiscriminadamente y luego de perpetrar este crimen habr\u00edan hurtado la motocicleta de la v\u00edctima y huido del lugar.<\/p>\n\n\n\n<p>Dos horas m\u00e1s tarde se desplazaron hasta una finca llamada Carrizal, ubicada en la vereda La Yaruma y all\u00ed acabaron con la vida de Jos\u00e9 Dar\u00edo Galeano Mu\u00f1oz, de 67 a\u00f1os de edad, adem\u00e1s habr\u00eda resultado lesionado Arley de Jes\u00fas Restrepo Galeano.<\/p>\n\n\n\n<p>Pasados unos minutos llegaron hasta la finca La Gacela, ubicada en esta misma vereda, y habr\u00edan disparado en varias ocasiones y cegando la vida de Jes\u00fas Mar\u00eda Urrea Mesa, de 66 a\u00f1os.<\/p>\n\n\n\n<p>Daniel Parada Bermudez, director Seccional de Fiscal\u00edas de Antioquia, revel\u00f3 que luego de cometer estos cr\u00edmenes, los presuntos responsables abandonaron la motocicleta en zona rural del municipio de Concordia. Alias Chamo fue capturado en las \u00faltimas horas en Medell\u00edn por unidades de la Polic\u00eda, revel\u00f3 el fiscal<\/p>\n\n\n\n<p>Gherald Miguel \u00c1ngel Newton Leal, conocido con el alias del Chamo, no acept\u00f3 los cargos imputados por un fiscal de la unidad de homicidios de la direcci\u00f3n seccional de Fiscal\u00edas de Antioquia de los delitos de triple homicidio agravado, tentativa de homicidio agravado y porte ilegal de armas de fuego&#8221;.<\/p>\n","protected":false},"excerpt":{"rendered":"<p>&#8220;El ciudadano extranjero Gherald Miguel \u00c1ngel Newton Leal, conocido con el alias del Chamo, quien fue capturado en las \u00faltimas horas en Medell\u00edn, fue enviado a la c\u00e1rcel inform\u00f3 la&hellip;<\/p>\n","protected":false},"author":1,"featured_media":9084,"comment_status":"open","ping_status":"open","sticky":false,"template":"","format":"standard","meta":{"footnotes":""},"categories":[49],"tags":[],"class_list":["post-9083","post","type-post","status-publish","format-standard","has-post-thumbnail","hentry","category-capturas"],"yoast_head":"<!-- This site is optimized with the Yoast SEO plugin v27.4 - https:\/\/yoast.com\/product\/yoast-seo-wordpress\/ -->\n<title>Capturan a un extranjero responsable de asesinar a tres personas en Salgar, Antioquia - PRENSA PAISA<\/title>\n<meta name=\"robots\" content=\"index, follow, max-snippet:-1, max-image-preview:large, max-video-preview:-1\" \/>\n<link rel=\"canonical\" href=\"https:\/\/prensapaisa.com\/index.php\/2022\/12\/29\/capturan-a-un-extranjero-responsable-de-asesinar-a-tres-personas-en-salgar-antioquia\/\" \/>\n<meta property=\"og:locale\" content=\"es_ES\" \/>\n<meta property=\"og:type\" content=\"article\" \/>\n<meta property=\"og:title\" content=\"Capturan a un extranjero responsable de asesinar a tres personas en Salgar, Antioquia - PRENSA PAISA\" \/>\n<meta property=\"og:description\" content=\"&#8220;El ciudadano extranjero Gherald Miguel \u00c1ngel Newton Leal, conocido con el alias del Chamo, quien fue capturado en las \u00faltimas horas en Medell\u00edn, fue enviado a la c\u00e1rcel inform\u00f3 la&hellip;\" \/>\n<meta property=\"og:url\" content=\"https:\/\/prensapaisa.com\/index.php\/2022\/12\/29\/capturan-a-un-extranjero-responsable-de-asesinar-a-tres-personas-en-salgar-antioquia\/\" \/>\n<meta property=\"og:site_name\" content=\"PRENSA PAISA\" \/>\n<meta property=\"article:published_time\" content=\"2022-12-29T23:49:38+00:00\" \/>\n<meta property=\"article:modified_time\" content=\"2022-12-30T23:49:53+00:00\" \/>\n<meta property=\"og:image\" content=\"https:\/\/prensapaisa.com\/wp-content\/uploads\/2022\/12\/1-copia-106.jpg\" \/>\n\t<meta property=\"og:image:width\" content=\"696\" \/>\n\t<meta property=\"og:image:height\" content=\"523\" \/>\n\t<meta property=\"og:image:type\" content=\"image\/jpeg\" \/>\n<meta name=\"author\" content=\"noticias@prensapaisa.com\" \/>\n<meta name=\"twitter:card\" content=\"summary_large_image\" \/>\n<meta name=\"twitter:label1\" content=\"Escrito por\" \/>\n\t<meta name=\"twitter:data1\" content=\"noticias@prensapaisa.com\" \/>\n\t<meta name=\"twitter:label2\" content=\"Tiempo de lectura\" \/>\n\t<meta name=\"twitter:data2\" content=\"2 minutos\" \/>\n<script type=\"application\/ld+json\" class=\"yoast-schema-graph\">{\"@context\":\"https:\\\/\\\/schema.org\",\"@graph\":[{\"@type\":\"Article\",\"@id\":\"https:\\\/\\\/prensapaisa.com\\\/index.php\\\/2022\\\/12\\\/29\\\/capturan-a-un-extranjero-responsable-de-asesinar-a-tres-personas-en-salgar-antioquia\\\/#article\",\"isPartOf\":{\"@id\":\"https:\\\/\\\/prensapaisa.com\\\/index.php\\\/2022\\\/12\\\/29\\\/capturan-a-un-extranjero-responsable-de-asesinar-a-tres-personas-en-salgar-antioquia\\\/\"},\"author\":{\"name\":\"noticias@prensapaisa.com\",\"@id\":\"https:\\\/\\\/prensapaisa.com\\\/#\\\/schema\\\/person\\\/c5899b8b285dbcd70faec88a7c1579f6\"},\"headline\":\"Capturan a un extranjero responsable de asesinar a tres personas en Salgar, Antioquia\",\"datePublished\":\"2022-12-29T23:49:38+00:00\",\"dateModified\":\"2022-12-30T23:49:53+00:00\",\"mainEntityOfPage\":{\"@id\":\"https:\\\/\\\/prensapaisa.com\\\/index.php\\\/2022\\\/12\\\/29\\\/capturan-a-un-extranjero-responsable-de-asesinar-a-tres-personas-en-salgar-antioquia\\\/\"},\"wordCount\":341,\"commentCount\":0,\"publisher\":{\"@id\":\"https:\\\/\\\/prensapaisa.com\\\/#organization\"},\"image\":{\"@id\":\"https:\\\/\\\/prensapaisa.com\\\/index.php\\\/2022\\\/12\\\/29\\\/capturan-a-un-extranjero-responsable-de-asesinar-a-tres-personas-en-salgar-antioquia\\\/#primaryimage\"},\"thumbnailUrl\":\"https:\\\/\\\/prensapaisa.com\\\/wp-content\\\/uploads\\\/2022\\\/12\\\/1-copia-106.jpg\",\"articleSection\":[\"Capturas\"],\"inLanguage\":\"es-CO\",\"potentialAction\":[{\"@type\":\"CommentAction\",\"name\":\"Comment\",\"target\":[\"https:\\\/\\\/prensapaisa.com\\\/index.php\\\/2022\\\/12\\\/29\\\/capturan-a-un-extranjero-responsable-de-asesinar-a-tres-personas-en-salgar-antioquia\\\/#respond\"]}]},{\"@type\":\"WebPage\",\"@id\":\"https:\\\/\\\/prensapaisa.com\\\/index.php\\\/2022\\\/12\\\/29\\\/capturan-a-un-extranjero-responsable-de-asesinar-a-tres-personas-en-salgar-antioquia\\\/\",\"url\":\"https:\\\/\\\/prensapaisa.com\\\/index.php\\\/2022\\\/12\\\/29\\\/capturan-a-un-extranjero-responsable-de-asesinar-a-tres-personas-en-salgar-antioquia\\\/\",\"name\":\"Capturan a un extranjero responsable de asesinar a tres personas en Salgar, Antioquia - PRENSA PAISA\",\"isPartOf\":{\"@id\":\"https:\\\/\\\/prensapaisa.com\\\/#website\"},\"primaryImageOfPage\":{\"@id\":\"https:\\\/\\\/prensapaisa.com\\\/index.php\\\/2022\\\/12\\\/29\\\/capturan-a-un-extranjero-responsable-de-asesinar-a-tres-personas-en-salgar-antioquia\\\/#primaryimage\"},\"image\":{\"@id\":\"https:\\\/\\\/prensapaisa.com\\\/index.php\\\/2022\\\/12\\\/29\\\/capturan-a-un-extranjero-responsable-de-asesinar-a-tres-personas-en-salgar-antioquia\\\/#primaryimage\"},\"thumbnailUrl\":\"https:\\\/\\\/prensapaisa.com\\\/wp-content\\\/uploads\\\/2022\\\/12\\\/1-copia-106.jpg\",\"datePublished\":\"2022-12-29T23:49:38+00:00\",\"dateModified\":\"2022-12-30T23:49:53+00:00\",\"breadcrumb\":{\"@id\":\"https:\\\/\\\/prensapaisa.com\\\/index.php\\\/2022\\\/12\\\/29\\\/capturan-a-un-extranjero-responsable-de-asesinar-a-tres-personas-en-salgar-antioquia\\\/#breadcrumb\"},\"inLanguage\":\"es-CO\",\"potentialAction\":[{\"@type\":\"ReadAction\",\"target\":[\"https:\\\/\\\/prensapaisa.com\\\/index.php\\\/2022\\\/12\\\/29\\\/capturan-a-un-extranjero-responsable-de-asesinar-a-tres-personas-en-salgar-antioquia\\\/\"]}]},{\"@type\":\"ImageObject\",\"inLanguage\":\"es-CO\",\"@id\":\"https:\\\/\\\/prensapaisa.com\\\/index.php\\\/2022\\\/12\\\/29\\\/capturan-a-un-extranjero-responsable-de-asesinar-a-tres-personas-en-salgar-antioquia\\\/#primaryimage\",\"url\":\"https:\\\/\\\/prensapaisa.com\\\/wp-content\\\/uploads\\\/2022\\\/12\\\/1-copia-106.jpg\",\"contentUrl\":\"https:\\\/\\\/prensapaisa.com\\\/wp-content\\\/uploads\\\/2022\\\/12\\\/1-copia-106.jpg\",\"width\":696,\"height\":523},{\"@type\":\"BreadcrumbList\",\"@id\":\"https:\\\/\\\/prensapaisa.com\\\/index.php\\\/2022\\\/12\\\/29\\\/capturan-a-un-extranjero-responsable-de-asesinar-a-tres-personas-en-salgar-antioquia\\\/#breadcrumb\",\"itemListElement\":[{\"@type\":\"ListItem\",\"position\":1,\"name\":\"Inicio\",\"item\":\"https:\\\/\\\/prensapaisa.com\\\/\"},{\"@type\":\"ListItem\",\"position\":2,\"name\":\"Capturan a un extranjero responsable de asesinar a tres personas en Salgar, Antioquia\"}]},{\"@type\":\"WebSite\",\"@id\":\"https:\\\/\\\/prensapaisa.com\\\/#website\",\"url\":\"https:\\\/\\\/prensapaisa.com\\\/\",\"name\":\"PRENSA PAISA\",\"description\":\"Prensa Paisa la Original | Noticias de Medell\u00edn, Antioquia\",\"publisher\":{\"@id\":\"https:\\\/\\\/prensapaisa.com\\\/#organization\"},\"potentialAction\":[{\"@type\":\"SearchAction\",\"target\":{\"@type\":\"EntryPoint\",\"urlTemplate\":\"https:\\\/\\\/prensapaisa.com\\\/?s={search_term_string}\"},\"query-input\":{\"@type\":\"PropertyValueSpecification\",\"valueRequired\":true,\"valueName\":\"search_term_string\"}}],\"inLanguage\":\"es-CO\"},{\"@type\":\"Organization\",\"@id\":\"https:\\\/\\\/prensapaisa.com\\\/#organization\",\"name\":\"PRENSA PAISA\",\"url\":\"https:\\\/\\\/prensapaisa.com\\\/\",\"logo\":{\"@type\":\"ImageObject\",\"inLanguage\":\"es-CO\",\"@id\":\"https:\\\/\\\/prensapaisa.com\\\/#\\\/schema\\\/logo\\\/image\\\/\",\"url\":\"https:\\\/\\\/prensapaisa.com\\\/wp-content\\\/uploads\\\/2022\\\/05\\\/cropped-cropped-prensa.png\",\"contentUrl\":\"https:\\\/\\\/prensapaisa.com\\\/wp-content\\\/uploads\\\/2022\\\/05\\\/cropped-cropped-prensa.png\",\"width\":784,\"height\":524,\"caption\":\"PRENSA PAISA\"},\"image\":{\"@id\":\"https:\\\/\\\/prensapaisa.com\\\/#\\\/schema\\\/logo\\\/image\\\/\"}},{\"@type\":\"Person\",\"@id\":\"https:\\\/\\\/prensapaisa.com\\\/#\\\/schema\\\/person\\\/c5899b8b285dbcd70faec88a7c1579f6\",\"name\":\"noticias@prensapaisa.com\",\"image\":{\"@type\":\"ImageObject\",\"inLanguage\":\"es-CO\",\"@id\":\"https:\\\/\\\/secure.gravatar.com\\\/avatar\\\/ca2b49c1df14b84557c567431f045ea69c8ea5da2da50309fd4de9b811da0433?s=96&d=mm&r=g\",\"url\":\"https:\\\/\\\/secure.gravatar.com\\\/avatar\\\/ca2b49c1df14b84557c567431f045ea69c8ea5da2da50309fd4de9b811da0433?s=96&d=mm&r=g\",\"contentUrl\":\"https:\\\/\\\/secure.gravatar.com\\\/avatar\\\/ca2b49c1df14b84557c567431f045ea69c8ea5da2da50309fd4de9b811da0433?s=96&d=mm&r=g\",\"caption\":\"noticias@prensapaisa.com\"},\"sameAs\":[\"http:\\\/\\\/prensapaisa.com\"],\"url\":\"https:\\\/\\\/prensapaisa.com\\\/index.php\\\/author\\\/prensapaisagmail-com\\\/\"}]}<\/script>\n<!-- \/ Yoast SEO plugin. -->","yoast_head_json":{"title":"Capturan a un extranjero responsable de asesinar a tres personas en Salgar, Antioquia - PRENSA PAISA","robots":{"index":"index","follow":"follow","max-snippet":"max-snippet:-1","max-image-preview":"max-image-preview:large","max-video-preview":"max-video-preview:-1"},"canonical":"https:\/\/prensapaisa.com\/index.php\/2022\/12\/29\/capturan-a-un-extranjero-responsable-de-asesinar-a-tres-personas-en-salgar-antioquia\/","og_locale":"es_ES","og_type":"article","og_title":"Capturan a un extranjero responsable de asesinar a tres personas en Salgar, Antioquia - PRENSA PAISA","og_description":"&#8220;El ciudadano extranjero Gherald Miguel \u00c1ngel Newton Leal, conocido con el alias del Chamo, quien fue capturado en las \u00faltimas horas en Medell\u00edn, fue enviado a la c\u00e1rcel inform\u00f3 la&hellip;","og_url":"https:\/\/prensapaisa.com\/index.php\/2022\/12\/29\/capturan-a-un-extranjero-responsable-de-asesinar-a-tres-personas-en-salgar-antioquia\/","og_site_name":"PRENSA PAISA","article_published_time":"2022-12-29T23:49:38+00:00","article_modified_time":"2022-12-30T23:49:53+00:00","og_image":[{"width":696,"height":523,"url":"https:\/\/prensapaisa.com\/wp-content\/uploads\/2022\/12\/1-copia-106.jpg","type":"image\/jpeg"}],"author":"noticias@prensapaisa.com","twitter_card":"summary_large_image","twitter_misc":{"Escrito por":"noticias@prensapaisa.com","Tiempo de lectura":"2 minutos"},"schema":{"@context":"https:\/\/schema.org","@graph":[{"@type":"Article","@id":"https:\/\/prensapaisa.com\/index.php\/2022\/12\/29\/capturan-a-un-extranjero-responsable-de-asesinar-a-tres-personas-en-salgar-antioquia\/#article","isPartOf":{"@id":"https:\/\/prensapaisa.com\/index.php\/2022\/12\/29\/capturan-a-un-extranjero-responsable-de-asesinar-a-tres-personas-en-salgar-antioquia\/"},"author":{"name":"noticias@prensapaisa.com","@id":"https:\/\/prensapaisa.com\/#\/schema\/person\/c5899b8b285dbcd70faec88a7c1579f6"},"headline":"Capturan a un extranjero responsable de asesinar a tres personas en Salgar, Antioquia","datePublished":"2022-12-29T23:49:38+00:00","dateModified":"2022-12-30T23:49:53+00:00","mainEntityOfPage":{"@id":"https:\/\/prensapaisa.com\/index.php\/2022\/12\/29\/capturan-a-un-extranjero-responsable-de-asesinar-a-tres-personas-en-salgar-antioquia\/"},"wordCount":341,"commentCount":0,"publisher":{"@id":"https:\/\/prensapaisa.com\/#organization"},"image":{"@id":"https:\/\/prensapaisa.com\/index.php\/2022\/12\/29\/capturan-a-un-extranjero-responsable-de-asesinar-a-tres-personas-en-salgar-antioquia\/#primaryimage"},"thumbnailUrl":"https:\/\/prensapaisa.com\/wp-content\/uploads\/2022\/12\/1-copia-106.jpg","articleSection":["Capturas"],"inLanguage":"es-CO","potentialAction":[{"@type":"CommentAction","name":"Comment","target":["https:\/\/prensapaisa.com\/index.php\/2022\/12\/29\/capturan-a-un-extranjero-responsable-de-asesinar-a-tres-personas-en-salgar-antioquia\/#respond"]}]},{"@type":"WebPage","@id":"https:\/\/prensapaisa.com\/index.php\/2022\/12\/29\/capturan-a-un-extranjero-responsable-de-asesinar-a-tres-personas-en-salgar-antioquia\/","url":"https:\/\/prensapaisa.com\/index.php\/2022\/12\/29\/capturan-a-un-extranjero-responsable-de-asesinar-a-tres-personas-en-salgar-antioquia\/","name":"Capturan a un extranjero responsable de asesinar a tres personas en Salgar, Antioquia - PRENSA PAISA","isPartOf":{"@id":"https:\/\/prensapaisa.com\/#website"},"primaryImageOfPage":{"@id":"https:\/\/prensapaisa.com\/index.php\/2022\/12\/29\/capturan-a-un-extranjero-responsable-de-asesinar-a-tres-personas-en-salgar-antioquia\/#primaryimage"},"image":{"@id":"https:\/\/prensapaisa.com\/index.php\/2022\/12\/29\/capturan-a-un-extranjero-responsable-de-asesinar-a-tres-personas-en-salgar-antioquia\/#primaryimage"},"thumbnailUrl":"https:\/\/prensapaisa.com\/wp-content\/uploads\/2022\/12\/1-copia-106.jpg","datePublished":"2022-12-29T23:49:38+00:00","dateModified":"2022-12-30T23:49:53+00:00","breadcrumb":{"@id":"https:\/\/prensapaisa.com\/index.php\/2022\/12\/29\/capturan-a-un-extranjero-responsable-de-asesinar-a-tres-personas-en-salgar-antioquia\/#breadcrumb"},"inLanguage":"es-CO","potentialAction":[{"@type":"ReadAction","target":["https:\/\/prensapaisa.com\/index.php\/2022\/12\/29\/capturan-a-un-extranjero-responsable-de-asesinar-a-tres-personas-en-salgar-antioquia\/"]}]},{"@type":"ImageObject","inLanguage":"es-CO","@id":"https:\/\/prensapaisa.com\/index.php\/2022\/12\/29\/capturan-a-un-extranjero-responsable-de-asesinar-a-tres-personas-en-salgar-antioquia\/#primaryimage","url":"https:\/\/prensapaisa.com\/wp-content\/uploads\/2022\/12\/1-copia-106.jpg","contentUrl":"https:\/\/prensapaisa.com\/wp-content\/uploads\/2022\/12\/1-copia-106.jpg","width":696,"height":523},{"@type":"BreadcrumbList","@id":"https:\/\/prensapaisa.com\/index.php\/2022\/12\/29\/capturan-a-un-extranjero-responsable-de-asesinar-a-tres-personas-en-salgar-antioquia\/#breadcrumb","itemListElement":[{"@type":"ListItem","position":1,"name":"Inicio","item":"https:\/\/prensapaisa.com\/"},{"@type":"ListItem","position":2,"name":"Capturan a un extranjero responsable de asesinar a tres personas en Salgar, Antioquia"}]},{"@type":"WebSite","@id":"https:\/\/prensapaisa.com\/#website","url":"https:\/\/prensapaisa.com\/","name":"PRENSA PAISA","description":"Prensa Paisa la Original | Noticias de Medell\u00edn, Antioquia","publisher":{"@id":"https:\/\/prensapaisa.com\/#organization"},"potentialAction":[{"@type":"SearchAction","target":{"@type":"EntryPoint","urlTemplate":"https:\/\/prensapaisa.com\/?s={search_term_string}"},"query-input":{"@type":"PropertyValueSpecification","valueRequired":true,"valueName":"search_term_string"}}],"inLanguage":"es-CO"},{"@type":"Organization","@id":"https:\/\/prensapaisa.com\/#organization","name":"PRENSA PAISA","url":"https:\/\/prensapaisa.com\/","logo":{"@type":"ImageObject","inLanguage":"es-CO","@id":"https:\/\/prensapaisa.com\/#\/schema\/logo\/image\/","url":"https:\/\/prensapaisa.com\/wp-content\/uploads\/2022\/05\/cropped-cropped-prensa.png","contentUrl":"https:\/\/prensapaisa.com\/wp-content\/uploads\/2022\/05\/cropped-cropped-prensa.png","width":784,"height":524,"caption":"PRENSA PAISA"},"image":{"@id":"https:\/\/prensapaisa.com\/#\/schema\/logo\/image\/"}},{"@type":"Person","@id":"https:\/\/prensapaisa.com\/#\/schema\/person\/c5899b8b285dbcd70faec88a7c1579f6","name":"noticias@prensapaisa.com","image":{"@type":"ImageObject","inLanguage":"es-CO","@id":"https:\/\/secure.gravatar.com\/avatar\/ca2b49c1df14b84557c567431f045ea69c8ea5da2da50309fd4de9b811da0433?s=96&d=mm&r=g","url":"https:\/\/secure.gravatar.com\/avatar\/ca2b49c1df14b84557c567431f045ea69c8ea5da2da50309fd4de9b811da0433?s=96&d=mm&r=g","contentUrl":"https:\/\/secure.gravatar.com\/avatar\/ca2b49c1df14b84557c567431f045ea69c8ea5da2da50309fd4de9b811da0433?s=96&d=mm&r=g","caption":"noticias@prensapaisa.com"},"sameAs":["http:\/\/prensapaisa.com"],"url":"https:\/\/prensapaisa.com\/index.php\/author\/prensapaisagmail-com\/"}]}},"_links":{"self":[{"href":"https:\/\/prensapaisa.com\/index.php\/wp-json\/wp\/v2\/posts\/9083","targetHints":{"allow":["GET"]}}],"collection":[{"href":"https:\/\/prensapaisa.com\/index.php\/wp-json\/wp\/v2\/posts"}],"about":[{"href":"https:\/\/prensapaisa.com\/index.php\/wp-json\/wp\/v2\/types\/post"}],"author":[{"embeddable":true,"href":"https:\/\/prensapaisa.com\/index.php\/wp-json\/wp\/v2\/users\/1"}],"replies":[{"embeddable":true,"href":"https:\/\/prensapaisa.com\/index.php\/wp-json\/wp\/v2\/comments?post=9083"}],"version-history":[{"count":1,"href":"https:\/\/prensapaisa.com\/index.php\/wp-json\/wp\/v2\/posts\/9083\/revisions"}],"predecessor-version":[{"id":9085,"href":"https:\/\/prensapaisa.com\/index.php\/wp-json\/wp\/v2\/posts\/9083\/revisions\/9085"}],"wp:featuredmedia":[{"embeddable":true,"href":"https:\/\/prensapaisa.com\/index.php\/wp-json\/wp\/v2\/media\/9084"}],"wp:attachment":[{"href":"https:\/\/prensapaisa.com\/index.php\/wp-json\/wp\/v2\/media?parent=9083"}],"wp:term":[{"taxonomy":"category","embeddable":true,"href":"https:\/\/prensapaisa.com\/index.php\/wp-json\/wp\/v2\/categories?post=9083"},{"taxonomy":"post_tag","embeddable":true,"href":"https:\/\/prensapaisa.com\/index.php\/wp-json\/wp\/v2\/tags?post=9083"}],"curies":[{"name":"wp","href":"https:\/\/api.w.org\/{rel}","templated":true}]}}