{"id":9035,"date":"2022-12-27T11:41:10","date_gmt":"2022-12-27T16:41:10","guid":{"rendered":"https:\/\/prensapaisa.com\/?p=9035"},"modified":"2022-12-28T11:41:20","modified_gmt":"2022-12-28T16:41:20","slug":"golpe-a-una-banda-de-sicarios-y-extorsionistas-en-medellin-sabaneta-y-fredonia","status":"publish","type":"post","link":"https:\/\/prensapaisa.com\/index.php\/2022\/12\/27\/golpe-a-una-banda-de-sicarios-y-extorsionistas-en-medellin-sabaneta-y-fredonia\/","title":{"rendered":"Golpe a una banda de sicarios y extorsionistas en Medell\u00edn, Sabaneta y Fredonia"},"content":{"rendered":"\n<p>&#8220;Equipos articulados de la Polic\u00eda Metropolitana y la Fiscal\u00eda Seccional de Medell\u00edn, apoyados con el Sistema Integrado de Emergencias y Seguridad de la Alcald\u00eda Distrital, lograron esclarecer tres casos de asesinatos, entre ellos un doble homicidio, cuyas v\u00edctimas fueron halladas en un taxi en el Barrio Trinidad, el de un feminicidio ocurrido en una residencia del barrio Buenos Aires y un tercer <a><\/a>caso, ocurrido en Sabaneta, y cuyo presunto asesino, residente en Medell\u00edn y conocido con el alias de &#8216;Charlot&#8217;, se\u00f1alado \u2018Fletero\u2019, fue capturado en el municipio de Fredonia.<\/p>\n\n\n\n<p>En el primer caso, se dio la captura de alias &#8216;Juancito&#8217;, seg\u00fan las autoridades, miembro de una banda delincuencial de Robledo y qui\u00e9n ser\u00eda responsable de los hechos registrados el 29 de noviembre de 2022 en el barrio Olaya, donde fueron asesinados con arma de fuego y posteriormente desmembrados Emiro Tuberquia y Edison Fabio Sosa L\u00f3pez. Ambos cuerpos fueron hallados en un veh\u00edculo tipo taxi hurtado y abandonado en el barrio Trinidad.<\/p>\n\n\n\n<p>El segundo caso, que adem\u00e1s gener\u00f3 el rechazo de la Alcald\u00eda Distrital y el ofrecimiento de hasta $100 millones de recompensa por informaci\u00f3n para capturar al responsable, se present\u00f3 el pasado 17 de diciembre, cuando Leidy Johana Escobar Pulido de 21 a\u00f1os ingres\u00f3 en compa\u00f1\u00eda del agresor a la habitaci\u00f3n de un inquilinato del barrio Buenos Aires. All\u00ed, por m\u00f3viles que a\u00fan son materia de investigaci\u00f3n, fue agredida con objeto corto contundente caus\u00e1ndole la muerte, luego el hombre la desmembr\u00f3 y sus partes las puso en bolsas pl\u00e1sticas, las dej\u00f3 en la habitaci\u00f3n y huy\u00f3.<\/p>\n\n\n\n<p>El presunto asesino fue detectado en el municipio de Segovia y capturado por homicidio agravado.<\/p>\n\n\n\n<p>En un tercer caso, presentado en el municipio de Sabaneta, la articulaci\u00f3n de las autoridades del \u00c1rea Metropolitana con sus grupos especializados y el uso de las herramientas tecnol\u00f3gicas con que se dispone, permiti\u00f3 la captura de alias &#8216;Charlot&#8217;, se\u00f1alado &#8216;fletero&#8217; e indiciado por la muerte de una mujer de 68 a\u00f1os, quien fue v\u00edctima de un asalto cuando llegaba a su casa en compa\u00f1\u00eda de su esposo, tras retirar $8.900.000 de una entidad bancaria.<\/p>\n\n\n\n<p>Por este crimen fueron libradas tres \u00f3rdenes de captura, de las cuales se materializ\u00f3 una en el municipio de Fredonia, donde fue capturado el presunto agresor de 52 a\u00f1os por los delitos de homicidio agravado, homicidio en modalidad de tentativa, hurto calificado y porte ilegal de armas de fuego.<\/p>\n\n\n\n<p>Adem\u00e1s de los casos de esclarecimiento de homicidios, las autoridades dieron a conocer una ofensiva adelantada por el Gaula en contra de una banda delincuencial dedicada a la extorsi\u00f3n en la comuna 5 &#8211; Castilla.<\/p>\n\n\n\n<p>Fue necesario el despliegue de 150 uniformados de la Polic\u00eda Metropolitana, quienes ejecutaron 18 allanamientos en los barrios Castilla y Girardot, donde fueron capturados nueve miembros de la banda, quienes son se\u00f1alados de extorsiones de todo tipo, incluyendo el cobro ilegal al comercio, a las residencias de la zona e incluso a rutas de buses. Adem\u00e1s, se les se\u00f1ala por desplazamiento forzado, tr\u00e1fico de estupefacientes y homicidios selectivos.<\/p>\n\n\n\n<p>Entre los capturados se encuentra alias &#8216;El Mico&#8217;, de 32 a\u00f1os, coordinador del grupo delincuencial.<\/p>\n\n\n\n<p>Con otro operativo del Gaula, esta vez en el Centro de Medell\u00edn, se logr\u00f3 la captura de alias &#8216;El Flaco&#8217;, quien cay\u00f3 en manos de las autoridades cuando pretend\u00eda cobrar una extorsi\u00f3n de $200.000 a su v\u00edctima a cambio de no atentar contra ella&#8221;.<\/p>\n\n\n\n<figure class=\"wp-block-embed is-type-video is-provider-youtube wp-block-embed-youtube wp-embed-aspect-16-9 wp-has-aspect-ratio\"><div class=\"wp-block-embed__wrapper\">\n<iframe title=\"Golpe a una banda de sicarios y extorsionistas en Medell\u00edn, Sabaneta y Fredonia\" width=\"1170\" height=\"658\" src=\"https:\/\/www.youtube.com\/embed\/0dTk6Id68u0?feature=oembed\" frameborder=\"0\" allow=\"accelerometer; autoplay; clipboard-write; encrypted-media; gyroscope; picture-in-picture\" allowfullscreen><\/iframe>\n<\/div><\/figure>\n","protected":false},"excerpt":{"rendered":"<p>&#8220;Equipos articulados de la Polic\u00eda Metropolitana y la Fiscal\u00eda Seccional de Medell\u00edn, apoyados con el Sistema Integrado de Emergencias y Seguridad de la Alcald\u00eda Distrital, lograron esclarecer tres casos de&hellip;<\/p>\n","protected":false},"author":1,"featured_media":9036,"comment_status":"open","ping_status":"open","sticky":false,"template":"","format":"standard","meta":{"footnotes":""},"categories":[49,1],"tags":[],"class_list":["post-9035","post","type-post","status-publish","format-standard","has-post-thumbnail","hentry","category-capturas","category-noticias"],"yoast_head":"<!-- This site is optimized with the Yoast SEO plugin v27.4 - https:\/\/yoast.com\/product\/yoast-seo-wordpress\/ -->\n<title>Golpe a una banda de sicarios y extorsionistas en Medell\u00edn, Sabaneta y Fredonia - PRENSA PAISA<\/title>\n<meta name=\"robots\" content=\"index, follow, max-snippet:-1, max-image-preview:large, max-video-preview:-1\" \/>\n<link rel=\"canonical\" href=\"https:\/\/prensapaisa.com\/index.php\/2022\/12\/27\/golpe-a-una-banda-de-sicarios-y-extorsionistas-en-medellin-sabaneta-y-fredonia\/\" \/>\n<meta property=\"og:locale\" content=\"es_ES\" \/>\n<meta property=\"og:type\" content=\"article\" \/>\n<meta property=\"og:title\" content=\"Golpe a una banda de sicarios y extorsionistas en Medell\u00edn, Sabaneta y Fredonia - PRENSA PAISA\" \/>\n<meta property=\"og:description\" content=\"&#8220;Equipos articulados de la Polic\u00eda Metropolitana y la Fiscal\u00eda Seccional de Medell\u00edn, apoyados con el Sistema Integrado de Emergencias y Seguridad de la Alcald\u00eda Distrital, lograron esclarecer tres casos de&hellip;\" \/>\n<meta property=\"og:url\" content=\"https:\/\/prensapaisa.com\/index.php\/2022\/12\/27\/golpe-a-una-banda-de-sicarios-y-extorsionistas-en-medellin-sabaneta-y-fredonia\/\" \/>\n<meta property=\"og:site_name\" content=\"PRENSA PAISA\" \/>\n<meta property=\"article:published_time\" content=\"2022-12-27T16:41:10+00:00\" \/>\n<meta property=\"article:modified_time\" content=\"2022-12-28T16:41:20+00:00\" \/>\n<meta property=\"og:image\" content=\"https:\/\/prensapaisa.com\/wp-content\/uploads\/2022\/12\/1-copia-96.jpg\" \/>\n\t<meta property=\"og:image:width\" content=\"294\" \/>\n\t<meta property=\"og:image:height\" content=\"172\" \/>\n\t<meta property=\"og:image:type\" content=\"image\/jpeg\" \/>\n<meta name=\"author\" content=\"noticias@prensapaisa.com\" \/>\n<meta name=\"twitter:card\" content=\"summary_large_image\" \/>\n<meta name=\"twitter:label1\" content=\"Escrito por\" \/>\n\t<meta name=\"twitter:data1\" content=\"noticias@prensapaisa.com\" \/>\n\t<meta name=\"twitter:label2\" content=\"Tiempo de lectura\" \/>\n\t<meta name=\"twitter:data2\" content=\"3 minutos\" \/>\n<script type=\"application\/ld+json\" class=\"yoast-schema-graph\">{\"@context\":\"https:\\\/\\\/schema.org\",\"@graph\":[{\"@type\":\"Article\",\"@id\":\"https:\\\/\\\/prensapaisa.com\\\/index.php\\\/2022\\\/12\\\/27\\\/golpe-a-una-banda-de-sicarios-y-extorsionistas-en-medellin-sabaneta-y-fredonia\\\/#article\",\"isPartOf\":{\"@id\":\"https:\\\/\\\/prensapaisa.com\\\/index.php\\\/2022\\\/12\\\/27\\\/golpe-a-una-banda-de-sicarios-y-extorsionistas-en-medellin-sabaneta-y-fredonia\\\/\"},\"author\":{\"name\":\"noticias@prensapaisa.com\",\"@id\":\"https:\\\/\\\/prensapaisa.com\\\/#\\\/schema\\\/person\\\/c5899b8b285dbcd70faec88a7c1579f6\"},\"headline\":\"Golpe a una banda de sicarios y extorsionistas en Medell\u00edn, Sabaneta y Fredonia\",\"datePublished\":\"2022-12-27T16:41:10+00:00\",\"dateModified\":\"2022-12-28T16:41:20+00:00\",\"mainEntityOfPage\":{\"@id\":\"https:\\\/\\\/prensapaisa.com\\\/index.php\\\/2022\\\/12\\\/27\\\/golpe-a-una-banda-de-sicarios-y-extorsionistas-en-medellin-sabaneta-y-fredonia\\\/\"},\"wordCount\":607,\"commentCount\":0,\"publisher\":{\"@id\":\"https:\\\/\\\/prensapaisa.com\\\/#organization\"},\"image\":{\"@id\":\"https:\\\/\\\/prensapaisa.com\\\/index.php\\\/2022\\\/12\\\/27\\\/golpe-a-una-banda-de-sicarios-y-extorsionistas-en-medellin-sabaneta-y-fredonia\\\/#primaryimage\"},\"thumbnailUrl\":\"https:\\\/\\\/prensapaisa.com\\\/wp-content\\\/uploads\\\/2022\\\/12\\\/1-copia-96.jpg\",\"articleSection\":[\"Capturas\",\"Noticias\"],\"inLanguage\":\"es-CO\",\"potentialAction\":[{\"@type\":\"CommentAction\",\"name\":\"Comment\",\"target\":[\"https:\\\/\\\/prensapaisa.com\\\/index.php\\\/2022\\\/12\\\/27\\\/golpe-a-una-banda-de-sicarios-y-extorsionistas-en-medellin-sabaneta-y-fredonia\\\/#respond\"]}]},{\"@type\":\"WebPage\",\"@id\":\"https:\\\/\\\/prensapaisa.com\\\/index.php\\\/2022\\\/12\\\/27\\\/golpe-a-una-banda-de-sicarios-y-extorsionistas-en-medellin-sabaneta-y-fredonia\\\/\",\"url\":\"https:\\\/\\\/prensapaisa.com\\\/index.php\\\/2022\\\/12\\\/27\\\/golpe-a-una-banda-de-sicarios-y-extorsionistas-en-medellin-sabaneta-y-fredonia\\\/\",\"name\":\"Golpe a una banda de sicarios y extorsionistas en Medell\u00edn, Sabaneta y Fredonia - PRENSA PAISA\",\"isPartOf\":{\"@id\":\"https:\\\/\\\/prensapaisa.com\\\/#website\"},\"primaryImageOfPage\":{\"@id\":\"https:\\\/\\\/prensapaisa.com\\\/index.php\\\/2022\\\/12\\\/27\\\/golpe-a-una-banda-de-sicarios-y-extorsionistas-en-medellin-sabaneta-y-fredonia\\\/#primaryimage\"},\"image\":{\"@id\":\"https:\\\/\\\/prensapaisa.com\\\/index.php\\\/2022\\\/12\\\/27\\\/golpe-a-una-banda-de-sicarios-y-extorsionistas-en-medellin-sabaneta-y-fredonia\\\/#primaryimage\"},\"thumbnailUrl\":\"https:\\\/\\\/prensapaisa.com\\\/wp-content\\\/uploads\\\/2022\\\/12\\\/1-copia-96.jpg\",\"datePublished\":\"2022-12-27T16:41:10+00:00\",\"dateModified\":\"2022-12-28T16:41:20+00:00\",\"breadcrumb\":{\"@id\":\"https:\\\/\\\/prensapaisa.com\\\/index.php\\\/2022\\\/12\\\/27\\\/golpe-a-una-banda-de-sicarios-y-extorsionistas-en-medellin-sabaneta-y-fredonia\\\/#breadcrumb\"},\"inLanguage\":\"es-CO\",\"potentialAction\":[{\"@type\":\"ReadAction\",\"target\":[\"https:\\\/\\\/prensapaisa.com\\\/index.php\\\/2022\\\/12\\\/27\\\/golpe-a-una-banda-de-sicarios-y-extorsionistas-en-medellin-sabaneta-y-fredonia\\\/\"]}]},{\"@type\":\"ImageObject\",\"inLanguage\":\"es-CO\",\"@id\":\"https:\\\/\\\/prensapaisa.com\\\/index.php\\\/2022\\\/12\\\/27\\\/golpe-a-una-banda-de-sicarios-y-extorsionistas-en-medellin-sabaneta-y-fredonia\\\/#primaryimage\",\"url\":\"https:\\\/\\\/prensapaisa.com\\\/wp-content\\\/uploads\\\/2022\\\/12\\\/1-copia-96.jpg\",\"contentUrl\":\"https:\\\/\\\/prensapaisa.com\\\/wp-content\\\/uploads\\\/2022\\\/12\\\/1-copia-96.jpg\",\"width\":294,\"height\":172},{\"@type\":\"BreadcrumbList\",\"@id\":\"https:\\\/\\\/prensapaisa.com\\\/index.php\\\/2022\\\/12\\\/27\\\/golpe-a-una-banda-de-sicarios-y-extorsionistas-en-medellin-sabaneta-y-fredonia\\\/#breadcrumb\",\"itemListElement\":[{\"@type\":\"ListItem\",\"position\":1,\"name\":\"Inicio\",\"item\":\"https:\\\/\\\/prensapaisa.com\\\/\"},{\"@type\":\"ListItem\",\"position\":2,\"name\":\"Golpe a una banda de sicarios y extorsionistas en Medell\u00edn, Sabaneta y Fredonia\"}]},{\"@type\":\"WebSite\",\"@id\":\"https:\\\/\\\/prensapaisa.com\\\/#website\",\"url\":\"https:\\\/\\\/prensapaisa.com\\\/\",\"name\":\"PRENSA PAISA\",\"description\":\"Prensa Paisa la Original | Noticias de Medell\u00edn, Antioquia\",\"publisher\":{\"@id\":\"https:\\\/\\\/prensapaisa.com\\\/#organization\"},\"potentialAction\":[{\"@type\":\"SearchAction\",\"target\":{\"@type\":\"EntryPoint\",\"urlTemplate\":\"https:\\\/\\\/prensapaisa.com\\\/?s={search_term_string}\"},\"query-input\":{\"@type\":\"PropertyValueSpecification\",\"valueRequired\":true,\"valueName\":\"search_term_string\"}}],\"inLanguage\":\"es-CO\"},{\"@type\":\"Organization\",\"@id\":\"https:\\\/\\\/prensapaisa.com\\\/#organization\",\"name\":\"PRENSA PAISA\",\"url\":\"https:\\\/\\\/prensapaisa.com\\\/\",\"logo\":{\"@type\":\"ImageObject\",\"inLanguage\":\"es-CO\",\"@id\":\"https:\\\/\\\/prensapaisa.com\\\/#\\\/schema\\\/logo\\\/image\\\/\",\"url\":\"https:\\\/\\\/prensapaisa.com\\\/wp-content\\\/uploads\\\/2022\\\/05\\\/cropped-cropped-prensa.png\",\"contentUrl\":\"https:\\\/\\\/prensapaisa.com\\\/wp-content\\\/uploads\\\/2022\\\/05\\\/cropped-cropped-prensa.png\",\"width\":784,\"height\":524,\"caption\":\"PRENSA PAISA\"},\"image\":{\"@id\":\"https:\\\/\\\/prensapaisa.com\\\/#\\\/schema\\\/logo\\\/image\\\/\"}},{\"@type\":\"Person\",\"@id\":\"https:\\\/\\\/prensapaisa.com\\\/#\\\/schema\\\/person\\\/c5899b8b285dbcd70faec88a7c1579f6\",\"name\":\"noticias@prensapaisa.com\",\"image\":{\"@type\":\"ImageObject\",\"inLanguage\":\"es-CO\",\"@id\":\"https:\\\/\\\/secure.gravatar.com\\\/avatar\\\/ca2b49c1df14b84557c567431f045ea69c8ea5da2da50309fd4de9b811da0433?s=96&d=mm&r=g\",\"url\":\"https:\\\/\\\/secure.gravatar.com\\\/avatar\\\/ca2b49c1df14b84557c567431f045ea69c8ea5da2da50309fd4de9b811da0433?s=96&d=mm&r=g\",\"contentUrl\":\"https:\\\/\\\/secure.gravatar.com\\\/avatar\\\/ca2b49c1df14b84557c567431f045ea69c8ea5da2da50309fd4de9b811da0433?s=96&d=mm&r=g\",\"caption\":\"noticias@prensapaisa.com\"},\"sameAs\":[\"http:\\\/\\\/prensapaisa.com\"],\"url\":\"https:\\\/\\\/prensapaisa.com\\\/index.php\\\/author\\\/prensapaisagmail-com\\\/\"}]}<\/script>\n<!-- \/ Yoast SEO plugin. -->","yoast_head_json":{"title":"Golpe a una banda de sicarios y extorsionistas en Medell\u00edn, Sabaneta y Fredonia - PRENSA PAISA","robots":{"index":"index","follow":"follow","max-snippet":"max-snippet:-1","max-image-preview":"max-image-preview:large","max-video-preview":"max-video-preview:-1"},"canonical":"https:\/\/prensapaisa.com\/index.php\/2022\/12\/27\/golpe-a-una-banda-de-sicarios-y-extorsionistas-en-medellin-sabaneta-y-fredonia\/","og_locale":"es_ES","og_type":"article","og_title":"Golpe a una banda de sicarios y extorsionistas en Medell\u00edn, Sabaneta y Fredonia - PRENSA PAISA","og_description":"&#8220;Equipos articulados de la Polic\u00eda Metropolitana y la Fiscal\u00eda Seccional de Medell\u00edn, apoyados con el Sistema Integrado de Emergencias y Seguridad de la Alcald\u00eda Distrital, lograron esclarecer tres casos de&hellip;","og_url":"https:\/\/prensapaisa.com\/index.php\/2022\/12\/27\/golpe-a-una-banda-de-sicarios-y-extorsionistas-en-medellin-sabaneta-y-fredonia\/","og_site_name":"PRENSA PAISA","article_published_time":"2022-12-27T16:41:10+00:00","article_modified_time":"2022-12-28T16:41:20+00:00","og_image":[{"width":294,"height":172,"url":"https:\/\/prensapaisa.com\/wp-content\/uploads\/2022\/12\/1-copia-96.jpg","type":"image\/jpeg"}],"author":"noticias@prensapaisa.com","twitter_card":"summary_large_image","twitter_misc":{"Escrito por":"noticias@prensapaisa.com","Tiempo de lectura":"3 minutos"},"schema":{"@context":"https:\/\/schema.org","@graph":[{"@type":"Article","@id":"https:\/\/prensapaisa.com\/index.php\/2022\/12\/27\/golpe-a-una-banda-de-sicarios-y-extorsionistas-en-medellin-sabaneta-y-fredonia\/#article","isPartOf":{"@id":"https:\/\/prensapaisa.com\/index.php\/2022\/12\/27\/golpe-a-una-banda-de-sicarios-y-extorsionistas-en-medellin-sabaneta-y-fredonia\/"},"author":{"name":"noticias@prensapaisa.com","@id":"https:\/\/prensapaisa.com\/#\/schema\/person\/c5899b8b285dbcd70faec88a7c1579f6"},"headline":"Golpe a una banda de sicarios y extorsionistas en Medell\u00edn, Sabaneta y Fredonia","datePublished":"2022-12-27T16:41:10+00:00","dateModified":"2022-12-28T16:41:20+00:00","mainEntityOfPage":{"@id":"https:\/\/prensapaisa.com\/index.php\/2022\/12\/27\/golpe-a-una-banda-de-sicarios-y-extorsionistas-en-medellin-sabaneta-y-fredonia\/"},"wordCount":607,"commentCount":0,"publisher":{"@id":"https:\/\/prensapaisa.com\/#organization"},"image":{"@id":"https:\/\/prensapaisa.com\/index.php\/2022\/12\/27\/golpe-a-una-banda-de-sicarios-y-extorsionistas-en-medellin-sabaneta-y-fredonia\/#primaryimage"},"thumbnailUrl":"https:\/\/prensapaisa.com\/wp-content\/uploads\/2022\/12\/1-copia-96.jpg","articleSection":["Capturas","Noticias"],"inLanguage":"es-CO","potentialAction":[{"@type":"CommentAction","name":"Comment","target":["https:\/\/prensapaisa.com\/index.php\/2022\/12\/27\/golpe-a-una-banda-de-sicarios-y-extorsionistas-en-medellin-sabaneta-y-fredonia\/#respond"]}]},{"@type":"WebPage","@id":"https:\/\/prensapaisa.com\/index.php\/2022\/12\/27\/golpe-a-una-banda-de-sicarios-y-extorsionistas-en-medellin-sabaneta-y-fredonia\/","url":"https:\/\/prensapaisa.com\/index.php\/2022\/12\/27\/golpe-a-una-banda-de-sicarios-y-extorsionistas-en-medellin-sabaneta-y-fredonia\/","name":"Golpe a una banda de sicarios y extorsionistas en Medell\u00edn, Sabaneta y Fredonia - PRENSA PAISA","isPartOf":{"@id":"https:\/\/prensapaisa.com\/#website"},"primaryImageOfPage":{"@id":"https:\/\/prensapaisa.com\/index.php\/2022\/12\/27\/golpe-a-una-banda-de-sicarios-y-extorsionistas-en-medellin-sabaneta-y-fredonia\/#primaryimage"},"image":{"@id":"https:\/\/prensapaisa.com\/index.php\/2022\/12\/27\/golpe-a-una-banda-de-sicarios-y-extorsionistas-en-medellin-sabaneta-y-fredonia\/#primaryimage"},"thumbnailUrl":"https:\/\/prensapaisa.com\/wp-content\/uploads\/2022\/12\/1-copia-96.jpg","datePublished":"2022-12-27T16:41:10+00:00","dateModified":"2022-12-28T16:41:20+00:00","breadcrumb":{"@id":"https:\/\/prensapaisa.com\/index.php\/2022\/12\/27\/golpe-a-una-banda-de-sicarios-y-extorsionistas-en-medellin-sabaneta-y-fredonia\/#breadcrumb"},"inLanguage":"es-CO","potentialAction":[{"@type":"ReadAction","target":["https:\/\/prensapaisa.com\/index.php\/2022\/12\/27\/golpe-a-una-banda-de-sicarios-y-extorsionistas-en-medellin-sabaneta-y-fredonia\/"]}]},{"@type":"ImageObject","inLanguage":"es-CO","@id":"https:\/\/prensapaisa.com\/index.php\/2022\/12\/27\/golpe-a-una-banda-de-sicarios-y-extorsionistas-en-medellin-sabaneta-y-fredonia\/#primaryimage","url":"https:\/\/prensapaisa.com\/wp-content\/uploads\/2022\/12\/1-copia-96.jpg","contentUrl":"https:\/\/prensapaisa.com\/wp-content\/uploads\/2022\/12\/1-copia-96.jpg","width":294,"height":172},{"@type":"BreadcrumbList","@id":"https:\/\/prensapaisa.com\/index.php\/2022\/12\/27\/golpe-a-una-banda-de-sicarios-y-extorsionistas-en-medellin-sabaneta-y-fredonia\/#breadcrumb","itemListElement":[{"@type":"ListItem","position":1,"name":"Inicio","item":"https:\/\/prensapaisa.com\/"},{"@type":"ListItem","position":2,"name":"Golpe a una banda de sicarios y extorsionistas en Medell\u00edn, Sabaneta y Fredonia"}]},{"@type":"WebSite","@id":"https:\/\/prensapaisa.com\/#website","url":"https:\/\/prensapaisa.com\/","name":"PRENSA PAISA","description":"Prensa Paisa la Original | Noticias de Medell\u00edn, Antioquia","publisher":{"@id":"https:\/\/prensapaisa.com\/#organization"},"potentialAction":[{"@type":"SearchAction","target":{"@type":"EntryPoint","urlTemplate":"https:\/\/prensapaisa.com\/?s={search_term_string}"},"query-input":{"@type":"PropertyValueSpecification","valueRequired":true,"valueName":"search_term_string"}}],"inLanguage":"es-CO"},{"@type":"Organization","@id":"https:\/\/prensapaisa.com\/#organization","name":"PRENSA PAISA","url":"https:\/\/prensapaisa.com\/","logo":{"@type":"ImageObject","inLanguage":"es-CO","@id":"https:\/\/prensapaisa.com\/#\/schema\/logo\/image\/","url":"https:\/\/prensapaisa.com\/wp-content\/uploads\/2022\/05\/cropped-cropped-prensa.png","contentUrl":"https:\/\/prensapaisa.com\/wp-content\/uploads\/2022\/05\/cropped-cropped-prensa.png","width":784,"height":524,"caption":"PRENSA PAISA"},"image":{"@id":"https:\/\/prensapaisa.com\/#\/schema\/logo\/image\/"}},{"@type":"Person","@id":"https:\/\/prensapaisa.com\/#\/schema\/person\/c5899b8b285dbcd70faec88a7c1579f6","name":"noticias@prensapaisa.com","image":{"@type":"ImageObject","inLanguage":"es-CO","@id":"https:\/\/secure.gravatar.com\/avatar\/ca2b49c1df14b84557c567431f045ea69c8ea5da2da50309fd4de9b811da0433?s=96&d=mm&r=g","url":"https:\/\/secure.gravatar.com\/avatar\/ca2b49c1df14b84557c567431f045ea69c8ea5da2da50309fd4de9b811da0433?s=96&d=mm&r=g","contentUrl":"https:\/\/secure.gravatar.com\/avatar\/ca2b49c1df14b84557c567431f045ea69c8ea5da2da50309fd4de9b811da0433?s=96&d=mm&r=g","caption":"noticias@prensapaisa.com"},"sameAs":["http:\/\/prensapaisa.com"],"url":"https:\/\/prensapaisa.com\/index.php\/author\/prensapaisagmail-com\/"}]}},"_links":{"self":[{"href":"https:\/\/prensapaisa.com\/index.php\/wp-json\/wp\/v2\/posts\/9035","targetHints":{"allow":["GET"]}}],"collection":[{"href":"https:\/\/prensapaisa.com\/index.php\/wp-json\/wp\/v2\/posts"}],"about":[{"href":"https:\/\/prensapaisa.com\/index.php\/wp-json\/wp\/v2\/types\/post"}],"author":[{"embeddable":true,"href":"https:\/\/prensapaisa.com\/index.php\/wp-json\/wp\/v2\/users\/1"}],"replies":[{"embeddable":true,"href":"https:\/\/prensapaisa.com\/index.php\/wp-json\/wp\/v2\/comments?post=9035"}],"version-history":[{"count":1,"href":"https:\/\/prensapaisa.com\/index.php\/wp-json\/wp\/v2\/posts\/9035\/revisions"}],"predecessor-version":[{"id":9037,"href":"https:\/\/prensapaisa.com\/index.php\/wp-json\/wp\/v2\/posts\/9035\/revisions\/9037"}],"wp:featuredmedia":[{"embeddable":true,"href":"https:\/\/prensapaisa.com\/index.php\/wp-json\/wp\/v2\/media\/9036"}],"wp:attachment":[{"href":"https:\/\/prensapaisa.com\/index.php\/wp-json\/wp\/v2\/media?parent=9035"}],"wp:term":[{"taxonomy":"category","embeddable":true,"href":"https:\/\/prensapaisa.com\/index.php\/wp-json\/wp\/v2\/categories?post=9035"},{"taxonomy":"post_tag","embeddable":true,"href":"https:\/\/prensapaisa.com\/index.php\/wp-json\/wp\/v2\/tags?post=9035"}],"curies":[{"name":"wp","href":"https:\/\/api.w.org\/{rel}","templated":true}]}}