{"id":8977,"date":"2022-12-24T14:34:32","date_gmt":"2022-12-24T19:34:32","guid":{"rendered":"https:\/\/prensapaisa.com\/?p=8977"},"modified":"2022-12-26T14:34:43","modified_gmt":"2022-12-26T19:34:43","slug":"dos-hombres-fueron-asesinados-en-el-municipio-de-sonson-antioquia","status":"publish","type":"post","link":"https:\/\/prensapaisa.com\/index.php\/2022\/12\/24\/dos-hombres-fueron-asesinados-en-el-municipio-de-sonson-antioquia\/","title":{"rendered":"Dos hombres fueron asesinados en el municipio de Sons\u00f3n, Antioquia"},"content":{"rendered":"\n<p>&#8220;La preocupaci\u00f3n y zozobra volvi\u00f3 apoderarse de las comunidades del oriente de Antioquia tras el asesinato de dos hombres en menos de 24 horas en el municipio de Sons\u00f3n.<\/p>\n\n\n\n<p>El <a><\/a>primer caso se present\u00f3 este mi\u00e9rcoles en zona rural del municipio, espec\u00edficamente en la vereda Roblalito donde fue ultimado con arma de fuego Juan Felipe Piedrahita Gallego de 31 a\u00f1os de edad.<\/p>\n\n\n\n<p>En menos de 24 horas, siendo las 11 de la ma\u00f1ana del jueves 22 de diciembre, hombres armados ingresaron a la vivienda de Edilberto Bland\u00f3n Hurtado de 25 a\u00f1os a quien dispararon en repetidas ocasiones.<\/p>\n\n\n\n<p>De acuerdo con el informe entregado por la Polic\u00eda de Antioquia, los hechos se presentaron en el barrio La Calzada donde el hombre que se manten\u00eda desempleado fue encontrado al interior de la vivienda con m\u00faltiples heridas por arma de fuego.<\/p>\n\n\n\n<p>Frente a este panorama, \u00d3scar Yesid Zapata, vocero de la Fundaci\u00f3n Sumapaz, advirti\u00f3 que el Observatorio de Derechos Humanos, Paz y Medio Ambiente del Oriente Antioque\u00f1o, hab\u00eda emitido una alerta por la crisis humanitaria que se presenta en la subregi\u00f3n donde se registra un incremento de homicidios selectivos por la presencia de grupos armados.<\/p>\n\n\n\n<p>&#8216;En la construcci\u00f3n de la alerta temprana identificamos varias cosas; encontramos el fortalecimiento de estructuras armadas, principalmente paramilitares en diferentes zonas, hallamos que en todos los municipios hay presencia armada de estos actores y estos, bajo ciertas circunstancias est\u00e1n en confrontaci\u00f3n territorial. Esta situaci\u00f3n ha incrementado la cifra de homicidios selectivos por cuarto a\u00f1o en el oriente de Antioquia&#8217;, explic\u00f3 Zapata.<\/p>\n\n\n\n<p>Espec\u00edficamente en este municipio del oriente antioque\u00f1o, defensores de derechos humanos advierten que se ha incrementado la instalaci\u00f3n de casas para el expendio de drogas alucin\u00f3genas y los corredores estrat\u00e9gicos que sirven para la movilizaci\u00f3n de grupos armados como el Clan del Oriente y las Autodefensas Gaitanistas de Colombia que hacen presencia en la zona.<\/p>\n\n\n\n<p>A su vez, sostienen que en los pr\u00f3ximos d\u00edas la violencia pueda recrudecerse en la zona, por lo que hacen un llamado a las autoridades para que velen por la protecci\u00f3n y garanticen los derechos de las poblaciones&#8217;.<\/p>\n\n\n\n<figure class=\"wp-block-gallery has-nested-images columns-default is-cropped wp-block-gallery-1 is-layout-flex wp-block-gallery-is-layout-flex\">\n<figure class=\"wp-block-image size-large\"><img fetchpriority=\"high\" decoding=\"async\" width=\"1024\" height=\"1024\" data-id=\"8979\" src=\"https:\/\/prensapaisa.com\/wp-content\/uploads\/2022\/12\/1-42-1024x1024.jpg\" alt=\"\" class=\"wp-image-8979\" srcset=\"https:\/\/prensapaisa.com\/wp-content\/uploads\/2022\/12\/1-42-1024x1024.jpg 1024w, https:\/\/prensapaisa.com\/wp-content\/uploads\/2022\/12\/1-42-300x300.jpg 300w, https:\/\/prensapaisa.com\/wp-content\/uploads\/2022\/12\/1-42-150x150.jpg 150w, https:\/\/prensapaisa.com\/wp-content\/uploads\/2022\/12\/1-42-768x768.jpg 768w, https:\/\/prensapaisa.com\/wp-content\/uploads\/2022\/12\/1-42-585x585.jpg 585w, https:\/\/prensapaisa.com\/wp-content\/uploads\/2022\/12\/1-42.jpg 1080w\" sizes=\"(max-width: 1024px) 100vw, 1024px\" \/><\/figure>\n\n\n\n<figure class=\"wp-block-image size-large\"><img decoding=\"async\" width=\"1024\" height=\"1024\" data-id=\"8981\" src=\"https:\/\/prensapaisa.com\/wp-content\/uploads\/2022\/12\/2-33-1024x1024.jpg\" alt=\"\" class=\"wp-image-8981\" srcset=\"https:\/\/prensapaisa.com\/wp-content\/uploads\/2022\/12\/2-33.jpg 1024w, https:\/\/prensapaisa.com\/wp-content\/uploads\/2022\/12\/2-33-300x300.jpg 300w, https:\/\/prensapaisa.com\/wp-content\/uploads\/2022\/12\/2-33-150x150.jpg 150w, https:\/\/prensapaisa.com\/wp-content\/uploads\/2022\/12\/2-33-768x768.jpg 768w, https:\/\/prensapaisa.com\/wp-content\/uploads\/2022\/12\/2-33-585x585.jpg 585w\" sizes=\"(max-width: 1024px) 100vw, 1024px\" \/><\/figure>\n\n\n\n<figure class=\"wp-block-image size-large\"><img decoding=\"async\" width=\"1024\" height=\"1024\" data-id=\"8982\" src=\"https:\/\/prensapaisa.com\/wp-content\/uploads\/2022\/12\/3-copia-23-1024x1024.jpg\" alt=\"\" class=\"wp-image-8982\" srcset=\"https:\/\/prensapaisa.com\/wp-content\/uploads\/2022\/12\/3-copia-23-1024x1024.jpg 1024w, https:\/\/prensapaisa.com\/wp-content\/uploads\/2022\/12\/3-copia-23-300x300.jpg 300w, https:\/\/prensapaisa.com\/wp-content\/uploads\/2022\/12\/3-copia-23-150x150.jpg 150w, https:\/\/prensapaisa.com\/wp-content\/uploads\/2022\/12\/3-copia-23-768x768.jpg 768w, https:\/\/prensapaisa.com\/wp-content\/uploads\/2022\/12\/3-copia-23-585x585.jpg 585w, https:\/\/prensapaisa.com\/wp-content\/uploads\/2022\/12\/3-copia-23.jpg 1080w\" sizes=\"(max-width: 1024px) 100vw, 1024px\" \/><\/figure>\n\n\n\n<figure class=\"wp-block-image size-large\"><img loading=\"lazy\" decoding=\"async\" width=\"748\" height=\"748\" data-id=\"8980\" src=\"https:\/\/prensapaisa.com\/wp-content\/uploads\/2022\/12\/3-18.jpg\" alt=\"\" class=\"wp-image-8980\" srcset=\"https:\/\/prensapaisa.com\/wp-content\/uploads\/2022\/12\/3-18.jpg 748w, https:\/\/prensapaisa.com\/wp-content\/uploads\/2022\/12\/3-18-300x300.jpg 300w, https:\/\/prensapaisa.com\/wp-content\/uploads\/2022\/12\/3-18-150x150.jpg 150w, https:\/\/prensapaisa.com\/wp-content\/uploads\/2022\/12\/3-18-585x585.jpg 585w\" sizes=\"(max-width: 748px) 100vw, 748px\" \/><\/figure>\n<\/figure>\n","protected":false},"excerpt":{"rendered":"<p>&#8220;La preocupaci\u00f3n y zozobra volvi\u00f3 apoderarse de las comunidades del oriente de Antioquia tras el asesinato de dos hombres en menos de 24 horas en el municipio de Sons\u00f3n. El&hellip;<\/p>\n","protected":false},"author":1,"featured_media":8978,"comment_status":"open","ping_status":"open","sticky":false,"template":"","format":"standard","meta":{"footnotes":""},"categories":[43,16,1,47],"tags":[],"class_list":["post-8977","post","type-post","status-publish","format-standard","has-post-thumbnail","hentry","category-fallecidos","category-municipios","category-noticias","category-orden-publico"],"yoast_head":"<!-- This site is optimized with the Yoast SEO plugin v27.4 - https:\/\/yoast.com\/product\/yoast-seo-wordpress\/ -->\n<title>Dos hombres fueron asesinados en el municipio de Sons\u00f3n, Antioquia - PRENSA PAISA<\/title>\n<meta name=\"robots\" content=\"index, follow, max-snippet:-1, max-image-preview:large, max-video-preview:-1\" \/>\n<link rel=\"canonical\" href=\"https:\/\/prensapaisa.com\/index.php\/2022\/12\/24\/dos-hombres-fueron-asesinados-en-el-municipio-de-sonson-antioquia\/\" \/>\n<meta property=\"og:locale\" content=\"es_ES\" \/>\n<meta property=\"og:type\" content=\"article\" \/>\n<meta property=\"og:title\" content=\"Dos hombres fueron asesinados en el municipio de Sons\u00f3n, Antioquia - PRENSA PAISA\" \/>\n<meta property=\"og:description\" content=\"&#8220;La preocupaci\u00f3n y zozobra volvi\u00f3 apoderarse de las comunidades del oriente de Antioquia tras el asesinato de dos hombres en menos de 24 horas en el municipio de Sons\u00f3n. El&hellip;\" \/>\n<meta property=\"og:url\" content=\"https:\/\/prensapaisa.com\/index.php\/2022\/12\/24\/dos-hombres-fueron-asesinados-en-el-municipio-de-sonson-antioquia\/\" \/>\n<meta property=\"og:site_name\" content=\"PRENSA PAISA\" \/>\n<meta property=\"article:published_time\" content=\"2022-12-24T19:34:32+00:00\" \/>\n<meta property=\"article:modified_time\" content=\"2022-12-26T19:34:43+00:00\" \/>\n<meta property=\"og:image\" content=\"https:\/\/prensapaisa.com\/wp-content\/uploads\/2022\/12\/1-copia-86.jpg\" \/>\n\t<meta property=\"og:image:width\" content=\"960\" \/>\n\t<meta property=\"og:image:height\" content=\"960\" \/>\n\t<meta property=\"og:image:type\" content=\"image\/jpeg\" \/>\n<meta name=\"author\" content=\"noticias@prensapaisa.com\" \/>\n<meta name=\"twitter:card\" content=\"summary_large_image\" \/>\n<meta name=\"twitter:label1\" content=\"Escrito por\" \/>\n\t<meta name=\"twitter:data1\" content=\"noticias@prensapaisa.com\" \/>\n\t<meta name=\"twitter:label2\" content=\"Tiempo de lectura\" \/>\n\t<meta name=\"twitter:data2\" content=\"3 minutos\" \/>\n<script type=\"application\/ld+json\" class=\"yoast-schema-graph\">{\"@context\":\"https:\\\/\\\/schema.org\",\"@graph\":[{\"@type\":\"Article\",\"@id\":\"https:\\\/\\\/prensapaisa.com\\\/index.php\\\/2022\\\/12\\\/24\\\/dos-hombres-fueron-asesinados-en-el-municipio-de-sonson-antioquia\\\/#article\",\"isPartOf\":{\"@id\":\"https:\\\/\\\/prensapaisa.com\\\/index.php\\\/2022\\\/12\\\/24\\\/dos-hombres-fueron-asesinados-en-el-municipio-de-sonson-antioquia\\\/\"},\"author\":{\"name\":\"noticias@prensapaisa.com\",\"@id\":\"https:\\\/\\\/prensapaisa.com\\\/#\\\/schema\\\/person\\\/c5899b8b285dbcd70faec88a7c1579f6\"},\"headline\":\"Dos hombres fueron asesinados en el municipio de Sons\u00f3n, Antioquia\",\"datePublished\":\"2022-12-24T19:34:32+00:00\",\"dateModified\":\"2022-12-26T19:34:43+00:00\",\"mainEntityOfPage\":{\"@id\":\"https:\\\/\\\/prensapaisa.com\\\/index.php\\\/2022\\\/12\\\/24\\\/dos-hombres-fueron-asesinados-en-el-municipio-de-sonson-antioquia\\\/\"},\"wordCount\":380,\"commentCount\":0,\"publisher\":{\"@id\":\"https:\\\/\\\/prensapaisa.com\\\/#organization\"},\"image\":{\"@id\":\"https:\\\/\\\/prensapaisa.com\\\/index.php\\\/2022\\\/12\\\/24\\\/dos-hombres-fueron-asesinados-en-el-municipio-de-sonson-antioquia\\\/#primaryimage\"},\"thumbnailUrl\":\"https:\\\/\\\/prensapaisa.com\\\/wp-content\\\/uploads\\\/2022\\\/12\\\/1-copia-86.jpg\",\"articleSection\":[\"Fallecidos\",\"Municipios\",\"Noticias\",\"Orden Publico\"],\"inLanguage\":\"es-CO\",\"potentialAction\":[{\"@type\":\"CommentAction\",\"name\":\"Comment\",\"target\":[\"https:\\\/\\\/prensapaisa.com\\\/index.php\\\/2022\\\/12\\\/24\\\/dos-hombres-fueron-asesinados-en-el-municipio-de-sonson-antioquia\\\/#respond\"]}]},{\"@type\":\"WebPage\",\"@id\":\"https:\\\/\\\/prensapaisa.com\\\/index.php\\\/2022\\\/12\\\/24\\\/dos-hombres-fueron-asesinados-en-el-municipio-de-sonson-antioquia\\\/\",\"url\":\"https:\\\/\\\/prensapaisa.com\\\/index.php\\\/2022\\\/12\\\/24\\\/dos-hombres-fueron-asesinados-en-el-municipio-de-sonson-antioquia\\\/\",\"name\":\"Dos hombres fueron asesinados en el municipio de Sons\u00f3n, Antioquia - PRENSA PAISA\",\"isPartOf\":{\"@id\":\"https:\\\/\\\/prensapaisa.com\\\/#website\"},\"primaryImageOfPage\":{\"@id\":\"https:\\\/\\\/prensapaisa.com\\\/index.php\\\/2022\\\/12\\\/24\\\/dos-hombres-fueron-asesinados-en-el-municipio-de-sonson-antioquia\\\/#primaryimage\"},\"image\":{\"@id\":\"https:\\\/\\\/prensapaisa.com\\\/index.php\\\/2022\\\/12\\\/24\\\/dos-hombres-fueron-asesinados-en-el-municipio-de-sonson-antioquia\\\/#primaryimage\"},\"thumbnailUrl\":\"https:\\\/\\\/prensapaisa.com\\\/wp-content\\\/uploads\\\/2022\\\/12\\\/1-copia-86.jpg\",\"datePublished\":\"2022-12-24T19:34:32+00:00\",\"dateModified\":\"2022-12-26T19:34:43+00:00\",\"breadcrumb\":{\"@id\":\"https:\\\/\\\/prensapaisa.com\\\/index.php\\\/2022\\\/12\\\/24\\\/dos-hombres-fueron-asesinados-en-el-municipio-de-sonson-antioquia\\\/#breadcrumb\"},\"inLanguage\":\"es-CO\",\"potentialAction\":[{\"@type\":\"ReadAction\",\"target\":[\"https:\\\/\\\/prensapaisa.com\\\/index.php\\\/2022\\\/12\\\/24\\\/dos-hombres-fueron-asesinados-en-el-municipio-de-sonson-antioquia\\\/\"]}]},{\"@type\":\"ImageObject\",\"inLanguage\":\"es-CO\",\"@id\":\"https:\\\/\\\/prensapaisa.com\\\/index.php\\\/2022\\\/12\\\/24\\\/dos-hombres-fueron-asesinados-en-el-municipio-de-sonson-antioquia\\\/#primaryimage\",\"url\":\"https:\\\/\\\/prensapaisa.com\\\/wp-content\\\/uploads\\\/2022\\\/12\\\/1-copia-86.jpg\",\"contentUrl\":\"https:\\\/\\\/prensapaisa.com\\\/wp-content\\\/uploads\\\/2022\\\/12\\\/1-copia-86.jpg\",\"width\":960,\"height\":960},{\"@type\":\"BreadcrumbList\",\"@id\":\"https:\\\/\\\/prensapaisa.com\\\/index.php\\\/2022\\\/12\\\/24\\\/dos-hombres-fueron-asesinados-en-el-municipio-de-sonson-antioquia\\\/#breadcrumb\",\"itemListElement\":[{\"@type\":\"ListItem\",\"position\":1,\"name\":\"Inicio\",\"item\":\"https:\\\/\\\/prensapaisa.com\\\/\"},{\"@type\":\"ListItem\",\"position\":2,\"name\":\"Dos hombres fueron asesinados en el municipio de Sons\u00f3n, Antioquia\"}]},{\"@type\":\"WebSite\",\"@id\":\"https:\\\/\\\/prensapaisa.com\\\/#website\",\"url\":\"https:\\\/\\\/prensapaisa.com\\\/\",\"name\":\"PRENSA PAISA\",\"description\":\"Prensa Paisa la Original | Noticias de Medell\u00edn, Antioquia\",\"publisher\":{\"@id\":\"https:\\\/\\\/prensapaisa.com\\\/#organization\"},\"potentialAction\":[{\"@type\":\"SearchAction\",\"target\":{\"@type\":\"EntryPoint\",\"urlTemplate\":\"https:\\\/\\\/prensapaisa.com\\\/?s={search_term_string}\"},\"query-input\":{\"@type\":\"PropertyValueSpecification\",\"valueRequired\":true,\"valueName\":\"search_term_string\"}}],\"inLanguage\":\"es-CO\"},{\"@type\":\"Organization\",\"@id\":\"https:\\\/\\\/prensapaisa.com\\\/#organization\",\"name\":\"PRENSA PAISA\",\"url\":\"https:\\\/\\\/prensapaisa.com\\\/\",\"logo\":{\"@type\":\"ImageObject\",\"inLanguage\":\"es-CO\",\"@id\":\"https:\\\/\\\/prensapaisa.com\\\/#\\\/schema\\\/logo\\\/image\\\/\",\"url\":\"https:\\\/\\\/prensapaisa.com\\\/wp-content\\\/uploads\\\/2022\\\/05\\\/cropped-cropped-prensa.png\",\"contentUrl\":\"https:\\\/\\\/prensapaisa.com\\\/wp-content\\\/uploads\\\/2022\\\/05\\\/cropped-cropped-prensa.png\",\"width\":784,\"height\":524,\"caption\":\"PRENSA PAISA\"},\"image\":{\"@id\":\"https:\\\/\\\/prensapaisa.com\\\/#\\\/schema\\\/logo\\\/image\\\/\"}},{\"@type\":\"Person\",\"@id\":\"https:\\\/\\\/prensapaisa.com\\\/#\\\/schema\\\/person\\\/c5899b8b285dbcd70faec88a7c1579f6\",\"name\":\"noticias@prensapaisa.com\",\"image\":{\"@type\":\"ImageObject\",\"inLanguage\":\"es-CO\",\"@id\":\"https:\\\/\\\/secure.gravatar.com\\\/avatar\\\/ca2b49c1df14b84557c567431f045ea69c8ea5da2da50309fd4de9b811da0433?s=96&d=mm&r=g\",\"url\":\"https:\\\/\\\/secure.gravatar.com\\\/avatar\\\/ca2b49c1df14b84557c567431f045ea69c8ea5da2da50309fd4de9b811da0433?s=96&d=mm&r=g\",\"contentUrl\":\"https:\\\/\\\/secure.gravatar.com\\\/avatar\\\/ca2b49c1df14b84557c567431f045ea69c8ea5da2da50309fd4de9b811da0433?s=96&d=mm&r=g\",\"caption\":\"noticias@prensapaisa.com\"},\"sameAs\":[\"http:\\\/\\\/prensapaisa.com\"],\"url\":\"https:\\\/\\\/prensapaisa.com\\\/index.php\\\/author\\\/prensapaisagmail-com\\\/\"}]}<\/script>\n<!-- \/ Yoast SEO plugin. -->","yoast_head_json":{"title":"Dos hombres fueron asesinados en el municipio de Sons\u00f3n, Antioquia - PRENSA PAISA","robots":{"index":"index","follow":"follow","max-snippet":"max-snippet:-1","max-image-preview":"max-image-preview:large","max-video-preview":"max-video-preview:-1"},"canonical":"https:\/\/prensapaisa.com\/index.php\/2022\/12\/24\/dos-hombres-fueron-asesinados-en-el-municipio-de-sonson-antioquia\/","og_locale":"es_ES","og_type":"article","og_title":"Dos hombres fueron asesinados en el municipio de Sons\u00f3n, Antioquia - PRENSA PAISA","og_description":"&#8220;La preocupaci\u00f3n y zozobra volvi\u00f3 apoderarse de las comunidades del oriente de Antioquia tras el asesinato de dos hombres en menos de 24 horas en el municipio de Sons\u00f3n. El&hellip;","og_url":"https:\/\/prensapaisa.com\/index.php\/2022\/12\/24\/dos-hombres-fueron-asesinados-en-el-municipio-de-sonson-antioquia\/","og_site_name":"PRENSA PAISA","article_published_time":"2022-12-24T19:34:32+00:00","article_modified_time":"2022-12-26T19:34:43+00:00","og_image":[{"width":960,"height":960,"url":"https:\/\/prensapaisa.com\/wp-content\/uploads\/2022\/12\/1-copia-86.jpg","type":"image\/jpeg"}],"author":"noticias@prensapaisa.com","twitter_card":"summary_large_image","twitter_misc":{"Escrito por":"noticias@prensapaisa.com","Tiempo de lectura":"3 minutos"},"schema":{"@context":"https:\/\/schema.org","@graph":[{"@type":"Article","@id":"https:\/\/prensapaisa.com\/index.php\/2022\/12\/24\/dos-hombres-fueron-asesinados-en-el-municipio-de-sonson-antioquia\/#article","isPartOf":{"@id":"https:\/\/prensapaisa.com\/index.php\/2022\/12\/24\/dos-hombres-fueron-asesinados-en-el-municipio-de-sonson-antioquia\/"},"author":{"name":"noticias@prensapaisa.com","@id":"https:\/\/prensapaisa.com\/#\/schema\/person\/c5899b8b285dbcd70faec88a7c1579f6"},"headline":"Dos hombres fueron asesinados en el municipio de Sons\u00f3n, Antioquia","datePublished":"2022-12-24T19:34:32+00:00","dateModified":"2022-12-26T19:34:43+00:00","mainEntityOfPage":{"@id":"https:\/\/prensapaisa.com\/index.php\/2022\/12\/24\/dos-hombres-fueron-asesinados-en-el-municipio-de-sonson-antioquia\/"},"wordCount":380,"commentCount":0,"publisher":{"@id":"https:\/\/prensapaisa.com\/#organization"},"image":{"@id":"https:\/\/prensapaisa.com\/index.php\/2022\/12\/24\/dos-hombres-fueron-asesinados-en-el-municipio-de-sonson-antioquia\/#primaryimage"},"thumbnailUrl":"https:\/\/prensapaisa.com\/wp-content\/uploads\/2022\/12\/1-copia-86.jpg","articleSection":["Fallecidos","Municipios","Noticias","Orden Publico"],"inLanguage":"es-CO","potentialAction":[{"@type":"CommentAction","name":"Comment","target":["https:\/\/prensapaisa.com\/index.php\/2022\/12\/24\/dos-hombres-fueron-asesinados-en-el-municipio-de-sonson-antioquia\/#respond"]}]},{"@type":"WebPage","@id":"https:\/\/prensapaisa.com\/index.php\/2022\/12\/24\/dos-hombres-fueron-asesinados-en-el-municipio-de-sonson-antioquia\/","url":"https:\/\/prensapaisa.com\/index.php\/2022\/12\/24\/dos-hombres-fueron-asesinados-en-el-municipio-de-sonson-antioquia\/","name":"Dos hombres fueron asesinados en el municipio de Sons\u00f3n, Antioquia - PRENSA PAISA","isPartOf":{"@id":"https:\/\/prensapaisa.com\/#website"},"primaryImageOfPage":{"@id":"https:\/\/prensapaisa.com\/index.php\/2022\/12\/24\/dos-hombres-fueron-asesinados-en-el-municipio-de-sonson-antioquia\/#primaryimage"},"image":{"@id":"https:\/\/prensapaisa.com\/index.php\/2022\/12\/24\/dos-hombres-fueron-asesinados-en-el-municipio-de-sonson-antioquia\/#primaryimage"},"thumbnailUrl":"https:\/\/prensapaisa.com\/wp-content\/uploads\/2022\/12\/1-copia-86.jpg","datePublished":"2022-12-24T19:34:32+00:00","dateModified":"2022-12-26T19:34:43+00:00","breadcrumb":{"@id":"https:\/\/prensapaisa.com\/index.php\/2022\/12\/24\/dos-hombres-fueron-asesinados-en-el-municipio-de-sonson-antioquia\/#breadcrumb"},"inLanguage":"es-CO","potentialAction":[{"@type":"ReadAction","target":["https:\/\/prensapaisa.com\/index.php\/2022\/12\/24\/dos-hombres-fueron-asesinados-en-el-municipio-de-sonson-antioquia\/"]}]},{"@type":"ImageObject","inLanguage":"es-CO","@id":"https:\/\/prensapaisa.com\/index.php\/2022\/12\/24\/dos-hombres-fueron-asesinados-en-el-municipio-de-sonson-antioquia\/#primaryimage","url":"https:\/\/prensapaisa.com\/wp-content\/uploads\/2022\/12\/1-copia-86.jpg","contentUrl":"https:\/\/prensapaisa.com\/wp-content\/uploads\/2022\/12\/1-copia-86.jpg","width":960,"height":960},{"@type":"BreadcrumbList","@id":"https:\/\/prensapaisa.com\/index.php\/2022\/12\/24\/dos-hombres-fueron-asesinados-en-el-municipio-de-sonson-antioquia\/#breadcrumb","itemListElement":[{"@type":"ListItem","position":1,"name":"Inicio","item":"https:\/\/prensapaisa.com\/"},{"@type":"ListItem","position":2,"name":"Dos hombres fueron asesinados en el municipio de Sons\u00f3n, Antioquia"}]},{"@type":"WebSite","@id":"https:\/\/prensapaisa.com\/#website","url":"https:\/\/prensapaisa.com\/","name":"PRENSA PAISA","description":"Prensa Paisa la Original | Noticias de Medell\u00edn, Antioquia","publisher":{"@id":"https:\/\/prensapaisa.com\/#organization"},"potentialAction":[{"@type":"SearchAction","target":{"@type":"EntryPoint","urlTemplate":"https:\/\/prensapaisa.com\/?s={search_term_string}"},"query-input":{"@type":"PropertyValueSpecification","valueRequired":true,"valueName":"search_term_string"}}],"inLanguage":"es-CO"},{"@type":"Organization","@id":"https:\/\/prensapaisa.com\/#organization","name":"PRENSA PAISA","url":"https:\/\/prensapaisa.com\/","logo":{"@type":"ImageObject","inLanguage":"es-CO","@id":"https:\/\/prensapaisa.com\/#\/schema\/logo\/image\/","url":"https:\/\/prensapaisa.com\/wp-content\/uploads\/2022\/05\/cropped-cropped-prensa.png","contentUrl":"https:\/\/prensapaisa.com\/wp-content\/uploads\/2022\/05\/cropped-cropped-prensa.png","width":784,"height":524,"caption":"PRENSA PAISA"},"image":{"@id":"https:\/\/prensapaisa.com\/#\/schema\/logo\/image\/"}},{"@type":"Person","@id":"https:\/\/prensapaisa.com\/#\/schema\/person\/c5899b8b285dbcd70faec88a7c1579f6","name":"noticias@prensapaisa.com","image":{"@type":"ImageObject","inLanguage":"es-CO","@id":"https:\/\/secure.gravatar.com\/avatar\/ca2b49c1df14b84557c567431f045ea69c8ea5da2da50309fd4de9b811da0433?s=96&d=mm&r=g","url":"https:\/\/secure.gravatar.com\/avatar\/ca2b49c1df14b84557c567431f045ea69c8ea5da2da50309fd4de9b811da0433?s=96&d=mm&r=g","contentUrl":"https:\/\/secure.gravatar.com\/avatar\/ca2b49c1df14b84557c567431f045ea69c8ea5da2da50309fd4de9b811da0433?s=96&d=mm&r=g","caption":"noticias@prensapaisa.com"},"sameAs":["http:\/\/prensapaisa.com"],"url":"https:\/\/prensapaisa.com\/index.php\/author\/prensapaisagmail-com\/"}]}},"_links":{"self":[{"href":"https:\/\/prensapaisa.com\/index.php\/wp-json\/wp\/v2\/posts\/8977","targetHints":{"allow":["GET"]}}],"collection":[{"href":"https:\/\/prensapaisa.com\/index.php\/wp-json\/wp\/v2\/posts"}],"about":[{"href":"https:\/\/prensapaisa.com\/index.php\/wp-json\/wp\/v2\/types\/post"}],"author":[{"embeddable":true,"href":"https:\/\/prensapaisa.com\/index.php\/wp-json\/wp\/v2\/users\/1"}],"replies":[{"embeddable":true,"href":"https:\/\/prensapaisa.com\/index.php\/wp-json\/wp\/v2\/comments?post=8977"}],"version-history":[{"count":1,"href":"https:\/\/prensapaisa.com\/index.php\/wp-json\/wp\/v2\/posts\/8977\/revisions"}],"predecessor-version":[{"id":8983,"href":"https:\/\/prensapaisa.com\/index.php\/wp-json\/wp\/v2\/posts\/8977\/revisions\/8983"}],"wp:featuredmedia":[{"embeddable":true,"href":"https:\/\/prensapaisa.com\/index.php\/wp-json\/wp\/v2\/media\/8978"}],"wp:attachment":[{"href":"https:\/\/prensapaisa.com\/index.php\/wp-json\/wp\/v2\/media?parent=8977"}],"wp:term":[{"taxonomy":"category","embeddable":true,"href":"https:\/\/prensapaisa.com\/index.php\/wp-json\/wp\/v2\/categories?post=8977"},{"taxonomy":"post_tag","embeddable":true,"href":"https:\/\/prensapaisa.com\/index.php\/wp-json\/wp\/v2\/tags?post=8977"}],"curies":[{"name":"wp","href":"https:\/\/api.w.org\/{rel}","templated":true}]}}