{"id":8597,"date":"2022-12-07T19:09:19","date_gmt":"2022-12-08T00:09:19","guid":{"rendered":"https:\/\/prensapaisa.com\/?p=8597"},"modified":"2022-12-07T19:09:20","modified_gmt":"2022-12-08T00:09:20","slug":"medellin-debe-exterminar-la-plaga-de-los-sicarios-para-encontrar-la-paz-y-comenzar-con-otra-cultura","status":"publish","type":"post","link":"https:\/\/prensapaisa.com\/index.php\/2022\/12\/07\/medellin-debe-exterminar-la-plaga-de-los-sicarios-para-encontrar-la-paz-y-comenzar-con-otra-cultura\/","title":{"rendered":"Medell\u00edn debe exterminar la plaga de los sicarios para encontrar la paz y comenzar con otra cultura"},"content":{"rendered":"\n<p>&#8220;Operativo de las autoridades termin\u00f3 con la captura de 30 integrantes de una banda delincuencial, con presencia en el Centro y en el Oriente de la ciudad, se\u00f1alada de homicidio, tentativa de homicidio, concierto para delinquir agravado, secuestro simple y agravado, porte ilegal de armas de fuego, desplazamiento forzado, extorsi\u00f3n, tr\u00e1fico, porte y fabricaci\u00f3n de <a><\/a>estupefacientes.<\/p>\n\n\n\n<p>Esto fue posible con la &#8216;Operaci\u00f3n Atlanta&#8217;, que se ejecut\u00f3 de la mano de grupos especializados de la Polic\u00eda Metropolitana y el CTI de la Fiscal\u00eda con diez allanamientos simult\u00e1neos, todos en el Centro de Medell\u00edn, que permitieron 15 capturas por orden judicial. No obstante, la investigaci\u00f3n evidenci\u00f3 que otros 15 integrantes de la banda delinqu\u00edan, incluso, tras las rejas, por lo que se les notific\u00f3 de los nuevos cargos y sus respectivas \u00f3rdenes de captura, lo que garantiza procesos m\u00e1s severos y posibles nuevas condenas.<\/p>\n\n\n\n<p>Entre los capturados se encuentran dos coordinadores, conocidos como \u2018Tocino\u2019 (coordinador de rentas criminales) y \u2018\u00c1nimas\u2019. Adem\u00e1s, los integrantes \u2018Chazo\u2019, \u2018Lindo\u2019, \u2018Nene\u2019, \u2019Santiago\u2019, \u2018\u00d1engo\u2019, \u2018Cartagena\u2019, \u2019Renter\u00eda\u2019, \u2018Duende\u2019, \u2018Kike Vanegas\u2019, \u2018Titi\u2019 y dos mujeres conocidas como \u2018Do\u00f1a Rosa\u2019 y \u2018Teresa\u2019.<\/p>\n\n\n\n<p>Con la &#8216;Operaci\u00f3n Atlanta&#8217; se esclarecen 22 cr\u00edmenes, una acci\u00f3n en defensa de la vida.<\/p>\n\n\n\n<p>Dos de estas muertes sucedieron en 2018, cinco en 2019, seis en 2020, ocho en 2021 y una este a\u00f1o.<\/p>\n\n\n\n<p>Tambi\u00e9n se esclarecieron tres secuestros, cinco tentativas de homicidio y un desplazamiento forzado, ocurridos entre 2018 y 2022.<\/p>\n\n\n\n<p>Se estima que este grupo delincuencial recib\u00eda $100 millones al mes, producto de rentas criminales.<\/p>\n\n\n\n<p>Durante el procedimiento se incautaron:<\/p>\n\n\n\n<p>16 tel\u00e9fonos celulares de diferentes marcas, 2 computadores port\u00e1tiles, 432 cartuchos dorados de 9 mil\u00edmetros, 7 proveedores de pistola 9 mil\u00edmetros, 1 mira telesc\u00f3pica, 1 adaptador de pistola 9 mil\u00edmetros, 159 cartuchos de calibre 38, 1 DVR, 3 veh\u00edculos de diferentes marcas y 2 motocicletas de alto cilindraje&#8221;.<\/p>\n\n\n\n<p><\/p>\n\n\n\n<figure class=\"wp-block-embed is-type-video is-provider-youtube wp-block-embed-youtube wp-embed-aspect-4-3 wp-has-aspect-ratio\"><div class=\"wp-block-embed__wrapper\">\n<iframe title=\"Medell\u00edn debe exterminar la plaga de los sicarios para encontrar la paz y comenzar con otra cultura\" width=\"1170\" height=\"878\" src=\"https:\/\/www.youtube.com\/embed\/33M3aSOvHV4?feature=oembed\" frameborder=\"0\" allow=\"accelerometer; autoplay; clipboard-write; encrypted-media; gyroscope; picture-in-picture\" allowfullscreen><\/iframe>\n<\/div><\/figure>\n","protected":false},"excerpt":{"rendered":"<p>&#8220;Operativo de las autoridades termin\u00f3 con la captura de 30 integrantes de una banda delincuencial, con presencia en el Centro y en el Oriente de la ciudad, se\u00f1alada de homicidio,&hellip;<\/p>\n","protected":false},"author":1,"featured_media":8598,"comment_status":"open","ping_status":"open","sticky":false,"template":"","format":"standard","meta":{"footnotes":""},"categories":[1],"tags":[],"class_list":["post-8597","post","type-post","status-publish","format-standard","has-post-thumbnail","hentry","category-noticias"],"yoast_head":"<!-- This site is optimized with the Yoast SEO plugin v27.4 - https:\/\/yoast.com\/product\/yoast-seo-wordpress\/ -->\n<title>Medell\u00edn debe exterminar la plaga de los sicarios para encontrar la paz y comenzar con otra cultura - PRENSA PAISA<\/title>\n<meta name=\"robots\" content=\"index, follow, max-snippet:-1, max-image-preview:large, max-video-preview:-1\" \/>\n<link rel=\"canonical\" href=\"https:\/\/prensapaisa.com\/index.php\/2022\/12\/07\/medellin-debe-exterminar-la-plaga-de-los-sicarios-para-encontrar-la-paz-y-comenzar-con-otra-cultura\/\" \/>\n<meta property=\"og:locale\" content=\"es_ES\" \/>\n<meta property=\"og:type\" content=\"article\" \/>\n<meta property=\"og:title\" content=\"Medell\u00edn debe exterminar la plaga de los sicarios para encontrar la paz y comenzar con otra cultura - PRENSA PAISA\" \/>\n<meta property=\"og:description\" content=\"&#8220;Operativo de las autoridades termin\u00f3 con la captura de 30 integrantes de una banda delincuencial, con presencia en el Centro y en el Oriente de la ciudad, se\u00f1alada de homicidio,&hellip;\" \/>\n<meta property=\"og:url\" content=\"https:\/\/prensapaisa.com\/index.php\/2022\/12\/07\/medellin-debe-exterminar-la-plaga-de-los-sicarios-para-encontrar-la-paz-y-comenzar-con-otra-cultura\/\" \/>\n<meta property=\"og:site_name\" content=\"PRENSA PAISA\" \/>\n<meta property=\"article:published_time\" content=\"2022-12-08T00:09:19+00:00\" \/>\n<meta property=\"article:modified_time\" content=\"2022-12-08T00:09:20+00:00\" \/>\n<meta property=\"og:image\" content=\"https:\/\/prensapaisa.com\/wp-content\/uploads\/2022\/12\/1-copia-14.jpg\" \/>\n\t<meta property=\"og:image:width\" content=\"539\" \/>\n\t<meta property=\"og:image:height\" content=\"306\" \/>\n\t<meta property=\"og:image:type\" content=\"image\/jpeg\" \/>\n<meta name=\"author\" content=\"noticias@prensapaisa.com\" \/>\n<meta name=\"twitter:card\" content=\"summary_large_image\" \/>\n<meta name=\"twitter:label1\" content=\"Escrito por\" \/>\n\t<meta name=\"twitter:data1\" content=\"noticias@prensapaisa.com\" \/>\n\t<meta name=\"twitter:label2\" content=\"Tiempo de lectura\" \/>\n\t<meta name=\"twitter:data2\" content=\"2 minutos\" \/>\n<script type=\"application\/ld+json\" class=\"yoast-schema-graph\">{\"@context\":\"https:\\\/\\\/schema.org\",\"@graph\":[{\"@type\":\"Article\",\"@id\":\"https:\\\/\\\/prensapaisa.com\\\/index.php\\\/2022\\\/12\\\/07\\\/medellin-debe-exterminar-la-plaga-de-los-sicarios-para-encontrar-la-paz-y-comenzar-con-otra-cultura\\\/#article\",\"isPartOf\":{\"@id\":\"https:\\\/\\\/prensapaisa.com\\\/index.php\\\/2022\\\/12\\\/07\\\/medellin-debe-exterminar-la-plaga-de-los-sicarios-para-encontrar-la-paz-y-comenzar-con-otra-cultura\\\/\"},\"author\":{\"name\":\"noticias@prensapaisa.com\",\"@id\":\"https:\\\/\\\/prensapaisa.com\\\/#\\\/schema\\\/person\\\/c5899b8b285dbcd70faec88a7c1579f6\"},\"headline\":\"Medell\u00edn debe exterminar la plaga de los sicarios para encontrar la paz y comenzar con otra cultura\",\"datePublished\":\"2022-12-08T00:09:19+00:00\",\"dateModified\":\"2022-12-08T00:09:20+00:00\",\"mainEntityOfPage\":{\"@id\":\"https:\\\/\\\/prensapaisa.com\\\/index.php\\\/2022\\\/12\\\/07\\\/medellin-debe-exterminar-la-plaga-de-los-sicarios-para-encontrar-la-paz-y-comenzar-con-otra-cultura\\\/\"},\"wordCount\":328,\"commentCount\":0,\"publisher\":{\"@id\":\"https:\\\/\\\/prensapaisa.com\\\/#organization\"},\"image\":{\"@id\":\"https:\\\/\\\/prensapaisa.com\\\/index.php\\\/2022\\\/12\\\/07\\\/medellin-debe-exterminar-la-plaga-de-los-sicarios-para-encontrar-la-paz-y-comenzar-con-otra-cultura\\\/#primaryimage\"},\"thumbnailUrl\":\"https:\\\/\\\/prensapaisa.com\\\/wp-content\\\/uploads\\\/2022\\\/12\\\/1-copia-14.jpg\",\"articleSection\":[\"Noticias\"],\"inLanguage\":\"es-CO\",\"potentialAction\":[{\"@type\":\"CommentAction\",\"name\":\"Comment\",\"target\":[\"https:\\\/\\\/prensapaisa.com\\\/index.php\\\/2022\\\/12\\\/07\\\/medellin-debe-exterminar-la-plaga-de-los-sicarios-para-encontrar-la-paz-y-comenzar-con-otra-cultura\\\/#respond\"]}]},{\"@type\":\"WebPage\",\"@id\":\"https:\\\/\\\/prensapaisa.com\\\/index.php\\\/2022\\\/12\\\/07\\\/medellin-debe-exterminar-la-plaga-de-los-sicarios-para-encontrar-la-paz-y-comenzar-con-otra-cultura\\\/\",\"url\":\"https:\\\/\\\/prensapaisa.com\\\/index.php\\\/2022\\\/12\\\/07\\\/medellin-debe-exterminar-la-plaga-de-los-sicarios-para-encontrar-la-paz-y-comenzar-con-otra-cultura\\\/\",\"name\":\"Medell\u00edn debe exterminar la plaga de los sicarios para encontrar la paz y comenzar con otra cultura - PRENSA PAISA\",\"isPartOf\":{\"@id\":\"https:\\\/\\\/prensapaisa.com\\\/#website\"},\"primaryImageOfPage\":{\"@id\":\"https:\\\/\\\/prensapaisa.com\\\/index.php\\\/2022\\\/12\\\/07\\\/medellin-debe-exterminar-la-plaga-de-los-sicarios-para-encontrar-la-paz-y-comenzar-con-otra-cultura\\\/#primaryimage\"},\"image\":{\"@id\":\"https:\\\/\\\/prensapaisa.com\\\/index.php\\\/2022\\\/12\\\/07\\\/medellin-debe-exterminar-la-plaga-de-los-sicarios-para-encontrar-la-paz-y-comenzar-con-otra-cultura\\\/#primaryimage\"},\"thumbnailUrl\":\"https:\\\/\\\/prensapaisa.com\\\/wp-content\\\/uploads\\\/2022\\\/12\\\/1-copia-14.jpg\",\"datePublished\":\"2022-12-08T00:09:19+00:00\",\"dateModified\":\"2022-12-08T00:09:20+00:00\",\"breadcrumb\":{\"@id\":\"https:\\\/\\\/prensapaisa.com\\\/index.php\\\/2022\\\/12\\\/07\\\/medellin-debe-exterminar-la-plaga-de-los-sicarios-para-encontrar-la-paz-y-comenzar-con-otra-cultura\\\/#breadcrumb\"},\"inLanguage\":\"es-CO\",\"potentialAction\":[{\"@type\":\"ReadAction\",\"target\":[\"https:\\\/\\\/prensapaisa.com\\\/index.php\\\/2022\\\/12\\\/07\\\/medellin-debe-exterminar-la-plaga-de-los-sicarios-para-encontrar-la-paz-y-comenzar-con-otra-cultura\\\/\"]}]},{\"@type\":\"ImageObject\",\"inLanguage\":\"es-CO\",\"@id\":\"https:\\\/\\\/prensapaisa.com\\\/index.php\\\/2022\\\/12\\\/07\\\/medellin-debe-exterminar-la-plaga-de-los-sicarios-para-encontrar-la-paz-y-comenzar-con-otra-cultura\\\/#primaryimage\",\"url\":\"https:\\\/\\\/prensapaisa.com\\\/wp-content\\\/uploads\\\/2022\\\/12\\\/1-copia-14.jpg\",\"contentUrl\":\"https:\\\/\\\/prensapaisa.com\\\/wp-content\\\/uploads\\\/2022\\\/12\\\/1-copia-14.jpg\",\"width\":539,\"height\":306},{\"@type\":\"BreadcrumbList\",\"@id\":\"https:\\\/\\\/prensapaisa.com\\\/index.php\\\/2022\\\/12\\\/07\\\/medellin-debe-exterminar-la-plaga-de-los-sicarios-para-encontrar-la-paz-y-comenzar-con-otra-cultura\\\/#breadcrumb\",\"itemListElement\":[{\"@type\":\"ListItem\",\"position\":1,\"name\":\"Inicio\",\"item\":\"https:\\\/\\\/prensapaisa.com\\\/\"},{\"@type\":\"ListItem\",\"position\":2,\"name\":\"Medell\u00edn debe exterminar la plaga de los sicarios para encontrar la paz y comenzar con otra cultura\"}]},{\"@type\":\"WebSite\",\"@id\":\"https:\\\/\\\/prensapaisa.com\\\/#website\",\"url\":\"https:\\\/\\\/prensapaisa.com\\\/\",\"name\":\"PRENSA PAISA\",\"description\":\"Prensa Paisa la Original | Noticias de Medell\u00edn, Antioquia\",\"publisher\":{\"@id\":\"https:\\\/\\\/prensapaisa.com\\\/#organization\"},\"potentialAction\":[{\"@type\":\"SearchAction\",\"target\":{\"@type\":\"EntryPoint\",\"urlTemplate\":\"https:\\\/\\\/prensapaisa.com\\\/?s={search_term_string}\"},\"query-input\":{\"@type\":\"PropertyValueSpecification\",\"valueRequired\":true,\"valueName\":\"search_term_string\"}}],\"inLanguage\":\"es-CO\"},{\"@type\":\"Organization\",\"@id\":\"https:\\\/\\\/prensapaisa.com\\\/#organization\",\"name\":\"PRENSA PAISA\",\"url\":\"https:\\\/\\\/prensapaisa.com\\\/\",\"logo\":{\"@type\":\"ImageObject\",\"inLanguage\":\"es-CO\",\"@id\":\"https:\\\/\\\/prensapaisa.com\\\/#\\\/schema\\\/logo\\\/image\\\/\",\"url\":\"https:\\\/\\\/prensapaisa.com\\\/wp-content\\\/uploads\\\/2022\\\/05\\\/cropped-cropped-prensa.png\",\"contentUrl\":\"https:\\\/\\\/prensapaisa.com\\\/wp-content\\\/uploads\\\/2022\\\/05\\\/cropped-cropped-prensa.png\",\"width\":784,\"height\":524,\"caption\":\"PRENSA PAISA\"},\"image\":{\"@id\":\"https:\\\/\\\/prensapaisa.com\\\/#\\\/schema\\\/logo\\\/image\\\/\"}},{\"@type\":\"Person\",\"@id\":\"https:\\\/\\\/prensapaisa.com\\\/#\\\/schema\\\/person\\\/c5899b8b285dbcd70faec88a7c1579f6\",\"name\":\"noticias@prensapaisa.com\",\"image\":{\"@type\":\"ImageObject\",\"inLanguage\":\"es-CO\",\"@id\":\"https:\\\/\\\/secure.gravatar.com\\\/avatar\\\/ca2b49c1df14b84557c567431f045ea69c8ea5da2da50309fd4de9b811da0433?s=96&d=mm&r=g\",\"url\":\"https:\\\/\\\/secure.gravatar.com\\\/avatar\\\/ca2b49c1df14b84557c567431f045ea69c8ea5da2da50309fd4de9b811da0433?s=96&d=mm&r=g\",\"contentUrl\":\"https:\\\/\\\/secure.gravatar.com\\\/avatar\\\/ca2b49c1df14b84557c567431f045ea69c8ea5da2da50309fd4de9b811da0433?s=96&d=mm&r=g\",\"caption\":\"noticias@prensapaisa.com\"},\"sameAs\":[\"http:\\\/\\\/prensapaisa.com\"],\"url\":\"https:\\\/\\\/prensapaisa.com\\\/index.php\\\/author\\\/prensapaisagmail-com\\\/\"}]}<\/script>\n<!-- \/ Yoast SEO plugin. -->","yoast_head_json":{"title":"Medell\u00edn debe exterminar la plaga de los sicarios para encontrar la paz y comenzar con otra cultura - PRENSA PAISA","robots":{"index":"index","follow":"follow","max-snippet":"max-snippet:-1","max-image-preview":"max-image-preview:large","max-video-preview":"max-video-preview:-1"},"canonical":"https:\/\/prensapaisa.com\/index.php\/2022\/12\/07\/medellin-debe-exterminar-la-plaga-de-los-sicarios-para-encontrar-la-paz-y-comenzar-con-otra-cultura\/","og_locale":"es_ES","og_type":"article","og_title":"Medell\u00edn debe exterminar la plaga de los sicarios para encontrar la paz y comenzar con otra cultura - PRENSA PAISA","og_description":"&#8220;Operativo de las autoridades termin\u00f3 con la captura de 30 integrantes de una banda delincuencial, con presencia en el Centro y en el Oriente de la ciudad, se\u00f1alada de homicidio,&hellip;","og_url":"https:\/\/prensapaisa.com\/index.php\/2022\/12\/07\/medellin-debe-exterminar-la-plaga-de-los-sicarios-para-encontrar-la-paz-y-comenzar-con-otra-cultura\/","og_site_name":"PRENSA PAISA","article_published_time":"2022-12-08T00:09:19+00:00","article_modified_time":"2022-12-08T00:09:20+00:00","og_image":[{"width":539,"height":306,"url":"https:\/\/prensapaisa.com\/wp-content\/uploads\/2022\/12\/1-copia-14.jpg","type":"image\/jpeg"}],"author":"noticias@prensapaisa.com","twitter_card":"summary_large_image","twitter_misc":{"Escrito por":"noticias@prensapaisa.com","Tiempo de lectura":"2 minutos"},"schema":{"@context":"https:\/\/schema.org","@graph":[{"@type":"Article","@id":"https:\/\/prensapaisa.com\/index.php\/2022\/12\/07\/medellin-debe-exterminar-la-plaga-de-los-sicarios-para-encontrar-la-paz-y-comenzar-con-otra-cultura\/#article","isPartOf":{"@id":"https:\/\/prensapaisa.com\/index.php\/2022\/12\/07\/medellin-debe-exterminar-la-plaga-de-los-sicarios-para-encontrar-la-paz-y-comenzar-con-otra-cultura\/"},"author":{"name":"noticias@prensapaisa.com","@id":"https:\/\/prensapaisa.com\/#\/schema\/person\/c5899b8b285dbcd70faec88a7c1579f6"},"headline":"Medell\u00edn debe exterminar la plaga de los sicarios para encontrar la paz y comenzar con otra cultura","datePublished":"2022-12-08T00:09:19+00:00","dateModified":"2022-12-08T00:09:20+00:00","mainEntityOfPage":{"@id":"https:\/\/prensapaisa.com\/index.php\/2022\/12\/07\/medellin-debe-exterminar-la-plaga-de-los-sicarios-para-encontrar-la-paz-y-comenzar-con-otra-cultura\/"},"wordCount":328,"commentCount":0,"publisher":{"@id":"https:\/\/prensapaisa.com\/#organization"},"image":{"@id":"https:\/\/prensapaisa.com\/index.php\/2022\/12\/07\/medellin-debe-exterminar-la-plaga-de-los-sicarios-para-encontrar-la-paz-y-comenzar-con-otra-cultura\/#primaryimage"},"thumbnailUrl":"https:\/\/prensapaisa.com\/wp-content\/uploads\/2022\/12\/1-copia-14.jpg","articleSection":["Noticias"],"inLanguage":"es-CO","potentialAction":[{"@type":"CommentAction","name":"Comment","target":["https:\/\/prensapaisa.com\/index.php\/2022\/12\/07\/medellin-debe-exterminar-la-plaga-de-los-sicarios-para-encontrar-la-paz-y-comenzar-con-otra-cultura\/#respond"]}]},{"@type":"WebPage","@id":"https:\/\/prensapaisa.com\/index.php\/2022\/12\/07\/medellin-debe-exterminar-la-plaga-de-los-sicarios-para-encontrar-la-paz-y-comenzar-con-otra-cultura\/","url":"https:\/\/prensapaisa.com\/index.php\/2022\/12\/07\/medellin-debe-exterminar-la-plaga-de-los-sicarios-para-encontrar-la-paz-y-comenzar-con-otra-cultura\/","name":"Medell\u00edn debe exterminar la plaga de los sicarios para encontrar la paz y comenzar con otra cultura - PRENSA PAISA","isPartOf":{"@id":"https:\/\/prensapaisa.com\/#website"},"primaryImageOfPage":{"@id":"https:\/\/prensapaisa.com\/index.php\/2022\/12\/07\/medellin-debe-exterminar-la-plaga-de-los-sicarios-para-encontrar-la-paz-y-comenzar-con-otra-cultura\/#primaryimage"},"image":{"@id":"https:\/\/prensapaisa.com\/index.php\/2022\/12\/07\/medellin-debe-exterminar-la-plaga-de-los-sicarios-para-encontrar-la-paz-y-comenzar-con-otra-cultura\/#primaryimage"},"thumbnailUrl":"https:\/\/prensapaisa.com\/wp-content\/uploads\/2022\/12\/1-copia-14.jpg","datePublished":"2022-12-08T00:09:19+00:00","dateModified":"2022-12-08T00:09:20+00:00","breadcrumb":{"@id":"https:\/\/prensapaisa.com\/index.php\/2022\/12\/07\/medellin-debe-exterminar-la-plaga-de-los-sicarios-para-encontrar-la-paz-y-comenzar-con-otra-cultura\/#breadcrumb"},"inLanguage":"es-CO","potentialAction":[{"@type":"ReadAction","target":["https:\/\/prensapaisa.com\/index.php\/2022\/12\/07\/medellin-debe-exterminar-la-plaga-de-los-sicarios-para-encontrar-la-paz-y-comenzar-con-otra-cultura\/"]}]},{"@type":"ImageObject","inLanguage":"es-CO","@id":"https:\/\/prensapaisa.com\/index.php\/2022\/12\/07\/medellin-debe-exterminar-la-plaga-de-los-sicarios-para-encontrar-la-paz-y-comenzar-con-otra-cultura\/#primaryimage","url":"https:\/\/prensapaisa.com\/wp-content\/uploads\/2022\/12\/1-copia-14.jpg","contentUrl":"https:\/\/prensapaisa.com\/wp-content\/uploads\/2022\/12\/1-copia-14.jpg","width":539,"height":306},{"@type":"BreadcrumbList","@id":"https:\/\/prensapaisa.com\/index.php\/2022\/12\/07\/medellin-debe-exterminar-la-plaga-de-los-sicarios-para-encontrar-la-paz-y-comenzar-con-otra-cultura\/#breadcrumb","itemListElement":[{"@type":"ListItem","position":1,"name":"Inicio","item":"https:\/\/prensapaisa.com\/"},{"@type":"ListItem","position":2,"name":"Medell\u00edn debe exterminar la plaga de los sicarios para encontrar la paz y comenzar con otra cultura"}]},{"@type":"WebSite","@id":"https:\/\/prensapaisa.com\/#website","url":"https:\/\/prensapaisa.com\/","name":"PRENSA PAISA","description":"Prensa Paisa la Original | Noticias de Medell\u00edn, Antioquia","publisher":{"@id":"https:\/\/prensapaisa.com\/#organization"},"potentialAction":[{"@type":"SearchAction","target":{"@type":"EntryPoint","urlTemplate":"https:\/\/prensapaisa.com\/?s={search_term_string}"},"query-input":{"@type":"PropertyValueSpecification","valueRequired":true,"valueName":"search_term_string"}}],"inLanguage":"es-CO"},{"@type":"Organization","@id":"https:\/\/prensapaisa.com\/#organization","name":"PRENSA PAISA","url":"https:\/\/prensapaisa.com\/","logo":{"@type":"ImageObject","inLanguage":"es-CO","@id":"https:\/\/prensapaisa.com\/#\/schema\/logo\/image\/","url":"https:\/\/prensapaisa.com\/wp-content\/uploads\/2022\/05\/cropped-cropped-prensa.png","contentUrl":"https:\/\/prensapaisa.com\/wp-content\/uploads\/2022\/05\/cropped-cropped-prensa.png","width":784,"height":524,"caption":"PRENSA PAISA"},"image":{"@id":"https:\/\/prensapaisa.com\/#\/schema\/logo\/image\/"}},{"@type":"Person","@id":"https:\/\/prensapaisa.com\/#\/schema\/person\/c5899b8b285dbcd70faec88a7c1579f6","name":"noticias@prensapaisa.com","image":{"@type":"ImageObject","inLanguage":"es-CO","@id":"https:\/\/secure.gravatar.com\/avatar\/ca2b49c1df14b84557c567431f045ea69c8ea5da2da50309fd4de9b811da0433?s=96&d=mm&r=g","url":"https:\/\/secure.gravatar.com\/avatar\/ca2b49c1df14b84557c567431f045ea69c8ea5da2da50309fd4de9b811da0433?s=96&d=mm&r=g","contentUrl":"https:\/\/secure.gravatar.com\/avatar\/ca2b49c1df14b84557c567431f045ea69c8ea5da2da50309fd4de9b811da0433?s=96&d=mm&r=g","caption":"noticias@prensapaisa.com"},"sameAs":["http:\/\/prensapaisa.com"],"url":"https:\/\/prensapaisa.com\/index.php\/author\/prensapaisagmail-com\/"}]}},"_links":{"self":[{"href":"https:\/\/prensapaisa.com\/index.php\/wp-json\/wp\/v2\/posts\/8597","targetHints":{"allow":["GET"]}}],"collection":[{"href":"https:\/\/prensapaisa.com\/index.php\/wp-json\/wp\/v2\/posts"}],"about":[{"href":"https:\/\/prensapaisa.com\/index.php\/wp-json\/wp\/v2\/types\/post"}],"author":[{"embeddable":true,"href":"https:\/\/prensapaisa.com\/index.php\/wp-json\/wp\/v2\/users\/1"}],"replies":[{"embeddable":true,"href":"https:\/\/prensapaisa.com\/index.php\/wp-json\/wp\/v2\/comments?post=8597"}],"version-history":[{"count":1,"href":"https:\/\/prensapaisa.com\/index.php\/wp-json\/wp\/v2\/posts\/8597\/revisions"}],"predecessor-version":[{"id":8599,"href":"https:\/\/prensapaisa.com\/index.php\/wp-json\/wp\/v2\/posts\/8597\/revisions\/8599"}],"wp:featuredmedia":[{"embeddable":true,"href":"https:\/\/prensapaisa.com\/index.php\/wp-json\/wp\/v2\/media\/8598"}],"wp:attachment":[{"href":"https:\/\/prensapaisa.com\/index.php\/wp-json\/wp\/v2\/media?parent=8597"}],"wp:term":[{"taxonomy":"category","embeddable":true,"href":"https:\/\/prensapaisa.com\/index.php\/wp-json\/wp\/v2\/categories?post=8597"},{"taxonomy":"post_tag","embeddable":true,"href":"https:\/\/prensapaisa.com\/index.php\/wp-json\/wp\/v2\/tags?post=8597"}],"curies":[{"name":"wp","href":"https:\/\/api.w.org\/{rel}","templated":true}]}}