{"id":8594,"date":"2022-12-07T19:02:20","date_gmt":"2022-12-08T00:02:20","guid":{"rendered":"https:\/\/prensapaisa.com\/?p=8594"},"modified":"2022-12-07T19:02:21","modified_gmt":"2022-12-08T00:02:21","slug":"este-ano-celebraremosbuscaremos-la-septima-estrellacon-un-futbol-de-primeraal-pereira-todos-le-ganaremos","status":"publish","type":"post","link":"https:\/\/prensapaisa.com\/index.php\/2022\/12\/07\/este-ano-celebraremosbuscaremos-la-septima-estrellacon-un-futbol-de-primeraal-pereira-todos-le-ganaremos\/","title":{"rendered":"Este a\u00f1o celebraremos,<br>buscaremos la s\u00e9ptima estrella,<br>con un f\u00fatbol de primera,<br>al Pereira todos le ganaremos,"},"content":{"rendered":"\n<p>Coincidencia que ilusiona a los hinchas del Medell\u00edn con la s\u00e9ptima estrella en su escudo<br>A trav\u00e9s de las redes, los seguidores del &#8216;Decano&#8217; no han dejado pasar por alto la casualidad que el destino les puso por delante para so\u00f1ar con la gloria.<\/p>\n\n\n\n<p>El estadio Hern\u00e1n Ram\u00edrez Villegas ser\u00e1 epicentro este mi\u00e9rcoles del encuentro definitivo entre Deportivo Pereira e Independiente Medell\u00edn, que tras el empate en la ida (1-1), en el c\u00e9sped del Atanasio Girardot, definir\u00e1n el nuevo monarca del f\u00fatbol profesional colombiano y sucesor de Atl\u00e9tico Nacional.<\/p>\n\n\n\n<p>M\u00e1s all\u00e1 de que el resultado en los primeros 90 minutos de la serie no fue el mejor, los hinchas del \u2018Poderoso\u2019 no pierden la fe en poder dar la vuelta ol\u00edmpica en suelo risaraldense, de la mano del joven t\u00e9cnico David Gonz\u00e1lez: quien en su debut en los banquillos logr\u00f3 clasificar a la m\u00e1xima instancia.<\/p>\n\n\n\n<p>Y por eso apelan a todo tipo de c\u00e1balas y coincidencias para seguir aferrados a la posibilidad de que su equipo se corone como campe\u00f3n del FPC. Como la que se ha hecho ya popular entre los seguidores del \u2018Rojo\u2019, que han comenzado a \u2018jugar\u2019 con el n\u00famero siete como la se\u00f1al que estaban esperando.<\/p>\n\n\n\n<p>En efecto, los fan\u00e1ticos del \u2018Decano\u2019 no dejaron pasar por alto que el partido definitivo se dispute el 7 de diciembre, que pese a que hab\u00eda sido programado a las 8:00 p. m. la hora de inicio fuera adelantada para las 7:00 p.m. y que el equipo antioque\u00f1o est\u00e9, justamente, en b\u00fasqueda de su s\u00e9ptima estrella. Y que la sumatoria del mes (12) y el a\u00f1o (22) de otro siete.<\/p>\n\n\n\n<p>Por ello hay quienes creen que el destino y el f\u00fatbol estar\u00edan \u2018confabulados\u2019 para que el onceno paisa salga victorioso a domicilio, aun sin haber ganado el choque en casa. Algo que jam\u00e1s ha ocurrido, pues cuando celebr\u00f3 lejos del Atanasio, en 2002-2, lo hizo tras el triunfo (2-0) ante Deportivo Pasto.<\/p>\n\n\n\n<p>En caso de alcanzar el objetivo ante la revelaci\u00f3n del campeonato, el DIM romper\u00eda con la racha de seis a\u00f1os y medio sin celebrar en la Liga. Su \u00faltima alegr\u00eda fue en 2016-1, cuando bajo la batuta de Leonel \u00c1lvarez y con David bajo los tres palos conquist\u00f3 su sexto trofeo, tras vencer a Junior en la final.<\/p>\n\n\n\n<p>Estos son los trinos de los hinchas, como Miguel Jaramillo, que conf\u00edan en que el 7, a las 7, Medell\u00edn saldr\u00e1 por la 7 en su escudo:<\/p>\n\n\n\n<p>&#8216;D\u00eda 7 a las 7 pm en el mes 1+2 a\u00f1o 2+2 = 7 vamos por la Estrella 7&#8217;.<\/p>\n\n\n\n<p>Prensa Paisa tambi\u00e9n hizo algunas estad\u00edsticas para alentar al equipo del pueblo&#8230;<img decoding=\"async\" height=\"16\" width=\"16\" alt=\"????\" src=\"https:\/\/static.xx.fbcdn.net\/images\/emoji.php\/v9\/t4f\/1\/16\/1f447.png\"><\/p>\n\n\n\n<p>La primera estrella la ganaron hace 72 a\u00f1os, en 1955. Pues si se resta esta fecha, en una calculadora o cuaderno, 1-9-5-5 su resultado ser\u00eda igual a (-18). Y hace 18 a\u00f1os, fue la gran final entre DIM y Nacional, donde &#8216;el rojo&#8217; qued\u00f3 campeon del cl\u00e1sico monta\u00f1ero y lo recuerdan como &#8220;aqu\u00e9l 27&#8221; cada que hablan con los hinchas del &#8220;verde paisa&#8221; en la capital antioque\u00f1a. Lo siguen mucho los n\u00fameros el &#8216;2&#8217; y el &#8216;7&#8217;. Si sumamos 7+2+2+7=18.<\/p>\n\n\n\n<p>Si hacen m\u00e1s sumas o restas, de los datos anteriores, indicar\u00e1n un nuevo 7. Por ejemplo estas restas: 1-8= -7.<\/p>\n\n\n\n<p>Si se hace una divisi\u00f3n 7\u00f77\u00f72\u00f72=0.25 y si sumamos este resultado 0+2+5=7.<\/p>\n\n\n\n<p>Hasta mezclando la divisi\u00f3n con la suma: 7\u00f72+7\u00f72=7<\/p>\n\n\n\n<p>Hoy, como sea, deben ganar, para completar su estrella 7 porque si pierden quedar\u00e1n con 6. Lo que se sabe es que empataron 1-1 y el resultado de este 7 pocos lo adivinar\u00e1n. Por este motivo es mejor no restar las fechas, para poder quedar campe\u00f3n.<\/p>\n\n\n\n<p>Sin sumar o restar el 1-1, lo m\u00e1s seguro, es que se queden con la estrella 6 o con la 7&#8230; 2022-1955=6-7.\u00a0<\/p>\n\n\n\n<figure class=\"wp-block-embed is-type-video is-provider-youtube wp-block-embed-youtube wp-embed-aspect-16-9 wp-has-aspect-ratio\"><div class=\"wp-block-embed__wrapper\">\n<iframe title=\"Este a\u00f1o celebraremos,buscaremos la s\u00e9ptima estrella,con un f\u00fatbol de primera,al Pereira\" width=\"1170\" height=\"658\" src=\"https:\/\/www.youtube.com\/embed\/zcOc4Y43JXA?feature=oembed\" frameborder=\"0\" allow=\"accelerometer; autoplay; clipboard-write; encrypted-media; gyroscope; picture-in-picture\" allowfullscreen><\/iframe>\n<\/div><\/figure>\n","protected":false},"excerpt":{"rendered":"<p>Coincidencia que ilusiona a los hinchas del Medell\u00edn con la s\u00e9ptima estrella en su escudoA trav\u00e9s de las redes, los seguidores del &#8216;Decano&#8217; no han dejado pasar por alto la&hellip;<\/p>\n","protected":false},"author":1,"featured_media":8595,"comment_status":"open","ping_status":"open","sticky":false,"template":"","format":"standard","meta":{"footnotes":""},"categories":[1],"tags":[],"class_list":["post-8594","post","type-post","status-publish","format-standard","has-post-thumbnail","hentry","category-noticias"],"yoast_head":"<!-- This site is optimized with the Yoast SEO plugin v27.4 - https:\/\/yoast.com\/product\/yoast-seo-wordpress\/ -->\n<title>Este a\u00f1o celebraremos,buscaremos la s\u00e9ptima estrella,con un f\u00fatbol de primera,al Pereira todos le ganaremos, - PRENSA PAISA<\/title>\n<meta name=\"robots\" content=\"index, follow, max-snippet:-1, max-image-preview:large, max-video-preview:-1\" \/>\n<link rel=\"canonical\" href=\"https:\/\/prensapaisa.com\/index.php\/2022\/12\/07\/este-ano-celebraremosbuscaremos-la-septima-estrellacon-un-futbol-de-primeraal-pereira-todos-le-ganaremos\/\" \/>\n<meta property=\"og:locale\" content=\"es_ES\" \/>\n<meta property=\"og:type\" content=\"article\" \/>\n<meta property=\"og:title\" content=\"Este a\u00f1o celebraremos,buscaremos la s\u00e9ptima estrella,con un f\u00fatbol de primera,al Pereira todos le ganaremos, - PRENSA PAISA\" \/>\n<meta property=\"og:description\" content=\"Coincidencia que ilusiona a los hinchas del Medell\u00edn con la s\u00e9ptima estrella en su escudoA trav\u00e9s de las redes, los seguidores del &#8216;Decano&#8217; no han dejado pasar por alto la&hellip;\" \/>\n<meta property=\"og:url\" content=\"https:\/\/prensapaisa.com\/index.php\/2022\/12\/07\/este-ano-celebraremosbuscaremos-la-septima-estrellacon-un-futbol-de-primeraal-pereira-todos-le-ganaremos\/\" \/>\n<meta property=\"og:site_name\" content=\"PRENSA PAISA\" \/>\n<meta property=\"article:published_time\" content=\"2022-12-08T00:02:20+00:00\" \/>\n<meta property=\"article:modified_time\" content=\"2022-12-08T00:02:21+00:00\" \/>\n<meta property=\"og:image\" content=\"https:\/\/prensapaisa.com\/wp-content\/uploads\/2022\/12\/1-copia-13.jpg\" \/>\n\t<meta property=\"og:image:width\" content=\"1200\" \/>\n\t<meta property=\"og:image:height\" content=\"675\" \/>\n\t<meta property=\"og:image:type\" content=\"image\/jpeg\" \/>\n<meta name=\"author\" content=\"noticias@prensapaisa.com\" \/>\n<meta name=\"twitter:card\" content=\"summary_large_image\" \/>\n<meta name=\"twitter:label1\" content=\"Escrito por\" \/>\n\t<meta name=\"twitter:data1\" content=\"noticias@prensapaisa.com\" \/>\n\t<meta name=\"twitter:label2\" content=\"Tiempo de lectura\" \/>\n\t<meta name=\"twitter:data2\" content=\"4 minutos\" \/>\n<script type=\"application\/ld+json\" class=\"yoast-schema-graph\">{\"@context\":\"https:\\\/\\\/schema.org\",\"@graph\":[{\"@type\":\"Article\",\"@id\":\"https:\\\/\\\/prensapaisa.com\\\/index.php\\\/2022\\\/12\\\/07\\\/este-ano-celebraremosbuscaremos-la-septima-estrellacon-un-futbol-de-primeraal-pereira-todos-le-ganaremos\\\/#article\",\"isPartOf\":{\"@id\":\"https:\\\/\\\/prensapaisa.com\\\/index.php\\\/2022\\\/12\\\/07\\\/este-ano-celebraremosbuscaremos-la-septima-estrellacon-un-futbol-de-primeraal-pereira-todos-le-ganaremos\\\/\"},\"author\":{\"name\":\"noticias@prensapaisa.com\",\"@id\":\"https:\\\/\\\/prensapaisa.com\\\/#\\\/schema\\\/person\\\/c5899b8b285dbcd70faec88a7c1579f6\"},\"headline\":\"Este a\u00f1o celebraremos, buscaremos la s\u00e9ptima estrella, con un f\u00fatbol de primera, al Pereira todos le ganaremos,\",\"datePublished\":\"2022-12-08T00:02:20+00:00\",\"dateModified\":\"2022-12-08T00:02:21+00:00\",\"mainEntityOfPage\":{\"@id\":\"https:\\\/\\\/prensapaisa.com\\\/index.php\\\/2022\\\/12\\\/07\\\/este-ano-celebraremosbuscaremos-la-septima-estrellacon-un-futbol-de-primeraal-pereira-todos-le-ganaremos\\\/\"},\"wordCount\":679,\"commentCount\":0,\"publisher\":{\"@id\":\"https:\\\/\\\/prensapaisa.com\\\/#organization\"},\"image\":{\"@id\":\"https:\\\/\\\/prensapaisa.com\\\/index.php\\\/2022\\\/12\\\/07\\\/este-ano-celebraremosbuscaremos-la-septima-estrellacon-un-futbol-de-primeraal-pereira-todos-le-ganaremos\\\/#primaryimage\"},\"thumbnailUrl\":\"https:\\\/\\\/prensapaisa.com\\\/wp-content\\\/uploads\\\/2022\\\/12\\\/1-copia-13.jpg\",\"articleSection\":[\"Noticias\"],\"inLanguage\":\"es-CO\",\"potentialAction\":[{\"@type\":\"CommentAction\",\"name\":\"Comment\",\"target\":[\"https:\\\/\\\/prensapaisa.com\\\/index.php\\\/2022\\\/12\\\/07\\\/este-ano-celebraremosbuscaremos-la-septima-estrellacon-un-futbol-de-primeraal-pereira-todos-le-ganaremos\\\/#respond\"]}]},{\"@type\":\"WebPage\",\"@id\":\"https:\\\/\\\/prensapaisa.com\\\/index.php\\\/2022\\\/12\\\/07\\\/este-ano-celebraremosbuscaremos-la-septima-estrellacon-un-futbol-de-primeraal-pereira-todos-le-ganaremos\\\/\",\"url\":\"https:\\\/\\\/prensapaisa.com\\\/index.php\\\/2022\\\/12\\\/07\\\/este-ano-celebraremosbuscaremos-la-septima-estrellacon-un-futbol-de-primeraal-pereira-todos-le-ganaremos\\\/\",\"name\":\"Este a\u00f1o celebraremos, buscaremos la s\u00e9ptima estrella, con un f\u00fatbol de primera, al Pereira todos le ganaremos, - PRENSA PAISA\",\"isPartOf\":{\"@id\":\"https:\\\/\\\/prensapaisa.com\\\/#website\"},\"primaryImageOfPage\":{\"@id\":\"https:\\\/\\\/prensapaisa.com\\\/index.php\\\/2022\\\/12\\\/07\\\/este-ano-celebraremosbuscaremos-la-septima-estrellacon-un-futbol-de-primeraal-pereira-todos-le-ganaremos\\\/#primaryimage\"},\"image\":{\"@id\":\"https:\\\/\\\/prensapaisa.com\\\/index.php\\\/2022\\\/12\\\/07\\\/este-ano-celebraremosbuscaremos-la-septima-estrellacon-un-futbol-de-primeraal-pereira-todos-le-ganaremos\\\/#primaryimage\"},\"thumbnailUrl\":\"https:\\\/\\\/prensapaisa.com\\\/wp-content\\\/uploads\\\/2022\\\/12\\\/1-copia-13.jpg\",\"datePublished\":\"2022-12-08T00:02:20+00:00\",\"dateModified\":\"2022-12-08T00:02:21+00:00\",\"breadcrumb\":{\"@id\":\"https:\\\/\\\/prensapaisa.com\\\/index.php\\\/2022\\\/12\\\/07\\\/este-ano-celebraremosbuscaremos-la-septima-estrellacon-un-futbol-de-primeraal-pereira-todos-le-ganaremos\\\/#breadcrumb\"},\"inLanguage\":\"es-CO\",\"potentialAction\":[{\"@type\":\"ReadAction\",\"target\":[\"https:\\\/\\\/prensapaisa.com\\\/index.php\\\/2022\\\/12\\\/07\\\/este-ano-celebraremosbuscaremos-la-septima-estrellacon-un-futbol-de-primeraal-pereira-todos-le-ganaremos\\\/\"]}]},{\"@type\":\"ImageObject\",\"inLanguage\":\"es-CO\",\"@id\":\"https:\\\/\\\/prensapaisa.com\\\/index.php\\\/2022\\\/12\\\/07\\\/este-ano-celebraremosbuscaremos-la-septima-estrellacon-un-futbol-de-primeraal-pereira-todos-le-ganaremos\\\/#primaryimage\",\"url\":\"https:\\\/\\\/prensapaisa.com\\\/wp-content\\\/uploads\\\/2022\\\/12\\\/1-copia-13.jpg\",\"contentUrl\":\"https:\\\/\\\/prensapaisa.com\\\/wp-content\\\/uploads\\\/2022\\\/12\\\/1-copia-13.jpg\",\"width\":1200,\"height\":675},{\"@type\":\"BreadcrumbList\",\"@id\":\"https:\\\/\\\/prensapaisa.com\\\/index.php\\\/2022\\\/12\\\/07\\\/este-ano-celebraremosbuscaremos-la-septima-estrellacon-un-futbol-de-primeraal-pereira-todos-le-ganaremos\\\/#breadcrumb\",\"itemListElement\":[{\"@type\":\"ListItem\",\"position\":1,\"name\":\"Inicio\",\"item\":\"https:\\\/\\\/prensapaisa.com\\\/\"},{\"@type\":\"ListItem\",\"position\":2,\"name\":\"Este a\u00f1o celebraremos,buscaremos la s\u00e9ptima estrella,con un f\u00fatbol de primera,al Pereira todos le ganaremos,\"}]},{\"@type\":\"WebSite\",\"@id\":\"https:\\\/\\\/prensapaisa.com\\\/#website\",\"url\":\"https:\\\/\\\/prensapaisa.com\\\/\",\"name\":\"PRENSA PAISA\",\"description\":\"Prensa Paisa la Original | Noticias de Medell\u00edn, Antioquia\",\"publisher\":{\"@id\":\"https:\\\/\\\/prensapaisa.com\\\/#organization\"},\"potentialAction\":[{\"@type\":\"SearchAction\",\"target\":{\"@type\":\"EntryPoint\",\"urlTemplate\":\"https:\\\/\\\/prensapaisa.com\\\/?s={search_term_string}\"},\"query-input\":{\"@type\":\"PropertyValueSpecification\",\"valueRequired\":true,\"valueName\":\"search_term_string\"}}],\"inLanguage\":\"es-CO\"},{\"@type\":\"Organization\",\"@id\":\"https:\\\/\\\/prensapaisa.com\\\/#organization\",\"name\":\"PRENSA PAISA\",\"url\":\"https:\\\/\\\/prensapaisa.com\\\/\",\"logo\":{\"@type\":\"ImageObject\",\"inLanguage\":\"es-CO\",\"@id\":\"https:\\\/\\\/prensapaisa.com\\\/#\\\/schema\\\/logo\\\/image\\\/\",\"url\":\"https:\\\/\\\/prensapaisa.com\\\/wp-content\\\/uploads\\\/2022\\\/05\\\/cropped-cropped-prensa.png\",\"contentUrl\":\"https:\\\/\\\/prensapaisa.com\\\/wp-content\\\/uploads\\\/2022\\\/05\\\/cropped-cropped-prensa.png\",\"width\":784,\"height\":524,\"caption\":\"PRENSA PAISA\"},\"image\":{\"@id\":\"https:\\\/\\\/prensapaisa.com\\\/#\\\/schema\\\/logo\\\/image\\\/\"}},{\"@type\":\"Person\",\"@id\":\"https:\\\/\\\/prensapaisa.com\\\/#\\\/schema\\\/person\\\/c5899b8b285dbcd70faec88a7c1579f6\",\"name\":\"noticias@prensapaisa.com\",\"image\":{\"@type\":\"ImageObject\",\"inLanguage\":\"es-CO\",\"@id\":\"https:\\\/\\\/secure.gravatar.com\\\/avatar\\\/ca2b49c1df14b84557c567431f045ea69c8ea5da2da50309fd4de9b811da0433?s=96&d=mm&r=g\",\"url\":\"https:\\\/\\\/secure.gravatar.com\\\/avatar\\\/ca2b49c1df14b84557c567431f045ea69c8ea5da2da50309fd4de9b811da0433?s=96&d=mm&r=g\",\"contentUrl\":\"https:\\\/\\\/secure.gravatar.com\\\/avatar\\\/ca2b49c1df14b84557c567431f045ea69c8ea5da2da50309fd4de9b811da0433?s=96&d=mm&r=g\",\"caption\":\"noticias@prensapaisa.com\"},\"sameAs\":[\"http:\\\/\\\/prensapaisa.com\"],\"url\":\"https:\\\/\\\/prensapaisa.com\\\/index.php\\\/author\\\/prensapaisagmail-com\\\/\"}]}<\/script>\n<!-- \/ Yoast SEO plugin. -->","yoast_head_json":{"title":"Este a\u00f1o celebraremos,buscaremos la s\u00e9ptima estrella,con un f\u00fatbol de primera,al Pereira todos le ganaremos, - PRENSA PAISA","robots":{"index":"index","follow":"follow","max-snippet":"max-snippet:-1","max-image-preview":"max-image-preview:large","max-video-preview":"max-video-preview:-1"},"canonical":"https:\/\/prensapaisa.com\/index.php\/2022\/12\/07\/este-ano-celebraremosbuscaremos-la-septima-estrellacon-un-futbol-de-primeraal-pereira-todos-le-ganaremos\/","og_locale":"es_ES","og_type":"article","og_title":"Este a\u00f1o celebraremos,buscaremos la s\u00e9ptima estrella,con un f\u00fatbol de primera,al Pereira todos le ganaremos, - PRENSA PAISA","og_description":"Coincidencia que ilusiona a los hinchas del Medell\u00edn con la s\u00e9ptima estrella en su escudoA trav\u00e9s de las redes, los seguidores del &#8216;Decano&#8217; no han dejado pasar por alto la&hellip;","og_url":"https:\/\/prensapaisa.com\/index.php\/2022\/12\/07\/este-ano-celebraremosbuscaremos-la-septima-estrellacon-un-futbol-de-primeraal-pereira-todos-le-ganaremos\/","og_site_name":"PRENSA PAISA","article_published_time":"2022-12-08T00:02:20+00:00","article_modified_time":"2022-12-08T00:02:21+00:00","og_image":[{"width":1200,"height":675,"url":"https:\/\/prensapaisa.com\/wp-content\/uploads\/2022\/12\/1-copia-13.jpg","type":"image\/jpeg"}],"author":"noticias@prensapaisa.com","twitter_card":"summary_large_image","twitter_misc":{"Escrito por":"noticias@prensapaisa.com","Tiempo de lectura":"4 minutos"},"schema":{"@context":"https:\/\/schema.org","@graph":[{"@type":"Article","@id":"https:\/\/prensapaisa.com\/index.php\/2022\/12\/07\/este-ano-celebraremosbuscaremos-la-septima-estrellacon-un-futbol-de-primeraal-pereira-todos-le-ganaremos\/#article","isPartOf":{"@id":"https:\/\/prensapaisa.com\/index.php\/2022\/12\/07\/este-ano-celebraremosbuscaremos-la-septima-estrellacon-un-futbol-de-primeraal-pereira-todos-le-ganaremos\/"},"author":{"name":"noticias@prensapaisa.com","@id":"https:\/\/prensapaisa.com\/#\/schema\/person\/c5899b8b285dbcd70faec88a7c1579f6"},"headline":"Este a\u00f1o celebraremos, buscaremos la s\u00e9ptima estrella, con un f\u00fatbol de primera, al Pereira todos le ganaremos,","datePublished":"2022-12-08T00:02:20+00:00","dateModified":"2022-12-08T00:02:21+00:00","mainEntityOfPage":{"@id":"https:\/\/prensapaisa.com\/index.php\/2022\/12\/07\/este-ano-celebraremosbuscaremos-la-septima-estrellacon-un-futbol-de-primeraal-pereira-todos-le-ganaremos\/"},"wordCount":679,"commentCount":0,"publisher":{"@id":"https:\/\/prensapaisa.com\/#organization"},"image":{"@id":"https:\/\/prensapaisa.com\/index.php\/2022\/12\/07\/este-ano-celebraremosbuscaremos-la-septima-estrellacon-un-futbol-de-primeraal-pereira-todos-le-ganaremos\/#primaryimage"},"thumbnailUrl":"https:\/\/prensapaisa.com\/wp-content\/uploads\/2022\/12\/1-copia-13.jpg","articleSection":["Noticias"],"inLanguage":"es-CO","potentialAction":[{"@type":"CommentAction","name":"Comment","target":["https:\/\/prensapaisa.com\/index.php\/2022\/12\/07\/este-ano-celebraremosbuscaremos-la-septima-estrellacon-un-futbol-de-primeraal-pereira-todos-le-ganaremos\/#respond"]}]},{"@type":"WebPage","@id":"https:\/\/prensapaisa.com\/index.php\/2022\/12\/07\/este-ano-celebraremosbuscaremos-la-septima-estrellacon-un-futbol-de-primeraal-pereira-todos-le-ganaremos\/","url":"https:\/\/prensapaisa.com\/index.php\/2022\/12\/07\/este-ano-celebraremosbuscaremos-la-septima-estrellacon-un-futbol-de-primeraal-pereira-todos-le-ganaremos\/","name":"Este a\u00f1o celebraremos, buscaremos la s\u00e9ptima estrella, con un f\u00fatbol de primera, al Pereira todos le ganaremos, - PRENSA PAISA","isPartOf":{"@id":"https:\/\/prensapaisa.com\/#website"},"primaryImageOfPage":{"@id":"https:\/\/prensapaisa.com\/index.php\/2022\/12\/07\/este-ano-celebraremosbuscaremos-la-septima-estrellacon-un-futbol-de-primeraal-pereira-todos-le-ganaremos\/#primaryimage"},"image":{"@id":"https:\/\/prensapaisa.com\/index.php\/2022\/12\/07\/este-ano-celebraremosbuscaremos-la-septima-estrellacon-un-futbol-de-primeraal-pereira-todos-le-ganaremos\/#primaryimage"},"thumbnailUrl":"https:\/\/prensapaisa.com\/wp-content\/uploads\/2022\/12\/1-copia-13.jpg","datePublished":"2022-12-08T00:02:20+00:00","dateModified":"2022-12-08T00:02:21+00:00","breadcrumb":{"@id":"https:\/\/prensapaisa.com\/index.php\/2022\/12\/07\/este-ano-celebraremosbuscaremos-la-septima-estrellacon-un-futbol-de-primeraal-pereira-todos-le-ganaremos\/#breadcrumb"},"inLanguage":"es-CO","potentialAction":[{"@type":"ReadAction","target":["https:\/\/prensapaisa.com\/index.php\/2022\/12\/07\/este-ano-celebraremosbuscaremos-la-septima-estrellacon-un-futbol-de-primeraal-pereira-todos-le-ganaremos\/"]}]},{"@type":"ImageObject","inLanguage":"es-CO","@id":"https:\/\/prensapaisa.com\/index.php\/2022\/12\/07\/este-ano-celebraremosbuscaremos-la-septima-estrellacon-un-futbol-de-primeraal-pereira-todos-le-ganaremos\/#primaryimage","url":"https:\/\/prensapaisa.com\/wp-content\/uploads\/2022\/12\/1-copia-13.jpg","contentUrl":"https:\/\/prensapaisa.com\/wp-content\/uploads\/2022\/12\/1-copia-13.jpg","width":1200,"height":675},{"@type":"BreadcrumbList","@id":"https:\/\/prensapaisa.com\/index.php\/2022\/12\/07\/este-ano-celebraremosbuscaremos-la-septima-estrellacon-un-futbol-de-primeraal-pereira-todos-le-ganaremos\/#breadcrumb","itemListElement":[{"@type":"ListItem","position":1,"name":"Inicio","item":"https:\/\/prensapaisa.com\/"},{"@type":"ListItem","position":2,"name":"Este a\u00f1o celebraremos,buscaremos la s\u00e9ptima estrella,con un f\u00fatbol de primera,al Pereira todos le ganaremos,"}]},{"@type":"WebSite","@id":"https:\/\/prensapaisa.com\/#website","url":"https:\/\/prensapaisa.com\/","name":"PRENSA PAISA","description":"Prensa Paisa la Original | Noticias de Medell\u00edn, Antioquia","publisher":{"@id":"https:\/\/prensapaisa.com\/#organization"},"potentialAction":[{"@type":"SearchAction","target":{"@type":"EntryPoint","urlTemplate":"https:\/\/prensapaisa.com\/?s={search_term_string}"},"query-input":{"@type":"PropertyValueSpecification","valueRequired":true,"valueName":"search_term_string"}}],"inLanguage":"es-CO"},{"@type":"Organization","@id":"https:\/\/prensapaisa.com\/#organization","name":"PRENSA PAISA","url":"https:\/\/prensapaisa.com\/","logo":{"@type":"ImageObject","inLanguage":"es-CO","@id":"https:\/\/prensapaisa.com\/#\/schema\/logo\/image\/","url":"https:\/\/prensapaisa.com\/wp-content\/uploads\/2022\/05\/cropped-cropped-prensa.png","contentUrl":"https:\/\/prensapaisa.com\/wp-content\/uploads\/2022\/05\/cropped-cropped-prensa.png","width":784,"height":524,"caption":"PRENSA PAISA"},"image":{"@id":"https:\/\/prensapaisa.com\/#\/schema\/logo\/image\/"}},{"@type":"Person","@id":"https:\/\/prensapaisa.com\/#\/schema\/person\/c5899b8b285dbcd70faec88a7c1579f6","name":"noticias@prensapaisa.com","image":{"@type":"ImageObject","inLanguage":"es-CO","@id":"https:\/\/secure.gravatar.com\/avatar\/ca2b49c1df14b84557c567431f045ea69c8ea5da2da50309fd4de9b811da0433?s=96&d=mm&r=g","url":"https:\/\/secure.gravatar.com\/avatar\/ca2b49c1df14b84557c567431f045ea69c8ea5da2da50309fd4de9b811da0433?s=96&d=mm&r=g","contentUrl":"https:\/\/secure.gravatar.com\/avatar\/ca2b49c1df14b84557c567431f045ea69c8ea5da2da50309fd4de9b811da0433?s=96&d=mm&r=g","caption":"noticias@prensapaisa.com"},"sameAs":["http:\/\/prensapaisa.com"],"url":"https:\/\/prensapaisa.com\/index.php\/author\/prensapaisagmail-com\/"}]}},"_links":{"self":[{"href":"https:\/\/prensapaisa.com\/index.php\/wp-json\/wp\/v2\/posts\/8594","targetHints":{"allow":["GET"]}}],"collection":[{"href":"https:\/\/prensapaisa.com\/index.php\/wp-json\/wp\/v2\/posts"}],"about":[{"href":"https:\/\/prensapaisa.com\/index.php\/wp-json\/wp\/v2\/types\/post"}],"author":[{"embeddable":true,"href":"https:\/\/prensapaisa.com\/index.php\/wp-json\/wp\/v2\/users\/1"}],"replies":[{"embeddable":true,"href":"https:\/\/prensapaisa.com\/index.php\/wp-json\/wp\/v2\/comments?post=8594"}],"version-history":[{"count":1,"href":"https:\/\/prensapaisa.com\/index.php\/wp-json\/wp\/v2\/posts\/8594\/revisions"}],"predecessor-version":[{"id":8596,"href":"https:\/\/prensapaisa.com\/index.php\/wp-json\/wp\/v2\/posts\/8594\/revisions\/8596"}],"wp:featuredmedia":[{"embeddable":true,"href":"https:\/\/prensapaisa.com\/index.php\/wp-json\/wp\/v2\/media\/8595"}],"wp:attachment":[{"href":"https:\/\/prensapaisa.com\/index.php\/wp-json\/wp\/v2\/media?parent=8594"}],"wp:term":[{"taxonomy":"category","embeddable":true,"href":"https:\/\/prensapaisa.com\/index.php\/wp-json\/wp\/v2\/categories?post=8594"},{"taxonomy":"post_tag","embeddable":true,"href":"https:\/\/prensapaisa.com\/index.php\/wp-json\/wp\/v2\/tags?post=8594"}],"curies":[{"name":"wp","href":"https:\/\/api.w.org\/{rel}","templated":true}]}}