{"id":8547,"date":"2022-12-02T11:18:10","date_gmt":"2022-12-02T16:18:10","guid":{"rendered":"https:\/\/prensapaisa.com\/?p=8547"},"modified":"2022-12-02T11:18:10","modified_gmt":"2022-12-02T16:18:10","slug":"jovenes-con-vih-no-se-cuidan-y-contagian-por-maldad-en-las-comunas-de-medellin","status":"publish","type":"post","link":"https:\/\/prensapaisa.com\/index.php\/2022\/12\/02\/jovenes-con-vih-no-se-cuidan-y-contagian-por-maldad-en-las-comunas-de-medellin\/","title":{"rendered":"\u00bfJ\u00f3venes con VIH no se cuidan y contagian por maldad en las comunas de Medell\u00edn?"},"content":{"rendered":"\n<p>Supersalud revel\u00f3 aumento de quejas por desatenci\u00f3n de pacientes con VIH. La entidad asegur\u00f3 que los reclamos de los colombianos crecieron en m\u00e1s de un 90%.<\/p>\n\n\n\n<p>El Superintendente Nacional de Salud, Ulah\u00ed Beltr\u00e1n, anunci\u00f3 que en Colombia siguen creciendo las quejas de pacientes diagnosticados con VIH.<\/p>\n\n\n\n<p>El <a><\/a>informe revel\u00f3 que las quejas han registrado un crecimiento del 90% en los \u00faltimos a\u00f1os, al pasar de 3.735 en 2019 a 7.090 en 2021. Y en los primeros diez meses de 2022 la cifra de quejas, peticiones, reclamos y denuncias (PQRD) lleg\u00f3 a 6.706, con lo cual super\u00f3 las radicadas en todo 2020.<\/p>\n\n\n\n<p>&#8216;La Corte Constitucional se\u00f1alan que trat\u00e1ndose de personas que sufran este tipo de enfermedades se debe brindar atenci\u00f3n integral en salud, con independencia de que el conjunto de prestaciones requeridas est\u00e9n excluidas o no de los planes obligatorios&#8217;, manifest\u00f3.<\/p>\n\n\n\n<p>Se\u00f1al\u00f3 que los territorios donde se han radicado la mayor cantidad de insatisfacciones de pacientes con VHI-Sida son: Bogot\u00e1, Antioquia, Valle, Atl\u00e1ntico y Risaralda.<\/p>\n\n\n\n<p>Seg\u00fan el funcionario en la evaluaci\u00f3n se evidenci\u00f3 la desprotecci\u00f3n de las entidades administradoras de recursos (EPS) con una poblaci\u00f3n vulnerable que requiere atenci\u00f3n integral en salud.<\/p>\n\n\n\n<p>La evaluaci\u00f3n mostr\u00f3 que en el r\u00e9gimen contributivo las EPS con mayor cantidad de PQRD interpuestas por parte de pacientes con VIH-Sida durante enero y octubre de este a\u00f1o son: Sanitas, Nueva EPS y SURA. Y en el r\u00e9gimen subsidiado son Nueva EPS, Emssanar, Coosalud, Capital Salud y Savia Salud.<\/p>\n\n\n\n<p>El Supersalud dijo que bajo ning\u00fan pretexto las entidades que operan en el aseguramiento pueden negar la asistencia de laboratorio, m\u00e9dica u hospitalaria requerida a un paciente infectado con el VIH-SIDA o que padezca de cualquier enfermedad de las consideradas ruinosas o catastr\u00f3ficas.<\/p>\n\n\n\n<p>Afirm\u00f3 que en el monitoreo realizado por la Supersalud evidencia que este a\u00f1o se han trasladado para investigaci\u00f3n 40 quejas contra la EPS Savia Salud, 35 contra Coosalud, 28 contra Emssanar y 23 contra SURA, las cuales todas est\u00e1n relacionadas con VIH-Sida por las barreras al acceso a los servicios de salud.<\/p>\n\n\n\n<p>Destac\u00f3 que al analizar la cantidad de PQRD radicadas este a\u00f1o ante la Superintendencia, las relacionadas con VIH-Sida ocupan el lugar 14 dentro de 23 patolog\u00edas monitoreadas y superan a las de Covid, que acumulan 5.576 reclamaciones&#8221;.<\/p>\n\n\n\n<figure class=\"wp-block-image size-large\"><img fetchpriority=\"high\" decoding=\"async\" width=\"1024\" height=\"768\" src=\"https:\/\/prensapaisa.com\/wp-content\/uploads\/2022\/12\/1-1-1024x768.jpg\" alt=\"\" class=\"wp-image-8549\" srcset=\"https:\/\/prensapaisa.com\/wp-content\/uploads\/2022\/12\/1-1-1024x768.jpg 1024w, https:\/\/prensapaisa.com\/wp-content\/uploads\/2022\/12\/1-1-300x225.jpg 300w, https:\/\/prensapaisa.com\/wp-content\/uploads\/2022\/12\/1-1-768x576.jpg 768w, https:\/\/prensapaisa.com\/wp-content\/uploads\/2022\/12\/1-1-585x439.jpg 585w, https:\/\/prensapaisa.com\/wp-content\/uploads\/2022\/12\/1-1.jpg 1080w\" sizes=\"(max-width: 1024px) 100vw, 1024px\" \/><\/figure>\n","protected":false},"excerpt":{"rendered":"<p>Supersalud revel\u00f3 aumento de quejas por desatenci\u00f3n de pacientes con VIH. La entidad asegur\u00f3 que los reclamos de los colombianos crecieron en m\u00e1s de un 90%. El Superintendente Nacional de&hellip;<\/p>\n","protected":false},"author":1,"featured_media":8548,"comment_status":"open","ping_status":"open","sticky":false,"template":"","format":"standard","meta":{"footnotes":""},"categories":[1],"tags":[],"class_list":["post-8547","post","type-post","status-publish","format-standard","has-post-thumbnail","hentry","category-noticias"],"yoast_head":"<!-- This site is optimized with the Yoast SEO plugin v27.4 - https:\/\/yoast.com\/product\/yoast-seo-wordpress\/ -->\n<title>\u00bfJ\u00f3venes con VIH no se cuidan y contagian por maldad en las comunas de Medell\u00edn? - PRENSA PAISA<\/title>\n<meta name=\"robots\" content=\"index, follow, max-snippet:-1, max-image-preview:large, max-video-preview:-1\" \/>\n<link rel=\"canonical\" href=\"https:\/\/prensapaisa.com\/index.php\/2022\/12\/02\/jovenes-con-vih-no-se-cuidan-y-contagian-por-maldad-en-las-comunas-de-medellin\/\" \/>\n<meta property=\"og:locale\" content=\"es_ES\" \/>\n<meta property=\"og:type\" content=\"article\" \/>\n<meta property=\"og:title\" content=\"\u00bfJ\u00f3venes con VIH no se cuidan y contagian por maldad en las comunas de Medell\u00edn? - PRENSA PAISA\" \/>\n<meta property=\"og:description\" content=\"Supersalud revel\u00f3 aumento de quejas por desatenci\u00f3n de pacientes con VIH. La entidad asegur\u00f3 que los reclamos de los colombianos crecieron en m\u00e1s de un 90%. El Superintendente Nacional de&hellip;\" \/>\n<meta property=\"og:url\" content=\"https:\/\/prensapaisa.com\/index.php\/2022\/12\/02\/jovenes-con-vih-no-se-cuidan-y-contagian-por-maldad-en-las-comunas-de-medellin\/\" \/>\n<meta property=\"og:site_name\" content=\"PRENSA PAISA\" \/>\n<meta property=\"article:published_time\" content=\"2022-12-02T16:18:10+00:00\" \/>\n<meta property=\"og:image\" content=\"https:\/\/prensapaisa.com\/wp-content\/uploads\/2022\/12\/1-copia-2.jpg\" \/>\n\t<meta property=\"og:image:width\" content=\"375\" \/>\n\t<meta property=\"og:image:height\" content=\"500\" \/>\n\t<meta property=\"og:image:type\" content=\"image\/jpeg\" \/>\n<meta name=\"author\" content=\"noticias@prensapaisa.com\" \/>\n<meta name=\"twitter:card\" content=\"summary_large_image\" \/>\n<meta name=\"twitter:label1\" content=\"Escrito por\" \/>\n\t<meta name=\"twitter:data1\" content=\"noticias@prensapaisa.com\" \/>\n\t<meta name=\"twitter:label2\" content=\"Tiempo de lectura\" \/>\n\t<meta name=\"twitter:data2\" content=\"2 minutos\" \/>\n<script type=\"application\/ld+json\" class=\"yoast-schema-graph\">{\"@context\":\"https:\\\/\\\/schema.org\",\"@graph\":[{\"@type\":\"Article\",\"@id\":\"https:\\\/\\\/prensapaisa.com\\\/index.php\\\/2022\\\/12\\\/02\\\/jovenes-con-vih-no-se-cuidan-y-contagian-por-maldad-en-las-comunas-de-medellin\\\/#article\",\"isPartOf\":{\"@id\":\"https:\\\/\\\/prensapaisa.com\\\/index.php\\\/2022\\\/12\\\/02\\\/jovenes-con-vih-no-se-cuidan-y-contagian-por-maldad-en-las-comunas-de-medellin\\\/\"},\"author\":{\"name\":\"noticias@prensapaisa.com\",\"@id\":\"https:\\\/\\\/prensapaisa.com\\\/#\\\/schema\\\/person\\\/c5899b8b285dbcd70faec88a7c1579f6\"},\"headline\":\"\u00bfJ\u00f3venes con VIH no se cuidan y contagian por maldad en las comunas de Medell\u00edn?\",\"datePublished\":\"2022-12-02T16:18:10+00:00\",\"mainEntityOfPage\":{\"@id\":\"https:\\\/\\\/prensapaisa.com\\\/index.php\\\/2022\\\/12\\\/02\\\/jovenes-con-vih-no-se-cuidan-y-contagian-por-maldad-en-las-comunas-de-medellin\\\/\"},\"wordCount\":401,\"commentCount\":0,\"publisher\":{\"@id\":\"https:\\\/\\\/prensapaisa.com\\\/#organization\"},\"image\":{\"@id\":\"https:\\\/\\\/prensapaisa.com\\\/index.php\\\/2022\\\/12\\\/02\\\/jovenes-con-vih-no-se-cuidan-y-contagian-por-maldad-en-las-comunas-de-medellin\\\/#primaryimage\"},\"thumbnailUrl\":\"https:\\\/\\\/prensapaisa.com\\\/wp-content\\\/uploads\\\/2022\\\/12\\\/1-copia-2.jpg\",\"articleSection\":[\"Noticias\"],\"inLanguage\":\"es-CO\",\"potentialAction\":[{\"@type\":\"CommentAction\",\"name\":\"Comment\",\"target\":[\"https:\\\/\\\/prensapaisa.com\\\/index.php\\\/2022\\\/12\\\/02\\\/jovenes-con-vih-no-se-cuidan-y-contagian-por-maldad-en-las-comunas-de-medellin\\\/#respond\"]}]},{\"@type\":\"WebPage\",\"@id\":\"https:\\\/\\\/prensapaisa.com\\\/index.php\\\/2022\\\/12\\\/02\\\/jovenes-con-vih-no-se-cuidan-y-contagian-por-maldad-en-las-comunas-de-medellin\\\/\",\"url\":\"https:\\\/\\\/prensapaisa.com\\\/index.php\\\/2022\\\/12\\\/02\\\/jovenes-con-vih-no-se-cuidan-y-contagian-por-maldad-en-las-comunas-de-medellin\\\/\",\"name\":\"\u00bfJ\u00f3venes con VIH no se cuidan y contagian por maldad en las comunas de Medell\u00edn? - PRENSA PAISA\",\"isPartOf\":{\"@id\":\"https:\\\/\\\/prensapaisa.com\\\/#website\"},\"primaryImageOfPage\":{\"@id\":\"https:\\\/\\\/prensapaisa.com\\\/index.php\\\/2022\\\/12\\\/02\\\/jovenes-con-vih-no-se-cuidan-y-contagian-por-maldad-en-las-comunas-de-medellin\\\/#primaryimage\"},\"image\":{\"@id\":\"https:\\\/\\\/prensapaisa.com\\\/index.php\\\/2022\\\/12\\\/02\\\/jovenes-con-vih-no-se-cuidan-y-contagian-por-maldad-en-las-comunas-de-medellin\\\/#primaryimage\"},\"thumbnailUrl\":\"https:\\\/\\\/prensapaisa.com\\\/wp-content\\\/uploads\\\/2022\\\/12\\\/1-copia-2.jpg\",\"datePublished\":\"2022-12-02T16:18:10+00:00\",\"breadcrumb\":{\"@id\":\"https:\\\/\\\/prensapaisa.com\\\/index.php\\\/2022\\\/12\\\/02\\\/jovenes-con-vih-no-se-cuidan-y-contagian-por-maldad-en-las-comunas-de-medellin\\\/#breadcrumb\"},\"inLanguage\":\"es-CO\",\"potentialAction\":[{\"@type\":\"ReadAction\",\"target\":[\"https:\\\/\\\/prensapaisa.com\\\/index.php\\\/2022\\\/12\\\/02\\\/jovenes-con-vih-no-se-cuidan-y-contagian-por-maldad-en-las-comunas-de-medellin\\\/\"]}]},{\"@type\":\"ImageObject\",\"inLanguage\":\"es-CO\",\"@id\":\"https:\\\/\\\/prensapaisa.com\\\/index.php\\\/2022\\\/12\\\/02\\\/jovenes-con-vih-no-se-cuidan-y-contagian-por-maldad-en-las-comunas-de-medellin\\\/#primaryimage\",\"url\":\"https:\\\/\\\/prensapaisa.com\\\/wp-content\\\/uploads\\\/2022\\\/12\\\/1-copia-2.jpg\",\"contentUrl\":\"https:\\\/\\\/prensapaisa.com\\\/wp-content\\\/uploads\\\/2022\\\/12\\\/1-copia-2.jpg\",\"width\":375,\"height\":500},{\"@type\":\"BreadcrumbList\",\"@id\":\"https:\\\/\\\/prensapaisa.com\\\/index.php\\\/2022\\\/12\\\/02\\\/jovenes-con-vih-no-se-cuidan-y-contagian-por-maldad-en-las-comunas-de-medellin\\\/#breadcrumb\",\"itemListElement\":[{\"@type\":\"ListItem\",\"position\":1,\"name\":\"Inicio\",\"item\":\"https:\\\/\\\/prensapaisa.com\\\/\"},{\"@type\":\"ListItem\",\"position\":2,\"name\":\"\u00bfJ\u00f3venes con VIH no se cuidan y contagian por maldad en las comunas de Medell\u00edn?\"}]},{\"@type\":\"WebSite\",\"@id\":\"https:\\\/\\\/prensapaisa.com\\\/#website\",\"url\":\"https:\\\/\\\/prensapaisa.com\\\/\",\"name\":\"PRENSA PAISA\",\"description\":\"Prensa Paisa la Original | Noticias de Medell\u00edn, Antioquia\",\"publisher\":{\"@id\":\"https:\\\/\\\/prensapaisa.com\\\/#organization\"},\"potentialAction\":[{\"@type\":\"SearchAction\",\"target\":{\"@type\":\"EntryPoint\",\"urlTemplate\":\"https:\\\/\\\/prensapaisa.com\\\/?s={search_term_string}\"},\"query-input\":{\"@type\":\"PropertyValueSpecification\",\"valueRequired\":true,\"valueName\":\"search_term_string\"}}],\"inLanguage\":\"es-CO\"},{\"@type\":\"Organization\",\"@id\":\"https:\\\/\\\/prensapaisa.com\\\/#organization\",\"name\":\"PRENSA PAISA\",\"url\":\"https:\\\/\\\/prensapaisa.com\\\/\",\"logo\":{\"@type\":\"ImageObject\",\"inLanguage\":\"es-CO\",\"@id\":\"https:\\\/\\\/prensapaisa.com\\\/#\\\/schema\\\/logo\\\/image\\\/\",\"url\":\"https:\\\/\\\/prensapaisa.com\\\/wp-content\\\/uploads\\\/2022\\\/05\\\/cropped-cropped-prensa.png\",\"contentUrl\":\"https:\\\/\\\/prensapaisa.com\\\/wp-content\\\/uploads\\\/2022\\\/05\\\/cropped-cropped-prensa.png\",\"width\":784,\"height\":524,\"caption\":\"PRENSA PAISA\"},\"image\":{\"@id\":\"https:\\\/\\\/prensapaisa.com\\\/#\\\/schema\\\/logo\\\/image\\\/\"}},{\"@type\":\"Person\",\"@id\":\"https:\\\/\\\/prensapaisa.com\\\/#\\\/schema\\\/person\\\/c5899b8b285dbcd70faec88a7c1579f6\",\"name\":\"noticias@prensapaisa.com\",\"image\":{\"@type\":\"ImageObject\",\"inLanguage\":\"es-CO\",\"@id\":\"https:\\\/\\\/secure.gravatar.com\\\/avatar\\\/ca2b49c1df14b84557c567431f045ea69c8ea5da2da50309fd4de9b811da0433?s=96&d=mm&r=g\",\"url\":\"https:\\\/\\\/secure.gravatar.com\\\/avatar\\\/ca2b49c1df14b84557c567431f045ea69c8ea5da2da50309fd4de9b811da0433?s=96&d=mm&r=g\",\"contentUrl\":\"https:\\\/\\\/secure.gravatar.com\\\/avatar\\\/ca2b49c1df14b84557c567431f045ea69c8ea5da2da50309fd4de9b811da0433?s=96&d=mm&r=g\",\"caption\":\"noticias@prensapaisa.com\"},\"sameAs\":[\"http:\\\/\\\/prensapaisa.com\"],\"url\":\"https:\\\/\\\/prensapaisa.com\\\/index.php\\\/author\\\/prensapaisagmail-com\\\/\"}]}<\/script>\n<!-- \/ Yoast SEO plugin. -->","yoast_head_json":{"title":"\u00bfJ\u00f3venes con VIH no se cuidan y contagian por maldad en las comunas de Medell\u00edn? - PRENSA PAISA","robots":{"index":"index","follow":"follow","max-snippet":"max-snippet:-1","max-image-preview":"max-image-preview:large","max-video-preview":"max-video-preview:-1"},"canonical":"https:\/\/prensapaisa.com\/index.php\/2022\/12\/02\/jovenes-con-vih-no-se-cuidan-y-contagian-por-maldad-en-las-comunas-de-medellin\/","og_locale":"es_ES","og_type":"article","og_title":"\u00bfJ\u00f3venes con VIH no se cuidan y contagian por maldad en las comunas de Medell\u00edn? - PRENSA PAISA","og_description":"Supersalud revel\u00f3 aumento de quejas por desatenci\u00f3n de pacientes con VIH. La entidad asegur\u00f3 que los reclamos de los colombianos crecieron en m\u00e1s de un 90%. El Superintendente Nacional de&hellip;","og_url":"https:\/\/prensapaisa.com\/index.php\/2022\/12\/02\/jovenes-con-vih-no-se-cuidan-y-contagian-por-maldad-en-las-comunas-de-medellin\/","og_site_name":"PRENSA PAISA","article_published_time":"2022-12-02T16:18:10+00:00","og_image":[{"width":375,"height":500,"url":"https:\/\/prensapaisa.com\/wp-content\/uploads\/2022\/12\/1-copia-2.jpg","type":"image\/jpeg"}],"author":"noticias@prensapaisa.com","twitter_card":"summary_large_image","twitter_misc":{"Escrito por":"noticias@prensapaisa.com","Tiempo de lectura":"2 minutos"},"schema":{"@context":"https:\/\/schema.org","@graph":[{"@type":"Article","@id":"https:\/\/prensapaisa.com\/index.php\/2022\/12\/02\/jovenes-con-vih-no-se-cuidan-y-contagian-por-maldad-en-las-comunas-de-medellin\/#article","isPartOf":{"@id":"https:\/\/prensapaisa.com\/index.php\/2022\/12\/02\/jovenes-con-vih-no-se-cuidan-y-contagian-por-maldad-en-las-comunas-de-medellin\/"},"author":{"name":"noticias@prensapaisa.com","@id":"https:\/\/prensapaisa.com\/#\/schema\/person\/c5899b8b285dbcd70faec88a7c1579f6"},"headline":"\u00bfJ\u00f3venes con VIH no se cuidan y contagian por maldad en las comunas de Medell\u00edn?","datePublished":"2022-12-02T16:18:10+00:00","mainEntityOfPage":{"@id":"https:\/\/prensapaisa.com\/index.php\/2022\/12\/02\/jovenes-con-vih-no-se-cuidan-y-contagian-por-maldad-en-las-comunas-de-medellin\/"},"wordCount":401,"commentCount":0,"publisher":{"@id":"https:\/\/prensapaisa.com\/#organization"},"image":{"@id":"https:\/\/prensapaisa.com\/index.php\/2022\/12\/02\/jovenes-con-vih-no-se-cuidan-y-contagian-por-maldad-en-las-comunas-de-medellin\/#primaryimage"},"thumbnailUrl":"https:\/\/prensapaisa.com\/wp-content\/uploads\/2022\/12\/1-copia-2.jpg","articleSection":["Noticias"],"inLanguage":"es-CO","potentialAction":[{"@type":"CommentAction","name":"Comment","target":["https:\/\/prensapaisa.com\/index.php\/2022\/12\/02\/jovenes-con-vih-no-se-cuidan-y-contagian-por-maldad-en-las-comunas-de-medellin\/#respond"]}]},{"@type":"WebPage","@id":"https:\/\/prensapaisa.com\/index.php\/2022\/12\/02\/jovenes-con-vih-no-se-cuidan-y-contagian-por-maldad-en-las-comunas-de-medellin\/","url":"https:\/\/prensapaisa.com\/index.php\/2022\/12\/02\/jovenes-con-vih-no-se-cuidan-y-contagian-por-maldad-en-las-comunas-de-medellin\/","name":"\u00bfJ\u00f3venes con VIH no se cuidan y contagian por maldad en las comunas de Medell\u00edn? - PRENSA PAISA","isPartOf":{"@id":"https:\/\/prensapaisa.com\/#website"},"primaryImageOfPage":{"@id":"https:\/\/prensapaisa.com\/index.php\/2022\/12\/02\/jovenes-con-vih-no-se-cuidan-y-contagian-por-maldad-en-las-comunas-de-medellin\/#primaryimage"},"image":{"@id":"https:\/\/prensapaisa.com\/index.php\/2022\/12\/02\/jovenes-con-vih-no-se-cuidan-y-contagian-por-maldad-en-las-comunas-de-medellin\/#primaryimage"},"thumbnailUrl":"https:\/\/prensapaisa.com\/wp-content\/uploads\/2022\/12\/1-copia-2.jpg","datePublished":"2022-12-02T16:18:10+00:00","breadcrumb":{"@id":"https:\/\/prensapaisa.com\/index.php\/2022\/12\/02\/jovenes-con-vih-no-se-cuidan-y-contagian-por-maldad-en-las-comunas-de-medellin\/#breadcrumb"},"inLanguage":"es-CO","potentialAction":[{"@type":"ReadAction","target":["https:\/\/prensapaisa.com\/index.php\/2022\/12\/02\/jovenes-con-vih-no-se-cuidan-y-contagian-por-maldad-en-las-comunas-de-medellin\/"]}]},{"@type":"ImageObject","inLanguage":"es-CO","@id":"https:\/\/prensapaisa.com\/index.php\/2022\/12\/02\/jovenes-con-vih-no-se-cuidan-y-contagian-por-maldad-en-las-comunas-de-medellin\/#primaryimage","url":"https:\/\/prensapaisa.com\/wp-content\/uploads\/2022\/12\/1-copia-2.jpg","contentUrl":"https:\/\/prensapaisa.com\/wp-content\/uploads\/2022\/12\/1-copia-2.jpg","width":375,"height":500},{"@type":"BreadcrumbList","@id":"https:\/\/prensapaisa.com\/index.php\/2022\/12\/02\/jovenes-con-vih-no-se-cuidan-y-contagian-por-maldad-en-las-comunas-de-medellin\/#breadcrumb","itemListElement":[{"@type":"ListItem","position":1,"name":"Inicio","item":"https:\/\/prensapaisa.com\/"},{"@type":"ListItem","position":2,"name":"\u00bfJ\u00f3venes con VIH no se cuidan y contagian por maldad en las comunas de Medell\u00edn?"}]},{"@type":"WebSite","@id":"https:\/\/prensapaisa.com\/#website","url":"https:\/\/prensapaisa.com\/","name":"PRENSA PAISA","description":"Prensa Paisa la Original | Noticias de Medell\u00edn, Antioquia","publisher":{"@id":"https:\/\/prensapaisa.com\/#organization"},"potentialAction":[{"@type":"SearchAction","target":{"@type":"EntryPoint","urlTemplate":"https:\/\/prensapaisa.com\/?s={search_term_string}"},"query-input":{"@type":"PropertyValueSpecification","valueRequired":true,"valueName":"search_term_string"}}],"inLanguage":"es-CO"},{"@type":"Organization","@id":"https:\/\/prensapaisa.com\/#organization","name":"PRENSA PAISA","url":"https:\/\/prensapaisa.com\/","logo":{"@type":"ImageObject","inLanguage":"es-CO","@id":"https:\/\/prensapaisa.com\/#\/schema\/logo\/image\/","url":"https:\/\/prensapaisa.com\/wp-content\/uploads\/2022\/05\/cropped-cropped-prensa.png","contentUrl":"https:\/\/prensapaisa.com\/wp-content\/uploads\/2022\/05\/cropped-cropped-prensa.png","width":784,"height":524,"caption":"PRENSA PAISA"},"image":{"@id":"https:\/\/prensapaisa.com\/#\/schema\/logo\/image\/"}},{"@type":"Person","@id":"https:\/\/prensapaisa.com\/#\/schema\/person\/c5899b8b285dbcd70faec88a7c1579f6","name":"noticias@prensapaisa.com","image":{"@type":"ImageObject","inLanguage":"es-CO","@id":"https:\/\/secure.gravatar.com\/avatar\/ca2b49c1df14b84557c567431f045ea69c8ea5da2da50309fd4de9b811da0433?s=96&d=mm&r=g","url":"https:\/\/secure.gravatar.com\/avatar\/ca2b49c1df14b84557c567431f045ea69c8ea5da2da50309fd4de9b811da0433?s=96&d=mm&r=g","contentUrl":"https:\/\/secure.gravatar.com\/avatar\/ca2b49c1df14b84557c567431f045ea69c8ea5da2da50309fd4de9b811da0433?s=96&d=mm&r=g","caption":"noticias@prensapaisa.com"},"sameAs":["http:\/\/prensapaisa.com"],"url":"https:\/\/prensapaisa.com\/index.php\/author\/prensapaisagmail-com\/"}]}},"_links":{"self":[{"href":"https:\/\/prensapaisa.com\/index.php\/wp-json\/wp\/v2\/posts\/8547","targetHints":{"allow":["GET"]}}],"collection":[{"href":"https:\/\/prensapaisa.com\/index.php\/wp-json\/wp\/v2\/posts"}],"about":[{"href":"https:\/\/prensapaisa.com\/index.php\/wp-json\/wp\/v2\/types\/post"}],"author":[{"embeddable":true,"href":"https:\/\/prensapaisa.com\/index.php\/wp-json\/wp\/v2\/users\/1"}],"replies":[{"embeddable":true,"href":"https:\/\/prensapaisa.com\/index.php\/wp-json\/wp\/v2\/comments?post=8547"}],"version-history":[{"count":1,"href":"https:\/\/prensapaisa.com\/index.php\/wp-json\/wp\/v2\/posts\/8547\/revisions"}],"predecessor-version":[{"id":8550,"href":"https:\/\/prensapaisa.com\/index.php\/wp-json\/wp\/v2\/posts\/8547\/revisions\/8550"}],"wp:featuredmedia":[{"embeddable":true,"href":"https:\/\/prensapaisa.com\/index.php\/wp-json\/wp\/v2\/media\/8548"}],"wp:attachment":[{"href":"https:\/\/prensapaisa.com\/index.php\/wp-json\/wp\/v2\/media?parent=8547"}],"wp:term":[{"taxonomy":"category","embeddable":true,"href":"https:\/\/prensapaisa.com\/index.php\/wp-json\/wp\/v2\/categories?post=8547"},{"taxonomy":"post_tag","embeddable":true,"href":"https:\/\/prensapaisa.com\/index.php\/wp-json\/wp\/v2\/tags?post=8547"}],"curies":[{"name":"wp","href":"https:\/\/api.w.org\/{rel}","templated":true}]}}