{"id":8539,"date":"2022-12-02T11:07:27","date_gmt":"2022-12-02T16:07:27","guid":{"rendered":"https:\/\/prensapaisa.com\/?p=8539"},"modified":"2022-12-02T11:07:27","modified_gmt":"2022-12-02T16:07:27","slug":"gobernador-de-antioquia-y-alcalde-de-medellin-asistieron-a-un-acto-donde-estado-colombiano-pidio-perdon-por-las-masacres-en-ituango","status":"publish","type":"post","link":"https:\/\/prensapaisa.com\/index.php\/2022\/12\/02\/gobernador-de-antioquia-y-alcalde-de-medellin-asistieron-a-un-acto-donde-estado-colombiano-pidio-perdon-por-las-masacres-en-ituango\/","title":{"rendered":"Gobernador de Antioquia y Alcalde de Medell\u00edn asistieron a un acto donde Estado Colombiano pidi\u00f3 perd\u00f3n por las masacres en Ituango"},"content":{"rendered":"\n<p>&#8220;El gobernador de Antioquia, An\u00edbal Gaviria Correa acompa\u00f1\u00f3 este mi\u00e9rcoles al Presidente de la rep\u00fablica, Gustavo Petro, en el acto de Reconocimiento de responsabilidad del Estado por las masacres en El Aro y La Granja, en Ituango, que tuvo lugar en la Casa Museo de la Memoria.<\/p>\n\n\n\n<p>Al finalizar el evento, el mandatario de los antioque\u00f1os afirm\u00f3 que: <a><\/a>\u201cCreo que es un acto muy simb\u00f3lico y necesario. Ya desde el a\u00f1o 2006 la Corte Interamericana de alguna manera hab\u00eda hecho su dictamen, as\u00ed que me parece que es una reparaci\u00f3n que en cierta medida se convierte en un b\u00e1lsamo para los familiares de las v\u00edctimas y de alguna manera tambi\u00e9n para la sociedad.\u201d<\/p>\n\n\n\n<p>Agreg\u00f3 el mandatario, al referirse a los familiares de las v\u00edctimas que: \u201cCreo que como ellos mismos lo han dicho, falta mucho, en frentes como el que el Estado llegue hasta esos territorios donde ocurri\u00f3 todo, con desarrollo, posibilidades y progreso.\u201d<\/p>\n\n\n\n<p>Gaviria Correa precis\u00f3 adem\u00e1s, que al final de este evento, habl\u00f3 con varios de los familiares de las v\u00edctimas sobre el hecho que \u00e9l estuvo en diciembre del a\u00f1o 2007, como gobernador de Antioquia, en El Aro, sitio hasta el cual se hab\u00eda llevado la energ\u00eda en el 2006. Y agreg\u00f3 que: \u201cEsto solo para significar que esos son peque\u00f1os pasos y faltan muchos m\u00e1s, no solo en estos sitios de Ituango, si no en muchos otros, golpeados o no por la violencia, para los cuales la gran reparaci\u00f3n tiene que ser que llegue el Estado.\u201d<\/p>\n\n\n\n<p>Por su parte, el mandatario de los colombianos pidi\u00f3 perd\u00f3n a las v\u00edctimas que hoy ya no est\u00e1n y a sus familiares, por el accionar entonces del Estado. Afirm\u00f3 el presidente que para su gobierno la vida est\u00e1 por delante de los negocios y hay que protegerla antes que nada.<\/p>\n\n\n\n<p>Finalmente explic\u00f3: \u201cLo que debemos llevar a cabo es un acto de reconciliaci\u00f3n, y que podamos llegar a todos los lugares, que todos sean hermosos y que vayan de la mano de la luz. Por ello, en los lugares donde han muerto sus seres queridos, donde hubo tanto dolor, hoy debe haber arte, belleza, memoria y cultura, juntos.\u201d<\/p>\n\n\n\n<figure class=\"wp-block-gallery has-nested-images columns-default is-cropped wp-block-gallery-1 is-layout-flex wp-block-gallery-is-layout-flex\">\n<figure class=\"wp-block-image size-large\"><img fetchpriority=\"high\" decoding=\"async\" width=\"683\" height=\"683\" data-id=\"8544\" src=\"https:\/\/prensapaisa.com\/wp-content\/uploads\/2022\/12\/1.jpg\" alt=\"\" class=\"wp-image-8544\" srcset=\"https:\/\/prensapaisa.com\/wp-content\/uploads\/2022\/12\/1.jpg 683w, https:\/\/prensapaisa.com\/wp-content\/uploads\/2022\/12\/1-300x300.jpg 300w, https:\/\/prensapaisa.com\/wp-content\/uploads\/2022\/12\/1-150x150.jpg 150w, https:\/\/prensapaisa.com\/wp-content\/uploads\/2022\/12\/1-585x585.jpg 585w\" sizes=\"(max-width: 683px) 100vw, 683px\" \/><\/figure>\n\n\n\n<figure class=\"wp-block-image size-large\"><img decoding=\"async\" width=\"960\" height=\"640\" data-id=\"8543\" src=\"https:\/\/prensapaisa.com\/wp-content\/uploads\/2022\/12\/2.jpg\" alt=\"\" class=\"wp-image-8543\" srcset=\"https:\/\/prensapaisa.com\/wp-content\/uploads\/2022\/12\/2.jpg 960w, https:\/\/prensapaisa.com\/wp-content\/uploads\/2022\/12\/2-300x200.jpg 300w, https:\/\/prensapaisa.com\/wp-content\/uploads\/2022\/12\/2-768x512.jpg 768w, https:\/\/prensapaisa.com\/wp-content\/uploads\/2022\/12\/2-585x390.jpg 585w, https:\/\/prensapaisa.com\/wp-content\/uploads\/2022\/12\/2-263x175.jpg 263w\" sizes=\"(max-width: 960px) 100vw, 960px\" \/><\/figure>\n\n\n\n<figure class=\"wp-block-image size-large\"><img decoding=\"async\" width=\"636\" height=\"636\" data-id=\"8541\" src=\"https:\/\/prensapaisa.com\/wp-content\/uploads\/2022\/12\/3-copia.jpg\" alt=\"\" class=\"wp-image-8541\" srcset=\"https:\/\/prensapaisa.com\/wp-content\/uploads\/2022\/12\/3-copia.jpg 636w, https:\/\/prensapaisa.com\/wp-content\/uploads\/2022\/12\/3-copia-300x300.jpg 300w, https:\/\/prensapaisa.com\/wp-content\/uploads\/2022\/12\/3-copia-150x150.jpg 150w, https:\/\/prensapaisa.com\/wp-content\/uploads\/2022\/12\/3-copia-585x585.jpg 585w\" sizes=\"(max-width: 636px) 100vw, 636px\" \/><\/figure>\n\n\n\n<figure class=\"wp-block-image size-large\"><img loading=\"lazy\" decoding=\"async\" width=\"1024\" height=\"576\" data-id=\"8545\" src=\"https:\/\/prensapaisa.com\/wp-content\/uploads\/2022\/12\/3-1024x576.jpg\" alt=\"\" class=\"wp-image-8545\" srcset=\"https:\/\/prensapaisa.com\/wp-content\/uploads\/2022\/12\/3-1024x576.jpg 1024w, https:\/\/prensapaisa.com\/wp-content\/uploads\/2022\/12\/3-300x169.jpg 300w, https:\/\/prensapaisa.com\/wp-content\/uploads\/2022\/12\/3-768x432.jpg 768w, https:\/\/prensapaisa.com\/wp-content\/uploads\/2022\/12\/3-1170x658.jpg 1170w, https:\/\/prensapaisa.com\/wp-content\/uploads\/2022\/12\/3-585x329.jpg 585w, https:\/\/prensapaisa.com\/wp-content\/uploads\/2022\/12\/3.jpg 1440w\" sizes=\"(max-width: 1024px) 100vw, 1024px\" \/><\/figure>\n\n\n\n<figure class=\"wp-block-image size-large\"><img loading=\"lazy\" decoding=\"async\" width=\"1024\" height=\"683\" data-id=\"8542\" src=\"https:\/\/prensapaisa.com\/wp-content\/uploads\/2022\/12\/4-copia.jpg\" alt=\"\" class=\"wp-image-8542\" srcset=\"https:\/\/prensapaisa.com\/wp-content\/uploads\/2022\/12\/4-copia.jpg 1024w, https:\/\/prensapaisa.com\/wp-content\/uploads\/2022\/12\/4-copia-300x200.jpg 300w, https:\/\/prensapaisa.com\/wp-content\/uploads\/2022\/12\/4-copia-768x512.jpg 768w, https:\/\/prensapaisa.com\/wp-content\/uploads\/2022\/12\/4-copia-585x390.jpg 585w, https:\/\/prensapaisa.com\/wp-content\/uploads\/2022\/12\/4-copia-263x175.jpg 263w\" sizes=\"(max-width: 1024px) 100vw, 1024px\" \/><\/figure>\n<\/figure>\n","protected":false},"excerpt":{"rendered":"<p>&#8220;El gobernador de Antioquia, An\u00edbal Gaviria Correa acompa\u00f1\u00f3 este mi\u00e9rcoles al Presidente de la rep\u00fablica, Gustavo Petro, en el acto de Reconocimiento de responsabilidad del Estado por las masacres en&hellip;<\/p>\n","protected":false},"author":1,"featured_media":8540,"comment_status":"open","ping_status":"open","sticky":false,"template":"","format":"standard","meta":{"footnotes":""},"categories":[16,1],"tags":[],"class_list":["post-8539","post","type-post","status-publish","format-standard","has-post-thumbnail","hentry","category-municipios","category-noticias"],"yoast_head":"<!-- This site is optimized with the Yoast SEO plugin v27.4 - https:\/\/yoast.com\/product\/yoast-seo-wordpress\/ -->\n<title>Gobernador de Antioquia y Alcalde de Medell\u00edn asistieron a un acto donde Estado Colombiano pidi\u00f3 perd\u00f3n por las masacres en Ituango - PRENSA PAISA<\/title>\n<meta name=\"robots\" content=\"index, follow, max-snippet:-1, max-image-preview:large, max-video-preview:-1\" \/>\n<link rel=\"canonical\" href=\"https:\/\/prensapaisa.com\/index.php\/2022\/12\/02\/gobernador-de-antioquia-y-alcalde-de-medellin-asistieron-a-un-acto-donde-estado-colombiano-pidio-perdon-por-las-masacres-en-ituango\/\" \/>\n<meta property=\"og:locale\" content=\"es_ES\" \/>\n<meta property=\"og:type\" content=\"article\" \/>\n<meta property=\"og:title\" content=\"Gobernador de Antioquia y Alcalde de Medell\u00edn asistieron a un acto donde Estado Colombiano pidi\u00f3 perd\u00f3n por las masacres en Ituango - PRENSA PAISA\" \/>\n<meta property=\"og:description\" content=\"&#8220;El gobernador de Antioquia, An\u00edbal Gaviria Correa acompa\u00f1\u00f3 este mi\u00e9rcoles al Presidente de la rep\u00fablica, Gustavo Petro, en el acto de Reconocimiento de responsabilidad del Estado por las masacres en&hellip;\" \/>\n<meta property=\"og:url\" content=\"https:\/\/prensapaisa.com\/index.php\/2022\/12\/02\/gobernador-de-antioquia-y-alcalde-de-medellin-asistieron-a-un-acto-donde-estado-colombiano-pidio-perdon-por-las-masacres-en-ituango\/\" \/>\n<meta property=\"og:site_name\" content=\"PRENSA PAISA\" \/>\n<meta property=\"article:published_time\" content=\"2022-12-02T16:07:27+00:00\" \/>\n<meta property=\"og:image\" content=\"https:\/\/prensapaisa.com\/wp-content\/uploads\/2022\/12\/1-copia-1.jpg\" \/>\n\t<meta property=\"og:image:width\" content=\"683\" \/>\n\t<meta property=\"og:image:height\" content=\"683\" \/>\n\t<meta property=\"og:image:type\" content=\"image\/jpeg\" \/>\n<meta name=\"author\" content=\"noticias@prensapaisa.com\" \/>\n<meta name=\"twitter:card\" content=\"summary_large_image\" \/>\n<meta name=\"twitter:label1\" content=\"Escrito por\" \/>\n\t<meta name=\"twitter:data1\" content=\"noticias@prensapaisa.com\" \/>\n\t<meta name=\"twitter:label2\" content=\"Tiempo de lectura\" \/>\n\t<meta name=\"twitter:data2\" content=\"3 minutos\" \/>\n<script type=\"application\/ld+json\" class=\"yoast-schema-graph\">{\"@context\":\"https:\\\/\\\/schema.org\",\"@graph\":[{\"@type\":\"Article\",\"@id\":\"https:\\\/\\\/prensapaisa.com\\\/index.php\\\/2022\\\/12\\\/02\\\/gobernador-de-antioquia-y-alcalde-de-medellin-asistieron-a-un-acto-donde-estado-colombiano-pidio-perdon-por-las-masacres-en-ituango\\\/#article\",\"isPartOf\":{\"@id\":\"https:\\\/\\\/prensapaisa.com\\\/index.php\\\/2022\\\/12\\\/02\\\/gobernador-de-antioquia-y-alcalde-de-medellin-asistieron-a-un-acto-donde-estado-colombiano-pidio-perdon-por-las-masacres-en-ituango\\\/\"},\"author\":{\"name\":\"noticias@prensapaisa.com\",\"@id\":\"https:\\\/\\\/prensapaisa.com\\\/#\\\/schema\\\/person\\\/c5899b8b285dbcd70faec88a7c1579f6\"},\"headline\":\"Gobernador de Antioquia y Alcalde de Medell\u00edn asistieron a un acto donde Estado Colombiano pidi\u00f3 perd\u00f3n por las masacres en Ituango\",\"datePublished\":\"2022-12-02T16:07:27+00:00\",\"mainEntityOfPage\":{\"@id\":\"https:\\\/\\\/prensapaisa.com\\\/index.php\\\/2022\\\/12\\\/02\\\/gobernador-de-antioquia-y-alcalde-de-medellin-asistieron-a-un-acto-donde-estado-colombiano-pidio-perdon-por-las-masacres-en-ituango\\\/\"},\"wordCount\":402,\"commentCount\":0,\"publisher\":{\"@id\":\"https:\\\/\\\/prensapaisa.com\\\/#organization\"},\"image\":{\"@id\":\"https:\\\/\\\/prensapaisa.com\\\/index.php\\\/2022\\\/12\\\/02\\\/gobernador-de-antioquia-y-alcalde-de-medellin-asistieron-a-un-acto-donde-estado-colombiano-pidio-perdon-por-las-masacres-en-ituango\\\/#primaryimage\"},\"thumbnailUrl\":\"https:\\\/\\\/prensapaisa.com\\\/wp-content\\\/uploads\\\/2022\\\/12\\\/1-copia-1.jpg\",\"articleSection\":[\"Municipios\",\"Noticias\"],\"inLanguage\":\"es-CO\",\"potentialAction\":[{\"@type\":\"CommentAction\",\"name\":\"Comment\",\"target\":[\"https:\\\/\\\/prensapaisa.com\\\/index.php\\\/2022\\\/12\\\/02\\\/gobernador-de-antioquia-y-alcalde-de-medellin-asistieron-a-un-acto-donde-estado-colombiano-pidio-perdon-por-las-masacres-en-ituango\\\/#respond\"]}]},{\"@type\":\"WebPage\",\"@id\":\"https:\\\/\\\/prensapaisa.com\\\/index.php\\\/2022\\\/12\\\/02\\\/gobernador-de-antioquia-y-alcalde-de-medellin-asistieron-a-un-acto-donde-estado-colombiano-pidio-perdon-por-las-masacres-en-ituango\\\/\",\"url\":\"https:\\\/\\\/prensapaisa.com\\\/index.php\\\/2022\\\/12\\\/02\\\/gobernador-de-antioquia-y-alcalde-de-medellin-asistieron-a-un-acto-donde-estado-colombiano-pidio-perdon-por-las-masacres-en-ituango\\\/\",\"name\":\"Gobernador de Antioquia y Alcalde de Medell\u00edn asistieron a un acto donde Estado Colombiano pidi\u00f3 perd\u00f3n por las masacres en Ituango - PRENSA PAISA\",\"isPartOf\":{\"@id\":\"https:\\\/\\\/prensapaisa.com\\\/#website\"},\"primaryImageOfPage\":{\"@id\":\"https:\\\/\\\/prensapaisa.com\\\/index.php\\\/2022\\\/12\\\/02\\\/gobernador-de-antioquia-y-alcalde-de-medellin-asistieron-a-un-acto-donde-estado-colombiano-pidio-perdon-por-las-masacres-en-ituango\\\/#primaryimage\"},\"image\":{\"@id\":\"https:\\\/\\\/prensapaisa.com\\\/index.php\\\/2022\\\/12\\\/02\\\/gobernador-de-antioquia-y-alcalde-de-medellin-asistieron-a-un-acto-donde-estado-colombiano-pidio-perdon-por-las-masacres-en-ituango\\\/#primaryimage\"},\"thumbnailUrl\":\"https:\\\/\\\/prensapaisa.com\\\/wp-content\\\/uploads\\\/2022\\\/12\\\/1-copia-1.jpg\",\"datePublished\":\"2022-12-02T16:07:27+00:00\",\"breadcrumb\":{\"@id\":\"https:\\\/\\\/prensapaisa.com\\\/index.php\\\/2022\\\/12\\\/02\\\/gobernador-de-antioquia-y-alcalde-de-medellin-asistieron-a-un-acto-donde-estado-colombiano-pidio-perdon-por-las-masacres-en-ituango\\\/#breadcrumb\"},\"inLanguage\":\"es-CO\",\"potentialAction\":[{\"@type\":\"ReadAction\",\"target\":[\"https:\\\/\\\/prensapaisa.com\\\/index.php\\\/2022\\\/12\\\/02\\\/gobernador-de-antioquia-y-alcalde-de-medellin-asistieron-a-un-acto-donde-estado-colombiano-pidio-perdon-por-las-masacres-en-ituango\\\/\"]}]},{\"@type\":\"ImageObject\",\"inLanguage\":\"es-CO\",\"@id\":\"https:\\\/\\\/prensapaisa.com\\\/index.php\\\/2022\\\/12\\\/02\\\/gobernador-de-antioquia-y-alcalde-de-medellin-asistieron-a-un-acto-donde-estado-colombiano-pidio-perdon-por-las-masacres-en-ituango\\\/#primaryimage\",\"url\":\"https:\\\/\\\/prensapaisa.com\\\/wp-content\\\/uploads\\\/2022\\\/12\\\/1-copia-1.jpg\",\"contentUrl\":\"https:\\\/\\\/prensapaisa.com\\\/wp-content\\\/uploads\\\/2022\\\/12\\\/1-copia-1.jpg\",\"width\":683,\"height\":683},{\"@type\":\"BreadcrumbList\",\"@id\":\"https:\\\/\\\/prensapaisa.com\\\/index.php\\\/2022\\\/12\\\/02\\\/gobernador-de-antioquia-y-alcalde-de-medellin-asistieron-a-un-acto-donde-estado-colombiano-pidio-perdon-por-las-masacres-en-ituango\\\/#breadcrumb\",\"itemListElement\":[{\"@type\":\"ListItem\",\"position\":1,\"name\":\"Inicio\",\"item\":\"https:\\\/\\\/prensapaisa.com\\\/\"},{\"@type\":\"ListItem\",\"position\":2,\"name\":\"Gobernador de Antioquia y Alcalde de Medell\u00edn asistieron a un acto donde Estado Colombiano pidi\u00f3 perd\u00f3n por las masacres en Ituango\"}]},{\"@type\":\"WebSite\",\"@id\":\"https:\\\/\\\/prensapaisa.com\\\/#website\",\"url\":\"https:\\\/\\\/prensapaisa.com\\\/\",\"name\":\"PRENSA PAISA\",\"description\":\"Prensa Paisa la Original | Noticias de Medell\u00edn, Antioquia\",\"publisher\":{\"@id\":\"https:\\\/\\\/prensapaisa.com\\\/#organization\"},\"potentialAction\":[{\"@type\":\"SearchAction\",\"target\":{\"@type\":\"EntryPoint\",\"urlTemplate\":\"https:\\\/\\\/prensapaisa.com\\\/?s={search_term_string}\"},\"query-input\":{\"@type\":\"PropertyValueSpecification\",\"valueRequired\":true,\"valueName\":\"search_term_string\"}}],\"inLanguage\":\"es-CO\"},{\"@type\":\"Organization\",\"@id\":\"https:\\\/\\\/prensapaisa.com\\\/#organization\",\"name\":\"PRENSA PAISA\",\"url\":\"https:\\\/\\\/prensapaisa.com\\\/\",\"logo\":{\"@type\":\"ImageObject\",\"inLanguage\":\"es-CO\",\"@id\":\"https:\\\/\\\/prensapaisa.com\\\/#\\\/schema\\\/logo\\\/image\\\/\",\"url\":\"https:\\\/\\\/prensapaisa.com\\\/wp-content\\\/uploads\\\/2022\\\/05\\\/cropped-cropped-prensa.png\",\"contentUrl\":\"https:\\\/\\\/prensapaisa.com\\\/wp-content\\\/uploads\\\/2022\\\/05\\\/cropped-cropped-prensa.png\",\"width\":784,\"height\":524,\"caption\":\"PRENSA PAISA\"},\"image\":{\"@id\":\"https:\\\/\\\/prensapaisa.com\\\/#\\\/schema\\\/logo\\\/image\\\/\"}},{\"@type\":\"Person\",\"@id\":\"https:\\\/\\\/prensapaisa.com\\\/#\\\/schema\\\/person\\\/c5899b8b285dbcd70faec88a7c1579f6\",\"name\":\"noticias@prensapaisa.com\",\"image\":{\"@type\":\"ImageObject\",\"inLanguage\":\"es-CO\",\"@id\":\"https:\\\/\\\/secure.gravatar.com\\\/avatar\\\/ca2b49c1df14b84557c567431f045ea69c8ea5da2da50309fd4de9b811da0433?s=96&d=mm&r=g\",\"url\":\"https:\\\/\\\/secure.gravatar.com\\\/avatar\\\/ca2b49c1df14b84557c567431f045ea69c8ea5da2da50309fd4de9b811da0433?s=96&d=mm&r=g\",\"contentUrl\":\"https:\\\/\\\/secure.gravatar.com\\\/avatar\\\/ca2b49c1df14b84557c567431f045ea69c8ea5da2da50309fd4de9b811da0433?s=96&d=mm&r=g\",\"caption\":\"noticias@prensapaisa.com\"},\"sameAs\":[\"http:\\\/\\\/prensapaisa.com\"],\"url\":\"https:\\\/\\\/prensapaisa.com\\\/index.php\\\/author\\\/prensapaisagmail-com\\\/\"}]}<\/script>\n<!-- \/ Yoast SEO plugin. -->","yoast_head_json":{"title":"Gobernador de Antioquia y Alcalde de Medell\u00edn asistieron a un acto donde Estado Colombiano pidi\u00f3 perd\u00f3n por las masacres en Ituango - PRENSA PAISA","robots":{"index":"index","follow":"follow","max-snippet":"max-snippet:-1","max-image-preview":"max-image-preview:large","max-video-preview":"max-video-preview:-1"},"canonical":"https:\/\/prensapaisa.com\/index.php\/2022\/12\/02\/gobernador-de-antioquia-y-alcalde-de-medellin-asistieron-a-un-acto-donde-estado-colombiano-pidio-perdon-por-las-masacres-en-ituango\/","og_locale":"es_ES","og_type":"article","og_title":"Gobernador de Antioquia y Alcalde de Medell\u00edn asistieron a un acto donde Estado Colombiano pidi\u00f3 perd\u00f3n por las masacres en Ituango - PRENSA PAISA","og_description":"&#8220;El gobernador de Antioquia, An\u00edbal Gaviria Correa acompa\u00f1\u00f3 este mi\u00e9rcoles al Presidente de la rep\u00fablica, Gustavo Petro, en el acto de Reconocimiento de responsabilidad del Estado por las masacres en&hellip;","og_url":"https:\/\/prensapaisa.com\/index.php\/2022\/12\/02\/gobernador-de-antioquia-y-alcalde-de-medellin-asistieron-a-un-acto-donde-estado-colombiano-pidio-perdon-por-las-masacres-en-ituango\/","og_site_name":"PRENSA PAISA","article_published_time":"2022-12-02T16:07:27+00:00","og_image":[{"width":683,"height":683,"url":"https:\/\/prensapaisa.com\/wp-content\/uploads\/2022\/12\/1-copia-1.jpg","type":"image\/jpeg"}],"author":"noticias@prensapaisa.com","twitter_card":"summary_large_image","twitter_misc":{"Escrito por":"noticias@prensapaisa.com","Tiempo de lectura":"3 minutos"},"schema":{"@context":"https:\/\/schema.org","@graph":[{"@type":"Article","@id":"https:\/\/prensapaisa.com\/index.php\/2022\/12\/02\/gobernador-de-antioquia-y-alcalde-de-medellin-asistieron-a-un-acto-donde-estado-colombiano-pidio-perdon-por-las-masacres-en-ituango\/#article","isPartOf":{"@id":"https:\/\/prensapaisa.com\/index.php\/2022\/12\/02\/gobernador-de-antioquia-y-alcalde-de-medellin-asistieron-a-un-acto-donde-estado-colombiano-pidio-perdon-por-las-masacres-en-ituango\/"},"author":{"name":"noticias@prensapaisa.com","@id":"https:\/\/prensapaisa.com\/#\/schema\/person\/c5899b8b285dbcd70faec88a7c1579f6"},"headline":"Gobernador de Antioquia y Alcalde de Medell\u00edn asistieron a un acto donde Estado Colombiano pidi\u00f3 perd\u00f3n por las masacres en Ituango","datePublished":"2022-12-02T16:07:27+00:00","mainEntityOfPage":{"@id":"https:\/\/prensapaisa.com\/index.php\/2022\/12\/02\/gobernador-de-antioquia-y-alcalde-de-medellin-asistieron-a-un-acto-donde-estado-colombiano-pidio-perdon-por-las-masacres-en-ituango\/"},"wordCount":402,"commentCount":0,"publisher":{"@id":"https:\/\/prensapaisa.com\/#organization"},"image":{"@id":"https:\/\/prensapaisa.com\/index.php\/2022\/12\/02\/gobernador-de-antioquia-y-alcalde-de-medellin-asistieron-a-un-acto-donde-estado-colombiano-pidio-perdon-por-las-masacres-en-ituango\/#primaryimage"},"thumbnailUrl":"https:\/\/prensapaisa.com\/wp-content\/uploads\/2022\/12\/1-copia-1.jpg","articleSection":["Municipios","Noticias"],"inLanguage":"es-CO","potentialAction":[{"@type":"CommentAction","name":"Comment","target":["https:\/\/prensapaisa.com\/index.php\/2022\/12\/02\/gobernador-de-antioquia-y-alcalde-de-medellin-asistieron-a-un-acto-donde-estado-colombiano-pidio-perdon-por-las-masacres-en-ituango\/#respond"]}]},{"@type":"WebPage","@id":"https:\/\/prensapaisa.com\/index.php\/2022\/12\/02\/gobernador-de-antioquia-y-alcalde-de-medellin-asistieron-a-un-acto-donde-estado-colombiano-pidio-perdon-por-las-masacres-en-ituango\/","url":"https:\/\/prensapaisa.com\/index.php\/2022\/12\/02\/gobernador-de-antioquia-y-alcalde-de-medellin-asistieron-a-un-acto-donde-estado-colombiano-pidio-perdon-por-las-masacres-en-ituango\/","name":"Gobernador de Antioquia y Alcalde de Medell\u00edn asistieron a un acto donde Estado Colombiano pidi\u00f3 perd\u00f3n por las masacres en Ituango - PRENSA PAISA","isPartOf":{"@id":"https:\/\/prensapaisa.com\/#website"},"primaryImageOfPage":{"@id":"https:\/\/prensapaisa.com\/index.php\/2022\/12\/02\/gobernador-de-antioquia-y-alcalde-de-medellin-asistieron-a-un-acto-donde-estado-colombiano-pidio-perdon-por-las-masacres-en-ituango\/#primaryimage"},"image":{"@id":"https:\/\/prensapaisa.com\/index.php\/2022\/12\/02\/gobernador-de-antioquia-y-alcalde-de-medellin-asistieron-a-un-acto-donde-estado-colombiano-pidio-perdon-por-las-masacres-en-ituango\/#primaryimage"},"thumbnailUrl":"https:\/\/prensapaisa.com\/wp-content\/uploads\/2022\/12\/1-copia-1.jpg","datePublished":"2022-12-02T16:07:27+00:00","breadcrumb":{"@id":"https:\/\/prensapaisa.com\/index.php\/2022\/12\/02\/gobernador-de-antioquia-y-alcalde-de-medellin-asistieron-a-un-acto-donde-estado-colombiano-pidio-perdon-por-las-masacres-en-ituango\/#breadcrumb"},"inLanguage":"es-CO","potentialAction":[{"@type":"ReadAction","target":["https:\/\/prensapaisa.com\/index.php\/2022\/12\/02\/gobernador-de-antioquia-y-alcalde-de-medellin-asistieron-a-un-acto-donde-estado-colombiano-pidio-perdon-por-las-masacres-en-ituango\/"]}]},{"@type":"ImageObject","inLanguage":"es-CO","@id":"https:\/\/prensapaisa.com\/index.php\/2022\/12\/02\/gobernador-de-antioquia-y-alcalde-de-medellin-asistieron-a-un-acto-donde-estado-colombiano-pidio-perdon-por-las-masacres-en-ituango\/#primaryimage","url":"https:\/\/prensapaisa.com\/wp-content\/uploads\/2022\/12\/1-copia-1.jpg","contentUrl":"https:\/\/prensapaisa.com\/wp-content\/uploads\/2022\/12\/1-copia-1.jpg","width":683,"height":683},{"@type":"BreadcrumbList","@id":"https:\/\/prensapaisa.com\/index.php\/2022\/12\/02\/gobernador-de-antioquia-y-alcalde-de-medellin-asistieron-a-un-acto-donde-estado-colombiano-pidio-perdon-por-las-masacres-en-ituango\/#breadcrumb","itemListElement":[{"@type":"ListItem","position":1,"name":"Inicio","item":"https:\/\/prensapaisa.com\/"},{"@type":"ListItem","position":2,"name":"Gobernador de Antioquia y Alcalde de Medell\u00edn asistieron a un acto donde Estado Colombiano pidi\u00f3 perd\u00f3n por las masacres en Ituango"}]},{"@type":"WebSite","@id":"https:\/\/prensapaisa.com\/#website","url":"https:\/\/prensapaisa.com\/","name":"PRENSA PAISA","description":"Prensa Paisa la Original | Noticias de Medell\u00edn, Antioquia","publisher":{"@id":"https:\/\/prensapaisa.com\/#organization"},"potentialAction":[{"@type":"SearchAction","target":{"@type":"EntryPoint","urlTemplate":"https:\/\/prensapaisa.com\/?s={search_term_string}"},"query-input":{"@type":"PropertyValueSpecification","valueRequired":true,"valueName":"search_term_string"}}],"inLanguage":"es-CO"},{"@type":"Organization","@id":"https:\/\/prensapaisa.com\/#organization","name":"PRENSA PAISA","url":"https:\/\/prensapaisa.com\/","logo":{"@type":"ImageObject","inLanguage":"es-CO","@id":"https:\/\/prensapaisa.com\/#\/schema\/logo\/image\/","url":"https:\/\/prensapaisa.com\/wp-content\/uploads\/2022\/05\/cropped-cropped-prensa.png","contentUrl":"https:\/\/prensapaisa.com\/wp-content\/uploads\/2022\/05\/cropped-cropped-prensa.png","width":784,"height":524,"caption":"PRENSA PAISA"},"image":{"@id":"https:\/\/prensapaisa.com\/#\/schema\/logo\/image\/"}},{"@type":"Person","@id":"https:\/\/prensapaisa.com\/#\/schema\/person\/c5899b8b285dbcd70faec88a7c1579f6","name":"noticias@prensapaisa.com","image":{"@type":"ImageObject","inLanguage":"es-CO","@id":"https:\/\/secure.gravatar.com\/avatar\/ca2b49c1df14b84557c567431f045ea69c8ea5da2da50309fd4de9b811da0433?s=96&d=mm&r=g","url":"https:\/\/secure.gravatar.com\/avatar\/ca2b49c1df14b84557c567431f045ea69c8ea5da2da50309fd4de9b811da0433?s=96&d=mm&r=g","contentUrl":"https:\/\/secure.gravatar.com\/avatar\/ca2b49c1df14b84557c567431f045ea69c8ea5da2da50309fd4de9b811da0433?s=96&d=mm&r=g","caption":"noticias@prensapaisa.com"},"sameAs":["http:\/\/prensapaisa.com"],"url":"https:\/\/prensapaisa.com\/index.php\/author\/prensapaisagmail-com\/"}]}},"_links":{"self":[{"href":"https:\/\/prensapaisa.com\/index.php\/wp-json\/wp\/v2\/posts\/8539","targetHints":{"allow":["GET"]}}],"collection":[{"href":"https:\/\/prensapaisa.com\/index.php\/wp-json\/wp\/v2\/posts"}],"about":[{"href":"https:\/\/prensapaisa.com\/index.php\/wp-json\/wp\/v2\/types\/post"}],"author":[{"embeddable":true,"href":"https:\/\/prensapaisa.com\/index.php\/wp-json\/wp\/v2\/users\/1"}],"replies":[{"embeddable":true,"href":"https:\/\/prensapaisa.com\/index.php\/wp-json\/wp\/v2\/comments?post=8539"}],"version-history":[{"count":1,"href":"https:\/\/prensapaisa.com\/index.php\/wp-json\/wp\/v2\/posts\/8539\/revisions"}],"predecessor-version":[{"id":8546,"href":"https:\/\/prensapaisa.com\/index.php\/wp-json\/wp\/v2\/posts\/8539\/revisions\/8546"}],"wp:featuredmedia":[{"embeddable":true,"href":"https:\/\/prensapaisa.com\/index.php\/wp-json\/wp\/v2\/media\/8540"}],"wp:attachment":[{"href":"https:\/\/prensapaisa.com\/index.php\/wp-json\/wp\/v2\/media?parent=8539"}],"wp:term":[{"taxonomy":"category","embeddable":true,"href":"https:\/\/prensapaisa.com\/index.php\/wp-json\/wp\/v2\/categories?post=8539"},{"taxonomy":"post_tag","embeddable":true,"href":"https:\/\/prensapaisa.com\/index.php\/wp-json\/wp\/v2\/tags?post=8539"}],"curies":[{"name":"wp","href":"https:\/\/api.w.org\/{rel}","templated":true}]}}