{"id":8529,"date":"2022-11-30T18:40:51","date_gmt":"2022-11-30T23:40:51","guid":{"rendered":"https:\/\/prensapaisa.com\/?p=8529"},"modified":"2022-11-30T18:40:52","modified_gmt":"2022-11-30T23:40:52","slug":"via-marinilla-el-penol-fue-cerrada-por-perdida-de-la-banca","status":"publish","type":"post","link":"https:\/\/prensapaisa.com\/index.php\/2022\/11\/30\/via-marinilla-el-penol-fue-cerrada-por-perdida-de-la-banca\/","title":{"rendered":"V\u00eda Marinilla-El Pe\u00f1ol fue cerrada por p\u00e9rdida de la banca"},"content":{"rendered":"\n<p>Usuarios recortaron desde el 15 de noviembre que la v\u00eda que conduce a la zona de los embalses, sector La Caba\u00f1a, estaba a punto de colapsar. Sin embargo, durante la ma\u00f1ana del 29 de noviembre, mientras realizaban los arreglos para recuperar el paso en la v\u00eda Marinilla-El Pe\u00f1ol result\u00f3 afectada por un derrumbe.<\/p>\n\n\n\n<p>Algunos motociclistas y carros particulares tomaron las v\u00edas alternas El Pe\u00f1ol-San Vicente, El Pe\u00f1ol-El <a><\/a>Santuario y Granada-San Carlos, pero aseguraron que a esta rutas les falta mucho pavimento y se quedan atascados en el lodo.<\/p>\n\n\n\n<p>El gobernador de de Antioquia, An\u00edbal Gaviria, dijo que para salvaguardar la vida fue cerrada la v\u00eda en el kil\u00f3metro 12+500 y pidi\u00f3 paciencia mientras se repara este tramo del Oriente antioque\u00f1o.<\/p>\n\n\n\n<p>La autoridades departamntales recomendaron a los viajeros, propios y visitantes, en estas fechas de vacaciones, revisar los estados de las carreteras a trav\u00e9s del #767 y las redes sociales del Inv\u00edas.<\/p>\n\n\n\n<figure class=\"wp-block-gallery has-nested-images columns-default is-cropped wp-block-gallery-1 is-layout-flex wp-block-gallery-is-layout-flex\">\n<figure class=\"wp-block-image size-large\"><img fetchpriority=\"high\" decoding=\"async\" width=\"810\" height=\"1012\" data-id=\"8533\" src=\"https:\/\/prensapaisa.com\/wp-content\/uploads\/2022\/11\/1-73.jpg\" alt=\"\" class=\"wp-image-8533\" srcset=\"https:\/\/prensapaisa.com\/wp-content\/uploads\/2022\/11\/1-73.jpg 810w, https:\/\/prensapaisa.com\/wp-content\/uploads\/2022\/11\/1-73-240x300.jpg 240w, https:\/\/prensapaisa.com\/wp-content\/uploads\/2022\/11\/1-73-768x960.jpg 768w, https:\/\/prensapaisa.com\/wp-content\/uploads\/2022\/11\/1-73-585x731.jpg 585w\" sizes=\"(max-width: 810px) 100vw, 810px\" \/><\/figure>\n\n\n\n<figure class=\"wp-block-image size-large\"><img decoding=\"async\" width=\"819\" height=\"1024\" data-id=\"8532\" src=\"https:\/\/prensapaisa.com\/wp-content\/uploads\/2022\/11\/2-52-819x1024.jpg\" alt=\"\" class=\"wp-image-8532\" srcset=\"https:\/\/prensapaisa.com\/wp-content\/uploads\/2022\/11\/2-52-819x1024.jpg 819w, https:\/\/prensapaisa.com\/wp-content\/uploads\/2022\/11\/2-52-240x300.jpg 240w, https:\/\/prensapaisa.com\/wp-content\/uploads\/2022\/11\/2-52-768x960.jpg 768w, https:\/\/prensapaisa.com\/wp-content\/uploads\/2022\/11\/2-52-585x731.jpg 585w, https:\/\/prensapaisa.com\/wp-content\/uploads\/2022\/11\/2-52.jpg 831w\" sizes=\"(max-width: 819px) 100vw, 819px\" \/><\/figure>\n\n\n\n<figure class=\"wp-block-image size-large\"><img decoding=\"async\" width=\"502\" height=\"627\" data-id=\"8531\" src=\"https:\/\/prensapaisa.com\/wp-content\/uploads\/2022\/11\/3-copia-19.jpg\" alt=\"\" class=\"wp-image-8531\" srcset=\"https:\/\/prensapaisa.com\/wp-content\/uploads\/2022\/11\/3-copia-19.jpg 502w, https:\/\/prensapaisa.com\/wp-content\/uploads\/2022\/11\/3-copia-19-240x300.jpg 240w\" sizes=\"(max-width: 502px) 100vw, 502px\" \/><\/figure>\n\n\n\n<figure class=\"wp-block-image size-large\"><img loading=\"lazy\" decoding=\"async\" width=\"819\" height=\"1024\" data-id=\"8534\" src=\"https:\/\/prensapaisa.com\/wp-content\/uploads\/2022\/11\/3-36-819x1024.jpg\" alt=\"\" class=\"wp-image-8534\" srcset=\"https:\/\/prensapaisa.com\/wp-content\/uploads\/2022\/11\/3-36-819x1024.jpg 819w, https:\/\/prensapaisa.com\/wp-content\/uploads\/2022\/11\/3-36-240x300.jpg 240w, https:\/\/prensapaisa.com\/wp-content\/uploads\/2022\/11\/3-36-768x960.jpg 768w, https:\/\/prensapaisa.com\/wp-content\/uploads\/2022\/11\/3-36-585x731.jpg 585w, https:\/\/prensapaisa.com\/wp-content\/uploads\/2022\/11\/3-36.jpg 1080w\" sizes=\"(max-width: 819px) 100vw, 819px\" \/><\/figure>\n<\/figure>\n","protected":false},"excerpt":{"rendered":"<p>Usuarios recortaron desde el 15 de noviembre que la v\u00eda que conduce a la zona de los embalses, sector La Caba\u00f1a, estaba a punto de colapsar. Sin embargo, durante la&hellip;<\/p>\n","protected":false},"author":1,"featured_media":8530,"comment_status":"open","ping_status":"open","sticky":false,"template":"","format":"standard","meta":{"footnotes":""},"categories":[44,16],"tags":[],"class_list":["post-8529","post","type-post","status-publish","format-standard","has-post-thumbnail","hentry","category-movilidad","category-municipios"],"yoast_head":"<!-- This site is optimized with the Yoast SEO plugin v27.4 - https:\/\/yoast.com\/product\/yoast-seo-wordpress\/ -->\n<title>V\u00eda Marinilla-El Pe\u00f1ol fue cerrada por p\u00e9rdida de la banca - PRENSA PAISA<\/title>\n<meta name=\"robots\" content=\"index, follow, max-snippet:-1, max-image-preview:large, max-video-preview:-1\" \/>\n<link rel=\"canonical\" href=\"https:\/\/prensapaisa.com\/index.php\/2022\/11\/30\/via-marinilla-el-penol-fue-cerrada-por-perdida-de-la-banca\/\" \/>\n<meta property=\"og:locale\" content=\"es_ES\" \/>\n<meta property=\"og:type\" content=\"article\" \/>\n<meta property=\"og:title\" content=\"V\u00eda Marinilla-El Pe\u00f1ol fue cerrada por p\u00e9rdida de la banca - PRENSA PAISA\" \/>\n<meta property=\"og:description\" content=\"Usuarios recortaron desde el 15 de noviembre que la v\u00eda que conduce a la zona de los embalses, sector La Caba\u00f1a, estaba a punto de colapsar. Sin embargo, durante la&hellip;\" \/>\n<meta property=\"og:url\" content=\"https:\/\/prensapaisa.com\/index.php\/2022\/11\/30\/via-marinilla-el-penol-fue-cerrada-por-perdida-de-la-banca\/\" \/>\n<meta property=\"og:site_name\" content=\"PRENSA PAISA\" \/>\n<meta property=\"article:published_time\" content=\"2022-11-30T23:40:51+00:00\" \/>\n<meta property=\"article:modified_time\" content=\"2022-11-30T23:40:52+00:00\" \/>\n<meta property=\"og:image\" content=\"https:\/\/prensapaisa.com\/wp-content\/uploads\/2022\/11\/1-copia-72.jpg\" \/>\n\t<meta property=\"og:image:width\" content=\"590\" \/>\n\t<meta property=\"og:image:height\" content=\"738\" \/>\n\t<meta property=\"og:image:type\" content=\"image\/jpeg\" \/>\n<meta name=\"author\" content=\"noticias@prensapaisa.com\" \/>\n<meta name=\"twitter:card\" content=\"summary_large_image\" \/>\n<meta name=\"twitter:label1\" content=\"Escrito por\" \/>\n\t<meta name=\"twitter:data1\" content=\"noticias@prensapaisa.com\" \/>\n\t<meta name=\"twitter:label2\" content=\"Tiempo de lectura\" \/>\n\t<meta name=\"twitter:data2\" content=\"2 minutos\" \/>\n<script type=\"application\/ld+json\" class=\"yoast-schema-graph\">{\"@context\":\"https:\\\/\\\/schema.org\",\"@graph\":[{\"@type\":\"Article\",\"@id\":\"https:\\\/\\\/prensapaisa.com\\\/index.php\\\/2022\\\/11\\\/30\\\/via-marinilla-el-penol-fue-cerrada-por-perdida-de-la-banca\\\/#article\",\"isPartOf\":{\"@id\":\"https:\\\/\\\/prensapaisa.com\\\/index.php\\\/2022\\\/11\\\/30\\\/via-marinilla-el-penol-fue-cerrada-por-perdida-de-la-banca\\\/\"},\"author\":{\"name\":\"noticias@prensapaisa.com\",\"@id\":\"https:\\\/\\\/prensapaisa.com\\\/#\\\/schema\\\/person\\\/c5899b8b285dbcd70faec88a7c1579f6\"},\"headline\":\"V\u00eda Marinilla-El Pe\u00f1ol fue cerrada por p\u00e9rdida de la banca\",\"datePublished\":\"2022-11-30T23:40:51+00:00\",\"dateModified\":\"2022-11-30T23:40:52+00:00\",\"mainEntityOfPage\":{\"@id\":\"https:\\\/\\\/prensapaisa.com\\\/index.php\\\/2022\\\/11\\\/30\\\/via-marinilla-el-penol-fue-cerrada-por-perdida-de-la-banca\\\/\"},\"wordCount\":174,\"commentCount\":0,\"publisher\":{\"@id\":\"https:\\\/\\\/prensapaisa.com\\\/#organization\"},\"image\":{\"@id\":\"https:\\\/\\\/prensapaisa.com\\\/index.php\\\/2022\\\/11\\\/30\\\/via-marinilla-el-penol-fue-cerrada-por-perdida-de-la-banca\\\/#primaryimage\"},\"thumbnailUrl\":\"https:\\\/\\\/prensapaisa.com\\\/wp-content\\\/uploads\\\/2022\\\/11\\\/1-copia-72.jpg\",\"articleSection\":[\"Movilidad\",\"Municipios\"],\"inLanguage\":\"es-CO\",\"potentialAction\":[{\"@type\":\"CommentAction\",\"name\":\"Comment\",\"target\":[\"https:\\\/\\\/prensapaisa.com\\\/index.php\\\/2022\\\/11\\\/30\\\/via-marinilla-el-penol-fue-cerrada-por-perdida-de-la-banca\\\/#respond\"]}]},{\"@type\":\"WebPage\",\"@id\":\"https:\\\/\\\/prensapaisa.com\\\/index.php\\\/2022\\\/11\\\/30\\\/via-marinilla-el-penol-fue-cerrada-por-perdida-de-la-banca\\\/\",\"url\":\"https:\\\/\\\/prensapaisa.com\\\/index.php\\\/2022\\\/11\\\/30\\\/via-marinilla-el-penol-fue-cerrada-por-perdida-de-la-banca\\\/\",\"name\":\"V\u00eda Marinilla-El Pe\u00f1ol fue cerrada por p\u00e9rdida de la banca - PRENSA PAISA\",\"isPartOf\":{\"@id\":\"https:\\\/\\\/prensapaisa.com\\\/#website\"},\"primaryImageOfPage\":{\"@id\":\"https:\\\/\\\/prensapaisa.com\\\/index.php\\\/2022\\\/11\\\/30\\\/via-marinilla-el-penol-fue-cerrada-por-perdida-de-la-banca\\\/#primaryimage\"},\"image\":{\"@id\":\"https:\\\/\\\/prensapaisa.com\\\/index.php\\\/2022\\\/11\\\/30\\\/via-marinilla-el-penol-fue-cerrada-por-perdida-de-la-banca\\\/#primaryimage\"},\"thumbnailUrl\":\"https:\\\/\\\/prensapaisa.com\\\/wp-content\\\/uploads\\\/2022\\\/11\\\/1-copia-72.jpg\",\"datePublished\":\"2022-11-30T23:40:51+00:00\",\"dateModified\":\"2022-11-30T23:40:52+00:00\",\"breadcrumb\":{\"@id\":\"https:\\\/\\\/prensapaisa.com\\\/index.php\\\/2022\\\/11\\\/30\\\/via-marinilla-el-penol-fue-cerrada-por-perdida-de-la-banca\\\/#breadcrumb\"},\"inLanguage\":\"es-CO\",\"potentialAction\":[{\"@type\":\"ReadAction\",\"target\":[\"https:\\\/\\\/prensapaisa.com\\\/index.php\\\/2022\\\/11\\\/30\\\/via-marinilla-el-penol-fue-cerrada-por-perdida-de-la-banca\\\/\"]}]},{\"@type\":\"ImageObject\",\"inLanguage\":\"es-CO\",\"@id\":\"https:\\\/\\\/prensapaisa.com\\\/index.php\\\/2022\\\/11\\\/30\\\/via-marinilla-el-penol-fue-cerrada-por-perdida-de-la-banca\\\/#primaryimage\",\"url\":\"https:\\\/\\\/prensapaisa.com\\\/wp-content\\\/uploads\\\/2022\\\/11\\\/1-copia-72.jpg\",\"contentUrl\":\"https:\\\/\\\/prensapaisa.com\\\/wp-content\\\/uploads\\\/2022\\\/11\\\/1-copia-72.jpg\",\"width\":590,\"height\":738},{\"@type\":\"BreadcrumbList\",\"@id\":\"https:\\\/\\\/prensapaisa.com\\\/index.php\\\/2022\\\/11\\\/30\\\/via-marinilla-el-penol-fue-cerrada-por-perdida-de-la-banca\\\/#breadcrumb\",\"itemListElement\":[{\"@type\":\"ListItem\",\"position\":1,\"name\":\"Inicio\",\"item\":\"https:\\\/\\\/prensapaisa.com\\\/\"},{\"@type\":\"ListItem\",\"position\":2,\"name\":\"V\u00eda Marinilla-El Pe\u00f1ol fue cerrada por p\u00e9rdida de la banca\"}]},{\"@type\":\"WebSite\",\"@id\":\"https:\\\/\\\/prensapaisa.com\\\/#website\",\"url\":\"https:\\\/\\\/prensapaisa.com\\\/\",\"name\":\"PRENSA PAISA\",\"description\":\"Prensa Paisa la Original | Noticias de Medell\u00edn, Antioquia\",\"publisher\":{\"@id\":\"https:\\\/\\\/prensapaisa.com\\\/#organization\"},\"potentialAction\":[{\"@type\":\"SearchAction\",\"target\":{\"@type\":\"EntryPoint\",\"urlTemplate\":\"https:\\\/\\\/prensapaisa.com\\\/?s={search_term_string}\"},\"query-input\":{\"@type\":\"PropertyValueSpecification\",\"valueRequired\":true,\"valueName\":\"search_term_string\"}}],\"inLanguage\":\"es-CO\"},{\"@type\":\"Organization\",\"@id\":\"https:\\\/\\\/prensapaisa.com\\\/#organization\",\"name\":\"PRENSA PAISA\",\"url\":\"https:\\\/\\\/prensapaisa.com\\\/\",\"logo\":{\"@type\":\"ImageObject\",\"inLanguage\":\"es-CO\",\"@id\":\"https:\\\/\\\/prensapaisa.com\\\/#\\\/schema\\\/logo\\\/image\\\/\",\"url\":\"https:\\\/\\\/prensapaisa.com\\\/wp-content\\\/uploads\\\/2022\\\/05\\\/cropped-cropped-prensa.png\",\"contentUrl\":\"https:\\\/\\\/prensapaisa.com\\\/wp-content\\\/uploads\\\/2022\\\/05\\\/cropped-cropped-prensa.png\",\"width\":784,\"height\":524,\"caption\":\"PRENSA PAISA\"},\"image\":{\"@id\":\"https:\\\/\\\/prensapaisa.com\\\/#\\\/schema\\\/logo\\\/image\\\/\"}},{\"@type\":\"Person\",\"@id\":\"https:\\\/\\\/prensapaisa.com\\\/#\\\/schema\\\/person\\\/c5899b8b285dbcd70faec88a7c1579f6\",\"name\":\"noticias@prensapaisa.com\",\"image\":{\"@type\":\"ImageObject\",\"inLanguage\":\"es-CO\",\"@id\":\"https:\\\/\\\/secure.gravatar.com\\\/avatar\\\/ca2b49c1df14b84557c567431f045ea69c8ea5da2da50309fd4de9b811da0433?s=96&d=mm&r=g\",\"url\":\"https:\\\/\\\/secure.gravatar.com\\\/avatar\\\/ca2b49c1df14b84557c567431f045ea69c8ea5da2da50309fd4de9b811da0433?s=96&d=mm&r=g\",\"contentUrl\":\"https:\\\/\\\/secure.gravatar.com\\\/avatar\\\/ca2b49c1df14b84557c567431f045ea69c8ea5da2da50309fd4de9b811da0433?s=96&d=mm&r=g\",\"caption\":\"noticias@prensapaisa.com\"},\"sameAs\":[\"http:\\\/\\\/prensapaisa.com\"],\"url\":\"https:\\\/\\\/prensapaisa.com\\\/index.php\\\/author\\\/prensapaisagmail-com\\\/\"}]}<\/script>\n<!-- \/ Yoast SEO plugin. -->","yoast_head_json":{"title":"V\u00eda Marinilla-El Pe\u00f1ol fue cerrada por p\u00e9rdida de la banca - PRENSA PAISA","robots":{"index":"index","follow":"follow","max-snippet":"max-snippet:-1","max-image-preview":"max-image-preview:large","max-video-preview":"max-video-preview:-1"},"canonical":"https:\/\/prensapaisa.com\/index.php\/2022\/11\/30\/via-marinilla-el-penol-fue-cerrada-por-perdida-de-la-banca\/","og_locale":"es_ES","og_type":"article","og_title":"V\u00eda Marinilla-El Pe\u00f1ol fue cerrada por p\u00e9rdida de la banca - PRENSA PAISA","og_description":"Usuarios recortaron desde el 15 de noviembre que la v\u00eda que conduce a la zona de los embalses, sector La Caba\u00f1a, estaba a punto de colapsar. Sin embargo, durante la&hellip;","og_url":"https:\/\/prensapaisa.com\/index.php\/2022\/11\/30\/via-marinilla-el-penol-fue-cerrada-por-perdida-de-la-banca\/","og_site_name":"PRENSA PAISA","article_published_time":"2022-11-30T23:40:51+00:00","article_modified_time":"2022-11-30T23:40:52+00:00","og_image":[{"width":590,"height":738,"url":"https:\/\/prensapaisa.com\/wp-content\/uploads\/2022\/11\/1-copia-72.jpg","type":"image\/jpeg"}],"author":"noticias@prensapaisa.com","twitter_card":"summary_large_image","twitter_misc":{"Escrito por":"noticias@prensapaisa.com","Tiempo de lectura":"2 minutos"},"schema":{"@context":"https:\/\/schema.org","@graph":[{"@type":"Article","@id":"https:\/\/prensapaisa.com\/index.php\/2022\/11\/30\/via-marinilla-el-penol-fue-cerrada-por-perdida-de-la-banca\/#article","isPartOf":{"@id":"https:\/\/prensapaisa.com\/index.php\/2022\/11\/30\/via-marinilla-el-penol-fue-cerrada-por-perdida-de-la-banca\/"},"author":{"name":"noticias@prensapaisa.com","@id":"https:\/\/prensapaisa.com\/#\/schema\/person\/c5899b8b285dbcd70faec88a7c1579f6"},"headline":"V\u00eda Marinilla-El Pe\u00f1ol fue cerrada por p\u00e9rdida de la banca","datePublished":"2022-11-30T23:40:51+00:00","dateModified":"2022-11-30T23:40:52+00:00","mainEntityOfPage":{"@id":"https:\/\/prensapaisa.com\/index.php\/2022\/11\/30\/via-marinilla-el-penol-fue-cerrada-por-perdida-de-la-banca\/"},"wordCount":174,"commentCount":0,"publisher":{"@id":"https:\/\/prensapaisa.com\/#organization"},"image":{"@id":"https:\/\/prensapaisa.com\/index.php\/2022\/11\/30\/via-marinilla-el-penol-fue-cerrada-por-perdida-de-la-banca\/#primaryimage"},"thumbnailUrl":"https:\/\/prensapaisa.com\/wp-content\/uploads\/2022\/11\/1-copia-72.jpg","articleSection":["Movilidad","Municipios"],"inLanguage":"es-CO","potentialAction":[{"@type":"CommentAction","name":"Comment","target":["https:\/\/prensapaisa.com\/index.php\/2022\/11\/30\/via-marinilla-el-penol-fue-cerrada-por-perdida-de-la-banca\/#respond"]}]},{"@type":"WebPage","@id":"https:\/\/prensapaisa.com\/index.php\/2022\/11\/30\/via-marinilla-el-penol-fue-cerrada-por-perdida-de-la-banca\/","url":"https:\/\/prensapaisa.com\/index.php\/2022\/11\/30\/via-marinilla-el-penol-fue-cerrada-por-perdida-de-la-banca\/","name":"V\u00eda Marinilla-El Pe\u00f1ol fue cerrada por p\u00e9rdida de la banca - PRENSA PAISA","isPartOf":{"@id":"https:\/\/prensapaisa.com\/#website"},"primaryImageOfPage":{"@id":"https:\/\/prensapaisa.com\/index.php\/2022\/11\/30\/via-marinilla-el-penol-fue-cerrada-por-perdida-de-la-banca\/#primaryimage"},"image":{"@id":"https:\/\/prensapaisa.com\/index.php\/2022\/11\/30\/via-marinilla-el-penol-fue-cerrada-por-perdida-de-la-banca\/#primaryimage"},"thumbnailUrl":"https:\/\/prensapaisa.com\/wp-content\/uploads\/2022\/11\/1-copia-72.jpg","datePublished":"2022-11-30T23:40:51+00:00","dateModified":"2022-11-30T23:40:52+00:00","breadcrumb":{"@id":"https:\/\/prensapaisa.com\/index.php\/2022\/11\/30\/via-marinilla-el-penol-fue-cerrada-por-perdida-de-la-banca\/#breadcrumb"},"inLanguage":"es-CO","potentialAction":[{"@type":"ReadAction","target":["https:\/\/prensapaisa.com\/index.php\/2022\/11\/30\/via-marinilla-el-penol-fue-cerrada-por-perdida-de-la-banca\/"]}]},{"@type":"ImageObject","inLanguage":"es-CO","@id":"https:\/\/prensapaisa.com\/index.php\/2022\/11\/30\/via-marinilla-el-penol-fue-cerrada-por-perdida-de-la-banca\/#primaryimage","url":"https:\/\/prensapaisa.com\/wp-content\/uploads\/2022\/11\/1-copia-72.jpg","contentUrl":"https:\/\/prensapaisa.com\/wp-content\/uploads\/2022\/11\/1-copia-72.jpg","width":590,"height":738},{"@type":"BreadcrumbList","@id":"https:\/\/prensapaisa.com\/index.php\/2022\/11\/30\/via-marinilla-el-penol-fue-cerrada-por-perdida-de-la-banca\/#breadcrumb","itemListElement":[{"@type":"ListItem","position":1,"name":"Inicio","item":"https:\/\/prensapaisa.com\/"},{"@type":"ListItem","position":2,"name":"V\u00eda Marinilla-El Pe\u00f1ol fue cerrada por p\u00e9rdida de la banca"}]},{"@type":"WebSite","@id":"https:\/\/prensapaisa.com\/#website","url":"https:\/\/prensapaisa.com\/","name":"PRENSA PAISA","description":"Prensa Paisa la Original | Noticias de Medell\u00edn, Antioquia","publisher":{"@id":"https:\/\/prensapaisa.com\/#organization"},"potentialAction":[{"@type":"SearchAction","target":{"@type":"EntryPoint","urlTemplate":"https:\/\/prensapaisa.com\/?s={search_term_string}"},"query-input":{"@type":"PropertyValueSpecification","valueRequired":true,"valueName":"search_term_string"}}],"inLanguage":"es-CO"},{"@type":"Organization","@id":"https:\/\/prensapaisa.com\/#organization","name":"PRENSA PAISA","url":"https:\/\/prensapaisa.com\/","logo":{"@type":"ImageObject","inLanguage":"es-CO","@id":"https:\/\/prensapaisa.com\/#\/schema\/logo\/image\/","url":"https:\/\/prensapaisa.com\/wp-content\/uploads\/2022\/05\/cropped-cropped-prensa.png","contentUrl":"https:\/\/prensapaisa.com\/wp-content\/uploads\/2022\/05\/cropped-cropped-prensa.png","width":784,"height":524,"caption":"PRENSA PAISA"},"image":{"@id":"https:\/\/prensapaisa.com\/#\/schema\/logo\/image\/"}},{"@type":"Person","@id":"https:\/\/prensapaisa.com\/#\/schema\/person\/c5899b8b285dbcd70faec88a7c1579f6","name":"noticias@prensapaisa.com","image":{"@type":"ImageObject","inLanguage":"es-CO","@id":"https:\/\/secure.gravatar.com\/avatar\/ca2b49c1df14b84557c567431f045ea69c8ea5da2da50309fd4de9b811da0433?s=96&d=mm&r=g","url":"https:\/\/secure.gravatar.com\/avatar\/ca2b49c1df14b84557c567431f045ea69c8ea5da2da50309fd4de9b811da0433?s=96&d=mm&r=g","contentUrl":"https:\/\/secure.gravatar.com\/avatar\/ca2b49c1df14b84557c567431f045ea69c8ea5da2da50309fd4de9b811da0433?s=96&d=mm&r=g","caption":"noticias@prensapaisa.com"},"sameAs":["http:\/\/prensapaisa.com"],"url":"https:\/\/prensapaisa.com\/index.php\/author\/prensapaisagmail-com\/"}]}},"_links":{"self":[{"href":"https:\/\/prensapaisa.com\/index.php\/wp-json\/wp\/v2\/posts\/8529","targetHints":{"allow":["GET"]}}],"collection":[{"href":"https:\/\/prensapaisa.com\/index.php\/wp-json\/wp\/v2\/posts"}],"about":[{"href":"https:\/\/prensapaisa.com\/index.php\/wp-json\/wp\/v2\/types\/post"}],"author":[{"embeddable":true,"href":"https:\/\/prensapaisa.com\/index.php\/wp-json\/wp\/v2\/users\/1"}],"replies":[{"embeddable":true,"href":"https:\/\/prensapaisa.com\/index.php\/wp-json\/wp\/v2\/comments?post=8529"}],"version-history":[{"count":1,"href":"https:\/\/prensapaisa.com\/index.php\/wp-json\/wp\/v2\/posts\/8529\/revisions"}],"predecessor-version":[{"id":8535,"href":"https:\/\/prensapaisa.com\/index.php\/wp-json\/wp\/v2\/posts\/8529\/revisions\/8535"}],"wp:featuredmedia":[{"embeddable":true,"href":"https:\/\/prensapaisa.com\/index.php\/wp-json\/wp\/v2\/media\/8530"}],"wp:attachment":[{"href":"https:\/\/prensapaisa.com\/index.php\/wp-json\/wp\/v2\/media?parent=8529"}],"wp:term":[{"taxonomy":"category","embeddable":true,"href":"https:\/\/prensapaisa.com\/index.php\/wp-json\/wp\/v2\/categories?post=8529"},{"taxonomy":"post_tag","embeddable":true,"href":"https:\/\/prensapaisa.com\/index.php\/wp-json\/wp\/v2\/tags?post=8529"}],"curies":[{"name":"wp","href":"https:\/\/api.w.org\/{rel}","templated":true}]}}