{"id":8417,"date":"2022-11-22T15:09:40","date_gmt":"2022-11-22T20:09:40","guid":{"rendered":"https:\/\/prensapaisa.com\/?p=8417"},"modified":"2022-11-23T15:09:47","modified_gmt":"2022-11-23T20:09:47","slug":"estas-fueron-las-ocho-victimas-del-accidente-aereo-en-medellin","status":"publish","type":"post","link":"https:\/\/prensapaisa.com\/index.php\/2022\/11\/22\/estas-fueron-las-ocho-victimas-del-accidente-aereo-en-medellin\/","title":{"rendered":"Estas fueron las ocho v\u00edctimas del accidente a\u00e9reo en Medell\u00edn"},"content":{"rendered":"\n<p>&#8220;El 21 de noviembre, a las 10:40 de la ma\u00f1ana, en redes sociales fue reportada la aeronave con matr\u00edcula HK5121 cuando colision\u00f3 contra una vivienda en zona residencial del barrio Bel\u00e9n Rosales, al Suroccidente de Medell\u00edn, cuando cubr\u00eda la ruta de Medell\u00edn hacia Pizarro, en el departamento del Choc\u00f3.<\/p>\n\n\n\n<p>A bordo de la aeronave que pertenece a la aerol\u00ednea Aeropaca, operada por SanGerm\u00e1n, viajaban seis pasajeros y dos <a><\/a>tripulantes, los cuales fallecieron en el accidente.<\/p>\n\n\n\n<p>&#8216;Este avi\u00f3n, al momento del despegue, muestra una falla en un motor. El piloto lamentablemente no alcanza a mantener el avi\u00f3n en vuelo y colisiona en este sector. Ocho cuerpos han sido identificados en el lugar. Hay seis edificios que han sido impactados y hay siete viviendas que se encuentran destruidas&#8217;, detall\u00f3 el alcalde de Medell\u00edn, Daniel Quintero.<\/p>\n\n\n\n<p>De acuerdo con el reporte entregado por la administraci\u00f3n Distrital, las v\u00edctimas mortales fueron: el piloto, Juli\u00e1n Aladino; copiloto, Sergio Guevara Delgado; el due\u00f1o de la compa\u00f1\u00eda SanGerm\u00e1n, Nicol\u00e1s Jim\u00e9nez y los pasajeros, Jorge Cantillo Mart\u00ednez, Dub\u00e1n Ovalle Quintero, Anthony Mosquera, Pedro Pablo Serna y Melissa P\u00e9rez.<\/p>\n\n\n\n<p>Tras el fuerte impacto el avi\u00f3n se fraccion\u00f3 en tres partes, seis edificios fueron impactados y siete viviendas fueron destruidas. Por lo pronto, la emergencia fue atendida con cinco carros de Bomberos Medell\u00edn, uno de la Aerocivil y un dron del Dagrd ha volado sobre el lugar con c\u00e1mara t\u00e9rmica para identificar puntos calientes.<\/p>\n\n\n\n<p>Adem\u00e1s, en la zona se trasmadaron agentes de Tr\u00e1nsito, Polic\u00eda Nacional y rescate Aeron\u00e1utico adelantando las labores correspondientes.<\/p>\n\n\n\n<p>&#8216;El incendio fue controlado por 35 unidades de bomberos haciendo las labores&#8217;, explic\u00f3 el capit\u00e1n Fabi\u00e1n Pati\u00f1o del Cuerpo de Bomberos Medell\u00edn.<\/p>\n\n\n\n<p>La Aeron\u00e1utica Civil inform\u00f3 que un equipo de expertos de la Direcci\u00f3n T\u00e9cnica de Investigaci\u00f3n de Accidentes investigar\u00e1 las causas del accidente para determinar lo ocurrido&#8221;.<\/p>\n\n\n\n<figure class=\"wp-block-image size-full\"><img fetchpriority=\"high\" decoding=\"async\" width=\"720\" height=\"522\" src=\"https:\/\/prensapaisa.com\/wp-content\/uploads\/2022\/11\/1-copia-47.jpg\" alt=\"\" class=\"wp-image-8420\" srcset=\"https:\/\/prensapaisa.com\/wp-content\/uploads\/2022\/11\/1-copia-47.jpg 720w, https:\/\/prensapaisa.com\/wp-content\/uploads\/2022\/11\/1-copia-47-300x218.jpg 300w, https:\/\/prensapaisa.com\/wp-content\/uploads\/2022\/11\/1-copia-47-585x424.jpg 585w\" sizes=\"(max-width: 720px) 100vw, 720px\" \/><\/figure>\n","protected":false},"excerpt":{"rendered":"<p>&#8220;El 21 de noviembre, a las 10:40 de la ma\u00f1ana, en redes sociales fue reportada la aeronave con matr\u00edcula HK5121 cuando colision\u00f3 contra una vivienda en zona residencial del barrio&hellip;<\/p>\n","protected":false},"author":1,"featured_media":8419,"comment_status":"open","ping_status":"open","sticky":false,"template":"","format":"standard","meta":{"footnotes":""},"categories":[45,1,46],"tags":[],"class_list":["post-8417","post","type-post","status-publish","format-standard","has-post-thumbnail","hentry","category-accidentes","category-noticias","category-redes-sociales"],"yoast_head":"<!-- This site is optimized with the Yoast SEO plugin v27.4 - https:\/\/yoast.com\/product\/yoast-seo-wordpress\/ -->\n<title>Estas fueron las ocho v\u00edctimas del accidente a\u00e9reo en Medell\u00edn - PRENSA PAISA<\/title>\n<meta name=\"robots\" content=\"index, follow, max-snippet:-1, max-image-preview:large, max-video-preview:-1\" \/>\n<link rel=\"canonical\" href=\"https:\/\/prensapaisa.com\/index.php\/2022\/11\/22\/estas-fueron-las-ocho-victimas-del-accidente-aereo-en-medellin\/\" \/>\n<meta property=\"og:locale\" content=\"es_ES\" \/>\n<meta property=\"og:type\" content=\"article\" \/>\n<meta property=\"og:title\" content=\"Estas fueron las ocho v\u00edctimas del accidente a\u00e9reo en Medell\u00edn - PRENSA PAISA\" \/>\n<meta property=\"og:description\" content=\"&#8220;El 21 de noviembre, a las 10:40 de la ma\u00f1ana, en redes sociales fue reportada la aeronave con matr\u00edcula HK5121 cuando colision\u00f3 contra una vivienda en zona residencial del barrio&hellip;\" \/>\n<meta property=\"og:url\" content=\"https:\/\/prensapaisa.com\/index.php\/2022\/11\/22\/estas-fueron-las-ocho-victimas-del-accidente-aereo-en-medellin\/\" \/>\n<meta property=\"og:site_name\" content=\"PRENSA PAISA\" \/>\n<meta property=\"article:published_time\" content=\"2022-11-22T20:09:40+00:00\" \/>\n<meta property=\"article:modified_time\" content=\"2022-11-23T20:09:47+00:00\" \/>\n<meta property=\"og:image\" content=\"https:\/\/prensapaisa.com\/wp-content\/uploads\/2022\/11\/1-64.jpg\" \/>\n\t<meta property=\"og:image:width\" content=\"960\" \/>\n\t<meta property=\"og:image:height\" content=\"555\" \/>\n\t<meta property=\"og:image:type\" content=\"image\/jpeg\" \/>\n<meta name=\"author\" content=\"noticias@prensapaisa.com\" \/>\n<meta name=\"twitter:card\" content=\"summary_large_image\" \/>\n<meta name=\"twitter:label1\" content=\"Escrito por\" \/>\n\t<meta name=\"twitter:data1\" content=\"noticias@prensapaisa.com\" \/>\n\t<meta name=\"twitter:label2\" content=\"Tiempo de lectura\" \/>\n\t<meta name=\"twitter:data2\" content=\"2 minutos\" \/>\n<script type=\"application\/ld+json\" class=\"yoast-schema-graph\">{\"@context\":\"https:\\\/\\\/schema.org\",\"@graph\":[{\"@type\":\"Article\",\"@id\":\"https:\\\/\\\/prensapaisa.com\\\/index.php\\\/2022\\\/11\\\/22\\\/estas-fueron-las-ocho-victimas-del-accidente-aereo-en-medellin\\\/#article\",\"isPartOf\":{\"@id\":\"https:\\\/\\\/prensapaisa.com\\\/index.php\\\/2022\\\/11\\\/22\\\/estas-fueron-las-ocho-victimas-del-accidente-aereo-en-medellin\\\/\"},\"author\":{\"name\":\"noticias@prensapaisa.com\",\"@id\":\"https:\\\/\\\/prensapaisa.com\\\/#\\\/schema\\\/person\\\/c5899b8b285dbcd70faec88a7c1579f6\"},\"headline\":\"Estas fueron las ocho v\u00edctimas del accidente a\u00e9reo en Medell\u00edn\",\"datePublished\":\"2022-11-22T20:09:40+00:00\",\"dateModified\":\"2022-11-23T20:09:47+00:00\",\"mainEntityOfPage\":{\"@id\":\"https:\\\/\\\/prensapaisa.com\\\/index.php\\\/2022\\\/11\\\/22\\\/estas-fueron-las-ocho-victimas-del-accidente-aereo-en-medellin\\\/\"},\"wordCount\":348,\"commentCount\":0,\"publisher\":{\"@id\":\"https:\\\/\\\/prensapaisa.com\\\/#organization\"},\"image\":{\"@id\":\"https:\\\/\\\/prensapaisa.com\\\/index.php\\\/2022\\\/11\\\/22\\\/estas-fueron-las-ocho-victimas-del-accidente-aereo-en-medellin\\\/#primaryimage\"},\"thumbnailUrl\":\"https:\\\/\\\/prensapaisa.com\\\/wp-content\\\/uploads\\\/2022\\\/11\\\/1-64.jpg\",\"articleSection\":[\"Accidentes\",\"Noticias\",\"Redes Sociales\"],\"inLanguage\":\"es-CO\",\"potentialAction\":[{\"@type\":\"CommentAction\",\"name\":\"Comment\",\"target\":[\"https:\\\/\\\/prensapaisa.com\\\/index.php\\\/2022\\\/11\\\/22\\\/estas-fueron-las-ocho-victimas-del-accidente-aereo-en-medellin\\\/#respond\"]}]},{\"@type\":\"WebPage\",\"@id\":\"https:\\\/\\\/prensapaisa.com\\\/index.php\\\/2022\\\/11\\\/22\\\/estas-fueron-las-ocho-victimas-del-accidente-aereo-en-medellin\\\/\",\"url\":\"https:\\\/\\\/prensapaisa.com\\\/index.php\\\/2022\\\/11\\\/22\\\/estas-fueron-las-ocho-victimas-del-accidente-aereo-en-medellin\\\/\",\"name\":\"Estas fueron las ocho v\u00edctimas del accidente a\u00e9reo en Medell\u00edn - PRENSA PAISA\",\"isPartOf\":{\"@id\":\"https:\\\/\\\/prensapaisa.com\\\/#website\"},\"primaryImageOfPage\":{\"@id\":\"https:\\\/\\\/prensapaisa.com\\\/index.php\\\/2022\\\/11\\\/22\\\/estas-fueron-las-ocho-victimas-del-accidente-aereo-en-medellin\\\/#primaryimage\"},\"image\":{\"@id\":\"https:\\\/\\\/prensapaisa.com\\\/index.php\\\/2022\\\/11\\\/22\\\/estas-fueron-las-ocho-victimas-del-accidente-aereo-en-medellin\\\/#primaryimage\"},\"thumbnailUrl\":\"https:\\\/\\\/prensapaisa.com\\\/wp-content\\\/uploads\\\/2022\\\/11\\\/1-64.jpg\",\"datePublished\":\"2022-11-22T20:09:40+00:00\",\"dateModified\":\"2022-11-23T20:09:47+00:00\",\"breadcrumb\":{\"@id\":\"https:\\\/\\\/prensapaisa.com\\\/index.php\\\/2022\\\/11\\\/22\\\/estas-fueron-las-ocho-victimas-del-accidente-aereo-en-medellin\\\/#breadcrumb\"},\"inLanguage\":\"es-CO\",\"potentialAction\":[{\"@type\":\"ReadAction\",\"target\":[\"https:\\\/\\\/prensapaisa.com\\\/index.php\\\/2022\\\/11\\\/22\\\/estas-fueron-las-ocho-victimas-del-accidente-aereo-en-medellin\\\/\"]}]},{\"@type\":\"ImageObject\",\"inLanguage\":\"es-CO\",\"@id\":\"https:\\\/\\\/prensapaisa.com\\\/index.php\\\/2022\\\/11\\\/22\\\/estas-fueron-las-ocho-victimas-del-accidente-aereo-en-medellin\\\/#primaryimage\",\"url\":\"https:\\\/\\\/prensapaisa.com\\\/wp-content\\\/uploads\\\/2022\\\/11\\\/1-64.jpg\",\"contentUrl\":\"https:\\\/\\\/prensapaisa.com\\\/wp-content\\\/uploads\\\/2022\\\/11\\\/1-64.jpg\",\"width\":960,\"height\":555},{\"@type\":\"BreadcrumbList\",\"@id\":\"https:\\\/\\\/prensapaisa.com\\\/index.php\\\/2022\\\/11\\\/22\\\/estas-fueron-las-ocho-victimas-del-accidente-aereo-en-medellin\\\/#breadcrumb\",\"itemListElement\":[{\"@type\":\"ListItem\",\"position\":1,\"name\":\"Inicio\",\"item\":\"https:\\\/\\\/prensapaisa.com\\\/\"},{\"@type\":\"ListItem\",\"position\":2,\"name\":\"Estas fueron las ocho v\u00edctimas del accidente a\u00e9reo en Medell\u00edn\"}]},{\"@type\":\"WebSite\",\"@id\":\"https:\\\/\\\/prensapaisa.com\\\/#website\",\"url\":\"https:\\\/\\\/prensapaisa.com\\\/\",\"name\":\"PRENSA PAISA\",\"description\":\"Prensa Paisa la Original | Noticias de Medell\u00edn, Antioquia\",\"publisher\":{\"@id\":\"https:\\\/\\\/prensapaisa.com\\\/#organization\"},\"potentialAction\":[{\"@type\":\"SearchAction\",\"target\":{\"@type\":\"EntryPoint\",\"urlTemplate\":\"https:\\\/\\\/prensapaisa.com\\\/?s={search_term_string}\"},\"query-input\":{\"@type\":\"PropertyValueSpecification\",\"valueRequired\":true,\"valueName\":\"search_term_string\"}}],\"inLanguage\":\"es-CO\"},{\"@type\":\"Organization\",\"@id\":\"https:\\\/\\\/prensapaisa.com\\\/#organization\",\"name\":\"PRENSA PAISA\",\"url\":\"https:\\\/\\\/prensapaisa.com\\\/\",\"logo\":{\"@type\":\"ImageObject\",\"inLanguage\":\"es-CO\",\"@id\":\"https:\\\/\\\/prensapaisa.com\\\/#\\\/schema\\\/logo\\\/image\\\/\",\"url\":\"https:\\\/\\\/prensapaisa.com\\\/wp-content\\\/uploads\\\/2022\\\/05\\\/cropped-cropped-prensa.png\",\"contentUrl\":\"https:\\\/\\\/prensapaisa.com\\\/wp-content\\\/uploads\\\/2022\\\/05\\\/cropped-cropped-prensa.png\",\"width\":784,\"height\":524,\"caption\":\"PRENSA PAISA\"},\"image\":{\"@id\":\"https:\\\/\\\/prensapaisa.com\\\/#\\\/schema\\\/logo\\\/image\\\/\"}},{\"@type\":\"Person\",\"@id\":\"https:\\\/\\\/prensapaisa.com\\\/#\\\/schema\\\/person\\\/c5899b8b285dbcd70faec88a7c1579f6\",\"name\":\"noticias@prensapaisa.com\",\"image\":{\"@type\":\"ImageObject\",\"inLanguage\":\"es-CO\",\"@id\":\"https:\\\/\\\/secure.gravatar.com\\\/avatar\\\/ca2b49c1df14b84557c567431f045ea69c8ea5da2da50309fd4de9b811da0433?s=96&d=mm&r=g\",\"url\":\"https:\\\/\\\/secure.gravatar.com\\\/avatar\\\/ca2b49c1df14b84557c567431f045ea69c8ea5da2da50309fd4de9b811da0433?s=96&d=mm&r=g\",\"contentUrl\":\"https:\\\/\\\/secure.gravatar.com\\\/avatar\\\/ca2b49c1df14b84557c567431f045ea69c8ea5da2da50309fd4de9b811da0433?s=96&d=mm&r=g\",\"caption\":\"noticias@prensapaisa.com\"},\"sameAs\":[\"http:\\\/\\\/prensapaisa.com\"],\"url\":\"https:\\\/\\\/prensapaisa.com\\\/index.php\\\/author\\\/prensapaisagmail-com\\\/\"}]}<\/script>\n<!-- \/ Yoast SEO plugin. -->","yoast_head_json":{"title":"Estas fueron las ocho v\u00edctimas del accidente a\u00e9reo en Medell\u00edn - PRENSA PAISA","robots":{"index":"index","follow":"follow","max-snippet":"max-snippet:-1","max-image-preview":"max-image-preview:large","max-video-preview":"max-video-preview:-1"},"canonical":"https:\/\/prensapaisa.com\/index.php\/2022\/11\/22\/estas-fueron-las-ocho-victimas-del-accidente-aereo-en-medellin\/","og_locale":"es_ES","og_type":"article","og_title":"Estas fueron las ocho v\u00edctimas del accidente a\u00e9reo en Medell\u00edn - PRENSA PAISA","og_description":"&#8220;El 21 de noviembre, a las 10:40 de la ma\u00f1ana, en redes sociales fue reportada la aeronave con matr\u00edcula HK5121 cuando colision\u00f3 contra una vivienda en zona residencial del barrio&hellip;","og_url":"https:\/\/prensapaisa.com\/index.php\/2022\/11\/22\/estas-fueron-las-ocho-victimas-del-accidente-aereo-en-medellin\/","og_site_name":"PRENSA PAISA","article_published_time":"2022-11-22T20:09:40+00:00","article_modified_time":"2022-11-23T20:09:47+00:00","og_image":[{"width":960,"height":555,"url":"https:\/\/prensapaisa.com\/wp-content\/uploads\/2022\/11\/1-64.jpg","type":"image\/jpeg"}],"author":"noticias@prensapaisa.com","twitter_card":"summary_large_image","twitter_misc":{"Escrito por":"noticias@prensapaisa.com","Tiempo de lectura":"2 minutos"},"schema":{"@context":"https:\/\/schema.org","@graph":[{"@type":"Article","@id":"https:\/\/prensapaisa.com\/index.php\/2022\/11\/22\/estas-fueron-las-ocho-victimas-del-accidente-aereo-en-medellin\/#article","isPartOf":{"@id":"https:\/\/prensapaisa.com\/index.php\/2022\/11\/22\/estas-fueron-las-ocho-victimas-del-accidente-aereo-en-medellin\/"},"author":{"name":"noticias@prensapaisa.com","@id":"https:\/\/prensapaisa.com\/#\/schema\/person\/c5899b8b285dbcd70faec88a7c1579f6"},"headline":"Estas fueron las ocho v\u00edctimas del accidente a\u00e9reo en Medell\u00edn","datePublished":"2022-11-22T20:09:40+00:00","dateModified":"2022-11-23T20:09:47+00:00","mainEntityOfPage":{"@id":"https:\/\/prensapaisa.com\/index.php\/2022\/11\/22\/estas-fueron-las-ocho-victimas-del-accidente-aereo-en-medellin\/"},"wordCount":348,"commentCount":0,"publisher":{"@id":"https:\/\/prensapaisa.com\/#organization"},"image":{"@id":"https:\/\/prensapaisa.com\/index.php\/2022\/11\/22\/estas-fueron-las-ocho-victimas-del-accidente-aereo-en-medellin\/#primaryimage"},"thumbnailUrl":"https:\/\/prensapaisa.com\/wp-content\/uploads\/2022\/11\/1-64.jpg","articleSection":["Accidentes","Noticias","Redes Sociales"],"inLanguage":"es-CO","potentialAction":[{"@type":"CommentAction","name":"Comment","target":["https:\/\/prensapaisa.com\/index.php\/2022\/11\/22\/estas-fueron-las-ocho-victimas-del-accidente-aereo-en-medellin\/#respond"]}]},{"@type":"WebPage","@id":"https:\/\/prensapaisa.com\/index.php\/2022\/11\/22\/estas-fueron-las-ocho-victimas-del-accidente-aereo-en-medellin\/","url":"https:\/\/prensapaisa.com\/index.php\/2022\/11\/22\/estas-fueron-las-ocho-victimas-del-accidente-aereo-en-medellin\/","name":"Estas fueron las ocho v\u00edctimas del accidente a\u00e9reo en Medell\u00edn - PRENSA PAISA","isPartOf":{"@id":"https:\/\/prensapaisa.com\/#website"},"primaryImageOfPage":{"@id":"https:\/\/prensapaisa.com\/index.php\/2022\/11\/22\/estas-fueron-las-ocho-victimas-del-accidente-aereo-en-medellin\/#primaryimage"},"image":{"@id":"https:\/\/prensapaisa.com\/index.php\/2022\/11\/22\/estas-fueron-las-ocho-victimas-del-accidente-aereo-en-medellin\/#primaryimage"},"thumbnailUrl":"https:\/\/prensapaisa.com\/wp-content\/uploads\/2022\/11\/1-64.jpg","datePublished":"2022-11-22T20:09:40+00:00","dateModified":"2022-11-23T20:09:47+00:00","breadcrumb":{"@id":"https:\/\/prensapaisa.com\/index.php\/2022\/11\/22\/estas-fueron-las-ocho-victimas-del-accidente-aereo-en-medellin\/#breadcrumb"},"inLanguage":"es-CO","potentialAction":[{"@type":"ReadAction","target":["https:\/\/prensapaisa.com\/index.php\/2022\/11\/22\/estas-fueron-las-ocho-victimas-del-accidente-aereo-en-medellin\/"]}]},{"@type":"ImageObject","inLanguage":"es-CO","@id":"https:\/\/prensapaisa.com\/index.php\/2022\/11\/22\/estas-fueron-las-ocho-victimas-del-accidente-aereo-en-medellin\/#primaryimage","url":"https:\/\/prensapaisa.com\/wp-content\/uploads\/2022\/11\/1-64.jpg","contentUrl":"https:\/\/prensapaisa.com\/wp-content\/uploads\/2022\/11\/1-64.jpg","width":960,"height":555},{"@type":"BreadcrumbList","@id":"https:\/\/prensapaisa.com\/index.php\/2022\/11\/22\/estas-fueron-las-ocho-victimas-del-accidente-aereo-en-medellin\/#breadcrumb","itemListElement":[{"@type":"ListItem","position":1,"name":"Inicio","item":"https:\/\/prensapaisa.com\/"},{"@type":"ListItem","position":2,"name":"Estas fueron las ocho v\u00edctimas del accidente a\u00e9reo en Medell\u00edn"}]},{"@type":"WebSite","@id":"https:\/\/prensapaisa.com\/#website","url":"https:\/\/prensapaisa.com\/","name":"PRENSA PAISA","description":"Prensa Paisa la Original | Noticias de Medell\u00edn, Antioquia","publisher":{"@id":"https:\/\/prensapaisa.com\/#organization"},"potentialAction":[{"@type":"SearchAction","target":{"@type":"EntryPoint","urlTemplate":"https:\/\/prensapaisa.com\/?s={search_term_string}"},"query-input":{"@type":"PropertyValueSpecification","valueRequired":true,"valueName":"search_term_string"}}],"inLanguage":"es-CO"},{"@type":"Organization","@id":"https:\/\/prensapaisa.com\/#organization","name":"PRENSA PAISA","url":"https:\/\/prensapaisa.com\/","logo":{"@type":"ImageObject","inLanguage":"es-CO","@id":"https:\/\/prensapaisa.com\/#\/schema\/logo\/image\/","url":"https:\/\/prensapaisa.com\/wp-content\/uploads\/2022\/05\/cropped-cropped-prensa.png","contentUrl":"https:\/\/prensapaisa.com\/wp-content\/uploads\/2022\/05\/cropped-cropped-prensa.png","width":784,"height":524,"caption":"PRENSA PAISA"},"image":{"@id":"https:\/\/prensapaisa.com\/#\/schema\/logo\/image\/"}},{"@type":"Person","@id":"https:\/\/prensapaisa.com\/#\/schema\/person\/c5899b8b285dbcd70faec88a7c1579f6","name":"noticias@prensapaisa.com","image":{"@type":"ImageObject","inLanguage":"es-CO","@id":"https:\/\/secure.gravatar.com\/avatar\/ca2b49c1df14b84557c567431f045ea69c8ea5da2da50309fd4de9b811da0433?s=96&d=mm&r=g","url":"https:\/\/secure.gravatar.com\/avatar\/ca2b49c1df14b84557c567431f045ea69c8ea5da2da50309fd4de9b811da0433?s=96&d=mm&r=g","contentUrl":"https:\/\/secure.gravatar.com\/avatar\/ca2b49c1df14b84557c567431f045ea69c8ea5da2da50309fd4de9b811da0433?s=96&d=mm&r=g","caption":"noticias@prensapaisa.com"},"sameAs":["http:\/\/prensapaisa.com"],"url":"https:\/\/prensapaisa.com\/index.php\/author\/prensapaisagmail-com\/"}]}},"_links":{"self":[{"href":"https:\/\/prensapaisa.com\/index.php\/wp-json\/wp\/v2\/posts\/8417","targetHints":{"allow":["GET"]}}],"collection":[{"href":"https:\/\/prensapaisa.com\/index.php\/wp-json\/wp\/v2\/posts"}],"about":[{"href":"https:\/\/prensapaisa.com\/index.php\/wp-json\/wp\/v2\/types\/post"}],"author":[{"embeddable":true,"href":"https:\/\/prensapaisa.com\/index.php\/wp-json\/wp\/v2\/users\/1"}],"replies":[{"embeddable":true,"href":"https:\/\/prensapaisa.com\/index.php\/wp-json\/wp\/v2\/comments?post=8417"}],"version-history":[{"count":1,"href":"https:\/\/prensapaisa.com\/index.php\/wp-json\/wp\/v2\/posts\/8417\/revisions"}],"predecessor-version":[{"id":8421,"href":"https:\/\/prensapaisa.com\/index.php\/wp-json\/wp\/v2\/posts\/8417\/revisions\/8421"}],"wp:featuredmedia":[{"embeddable":true,"href":"https:\/\/prensapaisa.com\/index.php\/wp-json\/wp\/v2\/media\/8419"}],"wp:attachment":[{"href":"https:\/\/prensapaisa.com\/index.php\/wp-json\/wp\/v2\/media?parent=8417"}],"wp:term":[{"taxonomy":"category","embeddable":true,"href":"https:\/\/prensapaisa.com\/index.php\/wp-json\/wp\/v2\/categories?post=8417"},{"taxonomy":"post_tag","embeddable":true,"href":"https:\/\/prensapaisa.com\/index.php\/wp-json\/wp\/v2\/tags?post=8417"}],"curies":[{"name":"wp","href":"https:\/\/api.w.org\/{rel}","templated":true}]}}