{"id":8399,"date":"2022-11-23T14:54:18","date_gmt":"2022-11-23T19:54:18","guid":{"rendered":"https:\/\/prensapaisa.com\/?p=8399"},"modified":"2022-11-23T14:55:22","modified_gmt":"2022-11-23T19:55:22","slug":"jugador-del-dim-conto-que-fue-amenazado-por-el-escolta-del-dueno-de-aguilas","status":"publish","type":"post","link":"https:\/\/prensapaisa.com\/index.php\/2022\/11\/23\/jugador-del-dim-conto-que-fue-amenazado-por-el-escolta-del-dueno-de-aguilas\/","title":{"rendered":"Jugador del DIM cont\u00f3 que fue amenazado por el escolta del due\u00f1o de \u00c1guilas"},"content":{"rendered":"\n<p>Cuando se cre\u00eda que la contienda entre Independiente Medell\u00edn y Rionegro \u00c1guilas hab\u00eda terminado en el campo de juego del estadio Atanasio Girardot, por la cuarta fecha de los cuadrangulares de la Liga BetPlay 2-2022, se conoci\u00f3 una fuerte denuncia que levant\u00f3 \u2018ampolla\u2019 en las redes sociales.<\/p>\n\n\n\n<p>Culminado el encuentro que gan\u00f3 el \u2018Poderoso\u2019 (2-1) ante 19.293 espectadores en las tribunas del \u2018Coloso de la <a><\/a>74\u2019 y en medio de un fuerte aguacero que oblig\u00f3 la suspensi\u00f3n por una hora y 13 minutos, el zaguero central del local Andr\u00e9s Cadavid entreg\u00f3 en sus redes una fuerte declaraci\u00f3n.<\/p>\n\n\n\n<p>Seg\u00fan Cadavid, fue intimidado por el m\u00e1ximo accionista del cuadro visitante,Jos\u00e9 Fernando Salazar, quien a la salida del camerino, cuando se dispon\u00eda subirse a su carro para dirigirse a su hogar, lo habr\u00eda intimidado con la complicidad de su escolta, quien al parecer le apunt\u00f3 con un arma de fuego.<\/p>\n\n\n\n<p>Tan grave fue el suceso que incluso lo compar\u00f3 con la forma en que los sicarios del abatido narcotraficante Pablo Escobar \u2018apretaban\u2019 a sus v\u00edctimas. As\u00ed lo dio a entender con sus pol\u00e9micas afirmaciones:<\/p>\n\n\n\n<p>Y es que el cotejo en el Atanasio estuvo envuelto en diferentes controversias. Desde el momento en el que se par\u00f3 por la inclemencia de las precipitaciones, hasta en el desarrollo mismo de las acciones, con conatos de bronca durante y despu\u00e9s del juego, entre futbolistas de ambos elencos.<\/p>\n\n\n\n<p>No es la primera vez que Salazar es acusado de hostigar a rivales, a oficiales de campo o a \u00e1rbitros. En su historial ha tenido varias multas por parte de la Divisi\u00f3n Mayor del F\u00fatbol Colombiano por su comportamiento, que de acuerdo con lo dicho por el integrante del \u2018Decano\u2019 fue vergonzoso<\/p>\n\n\n\n<figure class=\"wp-block-embed is-type-video is-provider-youtube wp-block-embed-youtube wp-embed-aspect-16-9 wp-has-aspect-ratio\"><div class=\"wp-block-embed__wrapper\">\n<iframe title=\"Jugador del DIM cont\u00f3 que fue amenazado  por el escolta del due\u00f1o de \u00c1guilas\" width=\"1170\" height=\"658\" src=\"https:\/\/www.youtube.com\/embed\/8H_1-0MWiDM?feature=oembed\" frameborder=\"0\" allow=\"accelerometer; autoplay; clipboard-write; encrypted-media; gyroscope; picture-in-picture\" allowfullscreen><\/iframe>\n<\/div><\/figure>\n","protected":false},"excerpt":{"rendered":"<p>Cuando se cre\u00eda que la contienda entre Independiente Medell\u00edn y Rionegro \u00c1guilas hab\u00eda terminado en el campo de juego del estadio Atanasio Girardot, por la cuarta fecha de los cuadrangulares&hellip;<\/p>\n","protected":false},"author":1,"featured_media":8402,"comment_status":"open","ping_status":"open","sticky":false,"template":"","format":"standard","meta":{"footnotes":""},"categories":[1],"tags":[],"class_list":["post-8399","post","type-post","status-publish","format-standard","has-post-thumbnail","hentry","category-noticias"],"yoast_head":"<!-- This site is optimized with the Yoast SEO plugin v27.4 - https:\/\/yoast.com\/product\/yoast-seo-wordpress\/ -->\n<title>Jugador del DIM cont\u00f3 que fue amenazado por el escolta del due\u00f1o de \u00c1guilas - PRENSA PAISA<\/title>\n<meta name=\"robots\" content=\"index, follow, max-snippet:-1, max-image-preview:large, max-video-preview:-1\" \/>\n<link rel=\"canonical\" href=\"https:\/\/prensapaisa.com\/index.php\/2022\/11\/23\/jugador-del-dim-conto-que-fue-amenazado-por-el-escolta-del-dueno-de-aguilas\/\" \/>\n<meta property=\"og:locale\" content=\"es_ES\" \/>\n<meta property=\"og:type\" content=\"article\" \/>\n<meta property=\"og:title\" content=\"Jugador del DIM cont\u00f3 que fue amenazado por el escolta del due\u00f1o de \u00c1guilas - PRENSA PAISA\" \/>\n<meta property=\"og:description\" content=\"Cuando se cre\u00eda que la contienda entre Independiente Medell\u00edn y Rionegro \u00c1guilas hab\u00eda terminado en el campo de juego del estadio Atanasio Girardot, por la cuarta fecha de los cuadrangulares&hellip;\" \/>\n<meta property=\"og:url\" content=\"https:\/\/prensapaisa.com\/index.php\/2022\/11\/23\/jugador-del-dim-conto-que-fue-amenazado-por-el-escolta-del-dueno-de-aguilas\/\" \/>\n<meta property=\"og:site_name\" content=\"PRENSA PAISA\" \/>\n<meta property=\"article:published_time\" content=\"2022-11-23T19:54:18+00:00\" \/>\n<meta property=\"article:modified_time\" content=\"2022-11-23T19:55:22+00:00\" \/>\n<meta property=\"og:image\" content=\"https:\/\/prensapaisa.com\/wp-content\/uploads\/2022\/11\/1-copia-42.jpg\" \/>\n\t<meta property=\"og:image:width\" content=\"264\" \/>\n\t<meta property=\"og:image:height\" content=\"191\" \/>\n\t<meta property=\"og:image:type\" content=\"image\/jpeg\" \/>\n<meta name=\"author\" content=\"noticias@prensapaisa.com\" \/>\n<meta name=\"twitter:card\" content=\"summary_large_image\" \/>\n<meta name=\"twitter:label1\" content=\"Escrito por\" \/>\n\t<meta name=\"twitter:data1\" content=\"noticias@prensapaisa.com\" \/>\n\t<meta name=\"twitter:label2\" content=\"Tiempo de lectura\" \/>\n\t<meta name=\"twitter:data2\" content=\"2 minutos\" \/>\n<script type=\"application\/ld+json\" class=\"yoast-schema-graph\">{\"@context\":\"https:\\\/\\\/schema.org\",\"@graph\":[{\"@type\":\"Article\",\"@id\":\"https:\\\/\\\/prensapaisa.com\\\/index.php\\\/2022\\\/11\\\/23\\\/jugador-del-dim-conto-que-fue-amenazado-por-el-escolta-del-dueno-de-aguilas\\\/#article\",\"isPartOf\":{\"@id\":\"https:\\\/\\\/prensapaisa.com\\\/index.php\\\/2022\\\/11\\\/23\\\/jugador-del-dim-conto-que-fue-amenazado-por-el-escolta-del-dueno-de-aguilas\\\/\"},\"author\":{\"name\":\"noticias@prensapaisa.com\",\"@id\":\"https:\\\/\\\/prensapaisa.com\\\/#\\\/schema\\\/person\\\/c5899b8b285dbcd70faec88a7c1579f6\"},\"headline\":\"Jugador del DIM cont\u00f3 que fue amenazado por el escolta del due\u00f1o de \u00c1guilas\",\"datePublished\":\"2022-11-23T19:54:18+00:00\",\"dateModified\":\"2022-11-23T19:55:22+00:00\",\"mainEntityOfPage\":{\"@id\":\"https:\\\/\\\/prensapaisa.com\\\/index.php\\\/2022\\\/11\\\/23\\\/jugador-del-dim-conto-que-fue-amenazado-por-el-escolta-del-dueno-de-aguilas\\\/\"},\"wordCount\":316,\"commentCount\":0,\"publisher\":{\"@id\":\"https:\\\/\\\/prensapaisa.com\\\/#organization\"},\"image\":{\"@id\":\"https:\\\/\\\/prensapaisa.com\\\/index.php\\\/2022\\\/11\\\/23\\\/jugador-del-dim-conto-que-fue-amenazado-por-el-escolta-del-dueno-de-aguilas\\\/#primaryimage\"},\"thumbnailUrl\":\"https:\\\/\\\/prensapaisa.com\\\/wp-content\\\/uploads\\\/2022\\\/11\\\/1-copia-42.jpg\",\"articleSection\":[\"Noticias\"],\"inLanguage\":\"es-CO\",\"potentialAction\":[{\"@type\":\"CommentAction\",\"name\":\"Comment\",\"target\":[\"https:\\\/\\\/prensapaisa.com\\\/index.php\\\/2022\\\/11\\\/23\\\/jugador-del-dim-conto-que-fue-amenazado-por-el-escolta-del-dueno-de-aguilas\\\/#respond\"]}]},{\"@type\":\"WebPage\",\"@id\":\"https:\\\/\\\/prensapaisa.com\\\/index.php\\\/2022\\\/11\\\/23\\\/jugador-del-dim-conto-que-fue-amenazado-por-el-escolta-del-dueno-de-aguilas\\\/\",\"url\":\"https:\\\/\\\/prensapaisa.com\\\/index.php\\\/2022\\\/11\\\/23\\\/jugador-del-dim-conto-que-fue-amenazado-por-el-escolta-del-dueno-de-aguilas\\\/\",\"name\":\"Jugador del DIM cont\u00f3 que fue amenazado por el escolta del due\u00f1o de \u00c1guilas - PRENSA PAISA\",\"isPartOf\":{\"@id\":\"https:\\\/\\\/prensapaisa.com\\\/#website\"},\"primaryImageOfPage\":{\"@id\":\"https:\\\/\\\/prensapaisa.com\\\/index.php\\\/2022\\\/11\\\/23\\\/jugador-del-dim-conto-que-fue-amenazado-por-el-escolta-del-dueno-de-aguilas\\\/#primaryimage\"},\"image\":{\"@id\":\"https:\\\/\\\/prensapaisa.com\\\/index.php\\\/2022\\\/11\\\/23\\\/jugador-del-dim-conto-que-fue-amenazado-por-el-escolta-del-dueno-de-aguilas\\\/#primaryimage\"},\"thumbnailUrl\":\"https:\\\/\\\/prensapaisa.com\\\/wp-content\\\/uploads\\\/2022\\\/11\\\/1-copia-42.jpg\",\"datePublished\":\"2022-11-23T19:54:18+00:00\",\"dateModified\":\"2022-11-23T19:55:22+00:00\",\"breadcrumb\":{\"@id\":\"https:\\\/\\\/prensapaisa.com\\\/index.php\\\/2022\\\/11\\\/23\\\/jugador-del-dim-conto-que-fue-amenazado-por-el-escolta-del-dueno-de-aguilas\\\/#breadcrumb\"},\"inLanguage\":\"es-CO\",\"potentialAction\":[{\"@type\":\"ReadAction\",\"target\":[\"https:\\\/\\\/prensapaisa.com\\\/index.php\\\/2022\\\/11\\\/23\\\/jugador-del-dim-conto-que-fue-amenazado-por-el-escolta-del-dueno-de-aguilas\\\/\"]}]},{\"@type\":\"ImageObject\",\"inLanguage\":\"es-CO\",\"@id\":\"https:\\\/\\\/prensapaisa.com\\\/index.php\\\/2022\\\/11\\\/23\\\/jugador-del-dim-conto-que-fue-amenazado-por-el-escolta-del-dueno-de-aguilas\\\/#primaryimage\",\"url\":\"https:\\\/\\\/prensapaisa.com\\\/wp-content\\\/uploads\\\/2022\\\/11\\\/1-copia-42.jpg\",\"contentUrl\":\"https:\\\/\\\/prensapaisa.com\\\/wp-content\\\/uploads\\\/2022\\\/11\\\/1-copia-42.jpg\",\"width\":264,\"height\":191},{\"@type\":\"BreadcrumbList\",\"@id\":\"https:\\\/\\\/prensapaisa.com\\\/index.php\\\/2022\\\/11\\\/23\\\/jugador-del-dim-conto-que-fue-amenazado-por-el-escolta-del-dueno-de-aguilas\\\/#breadcrumb\",\"itemListElement\":[{\"@type\":\"ListItem\",\"position\":1,\"name\":\"Inicio\",\"item\":\"https:\\\/\\\/prensapaisa.com\\\/\"},{\"@type\":\"ListItem\",\"position\":2,\"name\":\"Jugador del DIM cont\u00f3 que fue amenazado por el escolta del due\u00f1o de \u00c1guilas\"}]},{\"@type\":\"WebSite\",\"@id\":\"https:\\\/\\\/prensapaisa.com\\\/#website\",\"url\":\"https:\\\/\\\/prensapaisa.com\\\/\",\"name\":\"PRENSA PAISA\",\"description\":\"Prensa Paisa la Original | Noticias de Medell\u00edn, Antioquia\",\"publisher\":{\"@id\":\"https:\\\/\\\/prensapaisa.com\\\/#organization\"},\"potentialAction\":[{\"@type\":\"SearchAction\",\"target\":{\"@type\":\"EntryPoint\",\"urlTemplate\":\"https:\\\/\\\/prensapaisa.com\\\/?s={search_term_string}\"},\"query-input\":{\"@type\":\"PropertyValueSpecification\",\"valueRequired\":true,\"valueName\":\"search_term_string\"}}],\"inLanguage\":\"es-CO\"},{\"@type\":\"Organization\",\"@id\":\"https:\\\/\\\/prensapaisa.com\\\/#organization\",\"name\":\"PRENSA PAISA\",\"url\":\"https:\\\/\\\/prensapaisa.com\\\/\",\"logo\":{\"@type\":\"ImageObject\",\"inLanguage\":\"es-CO\",\"@id\":\"https:\\\/\\\/prensapaisa.com\\\/#\\\/schema\\\/logo\\\/image\\\/\",\"url\":\"https:\\\/\\\/prensapaisa.com\\\/wp-content\\\/uploads\\\/2022\\\/05\\\/cropped-cropped-prensa.png\",\"contentUrl\":\"https:\\\/\\\/prensapaisa.com\\\/wp-content\\\/uploads\\\/2022\\\/05\\\/cropped-cropped-prensa.png\",\"width\":784,\"height\":524,\"caption\":\"PRENSA PAISA\"},\"image\":{\"@id\":\"https:\\\/\\\/prensapaisa.com\\\/#\\\/schema\\\/logo\\\/image\\\/\"}},{\"@type\":\"Person\",\"@id\":\"https:\\\/\\\/prensapaisa.com\\\/#\\\/schema\\\/person\\\/c5899b8b285dbcd70faec88a7c1579f6\",\"name\":\"noticias@prensapaisa.com\",\"image\":{\"@type\":\"ImageObject\",\"inLanguage\":\"es-CO\",\"@id\":\"https:\\\/\\\/secure.gravatar.com\\\/avatar\\\/ca2b49c1df14b84557c567431f045ea69c8ea5da2da50309fd4de9b811da0433?s=96&d=mm&r=g\",\"url\":\"https:\\\/\\\/secure.gravatar.com\\\/avatar\\\/ca2b49c1df14b84557c567431f045ea69c8ea5da2da50309fd4de9b811da0433?s=96&d=mm&r=g\",\"contentUrl\":\"https:\\\/\\\/secure.gravatar.com\\\/avatar\\\/ca2b49c1df14b84557c567431f045ea69c8ea5da2da50309fd4de9b811da0433?s=96&d=mm&r=g\",\"caption\":\"noticias@prensapaisa.com\"},\"sameAs\":[\"http:\\\/\\\/prensapaisa.com\"],\"url\":\"https:\\\/\\\/prensapaisa.com\\\/index.php\\\/author\\\/prensapaisagmail-com\\\/\"}]}<\/script>\n<!-- \/ Yoast SEO plugin. -->","yoast_head_json":{"title":"Jugador del DIM cont\u00f3 que fue amenazado por el escolta del due\u00f1o de \u00c1guilas - PRENSA PAISA","robots":{"index":"index","follow":"follow","max-snippet":"max-snippet:-1","max-image-preview":"max-image-preview:large","max-video-preview":"max-video-preview:-1"},"canonical":"https:\/\/prensapaisa.com\/index.php\/2022\/11\/23\/jugador-del-dim-conto-que-fue-amenazado-por-el-escolta-del-dueno-de-aguilas\/","og_locale":"es_ES","og_type":"article","og_title":"Jugador del DIM cont\u00f3 que fue amenazado por el escolta del due\u00f1o de \u00c1guilas - PRENSA PAISA","og_description":"Cuando se cre\u00eda que la contienda entre Independiente Medell\u00edn y Rionegro \u00c1guilas hab\u00eda terminado en el campo de juego del estadio Atanasio Girardot, por la cuarta fecha de los cuadrangulares&hellip;","og_url":"https:\/\/prensapaisa.com\/index.php\/2022\/11\/23\/jugador-del-dim-conto-que-fue-amenazado-por-el-escolta-del-dueno-de-aguilas\/","og_site_name":"PRENSA PAISA","article_published_time":"2022-11-23T19:54:18+00:00","article_modified_time":"2022-11-23T19:55:22+00:00","og_image":[{"width":264,"height":191,"url":"https:\/\/prensapaisa.com\/wp-content\/uploads\/2022\/11\/1-copia-42.jpg","type":"image\/jpeg"}],"author":"noticias@prensapaisa.com","twitter_card":"summary_large_image","twitter_misc":{"Escrito por":"noticias@prensapaisa.com","Tiempo de lectura":"2 minutos"},"schema":{"@context":"https:\/\/schema.org","@graph":[{"@type":"Article","@id":"https:\/\/prensapaisa.com\/index.php\/2022\/11\/23\/jugador-del-dim-conto-que-fue-amenazado-por-el-escolta-del-dueno-de-aguilas\/#article","isPartOf":{"@id":"https:\/\/prensapaisa.com\/index.php\/2022\/11\/23\/jugador-del-dim-conto-que-fue-amenazado-por-el-escolta-del-dueno-de-aguilas\/"},"author":{"name":"noticias@prensapaisa.com","@id":"https:\/\/prensapaisa.com\/#\/schema\/person\/c5899b8b285dbcd70faec88a7c1579f6"},"headline":"Jugador del DIM cont\u00f3 que fue amenazado por el escolta del due\u00f1o de \u00c1guilas","datePublished":"2022-11-23T19:54:18+00:00","dateModified":"2022-11-23T19:55:22+00:00","mainEntityOfPage":{"@id":"https:\/\/prensapaisa.com\/index.php\/2022\/11\/23\/jugador-del-dim-conto-que-fue-amenazado-por-el-escolta-del-dueno-de-aguilas\/"},"wordCount":316,"commentCount":0,"publisher":{"@id":"https:\/\/prensapaisa.com\/#organization"},"image":{"@id":"https:\/\/prensapaisa.com\/index.php\/2022\/11\/23\/jugador-del-dim-conto-que-fue-amenazado-por-el-escolta-del-dueno-de-aguilas\/#primaryimage"},"thumbnailUrl":"https:\/\/prensapaisa.com\/wp-content\/uploads\/2022\/11\/1-copia-42.jpg","articleSection":["Noticias"],"inLanguage":"es-CO","potentialAction":[{"@type":"CommentAction","name":"Comment","target":["https:\/\/prensapaisa.com\/index.php\/2022\/11\/23\/jugador-del-dim-conto-que-fue-amenazado-por-el-escolta-del-dueno-de-aguilas\/#respond"]}]},{"@type":"WebPage","@id":"https:\/\/prensapaisa.com\/index.php\/2022\/11\/23\/jugador-del-dim-conto-que-fue-amenazado-por-el-escolta-del-dueno-de-aguilas\/","url":"https:\/\/prensapaisa.com\/index.php\/2022\/11\/23\/jugador-del-dim-conto-que-fue-amenazado-por-el-escolta-del-dueno-de-aguilas\/","name":"Jugador del DIM cont\u00f3 que fue amenazado por el escolta del due\u00f1o de \u00c1guilas - PRENSA PAISA","isPartOf":{"@id":"https:\/\/prensapaisa.com\/#website"},"primaryImageOfPage":{"@id":"https:\/\/prensapaisa.com\/index.php\/2022\/11\/23\/jugador-del-dim-conto-que-fue-amenazado-por-el-escolta-del-dueno-de-aguilas\/#primaryimage"},"image":{"@id":"https:\/\/prensapaisa.com\/index.php\/2022\/11\/23\/jugador-del-dim-conto-que-fue-amenazado-por-el-escolta-del-dueno-de-aguilas\/#primaryimage"},"thumbnailUrl":"https:\/\/prensapaisa.com\/wp-content\/uploads\/2022\/11\/1-copia-42.jpg","datePublished":"2022-11-23T19:54:18+00:00","dateModified":"2022-11-23T19:55:22+00:00","breadcrumb":{"@id":"https:\/\/prensapaisa.com\/index.php\/2022\/11\/23\/jugador-del-dim-conto-que-fue-amenazado-por-el-escolta-del-dueno-de-aguilas\/#breadcrumb"},"inLanguage":"es-CO","potentialAction":[{"@type":"ReadAction","target":["https:\/\/prensapaisa.com\/index.php\/2022\/11\/23\/jugador-del-dim-conto-que-fue-amenazado-por-el-escolta-del-dueno-de-aguilas\/"]}]},{"@type":"ImageObject","inLanguage":"es-CO","@id":"https:\/\/prensapaisa.com\/index.php\/2022\/11\/23\/jugador-del-dim-conto-que-fue-amenazado-por-el-escolta-del-dueno-de-aguilas\/#primaryimage","url":"https:\/\/prensapaisa.com\/wp-content\/uploads\/2022\/11\/1-copia-42.jpg","contentUrl":"https:\/\/prensapaisa.com\/wp-content\/uploads\/2022\/11\/1-copia-42.jpg","width":264,"height":191},{"@type":"BreadcrumbList","@id":"https:\/\/prensapaisa.com\/index.php\/2022\/11\/23\/jugador-del-dim-conto-que-fue-amenazado-por-el-escolta-del-dueno-de-aguilas\/#breadcrumb","itemListElement":[{"@type":"ListItem","position":1,"name":"Inicio","item":"https:\/\/prensapaisa.com\/"},{"@type":"ListItem","position":2,"name":"Jugador del DIM cont\u00f3 que fue amenazado por el escolta del due\u00f1o de \u00c1guilas"}]},{"@type":"WebSite","@id":"https:\/\/prensapaisa.com\/#website","url":"https:\/\/prensapaisa.com\/","name":"PRENSA PAISA","description":"Prensa Paisa la Original | Noticias de Medell\u00edn, Antioquia","publisher":{"@id":"https:\/\/prensapaisa.com\/#organization"},"potentialAction":[{"@type":"SearchAction","target":{"@type":"EntryPoint","urlTemplate":"https:\/\/prensapaisa.com\/?s={search_term_string}"},"query-input":{"@type":"PropertyValueSpecification","valueRequired":true,"valueName":"search_term_string"}}],"inLanguage":"es-CO"},{"@type":"Organization","@id":"https:\/\/prensapaisa.com\/#organization","name":"PRENSA PAISA","url":"https:\/\/prensapaisa.com\/","logo":{"@type":"ImageObject","inLanguage":"es-CO","@id":"https:\/\/prensapaisa.com\/#\/schema\/logo\/image\/","url":"https:\/\/prensapaisa.com\/wp-content\/uploads\/2022\/05\/cropped-cropped-prensa.png","contentUrl":"https:\/\/prensapaisa.com\/wp-content\/uploads\/2022\/05\/cropped-cropped-prensa.png","width":784,"height":524,"caption":"PRENSA PAISA"},"image":{"@id":"https:\/\/prensapaisa.com\/#\/schema\/logo\/image\/"}},{"@type":"Person","@id":"https:\/\/prensapaisa.com\/#\/schema\/person\/c5899b8b285dbcd70faec88a7c1579f6","name":"noticias@prensapaisa.com","image":{"@type":"ImageObject","inLanguage":"es-CO","@id":"https:\/\/secure.gravatar.com\/avatar\/ca2b49c1df14b84557c567431f045ea69c8ea5da2da50309fd4de9b811da0433?s=96&d=mm&r=g","url":"https:\/\/secure.gravatar.com\/avatar\/ca2b49c1df14b84557c567431f045ea69c8ea5da2da50309fd4de9b811da0433?s=96&d=mm&r=g","contentUrl":"https:\/\/secure.gravatar.com\/avatar\/ca2b49c1df14b84557c567431f045ea69c8ea5da2da50309fd4de9b811da0433?s=96&d=mm&r=g","caption":"noticias@prensapaisa.com"},"sameAs":["http:\/\/prensapaisa.com"],"url":"https:\/\/prensapaisa.com\/index.php\/author\/prensapaisagmail-com\/"}]}},"_links":{"self":[{"href":"https:\/\/prensapaisa.com\/index.php\/wp-json\/wp\/v2\/posts\/8399","targetHints":{"allow":["GET"]}}],"collection":[{"href":"https:\/\/prensapaisa.com\/index.php\/wp-json\/wp\/v2\/posts"}],"about":[{"href":"https:\/\/prensapaisa.com\/index.php\/wp-json\/wp\/v2\/types\/post"}],"author":[{"embeddable":true,"href":"https:\/\/prensapaisa.com\/index.php\/wp-json\/wp\/v2\/users\/1"}],"replies":[{"embeddable":true,"href":"https:\/\/prensapaisa.com\/index.php\/wp-json\/wp\/v2\/comments?post=8399"}],"version-history":[{"count":1,"href":"https:\/\/prensapaisa.com\/index.php\/wp-json\/wp\/v2\/posts\/8399\/revisions"}],"predecessor-version":[{"id":8401,"href":"https:\/\/prensapaisa.com\/index.php\/wp-json\/wp\/v2\/posts\/8399\/revisions\/8401"}],"wp:featuredmedia":[{"embeddable":true,"href":"https:\/\/prensapaisa.com\/index.php\/wp-json\/wp\/v2\/media\/8402"}],"wp:attachment":[{"href":"https:\/\/prensapaisa.com\/index.php\/wp-json\/wp\/v2\/media?parent=8399"}],"wp:term":[{"taxonomy":"category","embeddable":true,"href":"https:\/\/prensapaisa.com\/index.php\/wp-json\/wp\/v2\/categories?post=8399"},{"taxonomy":"post_tag","embeddable":true,"href":"https:\/\/prensapaisa.com\/index.php\/wp-json\/wp\/v2\/tags?post=8399"}],"curies":[{"name":"wp","href":"https:\/\/api.w.org\/{rel}","templated":true}]}}