{"id":8345,"date":"2022-11-21T10:27:29","date_gmt":"2022-11-21T15:27:29","guid":{"rendered":"https:\/\/prensapaisa.com\/?p=8345"},"modified":"2022-11-21T10:27:30","modified_gmt":"2022-11-21T15:27:30","slug":"mecanico-fue-asesinado-en-en-la-comuna-7","status":"publish","type":"post","link":"https:\/\/prensapaisa.com\/index.php\/2022\/11\/21\/mecanico-fue-asesinado-en-en-la-comuna-7\/","title":{"rendered":"Mec\u00e1nico fue asesinado en en la Comuna 7"},"content":{"rendered":"\n<p>Familiares y amigos le hacen luto a Wilmar Hernao S\u00e1nchez, quien fue asesinado con arma de fuego por sicarios.<\/p>\n\n\n\n<p>El hombre recibi\u00f3 varios disparos en el barrio Robledo Santa Mar\u00eda, sector Mote Claro en Medell\u00edn, cuando iba para una cita en una motocicleta. La v\u00edctima se transportaba en un veh\u00edculo de placas NYP 32C.<\/p>\n\n\n\n<p><a><\/a>Testigos aseguraron que los pistoleros se escondieron detr\u00e1s de un arbusto y tambi\u00e9n, hab\u00eda una chica muy sospechosa que chateaba en un celular.<\/p>\n\n\n\n<p>La v\u00edctima trabajaba en un almac\u00e9n de repuestos en La Bayadera.<\/p>\n\n\n\n<p>Funcionarios del CTI solicitaron las c\u00e1maras, en esta zona de Medell\u00edn, para rastrear a quienes dispararon, sin compasi\u00f3n y en varias oportunidades.<\/p>\n\n\n\n<p>Autoridades investigan, paso a paso, los hechos y tratan de verificar las causas del crimen.<\/p>\n\n\n\n<figure class=\"wp-block-gallery has-nested-images columns-default is-cropped wp-block-gallery-1 is-layout-flex wp-block-gallery-is-layout-flex\">\n<figure class=\"wp-block-image size-large\"><img fetchpriority=\"high\" decoding=\"async\" width=\"960\" height=\"956\" data-id=\"8347\" src=\"https:\/\/prensapaisa.com\/wp-content\/uploads\/2022\/11\/1-59.jpg\" alt=\"\" class=\"wp-image-8347\" srcset=\"https:\/\/prensapaisa.com\/wp-content\/uploads\/2022\/11\/1-59.jpg 960w, https:\/\/prensapaisa.com\/wp-content\/uploads\/2022\/11\/1-59-300x300.jpg 300w, https:\/\/prensapaisa.com\/wp-content\/uploads\/2022\/11\/1-59-150x150.jpg 150w, https:\/\/prensapaisa.com\/wp-content\/uploads\/2022\/11\/1-59-768x765.jpg 768w, https:\/\/prensapaisa.com\/wp-content\/uploads\/2022\/11\/1-59-585x583.jpg 585w\" sizes=\"(max-width: 960px) 100vw, 960px\" \/><\/figure>\n\n\n\n<figure class=\"wp-block-image size-large\"><img decoding=\"async\" width=\"819\" height=\"1024\" data-id=\"8349\" src=\"https:\/\/prensapaisa.com\/wp-content\/uploads\/2022\/11\/2-38-819x1024.jpg\" alt=\"\" class=\"wp-image-8349\" srcset=\"https:\/\/prensapaisa.com\/wp-content\/uploads\/2022\/11\/2-38-819x1024.jpg 819w, https:\/\/prensapaisa.com\/wp-content\/uploads\/2022\/11\/2-38-240x300.jpg 240w, https:\/\/prensapaisa.com\/wp-content\/uploads\/2022\/11\/2-38-768x960.jpg 768w, https:\/\/prensapaisa.com\/wp-content\/uploads\/2022\/11\/2-38-585x731.jpg 585w, https:\/\/prensapaisa.com\/wp-content\/uploads\/2022\/11\/2-38.jpg 1080w\" sizes=\"(max-width: 819px) 100vw, 819px\" \/><\/figure>\n\n\n\n<figure class=\"wp-block-image size-large\"><img decoding=\"async\" width=\"819\" height=\"1024\" data-id=\"8348\" src=\"https:\/\/prensapaisa.com\/wp-content\/uploads\/2022\/11\/3-copia-8-819x1024.jpg\" alt=\"\" class=\"wp-image-8348\" srcset=\"https:\/\/prensapaisa.com\/wp-content\/uploads\/2022\/11\/3-copia-8-819x1024.jpg 819w, https:\/\/prensapaisa.com\/wp-content\/uploads\/2022\/11\/3-copia-8-240x300.jpg 240w, https:\/\/prensapaisa.com\/wp-content\/uploads\/2022\/11\/3-copia-8-768x960.jpg 768w, https:\/\/prensapaisa.com\/wp-content\/uploads\/2022\/11\/3-copia-8-585x731.jpg 585w, https:\/\/prensapaisa.com\/wp-content\/uploads\/2022\/11\/3-copia-8.jpg 1080w\" sizes=\"(max-width: 819px) 100vw, 819px\" \/><\/figure>\n\n\n\n<figure class=\"wp-block-image size-large\"><img loading=\"lazy\" decoding=\"async\" width=\"819\" height=\"1024\" data-id=\"8350\" src=\"https:\/\/prensapaisa.com\/wp-content\/uploads\/2022\/11\/3-27-819x1024.jpg\" alt=\"\" class=\"wp-image-8350\" srcset=\"https:\/\/prensapaisa.com\/wp-content\/uploads\/2022\/11\/3-27-819x1024.jpg 819w, https:\/\/prensapaisa.com\/wp-content\/uploads\/2022\/11\/3-27-240x300.jpg 240w, https:\/\/prensapaisa.com\/wp-content\/uploads\/2022\/11\/3-27-768x960.jpg 768w, https:\/\/prensapaisa.com\/wp-content\/uploads\/2022\/11\/3-27-585x731.jpg 585w, https:\/\/prensapaisa.com\/wp-content\/uploads\/2022\/11\/3-27.jpg 1080w\" sizes=\"(max-width: 819px) 100vw, 819px\" \/><\/figure>\n<\/figure>\n","protected":false},"excerpt":{"rendered":"<p>Familiares y amigos le hacen luto a Wilmar Hernao S\u00e1nchez, quien fue asesinado con arma de fuego por sicarios. El hombre recibi\u00f3 varios disparos en el barrio Robledo Santa Mar\u00eda,&hellip;<\/p>\n","protected":false},"author":1,"featured_media":8346,"comment_status":"open","ping_status":"open","sticky":false,"template":"","format":"standard","meta":{"footnotes":""},"categories":[43,1],"tags":[],"class_list":["post-8345","post","type-post","status-publish","format-standard","has-post-thumbnail","hentry","category-fallecidos","category-noticias"],"yoast_head":"<!-- This site is optimized with the Yoast SEO plugin v27.4 - https:\/\/yoast.com\/product\/yoast-seo-wordpress\/ -->\n<title>Mec\u00e1nico fue asesinado en en la Comuna 7 - PRENSA PAISA<\/title>\n<meta name=\"robots\" content=\"index, follow, max-snippet:-1, max-image-preview:large, max-video-preview:-1\" \/>\n<link rel=\"canonical\" href=\"https:\/\/prensapaisa.com\/index.php\/2022\/11\/21\/mecanico-fue-asesinado-en-en-la-comuna-7\/\" \/>\n<meta property=\"og:locale\" content=\"es_ES\" \/>\n<meta property=\"og:type\" content=\"article\" \/>\n<meta property=\"og:title\" content=\"Mec\u00e1nico fue asesinado en en la Comuna 7 - PRENSA PAISA\" \/>\n<meta property=\"og:description\" content=\"Familiares y amigos le hacen luto a Wilmar Hernao S\u00e1nchez, quien fue asesinado con arma de fuego por sicarios. El hombre recibi\u00f3 varios disparos en el barrio Robledo Santa Mar\u00eda,&hellip;\" \/>\n<meta property=\"og:url\" content=\"https:\/\/prensapaisa.com\/index.php\/2022\/11\/21\/mecanico-fue-asesinado-en-en-la-comuna-7\/\" \/>\n<meta property=\"og:site_name\" content=\"PRENSA PAISA\" \/>\n<meta property=\"article:published_time\" content=\"2022-11-21T15:27:29+00:00\" \/>\n<meta property=\"article:modified_time\" content=\"2022-11-21T15:27:30+00:00\" \/>\n<meta property=\"og:image\" content=\"https:\/\/prensapaisa.com\/wp-content\/uploads\/2022\/11\/1-copia-30.jpg\" \/>\n\t<meta property=\"og:image:width\" content=\"524\" \/>\n\t<meta property=\"og:image:height\" content=\"524\" \/>\n\t<meta property=\"og:image:type\" content=\"image\/jpeg\" \/>\n<meta name=\"author\" content=\"noticias@prensapaisa.com\" \/>\n<meta name=\"twitter:card\" content=\"summary_large_image\" \/>\n<meta name=\"twitter:label1\" content=\"Escrito por\" \/>\n\t<meta name=\"twitter:data1\" content=\"noticias@prensapaisa.com\" \/>\n\t<meta name=\"twitter:label2\" content=\"Tiempo de lectura\" \/>\n\t<meta name=\"twitter:data2\" content=\"2 minutos\" \/>\n<script type=\"application\/ld+json\" class=\"yoast-schema-graph\">{\"@context\":\"https:\\\/\\\/schema.org\",\"@graph\":[{\"@type\":\"Article\",\"@id\":\"https:\\\/\\\/prensapaisa.com\\\/index.php\\\/2022\\\/11\\\/21\\\/mecanico-fue-asesinado-en-en-la-comuna-7\\\/#article\",\"isPartOf\":{\"@id\":\"https:\\\/\\\/prensapaisa.com\\\/index.php\\\/2022\\\/11\\\/21\\\/mecanico-fue-asesinado-en-en-la-comuna-7\\\/\"},\"author\":{\"name\":\"noticias@prensapaisa.com\",\"@id\":\"https:\\\/\\\/prensapaisa.com\\\/#\\\/schema\\\/person\\\/c5899b8b285dbcd70faec88a7c1579f6\"},\"headline\":\"Mec\u00e1nico fue asesinado en en la Comuna 7\",\"datePublished\":\"2022-11-21T15:27:29+00:00\",\"dateModified\":\"2022-11-21T15:27:30+00:00\",\"mainEntityOfPage\":{\"@id\":\"https:\\\/\\\/prensapaisa.com\\\/index.php\\\/2022\\\/11\\\/21\\\/mecanico-fue-asesinado-en-en-la-comuna-7\\\/\"},\"wordCount\":146,\"commentCount\":0,\"publisher\":{\"@id\":\"https:\\\/\\\/prensapaisa.com\\\/#organization\"},\"image\":{\"@id\":\"https:\\\/\\\/prensapaisa.com\\\/index.php\\\/2022\\\/11\\\/21\\\/mecanico-fue-asesinado-en-en-la-comuna-7\\\/#primaryimage\"},\"thumbnailUrl\":\"https:\\\/\\\/prensapaisa.com\\\/wp-content\\\/uploads\\\/2022\\\/11\\\/1-copia-30.jpg\",\"articleSection\":[\"Fallecidos\",\"Noticias\"],\"inLanguage\":\"es-CO\",\"potentialAction\":[{\"@type\":\"CommentAction\",\"name\":\"Comment\",\"target\":[\"https:\\\/\\\/prensapaisa.com\\\/index.php\\\/2022\\\/11\\\/21\\\/mecanico-fue-asesinado-en-en-la-comuna-7\\\/#respond\"]}]},{\"@type\":\"WebPage\",\"@id\":\"https:\\\/\\\/prensapaisa.com\\\/index.php\\\/2022\\\/11\\\/21\\\/mecanico-fue-asesinado-en-en-la-comuna-7\\\/\",\"url\":\"https:\\\/\\\/prensapaisa.com\\\/index.php\\\/2022\\\/11\\\/21\\\/mecanico-fue-asesinado-en-en-la-comuna-7\\\/\",\"name\":\"Mec\u00e1nico fue asesinado en en la Comuna 7 - PRENSA PAISA\",\"isPartOf\":{\"@id\":\"https:\\\/\\\/prensapaisa.com\\\/#website\"},\"primaryImageOfPage\":{\"@id\":\"https:\\\/\\\/prensapaisa.com\\\/index.php\\\/2022\\\/11\\\/21\\\/mecanico-fue-asesinado-en-en-la-comuna-7\\\/#primaryimage\"},\"image\":{\"@id\":\"https:\\\/\\\/prensapaisa.com\\\/index.php\\\/2022\\\/11\\\/21\\\/mecanico-fue-asesinado-en-en-la-comuna-7\\\/#primaryimage\"},\"thumbnailUrl\":\"https:\\\/\\\/prensapaisa.com\\\/wp-content\\\/uploads\\\/2022\\\/11\\\/1-copia-30.jpg\",\"datePublished\":\"2022-11-21T15:27:29+00:00\",\"dateModified\":\"2022-11-21T15:27:30+00:00\",\"breadcrumb\":{\"@id\":\"https:\\\/\\\/prensapaisa.com\\\/index.php\\\/2022\\\/11\\\/21\\\/mecanico-fue-asesinado-en-en-la-comuna-7\\\/#breadcrumb\"},\"inLanguage\":\"es-CO\",\"potentialAction\":[{\"@type\":\"ReadAction\",\"target\":[\"https:\\\/\\\/prensapaisa.com\\\/index.php\\\/2022\\\/11\\\/21\\\/mecanico-fue-asesinado-en-en-la-comuna-7\\\/\"]}]},{\"@type\":\"ImageObject\",\"inLanguage\":\"es-CO\",\"@id\":\"https:\\\/\\\/prensapaisa.com\\\/index.php\\\/2022\\\/11\\\/21\\\/mecanico-fue-asesinado-en-en-la-comuna-7\\\/#primaryimage\",\"url\":\"https:\\\/\\\/prensapaisa.com\\\/wp-content\\\/uploads\\\/2022\\\/11\\\/1-copia-30.jpg\",\"contentUrl\":\"https:\\\/\\\/prensapaisa.com\\\/wp-content\\\/uploads\\\/2022\\\/11\\\/1-copia-30.jpg\",\"width\":524,\"height\":524},{\"@type\":\"BreadcrumbList\",\"@id\":\"https:\\\/\\\/prensapaisa.com\\\/index.php\\\/2022\\\/11\\\/21\\\/mecanico-fue-asesinado-en-en-la-comuna-7\\\/#breadcrumb\",\"itemListElement\":[{\"@type\":\"ListItem\",\"position\":1,\"name\":\"Inicio\",\"item\":\"https:\\\/\\\/prensapaisa.com\\\/\"},{\"@type\":\"ListItem\",\"position\":2,\"name\":\"Mec\u00e1nico fue asesinado en en la Comuna 7\"}]},{\"@type\":\"WebSite\",\"@id\":\"https:\\\/\\\/prensapaisa.com\\\/#website\",\"url\":\"https:\\\/\\\/prensapaisa.com\\\/\",\"name\":\"PRENSA PAISA\",\"description\":\"Prensa Paisa la Original | Noticias de Medell\u00edn, Antioquia\",\"publisher\":{\"@id\":\"https:\\\/\\\/prensapaisa.com\\\/#organization\"},\"potentialAction\":[{\"@type\":\"SearchAction\",\"target\":{\"@type\":\"EntryPoint\",\"urlTemplate\":\"https:\\\/\\\/prensapaisa.com\\\/?s={search_term_string}\"},\"query-input\":{\"@type\":\"PropertyValueSpecification\",\"valueRequired\":true,\"valueName\":\"search_term_string\"}}],\"inLanguage\":\"es-CO\"},{\"@type\":\"Organization\",\"@id\":\"https:\\\/\\\/prensapaisa.com\\\/#organization\",\"name\":\"PRENSA PAISA\",\"url\":\"https:\\\/\\\/prensapaisa.com\\\/\",\"logo\":{\"@type\":\"ImageObject\",\"inLanguage\":\"es-CO\",\"@id\":\"https:\\\/\\\/prensapaisa.com\\\/#\\\/schema\\\/logo\\\/image\\\/\",\"url\":\"https:\\\/\\\/prensapaisa.com\\\/wp-content\\\/uploads\\\/2022\\\/05\\\/cropped-cropped-prensa.png\",\"contentUrl\":\"https:\\\/\\\/prensapaisa.com\\\/wp-content\\\/uploads\\\/2022\\\/05\\\/cropped-cropped-prensa.png\",\"width\":784,\"height\":524,\"caption\":\"PRENSA PAISA\"},\"image\":{\"@id\":\"https:\\\/\\\/prensapaisa.com\\\/#\\\/schema\\\/logo\\\/image\\\/\"}},{\"@type\":\"Person\",\"@id\":\"https:\\\/\\\/prensapaisa.com\\\/#\\\/schema\\\/person\\\/c5899b8b285dbcd70faec88a7c1579f6\",\"name\":\"noticias@prensapaisa.com\",\"image\":{\"@type\":\"ImageObject\",\"inLanguage\":\"es-CO\",\"@id\":\"https:\\\/\\\/secure.gravatar.com\\\/avatar\\\/ca2b49c1df14b84557c567431f045ea69c8ea5da2da50309fd4de9b811da0433?s=96&d=mm&r=g\",\"url\":\"https:\\\/\\\/secure.gravatar.com\\\/avatar\\\/ca2b49c1df14b84557c567431f045ea69c8ea5da2da50309fd4de9b811da0433?s=96&d=mm&r=g\",\"contentUrl\":\"https:\\\/\\\/secure.gravatar.com\\\/avatar\\\/ca2b49c1df14b84557c567431f045ea69c8ea5da2da50309fd4de9b811da0433?s=96&d=mm&r=g\",\"caption\":\"noticias@prensapaisa.com\"},\"sameAs\":[\"http:\\\/\\\/prensapaisa.com\"],\"url\":\"https:\\\/\\\/prensapaisa.com\\\/index.php\\\/author\\\/prensapaisagmail-com\\\/\"}]}<\/script>\n<!-- \/ Yoast SEO plugin. -->","yoast_head_json":{"title":"Mec\u00e1nico fue asesinado en en la Comuna 7 - PRENSA PAISA","robots":{"index":"index","follow":"follow","max-snippet":"max-snippet:-1","max-image-preview":"max-image-preview:large","max-video-preview":"max-video-preview:-1"},"canonical":"https:\/\/prensapaisa.com\/index.php\/2022\/11\/21\/mecanico-fue-asesinado-en-en-la-comuna-7\/","og_locale":"es_ES","og_type":"article","og_title":"Mec\u00e1nico fue asesinado en en la Comuna 7 - PRENSA PAISA","og_description":"Familiares y amigos le hacen luto a Wilmar Hernao S\u00e1nchez, quien fue asesinado con arma de fuego por sicarios. El hombre recibi\u00f3 varios disparos en el barrio Robledo Santa Mar\u00eda,&hellip;","og_url":"https:\/\/prensapaisa.com\/index.php\/2022\/11\/21\/mecanico-fue-asesinado-en-en-la-comuna-7\/","og_site_name":"PRENSA PAISA","article_published_time":"2022-11-21T15:27:29+00:00","article_modified_time":"2022-11-21T15:27:30+00:00","og_image":[{"width":524,"height":524,"url":"https:\/\/prensapaisa.com\/wp-content\/uploads\/2022\/11\/1-copia-30.jpg","type":"image\/jpeg"}],"author":"noticias@prensapaisa.com","twitter_card":"summary_large_image","twitter_misc":{"Escrito por":"noticias@prensapaisa.com","Tiempo de lectura":"2 minutos"},"schema":{"@context":"https:\/\/schema.org","@graph":[{"@type":"Article","@id":"https:\/\/prensapaisa.com\/index.php\/2022\/11\/21\/mecanico-fue-asesinado-en-en-la-comuna-7\/#article","isPartOf":{"@id":"https:\/\/prensapaisa.com\/index.php\/2022\/11\/21\/mecanico-fue-asesinado-en-en-la-comuna-7\/"},"author":{"name":"noticias@prensapaisa.com","@id":"https:\/\/prensapaisa.com\/#\/schema\/person\/c5899b8b285dbcd70faec88a7c1579f6"},"headline":"Mec\u00e1nico fue asesinado en en la Comuna 7","datePublished":"2022-11-21T15:27:29+00:00","dateModified":"2022-11-21T15:27:30+00:00","mainEntityOfPage":{"@id":"https:\/\/prensapaisa.com\/index.php\/2022\/11\/21\/mecanico-fue-asesinado-en-en-la-comuna-7\/"},"wordCount":146,"commentCount":0,"publisher":{"@id":"https:\/\/prensapaisa.com\/#organization"},"image":{"@id":"https:\/\/prensapaisa.com\/index.php\/2022\/11\/21\/mecanico-fue-asesinado-en-en-la-comuna-7\/#primaryimage"},"thumbnailUrl":"https:\/\/prensapaisa.com\/wp-content\/uploads\/2022\/11\/1-copia-30.jpg","articleSection":["Fallecidos","Noticias"],"inLanguage":"es-CO","potentialAction":[{"@type":"CommentAction","name":"Comment","target":["https:\/\/prensapaisa.com\/index.php\/2022\/11\/21\/mecanico-fue-asesinado-en-en-la-comuna-7\/#respond"]}]},{"@type":"WebPage","@id":"https:\/\/prensapaisa.com\/index.php\/2022\/11\/21\/mecanico-fue-asesinado-en-en-la-comuna-7\/","url":"https:\/\/prensapaisa.com\/index.php\/2022\/11\/21\/mecanico-fue-asesinado-en-en-la-comuna-7\/","name":"Mec\u00e1nico fue asesinado en en la Comuna 7 - PRENSA PAISA","isPartOf":{"@id":"https:\/\/prensapaisa.com\/#website"},"primaryImageOfPage":{"@id":"https:\/\/prensapaisa.com\/index.php\/2022\/11\/21\/mecanico-fue-asesinado-en-en-la-comuna-7\/#primaryimage"},"image":{"@id":"https:\/\/prensapaisa.com\/index.php\/2022\/11\/21\/mecanico-fue-asesinado-en-en-la-comuna-7\/#primaryimage"},"thumbnailUrl":"https:\/\/prensapaisa.com\/wp-content\/uploads\/2022\/11\/1-copia-30.jpg","datePublished":"2022-11-21T15:27:29+00:00","dateModified":"2022-11-21T15:27:30+00:00","breadcrumb":{"@id":"https:\/\/prensapaisa.com\/index.php\/2022\/11\/21\/mecanico-fue-asesinado-en-en-la-comuna-7\/#breadcrumb"},"inLanguage":"es-CO","potentialAction":[{"@type":"ReadAction","target":["https:\/\/prensapaisa.com\/index.php\/2022\/11\/21\/mecanico-fue-asesinado-en-en-la-comuna-7\/"]}]},{"@type":"ImageObject","inLanguage":"es-CO","@id":"https:\/\/prensapaisa.com\/index.php\/2022\/11\/21\/mecanico-fue-asesinado-en-en-la-comuna-7\/#primaryimage","url":"https:\/\/prensapaisa.com\/wp-content\/uploads\/2022\/11\/1-copia-30.jpg","contentUrl":"https:\/\/prensapaisa.com\/wp-content\/uploads\/2022\/11\/1-copia-30.jpg","width":524,"height":524},{"@type":"BreadcrumbList","@id":"https:\/\/prensapaisa.com\/index.php\/2022\/11\/21\/mecanico-fue-asesinado-en-en-la-comuna-7\/#breadcrumb","itemListElement":[{"@type":"ListItem","position":1,"name":"Inicio","item":"https:\/\/prensapaisa.com\/"},{"@type":"ListItem","position":2,"name":"Mec\u00e1nico fue asesinado en en la Comuna 7"}]},{"@type":"WebSite","@id":"https:\/\/prensapaisa.com\/#website","url":"https:\/\/prensapaisa.com\/","name":"PRENSA PAISA","description":"Prensa Paisa la Original | Noticias de Medell\u00edn, Antioquia","publisher":{"@id":"https:\/\/prensapaisa.com\/#organization"},"potentialAction":[{"@type":"SearchAction","target":{"@type":"EntryPoint","urlTemplate":"https:\/\/prensapaisa.com\/?s={search_term_string}"},"query-input":{"@type":"PropertyValueSpecification","valueRequired":true,"valueName":"search_term_string"}}],"inLanguage":"es-CO"},{"@type":"Organization","@id":"https:\/\/prensapaisa.com\/#organization","name":"PRENSA PAISA","url":"https:\/\/prensapaisa.com\/","logo":{"@type":"ImageObject","inLanguage":"es-CO","@id":"https:\/\/prensapaisa.com\/#\/schema\/logo\/image\/","url":"https:\/\/prensapaisa.com\/wp-content\/uploads\/2022\/05\/cropped-cropped-prensa.png","contentUrl":"https:\/\/prensapaisa.com\/wp-content\/uploads\/2022\/05\/cropped-cropped-prensa.png","width":784,"height":524,"caption":"PRENSA PAISA"},"image":{"@id":"https:\/\/prensapaisa.com\/#\/schema\/logo\/image\/"}},{"@type":"Person","@id":"https:\/\/prensapaisa.com\/#\/schema\/person\/c5899b8b285dbcd70faec88a7c1579f6","name":"noticias@prensapaisa.com","image":{"@type":"ImageObject","inLanguage":"es-CO","@id":"https:\/\/secure.gravatar.com\/avatar\/ca2b49c1df14b84557c567431f045ea69c8ea5da2da50309fd4de9b811da0433?s=96&d=mm&r=g","url":"https:\/\/secure.gravatar.com\/avatar\/ca2b49c1df14b84557c567431f045ea69c8ea5da2da50309fd4de9b811da0433?s=96&d=mm&r=g","contentUrl":"https:\/\/secure.gravatar.com\/avatar\/ca2b49c1df14b84557c567431f045ea69c8ea5da2da50309fd4de9b811da0433?s=96&d=mm&r=g","caption":"noticias@prensapaisa.com"},"sameAs":["http:\/\/prensapaisa.com"],"url":"https:\/\/prensapaisa.com\/index.php\/author\/prensapaisagmail-com\/"}]}},"_links":{"self":[{"href":"https:\/\/prensapaisa.com\/index.php\/wp-json\/wp\/v2\/posts\/8345","targetHints":{"allow":["GET"]}}],"collection":[{"href":"https:\/\/prensapaisa.com\/index.php\/wp-json\/wp\/v2\/posts"}],"about":[{"href":"https:\/\/prensapaisa.com\/index.php\/wp-json\/wp\/v2\/types\/post"}],"author":[{"embeddable":true,"href":"https:\/\/prensapaisa.com\/index.php\/wp-json\/wp\/v2\/users\/1"}],"replies":[{"embeddable":true,"href":"https:\/\/prensapaisa.com\/index.php\/wp-json\/wp\/v2\/comments?post=8345"}],"version-history":[{"count":1,"href":"https:\/\/prensapaisa.com\/index.php\/wp-json\/wp\/v2\/posts\/8345\/revisions"}],"predecessor-version":[{"id":8351,"href":"https:\/\/prensapaisa.com\/index.php\/wp-json\/wp\/v2\/posts\/8345\/revisions\/8351"}],"wp:featuredmedia":[{"embeddable":true,"href":"https:\/\/prensapaisa.com\/index.php\/wp-json\/wp\/v2\/media\/8346"}],"wp:attachment":[{"href":"https:\/\/prensapaisa.com\/index.php\/wp-json\/wp\/v2\/media?parent=8345"}],"wp:term":[{"taxonomy":"category","embeddable":true,"href":"https:\/\/prensapaisa.com\/index.php\/wp-json\/wp\/v2\/categories?post=8345"},{"taxonomy":"post_tag","embeddable":true,"href":"https:\/\/prensapaisa.com\/index.php\/wp-json\/wp\/v2\/tags?post=8345"}],"curies":[{"name":"wp","href":"https:\/\/api.w.org\/{rel}","templated":true}]}}