{"id":8263,"date":"2022-11-16T07:16:00","date_gmt":"2022-11-16T12:16:00","guid":{"rendered":"https:\/\/prensapaisa.com\/?p=8263"},"modified":"2022-11-16T19:16:31","modified_gmt":"2022-11-17T00:16:31","slug":"no-hay-cupo-en-los-buses-taxis-o-ubers-por-caos-en-el-metro","status":"publish","type":"post","link":"https:\/\/prensapaisa.com\/index.php\/2022\/11\/16\/no-hay-cupo-en-los-buses-taxis-o-ubers-por-caos-en-el-metro\/","title":{"rendered":"No hay cupo en los buses, taxis o ubers por caos en el Metro"},"content":{"rendered":"\n<p>Paisas tratan de regresar a casa pero no encuentran transporte en el Sur del Valle de Aburr\u00e1 por un incidente con una persona en la v\u00eda en el Metro de Medell\u00edn.<\/p>\n\n\n\n<p>Las directivas del Metro incitaron a seguir las indicaciones de las plataformas y si es posible evacuar.<\/p>\n\n\n\n<p>&#8220;La <a><\/a>l\u00ednea A opera entre las estaciones Niqu\u00eda &#8211; Envigado, Envigado &#8211; Niqu\u00eda.<\/p>\n\n\n\n<p>Las estaciones Itag\u00fc\u00ed, Sabaneta y La Estrella siguen fuera de servicio.&#8221;.<\/p>\n\n\n\n<figure class=\"wp-block-gallery has-nested-images columns-default is-cropped wp-block-gallery-1 is-layout-flex wp-block-gallery-is-layout-flex\">\n<figure class=\"wp-block-image size-large\"><img fetchpriority=\"high\" decoding=\"async\" width=\"768\" height=\"1024\" data-id=\"8268\" src=\"https:\/\/prensapaisa.com\/wp-content\/uploads\/2022\/11\/1-50-768x1024.jpg\" alt=\"\" class=\"wp-image-8268\" srcset=\"https:\/\/prensapaisa.com\/wp-content\/uploads\/2022\/11\/1-50-768x1024.jpg 768w, https:\/\/prensapaisa.com\/wp-content\/uploads\/2022\/11\/1-50-225x300.jpg 225w, https:\/\/prensapaisa.com\/wp-content\/uploads\/2022\/11\/1-50-1152x1536.jpg 1152w, https:\/\/prensapaisa.com\/wp-content\/uploads\/2022\/11\/1-50-1170x1560.jpg 1170w, https:\/\/prensapaisa.com\/wp-content\/uploads\/2022\/11\/1-50-585x780.jpg 585w, https:\/\/prensapaisa.com\/wp-content\/uploads\/2022\/11\/1-50.jpg 1200w\" sizes=\"(max-width: 768px) 100vw, 768px\" \/><\/figure>\n\n\n\n<figure class=\"wp-block-image size-large\"><img decoding=\"async\" width=\"820\" height=\"1024\" data-id=\"8265\" src=\"https:\/\/prensapaisa.com\/wp-content\/uploads\/2022\/11\/2-32-820x1024.jpg\" alt=\"\" class=\"wp-image-8265\" srcset=\"https:\/\/prensapaisa.com\/wp-content\/uploads\/2022\/11\/2-32-820x1024.jpg 820w, https:\/\/prensapaisa.com\/wp-content\/uploads\/2022\/11\/2-32-240x300.jpg 240w, https:\/\/prensapaisa.com\/wp-content\/uploads\/2022\/11\/2-32-768x959.jpg 768w, https:\/\/prensapaisa.com\/wp-content\/uploads\/2022\/11\/2-32-585x731.jpg 585w, https:\/\/prensapaisa.com\/wp-content\/uploads\/2022\/11\/2-32.jpg 899w\" sizes=\"(max-width: 820px) 100vw, 820px\" \/><\/figure>\n\n\n\n<figure class=\"wp-block-image size-large\"><img decoding=\"async\" width=\"819\" height=\"1024\" data-id=\"8267\" src=\"https:\/\/prensapaisa.com\/wp-content\/uploads\/2022\/11\/3-copia-3-819x1024.jpg\" alt=\"\" class=\"wp-image-8267\" srcset=\"https:\/\/prensapaisa.com\/wp-content\/uploads\/2022\/11\/3-copia-3-819x1024.jpg 819w, https:\/\/prensapaisa.com\/wp-content\/uploads\/2022\/11\/3-copia-3-240x300.jpg 240w, https:\/\/prensapaisa.com\/wp-content\/uploads\/2022\/11\/3-copia-3-768x960.jpg 768w, https:\/\/prensapaisa.com\/wp-content\/uploads\/2022\/11\/3-copia-3-585x731.jpg 585w, https:\/\/prensapaisa.com\/wp-content\/uploads\/2022\/11\/3-copia-3.jpg 899w\" sizes=\"(max-width: 819px) 100vw, 819px\" \/><\/figure>\n\n\n\n<figure class=\"wp-block-image size-large\"><img loading=\"lazy\" decoding=\"async\" width=\"819\" height=\"1024\" data-id=\"8270\" src=\"https:\/\/prensapaisa.com\/wp-content\/uploads\/2022\/11\/3-22-819x1024.jpg\" alt=\"\" class=\"wp-image-8270\" srcset=\"https:\/\/prensapaisa.com\/wp-content\/uploads\/2022\/11\/3-22-819x1024.jpg 819w, https:\/\/prensapaisa.com\/wp-content\/uploads\/2022\/11\/3-22-240x300.jpg 240w, https:\/\/prensapaisa.com\/wp-content\/uploads\/2022\/11\/3-22-768x960.jpg 768w, https:\/\/prensapaisa.com\/wp-content\/uploads\/2022\/11\/3-22-1170x1463.jpg 1170w, https:\/\/prensapaisa.com\/wp-content\/uploads\/2022\/11\/3-22-585x731.jpg 585w, https:\/\/prensapaisa.com\/wp-content\/uploads\/2022\/11\/3-22.jpg 1200w\" sizes=\"(max-width: 819px) 100vw, 819px\" \/><\/figure>\n\n\n\n<figure class=\"wp-block-image size-large\"><img loading=\"lazy\" decoding=\"async\" width=\"819\" height=\"1024\" data-id=\"8269\" src=\"https:\/\/prensapaisa.com\/wp-content\/uploads\/2022\/11\/4-copia-1-819x1024.jpg\" alt=\"\" class=\"wp-image-8269\" srcset=\"https:\/\/prensapaisa.com\/wp-content\/uploads\/2022\/11\/4-copia-1-819x1024.jpg 819w, https:\/\/prensapaisa.com\/wp-content\/uploads\/2022\/11\/4-copia-1-240x300.jpg 240w, https:\/\/prensapaisa.com\/wp-content\/uploads\/2022\/11\/4-copia-1-768x960.jpg 768w, https:\/\/prensapaisa.com\/wp-content\/uploads\/2022\/11\/4-copia-1-1170x1463.jpg 1170w, https:\/\/prensapaisa.com\/wp-content\/uploads\/2022\/11\/4-copia-1-585x731.jpg 585w, https:\/\/prensapaisa.com\/wp-content\/uploads\/2022\/11\/4-copia-1.jpg 1200w\" sizes=\"(max-width: 819px) 100vw, 819px\" \/><\/figure>\n\n\n\n<figure class=\"wp-block-image size-large\"><img loading=\"lazy\" decoding=\"async\" width=\"720\" height=\"960\" data-id=\"8264\" src=\"https:\/\/prensapaisa.com\/wp-content\/uploads\/2022\/11\/4-16.jpg\" alt=\"\" class=\"wp-image-8264\" srcset=\"https:\/\/prensapaisa.com\/wp-content\/uploads\/2022\/11\/4-16.jpg 720w, https:\/\/prensapaisa.com\/wp-content\/uploads\/2022\/11\/4-16-225x300.jpg 225w, https:\/\/prensapaisa.com\/wp-content\/uploads\/2022\/11\/4-16-585x780.jpg 585w\" sizes=\"(max-width: 720px) 100vw, 720px\" \/><\/figure>\n<\/figure>\n","protected":false},"excerpt":{"rendered":"<p>Paisas tratan de regresar a casa pero no encuentran transporte en el Sur del Valle de Aburr\u00e1 por un incidente con una persona en la v\u00eda en el Metro de&hellip;<\/p>\n","protected":false},"author":1,"featured_media":8266,"comment_status":"open","ping_status":"open","sticky":false,"template":"","format":"standard","meta":{"footnotes":""},"categories":[44],"tags":[],"class_list":["post-8263","post","type-post","status-publish","format-standard","has-post-thumbnail","hentry","category-movilidad"],"yoast_head":"<!-- This site is optimized with the Yoast SEO plugin v27.4 - https:\/\/yoast.com\/product\/yoast-seo-wordpress\/ -->\n<title>No hay cupo en los buses, taxis o ubers por caos en el Metro - PRENSA PAISA<\/title>\n<meta name=\"robots\" content=\"index, follow, max-snippet:-1, max-image-preview:large, max-video-preview:-1\" \/>\n<link rel=\"canonical\" href=\"https:\/\/prensapaisa.com\/index.php\/2022\/11\/16\/no-hay-cupo-en-los-buses-taxis-o-ubers-por-caos-en-el-metro\/\" \/>\n<meta property=\"og:locale\" content=\"es_ES\" \/>\n<meta property=\"og:type\" content=\"article\" \/>\n<meta property=\"og:title\" content=\"No hay cupo en los buses, taxis o ubers por caos en el Metro - PRENSA PAISA\" \/>\n<meta property=\"og:description\" content=\"Paisas tratan de regresar a casa pero no encuentran transporte en el Sur del Valle de Aburr\u00e1 por un incidente con una persona en la v\u00eda en el Metro de&hellip;\" \/>\n<meta property=\"og:url\" content=\"https:\/\/prensapaisa.com\/index.php\/2022\/11\/16\/no-hay-cupo-en-los-buses-taxis-o-ubers-por-caos-en-el-metro\/\" \/>\n<meta property=\"og:site_name\" content=\"PRENSA PAISA\" \/>\n<meta property=\"article:published_time\" content=\"2022-11-16T12:16:00+00:00\" \/>\n<meta property=\"article:modified_time\" content=\"2022-11-17T00:16:31+00:00\" \/>\n<meta property=\"og:image\" content=\"https:\/\/prensapaisa.com\/wp-content\/uploads\/2022\/11\/1-copia-14.jpg\" \/>\n\t<meta property=\"og:image:width\" content=\"720\" \/>\n\t<meta property=\"og:image:height\" content=\"960\" \/>\n\t<meta property=\"og:image:type\" content=\"image\/jpeg\" \/>\n<meta name=\"author\" content=\"noticias@prensapaisa.com\" \/>\n<meta name=\"twitter:card\" content=\"summary_large_image\" \/>\n<meta name=\"twitter:label1\" content=\"Escrito por\" \/>\n\t<meta name=\"twitter:data1\" content=\"noticias@prensapaisa.com\" \/>\n\t<meta name=\"twitter:label2\" content=\"Tiempo de lectura\" \/>\n\t<meta name=\"twitter:data2\" content=\"2 minutos\" \/>\n<script type=\"application\/ld+json\" class=\"yoast-schema-graph\">{\"@context\":\"https:\\\/\\\/schema.org\",\"@graph\":[{\"@type\":\"Article\",\"@id\":\"https:\\\/\\\/prensapaisa.com\\\/index.php\\\/2022\\\/11\\\/16\\\/no-hay-cupo-en-los-buses-taxis-o-ubers-por-caos-en-el-metro\\\/#article\",\"isPartOf\":{\"@id\":\"https:\\\/\\\/prensapaisa.com\\\/index.php\\\/2022\\\/11\\\/16\\\/no-hay-cupo-en-los-buses-taxis-o-ubers-por-caos-en-el-metro\\\/\"},\"author\":{\"name\":\"noticias@prensapaisa.com\",\"@id\":\"https:\\\/\\\/prensapaisa.com\\\/#\\\/schema\\\/person\\\/c5899b8b285dbcd70faec88a7c1579f6\"},\"headline\":\"No hay cupo en los buses, taxis o ubers por caos en el Metro\",\"datePublished\":\"2022-11-16T12:16:00+00:00\",\"dateModified\":\"2022-11-17T00:16:31+00:00\",\"mainEntityOfPage\":{\"@id\":\"https:\\\/\\\/prensapaisa.com\\\/index.php\\\/2022\\\/11\\\/16\\\/no-hay-cupo-en-los-buses-taxis-o-ubers-por-caos-en-el-metro\\\/\"},\"wordCount\":91,\"commentCount\":0,\"publisher\":{\"@id\":\"https:\\\/\\\/prensapaisa.com\\\/#organization\"},\"image\":{\"@id\":\"https:\\\/\\\/prensapaisa.com\\\/index.php\\\/2022\\\/11\\\/16\\\/no-hay-cupo-en-los-buses-taxis-o-ubers-por-caos-en-el-metro\\\/#primaryimage\"},\"thumbnailUrl\":\"https:\\\/\\\/prensapaisa.com\\\/wp-content\\\/uploads\\\/2022\\\/11\\\/1-copia-14.jpg\",\"articleSection\":[\"Movilidad\"],\"inLanguage\":\"es-CO\",\"potentialAction\":[{\"@type\":\"CommentAction\",\"name\":\"Comment\",\"target\":[\"https:\\\/\\\/prensapaisa.com\\\/index.php\\\/2022\\\/11\\\/16\\\/no-hay-cupo-en-los-buses-taxis-o-ubers-por-caos-en-el-metro\\\/#respond\"]}]},{\"@type\":\"WebPage\",\"@id\":\"https:\\\/\\\/prensapaisa.com\\\/index.php\\\/2022\\\/11\\\/16\\\/no-hay-cupo-en-los-buses-taxis-o-ubers-por-caos-en-el-metro\\\/\",\"url\":\"https:\\\/\\\/prensapaisa.com\\\/index.php\\\/2022\\\/11\\\/16\\\/no-hay-cupo-en-los-buses-taxis-o-ubers-por-caos-en-el-metro\\\/\",\"name\":\"No hay cupo en los buses, taxis o ubers por caos en el Metro - PRENSA PAISA\",\"isPartOf\":{\"@id\":\"https:\\\/\\\/prensapaisa.com\\\/#website\"},\"primaryImageOfPage\":{\"@id\":\"https:\\\/\\\/prensapaisa.com\\\/index.php\\\/2022\\\/11\\\/16\\\/no-hay-cupo-en-los-buses-taxis-o-ubers-por-caos-en-el-metro\\\/#primaryimage\"},\"image\":{\"@id\":\"https:\\\/\\\/prensapaisa.com\\\/index.php\\\/2022\\\/11\\\/16\\\/no-hay-cupo-en-los-buses-taxis-o-ubers-por-caos-en-el-metro\\\/#primaryimage\"},\"thumbnailUrl\":\"https:\\\/\\\/prensapaisa.com\\\/wp-content\\\/uploads\\\/2022\\\/11\\\/1-copia-14.jpg\",\"datePublished\":\"2022-11-16T12:16:00+00:00\",\"dateModified\":\"2022-11-17T00:16:31+00:00\",\"breadcrumb\":{\"@id\":\"https:\\\/\\\/prensapaisa.com\\\/index.php\\\/2022\\\/11\\\/16\\\/no-hay-cupo-en-los-buses-taxis-o-ubers-por-caos-en-el-metro\\\/#breadcrumb\"},\"inLanguage\":\"es-CO\",\"potentialAction\":[{\"@type\":\"ReadAction\",\"target\":[\"https:\\\/\\\/prensapaisa.com\\\/index.php\\\/2022\\\/11\\\/16\\\/no-hay-cupo-en-los-buses-taxis-o-ubers-por-caos-en-el-metro\\\/\"]}]},{\"@type\":\"ImageObject\",\"inLanguage\":\"es-CO\",\"@id\":\"https:\\\/\\\/prensapaisa.com\\\/index.php\\\/2022\\\/11\\\/16\\\/no-hay-cupo-en-los-buses-taxis-o-ubers-por-caos-en-el-metro\\\/#primaryimage\",\"url\":\"https:\\\/\\\/prensapaisa.com\\\/wp-content\\\/uploads\\\/2022\\\/11\\\/1-copia-14.jpg\",\"contentUrl\":\"https:\\\/\\\/prensapaisa.com\\\/wp-content\\\/uploads\\\/2022\\\/11\\\/1-copia-14.jpg\",\"width\":720,\"height\":960},{\"@type\":\"BreadcrumbList\",\"@id\":\"https:\\\/\\\/prensapaisa.com\\\/index.php\\\/2022\\\/11\\\/16\\\/no-hay-cupo-en-los-buses-taxis-o-ubers-por-caos-en-el-metro\\\/#breadcrumb\",\"itemListElement\":[{\"@type\":\"ListItem\",\"position\":1,\"name\":\"Inicio\",\"item\":\"https:\\\/\\\/prensapaisa.com\\\/\"},{\"@type\":\"ListItem\",\"position\":2,\"name\":\"No hay cupo en los buses, taxis o ubers por caos en el Metro\"}]},{\"@type\":\"WebSite\",\"@id\":\"https:\\\/\\\/prensapaisa.com\\\/#website\",\"url\":\"https:\\\/\\\/prensapaisa.com\\\/\",\"name\":\"PRENSA PAISA\",\"description\":\"Prensa Paisa la Original | Noticias de Medell\u00edn, Antioquia\",\"publisher\":{\"@id\":\"https:\\\/\\\/prensapaisa.com\\\/#organization\"},\"potentialAction\":[{\"@type\":\"SearchAction\",\"target\":{\"@type\":\"EntryPoint\",\"urlTemplate\":\"https:\\\/\\\/prensapaisa.com\\\/?s={search_term_string}\"},\"query-input\":{\"@type\":\"PropertyValueSpecification\",\"valueRequired\":true,\"valueName\":\"search_term_string\"}}],\"inLanguage\":\"es-CO\"},{\"@type\":\"Organization\",\"@id\":\"https:\\\/\\\/prensapaisa.com\\\/#organization\",\"name\":\"PRENSA PAISA\",\"url\":\"https:\\\/\\\/prensapaisa.com\\\/\",\"logo\":{\"@type\":\"ImageObject\",\"inLanguage\":\"es-CO\",\"@id\":\"https:\\\/\\\/prensapaisa.com\\\/#\\\/schema\\\/logo\\\/image\\\/\",\"url\":\"https:\\\/\\\/prensapaisa.com\\\/wp-content\\\/uploads\\\/2022\\\/05\\\/cropped-cropped-prensa.png\",\"contentUrl\":\"https:\\\/\\\/prensapaisa.com\\\/wp-content\\\/uploads\\\/2022\\\/05\\\/cropped-cropped-prensa.png\",\"width\":784,\"height\":524,\"caption\":\"PRENSA PAISA\"},\"image\":{\"@id\":\"https:\\\/\\\/prensapaisa.com\\\/#\\\/schema\\\/logo\\\/image\\\/\"}},{\"@type\":\"Person\",\"@id\":\"https:\\\/\\\/prensapaisa.com\\\/#\\\/schema\\\/person\\\/c5899b8b285dbcd70faec88a7c1579f6\",\"name\":\"noticias@prensapaisa.com\",\"image\":{\"@type\":\"ImageObject\",\"inLanguage\":\"es-CO\",\"@id\":\"https:\\\/\\\/secure.gravatar.com\\\/avatar\\\/ca2b49c1df14b84557c567431f045ea69c8ea5da2da50309fd4de9b811da0433?s=96&d=mm&r=g\",\"url\":\"https:\\\/\\\/secure.gravatar.com\\\/avatar\\\/ca2b49c1df14b84557c567431f045ea69c8ea5da2da50309fd4de9b811da0433?s=96&d=mm&r=g\",\"contentUrl\":\"https:\\\/\\\/secure.gravatar.com\\\/avatar\\\/ca2b49c1df14b84557c567431f045ea69c8ea5da2da50309fd4de9b811da0433?s=96&d=mm&r=g\",\"caption\":\"noticias@prensapaisa.com\"},\"sameAs\":[\"http:\\\/\\\/prensapaisa.com\"],\"url\":\"https:\\\/\\\/prensapaisa.com\\\/index.php\\\/author\\\/prensapaisagmail-com\\\/\"}]}<\/script>\n<!-- \/ Yoast SEO plugin. -->","yoast_head_json":{"title":"No hay cupo en los buses, taxis o ubers por caos en el Metro - PRENSA PAISA","robots":{"index":"index","follow":"follow","max-snippet":"max-snippet:-1","max-image-preview":"max-image-preview:large","max-video-preview":"max-video-preview:-1"},"canonical":"https:\/\/prensapaisa.com\/index.php\/2022\/11\/16\/no-hay-cupo-en-los-buses-taxis-o-ubers-por-caos-en-el-metro\/","og_locale":"es_ES","og_type":"article","og_title":"No hay cupo en los buses, taxis o ubers por caos en el Metro - PRENSA PAISA","og_description":"Paisas tratan de regresar a casa pero no encuentran transporte en el Sur del Valle de Aburr\u00e1 por un incidente con una persona en la v\u00eda en el Metro de&hellip;","og_url":"https:\/\/prensapaisa.com\/index.php\/2022\/11\/16\/no-hay-cupo-en-los-buses-taxis-o-ubers-por-caos-en-el-metro\/","og_site_name":"PRENSA PAISA","article_published_time":"2022-11-16T12:16:00+00:00","article_modified_time":"2022-11-17T00:16:31+00:00","og_image":[{"width":720,"height":960,"url":"https:\/\/prensapaisa.com\/wp-content\/uploads\/2022\/11\/1-copia-14.jpg","type":"image\/jpeg"}],"author":"noticias@prensapaisa.com","twitter_card":"summary_large_image","twitter_misc":{"Escrito por":"noticias@prensapaisa.com","Tiempo de lectura":"2 minutos"},"schema":{"@context":"https:\/\/schema.org","@graph":[{"@type":"Article","@id":"https:\/\/prensapaisa.com\/index.php\/2022\/11\/16\/no-hay-cupo-en-los-buses-taxis-o-ubers-por-caos-en-el-metro\/#article","isPartOf":{"@id":"https:\/\/prensapaisa.com\/index.php\/2022\/11\/16\/no-hay-cupo-en-los-buses-taxis-o-ubers-por-caos-en-el-metro\/"},"author":{"name":"noticias@prensapaisa.com","@id":"https:\/\/prensapaisa.com\/#\/schema\/person\/c5899b8b285dbcd70faec88a7c1579f6"},"headline":"No hay cupo en los buses, taxis o ubers por caos en el Metro","datePublished":"2022-11-16T12:16:00+00:00","dateModified":"2022-11-17T00:16:31+00:00","mainEntityOfPage":{"@id":"https:\/\/prensapaisa.com\/index.php\/2022\/11\/16\/no-hay-cupo-en-los-buses-taxis-o-ubers-por-caos-en-el-metro\/"},"wordCount":91,"commentCount":0,"publisher":{"@id":"https:\/\/prensapaisa.com\/#organization"},"image":{"@id":"https:\/\/prensapaisa.com\/index.php\/2022\/11\/16\/no-hay-cupo-en-los-buses-taxis-o-ubers-por-caos-en-el-metro\/#primaryimage"},"thumbnailUrl":"https:\/\/prensapaisa.com\/wp-content\/uploads\/2022\/11\/1-copia-14.jpg","articleSection":["Movilidad"],"inLanguage":"es-CO","potentialAction":[{"@type":"CommentAction","name":"Comment","target":["https:\/\/prensapaisa.com\/index.php\/2022\/11\/16\/no-hay-cupo-en-los-buses-taxis-o-ubers-por-caos-en-el-metro\/#respond"]}]},{"@type":"WebPage","@id":"https:\/\/prensapaisa.com\/index.php\/2022\/11\/16\/no-hay-cupo-en-los-buses-taxis-o-ubers-por-caos-en-el-metro\/","url":"https:\/\/prensapaisa.com\/index.php\/2022\/11\/16\/no-hay-cupo-en-los-buses-taxis-o-ubers-por-caos-en-el-metro\/","name":"No hay cupo en los buses, taxis o ubers por caos en el Metro - PRENSA PAISA","isPartOf":{"@id":"https:\/\/prensapaisa.com\/#website"},"primaryImageOfPage":{"@id":"https:\/\/prensapaisa.com\/index.php\/2022\/11\/16\/no-hay-cupo-en-los-buses-taxis-o-ubers-por-caos-en-el-metro\/#primaryimage"},"image":{"@id":"https:\/\/prensapaisa.com\/index.php\/2022\/11\/16\/no-hay-cupo-en-los-buses-taxis-o-ubers-por-caos-en-el-metro\/#primaryimage"},"thumbnailUrl":"https:\/\/prensapaisa.com\/wp-content\/uploads\/2022\/11\/1-copia-14.jpg","datePublished":"2022-11-16T12:16:00+00:00","dateModified":"2022-11-17T00:16:31+00:00","breadcrumb":{"@id":"https:\/\/prensapaisa.com\/index.php\/2022\/11\/16\/no-hay-cupo-en-los-buses-taxis-o-ubers-por-caos-en-el-metro\/#breadcrumb"},"inLanguage":"es-CO","potentialAction":[{"@type":"ReadAction","target":["https:\/\/prensapaisa.com\/index.php\/2022\/11\/16\/no-hay-cupo-en-los-buses-taxis-o-ubers-por-caos-en-el-metro\/"]}]},{"@type":"ImageObject","inLanguage":"es-CO","@id":"https:\/\/prensapaisa.com\/index.php\/2022\/11\/16\/no-hay-cupo-en-los-buses-taxis-o-ubers-por-caos-en-el-metro\/#primaryimage","url":"https:\/\/prensapaisa.com\/wp-content\/uploads\/2022\/11\/1-copia-14.jpg","contentUrl":"https:\/\/prensapaisa.com\/wp-content\/uploads\/2022\/11\/1-copia-14.jpg","width":720,"height":960},{"@type":"BreadcrumbList","@id":"https:\/\/prensapaisa.com\/index.php\/2022\/11\/16\/no-hay-cupo-en-los-buses-taxis-o-ubers-por-caos-en-el-metro\/#breadcrumb","itemListElement":[{"@type":"ListItem","position":1,"name":"Inicio","item":"https:\/\/prensapaisa.com\/"},{"@type":"ListItem","position":2,"name":"No hay cupo en los buses, taxis o ubers por caos en el Metro"}]},{"@type":"WebSite","@id":"https:\/\/prensapaisa.com\/#website","url":"https:\/\/prensapaisa.com\/","name":"PRENSA PAISA","description":"Prensa Paisa la Original | Noticias de Medell\u00edn, Antioquia","publisher":{"@id":"https:\/\/prensapaisa.com\/#organization"},"potentialAction":[{"@type":"SearchAction","target":{"@type":"EntryPoint","urlTemplate":"https:\/\/prensapaisa.com\/?s={search_term_string}"},"query-input":{"@type":"PropertyValueSpecification","valueRequired":true,"valueName":"search_term_string"}}],"inLanguage":"es-CO"},{"@type":"Organization","@id":"https:\/\/prensapaisa.com\/#organization","name":"PRENSA PAISA","url":"https:\/\/prensapaisa.com\/","logo":{"@type":"ImageObject","inLanguage":"es-CO","@id":"https:\/\/prensapaisa.com\/#\/schema\/logo\/image\/","url":"https:\/\/prensapaisa.com\/wp-content\/uploads\/2022\/05\/cropped-cropped-prensa.png","contentUrl":"https:\/\/prensapaisa.com\/wp-content\/uploads\/2022\/05\/cropped-cropped-prensa.png","width":784,"height":524,"caption":"PRENSA PAISA"},"image":{"@id":"https:\/\/prensapaisa.com\/#\/schema\/logo\/image\/"}},{"@type":"Person","@id":"https:\/\/prensapaisa.com\/#\/schema\/person\/c5899b8b285dbcd70faec88a7c1579f6","name":"noticias@prensapaisa.com","image":{"@type":"ImageObject","inLanguage":"es-CO","@id":"https:\/\/secure.gravatar.com\/avatar\/ca2b49c1df14b84557c567431f045ea69c8ea5da2da50309fd4de9b811da0433?s=96&d=mm&r=g","url":"https:\/\/secure.gravatar.com\/avatar\/ca2b49c1df14b84557c567431f045ea69c8ea5da2da50309fd4de9b811da0433?s=96&d=mm&r=g","contentUrl":"https:\/\/secure.gravatar.com\/avatar\/ca2b49c1df14b84557c567431f045ea69c8ea5da2da50309fd4de9b811da0433?s=96&d=mm&r=g","caption":"noticias@prensapaisa.com"},"sameAs":["http:\/\/prensapaisa.com"],"url":"https:\/\/prensapaisa.com\/index.php\/author\/prensapaisagmail-com\/"}]}},"_links":{"self":[{"href":"https:\/\/prensapaisa.com\/index.php\/wp-json\/wp\/v2\/posts\/8263","targetHints":{"allow":["GET"]}}],"collection":[{"href":"https:\/\/prensapaisa.com\/index.php\/wp-json\/wp\/v2\/posts"}],"about":[{"href":"https:\/\/prensapaisa.com\/index.php\/wp-json\/wp\/v2\/types\/post"}],"author":[{"embeddable":true,"href":"https:\/\/prensapaisa.com\/index.php\/wp-json\/wp\/v2\/users\/1"}],"replies":[{"embeddable":true,"href":"https:\/\/prensapaisa.com\/index.php\/wp-json\/wp\/v2\/comments?post=8263"}],"version-history":[{"count":1,"href":"https:\/\/prensapaisa.com\/index.php\/wp-json\/wp\/v2\/posts\/8263\/revisions"}],"predecessor-version":[{"id":8271,"href":"https:\/\/prensapaisa.com\/index.php\/wp-json\/wp\/v2\/posts\/8263\/revisions\/8271"}],"wp:featuredmedia":[{"embeddable":true,"href":"https:\/\/prensapaisa.com\/index.php\/wp-json\/wp\/v2\/media\/8266"}],"wp:attachment":[{"href":"https:\/\/prensapaisa.com\/index.php\/wp-json\/wp\/v2\/media?parent=8263"}],"wp:term":[{"taxonomy":"category","embeddable":true,"href":"https:\/\/prensapaisa.com\/index.php\/wp-json\/wp\/v2\/categories?post=8263"},{"taxonomy":"post_tag","embeddable":true,"href":"https:\/\/prensapaisa.com\/index.php\/wp-json\/wp\/v2\/tags?post=8263"}],"curies":[{"name":"wp","href":"https:\/\/api.w.org\/{rel}","templated":true}]}}