{"id":8198,"date":"2022-11-08T15:16:41","date_gmt":"2022-11-08T20:16:41","guid":{"rendered":"https:\/\/prensapaisa.com\/?p=8198"},"modified":"2022-11-11T15:16:52","modified_gmt":"2022-11-11T20:16:52","slug":"medellin-se-convirtio-sin-tener-pactos-con-las-bandas-criminales-en-un-territorio-de-paz","status":"publish","type":"post","link":"https:\/\/prensapaisa.com\/index.php\/2022\/11\/08\/medellin-se-convirtio-sin-tener-pactos-con-las-bandas-criminales-en-un-territorio-de-paz\/","title":{"rendered":"Medell\u00edn se convirti\u00f3, sin tener pactos con las bandas criminales, en un territorio de paz"},"content":{"rendered":"\n<p>&#8220;En el marco de la Estrategia Articulada contra el homicidio, la Polic\u00eda Metropolitana, y la Fiscal\u00eda Seccional, con el apoyo de los sistemas tecnol\u00f3gicos del Distrito de Medell\u00edn, capturaron a 38 personas en el \u00faltimo mes, se\u00f1aladas de homicidios y que fueron debidamente judicializadas. Seg\u00fan las autoridades, 29 de estas capturas se lograron por investigaci\u00f3n y seguimiento, y nueve en <a><\/a>flagrancia y por la reacci\u00f3n de las autoridades.<\/p>\n\n\n\n<p>Los indicadores de homicidios en la ciudad, adem\u00e1s, consolidan el periodo entre 2019 y 2022 como el menos violento de la historia, incluso con una tasa de muertes por cada 100.000 habitantes, solo comparables con inicios de la d\u00e9cada de los 70, cifras avaladas por el Instituto de Medicina Legal, la Fiscal\u00eda General, la Polic\u00eda Nacional y el Dane.<\/p>\n\n\n\n<p>Entre los procedimientos adelantados en octubre, las autoridades destacaron tres casos.<\/p>\n\n\n\n<p>En el primero fue capturado en el barrio Coraz\u00f3n de Jes\u00fas, mediante orden judicial, un hombre de 33 a\u00f1os, requerido por homicidio agravado en concurso con hurto calificado y agravado en calidad de autor. Ser\u00eda responsable de las muertes de los mototaxistas Luis Eduardo Zapata Alzate y Diego Alejandro Cata\u00f1o Cata\u00f1o, ocurridos el 14 de mayo y el 15 de octubre pasados, respectivamente. A las v\u00edctimas, que fueron agredidas con arma cortopunzante, les hurtaron sus motocicletas.<\/p>\n\n\n\n<p>Seg\u00fan la investigaci\u00f3n, el presunto homicida llevaba a las v\u00edctimas a una zona boscosa para asesinarlas. Posteriormente, se apropiaba de los veh\u00edculos y los vend\u00eda en Medell\u00edn<\/p>\n\n\n\n<p>En el segundo caso, fue capturada una mujer extranjera, de 27 a\u00f1os, en el barrio La Iguan\u00e1. Se le requer\u00eda, mediante orden judicial, por el asesinato de Maicol Estif Mora Berrio, sucedido el 19 de septiembre. El cuerpo del hombre, a quien le mutilaron los genitales, fue hallado en la quebrada La Iguan\u00e1 con m\u00e1s de 60 heridas con arma blanca.<\/p>\n\n\n\n<p>El tercer caso corresponde a la detenci\u00f3n de un sujeto de 27 a\u00f1os, requerido como presunto responsable de la muerte de Rom\u00e1n Rodrigo Montoya Quiceno, registrada el 16 de octubre en el Centro de la capital antioque\u00f1a. En un principio, el indiciado dijo a las autoridades que cometi\u00f3 el crimen en leg\u00edtima defensa, ya que Montoya Quiceno intent\u00f3 robarle. La investigaci\u00f3n precis\u00f3 que, una vez cometido el hurto, el detenido someti\u00f3 al hoy occiso y le produjo varias lesiones con arma cortopunzante, es decir, cometi\u00f3 un homicidio a t\u00edtulo de dolo.<\/p>\n\n\n\n<p>Las autoridades destacaron el uso de c\u00e1maras y los equipos investigativos para alcanzar estos resultados, as\u00ed como el trabajo conjunto con la Fiscal\u00eda General. A la fecha, el esclarecimiento de homicidios llega al 45 %, que es un r\u00e9cord en la d\u00e9cada y corresponde a la resoluci\u00f3n, investigaci\u00f3n eficiente o judicializaci\u00f3n en 141 asesinatos.<\/p>\n\n\n\n<p>La Alcald\u00eda de Medell\u00edn, en articulaci\u00f3n con las autoridades, mantiene la entrega de recompensas de hasta $40 millones por responsables de homicidios, hasta $80 millones en casos de feminicidios o contra poblaci\u00f3n LGBTIQ+, cifra que ser\u00e1 duplicada en 2023&#8243;.<\/p>\n\n\n\n<figure class=\"wp-block-embed is-type-video is-provider-youtube wp-block-embed-youtube wp-embed-aspect-16-9 wp-has-aspect-ratio\"><div class=\"wp-block-embed__wrapper\">\n<iframe title=\"Medell\u00edn se convirti\u00f3, sin tener pactos con las bandas criminales, en un territorio de paz\" width=\"1170\" height=\"658\" src=\"https:\/\/www.youtube.com\/embed\/T9pQMaK1WWk?feature=oembed\" frameborder=\"0\" allow=\"accelerometer; autoplay; clipboard-write; encrypted-media; gyroscope; picture-in-picture\" allowfullscreen><\/iframe>\n<\/div><\/figure>\n","protected":false},"excerpt":{"rendered":"<p>&#8220;En el marco de la Estrategia Articulada contra el homicidio, la Polic\u00eda Metropolitana, y la Fiscal\u00eda Seccional, con el apoyo de los sistemas tecnol\u00f3gicos del Distrito de Medell\u00edn, capturaron a&hellip;<\/p>\n","protected":false},"author":1,"featured_media":8199,"comment_status":"open","ping_status":"open","sticky":false,"template":"","format":"standard","meta":{"footnotes":""},"categories":[1,46],"tags":[],"class_list":["post-8198","post","type-post","status-publish","format-standard","has-post-thumbnail","hentry","category-noticias","category-redes-sociales"],"yoast_head":"<!-- This site is optimized with the Yoast SEO plugin v27.4 - https:\/\/yoast.com\/product\/yoast-seo-wordpress\/ -->\n<title>Medell\u00edn se convirti\u00f3, sin tener pactos con las bandas criminales, en un territorio de paz - PRENSA PAISA<\/title>\n<meta name=\"robots\" content=\"index, follow, max-snippet:-1, max-image-preview:large, max-video-preview:-1\" \/>\n<link rel=\"canonical\" href=\"https:\/\/prensapaisa.com\/index.php\/2022\/11\/08\/medellin-se-convirtio-sin-tener-pactos-con-las-bandas-criminales-en-un-territorio-de-paz\/\" \/>\n<meta property=\"og:locale\" content=\"es_ES\" \/>\n<meta property=\"og:type\" content=\"article\" \/>\n<meta property=\"og:title\" content=\"Medell\u00edn se convirti\u00f3, sin tener pactos con las bandas criminales, en un territorio de paz - PRENSA PAISA\" \/>\n<meta property=\"og:description\" content=\"&#8220;En el marco de la Estrategia Articulada contra el homicidio, la Polic\u00eda Metropolitana, y la Fiscal\u00eda Seccional, con el apoyo de los sistemas tecnol\u00f3gicos del Distrito de Medell\u00edn, capturaron a&hellip;\" \/>\n<meta property=\"og:url\" content=\"https:\/\/prensapaisa.com\/index.php\/2022\/11\/08\/medellin-se-convirtio-sin-tener-pactos-con-las-bandas-criminales-en-un-territorio-de-paz\/\" \/>\n<meta property=\"og:site_name\" content=\"PRENSA PAISA\" \/>\n<meta property=\"article:published_time\" content=\"2022-11-08T20:16:41+00:00\" \/>\n<meta property=\"article:modified_time\" content=\"2022-11-11T20:16:52+00:00\" \/>\n<meta property=\"og:image\" content=\"https:\/\/prensapaisa.com\/wp-content\/uploads\/2022\/11\/1-46.jpg\" \/>\n\t<meta property=\"og:image:width\" content=\"656\" \/>\n\t<meta property=\"og:image:height\" content=\"327\" \/>\n\t<meta property=\"og:image:type\" content=\"image\/jpeg\" \/>\n<meta name=\"author\" content=\"noticias@prensapaisa.com\" \/>\n<meta name=\"twitter:card\" content=\"summary_large_image\" \/>\n<meta name=\"twitter:label1\" content=\"Escrito por\" \/>\n\t<meta name=\"twitter:data1\" content=\"noticias@prensapaisa.com\" \/>\n\t<meta name=\"twitter:label2\" content=\"Tiempo de lectura\" \/>\n\t<meta name=\"twitter:data2\" content=\"3 minutos\" \/>\n<script type=\"application\/ld+json\" class=\"yoast-schema-graph\">{\"@context\":\"https:\\\/\\\/schema.org\",\"@graph\":[{\"@type\":\"Article\",\"@id\":\"https:\\\/\\\/prensapaisa.com\\\/index.php\\\/2022\\\/11\\\/08\\\/medellin-se-convirtio-sin-tener-pactos-con-las-bandas-criminales-en-un-territorio-de-paz\\\/#article\",\"isPartOf\":{\"@id\":\"https:\\\/\\\/prensapaisa.com\\\/index.php\\\/2022\\\/11\\\/08\\\/medellin-se-convirtio-sin-tener-pactos-con-las-bandas-criminales-en-un-territorio-de-paz\\\/\"},\"author\":{\"name\":\"noticias@prensapaisa.com\",\"@id\":\"https:\\\/\\\/prensapaisa.com\\\/#\\\/schema\\\/person\\\/c5899b8b285dbcd70faec88a7c1579f6\"},\"headline\":\"Medell\u00edn se convirti\u00f3, sin tener pactos con las bandas criminales, en un territorio de paz\",\"datePublished\":\"2022-11-08T20:16:41+00:00\",\"dateModified\":\"2022-11-11T20:16:52+00:00\",\"mainEntityOfPage\":{\"@id\":\"https:\\\/\\\/prensapaisa.com\\\/index.php\\\/2022\\\/11\\\/08\\\/medellin-se-convirtio-sin-tener-pactos-con-las-bandas-criminales-en-un-territorio-de-paz\\\/\"},\"wordCount\":534,\"commentCount\":0,\"publisher\":{\"@id\":\"https:\\\/\\\/prensapaisa.com\\\/#organization\"},\"image\":{\"@id\":\"https:\\\/\\\/prensapaisa.com\\\/index.php\\\/2022\\\/11\\\/08\\\/medellin-se-convirtio-sin-tener-pactos-con-las-bandas-criminales-en-un-territorio-de-paz\\\/#primaryimage\"},\"thumbnailUrl\":\"https:\\\/\\\/prensapaisa.com\\\/wp-content\\\/uploads\\\/2022\\\/11\\\/1-46.jpg\",\"articleSection\":[\"Noticias\",\"Redes Sociales\"],\"inLanguage\":\"es-CO\",\"potentialAction\":[{\"@type\":\"CommentAction\",\"name\":\"Comment\",\"target\":[\"https:\\\/\\\/prensapaisa.com\\\/index.php\\\/2022\\\/11\\\/08\\\/medellin-se-convirtio-sin-tener-pactos-con-las-bandas-criminales-en-un-territorio-de-paz\\\/#respond\"]}]},{\"@type\":\"WebPage\",\"@id\":\"https:\\\/\\\/prensapaisa.com\\\/index.php\\\/2022\\\/11\\\/08\\\/medellin-se-convirtio-sin-tener-pactos-con-las-bandas-criminales-en-un-territorio-de-paz\\\/\",\"url\":\"https:\\\/\\\/prensapaisa.com\\\/index.php\\\/2022\\\/11\\\/08\\\/medellin-se-convirtio-sin-tener-pactos-con-las-bandas-criminales-en-un-territorio-de-paz\\\/\",\"name\":\"Medell\u00edn se convirti\u00f3, sin tener pactos con las bandas criminales, en un territorio de paz - PRENSA PAISA\",\"isPartOf\":{\"@id\":\"https:\\\/\\\/prensapaisa.com\\\/#website\"},\"primaryImageOfPage\":{\"@id\":\"https:\\\/\\\/prensapaisa.com\\\/index.php\\\/2022\\\/11\\\/08\\\/medellin-se-convirtio-sin-tener-pactos-con-las-bandas-criminales-en-un-territorio-de-paz\\\/#primaryimage\"},\"image\":{\"@id\":\"https:\\\/\\\/prensapaisa.com\\\/index.php\\\/2022\\\/11\\\/08\\\/medellin-se-convirtio-sin-tener-pactos-con-las-bandas-criminales-en-un-territorio-de-paz\\\/#primaryimage\"},\"thumbnailUrl\":\"https:\\\/\\\/prensapaisa.com\\\/wp-content\\\/uploads\\\/2022\\\/11\\\/1-46.jpg\",\"datePublished\":\"2022-11-08T20:16:41+00:00\",\"dateModified\":\"2022-11-11T20:16:52+00:00\",\"breadcrumb\":{\"@id\":\"https:\\\/\\\/prensapaisa.com\\\/index.php\\\/2022\\\/11\\\/08\\\/medellin-se-convirtio-sin-tener-pactos-con-las-bandas-criminales-en-un-territorio-de-paz\\\/#breadcrumb\"},\"inLanguage\":\"es-CO\",\"potentialAction\":[{\"@type\":\"ReadAction\",\"target\":[\"https:\\\/\\\/prensapaisa.com\\\/index.php\\\/2022\\\/11\\\/08\\\/medellin-se-convirtio-sin-tener-pactos-con-las-bandas-criminales-en-un-territorio-de-paz\\\/\"]}]},{\"@type\":\"ImageObject\",\"inLanguage\":\"es-CO\",\"@id\":\"https:\\\/\\\/prensapaisa.com\\\/index.php\\\/2022\\\/11\\\/08\\\/medellin-se-convirtio-sin-tener-pactos-con-las-bandas-criminales-en-un-territorio-de-paz\\\/#primaryimage\",\"url\":\"https:\\\/\\\/prensapaisa.com\\\/wp-content\\\/uploads\\\/2022\\\/11\\\/1-46.jpg\",\"contentUrl\":\"https:\\\/\\\/prensapaisa.com\\\/wp-content\\\/uploads\\\/2022\\\/11\\\/1-46.jpg\",\"width\":656,\"height\":327},{\"@type\":\"BreadcrumbList\",\"@id\":\"https:\\\/\\\/prensapaisa.com\\\/index.php\\\/2022\\\/11\\\/08\\\/medellin-se-convirtio-sin-tener-pactos-con-las-bandas-criminales-en-un-territorio-de-paz\\\/#breadcrumb\",\"itemListElement\":[{\"@type\":\"ListItem\",\"position\":1,\"name\":\"Inicio\",\"item\":\"https:\\\/\\\/prensapaisa.com\\\/\"},{\"@type\":\"ListItem\",\"position\":2,\"name\":\"Medell\u00edn se convirti\u00f3, sin tener pactos con las bandas criminales, en un territorio de paz\"}]},{\"@type\":\"WebSite\",\"@id\":\"https:\\\/\\\/prensapaisa.com\\\/#website\",\"url\":\"https:\\\/\\\/prensapaisa.com\\\/\",\"name\":\"PRENSA PAISA\",\"description\":\"Prensa Paisa la Original | Noticias de Medell\u00edn, Antioquia\",\"publisher\":{\"@id\":\"https:\\\/\\\/prensapaisa.com\\\/#organization\"},\"potentialAction\":[{\"@type\":\"SearchAction\",\"target\":{\"@type\":\"EntryPoint\",\"urlTemplate\":\"https:\\\/\\\/prensapaisa.com\\\/?s={search_term_string}\"},\"query-input\":{\"@type\":\"PropertyValueSpecification\",\"valueRequired\":true,\"valueName\":\"search_term_string\"}}],\"inLanguage\":\"es-CO\"},{\"@type\":\"Organization\",\"@id\":\"https:\\\/\\\/prensapaisa.com\\\/#organization\",\"name\":\"PRENSA PAISA\",\"url\":\"https:\\\/\\\/prensapaisa.com\\\/\",\"logo\":{\"@type\":\"ImageObject\",\"inLanguage\":\"es-CO\",\"@id\":\"https:\\\/\\\/prensapaisa.com\\\/#\\\/schema\\\/logo\\\/image\\\/\",\"url\":\"https:\\\/\\\/prensapaisa.com\\\/wp-content\\\/uploads\\\/2022\\\/05\\\/cropped-cropped-prensa.png\",\"contentUrl\":\"https:\\\/\\\/prensapaisa.com\\\/wp-content\\\/uploads\\\/2022\\\/05\\\/cropped-cropped-prensa.png\",\"width\":784,\"height\":524,\"caption\":\"PRENSA PAISA\"},\"image\":{\"@id\":\"https:\\\/\\\/prensapaisa.com\\\/#\\\/schema\\\/logo\\\/image\\\/\"}},{\"@type\":\"Person\",\"@id\":\"https:\\\/\\\/prensapaisa.com\\\/#\\\/schema\\\/person\\\/c5899b8b285dbcd70faec88a7c1579f6\",\"name\":\"noticias@prensapaisa.com\",\"image\":{\"@type\":\"ImageObject\",\"inLanguage\":\"es-CO\",\"@id\":\"https:\\\/\\\/secure.gravatar.com\\\/avatar\\\/ca2b49c1df14b84557c567431f045ea69c8ea5da2da50309fd4de9b811da0433?s=96&d=mm&r=g\",\"url\":\"https:\\\/\\\/secure.gravatar.com\\\/avatar\\\/ca2b49c1df14b84557c567431f045ea69c8ea5da2da50309fd4de9b811da0433?s=96&d=mm&r=g\",\"contentUrl\":\"https:\\\/\\\/secure.gravatar.com\\\/avatar\\\/ca2b49c1df14b84557c567431f045ea69c8ea5da2da50309fd4de9b811da0433?s=96&d=mm&r=g\",\"caption\":\"noticias@prensapaisa.com\"},\"sameAs\":[\"http:\\\/\\\/prensapaisa.com\"],\"url\":\"https:\\\/\\\/prensapaisa.com\\\/index.php\\\/author\\\/prensapaisagmail-com\\\/\"}]}<\/script>\n<!-- \/ Yoast SEO plugin. -->","yoast_head_json":{"title":"Medell\u00edn se convirti\u00f3, sin tener pactos con las bandas criminales, en un territorio de paz - PRENSA PAISA","robots":{"index":"index","follow":"follow","max-snippet":"max-snippet:-1","max-image-preview":"max-image-preview:large","max-video-preview":"max-video-preview:-1"},"canonical":"https:\/\/prensapaisa.com\/index.php\/2022\/11\/08\/medellin-se-convirtio-sin-tener-pactos-con-las-bandas-criminales-en-un-territorio-de-paz\/","og_locale":"es_ES","og_type":"article","og_title":"Medell\u00edn se convirti\u00f3, sin tener pactos con las bandas criminales, en un territorio de paz - PRENSA PAISA","og_description":"&#8220;En el marco de la Estrategia Articulada contra el homicidio, la Polic\u00eda Metropolitana, y la Fiscal\u00eda Seccional, con el apoyo de los sistemas tecnol\u00f3gicos del Distrito de Medell\u00edn, capturaron a&hellip;","og_url":"https:\/\/prensapaisa.com\/index.php\/2022\/11\/08\/medellin-se-convirtio-sin-tener-pactos-con-las-bandas-criminales-en-un-territorio-de-paz\/","og_site_name":"PRENSA PAISA","article_published_time":"2022-11-08T20:16:41+00:00","article_modified_time":"2022-11-11T20:16:52+00:00","og_image":[{"width":656,"height":327,"url":"https:\/\/prensapaisa.com\/wp-content\/uploads\/2022\/11\/1-46.jpg","type":"image\/jpeg"}],"author":"noticias@prensapaisa.com","twitter_card":"summary_large_image","twitter_misc":{"Escrito por":"noticias@prensapaisa.com","Tiempo de lectura":"3 minutos"},"schema":{"@context":"https:\/\/schema.org","@graph":[{"@type":"Article","@id":"https:\/\/prensapaisa.com\/index.php\/2022\/11\/08\/medellin-se-convirtio-sin-tener-pactos-con-las-bandas-criminales-en-un-territorio-de-paz\/#article","isPartOf":{"@id":"https:\/\/prensapaisa.com\/index.php\/2022\/11\/08\/medellin-se-convirtio-sin-tener-pactos-con-las-bandas-criminales-en-un-territorio-de-paz\/"},"author":{"name":"noticias@prensapaisa.com","@id":"https:\/\/prensapaisa.com\/#\/schema\/person\/c5899b8b285dbcd70faec88a7c1579f6"},"headline":"Medell\u00edn se convirti\u00f3, sin tener pactos con las bandas criminales, en un territorio de paz","datePublished":"2022-11-08T20:16:41+00:00","dateModified":"2022-11-11T20:16:52+00:00","mainEntityOfPage":{"@id":"https:\/\/prensapaisa.com\/index.php\/2022\/11\/08\/medellin-se-convirtio-sin-tener-pactos-con-las-bandas-criminales-en-un-territorio-de-paz\/"},"wordCount":534,"commentCount":0,"publisher":{"@id":"https:\/\/prensapaisa.com\/#organization"},"image":{"@id":"https:\/\/prensapaisa.com\/index.php\/2022\/11\/08\/medellin-se-convirtio-sin-tener-pactos-con-las-bandas-criminales-en-un-territorio-de-paz\/#primaryimage"},"thumbnailUrl":"https:\/\/prensapaisa.com\/wp-content\/uploads\/2022\/11\/1-46.jpg","articleSection":["Noticias","Redes Sociales"],"inLanguage":"es-CO","potentialAction":[{"@type":"CommentAction","name":"Comment","target":["https:\/\/prensapaisa.com\/index.php\/2022\/11\/08\/medellin-se-convirtio-sin-tener-pactos-con-las-bandas-criminales-en-un-territorio-de-paz\/#respond"]}]},{"@type":"WebPage","@id":"https:\/\/prensapaisa.com\/index.php\/2022\/11\/08\/medellin-se-convirtio-sin-tener-pactos-con-las-bandas-criminales-en-un-territorio-de-paz\/","url":"https:\/\/prensapaisa.com\/index.php\/2022\/11\/08\/medellin-se-convirtio-sin-tener-pactos-con-las-bandas-criminales-en-un-territorio-de-paz\/","name":"Medell\u00edn se convirti\u00f3, sin tener pactos con las bandas criminales, en un territorio de paz - PRENSA PAISA","isPartOf":{"@id":"https:\/\/prensapaisa.com\/#website"},"primaryImageOfPage":{"@id":"https:\/\/prensapaisa.com\/index.php\/2022\/11\/08\/medellin-se-convirtio-sin-tener-pactos-con-las-bandas-criminales-en-un-territorio-de-paz\/#primaryimage"},"image":{"@id":"https:\/\/prensapaisa.com\/index.php\/2022\/11\/08\/medellin-se-convirtio-sin-tener-pactos-con-las-bandas-criminales-en-un-territorio-de-paz\/#primaryimage"},"thumbnailUrl":"https:\/\/prensapaisa.com\/wp-content\/uploads\/2022\/11\/1-46.jpg","datePublished":"2022-11-08T20:16:41+00:00","dateModified":"2022-11-11T20:16:52+00:00","breadcrumb":{"@id":"https:\/\/prensapaisa.com\/index.php\/2022\/11\/08\/medellin-se-convirtio-sin-tener-pactos-con-las-bandas-criminales-en-un-territorio-de-paz\/#breadcrumb"},"inLanguage":"es-CO","potentialAction":[{"@type":"ReadAction","target":["https:\/\/prensapaisa.com\/index.php\/2022\/11\/08\/medellin-se-convirtio-sin-tener-pactos-con-las-bandas-criminales-en-un-territorio-de-paz\/"]}]},{"@type":"ImageObject","inLanguage":"es-CO","@id":"https:\/\/prensapaisa.com\/index.php\/2022\/11\/08\/medellin-se-convirtio-sin-tener-pactos-con-las-bandas-criminales-en-un-territorio-de-paz\/#primaryimage","url":"https:\/\/prensapaisa.com\/wp-content\/uploads\/2022\/11\/1-46.jpg","contentUrl":"https:\/\/prensapaisa.com\/wp-content\/uploads\/2022\/11\/1-46.jpg","width":656,"height":327},{"@type":"BreadcrumbList","@id":"https:\/\/prensapaisa.com\/index.php\/2022\/11\/08\/medellin-se-convirtio-sin-tener-pactos-con-las-bandas-criminales-en-un-territorio-de-paz\/#breadcrumb","itemListElement":[{"@type":"ListItem","position":1,"name":"Inicio","item":"https:\/\/prensapaisa.com\/"},{"@type":"ListItem","position":2,"name":"Medell\u00edn se convirti\u00f3, sin tener pactos con las bandas criminales, en un territorio de paz"}]},{"@type":"WebSite","@id":"https:\/\/prensapaisa.com\/#website","url":"https:\/\/prensapaisa.com\/","name":"PRENSA PAISA","description":"Prensa Paisa la Original | Noticias de Medell\u00edn, Antioquia","publisher":{"@id":"https:\/\/prensapaisa.com\/#organization"},"potentialAction":[{"@type":"SearchAction","target":{"@type":"EntryPoint","urlTemplate":"https:\/\/prensapaisa.com\/?s={search_term_string}"},"query-input":{"@type":"PropertyValueSpecification","valueRequired":true,"valueName":"search_term_string"}}],"inLanguage":"es-CO"},{"@type":"Organization","@id":"https:\/\/prensapaisa.com\/#organization","name":"PRENSA PAISA","url":"https:\/\/prensapaisa.com\/","logo":{"@type":"ImageObject","inLanguage":"es-CO","@id":"https:\/\/prensapaisa.com\/#\/schema\/logo\/image\/","url":"https:\/\/prensapaisa.com\/wp-content\/uploads\/2022\/05\/cropped-cropped-prensa.png","contentUrl":"https:\/\/prensapaisa.com\/wp-content\/uploads\/2022\/05\/cropped-cropped-prensa.png","width":784,"height":524,"caption":"PRENSA PAISA"},"image":{"@id":"https:\/\/prensapaisa.com\/#\/schema\/logo\/image\/"}},{"@type":"Person","@id":"https:\/\/prensapaisa.com\/#\/schema\/person\/c5899b8b285dbcd70faec88a7c1579f6","name":"noticias@prensapaisa.com","image":{"@type":"ImageObject","inLanguage":"es-CO","@id":"https:\/\/secure.gravatar.com\/avatar\/ca2b49c1df14b84557c567431f045ea69c8ea5da2da50309fd4de9b811da0433?s=96&d=mm&r=g","url":"https:\/\/secure.gravatar.com\/avatar\/ca2b49c1df14b84557c567431f045ea69c8ea5da2da50309fd4de9b811da0433?s=96&d=mm&r=g","contentUrl":"https:\/\/secure.gravatar.com\/avatar\/ca2b49c1df14b84557c567431f045ea69c8ea5da2da50309fd4de9b811da0433?s=96&d=mm&r=g","caption":"noticias@prensapaisa.com"},"sameAs":["http:\/\/prensapaisa.com"],"url":"https:\/\/prensapaisa.com\/index.php\/author\/prensapaisagmail-com\/"}]}},"_links":{"self":[{"href":"https:\/\/prensapaisa.com\/index.php\/wp-json\/wp\/v2\/posts\/8198","targetHints":{"allow":["GET"]}}],"collection":[{"href":"https:\/\/prensapaisa.com\/index.php\/wp-json\/wp\/v2\/posts"}],"about":[{"href":"https:\/\/prensapaisa.com\/index.php\/wp-json\/wp\/v2\/types\/post"}],"author":[{"embeddable":true,"href":"https:\/\/prensapaisa.com\/index.php\/wp-json\/wp\/v2\/users\/1"}],"replies":[{"embeddable":true,"href":"https:\/\/prensapaisa.com\/index.php\/wp-json\/wp\/v2\/comments?post=8198"}],"version-history":[{"count":1,"href":"https:\/\/prensapaisa.com\/index.php\/wp-json\/wp\/v2\/posts\/8198\/revisions"}],"predecessor-version":[{"id":8200,"href":"https:\/\/prensapaisa.com\/index.php\/wp-json\/wp\/v2\/posts\/8198\/revisions\/8200"}],"wp:featuredmedia":[{"embeddable":true,"href":"https:\/\/prensapaisa.com\/index.php\/wp-json\/wp\/v2\/media\/8199"}],"wp:attachment":[{"href":"https:\/\/prensapaisa.com\/index.php\/wp-json\/wp\/v2\/media?parent=8198"}],"wp:term":[{"taxonomy":"category","embeddable":true,"href":"https:\/\/prensapaisa.com\/index.php\/wp-json\/wp\/v2\/categories?post=8198"},{"taxonomy":"post_tag","embeddable":true,"href":"https:\/\/prensapaisa.com\/index.php\/wp-json\/wp\/v2\/tags?post=8198"}],"curies":[{"name":"wp","href":"https:\/\/api.w.org\/{rel}","templated":true}]}}