{"id":8188,"date":"2022-11-10T15:11:07","date_gmt":"2022-11-10T20:11:07","guid":{"rendered":"https:\/\/prensapaisa.com\/?p=8188"},"modified":"2022-11-11T15:11:20","modified_gmt":"2022-11-11T20:11:20","slug":"alcalde-de-medellin-le-incumplio-a-los-estudiantes-paisas","status":"publish","type":"post","link":"https:\/\/prensapaisa.com\/index.php\/2022\/11\/10\/alcalde-de-medellin-le-incumplio-a-los-estudiantes-paisas\/","title":{"rendered":"\u00bfAlcalde de Medell\u00edn le incumpli\u00f3 a los estudiantes paisas?"},"content":{"rendered":"\n<p>Manifestaci\u00f3n pac\u00edfica de los estudiantes del ITM en la Alpujarra, Medell\u00edn, donde esperan al alcalde Daniel Quintero para que baje y los escuche. Piden mejores condiciones en las aulas y llevan una semana de paro en lucha por un presupuesto para la educaci\u00f3n.<\/p>\n\n\n\n<p>Los manifestantes solicitaron que no les reduzcan sus beneficios en temas de de matr\u00edculas y transporte.<\/p>\n\n\n\n<p><a><\/a>Resulta que quieren bajar el presupuesto, en un 13% para la sostenibilidad de la educaci\u00f3n en la instituci\u00f3n. Teor\u00eda que acarrea a que disminuyan el personal, profesores, manutenci\u00f3n en la universidad, los espacios como laboratorios e insumos que se necesitan pues tambi\u00e9n se ver\u00edan afectados.<\/p>\n\n\n\n<p>En la Gaceta el presupuesto m\u00ednimo es de 44.000 millones y quieren dar menos para el otro a\u00f1o y eso acarrea lo que te dije entonces en lugar de avanzar pues todo retrocede porque quieren dar menos del presupuesto m\u00ednimo.<\/p>\n\n\n\n<p>Por estas razones es la lucha porque no pueden bajar el presupuesto m\u00ednimo.<\/p>\n\n\n\n<p>\u00bfQu\u00e9 es lo que quieren?<\/p>\n\n\n\n<p>Piden garantizar las transferencias de inversi\u00f3n para la vigencia de 2023 por parte del Distrito equivalentes al valor proyectado para esta vigencia.<\/p>\n\n\n\n<p>Crear una Mesa de Di\u00e1logo con los estamentos universitarios con el fin de establecer un Acuerdo Distrital que defina criterios t\u00e9cnicos para las transferencias de funcionamiento e inversi\u00f3n del ITM.<\/p>\n\n\n\n<p>Adem\u00e1s, que se d\u00e9 inicio a la creaci\u00f3n una Pol\u00edtica P\u00fablica, que garantice el financiamiento de la educaci\u00f3n superior y proteja al ITM de las decisiones pol\u00edticas de las administraciones de turno.<\/p>\n\n\n\n<figure class=\"wp-block-embed is-type-video is-provider-youtube wp-block-embed-youtube wp-embed-aspect-16-9 wp-has-aspect-ratio\"><div class=\"wp-block-embed__wrapper\">\n<iframe title=\"\u00bfAlcalde de Medell\u00edn le incumpli\u00f3 a los estudiantes paisas?\" width=\"1170\" height=\"658\" src=\"https:\/\/www.youtube.com\/embed\/w6QkFBUGKQA?feature=oembed\" frameborder=\"0\" allow=\"accelerometer; autoplay; clipboard-write; encrypted-media; gyroscope; picture-in-picture\" allowfullscreen><\/iframe>\n<\/div><\/figure>\n","protected":false},"excerpt":{"rendered":"<p>Manifestaci\u00f3n pac\u00edfica de los estudiantes del ITM en la Alpujarra, Medell\u00edn, donde esperan al alcalde Daniel Quintero para que baje y los escuche. Piden mejores condiciones en las aulas y&hellip;<\/p>\n","protected":false},"author":1,"featured_media":8189,"comment_status":"open","ping_status":"open","sticky":false,"template":"","format":"standard","meta":{"footnotes":""},"categories":[1],"tags":[],"class_list":["post-8188","post","type-post","status-publish","format-standard","has-post-thumbnail","hentry","category-noticias"],"yoast_head":"<!-- This site is optimized with the Yoast SEO plugin v27.4 - https:\/\/yoast.com\/product\/yoast-seo-wordpress\/ -->\n<title>\u00bfAlcalde de Medell\u00edn le incumpli\u00f3 a los estudiantes paisas? - PRENSA PAISA<\/title>\n<meta name=\"robots\" content=\"index, follow, max-snippet:-1, max-image-preview:large, max-video-preview:-1\" \/>\n<link rel=\"canonical\" href=\"https:\/\/prensapaisa.com\/index.php\/2022\/11\/10\/alcalde-de-medellin-le-incumplio-a-los-estudiantes-paisas\/\" \/>\n<meta property=\"og:locale\" content=\"es_ES\" \/>\n<meta property=\"og:type\" content=\"article\" \/>\n<meta property=\"og:title\" content=\"\u00bfAlcalde de Medell\u00edn le incumpli\u00f3 a los estudiantes paisas? - PRENSA PAISA\" \/>\n<meta property=\"og:description\" content=\"Manifestaci\u00f3n pac\u00edfica de los estudiantes del ITM en la Alpujarra, Medell\u00edn, donde esperan al alcalde Daniel Quintero para que baje y los escuche. Piden mejores condiciones en las aulas y&hellip;\" \/>\n<meta property=\"og:url\" content=\"https:\/\/prensapaisa.com\/index.php\/2022\/11\/10\/alcalde-de-medellin-le-incumplio-a-los-estudiantes-paisas\/\" \/>\n<meta property=\"og:site_name\" content=\"PRENSA PAISA\" \/>\n<meta property=\"article:published_time\" content=\"2022-11-10T20:11:07+00:00\" \/>\n<meta property=\"article:modified_time\" content=\"2022-11-11T20:11:20+00:00\" \/>\n<meta property=\"og:image\" content=\"https:\/\/prensapaisa.com\/wp-content\/uploads\/2022\/11\/1-43.jpg\" \/>\n\t<meta property=\"og:image:width\" content=\"387\" \/>\n\t<meta property=\"og:image:height\" content=\"221\" \/>\n\t<meta property=\"og:image:type\" content=\"image\/jpeg\" \/>\n<meta name=\"author\" content=\"noticias@prensapaisa.com\" \/>\n<meta name=\"twitter:card\" content=\"summary_large_image\" \/>\n<meta name=\"twitter:label1\" content=\"Escrito por\" \/>\n\t<meta name=\"twitter:data1\" content=\"noticias@prensapaisa.com\" \/>\n\t<meta name=\"twitter:label2\" content=\"Tiempo de lectura\" \/>\n\t<meta name=\"twitter:data2\" content=\"2 minutos\" \/>\n<script type=\"application\/ld+json\" class=\"yoast-schema-graph\">{\"@context\":\"https:\\\/\\\/schema.org\",\"@graph\":[{\"@type\":\"Article\",\"@id\":\"https:\\\/\\\/prensapaisa.com\\\/index.php\\\/2022\\\/11\\\/10\\\/alcalde-de-medellin-le-incumplio-a-los-estudiantes-paisas\\\/#article\",\"isPartOf\":{\"@id\":\"https:\\\/\\\/prensapaisa.com\\\/index.php\\\/2022\\\/11\\\/10\\\/alcalde-de-medellin-le-incumplio-a-los-estudiantes-paisas\\\/\"},\"author\":{\"name\":\"noticias@prensapaisa.com\",\"@id\":\"https:\\\/\\\/prensapaisa.com\\\/#\\\/schema\\\/person\\\/c5899b8b285dbcd70faec88a7c1579f6\"},\"headline\":\"\u00bfAlcalde de Medell\u00edn le incumpli\u00f3 a los estudiantes paisas?\",\"datePublished\":\"2022-11-10T20:11:07+00:00\",\"dateModified\":\"2022-11-11T20:11:20+00:00\",\"mainEntityOfPage\":{\"@id\":\"https:\\\/\\\/prensapaisa.com\\\/index.php\\\/2022\\\/11\\\/10\\\/alcalde-de-medellin-le-incumplio-a-los-estudiantes-paisas\\\/\"},\"wordCount\":283,\"commentCount\":0,\"publisher\":{\"@id\":\"https:\\\/\\\/prensapaisa.com\\\/#organization\"},\"image\":{\"@id\":\"https:\\\/\\\/prensapaisa.com\\\/index.php\\\/2022\\\/11\\\/10\\\/alcalde-de-medellin-le-incumplio-a-los-estudiantes-paisas\\\/#primaryimage\"},\"thumbnailUrl\":\"https:\\\/\\\/prensapaisa.com\\\/wp-content\\\/uploads\\\/2022\\\/11\\\/1-43.jpg\",\"articleSection\":[\"Noticias\"],\"inLanguage\":\"es-CO\",\"potentialAction\":[{\"@type\":\"CommentAction\",\"name\":\"Comment\",\"target\":[\"https:\\\/\\\/prensapaisa.com\\\/index.php\\\/2022\\\/11\\\/10\\\/alcalde-de-medellin-le-incumplio-a-los-estudiantes-paisas\\\/#respond\"]}]},{\"@type\":\"WebPage\",\"@id\":\"https:\\\/\\\/prensapaisa.com\\\/index.php\\\/2022\\\/11\\\/10\\\/alcalde-de-medellin-le-incumplio-a-los-estudiantes-paisas\\\/\",\"url\":\"https:\\\/\\\/prensapaisa.com\\\/index.php\\\/2022\\\/11\\\/10\\\/alcalde-de-medellin-le-incumplio-a-los-estudiantes-paisas\\\/\",\"name\":\"\u00bfAlcalde de Medell\u00edn le incumpli\u00f3 a los estudiantes paisas? - PRENSA PAISA\",\"isPartOf\":{\"@id\":\"https:\\\/\\\/prensapaisa.com\\\/#website\"},\"primaryImageOfPage\":{\"@id\":\"https:\\\/\\\/prensapaisa.com\\\/index.php\\\/2022\\\/11\\\/10\\\/alcalde-de-medellin-le-incumplio-a-los-estudiantes-paisas\\\/#primaryimage\"},\"image\":{\"@id\":\"https:\\\/\\\/prensapaisa.com\\\/index.php\\\/2022\\\/11\\\/10\\\/alcalde-de-medellin-le-incumplio-a-los-estudiantes-paisas\\\/#primaryimage\"},\"thumbnailUrl\":\"https:\\\/\\\/prensapaisa.com\\\/wp-content\\\/uploads\\\/2022\\\/11\\\/1-43.jpg\",\"datePublished\":\"2022-11-10T20:11:07+00:00\",\"dateModified\":\"2022-11-11T20:11:20+00:00\",\"breadcrumb\":{\"@id\":\"https:\\\/\\\/prensapaisa.com\\\/index.php\\\/2022\\\/11\\\/10\\\/alcalde-de-medellin-le-incumplio-a-los-estudiantes-paisas\\\/#breadcrumb\"},\"inLanguage\":\"es-CO\",\"potentialAction\":[{\"@type\":\"ReadAction\",\"target\":[\"https:\\\/\\\/prensapaisa.com\\\/index.php\\\/2022\\\/11\\\/10\\\/alcalde-de-medellin-le-incumplio-a-los-estudiantes-paisas\\\/\"]}]},{\"@type\":\"ImageObject\",\"inLanguage\":\"es-CO\",\"@id\":\"https:\\\/\\\/prensapaisa.com\\\/index.php\\\/2022\\\/11\\\/10\\\/alcalde-de-medellin-le-incumplio-a-los-estudiantes-paisas\\\/#primaryimage\",\"url\":\"https:\\\/\\\/prensapaisa.com\\\/wp-content\\\/uploads\\\/2022\\\/11\\\/1-43.jpg\",\"contentUrl\":\"https:\\\/\\\/prensapaisa.com\\\/wp-content\\\/uploads\\\/2022\\\/11\\\/1-43.jpg\",\"width\":387,\"height\":221},{\"@type\":\"BreadcrumbList\",\"@id\":\"https:\\\/\\\/prensapaisa.com\\\/index.php\\\/2022\\\/11\\\/10\\\/alcalde-de-medellin-le-incumplio-a-los-estudiantes-paisas\\\/#breadcrumb\",\"itemListElement\":[{\"@type\":\"ListItem\",\"position\":1,\"name\":\"Inicio\",\"item\":\"https:\\\/\\\/prensapaisa.com\\\/\"},{\"@type\":\"ListItem\",\"position\":2,\"name\":\"\u00bfAlcalde de Medell\u00edn le incumpli\u00f3 a los estudiantes paisas?\"}]},{\"@type\":\"WebSite\",\"@id\":\"https:\\\/\\\/prensapaisa.com\\\/#website\",\"url\":\"https:\\\/\\\/prensapaisa.com\\\/\",\"name\":\"PRENSA PAISA\",\"description\":\"Prensa Paisa la Original | Noticias de Medell\u00edn, Antioquia\",\"publisher\":{\"@id\":\"https:\\\/\\\/prensapaisa.com\\\/#organization\"},\"potentialAction\":[{\"@type\":\"SearchAction\",\"target\":{\"@type\":\"EntryPoint\",\"urlTemplate\":\"https:\\\/\\\/prensapaisa.com\\\/?s={search_term_string}\"},\"query-input\":{\"@type\":\"PropertyValueSpecification\",\"valueRequired\":true,\"valueName\":\"search_term_string\"}}],\"inLanguage\":\"es-CO\"},{\"@type\":\"Organization\",\"@id\":\"https:\\\/\\\/prensapaisa.com\\\/#organization\",\"name\":\"PRENSA PAISA\",\"url\":\"https:\\\/\\\/prensapaisa.com\\\/\",\"logo\":{\"@type\":\"ImageObject\",\"inLanguage\":\"es-CO\",\"@id\":\"https:\\\/\\\/prensapaisa.com\\\/#\\\/schema\\\/logo\\\/image\\\/\",\"url\":\"https:\\\/\\\/prensapaisa.com\\\/wp-content\\\/uploads\\\/2022\\\/05\\\/cropped-cropped-prensa.png\",\"contentUrl\":\"https:\\\/\\\/prensapaisa.com\\\/wp-content\\\/uploads\\\/2022\\\/05\\\/cropped-cropped-prensa.png\",\"width\":784,\"height\":524,\"caption\":\"PRENSA PAISA\"},\"image\":{\"@id\":\"https:\\\/\\\/prensapaisa.com\\\/#\\\/schema\\\/logo\\\/image\\\/\"}},{\"@type\":\"Person\",\"@id\":\"https:\\\/\\\/prensapaisa.com\\\/#\\\/schema\\\/person\\\/c5899b8b285dbcd70faec88a7c1579f6\",\"name\":\"noticias@prensapaisa.com\",\"image\":{\"@type\":\"ImageObject\",\"inLanguage\":\"es-CO\",\"@id\":\"https:\\\/\\\/secure.gravatar.com\\\/avatar\\\/ca2b49c1df14b84557c567431f045ea69c8ea5da2da50309fd4de9b811da0433?s=96&d=mm&r=g\",\"url\":\"https:\\\/\\\/secure.gravatar.com\\\/avatar\\\/ca2b49c1df14b84557c567431f045ea69c8ea5da2da50309fd4de9b811da0433?s=96&d=mm&r=g\",\"contentUrl\":\"https:\\\/\\\/secure.gravatar.com\\\/avatar\\\/ca2b49c1df14b84557c567431f045ea69c8ea5da2da50309fd4de9b811da0433?s=96&d=mm&r=g\",\"caption\":\"noticias@prensapaisa.com\"},\"sameAs\":[\"http:\\\/\\\/prensapaisa.com\"],\"url\":\"https:\\\/\\\/prensapaisa.com\\\/index.php\\\/author\\\/prensapaisagmail-com\\\/\"}]}<\/script>\n<!-- \/ Yoast SEO plugin. -->","yoast_head_json":{"title":"\u00bfAlcalde de Medell\u00edn le incumpli\u00f3 a los estudiantes paisas? - PRENSA PAISA","robots":{"index":"index","follow":"follow","max-snippet":"max-snippet:-1","max-image-preview":"max-image-preview:large","max-video-preview":"max-video-preview:-1"},"canonical":"https:\/\/prensapaisa.com\/index.php\/2022\/11\/10\/alcalde-de-medellin-le-incumplio-a-los-estudiantes-paisas\/","og_locale":"es_ES","og_type":"article","og_title":"\u00bfAlcalde de Medell\u00edn le incumpli\u00f3 a los estudiantes paisas? - PRENSA PAISA","og_description":"Manifestaci\u00f3n pac\u00edfica de los estudiantes del ITM en la Alpujarra, Medell\u00edn, donde esperan al alcalde Daniel Quintero para que baje y los escuche. Piden mejores condiciones en las aulas y&hellip;","og_url":"https:\/\/prensapaisa.com\/index.php\/2022\/11\/10\/alcalde-de-medellin-le-incumplio-a-los-estudiantes-paisas\/","og_site_name":"PRENSA PAISA","article_published_time":"2022-11-10T20:11:07+00:00","article_modified_time":"2022-11-11T20:11:20+00:00","og_image":[{"width":387,"height":221,"url":"https:\/\/prensapaisa.com\/wp-content\/uploads\/2022\/11\/1-43.jpg","type":"image\/jpeg"}],"author":"noticias@prensapaisa.com","twitter_card":"summary_large_image","twitter_misc":{"Escrito por":"noticias@prensapaisa.com","Tiempo de lectura":"2 minutos"},"schema":{"@context":"https:\/\/schema.org","@graph":[{"@type":"Article","@id":"https:\/\/prensapaisa.com\/index.php\/2022\/11\/10\/alcalde-de-medellin-le-incumplio-a-los-estudiantes-paisas\/#article","isPartOf":{"@id":"https:\/\/prensapaisa.com\/index.php\/2022\/11\/10\/alcalde-de-medellin-le-incumplio-a-los-estudiantes-paisas\/"},"author":{"name":"noticias@prensapaisa.com","@id":"https:\/\/prensapaisa.com\/#\/schema\/person\/c5899b8b285dbcd70faec88a7c1579f6"},"headline":"\u00bfAlcalde de Medell\u00edn le incumpli\u00f3 a los estudiantes paisas?","datePublished":"2022-11-10T20:11:07+00:00","dateModified":"2022-11-11T20:11:20+00:00","mainEntityOfPage":{"@id":"https:\/\/prensapaisa.com\/index.php\/2022\/11\/10\/alcalde-de-medellin-le-incumplio-a-los-estudiantes-paisas\/"},"wordCount":283,"commentCount":0,"publisher":{"@id":"https:\/\/prensapaisa.com\/#organization"},"image":{"@id":"https:\/\/prensapaisa.com\/index.php\/2022\/11\/10\/alcalde-de-medellin-le-incumplio-a-los-estudiantes-paisas\/#primaryimage"},"thumbnailUrl":"https:\/\/prensapaisa.com\/wp-content\/uploads\/2022\/11\/1-43.jpg","articleSection":["Noticias"],"inLanguage":"es-CO","potentialAction":[{"@type":"CommentAction","name":"Comment","target":["https:\/\/prensapaisa.com\/index.php\/2022\/11\/10\/alcalde-de-medellin-le-incumplio-a-los-estudiantes-paisas\/#respond"]}]},{"@type":"WebPage","@id":"https:\/\/prensapaisa.com\/index.php\/2022\/11\/10\/alcalde-de-medellin-le-incumplio-a-los-estudiantes-paisas\/","url":"https:\/\/prensapaisa.com\/index.php\/2022\/11\/10\/alcalde-de-medellin-le-incumplio-a-los-estudiantes-paisas\/","name":"\u00bfAlcalde de Medell\u00edn le incumpli\u00f3 a los estudiantes paisas? - PRENSA PAISA","isPartOf":{"@id":"https:\/\/prensapaisa.com\/#website"},"primaryImageOfPage":{"@id":"https:\/\/prensapaisa.com\/index.php\/2022\/11\/10\/alcalde-de-medellin-le-incumplio-a-los-estudiantes-paisas\/#primaryimage"},"image":{"@id":"https:\/\/prensapaisa.com\/index.php\/2022\/11\/10\/alcalde-de-medellin-le-incumplio-a-los-estudiantes-paisas\/#primaryimage"},"thumbnailUrl":"https:\/\/prensapaisa.com\/wp-content\/uploads\/2022\/11\/1-43.jpg","datePublished":"2022-11-10T20:11:07+00:00","dateModified":"2022-11-11T20:11:20+00:00","breadcrumb":{"@id":"https:\/\/prensapaisa.com\/index.php\/2022\/11\/10\/alcalde-de-medellin-le-incumplio-a-los-estudiantes-paisas\/#breadcrumb"},"inLanguage":"es-CO","potentialAction":[{"@type":"ReadAction","target":["https:\/\/prensapaisa.com\/index.php\/2022\/11\/10\/alcalde-de-medellin-le-incumplio-a-los-estudiantes-paisas\/"]}]},{"@type":"ImageObject","inLanguage":"es-CO","@id":"https:\/\/prensapaisa.com\/index.php\/2022\/11\/10\/alcalde-de-medellin-le-incumplio-a-los-estudiantes-paisas\/#primaryimage","url":"https:\/\/prensapaisa.com\/wp-content\/uploads\/2022\/11\/1-43.jpg","contentUrl":"https:\/\/prensapaisa.com\/wp-content\/uploads\/2022\/11\/1-43.jpg","width":387,"height":221},{"@type":"BreadcrumbList","@id":"https:\/\/prensapaisa.com\/index.php\/2022\/11\/10\/alcalde-de-medellin-le-incumplio-a-los-estudiantes-paisas\/#breadcrumb","itemListElement":[{"@type":"ListItem","position":1,"name":"Inicio","item":"https:\/\/prensapaisa.com\/"},{"@type":"ListItem","position":2,"name":"\u00bfAlcalde de Medell\u00edn le incumpli\u00f3 a los estudiantes paisas?"}]},{"@type":"WebSite","@id":"https:\/\/prensapaisa.com\/#website","url":"https:\/\/prensapaisa.com\/","name":"PRENSA PAISA","description":"Prensa Paisa la Original | Noticias de Medell\u00edn, Antioquia","publisher":{"@id":"https:\/\/prensapaisa.com\/#organization"},"potentialAction":[{"@type":"SearchAction","target":{"@type":"EntryPoint","urlTemplate":"https:\/\/prensapaisa.com\/?s={search_term_string}"},"query-input":{"@type":"PropertyValueSpecification","valueRequired":true,"valueName":"search_term_string"}}],"inLanguage":"es-CO"},{"@type":"Organization","@id":"https:\/\/prensapaisa.com\/#organization","name":"PRENSA PAISA","url":"https:\/\/prensapaisa.com\/","logo":{"@type":"ImageObject","inLanguage":"es-CO","@id":"https:\/\/prensapaisa.com\/#\/schema\/logo\/image\/","url":"https:\/\/prensapaisa.com\/wp-content\/uploads\/2022\/05\/cropped-cropped-prensa.png","contentUrl":"https:\/\/prensapaisa.com\/wp-content\/uploads\/2022\/05\/cropped-cropped-prensa.png","width":784,"height":524,"caption":"PRENSA PAISA"},"image":{"@id":"https:\/\/prensapaisa.com\/#\/schema\/logo\/image\/"}},{"@type":"Person","@id":"https:\/\/prensapaisa.com\/#\/schema\/person\/c5899b8b285dbcd70faec88a7c1579f6","name":"noticias@prensapaisa.com","image":{"@type":"ImageObject","inLanguage":"es-CO","@id":"https:\/\/secure.gravatar.com\/avatar\/ca2b49c1df14b84557c567431f045ea69c8ea5da2da50309fd4de9b811da0433?s=96&d=mm&r=g","url":"https:\/\/secure.gravatar.com\/avatar\/ca2b49c1df14b84557c567431f045ea69c8ea5da2da50309fd4de9b811da0433?s=96&d=mm&r=g","contentUrl":"https:\/\/secure.gravatar.com\/avatar\/ca2b49c1df14b84557c567431f045ea69c8ea5da2da50309fd4de9b811da0433?s=96&d=mm&r=g","caption":"noticias@prensapaisa.com"},"sameAs":["http:\/\/prensapaisa.com"],"url":"https:\/\/prensapaisa.com\/index.php\/author\/prensapaisagmail-com\/"}]}},"_links":{"self":[{"href":"https:\/\/prensapaisa.com\/index.php\/wp-json\/wp\/v2\/posts\/8188","targetHints":{"allow":["GET"]}}],"collection":[{"href":"https:\/\/prensapaisa.com\/index.php\/wp-json\/wp\/v2\/posts"}],"about":[{"href":"https:\/\/prensapaisa.com\/index.php\/wp-json\/wp\/v2\/types\/post"}],"author":[{"embeddable":true,"href":"https:\/\/prensapaisa.com\/index.php\/wp-json\/wp\/v2\/users\/1"}],"replies":[{"embeddable":true,"href":"https:\/\/prensapaisa.com\/index.php\/wp-json\/wp\/v2\/comments?post=8188"}],"version-history":[{"count":1,"href":"https:\/\/prensapaisa.com\/index.php\/wp-json\/wp\/v2\/posts\/8188\/revisions"}],"predecessor-version":[{"id":8190,"href":"https:\/\/prensapaisa.com\/index.php\/wp-json\/wp\/v2\/posts\/8188\/revisions\/8190"}],"wp:featuredmedia":[{"embeddable":true,"href":"https:\/\/prensapaisa.com\/index.php\/wp-json\/wp\/v2\/media\/8189"}],"wp:attachment":[{"href":"https:\/\/prensapaisa.com\/index.php\/wp-json\/wp\/v2\/media?parent=8188"}],"wp:term":[{"taxonomy":"category","embeddable":true,"href":"https:\/\/prensapaisa.com\/index.php\/wp-json\/wp\/v2\/categories?post=8188"},{"taxonomy":"post_tag","embeddable":true,"href":"https:\/\/prensapaisa.com\/index.php\/wp-json\/wp\/v2\/tags?post=8188"}],"curies":[{"name":"wp","href":"https:\/\/api.w.org\/{rel}","templated":true}]}}