{"id":8162,"date":"2022-11-10T13:42:57","date_gmt":"2022-11-10T18:42:57","guid":{"rendered":"https:\/\/prensapaisa.com\/?p=8162"},"modified":"2022-11-11T13:43:14","modified_gmt":"2022-11-11T18:43:14","slug":"joven-fallecio-en-un-ataque-armado-en-medellin","status":"publish","type":"post","link":"https:\/\/prensapaisa.com\/index.php\/2022\/11\/10\/joven-fallecio-en-un-ataque-armado-en-medellin\/","title":{"rendered":"Joven falleci\u00f3 en un ataque armado en Medell\u00edn"},"content":{"rendered":"\n<p>Familiares y amigos le hacen luto a Andr\u00e9s &#8220;carlangas&#8221;, padre de familia, quien fue asesinado con seis impactos de bala en el barrio Calasanz.<\/p>\n\n\n\n<p>Los hechos se presentaron en la calle 58 con Carrera 86B cuando el chico fue sorprendido por sicarios en varias motocicletas. Uno de los pistoleros se baj\u00f3 de una moto y sin piedad, us\u00f3 todas las balas de su arma.<\/p>\n\n\n\n<p><a><\/a>Testigos aseguraron que escucharon m\u00e1s de cinco disparos.<\/p>\n\n\n\n<p>Autoridades investigan, paso a paso, los hechos y tratan de verificar las causas del homicidio.<\/p>\n\n\n\n<figure class=\"wp-block-gallery has-nested-images columns-default is-cropped wp-block-gallery-1 is-layout-flex wp-block-gallery-is-layout-flex\">\n<figure class=\"wp-block-image size-large\"><img fetchpriority=\"high\" decoding=\"async\" width=\"960\" height=\"960\" data-id=\"8165\" src=\"https:\/\/prensapaisa.com\/wp-content\/uploads\/2022\/11\/1-38.jpg\" alt=\"\" class=\"wp-image-8165\" srcset=\"https:\/\/prensapaisa.com\/wp-content\/uploads\/2022\/11\/1-38.jpg 960w, https:\/\/prensapaisa.com\/wp-content\/uploads\/2022\/11\/1-38-300x300.jpg 300w, https:\/\/prensapaisa.com\/wp-content\/uploads\/2022\/11\/1-38-150x150.jpg 150w, https:\/\/prensapaisa.com\/wp-content\/uploads\/2022\/11\/1-38-768x768.jpg 768w, https:\/\/prensapaisa.com\/wp-content\/uploads\/2022\/11\/1-38-585x585.jpg 585w\" sizes=\"(max-width: 960px) 100vw, 960px\" \/><\/figure>\n\n\n\n<figure class=\"wp-block-image size-large\"><img decoding=\"async\" width=\"1024\" height=\"1024\" data-id=\"8166\" src=\"https:\/\/prensapaisa.com\/wp-content\/uploads\/2022\/11\/2-24-1024x1024.jpg\" alt=\"\" class=\"wp-image-8166\" srcset=\"https:\/\/prensapaisa.com\/wp-content\/uploads\/2022\/11\/2-24-1024x1024.jpg 1024w, https:\/\/prensapaisa.com\/wp-content\/uploads\/2022\/11\/2-24-300x300.jpg 300w, https:\/\/prensapaisa.com\/wp-content\/uploads\/2022\/11\/2-24-150x150.jpg 150w, https:\/\/prensapaisa.com\/wp-content\/uploads\/2022\/11\/2-24-768x768.jpg 768w, https:\/\/prensapaisa.com\/wp-content\/uploads\/2022\/11\/2-24-585x585.jpg 585w, https:\/\/prensapaisa.com\/wp-content\/uploads\/2022\/11\/2-24.jpg 1080w\" sizes=\"(max-width: 1024px) 100vw, 1024px\" \/><\/figure>\n\n\n\n<figure class=\"wp-block-image size-large\"><img decoding=\"async\" width=\"1024\" height=\"1024\" data-id=\"8168\" src=\"https:\/\/prensapaisa.com\/wp-content\/uploads\/2022\/11\/3-18-1024x1024.jpg\" alt=\"\" class=\"wp-image-8168\" srcset=\"https:\/\/prensapaisa.com\/wp-content\/uploads\/2022\/11\/3-18-1024x1024.jpg 1024w, https:\/\/prensapaisa.com\/wp-content\/uploads\/2022\/11\/3-18-300x300.jpg 300w, https:\/\/prensapaisa.com\/wp-content\/uploads\/2022\/11\/3-18-150x150.jpg 150w, https:\/\/prensapaisa.com\/wp-content\/uploads\/2022\/11\/3-18-768x768.jpg 768w, https:\/\/prensapaisa.com\/wp-content\/uploads\/2022\/11\/3-18-585x585.jpg 585w, https:\/\/prensapaisa.com\/wp-content\/uploads\/2022\/11\/3-18.jpg 1080w\" sizes=\"(max-width: 1024px) 100vw, 1024px\" \/><\/figure>\n\n\n\n<figure class=\"wp-block-image size-large\"><img loading=\"lazy\" decoding=\"async\" width=\"662\" height=\"662\" data-id=\"8164\" src=\"https:\/\/prensapaisa.com\/wp-content\/uploads\/2022\/11\/4-12.jpg\" alt=\"\" class=\"wp-image-8164\" srcset=\"https:\/\/prensapaisa.com\/wp-content\/uploads\/2022\/11\/4-12.jpg 662w, https:\/\/prensapaisa.com\/wp-content\/uploads\/2022\/11\/4-12-300x300.jpg 300w, https:\/\/prensapaisa.com\/wp-content\/uploads\/2022\/11\/4-12-150x150.jpg 150w, https:\/\/prensapaisa.com\/wp-content\/uploads\/2022\/11\/4-12-585x585.jpg 585w\" sizes=\"(max-width: 662px) 100vw, 662px\" \/><\/figure>\n\n\n\n<figure class=\"wp-block-image size-large\"><img loading=\"lazy\" decoding=\"async\" width=\"1024\" height=\"1024\" data-id=\"8167\" src=\"https:\/\/prensapaisa.com\/wp-content\/uploads\/2022\/11\/5-9-1024x1024.jpg\" alt=\"\" class=\"wp-image-8167\" srcset=\"https:\/\/prensapaisa.com\/wp-content\/uploads\/2022\/11\/5-9-1024x1024.jpg 1024w, https:\/\/prensapaisa.com\/wp-content\/uploads\/2022\/11\/5-9-300x300.jpg 300w, https:\/\/prensapaisa.com\/wp-content\/uploads\/2022\/11\/5-9-150x150.jpg 150w, https:\/\/prensapaisa.com\/wp-content\/uploads\/2022\/11\/5-9-768x768.jpg 768w, https:\/\/prensapaisa.com\/wp-content\/uploads\/2022\/11\/5-9-585x585.jpg 585w, https:\/\/prensapaisa.com\/wp-content\/uploads\/2022\/11\/5-9.jpg 1080w\" sizes=\"(max-width: 1024px) 100vw, 1024px\" \/><\/figure>\n<\/figure>\n","protected":false},"excerpt":{"rendered":"<p>Familiares y amigos le hacen luto a Andr\u00e9s &#8220;carlangas&#8221;, padre de familia, quien fue asesinado con seis impactos de bala en el barrio Calasanz. Los hechos se presentaron en la&hellip;<\/p>\n","protected":false},"author":1,"featured_media":8163,"comment_status":"open","ping_status":"open","sticky":false,"template":"","format":"standard","meta":{"footnotes":""},"categories":[43,1],"tags":[],"class_list":["post-8162","post","type-post","status-publish","format-standard","has-post-thumbnail","hentry","category-fallecidos","category-noticias"],"yoast_head":"<!-- This site is optimized with the Yoast SEO plugin v27.4 - https:\/\/yoast.com\/product\/yoast-seo-wordpress\/ -->\n<title>Joven falleci\u00f3 en un ataque armado en Medell\u00edn - PRENSA PAISA<\/title>\n<meta name=\"robots\" content=\"index, follow, max-snippet:-1, max-image-preview:large, max-video-preview:-1\" \/>\n<link rel=\"canonical\" href=\"https:\/\/prensapaisa.com\/index.php\/2022\/11\/10\/joven-fallecio-en-un-ataque-armado-en-medellin\/\" \/>\n<meta property=\"og:locale\" content=\"es_ES\" \/>\n<meta property=\"og:type\" content=\"article\" \/>\n<meta property=\"og:title\" content=\"Joven falleci\u00f3 en un ataque armado en Medell\u00edn - PRENSA PAISA\" \/>\n<meta property=\"og:description\" content=\"Familiares y amigos le hacen luto a Andr\u00e9s &#8220;carlangas&#8221;, padre de familia, quien fue asesinado con seis impactos de bala en el barrio Calasanz. Los hechos se presentaron en la&hellip;\" \/>\n<meta property=\"og:url\" content=\"https:\/\/prensapaisa.com\/index.php\/2022\/11\/10\/joven-fallecio-en-un-ataque-armado-en-medellin\/\" \/>\n<meta property=\"og:site_name\" content=\"PRENSA PAISA\" \/>\n<meta property=\"article:published_time\" content=\"2022-11-10T18:42:57+00:00\" \/>\n<meta property=\"article:modified_time\" content=\"2022-11-11T18:43:14+00:00\" \/>\n<meta property=\"og:image\" content=\"https:\/\/prensapaisa.com\/wp-content\/uploads\/2022\/11\/6-8.jpg\" \/>\n\t<meta property=\"og:image:width\" content=\"1080\" \/>\n\t<meta property=\"og:image:height\" content=\"1080\" \/>\n\t<meta property=\"og:image:type\" content=\"image\/jpeg\" \/>\n<meta name=\"author\" content=\"noticias@prensapaisa.com\" \/>\n<meta name=\"twitter:card\" content=\"summary_large_image\" \/>\n<meta name=\"twitter:label1\" content=\"Escrito por\" \/>\n\t<meta name=\"twitter:data1\" content=\"noticias@prensapaisa.com\" \/>\n\t<meta name=\"twitter:label2\" content=\"Tiempo de lectura\" \/>\n\t<meta name=\"twitter:data2\" content=\"2 minutos\" \/>\n<script type=\"application\/ld+json\" class=\"yoast-schema-graph\">{\"@context\":\"https:\\\/\\\/schema.org\",\"@graph\":[{\"@type\":\"Article\",\"@id\":\"https:\\\/\\\/prensapaisa.com\\\/index.php\\\/2022\\\/11\\\/10\\\/joven-fallecio-en-un-ataque-armado-en-medellin\\\/#article\",\"isPartOf\":{\"@id\":\"https:\\\/\\\/prensapaisa.com\\\/index.php\\\/2022\\\/11\\\/10\\\/joven-fallecio-en-un-ataque-armado-en-medellin\\\/\"},\"author\":{\"name\":\"noticias@prensapaisa.com\",\"@id\":\"https:\\\/\\\/prensapaisa.com\\\/#\\\/schema\\\/person\\\/c5899b8b285dbcd70faec88a7c1579f6\"},\"headline\":\"Joven falleci\u00f3 en un ataque armado en Medell\u00edn\",\"datePublished\":\"2022-11-10T18:42:57+00:00\",\"dateModified\":\"2022-11-11T18:43:14+00:00\",\"mainEntityOfPage\":{\"@id\":\"https:\\\/\\\/prensapaisa.com\\\/index.php\\\/2022\\\/11\\\/10\\\/joven-fallecio-en-un-ataque-armado-en-medellin\\\/\"},\"wordCount\":97,\"commentCount\":0,\"publisher\":{\"@id\":\"https:\\\/\\\/prensapaisa.com\\\/#organization\"},\"image\":{\"@id\":\"https:\\\/\\\/prensapaisa.com\\\/index.php\\\/2022\\\/11\\\/10\\\/joven-fallecio-en-un-ataque-armado-en-medellin\\\/#primaryimage\"},\"thumbnailUrl\":\"https:\\\/\\\/prensapaisa.com\\\/wp-content\\\/uploads\\\/2022\\\/11\\\/6-8.jpg\",\"articleSection\":[\"Fallecidos\",\"Noticias\"],\"inLanguage\":\"es-CO\",\"potentialAction\":[{\"@type\":\"CommentAction\",\"name\":\"Comment\",\"target\":[\"https:\\\/\\\/prensapaisa.com\\\/index.php\\\/2022\\\/11\\\/10\\\/joven-fallecio-en-un-ataque-armado-en-medellin\\\/#respond\"]}]},{\"@type\":\"WebPage\",\"@id\":\"https:\\\/\\\/prensapaisa.com\\\/index.php\\\/2022\\\/11\\\/10\\\/joven-fallecio-en-un-ataque-armado-en-medellin\\\/\",\"url\":\"https:\\\/\\\/prensapaisa.com\\\/index.php\\\/2022\\\/11\\\/10\\\/joven-fallecio-en-un-ataque-armado-en-medellin\\\/\",\"name\":\"Joven falleci\u00f3 en un ataque armado en Medell\u00edn - PRENSA PAISA\",\"isPartOf\":{\"@id\":\"https:\\\/\\\/prensapaisa.com\\\/#website\"},\"primaryImageOfPage\":{\"@id\":\"https:\\\/\\\/prensapaisa.com\\\/index.php\\\/2022\\\/11\\\/10\\\/joven-fallecio-en-un-ataque-armado-en-medellin\\\/#primaryimage\"},\"image\":{\"@id\":\"https:\\\/\\\/prensapaisa.com\\\/index.php\\\/2022\\\/11\\\/10\\\/joven-fallecio-en-un-ataque-armado-en-medellin\\\/#primaryimage\"},\"thumbnailUrl\":\"https:\\\/\\\/prensapaisa.com\\\/wp-content\\\/uploads\\\/2022\\\/11\\\/6-8.jpg\",\"datePublished\":\"2022-11-10T18:42:57+00:00\",\"dateModified\":\"2022-11-11T18:43:14+00:00\",\"breadcrumb\":{\"@id\":\"https:\\\/\\\/prensapaisa.com\\\/index.php\\\/2022\\\/11\\\/10\\\/joven-fallecio-en-un-ataque-armado-en-medellin\\\/#breadcrumb\"},\"inLanguage\":\"es-CO\",\"potentialAction\":[{\"@type\":\"ReadAction\",\"target\":[\"https:\\\/\\\/prensapaisa.com\\\/index.php\\\/2022\\\/11\\\/10\\\/joven-fallecio-en-un-ataque-armado-en-medellin\\\/\"]}]},{\"@type\":\"ImageObject\",\"inLanguage\":\"es-CO\",\"@id\":\"https:\\\/\\\/prensapaisa.com\\\/index.php\\\/2022\\\/11\\\/10\\\/joven-fallecio-en-un-ataque-armado-en-medellin\\\/#primaryimage\",\"url\":\"https:\\\/\\\/prensapaisa.com\\\/wp-content\\\/uploads\\\/2022\\\/11\\\/6-8.jpg\",\"contentUrl\":\"https:\\\/\\\/prensapaisa.com\\\/wp-content\\\/uploads\\\/2022\\\/11\\\/6-8.jpg\",\"width\":1080,\"height\":1080},{\"@type\":\"BreadcrumbList\",\"@id\":\"https:\\\/\\\/prensapaisa.com\\\/index.php\\\/2022\\\/11\\\/10\\\/joven-fallecio-en-un-ataque-armado-en-medellin\\\/#breadcrumb\",\"itemListElement\":[{\"@type\":\"ListItem\",\"position\":1,\"name\":\"Inicio\",\"item\":\"https:\\\/\\\/prensapaisa.com\\\/\"},{\"@type\":\"ListItem\",\"position\":2,\"name\":\"Joven falleci\u00f3 en un ataque armado en Medell\u00edn\"}]},{\"@type\":\"WebSite\",\"@id\":\"https:\\\/\\\/prensapaisa.com\\\/#website\",\"url\":\"https:\\\/\\\/prensapaisa.com\\\/\",\"name\":\"PRENSA PAISA\",\"description\":\"Prensa Paisa la Original | Noticias de Medell\u00edn, Antioquia\",\"publisher\":{\"@id\":\"https:\\\/\\\/prensapaisa.com\\\/#organization\"},\"potentialAction\":[{\"@type\":\"SearchAction\",\"target\":{\"@type\":\"EntryPoint\",\"urlTemplate\":\"https:\\\/\\\/prensapaisa.com\\\/?s={search_term_string}\"},\"query-input\":{\"@type\":\"PropertyValueSpecification\",\"valueRequired\":true,\"valueName\":\"search_term_string\"}}],\"inLanguage\":\"es-CO\"},{\"@type\":\"Organization\",\"@id\":\"https:\\\/\\\/prensapaisa.com\\\/#organization\",\"name\":\"PRENSA PAISA\",\"url\":\"https:\\\/\\\/prensapaisa.com\\\/\",\"logo\":{\"@type\":\"ImageObject\",\"inLanguage\":\"es-CO\",\"@id\":\"https:\\\/\\\/prensapaisa.com\\\/#\\\/schema\\\/logo\\\/image\\\/\",\"url\":\"https:\\\/\\\/prensapaisa.com\\\/wp-content\\\/uploads\\\/2022\\\/05\\\/cropped-cropped-prensa.png\",\"contentUrl\":\"https:\\\/\\\/prensapaisa.com\\\/wp-content\\\/uploads\\\/2022\\\/05\\\/cropped-cropped-prensa.png\",\"width\":784,\"height\":524,\"caption\":\"PRENSA PAISA\"},\"image\":{\"@id\":\"https:\\\/\\\/prensapaisa.com\\\/#\\\/schema\\\/logo\\\/image\\\/\"}},{\"@type\":\"Person\",\"@id\":\"https:\\\/\\\/prensapaisa.com\\\/#\\\/schema\\\/person\\\/c5899b8b285dbcd70faec88a7c1579f6\",\"name\":\"noticias@prensapaisa.com\",\"image\":{\"@type\":\"ImageObject\",\"inLanguage\":\"es-CO\",\"@id\":\"https:\\\/\\\/secure.gravatar.com\\\/avatar\\\/ca2b49c1df14b84557c567431f045ea69c8ea5da2da50309fd4de9b811da0433?s=96&d=mm&r=g\",\"url\":\"https:\\\/\\\/secure.gravatar.com\\\/avatar\\\/ca2b49c1df14b84557c567431f045ea69c8ea5da2da50309fd4de9b811da0433?s=96&d=mm&r=g\",\"contentUrl\":\"https:\\\/\\\/secure.gravatar.com\\\/avatar\\\/ca2b49c1df14b84557c567431f045ea69c8ea5da2da50309fd4de9b811da0433?s=96&d=mm&r=g\",\"caption\":\"noticias@prensapaisa.com\"},\"sameAs\":[\"http:\\\/\\\/prensapaisa.com\"],\"url\":\"https:\\\/\\\/prensapaisa.com\\\/index.php\\\/author\\\/prensapaisagmail-com\\\/\"}]}<\/script>\n<!-- \/ Yoast SEO plugin. -->","yoast_head_json":{"title":"Joven falleci\u00f3 en un ataque armado en Medell\u00edn - PRENSA PAISA","robots":{"index":"index","follow":"follow","max-snippet":"max-snippet:-1","max-image-preview":"max-image-preview:large","max-video-preview":"max-video-preview:-1"},"canonical":"https:\/\/prensapaisa.com\/index.php\/2022\/11\/10\/joven-fallecio-en-un-ataque-armado-en-medellin\/","og_locale":"es_ES","og_type":"article","og_title":"Joven falleci\u00f3 en un ataque armado en Medell\u00edn - PRENSA PAISA","og_description":"Familiares y amigos le hacen luto a Andr\u00e9s &#8220;carlangas&#8221;, padre de familia, quien fue asesinado con seis impactos de bala en el barrio Calasanz. Los hechos se presentaron en la&hellip;","og_url":"https:\/\/prensapaisa.com\/index.php\/2022\/11\/10\/joven-fallecio-en-un-ataque-armado-en-medellin\/","og_site_name":"PRENSA PAISA","article_published_time":"2022-11-10T18:42:57+00:00","article_modified_time":"2022-11-11T18:43:14+00:00","og_image":[{"width":1080,"height":1080,"url":"https:\/\/prensapaisa.com\/wp-content\/uploads\/2022\/11\/6-8.jpg","type":"image\/jpeg"}],"author":"noticias@prensapaisa.com","twitter_card":"summary_large_image","twitter_misc":{"Escrito por":"noticias@prensapaisa.com","Tiempo de lectura":"2 minutos"},"schema":{"@context":"https:\/\/schema.org","@graph":[{"@type":"Article","@id":"https:\/\/prensapaisa.com\/index.php\/2022\/11\/10\/joven-fallecio-en-un-ataque-armado-en-medellin\/#article","isPartOf":{"@id":"https:\/\/prensapaisa.com\/index.php\/2022\/11\/10\/joven-fallecio-en-un-ataque-armado-en-medellin\/"},"author":{"name":"noticias@prensapaisa.com","@id":"https:\/\/prensapaisa.com\/#\/schema\/person\/c5899b8b285dbcd70faec88a7c1579f6"},"headline":"Joven falleci\u00f3 en un ataque armado en Medell\u00edn","datePublished":"2022-11-10T18:42:57+00:00","dateModified":"2022-11-11T18:43:14+00:00","mainEntityOfPage":{"@id":"https:\/\/prensapaisa.com\/index.php\/2022\/11\/10\/joven-fallecio-en-un-ataque-armado-en-medellin\/"},"wordCount":97,"commentCount":0,"publisher":{"@id":"https:\/\/prensapaisa.com\/#organization"},"image":{"@id":"https:\/\/prensapaisa.com\/index.php\/2022\/11\/10\/joven-fallecio-en-un-ataque-armado-en-medellin\/#primaryimage"},"thumbnailUrl":"https:\/\/prensapaisa.com\/wp-content\/uploads\/2022\/11\/6-8.jpg","articleSection":["Fallecidos","Noticias"],"inLanguage":"es-CO","potentialAction":[{"@type":"CommentAction","name":"Comment","target":["https:\/\/prensapaisa.com\/index.php\/2022\/11\/10\/joven-fallecio-en-un-ataque-armado-en-medellin\/#respond"]}]},{"@type":"WebPage","@id":"https:\/\/prensapaisa.com\/index.php\/2022\/11\/10\/joven-fallecio-en-un-ataque-armado-en-medellin\/","url":"https:\/\/prensapaisa.com\/index.php\/2022\/11\/10\/joven-fallecio-en-un-ataque-armado-en-medellin\/","name":"Joven falleci\u00f3 en un ataque armado en Medell\u00edn - PRENSA PAISA","isPartOf":{"@id":"https:\/\/prensapaisa.com\/#website"},"primaryImageOfPage":{"@id":"https:\/\/prensapaisa.com\/index.php\/2022\/11\/10\/joven-fallecio-en-un-ataque-armado-en-medellin\/#primaryimage"},"image":{"@id":"https:\/\/prensapaisa.com\/index.php\/2022\/11\/10\/joven-fallecio-en-un-ataque-armado-en-medellin\/#primaryimage"},"thumbnailUrl":"https:\/\/prensapaisa.com\/wp-content\/uploads\/2022\/11\/6-8.jpg","datePublished":"2022-11-10T18:42:57+00:00","dateModified":"2022-11-11T18:43:14+00:00","breadcrumb":{"@id":"https:\/\/prensapaisa.com\/index.php\/2022\/11\/10\/joven-fallecio-en-un-ataque-armado-en-medellin\/#breadcrumb"},"inLanguage":"es-CO","potentialAction":[{"@type":"ReadAction","target":["https:\/\/prensapaisa.com\/index.php\/2022\/11\/10\/joven-fallecio-en-un-ataque-armado-en-medellin\/"]}]},{"@type":"ImageObject","inLanguage":"es-CO","@id":"https:\/\/prensapaisa.com\/index.php\/2022\/11\/10\/joven-fallecio-en-un-ataque-armado-en-medellin\/#primaryimage","url":"https:\/\/prensapaisa.com\/wp-content\/uploads\/2022\/11\/6-8.jpg","contentUrl":"https:\/\/prensapaisa.com\/wp-content\/uploads\/2022\/11\/6-8.jpg","width":1080,"height":1080},{"@type":"BreadcrumbList","@id":"https:\/\/prensapaisa.com\/index.php\/2022\/11\/10\/joven-fallecio-en-un-ataque-armado-en-medellin\/#breadcrumb","itemListElement":[{"@type":"ListItem","position":1,"name":"Inicio","item":"https:\/\/prensapaisa.com\/"},{"@type":"ListItem","position":2,"name":"Joven falleci\u00f3 en un ataque armado en Medell\u00edn"}]},{"@type":"WebSite","@id":"https:\/\/prensapaisa.com\/#website","url":"https:\/\/prensapaisa.com\/","name":"PRENSA PAISA","description":"Prensa Paisa la Original | Noticias de Medell\u00edn, Antioquia","publisher":{"@id":"https:\/\/prensapaisa.com\/#organization"},"potentialAction":[{"@type":"SearchAction","target":{"@type":"EntryPoint","urlTemplate":"https:\/\/prensapaisa.com\/?s={search_term_string}"},"query-input":{"@type":"PropertyValueSpecification","valueRequired":true,"valueName":"search_term_string"}}],"inLanguage":"es-CO"},{"@type":"Organization","@id":"https:\/\/prensapaisa.com\/#organization","name":"PRENSA PAISA","url":"https:\/\/prensapaisa.com\/","logo":{"@type":"ImageObject","inLanguage":"es-CO","@id":"https:\/\/prensapaisa.com\/#\/schema\/logo\/image\/","url":"https:\/\/prensapaisa.com\/wp-content\/uploads\/2022\/05\/cropped-cropped-prensa.png","contentUrl":"https:\/\/prensapaisa.com\/wp-content\/uploads\/2022\/05\/cropped-cropped-prensa.png","width":784,"height":524,"caption":"PRENSA PAISA"},"image":{"@id":"https:\/\/prensapaisa.com\/#\/schema\/logo\/image\/"}},{"@type":"Person","@id":"https:\/\/prensapaisa.com\/#\/schema\/person\/c5899b8b285dbcd70faec88a7c1579f6","name":"noticias@prensapaisa.com","image":{"@type":"ImageObject","inLanguage":"es-CO","@id":"https:\/\/secure.gravatar.com\/avatar\/ca2b49c1df14b84557c567431f045ea69c8ea5da2da50309fd4de9b811da0433?s=96&d=mm&r=g","url":"https:\/\/secure.gravatar.com\/avatar\/ca2b49c1df14b84557c567431f045ea69c8ea5da2da50309fd4de9b811da0433?s=96&d=mm&r=g","contentUrl":"https:\/\/secure.gravatar.com\/avatar\/ca2b49c1df14b84557c567431f045ea69c8ea5da2da50309fd4de9b811da0433?s=96&d=mm&r=g","caption":"noticias@prensapaisa.com"},"sameAs":["http:\/\/prensapaisa.com"],"url":"https:\/\/prensapaisa.com\/index.php\/author\/prensapaisagmail-com\/"}]}},"_links":{"self":[{"href":"https:\/\/prensapaisa.com\/index.php\/wp-json\/wp\/v2\/posts\/8162","targetHints":{"allow":["GET"]}}],"collection":[{"href":"https:\/\/prensapaisa.com\/index.php\/wp-json\/wp\/v2\/posts"}],"about":[{"href":"https:\/\/prensapaisa.com\/index.php\/wp-json\/wp\/v2\/types\/post"}],"author":[{"embeddable":true,"href":"https:\/\/prensapaisa.com\/index.php\/wp-json\/wp\/v2\/users\/1"}],"replies":[{"embeddable":true,"href":"https:\/\/prensapaisa.com\/index.php\/wp-json\/wp\/v2\/comments?post=8162"}],"version-history":[{"count":1,"href":"https:\/\/prensapaisa.com\/index.php\/wp-json\/wp\/v2\/posts\/8162\/revisions"}],"predecessor-version":[{"id":8169,"href":"https:\/\/prensapaisa.com\/index.php\/wp-json\/wp\/v2\/posts\/8162\/revisions\/8169"}],"wp:featuredmedia":[{"embeddable":true,"href":"https:\/\/prensapaisa.com\/index.php\/wp-json\/wp\/v2\/media\/8163"}],"wp:attachment":[{"href":"https:\/\/prensapaisa.com\/index.php\/wp-json\/wp\/v2\/media?parent=8162"}],"wp:term":[{"taxonomy":"category","embeddable":true,"href":"https:\/\/prensapaisa.com\/index.php\/wp-json\/wp\/v2\/categories?post=8162"},{"taxonomy":"post_tag","embeddable":true,"href":"https:\/\/prensapaisa.com\/index.php\/wp-json\/wp\/v2\/tags?post=8162"}],"curies":[{"name":"wp","href":"https:\/\/api.w.org\/{rel}","templated":true}]}}