{"id":8126,"date":"2022-11-07T09:25:19","date_gmt":"2022-11-07T14:25:19","guid":{"rendered":"https:\/\/prensapaisa.com\/?p=8126"},"modified":"2022-11-08T09:25:27","modified_gmt":"2022-11-08T14:25:27","slug":"capturan-al-extranjero-sospechoso-de-asesinar-a-una-chica-en-el-suroeste-antioqueno","status":"publish","type":"post","link":"https:\/\/prensapaisa.com\/index.php\/2022\/11\/07\/capturan-al-extranjero-sospechoso-de-asesinar-a-una-chica-en-el-suroeste-antioqueno\/","title":{"rendered":"Capturan al extranjero sospechoso de asesinar a una chica en el Suroeste antioque\u00f1o"},"content":{"rendered":"\n<p>&#8220;Tas la muerte violenta de una joven de 18 a\u00f1os de edad, quien fue hallada sin vida en el corregimiento de Santa Rita, en el sector conocido como La Ca\u00f1ada, en zona rural de Andes, la Gobernaci\u00f3n de Antioquia determin\u00f3 la recompensa de $50 millones para quien brinde informaci\u00f3n que logre dar con la captura del responsable de este atroz acto.<\/p>\n\n\n\n<p>La medida fue planteada en el concejo de seguridad <a><\/a>que se adelant\u00f3 en la tarde de este s\u00e1bado, tras el hallazgo del cuerpo de Paula Andrea Restrepo Parra, quien presentaba varias heridas generadas por arma cortopunzante en diferentes partes del cuerpo, de acuerdo con la inspecci\u00f3n judicial realizada.<\/p>\n\n\n\n<p>El hecho caus\u00f3 indignaci\u00f3n y conmoci\u00f3n en la comunidad quienes en redes sociales compartieron im\u00e1genes de quien ser\u00eda el presunto responsable de este crimen; sin embargo, el secretario de Seguridad de Antioquia, Oswaldo Zapata, pidi\u00f3 a la comunidad prudencia y responsabilidad, a\u00f1adi\u00f3 que &#8216;los canales oficiales para disponer las informaciones respecto a las m\u00f3viles o presuntos agresores son el n\u00famero de celular 318 532 4229 &#8211; 312 401 0248 de la polic\u00eda nacional y el CTI&#8217;.<\/p>\n\n\n\n<p>Luego de este hecho violento, el cuerpo sin vida de la joven Paula Andrea fue trasladado hasta las instalaciones del hospital local de Andes.<\/p>\n\n\n\n<p>Por su parte, el gobernador de Antioquia, An\u00edbal Gaviria, rechaz\u00f3 este acto y se comprometi\u00f3 al esclarecimiento del caso, en defensa a la violencia de ni\u00f1os, ni\u00f1as y adolescentes.<\/p>\n\n\n\n<p>Adem\u00e1s de los signos de tortura, al parecer, el cuerpo de la joven tambi\u00e9n presentaba signos de violencia sexual.<\/p>\n\n\n\n<p>Por lo pronto, se adelantan las investigaciones para esclarecer los hechos y los motivos que generaron este crimen, precis\u00f3 el comando de la Polic\u00eda Antioquia&#8221;.<\/p>\n\n\n\n<p><a href=\"https:\/\/www.facebook.com\/hashtag\/fotinfo?__eep__=6&amp;__cft__[0]=AZWWM0J0KVh8Og05L0dtAHjqQfpQgmHEUbsvZrLcz8exTBIn9ma9U99qL9F8LGKZkfvLDmWum--MgW-Ktfa4Wo1XswS1KdsnOPTlE1ERe2pVGvyqaul2Pqar-aXyECxxOR0z1ddUx0UCaIXmnTy_aawIlC7er7Knq51CaqfYzFMXvMwRXsZbpDeGyYymfxAp-yk&amp;__tn__=*NK-R\">#Fotinfo<\/a>: Diego Escobar<\/p>\n\n\n\n<figure class=\"wp-block-embed is-type-video is-provider-youtube wp-block-embed-youtube wp-embed-aspect-16-9 wp-has-aspect-ratio\"><div class=\"wp-block-embed__wrapper\">\n<iframe title=\"Capturan al extranjero sospechoso de asesinar a una chica en el Suroeste antioque\u00f1o\" width=\"1170\" height=\"658\" src=\"https:\/\/www.youtube.com\/embed\/EDlgQSLEWR4?feature=oembed\" frameborder=\"0\" allow=\"accelerometer; autoplay; clipboard-write; encrypted-media; gyroscope; picture-in-picture\" allowfullscreen><\/iframe>\n<\/div><\/figure>\n","protected":false},"excerpt":{"rendered":"<p>&#8220;Tas la muerte violenta de una joven de 18 a\u00f1os de edad, quien fue hallada sin vida en el corregimiento de Santa Rita, en el sector conocido como La Ca\u00f1ada,&hellip;<\/p>\n","protected":false},"author":1,"featured_media":8127,"comment_status":"open","ping_status":"open","sticky":false,"template":"","format":"standard","meta":{"footnotes":""},"categories":[49,16,1],"tags":[],"class_list":["post-8126","post","type-post","status-publish","format-standard","has-post-thumbnail","hentry","category-capturas","category-municipios","category-noticias"],"yoast_head":"<!-- This site is optimized with the Yoast SEO plugin v27.4 - https:\/\/yoast.com\/product\/yoast-seo-wordpress\/ -->\n<title>Capturan al extranjero sospechoso de asesinar a una chica en el Suroeste antioque\u00f1o - PRENSA PAISA<\/title>\n<meta name=\"robots\" content=\"index, follow, max-snippet:-1, max-image-preview:large, max-video-preview:-1\" \/>\n<link rel=\"canonical\" href=\"https:\/\/prensapaisa.com\/index.php\/2022\/11\/07\/capturan-al-extranjero-sospechoso-de-asesinar-a-una-chica-en-el-suroeste-antioqueno\/\" \/>\n<meta property=\"og:locale\" content=\"es_ES\" \/>\n<meta property=\"og:type\" content=\"article\" \/>\n<meta property=\"og:title\" content=\"Capturan al extranjero sospechoso de asesinar a una chica en el Suroeste antioque\u00f1o - PRENSA PAISA\" \/>\n<meta property=\"og:description\" content=\"&#8220;Tas la muerte violenta de una joven de 18 a\u00f1os de edad, quien fue hallada sin vida en el corregimiento de Santa Rita, en el sector conocido como La Ca\u00f1ada,&hellip;\" \/>\n<meta property=\"og:url\" content=\"https:\/\/prensapaisa.com\/index.php\/2022\/11\/07\/capturan-al-extranjero-sospechoso-de-asesinar-a-una-chica-en-el-suroeste-antioqueno\/\" \/>\n<meta property=\"og:site_name\" content=\"PRENSA PAISA\" \/>\n<meta property=\"article:published_time\" content=\"2022-11-07T14:25:19+00:00\" \/>\n<meta property=\"article:modified_time\" content=\"2022-11-08T14:25:27+00:00\" \/>\n<meta property=\"og:image\" content=\"https:\/\/prensapaisa.com\/wp-content\/uploads\/2022\/11\/Captura-20.png\" \/>\n\t<meta property=\"og:image:width\" content=\"642\" \/>\n\t<meta property=\"og:image:height\" content=\"310\" \/>\n\t<meta property=\"og:image:type\" content=\"image\/png\" \/>\n<meta name=\"author\" content=\"noticias@prensapaisa.com\" \/>\n<meta name=\"twitter:card\" content=\"summary_large_image\" \/>\n<meta name=\"twitter:label1\" content=\"Escrito por\" \/>\n\t<meta name=\"twitter:data1\" content=\"noticias@prensapaisa.com\" \/>\n\t<meta name=\"twitter:label2\" content=\"Tiempo de lectura\" \/>\n\t<meta name=\"twitter:data2\" content=\"2 minutos\" \/>\n<script type=\"application\/ld+json\" class=\"yoast-schema-graph\">{\"@context\":\"https:\\\/\\\/schema.org\",\"@graph\":[{\"@type\":\"Article\",\"@id\":\"https:\\\/\\\/prensapaisa.com\\\/index.php\\\/2022\\\/11\\\/07\\\/capturan-al-extranjero-sospechoso-de-asesinar-a-una-chica-en-el-suroeste-antioqueno\\\/#article\",\"isPartOf\":{\"@id\":\"https:\\\/\\\/prensapaisa.com\\\/index.php\\\/2022\\\/11\\\/07\\\/capturan-al-extranjero-sospechoso-de-asesinar-a-una-chica-en-el-suroeste-antioqueno\\\/\"},\"author\":{\"name\":\"noticias@prensapaisa.com\",\"@id\":\"https:\\\/\\\/prensapaisa.com\\\/#\\\/schema\\\/person\\\/c5899b8b285dbcd70faec88a7c1579f6\"},\"headline\":\"Capturan al extranjero sospechoso de asesinar a una chica en el Suroeste antioque\u00f1o\",\"datePublished\":\"2022-11-07T14:25:19+00:00\",\"dateModified\":\"2022-11-08T14:25:27+00:00\",\"mainEntityOfPage\":{\"@id\":\"https:\\\/\\\/prensapaisa.com\\\/index.php\\\/2022\\\/11\\\/07\\\/capturan-al-extranjero-sospechoso-de-asesinar-a-una-chica-en-el-suroeste-antioqueno\\\/\"},\"wordCount\":315,\"commentCount\":0,\"publisher\":{\"@id\":\"https:\\\/\\\/prensapaisa.com\\\/#organization\"},\"image\":{\"@id\":\"https:\\\/\\\/prensapaisa.com\\\/index.php\\\/2022\\\/11\\\/07\\\/capturan-al-extranjero-sospechoso-de-asesinar-a-una-chica-en-el-suroeste-antioqueno\\\/#primaryimage\"},\"thumbnailUrl\":\"https:\\\/\\\/prensapaisa.com\\\/wp-content\\\/uploads\\\/2022\\\/11\\\/Captura-20.png\",\"articleSection\":[\"Capturas\",\"Municipios\",\"Noticias\"],\"inLanguage\":\"es-CO\",\"potentialAction\":[{\"@type\":\"CommentAction\",\"name\":\"Comment\",\"target\":[\"https:\\\/\\\/prensapaisa.com\\\/index.php\\\/2022\\\/11\\\/07\\\/capturan-al-extranjero-sospechoso-de-asesinar-a-una-chica-en-el-suroeste-antioqueno\\\/#respond\"]}]},{\"@type\":\"WebPage\",\"@id\":\"https:\\\/\\\/prensapaisa.com\\\/index.php\\\/2022\\\/11\\\/07\\\/capturan-al-extranjero-sospechoso-de-asesinar-a-una-chica-en-el-suroeste-antioqueno\\\/\",\"url\":\"https:\\\/\\\/prensapaisa.com\\\/index.php\\\/2022\\\/11\\\/07\\\/capturan-al-extranjero-sospechoso-de-asesinar-a-una-chica-en-el-suroeste-antioqueno\\\/\",\"name\":\"Capturan al extranjero sospechoso de asesinar a una chica en el Suroeste antioque\u00f1o - PRENSA PAISA\",\"isPartOf\":{\"@id\":\"https:\\\/\\\/prensapaisa.com\\\/#website\"},\"primaryImageOfPage\":{\"@id\":\"https:\\\/\\\/prensapaisa.com\\\/index.php\\\/2022\\\/11\\\/07\\\/capturan-al-extranjero-sospechoso-de-asesinar-a-una-chica-en-el-suroeste-antioqueno\\\/#primaryimage\"},\"image\":{\"@id\":\"https:\\\/\\\/prensapaisa.com\\\/index.php\\\/2022\\\/11\\\/07\\\/capturan-al-extranjero-sospechoso-de-asesinar-a-una-chica-en-el-suroeste-antioqueno\\\/#primaryimage\"},\"thumbnailUrl\":\"https:\\\/\\\/prensapaisa.com\\\/wp-content\\\/uploads\\\/2022\\\/11\\\/Captura-20.png\",\"datePublished\":\"2022-11-07T14:25:19+00:00\",\"dateModified\":\"2022-11-08T14:25:27+00:00\",\"breadcrumb\":{\"@id\":\"https:\\\/\\\/prensapaisa.com\\\/index.php\\\/2022\\\/11\\\/07\\\/capturan-al-extranjero-sospechoso-de-asesinar-a-una-chica-en-el-suroeste-antioqueno\\\/#breadcrumb\"},\"inLanguage\":\"es-CO\",\"potentialAction\":[{\"@type\":\"ReadAction\",\"target\":[\"https:\\\/\\\/prensapaisa.com\\\/index.php\\\/2022\\\/11\\\/07\\\/capturan-al-extranjero-sospechoso-de-asesinar-a-una-chica-en-el-suroeste-antioqueno\\\/\"]}]},{\"@type\":\"ImageObject\",\"inLanguage\":\"es-CO\",\"@id\":\"https:\\\/\\\/prensapaisa.com\\\/index.php\\\/2022\\\/11\\\/07\\\/capturan-al-extranjero-sospechoso-de-asesinar-a-una-chica-en-el-suroeste-antioqueno\\\/#primaryimage\",\"url\":\"https:\\\/\\\/prensapaisa.com\\\/wp-content\\\/uploads\\\/2022\\\/11\\\/Captura-20.png\",\"contentUrl\":\"https:\\\/\\\/prensapaisa.com\\\/wp-content\\\/uploads\\\/2022\\\/11\\\/Captura-20.png\",\"width\":642,\"height\":310},{\"@type\":\"BreadcrumbList\",\"@id\":\"https:\\\/\\\/prensapaisa.com\\\/index.php\\\/2022\\\/11\\\/07\\\/capturan-al-extranjero-sospechoso-de-asesinar-a-una-chica-en-el-suroeste-antioqueno\\\/#breadcrumb\",\"itemListElement\":[{\"@type\":\"ListItem\",\"position\":1,\"name\":\"Inicio\",\"item\":\"https:\\\/\\\/prensapaisa.com\\\/\"},{\"@type\":\"ListItem\",\"position\":2,\"name\":\"Capturan al extranjero sospechoso de asesinar a una chica en el Suroeste antioque\u00f1o\"}]},{\"@type\":\"WebSite\",\"@id\":\"https:\\\/\\\/prensapaisa.com\\\/#website\",\"url\":\"https:\\\/\\\/prensapaisa.com\\\/\",\"name\":\"PRENSA PAISA\",\"description\":\"Prensa Paisa la Original | Noticias de Medell\u00edn, Antioquia\",\"publisher\":{\"@id\":\"https:\\\/\\\/prensapaisa.com\\\/#organization\"},\"potentialAction\":[{\"@type\":\"SearchAction\",\"target\":{\"@type\":\"EntryPoint\",\"urlTemplate\":\"https:\\\/\\\/prensapaisa.com\\\/?s={search_term_string}\"},\"query-input\":{\"@type\":\"PropertyValueSpecification\",\"valueRequired\":true,\"valueName\":\"search_term_string\"}}],\"inLanguage\":\"es-CO\"},{\"@type\":\"Organization\",\"@id\":\"https:\\\/\\\/prensapaisa.com\\\/#organization\",\"name\":\"PRENSA PAISA\",\"url\":\"https:\\\/\\\/prensapaisa.com\\\/\",\"logo\":{\"@type\":\"ImageObject\",\"inLanguage\":\"es-CO\",\"@id\":\"https:\\\/\\\/prensapaisa.com\\\/#\\\/schema\\\/logo\\\/image\\\/\",\"url\":\"https:\\\/\\\/prensapaisa.com\\\/wp-content\\\/uploads\\\/2022\\\/05\\\/cropped-cropped-prensa.png\",\"contentUrl\":\"https:\\\/\\\/prensapaisa.com\\\/wp-content\\\/uploads\\\/2022\\\/05\\\/cropped-cropped-prensa.png\",\"width\":784,\"height\":524,\"caption\":\"PRENSA PAISA\"},\"image\":{\"@id\":\"https:\\\/\\\/prensapaisa.com\\\/#\\\/schema\\\/logo\\\/image\\\/\"}},{\"@type\":\"Person\",\"@id\":\"https:\\\/\\\/prensapaisa.com\\\/#\\\/schema\\\/person\\\/c5899b8b285dbcd70faec88a7c1579f6\",\"name\":\"noticias@prensapaisa.com\",\"image\":{\"@type\":\"ImageObject\",\"inLanguage\":\"es-CO\",\"@id\":\"https:\\\/\\\/secure.gravatar.com\\\/avatar\\\/ca2b49c1df14b84557c567431f045ea69c8ea5da2da50309fd4de9b811da0433?s=96&d=mm&r=g\",\"url\":\"https:\\\/\\\/secure.gravatar.com\\\/avatar\\\/ca2b49c1df14b84557c567431f045ea69c8ea5da2da50309fd4de9b811da0433?s=96&d=mm&r=g\",\"contentUrl\":\"https:\\\/\\\/secure.gravatar.com\\\/avatar\\\/ca2b49c1df14b84557c567431f045ea69c8ea5da2da50309fd4de9b811da0433?s=96&d=mm&r=g\",\"caption\":\"noticias@prensapaisa.com\"},\"sameAs\":[\"http:\\\/\\\/prensapaisa.com\"],\"url\":\"https:\\\/\\\/prensapaisa.com\\\/index.php\\\/author\\\/prensapaisagmail-com\\\/\"}]}<\/script>\n<!-- \/ Yoast SEO plugin. -->","yoast_head_json":{"title":"Capturan al extranjero sospechoso de asesinar a una chica en el Suroeste antioque\u00f1o - PRENSA PAISA","robots":{"index":"index","follow":"follow","max-snippet":"max-snippet:-1","max-image-preview":"max-image-preview:large","max-video-preview":"max-video-preview:-1"},"canonical":"https:\/\/prensapaisa.com\/index.php\/2022\/11\/07\/capturan-al-extranjero-sospechoso-de-asesinar-a-una-chica-en-el-suroeste-antioqueno\/","og_locale":"es_ES","og_type":"article","og_title":"Capturan al extranjero sospechoso de asesinar a una chica en el Suroeste antioque\u00f1o - PRENSA PAISA","og_description":"&#8220;Tas la muerte violenta de una joven de 18 a\u00f1os de edad, quien fue hallada sin vida en el corregimiento de Santa Rita, en el sector conocido como La Ca\u00f1ada,&hellip;","og_url":"https:\/\/prensapaisa.com\/index.php\/2022\/11\/07\/capturan-al-extranjero-sospechoso-de-asesinar-a-una-chica-en-el-suroeste-antioqueno\/","og_site_name":"PRENSA PAISA","article_published_time":"2022-11-07T14:25:19+00:00","article_modified_time":"2022-11-08T14:25:27+00:00","og_image":[{"width":642,"height":310,"url":"https:\/\/prensapaisa.com\/wp-content\/uploads\/2022\/11\/Captura-20.png","type":"image\/png"}],"author":"noticias@prensapaisa.com","twitter_card":"summary_large_image","twitter_misc":{"Escrito por":"noticias@prensapaisa.com","Tiempo de lectura":"2 minutos"},"schema":{"@context":"https:\/\/schema.org","@graph":[{"@type":"Article","@id":"https:\/\/prensapaisa.com\/index.php\/2022\/11\/07\/capturan-al-extranjero-sospechoso-de-asesinar-a-una-chica-en-el-suroeste-antioqueno\/#article","isPartOf":{"@id":"https:\/\/prensapaisa.com\/index.php\/2022\/11\/07\/capturan-al-extranjero-sospechoso-de-asesinar-a-una-chica-en-el-suroeste-antioqueno\/"},"author":{"name":"noticias@prensapaisa.com","@id":"https:\/\/prensapaisa.com\/#\/schema\/person\/c5899b8b285dbcd70faec88a7c1579f6"},"headline":"Capturan al extranjero sospechoso de asesinar a una chica en el Suroeste antioque\u00f1o","datePublished":"2022-11-07T14:25:19+00:00","dateModified":"2022-11-08T14:25:27+00:00","mainEntityOfPage":{"@id":"https:\/\/prensapaisa.com\/index.php\/2022\/11\/07\/capturan-al-extranjero-sospechoso-de-asesinar-a-una-chica-en-el-suroeste-antioqueno\/"},"wordCount":315,"commentCount":0,"publisher":{"@id":"https:\/\/prensapaisa.com\/#organization"},"image":{"@id":"https:\/\/prensapaisa.com\/index.php\/2022\/11\/07\/capturan-al-extranjero-sospechoso-de-asesinar-a-una-chica-en-el-suroeste-antioqueno\/#primaryimage"},"thumbnailUrl":"https:\/\/prensapaisa.com\/wp-content\/uploads\/2022\/11\/Captura-20.png","articleSection":["Capturas","Municipios","Noticias"],"inLanguage":"es-CO","potentialAction":[{"@type":"CommentAction","name":"Comment","target":["https:\/\/prensapaisa.com\/index.php\/2022\/11\/07\/capturan-al-extranjero-sospechoso-de-asesinar-a-una-chica-en-el-suroeste-antioqueno\/#respond"]}]},{"@type":"WebPage","@id":"https:\/\/prensapaisa.com\/index.php\/2022\/11\/07\/capturan-al-extranjero-sospechoso-de-asesinar-a-una-chica-en-el-suroeste-antioqueno\/","url":"https:\/\/prensapaisa.com\/index.php\/2022\/11\/07\/capturan-al-extranjero-sospechoso-de-asesinar-a-una-chica-en-el-suroeste-antioqueno\/","name":"Capturan al extranjero sospechoso de asesinar a una chica en el Suroeste antioque\u00f1o - PRENSA PAISA","isPartOf":{"@id":"https:\/\/prensapaisa.com\/#website"},"primaryImageOfPage":{"@id":"https:\/\/prensapaisa.com\/index.php\/2022\/11\/07\/capturan-al-extranjero-sospechoso-de-asesinar-a-una-chica-en-el-suroeste-antioqueno\/#primaryimage"},"image":{"@id":"https:\/\/prensapaisa.com\/index.php\/2022\/11\/07\/capturan-al-extranjero-sospechoso-de-asesinar-a-una-chica-en-el-suroeste-antioqueno\/#primaryimage"},"thumbnailUrl":"https:\/\/prensapaisa.com\/wp-content\/uploads\/2022\/11\/Captura-20.png","datePublished":"2022-11-07T14:25:19+00:00","dateModified":"2022-11-08T14:25:27+00:00","breadcrumb":{"@id":"https:\/\/prensapaisa.com\/index.php\/2022\/11\/07\/capturan-al-extranjero-sospechoso-de-asesinar-a-una-chica-en-el-suroeste-antioqueno\/#breadcrumb"},"inLanguage":"es-CO","potentialAction":[{"@type":"ReadAction","target":["https:\/\/prensapaisa.com\/index.php\/2022\/11\/07\/capturan-al-extranjero-sospechoso-de-asesinar-a-una-chica-en-el-suroeste-antioqueno\/"]}]},{"@type":"ImageObject","inLanguage":"es-CO","@id":"https:\/\/prensapaisa.com\/index.php\/2022\/11\/07\/capturan-al-extranjero-sospechoso-de-asesinar-a-una-chica-en-el-suroeste-antioqueno\/#primaryimage","url":"https:\/\/prensapaisa.com\/wp-content\/uploads\/2022\/11\/Captura-20.png","contentUrl":"https:\/\/prensapaisa.com\/wp-content\/uploads\/2022\/11\/Captura-20.png","width":642,"height":310},{"@type":"BreadcrumbList","@id":"https:\/\/prensapaisa.com\/index.php\/2022\/11\/07\/capturan-al-extranjero-sospechoso-de-asesinar-a-una-chica-en-el-suroeste-antioqueno\/#breadcrumb","itemListElement":[{"@type":"ListItem","position":1,"name":"Inicio","item":"https:\/\/prensapaisa.com\/"},{"@type":"ListItem","position":2,"name":"Capturan al extranjero sospechoso de asesinar a una chica en el Suroeste antioque\u00f1o"}]},{"@type":"WebSite","@id":"https:\/\/prensapaisa.com\/#website","url":"https:\/\/prensapaisa.com\/","name":"PRENSA PAISA","description":"Prensa Paisa la Original | Noticias de Medell\u00edn, Antioquia","publisher":{"@id":"https:\/\/prensapaisa.com\/#organization"},"potentialAction":[{"@type":"SearchAction","target":{"@type":"EntryPoint","urlTemplate":"https:\/\/prensapaisa.com\/?s={search_term_string}"},"query-input":{"@type":"PropertyValueSpecification","valueRequired":true,"valueName":"search_term_string"}}],"inLanguage":"es-CO"},{"@type":"Organization","@id":"https:\/\/prensapaisa.com\/#organization","name":"PRENSA PAISA","url":"https:\/\/prensapaisa.com\/","logo":{"@type":"ImageObject","inLanguage":"es-CO","@id":"https:\/\/prensapaisa.com\/#\/schema\/logo\/image\/","url":"https:\/\/prensapaisa.com\/wp-content\/uploads\/2022\/05\/cropped-cropped-prensa.png","contentUrl":"https:\/\/prensapaisa.com\/wp-content\/uploads\/2022\/05\/cropped-cropped-prensa.png","width":784,"height":524,"caption":"PRENSA PAISA"},"image":{"@id":"https:\/\/prensapaisa.com\/#\/schema\/logo\/image\/"}},{"@type":"Person","@id":"https:\/\/prensapaisa.com\/#\/schema\/person\/c5899b8b285dbcd70faec88a7c1579f6","name":"noticias@prensapaisa.com","image":{"@type":"ImageObject","inLanguage":"es-CO","@id":"https:\/\/secure.gravatar.com\/avatar\/ca2b49c1df14b84557c567431f045ea69c8ea5da2da50309fd4de9b811da0433?s=96&d=mm&r=g","url":"https:\/\/secure.gravatar.com\/avatar\/ca2b49c1df14b84557c567431f045ea69c8ea5da2da50309fd4de9b811da0433?s=96&d=mm&r=g","contentUrl":"https:\/\/secure.gravatar.com\/avatar\/ca2b49c1df14b84557c567431f045ea69c8ea5da2da50309fd4de9b811da0433?s=96&d=mm&r=g","caption":"noticias@prensapaisa.com"},"sameAs":["http:\/\/prensapaisa.com"],"url":"https:\/\/prensapaisa.com\/index.php\/author\/prensapaisagmail-com\/"}]}},"_links":{"self":[{"href":"https:\/\/prensapaisa.com\/index.php\/wp-json\/wp\/v2\/posts\/8126","targetHints":{"allow":["GET"]}}],"collection":[{"href":"https:\/\/prensapaisa.com\/index.php\/wp-json\/wp\/v2\/posts"}],"about":[{"href":"https:\/\/prensapaisa.com\/index.php\/wp-json\/wp\/v2\/types\/post"}],"author":[{"embeddable":true,"href":"https:\/\/prensapaisa.com\/index.php\/wp-json\/wp\/v2\/users\/1"}],"replies":[{"embeddable":true,"href":"https:\/\/prensapaisa.com\/index.php\/wp-json\/wp\/v2\/comments?post=8126"}],"version-history":[{"count":1,"href":"https:\/\/prensapaisa.com\/index.php\/wp-json\/wp\/v2\/posts\/8126\/revisions"}],"predecessor-version":[{"id":8128,"href":"https:\/\/prensapaisa.com\/index.php\/wp-json\/wp\/v2\/posts\/8126\/revisions\/8128"}],"wp:featuredmedia":[{"embeddable":true,"href":"https:\/\/prensapaisa.com\/index.php\/wp-json\/wp\/v2\/media\/8127"}],"wp:attachment":[{"href":"https:\/\/prensapaisa.com\/index.php\/wp-json\/wp\/v2\/media?parent=8126"}],"wp:term":[{"taxonomy":"category","embeddable":true,"href":"https:\/\/prensapaisa.com\/index.php\/wp-json\/wp\/v2\/categories?post=8126"},{"taxonomy":"post_tag","embeddable":true,"href":"https:\/\/prensapaisa.com\/index.php\/wp-json\/wp\/v2\/tags?post=8126"}],"curies":[{"name":"wp","href":"https:\/\/api.w.org\/{rel}","templated":true}]}}