{"id":8123,"date":"2022-11-07T09:22:48","date_gmt":"2022-11-07T14:22:48","guid":{"rendered":"https:\/\/prensapaisa.com\/?p=8123"},"modified":"2022-11-08T09:23:00","modified_gmt":"2022-11-08T14:23:00","slug":"nuevo-punto-de-atencion-diferencial-para-la-poblacion-lgbtiq-en-medellin","status":"publish","type":"post","link":"https:\/\/prensapaisa.com\/index.php\/2022\/11\/07\/nuevo-punto-de-atencion-diferencial-para-la-poblacion-lgbtiq-en-medellin\/","title":{"rendered":"Nuevo punto de atenci\u00f3n diferencial para la poblaci\u00f3n LGBTIQ+ en Medell\u00edn"},"content":{"rendered":"\n<p>&#8220;Apertura al punto de atenci\u00f3n para personas con orientaciones sexuales e identidades de g\u00e9nero diversas, ubicado en la Fiscal\u00eda seccional Medell\u00edn, en un encuentro en el que particip\u00f3 la vicefiscal General de la Naci\u00f3n, Martha Mancera; la gerenta de Diversidades Sexuales e Identidades de G\u00e9nero, Patricia Llano Obando y organizaciones LGBTI de la ciudad.<\/p>\n\n\n\n<p>Con este hito, ahora la poblaci\u00f3n LGBTI recibir\u00e1 <a><\/a>orientaci\u00f3n y recepci\u00f3n al momento de hacer una denuncia por un equipo interdisciplinario dispuesto desde la Fiscal\u00eda y desde la Gerencia de Diversidades Sexuales e Identidades de G\u00e9nero de la Alcald\u00eda de Medell\u00edn, capacitado en orientaciones sexuales, expresiones e identidades de g\u00e9nero no hegem\u00f3nicas y rutas de atenci\u00f3n.<\/p>\n\n\n\n<p>Este punto de atenci\u00f3n funcionar\u00e1 de lunes a viernes, desde las 7:00 a. m. hasta las 5:00 p. m., en el b\u00fanker de la Fiscal\u00eda seccional Medell\u00edn (carrera 64 #67-300). Para facilitar esta atenci\u00f3n, en la sala de espera se cuenta con trabajadoras sociales que indagan si las personas llegan por una violencia basada en su orientaci\u00f3n sexual o identidad de g\u00e9nero. Cuando se confirma, se ofrece un turno preferencial para pasar al receptor de la denuncia, quien aplica el Filtro de Identificaci\u00f3n del Riesgo y, de acuerdo a este, se activan las rutas pertinentes.<\/p>\n\n\n\n<p>Por otra parte, la Fiscal\u00eda General de la Naci\u00f3n firm\u00f3 el 27 de octubre la resoluci\u00f3n que adopta la Gu\u00eda de Buenas Pr\u00e1cticas para la Investigaci\u00f3n y Judicializaci\u00f3n de Violencias Fundadas en la Orientaci\u00f3n Sexual y\/o Identidad de G\u00e9nero (Real o Percibida) de la V\u00edctima. Por lo tanto, con estas dos medidas recientes, tanto desde la Fiscal\u00eda General de la Naci\u00f3n como desde la Alcald\u00eda de Medell\u00edn, se apuesta por la disminuci\u00f3n en la impunidad de este tipo de violencias y el acceso, protecci\u00f3n y restituci\u00f3n de los derechos de la poblaci\u00f3n LGBTI.<\/p>\n\n\n\n<p>En el \u00faltimo a\u00f1o, la Gerencia de Diversidades Sexuales e Identidades de G\u00e9nero ha realizado 909 acciones afirmativas para la protecci\u00f3n y promoci\u00f3n de los derechos de la poblaci\u00f3n LGBTI, a trav\u00e9s de servicios como la asesor\u00eda jur\u00eddica, con 277 atenciones; asesor\u00edas en salud por medicina general a 71 personas y talleres con 266 estudiantes de \u00e1reas de la salud. Igualmente, se han adelantado 16 procesos formativos con instituciones de educaci\u00f3n secundaria en los que han participado m\u00e1s de 250 estudiantes, profesores y directivos&#8221;.<\/p>\n\n\n\n<p><a href=\"https:\/\/www.facebook.com\/hashtag\/vidinfo?__eep__=6&amp;__cft__[0]=AZWwz7ertg5GBRtkMsBMkJHNAobLc1fepILZmNYNq0pFHamshA-B9tP5DeX7dQAJTcdXSezihKbeNZ_9FWBHU4y6Kzz3_Nm7Urb0v08gkSe7tB2TpDWINdqrDH3Q0Tg_VxmJwCn_75WWy_mp5dyZTbbFqmq49nIt9hogZeY_Y49k1BamWZkOGMyi_hNuiBh6gKQ&amp;__tn__=*NK-R\">#Vidinfo<\/a>: Stephen Arboleda<\/p>\n\n\n\n<figure class=\"wp-block-embed is-type-video is-provider-youtube wp-block-embed-youtube wp-embed-aspect-16-9 wp-has-aspect-ratio\"><div class=\"wp-block-embed__wrapper\">\n<iframe title=\"Nuevo punto de atenci\u00f3n diferencial para la poblaci\u00f3n LGBTIQ+ en Medell\u00edn\" width=\"1170\" height=\"658\" src=\"https:\/\/www.youtube.com\/embed\/EOe-Tbu8uWI?feature=oembed\" frameborder=\"0\" allow=\"accelerometer; autoplay; clipboard-write; encrypted-media; gyroscope; picture-in-picture\" allowfullscreen><\/iframe>\n<\/div><\/figure>\n","protected":false},"excerpt":{"rendered":"<p>&#8220;Apertura al punto de atenci\u00f3n para personas con orientaciones sexuales e identidades de g\u00e9nero diversas, ubicado en la Fiscal\u00eda seccional Medell\u00edn, en un encuentro en el que particip\u00f3 la vicefiscal&hellip;<\/p>\n","protected":false},"author":1,"featured_media":8124,"comment_status":"open","ping_status":"open","sticky":false,"template":"","format":"standard","meta":{"footnotes":""},"categories":[1,46],"tags":[],"class_list":["post-8123","post","type-post","status-publish","format-standard","has-post-thumbnail","hentry","category-noticias","category-redes-sociales"],"yoast_head":"<!-- This site is optimized with the Yoast SEO plugin v27.4 - https:\/\/yoast.com\/product\/yoast-seo-wordpress\/ -->\n<title>Nuevo punto de atenci\u00f3n diferencial para la poblaci\u00f3n LGBTIQ+ en Medell\u00edn - PRENSA PAISA<\/title>\n<meta name=\"robots\" content=\"index, follow, max-snippet:-1, max-image-preview:large, max-video-preview:-1\" \/>\n<link rel=\"canonical\" href=\"https:\/\/prensapaisa.com\/index.php\/2022\/11\/07\/nuevo-punto-de-atencion-diferencial-para-la-poblacion-lgbtiq-en-medellin\/\" \/>\n<meta property=\"og:locale\" content=\"es_ES\" \/>\n<meta property=\"og:type\" content=\"article\" \/>\n<meta property=\"og:title\" content=\"Nuevo punto de atenci\u00f3n diferencial para la poblaci\u00f3n LGBTIQ+ en Medell\u00edn - PRENSA PAISA\" \/>\n<meta property=\"og:description\" content=\"&#8220;Apertura al punto de atenci\u00f3n para personas con orientaciones sexuales e identidades de g\u00e9nero diversas, ubicado en la Fiscal\u00eda seccional Medell\u00edn, en un encuentro en el que particip\u00f3 la vicefiscal&hellip;\" \/>\n<meta property=\"og:url\" content=\"https:\/\/prensapaisa.com\/index.php\/2022\/11\/07\/nuevo-punto-de-atencion-diferencial-para-la-poblacion-lgbtiq-en-medellin\/\" \/>\n<meta property=\"og:site_name\" content=\"PRENSA PAISA\" \/>\n<meta property=\"article:published_time\" content=\"2022-11-07T14:22:48+00:00\" \/>\n<meta property=\"article:modified_time\" content=\"2022-11-08T14:23:00+00:00\" \/>\n<meta property=\"og:image\" content=\"https:\/\/prensapaisa.com\/wp-content\/uploads\/2022\/11\/1-28.jpg\" \/>\n\t<meta property=\"og:image:width\" content=\"600\" \/>\n\t<meta property=\"og:image:height\" content=\"450\" \/>\n\t<meta property=\"og:image:type\" content=\"image\/jpeg\" \/>\n<meta name=\"author\" content=\"noticias@prensapaisa.com\" \/>\n<meta name=\"twitter:card\" content=\"summary_large_image\" \/>\n<meta name=\"twitter:label1\" content=\"Escrito por\" \/>\n\t<meta name=\"twitter:data1\" content=\"noticias@prensapaisa.com\" \/>\n\t<meta name=\"twitter:label2\" content=\"Tiempo de lectura\" \/>\n\t<meta name=\"twitter:data2\" content=\"2 minutos\" \/>\n<script type=\"application\/ld+json\" class=\"yoast-schema-graph\">{\"@context\":\"https:\\\/\\\/schema.org\",\"@graph\":[{\"@type\":\"Article\",\"@id\":\"https:\\\/\\\/prensapaisa.com\\\/index.php\\\/2022\\\/11\\\/07\\\/nuevo-punto-de-atencion-diferencial-para-la-poblacion-lgbtiq-en-medellin\\\/#article\",\"isPartOf\":{\"@id\":\"https:\\\/\\\/prensapaisa.com\\\/index.php\\\/2022\\\/11\\\/07\\\/nuevo-punto-de-atencion-diferencial-para-la-poblacion-lgbtiq-en-medellin\\\/\"},\"author\":{\"name\":\"noticias@prensapaisa.com\",\"@id\":\"https:\\\/\\\/prensapaisa.com\\\/#\\\/schema\\\/person\\\/c5899b8b285dbcd70faec88a7c1579f6\"},\"headline\":\"Nuevo punto de atenci\u00f3n diferencial para la poblaci\u00f3n LGBTIQ+ en Medell\u00edn\",\"datePublished\":\"2022-11-07T14:22:48+00:00\",\"dateModified\":\"2022-11-08T14:23:00+00:00\",\"mainEntityOfPage\":{\"@id\":\"https:\\\/\\\/prensapaisa.com\\\/index.php\\\/2022\\\/11\\\/07\\\/nuevo-punto-de-atencion-diferencial-para-la-poblacion-lgbtiq-en-medellin\\\/\"},\"wordCount\":448,\"commentCount\":0,\"publisher\":{\"@id\":\"https:\\\/\\\/prensapaisa.com\\\/#organization\"},\"image\":{\"@id\":\"https:\\\/\\\/prensapaisa.com\\\/index.php\\\/2022\\\/11\\\/07\\\/nuevo-punto-de-atencion-diferencial-para-la-poblacion-lgbtiq-en-medellin\\\/#primaryimage\"},\"thumbnailUrl\":\"https:\\\/\\\/prensapaisa.com\\\/wp-content\\\/uploads\\\/2022\\\/11\\\/1-28.jpg\",\"articleSection\":[\"Noticias\",\"Redes Sociales\"],\"inLanguage\":\"es-CO\",\"potentialAction\":[{\"@type\":\"CommentAction\",\"name\":\"Comment\",\"target\":[\"https:\\\/\\\/prensapaisa.com\\\/index.php\\\/2022\\\/11\\\/07\\\/nuevo-punto-de-atencion-diferencial-para-la-poblacion-lgbtiq-en-medellin\\\/#respond\"]}]},{\"@type\":\"WebPage\",\"@id\":\"https:\\\/\\\/prensapaisa.com\\\/index.php\\\/2022\\\/11\\\/07\\\/nuevo-punto-de-atencion-diferencial-para-la-poblacion-lgbtiq-en-medellin\\\/\",\"url\":\"https:\\\/\\\/prensapaisa.com\\\/index.php\\\/2022\\\/11\\\/07\\\/nuevo-punto-de-atencion-diferencial-para-la-poblacion-lgbtiq-en-medellin\\\/\",\"name\":\"Nuevo punto de atenci\u00f3n diferencial para la poblaci\u00f3n LGBTIQ+ en Medell\u00edn - PRENSA PAISA\",\"isPartOf\":{\"@id\":\"https:\\\/\\\/prensapaisa.com\\\/#website\"},\"primaryImageOfPage\":{\"@id\":\"https:\\\/\\\/prensapaisa.com\\\/index.php\\\/2022\\\/11\\\/07\\\/nuevo-punto-de-atencion-diferencial-para-la-poblacion-lgbtiq-en-medellin\\\/#primaryimage\"},\"image\":{\"@id\":\"https:\\\/\\\/prensapaisa.com\\\/index.php\\\/2022\\\/11\\\/07\\\/nuevo-punto-de-atencion-diferencial-para-la-poblacion-lgbtiq-en-medellin\\\/#primaryimage\"},\"thumbnailUrl\":\"https:\\\/\\\/prensapaisa.com\\\/wp-content\\\/uploads\\\/2022\\\/11\\\/1-28.jpg\",\"datePublished\":\"2022-11-07T14:22:48+00:00\",\"dateModified\":\"2022-11-08T14:23:00+00:00\",\"breadcrumb\":{\"@id\":\"https:\\\/\\\/prensapaisa.com\\\/index.php\\\/2022\\\/11\\\/07\\\/nuevo-punto-de-atencion-diferencial-para-la-poblacion-lgbtiq-en-medellin\\\/#breadcrumb\"},\"inLanguage\":\"es-CO\",\"potentialAction\":[{\"@type\":\"ReadAction\",\"target\":[\"https:\\\/\\\/prensapaisa.com\\\/index.php\\\/2022\\\/11\\\/07\\\/nuevo-punto-de-atencion-diferencial-para-la-poblacion-lgbtiq-en-medellin\\\/\"]}]},{\"@type\":\"ImageObject\",\"inLanguage\":\"es-CO\",\"@id\":\"https:\\\/\\\/prensapaisa.com\\\/index.php\\\/2022\\\/11\\\/07\\\/nuevo-punto-de-atencion-diferencial-para-la-poblacion-lgbtiq-en-medellin\\\/#primaryimage\",\"url\":\"https:\\\/\\\/prensapaisa.com\\\/wp-content\\\/uploads\\\/2022\\\/11\\\/1-28.jpg\",\"contentUrl\":\"https:\\\/\\\/prensapaisa.com\\\/wp-content\\\/uploads\\\/2022\\\/11\\\/1-28.jpg\",\"width\":600,\"height\":450},{\"@type\":\"BreadcrumbList\",\"@id\":\"https:\\\/\\\/prensapaisa.com\\\/index.php\\\/2022\\\/11\\\/07\\\/nuevo-punto-de-atencion-diferencial-para-la-poblacion-lgbtiq-en-medellin\\\/#breadcrumb\",\"itemListElement\":[{\"@type\":\"ListItem\",\"position\":1,\"name\":\"Inicio\",\"item\":\"https:\\\/\\\/prensapaisa.com\\\/\"},{\"@type\":\"ListItem\",\"position\":2,\"name\":\"Nuevo punto de atenci\u00f3n diferencial para la poblaci\u00f3n LGBTIQ+ en Medell\u00edn\"}]},{\"@type\":\"WebSite\",\"@id\":\"https:\\\/\\\/prensapaisa.com\\\/#website\",\"url\":\"https:\\\/\\\/prensapaisa.com\\\/\",\"name\":\"PRENSA PAISA\",\"description\":\"Prensa Paisa la Original | Noticias de Medell\u00edn, Antioquia\",\"publisher\":{\"@id\":\"https:\\\/\\\/prensapaisa.com\\\/#organization\"},\"potentialAction\":[{\"@type\":\"SearchAction\",\"target\":{\"@type\":\"EntryPoint\",\"urlTemplate\":\"https:\\\/\\\/prensapaisa.com\\\/?s={search_term_string}\"},\"query-input\":{\"@type\":\"PropertyValueSpecification\",\"valueRequired\":true,\"valueName\":\"search_term_string\"}}],\"inLanguage\":\"es-CO\"},{\"@type\":\"Organization\",\"@id\":\"https:\\\/\\\/prensapaisa.com\\\/#organization\",\"name\":\"PRENSA PAISA\",\"url\":\"https:\\\/\\\/prensapaisa.com\\\/\",\"logo\":{\"@type\":\"ImageObject\",\"inLanguage\":\"es-CO\",\"@id\":\"https:\\\/\\\/prensapaisa.com\\\/#\\\/schema\\\/logo\\\/image\\\/\",\"url\":\"https:\\\/\\\/prensapaisa.com\\\/wp-content\\\/uploads\\\/2022\\\/05\\\/cropped-cropped-prensa.png\",\"contentUrl\":\"https:\\\/\\\/prensapaisa.com\\\/wp-content\\\/uploads\\\/2022\\\/05\\\/cropped-cropped-prensa.png\",\"width\":784,\"height\":524,\"caption\":\"PRENSA PAISA\"},\"image\":{\"@id\":\"https:\\\/\\\/prensapaisa.com\\\/#\\\/schema\\\/logo\\\/image\\\/\"}},{\"@type\":\"Person\",\"@id\":\"https:\\\/\\\/prensapaisa.com\\\/#\\\/schema\\\/person\\\/c5899b8b285dbcd70faec88a7c1579f6\",\"name\":\"noticias@prensapaisa.com\",\"image\":{\"@type\":\"ImageObject\",\"inLanguage\":\"es-CO\",\"@id\":\"https:\\\/\\\/secure.gravatar.com\\\/avatar\\\/ca2b49c1df14b84557c567431f045ea69c8ea5da2da50309fd4de9b811da0433?s=96&d=mm&r=g\",\"url\":\"https:\\\/\\\/secure.gravatar.com\\\/avatar\\\/ca2b49c1df14b84557c567431f045ea69c8ea5da2da50309fd4de9b811da0433?s=96&d=mm&r=g\",\"contentUrl\":\"https:\\\/\\\/secure.gravatar.com\\\/avatar\\\/ca2b49c1df14b84557c567431f045ea69c8ea5da2da50309fd4de9b811da0433?s=96&d=mm&r=g\",\"caption\":\"noticias@prensapaisa.com\"},\"sameAs\":[\"http:\\\/\\\/prensapaisa.com\"],\"url\":\"https:\\\/\\\/prensapaisa.com\\\/index.php\\\/author\\\/prensapaisagmail-com\\\/\"}]}<\/script>\n<!-- \/ Yoast SEO plugin. -->","yoast_head_json":{"title":"Nuevo punto de atenci\u00f3n diferencial para la poblaci\u00f3n LGBTIQ+ en Medell\u00edn - PRENSA PAISA","robots":{"index":"index","follow":"follow","max-snippet":"max-snippet:-1","max-image-preview":"max-image-preview:large","max-video-preview":"max-video-preview:-1"},"canonical":"https:\/\/prensapaisa.com\/index.php\/2022\/11\/07\/nuevo-punto-de-atencion-diferencial-para-la-poblacion-lgbtiq-en-medellin\/","og_locale":"es_ES","og_type":"article","og_title":"Nuevo punto de atenci\u00f3n diferencial para la poblaci\u00f3n LGBTIQ+ en Medell\u00edn - PRENSA PAISA","og_description":"&#8220;Apertura al punto de atenci\u00f3n para personas con orientaciones sexuales e identidades de g\u00e9nero diversas, ubicado en la Fiscal\u00eda seccional Medell\u00edn, en un encuentro en el que particip\u00f3 la vicefiscal&hellip;","og_url":"https:\/\/prensapaisa.com\/index.php\/2022\/11\/07\/nuevo-punto-de-atencion-diferencial-para-la-poblacion-lgbtiq-en-medellin\/","og_site_name":"PRENSA PAISA","article_published_time":"2022-11-07T14:22:48+00:00","article_modified_time":"2022-11-08T14:23:00+00:00","og_image":[{"width":600,"height":450,"url":"https:\/\/prensapaisa.com\/wp-content\/uploads\/2022\/11\/1-28.jpg","type":"image\/jpeg"}],"author":"noticias@prensapaisa.com","twitter_card":"summary_large_image","twitter_misc":{"Escrito por":"noticias@prensapaisa.com","Tiempo de lectura":"2 minutos"},"schema":{"@context":"https:\/\/schema.org","@graph":[{"@type":"Article","@id":"https:\/\/prensapaisa.com\/index.php\/2022\/11\/07\/nuevo-punto-de-atencion-diferencial-para-la-poblacion-lgbtiq-en-medellin\/#article","isPartOf":{"@id":"https:\/\/prensapaisa.com\/index.php\/2022\/11\/07\/nuevo-punto-de-atencion-diferencial-para-la-poblacion-lgbtiq-en-medellin\/"},"author":{"name":"noticias@prensapaisa.com","@id":"https:\/\/prensapaisa.com\/#\/schema\/person\/c5899b8b285dbcd70faec88a7c1579f6"},"headline":"Nuevo punto de atenci\u00f3n diferencial para la poblaci\u00f3n LGBTIQ+ en Medell\u00edn","datePublished":"2022-11-07T14:22:48+00:00","dateModified":"2022-11-08T14:23:00+00:00","mainEntityOfPage":{"@id":"https:\/\/prensapaisa.com\/index.php\/2022\/11\/07\/nuevo-punto-de-atencion-diferencial-para-la-poblacion-lgbtiq-en-medellin\/"},"wordCount":448,"commentCount":0,"publisher":{"@id":"https:\/\/prensapaisa.com\/#organization"},"image":{"@id":"https:\/\/prensapaisa.com\/index.php\/2022\/11\/07\/nuevo-punto-de-atencion-diferencial-para-la-poblacion-lgbtiq-en-medellin\/#primaryimage"},"thumbnailUrl":"https:\/\/prensapaisa.com\/wp-content\/uploads\/2022\/11\/1-28.jpg","articleSection":["Noticias","Redes Sociales"],"inLanguage":"es-CO","potentialAction":[{"@type":"CommentAction","name":"Comment","target":["https:\/\/prensapaisa.com\/index.php\/2022\/11\/07\/nuevo-punto-de-atencion-diferencial-para-la-poblacion-lgbtiq-en-medellin\/#respond"]}]},{"@type":"WebPage","@id":"https:\/\/prensapaisa.com\/index.php\/2022\/11\/07\/nuevo-punto-de-atencion-diferencial-para-la-poblacion-lgbtiq-en-medellin\/","url":"https:\/\/prensapaisa.com\/index.php\/2022\/11\/07\/nuevo-punto-de-atencion-diferencial-para-la-poblacion-lgbtiq-en-medellin\/","name":"Nuevo punto de atenci\u00f3n diferencial para la poblaci\u00f3n LGBTIQ+ en Medell\u00edn - PRENSA PAISA","isPartOf":{"@id":"https:\/\/prensapaisa.com\/#website"},"primaryImageOfPage":{"@id":"https:\/\/prensapaisa.com\/index.php\/2022\/11\/07\/nuevo-punto-de-atencion-diferencial-para-la-poblacion-lgbtiq-en-medellin\/#primaryimage"},"image":{"@id":"https:\/\/prensapaisa.com\/index.php\/2022\/11\/07\/nuevo-punto-de-atencion-diferencial-para-la-poblacion-lgbtiq-en-medellin\/#primaryimage"},"thumbnailUrl":"https:\/\/prensapaisa.com\/wp-content\/uploads\/2022\/11\/1-28.jpg","datePublished":"2022-11-07T14:22:48+00:00","dateModified":"2022-11-08T14:23:00+00:00","breadcrumb":{"@id":"https:\/\/prensapaisa.com\/index.php\/2022\/11\/07\/nuevo-punto-de-atencion-diferencial-para-la-poblacion-lgbtiq-en-medellin\/#breadcrumb"},"inLanguage":"es-CO","potentialAction":[{"@type":"ReadAction","target":["https:\/\/prensapaisa.com\/index.php\/2022\/11\/07\/nuevo-punto-de-atencion-diferencial-para-la-poblacion-lgbtiq-en-medellin\/"]}]},{"@type":"ImageObject","inLanguage":"es-CO","@id":"https:\/\/prensapaisa.com\/index.php\/2022\/11\/07\/nuevo-punto-de-atencion-diferencial-para-la-poblacion-lgbtiq-en-medellin\/#primaryimage","url":"https:\/\/prensapaisa.com\/wp-content\/uploads\/2022\/11\/1-28.jpg","contentUrl":"https:\/\/prensapaisa.com\/wp-content\/uploads\/2022\/11\/1-28.jpg","width":600,"height":450},{"@type":"BreadcrumbList","@id":"https:\/\/prensapaisa.com\/index.php\/2022\/11\/07\/nuevo-punto-de-atencion-diferencial-para-la-poblacion-lgbtiq-en-medellin\/#breadcrumb","itemListElement":[{"@type":"ListItem","position":1,"name":"Inicio","item":"https:\/\/prensapaisa.com\/"},{"@type":"ListItem","position":2,"name":"Nuevo punto de atenci\u00f3n diferencial para la poblaci\u00f3n LGBTIQ+ en Medell\u00edn"}]},{"@type":"WebSite","@id":"https:\/\/prensapaisa.com\/#website","url":"https:\/\/prensapaisa.com\/","name":"PRENSA PAISA","description":"Prensa Paisa la Original | Noticias de Medell\u00edn, Antioquia","publisher":{"@id":"https:\/\/prensapaisa.com\/#organization"},"potentialAction":[{"@type":"SearchAction","target":{"@type":"EntryPoint","urlTemplate":"https:\/\/prensapaisa.com\/?s={search_term_string}"},"query-input":{"@type":"PropertyValueSpecification","valueRequired":true,"valueName":"search_term_string"}}],"inLanguage":"es-CO"},{"@type":"Organization","@id":"https:\/\/prensapaisa.com\/#organization","name":"PRENSA PAISA","url":"https:\/\/prensapaisa.com\/","logo":{"@type":"ImageObject","inLanguage":"es-CO","@id":"https:\/\/prensapaisa.com\/#\/schema\/logo\/image\/","url":"https:\/\/prensapaisa.com\/wp-content\/uploads\/2022\/05\/cropped-cropped-prensa.png","contentUrl":"https:\/\/prensapaisa.com\/wp-content\/uploads\/2022\/05\/cropped-cropped-prensa.png","width":784,"height":524,"caption":"PRENSA PAISA"},"image":{"@id":"https:\/\/prensapaisa.com\/#\/schema\/logo\/image\/"}},{"@type":"Person","@id":"https:\/\/prensapaisa.com\/#\/schema\/person\/c5899b8b285dbcd70faec88a7c1579f6","name":"noticias@prensapaisa.com","image":{"@type":"ImageObject","inLanguage":"es-CO","@id":"https:\/\/secure.gravatar.com\/avatar\/ca2b49c1df14b84557c567431f045ea69c8ea5da2da50309fd4de9b811da0433?s=96&d=mm&r=g","url":"https:\/\/secure.gravatar.com\/avatar\/ca2b49c1df14b84557c567431f045ea69c8ea5da2da50309fd4de9b811da0433?s=96&d=mm&r=g","contentUrl":"https:\/\/secure.gravatar.com\/avatar\/ca2b49c1df14b84557c567431f045ea69c8ea5da2da50309fd4de9b811da0433?s=96&d=mm&r=g","caption":"noticias@prensapaisa.com"},"sameAs":["http:\/\/prensapaisa.com"],"url":"https:\/\/prensapaisa.com\/index.php\/author\/prensapaisagmail-com\/"}]}},"_links":{"self":[{"href":"https:\/\/prensapaisa.com\/index.php\/wp-json\/wp\/v2\/posts\/8123","targetHints":{"allow":["GET"]}}],"collection":[{"href":"https:\/\/prensapaisa.com\/index.php\/wp-json\/wp\/v2\/posts"}],"about":[{"href":"https:\/\/prensapaisa.com\/index.php\/wp-json\/wp\/v2\/types\/post"}],"author":[{"embeddable":true,"href":"https:\/\/prensapaisa.com\/index.php\/wp-json\/wp\/v2\/users\/1"}],"replies":[{"embeddable":true,"href":"https:\/\/prensapaisa.com\/index.php\/wp-json\/wp\/v2\/comments?post=8123"}],"version-history":[{"count":1,"href":"https:\/\/prensapaisa.com\/index.php\/wp-json\/wp\/v2\/posts\/8123\/revisions"}],"predecessor-version":[{"id":8125,"href":"https:\/\/prensapaisa.com\/index.php\/wp-json\/wp\/v2\/posts\/8123\/revisions\/8125"}],"wp:featuredmedia":[{"embeddable":true,"href":"https:\/\/prensapaisa.com\/index.php\/wp-json\/wp\/v2\/media\/8124"}],"wp:attachment":[{"href":"https:\/\/prensapaisa.com\/index.php\/wp-json\/wp\/v2\/media?parent=8123"}],"wp:term":[{"taxonomy":"category","embeddable":true,"href":"https:\/\/prensapaisa.com\/index.php\/wp-json\/wp\/v2\/categories?post=8123"},{"taxonomy":"post_tag","embeddable":true,"href":"https:\/\/prensapaisa.com\/index.php\/wp-json\/wp\/v2\/tags?post=8123"}],"curies":[{"name":"wp","href":"https:\/\/api.w.org\/{rel}","templated":true}]}}