{"id":7967,"date":"2022-11-02T11:50:12","date_gmt":"2022-11-02T16:50:12","guid":{"rendered":"https:\/\/prensapaisa.com\/?p=7967"},"modified":"2022-11-02T11:50:13","modified_gmt":"2022-11-02T16:50:13","slug":"presos-disfrazados-escaparon-como-por-arte-de-magia-en-el-uraba-antioqueno","status":"publish","type":"post","link":"https:\/\/prensapaisa.com\/index.php\/2022\/11\/02\/presos-disfrazados-escaparon-como-por-arte-de-magia-en-el-uraba-antioqueno\/","title":{"rendered":"Presos disfrazados escaparon, como por arte de magia, en el Urab\u00e1 antioque\u00f1o"},"content":{"rendered":"\n<p>El Mayor Mario C\u00e1rdenas, Comandante Distrito Uno de Polic\u00eda de Apartad\u00f3, inform\u00f3 sobre la fuga de nueve detenidos de la estaci\u00f3n de Polic\u00eda.<\/p>\n\n\n\n<p>Los hechos se presentaron en la madrugada del 1 de noviembre cuando un uniformado de servicio daba una rodan por las celdas y los detenidos se le abalanzaron, para intentar quitarle su arma de fuego. El uniformado us\u00f3 sus mejores t\u00e9cnicas de defensa personal, <a><\/a>caminaba a hurtadillas, dio vueltas en el suelo, realiz\u00f3 algunas piruetas en el aire e hizo algunos movimientos con sus manos y piernas para controlar a quienes iban a escapar.<\/p>\n\n\n\n<p>Luego, en medio de la reacci\u00f3n, con accion\u00f3 su pistola de dotaci\u00f3n e hiri\u00f3 a dos personas privadas de la libertad, quienes fueron trasladados hasta un centro asistencial.<\/p>\n\n\n\n<p>Mientras que sonaron las alarmas, llegaron los refuerzos y recapturaron a uno de los fugitivos cuando se iba a meter por un ca\u00f1o.<\/p>\n\n\n\n<p>Testigos aseguraron que vieron a varios hombres sospechosos disfrazados de sacerdotes, monjas y diablos cuando salieron por una calle de la c\u00e1rcel.<\/p>\n\n\n\n<p>&#8220;En este momento el polic\u00eda reacciona y lamentablemente lesion\u00f3 a dos de estos sujetos, uno de ellos ya le dieron salida, se encuentra en la estaci\u00f3n de polic\u00eda, el otro se encuentra con pron\u00f3stico reservado en la Cl\u00ednica Panamericana, debido a la gravedad de las heridas&#8221;, agreg\u00f3 el Mayor.<\/p>\n\n\n\n<p>Las autoridades investigan, paso a paso, los hechos y tratan de rastrear el escondite de los seis pr\u00f3fugos de la justicia.<\/p>\n\n\n\n<figure class=\"wp-block-embed is-type-video is-provider-youtube wp-block-embed-youtube wp-embed-aspect-16-9 wp-has-aspect-ratio\"><div class=\"wp-block-embed__wrapper\">\n<iframe title=\"Presos disfrazados escaparon, como por arte de magia, en el Urab\u00e1 antioque\u00f1o\" width=\"1170\" height=\"658\" src=\"https:\/\/www.youtube.com\/embed\/AXXZz6Ff1BE?feature=oembed\" frameborder=\"0\" allow=\"accelerometer; autoplay; clipboard-write; encrypted-media; gyroscope; picture-in-picture\" allowfullscreen><\/iframe>\n<\/div><\/figure>\n","protected":false},"excerpt":{"rendered":"<p>El Mayor Mario C\u00e1rdenas, Comandante Distrito Uno de Polic\u00eda de Apartad\u00f3, inform\u00f3 sobre la fuga de nueve detenidos de la estaci\u00f3n de Polic\u00eda. Los hechos se presentaron en la madrugada&hellip;<\/p>\n","protected":false},"author":1,"featured_media":7968,"comment_status":"open","ping_status":"open","sticky":false,"template":"","format":"standard","meta":{"footnotes":""},"categories":[1],"tags":[],"class_list":["post-7967","post","type-post","status-publish","format-standard","has-post-thumbnail","hentry","category-noticias"],"yoast_head":"<!-- This site is optimized with the Yoast SEO plugin v27.5 - https:\/\/yoast.com\/product\/yoast-seo-wordpress\/ -->\n<title>Presos disfrazados escaparon, como por arte de magia, en el Urab\u00e1 antioque\u00f1o - PRENSA PAISA<\/title>\n<meta name=\"robots\" content=\"index, follow, max-snippet:-1, max-image-preview:large, max-video-preview:-1\" \/>\n<link rel=\"canonical\" href=\"https:\/\/prensapaisa.com\/index.php\/2022\/11\/02\/presos-disfrazados-escaparon-como-por-arte-de-magia-en-el-uraba-antioqueno\/\" \/>\n<meta property=\"og:locale\" content=\"es_ES\" \/>\n<meta property=\"og:type\" content=\"article\" \/>\n<meta property=\"og:title\" content=\"Presos disfrazados escaparon, como por arte de magia, en el Urab\u00e1 antioque\u00f1o - PRENSA PAISA\" \/>\n<meta property=\"og:description\" content=\"El Mayor Mario C\u00e1rdenas, Comandante Distrito Uno de Polic\u00eda de Apartad\u00f3, inform\u00f3 sobre la fuga de nueve detenidos de la estaci\u00f3n de Polic\u00eda. Los hechos se presentaron en la madrugada&hellip;\" \/>\n<meta property=\"og:url\" content=\"https:\/\/prensapaisa.com\/index.php\/2022\/11\/02\/presos-disfrazados-escaparon-como-por-arte-de-magia-en-el-uraba-antioqueno\/\" \/>\n<meta property=\"og:site_name\" content=\"PRENSA PAISA\" \/>\n<meta property=\"article:published_time\" content=\"2022-11-02T16:50:12+00:00\" \/>\n<meta property=\"article:modified_time\" content=\"2022-11-02T16:50:13+00:00\" \/>\n<meta property=\"og:image\" content=\"https:\/\/prensapaisa.com\/wp-content\/uploads\/2022\/11\/633dee8beff2e.r_1665003645302.9-6-694-390.jpeg\" \/>\n\t<meta property=\"og:image:width\" content=\"950\" \/>\n\t<meta property=\"og:image:height\" content=\"475\" \/>\n\t<meta property=\"og:image:type\" content=\"image\/jpeg\" \/>\n<meta name=\"author\" content=\"noticias@prensapaisa.com\" \/>\n<meta name=\"twitter:card\" content=\"summary_large_image\" \/>\n<meta name=\"twitter:label1\" content=\"Escrito por\" \/>\n\t<meta name=\"twitter:data1\" content=\"noticias@prensapaisa.com\" \/>\n\t<meta name=\"twitter:label2\" content=\"Tiempo de lectura\" \/>\n\t<meta name=\"twitter:data2\" content=\"2 minutos\" \/>\n<script type=\"application\/ld+json\" class=\"yoast-schema-graph\">{\"@context\":\"https:\\\/\\\/schema.org\",\"@graph\":[{\"@type\":\"Article\",\"@id\":\"https:\\\/\\\/prensapaisa.com\\\/index.php\\\/2022\\\/11\\\/02\\\/presos-disfrazados-escaparon-como-por-arte-de-magia-en-el-uraba-antioqueno\\\/#article\",\"isPartOf\":{\"@id\":\"https:\\\/\\\/prensapaisa.com\\\/index.php\\\/2022\\\/11\\\/02\\\/presos-disfrazados-escaparon-como-por-arte-de-magia-en-el-uraba-antioqueno\\\/\"},\"author\":{\"name\":\"noticias@prensapaisa.com\",\"@id\":\"https:\\\/\\\/prensapaisa.com\\\/#\\\/schema\\\/person\\\/c5899b8b285dbcd70faec88a7c1579f6\"},\"headline\":\"Presos disfrazados escaparon, como por arte de magia, en el Urab\u00e1 antioque\u00f1o\",\"datePublished\":\"2022-11-02T16:50:12+00:00\",\"dateModified\":\"2022-11-02T16:50:13+00:00\",\"mainEntityOfPage\":{\"@id\":\"https:\\\/\\\/prensapaisa.com\\\/index.php\\\/2022\\\/11\\\/02\\\/presos-disfrazados-escaparon-como-por-arte-de-magia-en-el-uraba-antioqueno\\\/\"},\"wordCount\":273,\"commentCount\":0,\"publisher\":{\"@id\":\"https:\\\/\\\/prensapaisa.com\\\/#organization\"},\"image\":{\"@id\":\"https:\\\/\\\/prensapaisa.com\\\/index.php\\\/2022\\\/11\\\/02\\\/presos-disfrazados-escaparon-como-por-arte-de-magia-en-el-uraba-antioqueno\\\/#primaryimage\"},\"thumbnailUrl\":\"https:\\\/\\\/prensapaisa.com\\\/wp-content\\\/uploads\\\/2022\\\/11\\\/633dee8beff2e.r_1665003645302.9-6-694-390.jpeg\",\"articleSection\":[\"Noticias\"],\"inLanguage\":\"es-CO\",\"potentialAction\":[{\"@type\":\"CommentAction\",\"name\":\"Comment\",\"target\":[\"https:\\\/\\\/prensapaisa.com\\\/index.php\\\/2022\\\/11\\\/02\\\/presos-disfrazados-escaparon-como-por-arte-de-magia-en-el-uraba-antioqueno\\\/#respond\"]}]},{\"@type\":\"WebPage\",\"@id\":\"https:\\\/\\\/prensapaisa.com\\\/index.php\\\/2022\\\/11\\\/02\\\/presos-disfrazados-escaparon-como-por-arte-de-magia-en-el-uraba-antioqueno\\\/\",\"url\":\"https:\\\/\\\/prensapaisa.com\\\/index.php\\\/2022\\\/11\\\/02\\\/presos-disfrazados-escaparon-como-por-arte-de-magia-en-el-uraba-antioqueno\\\/\",\"name\":\"Presos disfrazados escaparon, como por arte de magia, en el Urab\u00e1 antioque\u00f1o - PRENSA PAISA\",\"isPartOf\":{\"@id\":\"https:\\\/\\\/prensapaisa.com\\\/#website\"},\"primaryImageOfPage\":{\"@id\":\"https:\\\/\\\/prensapaisa.com\\\/index.php\\\/2022\\\/11\\\/02\\\/presos-disfrazados-escaparon-como-por-arte-de-magia-en-el-uraba-antioqueno\\\/#primaryimage\"},\"image\":{\"@id\":\"https:\\\/\\\/prensapaisa.com\\\/index.php\\\/2022\\\/11\\\/02\\\/presos-disfrazados-escaparon-como-por-arte-de-magia-en-el-uraba-antioqueno\\\/#primaryimage\"},\"thumbnailUrl\":\"https:\\\/\\\/prensapaisa.com\\\/wp-content\\\/uploads\\\/2022\\\/11\\\/633dee8beff2e.r_1665003645302.9-6-694-390.jpeg\",\"datePublished\":\"2022-11-02T16:50:12+00:00\",\"dateModified\":\"2022-11-02T16:50:13+00:00\",\"breadcrumb\":{\"@id\":\"https:\\\/\\\/prensapaisa.com\\\/index.php\\\/2022\\\/11\\\/02\\\/presos-disfrazados-escaparon-como-por-arte-de-magia-en-el-uraba-antioqueno\\\/#breadcrumb\"},\"inLanguage\":\"es-CO\",\"potentialAction\":[{\"@type\":\"ReadAction\",\"target\":[\"https:\\\/\\\/prensapaisa.com\\\/index.php\\\/2022\\\/11\\\/02\\\/presos-disfrazados-escaparon-como-por-arte-de-magia-en-el-uraba-antioqueno\\\/\"]}]},{\"@type\":\"ImageObject\",\"inLanguage\":\"es-CO\",\"@id\":\"https:\\\/\\\/prensapaisa.com\\\/index.php\\\/2022\\\/11\\\/02\\\/presos-disfrazados-escaparon-como-por-arte-de-magia-en-el-uraba-antioqueno\\\/#primaryimage\",\"url\":\"https:\\\/\\\/prensapaisa.com\\\/wp-content\\\/uploads\\\/2022\\\/11\\\/633dee8beff2e.r_1665003645302.9-6-694-390.jpeg\",\"contentUrl\":\"https:\\\/\\\/prensapaisa.com\\\/wp-content\\\/uploads\\\/2022\\\/11\\\/633dee8beff2e.r_1665003645302.9-6-694-390.jpeg\",\"width\":950,\"height\":475},{\"@type\":\"BreadcrumbList\",\"@id\":\"https:\\\/\\\/prensapaisa.com\\\/index.php\\\/2022\\\/11\\\/02\\\/presos-disfrazados-escaparon-como-por-arte-de-magia-en-el-uraba-antioqueno\\\/#breadcrumb\",\"itemListElement\":[{\"@type\":\"ListItem\",\"position\":1,\"name\":\"Inicio\",\"item\":\"https:\\\/\\\/prensapaisa.com\\\/\"},{\"@type\":\"ListItem\",\"position\":2,\"name\":\"Presos disfrazados escaparon, como por arte de magia, en el Urab\u00e1 antioque\u00f1o\"}]},{\"@type\":\"WebSite\",\"@id\":\"https:\\\/\\\/prensapaisa.com\\\/#website\",\"url\":\"https:\\\/\\\/prensapaisa.com\\\/\",\"name\":\"PRENSA PAISA\",\"description\":\"Prensa Paisa la Original | Noticias de Medell\u00edn, Antioquia\",\"publisher\":{\"@id\":\"https:\\\/\\\/prensapaisa.com\\\/#organization\"},\"potentialAction\":[{\"@type\":\"SearchAction\",\"target\":{\"@type\":\"EntryPoint\",\"urlTemplate\":\"https:\\\/\\\/prensapaisa.com\\\/?s={search_term_string}\"},\"query-input\":{\"@type\":\"PropertyValueSpecification\",\"valueRequired\":true,\"valueName\":\"search_term_string\"}}],\"inLanguage\":\"es-CO\"},{\"@type\":\"Organization\",\"@id\":\"https:\\\/\\\/prensapaisa.com\\\/#organization\",\"name\":\"PRENSA PAISA\",\"url\":\"https:\\\/\\\/prensapaisa.com\\\/\",\"logo\":{\"@type\":\"ImageObject\",\"inLanguage\":\"es-CO\",\"@id\":\"https:\\\/\\\/prensapaisa.com\\\/#\\\/schema\\\/logo\\\/image\\\/\",\"url\":\"https:\\\/\\\/prensapaisa.com\\\/wp-content\\\/uploads\\\/2022\\\/05\\\/cropped-cropped-prensa.png\",\"contentUrl\":\"https:\\\/\\\/prensapaisa.com\\\/wp-content\\\/uploads\\\/2022\\\/05\\\/cropped-cropped-prensa.png\",\"width\":784,\"height\":524,\"caption\":\"PRENSA PAISA\"},\"image\":{\"@id\":\"https:\\\/\\\/prensapaisa.com\\\/#\\\/schema\\\/logo\\\/image\\\/\"}},{\"@type\":\"Person\",\"@id\":\"https:\\\/\\\/prensapaisa.com\\\/#\\\/schema\\\/person\\\/c5899b8b285dbcd70faec88a7c1579f6\",\"name\":\"noticias@prensapaisa.com\",\"image\":{\"@type\":\"ImageObject\",\"inLanguage\":\"es-CO\",\"@id\":\"https:\\\/\\\/secure.gravatar.com\\\/avatar\\\/ca2b49c1df14b84557c567431f045ea69c8ea5da2da50309fd4de9b811da0433?s=96&d=mm&r=g\",\"url\":\"https:\\\/\\\/secure.gravatar.com\\\/avatar\\\/ca2b49c1df14b84557c567431f045ea69c8ea5da2da50309fd4de9b811da0433?s=96&d=mm&r=g\",\"contentUrl\":\"https:\\\/\\\/secure.gravatar.com\\\/avatar\\\/ca2b49c1df14b84557c567431f045ea69c8ea5da2da50309fd4de9b811da0433?s=96&d=mm&r=g\",\"caption\":\"noticias@prensapaisa.com\"},\"sameAs\":[\"http:\\\/\\\/prensapaisa.com\"],\"url\":\"https:\\\/\\\/prensapaisa.com\\\/index.php\\\/author\\\/prensapaisagmail-com\\\/\"}]}<\/script>\n<!-- \/ Yoast SEO plugin. -->","yoast_head_json":{"title":"Presos disfrazados escaparon, como por arte de magia, en el Urab\u00e1 antioque\u00f1o - PRENSA PAISA","robots":{"index":"index","follow":"follow","max-snippet":"max-snippet:-1","max-image-preview":"max-image-preview:large","max-video-preview":"max-video-preview:-1"},"canonical":"https:\/\/prensapaisa.com\/index.php\/2022\/11\/02\/presos-disfrazados-escaparon-como-por-arte-de-magia-en-el-uraba-antioqueno\/","og_locale":"es_ES","og_type":"article","og_title":"Presos disfrazados escaparon, como por arte de magia, en el Urab\u00e1 antioque\u00f1o - PRENSA PAISA","og_description":"El Mayor Mario C\u00e1rdenas, Comandante Distrito Uno de Polic\u00eda de Apartad\u00f3, inform\u00f3 sobre la fuga de nueve detenidos de la estaci\u00f3n de Polic\u00eda. Los hechos se presentaron en la madrugada&hellip;","og_url":"https:\/\/prensapaisa.com\/index.php\/2022\/11\/02\/presos-disfrazados-escaparon-como-por-arte-de-magia-en-el-uraba-antioqueno\/","og_site_name":"PRENSA PAISA","article_published_time":"2022-11-02T16:50:12+00:00","article_modified_time":"2022-11-02T16:50:13+00:00","og_image":[{"width":950,"height":475,"url":"https:\/\/prensapaisa.com\/wp-content\/uploads\/2022\/11\/633dee8beff2e.r_1665003645302.9-6-694-390.jpeg","type":"image\/jpeg"}],"author":"noticias@prensapaisa.com","twitter_card":"summary_large_image","twitter_misc":{"Escrito por":"noticias@prensapaisa.com","Tiempo de lectura":"2 minutos"},"schema":{"@context":"https:\/\/schema.org","@graph":[{"@type":"Article","@id":"https:\/\/prensapaisa.com\/index.php\/2022\/11\/02\/presos-disfrazados-escaparon-como-por-arte-de-magia-en-el-uraba-antioqueno\/#article","isPartOf":{"@id":"https:\/\/prensapaisa.com\/index.php\/2022\/11\/02\/presos-disfrazados-escaparon-como-por-arte-de-magia-en-el-uraba-antioqueno\/"},"author":{"name":"noticias@prensapaisa.com","@id":"https:\/\/prensapaisa.com\/#\/schema\/person\/c5899b8b285dbcd70faec88a7c1579f6"},"headline":"Presos disfrazados escaparon, como por arte de magia, en el Urab\u00e1 antioque\u00f1o","datePublished":"2022-11-02T16:50:12+00:00","dateModified":"2022-11-02T16:50:13+00:00","mainEntityOfPage":{"@id":"https:\/\/prensapaisa.com\/index.php\/2022\/11\/02\/presos-disfrazados-escaparon-como-por-arte-de-magia-en-el-uraba-antioqueno\/"},"wordCount":273,"commentCount":0,"publisher":{"@id":"https:\/\/prensapaisa.com\/#organization"},"image":{"@id":"https:\/\/prensapaisa.com\/index.php\/2022\/11\/02\/presos-disfrazados-escaparon-como-por-arte-de-magia-en-el-uraba-antioqueno\/#primaryimage"},"thumbnailUrl":"https:\/\/prensapaisa.com\/wp-content\/uploads\/2022\/11\/633dee8beff2e.r_1665003645302.9-6-694-390.jpeg","articleSection":["Noticias"],"inLanguage":"es-CO","potentialAction":[{"@type":"CommentAction","name":"Comment","target":["https:\/\/prensapaisa.com\/index.php\/2022\/11\/02\/presos-disfrazados-escaparon-como-por-arte-de-magia-en-el-uraba-antioqueno\/#respond"]}]},{"@type":"WebPage","@id":"https:\/\/prensapaisa.com\/index.php\/2022\/11\/02\/presos-disfrazados-escaparon-como-por-arte-de-magia-en-el-uraba-antioqueno\/","url":"https:\/\/prensapaisa.com\/index.php\/2022\/11\/02\/presos-disfrazados-escaparon-como-por-arte-de-magia-en-el-uraba-antioqueno\/","name":"Presos disfrazados escaparon, como por arte de magia, en el Urab\u00e1 antioque\u00f1o - PRENSA PAISA","isPartOf":{"@id":"https:\/\/prensapaisa.com\/#website"},"primaryImageOfPage":{"@id":"https:\/\/prensapaisa.com\/index.php\/2022\/11\/02\/presos-disfrazados-escaparon-como-por-arte-de-magia-en-el-uraba-antioqueno\/#primaryimage"},"image":{"@id":"https:\/\/prensapaisa.com\/index.php\/2022\/11\/02\/presos-disfrazados-escaparon-como-por-arte-de-magia-en-el-uraba-antioqueno\/#primaryimage"},"thumbnailUrl":"https:\/\/prensapaisa.com\/wp-content\/uploads\/2022\/11\/633dee8beff2e.r_1665003645302.9-6-694-390.jpeg","datePublished":"2022-11-02T16:50:12+00:00","dateModified":"2022-11-02T16:50:13+00:00","breadcrumb":{"@id":"https:\/\/prensapaisa.com\/index.php\/2022\/11\/02\/presos-disfrazados-escaparon-como-por-arte-de-magia-en-el-uraba-antioqueno\/#breadcrumb"},"inLanguage":"es-CO","potentialAction":[{"@type":"ReadAction","target":["https:\/\/prensapaisa.com\/index.php\/2022\/11\/02\/presos-disfrazados-escaparon-como-por-arte-de-magia-en-el-uraba-antioqueno\/"]}]},{"@type":"ImageObject","inLanguage":"es-CO","@id":"https:\/\/prensapaisa.com\/index.php\/2022\/11\/02\/presos-disfrazados-escaparon-como-por-arte-de-magia-en-el-uraba-antioqueno\/#primaryimage","url":"https:\/\/prensapaisa.com\/wp-content\/uploads\/2022\/11\/633dee8beff2e.r_1665003645302.9-6-694-390.jpeg","contentUrl":"https:\/\/prensapaisa.com\/wp-content\/uploads\/2022\/11\/633dee8beff2e.r_1665003645302.9-6-694-390.jpeg","width":950,"height":475},{"@type":"BreadcrumbList","@id":"https:\/\/prensapaisa.com\/index.php\/2022\/11\/02\/presos-disfrazados-escaparon-como-por-arte-de-magia-en-el-uraba-antioqueno\/#breadcrumb","itemListElement":[{"@type":"ListItem","position":1,"name":"Inicio","item":"https:\/\/prensapaisa.com\/"},{"@type":"ListItem","position":2,"name":"Presos disfrazados escaparon, como por arte de magia, en el Urab\u00e1 antioque\u00f1o"}]},{"@type":"WebSite","@id":"https:\/\/prensapaisa.com\/#website","url":"https:\/\/prensapaisa.com\/","name":"PRENSA PAISA","description":"Prensa Paisa la Original | Noticias de Medell\u00edn, Antioquia","publisher":{"@id":"https:\/\/prensapaisa.com\/#organization"},"potentialAction":[{"@type":"SearchAction","target":{"@type":"EntryPoint","urlTemplate":"https:\/\/prensapaisa.com\/?s={search_term_string}"},"query-input":{"@type":"PropertyValueSpecification","valueRequired":true,"valueName":"search_term_string"}}],"inLanguage":"es-CO"},{"@type":"Organization","@id":"https:\/\/prensapaisa.com\/#organization","name":"PRENSA PAISA","url":"https:\/\/prensapaisa.com\/","logo":{"@type":"ImageObject","inLanguage":"es-CO","@id":"https:\/\/prensapaisa.com\/#\/schema\/logo\/image\/","url":"https:\/\/prensapaisa.com\/wp-content\/uploads\/2022\/05\/cropped-cropped-prensa.png","contentUrl":"https:\/\/prensapaisa.com\/wp-content\/uploads\/2022\/05\/cropped-cropped-prensa.png","width":784,"height":524,"caption":"PRENSA PAISA"},"image":{"@id":"https:\/\/prensapaisa.com\/#\/schema\/logo\/image\/"}},{"@type":"Person","@id":"https:\/\/prensapaisa.com\/#\/schema\/person\/c5899b8b285dbcd70faec88a7c1579f6","name":"noticias@prensapaisa.com","image":{"@type":"ImageObject","inLanguage":"es-CO","@id":"https:\/\/secure.gravatar.com\/avatar\/ca2b49c1df14b84557c567431f045ea69c8ea5da2da50309fd4de9b811da0433?s=96&d=mm&r=g","url":"https:\/\/secure.gravatar.com\/avatar\/ca2b49c1df14b84557c567431f045ea69c8ea5da2da50309fd4de9b811da0433?s=96&d=mm&r=g","contentUrl":"https:\/\/secure.gravatar.com\/avatar\/ca2b49c1df14b84557c567431f045ea69c8ea5da2da50309fd4de9b811da0433?s=96&d=mm&r=g","caption":"noticias@prensapaisa.com"},"sameAs":["http:\/\/prensapaisa.com"],"url":"https:\/\/prensapaisa.com\/index.php\/author\/prensapaisagmail-com\/"}]}},"_links":{"self":[{"href":"https:\/\/prensapaisa.com\/index.php\/wp-json\/wp\/v2\/posts\/7967","targetHints":{"allow":["GET"]}}],"collection":[{"href":"https:\/\/prensapaisa.com\/index.php\/wp-json\/wp\/v2\/posts"}],"about":[{"href":"https:\/\/prensapaisa.com\/index.php\/wp-json\/wp\/v2\/types\/post"}],"author":[{"embeddable":true,"href":"https:\/\/prensapaisa.com\/index.php\/wp-json\/wp\/v2\/users\/1"}],"replies":[{"embeddable":true,"href":"https:\/\/prensapaisa.com\/index.php\/wp-json\/wp\/v2\/comments?post=7967"}],"version-history":[{"count":1,"href":"https:\/\/prensapaisa.com\/index.php\/wp-json\/wp\/v2\/posts\/7967\/revisions"}],"predecessor-version":[{"id":7969,"href":"https:\/\/prensapaisa.com\/index.php\/wp-json\/wp\/v2\/posts\/7967\/revisions\/7969"}],"wp:featuredmedia":[{"embeddable":true,"href":"https:\/\/prensapaisa.com\/index.php\/wp-json\/wp\/v2\/media\/7968"}],"wp:attachment":[{"href":"https:\/\/prensapaisa.com\/index.php\/wp-json\/wp\/v2\/media?parent=7967"}],"wp:term":[{"taxonomy":"category","embeddable":true,"href":"https:\/\/prensapaisa.com\/index.php\/wp-json\/wp\/v2\/categories?post=7967"},{"taxonomy":"post_tag","embeddable":true,"href":"https:\/\/prensapaisa.com\/index.php\/wp-json\/wp\/v2\/tags?post=7967"}],"curies":[{"name":"wp","href":"https:\/\/api.w.org\/{rel}","templated":true}]}}