{"id":7887,"date":"2022-10-29T14:47:13","date_gmt":"2022-10-29T19:47:13","guid":{"rendered":"https:\/\/prensapaisa.com\/?p=7887"},"modified":"2022-10-29T14:47:15","modified_gmt":"2022-10-29T19:47:15","slug":"chica-se-fue-a-buscar-a-un-amigo-a-la-quebrada-y-aparecio-sin-vida","status":"publish","type":"post","link":"https:\/\/prensapaisa.com\/index.php\/2022\/10\/29\/chica-se-fue-a-buscar-a-un-amigo-a-la-quebrada-y-aparecio-sin-vida\/","title":{"rendered":"Chica se fue a buscar a un amigo a la quebrada y apareci\u00f3 sin vida"},"content":{"rendered":"\n<p>Familiares y amigos le hacen luto Angie Paola, de 21 a\u00f1os de edad, quien fue encontrada sin vida en el barrio Par\u00eds de Bello.<\/p>\n\n\n\n<p>Los hechos se presentaron cuando varios chicos y chicas se reunieron para tomar unas copas de licor durante la noche del 28 de octubre. Sin embargo, la hoy finada, &#8220;pao&#8221;, baj\u00f3 a conversar con un amigo por donde pasaba una creciente y minutos despu\u00e9s se desapareci\u00f3. Sus amistades <a><\/a>reportaron el caso y comenz\u00f3 la b\u00fasqueda con ayuda de organismos de socorro, pero por un impresionante aguacero les toc\u00f3 suspender.<\/p>\n\n\n\n<p>Testigos aseguraron que la mujer baj\u00f3 voluntariamente a la quebrada La Loca, en el sector de Nueva Jerusal\u00e9n, mientras estaba bajo los efectos de estupefacientes y fue vencida por la fuerza del caudal. Adem\u00e1s, aseguraron que sus amigos le advirtieron en varias ocasiones, pero no hizo caso.<\/p>\n\n\n\n<p>Al medio d\u00eda de este s\u00e1bado, 29 de octubre, una se\u00f1ora que estaba asomada por la ventana vio el cuerpo de la mujer cuando flot\u00f3 en el cauce. Al llamar a la l\u00ednea de emergencias, 123, se desplaz\u00f3 el cuadrante para confirmar el caso y encontraron a la desaparecida enredada entre una estiba de madera y dos piedras.<\/p>\n\n\n\n<p>Autoridades investigan, paso a paso, los hechos y tratan de verificar las versiones de quienes estaban con la fallecida.<\/p>\n\n\n\n<figure class=\"wp-block-embed is-type-video is-provider-youtube wp-block-embed-youtube wp-embed-aspect-4-3 wp-has-aspect-ratio\"><div class=\"wp-block-embed__wrapper\">\n<iframe title=\"Chica se fue a buscar a un amigo a la quebrada y apareci\u00f3 sin vida\" width=\"1170\" height=\"658\" src=\"https:\/\/www.youtube.com\/embed\/7GyKgBjA1Dw?feature=oembed\" frameborder=\"0\" allow=\"accelerometer; autoplay; clipboard-write; encrypted-media; gyroscope; picture-in-picture\" allowfullscreen><\/iframe>\n<\/div><\/figure>\n","protected":false},"excerpt":{"rendered":"<p>Familiares y amigos le hacen luto Angie Paola, de 21 a\u00f1os de edad, quien fue encontrada sin vida en el barrio Par\u00eds de Bello. Los hechos se presentaron cuando varios&hellip;<\/p>\n","protected":false},"author":1,"featured_media":7888,"comment_status":"open","ping_status":"open","sticky":false,"template":"","format":"standard","meta":{"footnotes":""},"categories":[1],"tags":[],"class_list":["post-7887","post","type-post","status-publish","format-standard","has-post-thumbnail","hentry","category-noticias"],"yoast_head":"<!-- This site is optimized with the Yoast SEO plugin v27.5 - https:\/\/yoast.com\/product\/yoast-seo-wordpress\/ -->\n<title>Chica se fue a buscar a un amigo a la quebrada y apareci\u00f3 sin vida - PRENSA PAISA<\/title>\n<meta name=\"robots\" content=\"index, follow, max-snippet:-1, max-image-preview:large, max-video-preview:-1\" \/>\n<link rel=\"canonical\" href=\"https:\/\/prensapaisa.com\/index.php\/2022\/10\/29\/chica-se-fue-a-buscar-a-un-amigo-a-la-quebrada-y-aparecio-sin-vida\/\" \/>\n<meta property=\"og:locale\" content=\"es_ES\" \/>\n<meta property=\"og:type\" content=\"article\" \/>\n<meta property=\"og:title\" content=\"Chica se fue a buscar a un amigo a la quebrada y apareci\u00f3 sin vida - PRENSA PAISA\" \/>\n<meta property=\"og:description\" content=\"Familiares y amigos le hacen luto Angie Paola, de 21 a\u00f1os de edad, quien fue encontrada sin vida en el barrio Par\u00eds de Bello. Los hechos se presentaron cuando varios&hellip;\" \/>\n<meta property=\"og:url\" content=\"https:\/\/prensapaisa.com\/index.php\/2022\/10\/29\/chica-se-fue-a-buscar-a-un-amigo-a-la-quebrada-y-aparecio-sin-vida\/\" \/>\n<meta property=\"og:site_name\" content=\"PRENSA PAISA\" \/>\n<meta property=\"article:published_time\" content=\"2022-10-29T19:47:13+00:00\" \/>\n<meta property=\"article:modified_time\" content=\"2022-10-29T19:47:15+00:00\" \/>\n<meta property=\"og:image\" content=\"https:\/\/prensapaisa.com\/wp-content\/uploads\/2022\/10\/Captura-54.png\" \/>\n\t<meta property=\"og:image:width\" content=\"348\" \/>\n\t<meta property=\"og:image:height\" content=\"402\" \/>\n\t<meta property=\"og:image:type\" content=\"image\/png\" \/>\n<meta name=\"author\" content=\"noticias@prensapaisa.com\" \/>\n<meta name=\"twitter:card\" content=\"summary_large_image\" \/>\n<meta name=\"twitter:label1\" content=\"Escrito por\" \/>\n\t<meta name=\"twitter:data1\" content=\"noticias@prensapaisa.com\" \/>\n\t<meta name=\"twitter:label2\" content=\"Tiempo de lectura\" \/>\n\t<meta name=\"twitter:data2\" content=\"1 minuto\" \/>\n<script type=\"application\/ld+json\" class=\"yoast-schema-graph\">{\"@context\":\"https:\\\/\\\/schema.org\",\"@graph\":[{\"@type\":\"Article\",\"@id\":\"https:\\\/\\\/prensapaisa.com\\\/index.php\\\/2022\\\/10\\\/29\\\/chica-se-fue-a-buscar-a-un-amigo-a-la-quebrada-y-aparecio-sin-vida\\\/#article\",\"isPartOf\":{\"@id\":\"https:\\\/\\\/prensapaisa.com\\\/index.php\\\/2022\\\/10\\\/29\\\/chica-se-fue-a-buscar-a-un-amigo-a-la-quebrada-y-aparecio-sin-vida\\\/\"},\"author\":{\"name\":\"noticias@prensapaisa.com\",\"@id\":\"https:\\\/\\\/prensapaisa.com\\\/#\\\/schema\\\/person\\\/c5899b8b285dbcd70faec88a7c1579f6\"},\"headline\":\"Chica se fue a buscar a un amigo a la quebrada y apareci\u00f3 sin vida\",\"datePublished\":\"2022-10-29T19:47:13+00:00\",\"dateModified\":\"2022-10-29T19:47:15+00:00\",\"mainEntityOfPage\":{\"@id\":\"https:\\\/\\\/prensapaisa.com\\\/index.php\\\/2022\\\/10\\\/29\\\/chica-se-fue-a-buscar-a-un-amigo-a-la-quebrada-y-aparecio-sin-vida\\\/\"},\"wordCount\":243,\"commentCount\":0,\"publisher\":{\"@id\":\"https:\\\/\\\/prensapaisa.com\\\/#organization\"},\"image\":{\"@id\":\"https:\\\/\\\/prensapaisa.com\\\/index.php\\\/2022\\\/10\\\/29\\\/chica-se-fue-a-buscar-a-un-amigo-a-la-quebrada-y-aparecio-sin-vida\\\/#primaryimage\"},\"thumbnailUrl\":\"https:\\\/\\\/prensapaisa.com\\\/wp-content\\\/uploads\\\/2022\\\/10\\\/Captura-54.png\",\"articleSection\":[\"Noticias\"],\"inLanguage\":\"es-CO\",\"potentialAction\":[{\"@type\":\"CommentAction\",\"name\":\"Comment\",\"target\":[\"https:\\\/\\\/prensapaisa.com\\\/index.php\\\/2022\\\/10\\\/29\\\/chica-se-fue-a-buscar-a-un-amigo-a-la-quebrada-y-aparecio-sin-vida\\\/#respond\"]}]},{\"@type\":\"WebPage\",\"@id\":\"https:\\\/\\\/prensapaisa.com\\\/index.php\\\/2022\\\/10\\\/29\\\/chica-se-fue-a-buscar-a-un-amigo-a-la-quebrada-y-aparecio-sin-vida\\\/\",\"url\":\"https:\\\/\\\/prensapaisa.com\\\/index.php\\\/2022\\\/10\\\/29\\\/chica-se-fue-a-buscar-a-un-amigo-a-la-quebrada-y-aparecio-sin-vida\\\/\",\"name\":\"Chica se fue a buscar a un amigo a la quebrada y apareci\u00f3 sin vida - PRENSA PAISA\",\"isPartOf\":{\"@id\":\"https:\\\/\\\/prensapaisa.com\\\/#website\"},\"primaryImageOfPage\":{\"@id\":\"https:\\\/\\\/prensapaisa.com\\\/index.php\\\/2022\\\/10\\\/29\\\/chica-se-fue-a-buscar-a-un-amigo-a-la-quebrada-y-aparecio-sin-vida\\\/#primaryimage\"},\"image\":{\"@id\":\"https:\\\/\\\/prensapaisa.com\\\/index.php\\\/2022\\\/10\\\/29\\\/chica-se-fue-a-buscar-a-un-amigo-a-la-quebrada-y-aparecio-sin-vida\\\/#primaryimage\"},\"thumbnailUrl\":\"https:\\\/\\\/prensapaisa.com\\\/wp-content\\\/uploads\\\/2022\\\/10\\\/Captura-54.png\",\"datePublished\":\"2022-10-29T19:47:13+00:00\",\"dateModified\":\"2022-10-29T19:47:15+00:00\",\"breadcrumb\":{\"@id\":\"https:\\\/\\\/prensapaisa.com\\\/index.php\\\/2022\\\/10\\\/29\\\/chica-se-fue-a-buscar-a-un-amigo-a-la-quebrada-y-aparecio-sin-vida\\\/#breadcrumb\"},\"inLanguage\":\"es-CO\",\"potentialAction\":[{\"@type\":\"ReadAction\",\"target\":[\"https:\\\/\\\/prensapaisa.com\\\/index.php\\\/2022\\\/10\\\/29\\\/chica-se-fue-a-buscar-a-un-amigo-a-la-quebrada-y-aparecio-sin-vida\\\/\"]}]},{\"@type\":\"ImageObject\",\"inLanguage\":\"es-CO\",\"@id\":\"https:\\\/\\\/prensapaisa.com\\\/index.php\\\/2022\\\/10\\\/29\\\/chica-se-fue-a-buscar-a-un-amigo-a-la-quebrada-y-aparecio-sin-vida\\\/#primaryimage\",\"url\":\"https:\\\/\\\/prensapaisa.com\\\/wp-content\\\/uploads\\\/2022\\\/10\\\/Captura-54.png\",\"contentUrl\":\"https:\\\/\\\/prensapaisa.com\\\/wp-content\\\/uploads\\\/2022\\\/10\\\/Captura-54.png\",\"width\":348,\"height\":402},{\"@type\":\"BreadcrumbList\",\"@id\":\"https:\\\/\\\/prensapaisa.com\\\/index.php\\\/2022\\\/10\\\/29\\\/chica-se-fue-a-buscar-a-un-amigo-a-la-quebrada-y-aparecio-sin-vida\\\/#breadcrumb\",\"itemListElement\":[{\"@type\":\"ListItem\",\"position\":1,\"name\":\"Inicio\",\"item\":\"https:\\\/\\\/prensapaisa.com\\\/\"},{\"@type\":\"ListItem\",\"position\":2,\"name\":\"Chica se fue a buscar a un amigo a la quebrada y apareci\u00f3 sin vida\"}]},{\"@type\":\"WebSite\",\"@id\":\"https:\\\/\\\/prensapaisa.com\\\/#website\",\"url\":\"https:\\\/\\\/prensapaisa.com\\\/\",\"name\":\"PRENSA PAISA\",\"description\":\"Prensa Paisa la Original | Noticias de Medell\u00edn, Antioquia\",\"publisher\":{\"@id\":\"https:\\\/\\\/prensapaisa.com\\\/#organization\"},\"potentialAction\":[{\"@type\":\"SearchAction\",\"target\":{\"@type\":\"EntryPoint\",\"urlTemplate\":\"https:\\\/\\\/prensapaisa.com\\\/?s={search_term_string}\"},\"query-input\":{\"@type\":\"PropertyValueSpecification\",\"valueRequired\":true,\"valueName\":\"search_term_string\"}}],\"inLanguage\":\"es-CO\"},{\"@type\":\"Organization\",\"@id\":\"https:\\\/\\\/prensapaisa.com\\\/#organization\",\"name\":\"PRENSA PAISA\",\"url\":\"https:\\\/\\\/prensapaisa.com\\\/\",\"logo\":{\"@type\":\"ImageObject\",\"inLanguage\":\"es-CO\",\"@id\":\"https:\\\/\\\/prensapaisa.com\\\/#\\\/schema\\\/logo\\\/image\\\/\",\"url\":\"https:\\\/\\\/prensapaisa.com\\\/wp-content\\\/uploads\\\/2022\\\/05\\\/cropped-cropped-prensa.png\",\"contentUrl\":\"https:\\\/\\\/prensapaisa.com\\\/wp-content\\\/uploads\\\/2022\\\/05\\\/cropped-cropped-prensa.png\",\"width\":784,\"height\":524,\"caption\":\"PRENSA PAISA\"},\"image\":{\"@id\":\"https:\\\/\\\/prensapaisa.com\\\/#\\\/schema\\\/logo\\\/image\\\/\"}},{\"@type\":\"Person\",\"@id\":\"https:\\\/\\\/prensapaisa.com\\\/#\\\/schema\\\/person\\\/c5899b8b285dbcd70faec88a7c1579f6\",\"name\":\"noticias@prensapaisa.com\",\"image\":{\"@type\":\"ImageObject\",\"inLanguage\":\"es-CO\",\"@id\":\"https:\\\/\\\/secure.gravatar.com\\\/avatar\\\/ca2b49c1df14b84557c567431f045ea69c8ea5da2da50309fd4de9b811da0433?s=96&d=mm&r=g\",\"url\":\"https:\\\/\\\/secure.gravatar.com\\\/avatar\\\/ca2b49c1df14b84557c567431f045ea69c8ea5da2da50309fd4de9b811da0433?s=96&d=mm&r=g\",\"contentUrl\":\"https:\\\/\\\/secure.gravatar.com\\\/avatar\\\/ca2b49c1df14b84557c567431f045ea69c8ea5da2da50309fd4de9b811da0433?s=96&d=mm&r=g\",\"caption\":\"noticias@prensapaisa.com\"},\"sameAs\":[\"http:\\\/\\\/prensapaisa.com\"],\"url\":\"https:\\\/\\\/prensapaisa.com\\\/index.php\\\/author\\\/prensapaisagmail-com\\\/\"}]}<\/script>\n<!-- \/ Yoast SEO plugin. -->","yoast_head_json":{"title":"Chica se fue a buscar a un amigo a la quebrada y apareci\u00f3 sin vida - PRENSA PAISA","robots":{"index":"index","follow":"follow","max-snippet":"max-snippet:-1","max-image-preview":"max-image-preview:large","max-video-preview":"max-video-preview:-1"},"canonical":"https:\/\/prensapaisa.com\/index.php\/2022\/10\/29\/chica-se-fue-a-buscar-a-un-amigo-a-la-quebrada-y-aparecio-sin-vida\/","og_locale":"es_ES","og_type":"article","og_title":"Chica se fue a buscar a un amigo a la quebrada y apareci\u00f3 sin vida - PRENSA PAISA","og_description":"Familiares y amigos le hacen luto Angie Paola, de 21 a\u00f1os de edad, quien fue encontrada sin vida en el barrio Par\u00eds de Bello. Los hechos se presentaron cuando varios&hellip;","og_url":"https:\/\/prensapaisa.com\/index.php\/2022\/10\/29\/chica-se-fue-a-buscar-a-un-amigo-a-la-quebrada-y-aparecio-sin-vida\/","og_site_name":"PRENSA PAISA","article_published_time":"2022-10-29T19:47:13+00:00","article_modified_time":"2022-10-29T19:47:15+00:00","og_image":[{"width":348,"height":402,"url":"https:\/\/prensapaisa.com\/wp-content\/uploads\/2022\/10\/Captura-54.png","type":"image\/png"}],"author":"noticias@prensapaisa.com","twitter_card":"summary_large_image","twitter_misc":{"Escrito por":"noticias@prensapaisa.com","Tiempo de lectura":"1 minuto"},"schema":{"@context":"https:\/\/schema.org","@graph":[{"@type":"Article","@id":"https:\/\/prensapaisa.com\/index.php\/2022\/10\/29\/chica-se-fue-a-buscar-a-un-amigo-a-la-quebrada-y-aparecio-sin-vida\/#article","isPartOf":{"@id":"https:\/\/prensapaisa.com\/index.php\/2022\/10\/29\/chica-se-fue-a-buscar-a-un-amigo-a-la-quebrada-y-aparecio-sin-vida\/"},"author":{"name":"noticias@prensapaisa.com","@id":"https:\/\/prensapaisa.com\/#\/schema\/person\/c5899b8b285dbcd70faec88a7c1579f6"},"headline":"Chica se fue a buscar a un amigo a la quebrada y apareci\u00f3 sin vida","datePublished":"2022-10-29T19:47:13+00:00","dateModified":"2022-10-29T19:47:15+00:00","mainEntityOfPage":{"@id":"https:\/\/prensapaisa.com\/index.php\/2022\/10\/29\/chica-se-fue-a-buscar-a-un-amigo-a-la-quebrada-y-aparecio-sin-vida\/"},"wordCount":243,"commentCount":0,"publisher":{"@id":"https:\/\/prensapaisa.com\/#organization"},"image":{"@id":"https:\/\/prensapaisa.com\/index.php\/2022\/10\/29\/chica-se-fue-a-buscar-a-un-amigo-a-la-quebrada-y-aparecio-sin-vida\/#primaryimage"},"thumbnailUrl":"https:\/\/prensapaisa.com\/wp-content\/uploads\/2022\/10\/Captura-54.png","articleSection":["Noticias"],"inLanguage":"es-CO","potentialAction":[{"@type":"CommentAction","name":"Comment","target":["https:\/\/prensapaisa.com\/index.php\/2022\/10\/29\/chica-se-fue-a-buscar-a-un-amigo-a-la-quebrada-y-aparecio-sin-vida\/#respond"]}]},{"@type":"WebPage","@id":"https:\/\/prensapaisa.com\/index.php\/2022\/10\/29\/chica-se-fue-a-buscar-a-un-amigo-a-la-quebrada-y-aparecio-sin-vida\/","url":"https:\/\/prensapaisa.com\/index.php\/2022\/10\/29\/chica-se-fue-a-buscar-a-un-amigo-a-la-quebrada-y-aparecio-sin-vida\/","name":"Chica se fue a buscar a un amigo a la quebrada y apareci\u00f3 sin vida - PRENSA PAISA","isPartOf":{"@id":"https:\/\/prensapaisa.com\/#website"},"primaryImageOfPage":{"@id":"https:\/\/prensapaisa.com\/index.php\/2022\/10\/29\/chica-se-fue-a-buscar-a-un-amigo-a-la-quebrada-y-aparecio-sin-vida\/#primaryimage"},"image":{"@id":"https:\/\/prensapaisa.com\/index.php\/2022\/10\/29\/chica-se-fue-a-buscar-a-un-amigo-a-la-quebrada-y-aparecio-sin-vida\/#primaryimage"},"thumbnailUrl":"https:\/\/prensapaisa.com\/wp-content\/uploads\/2022\/10\/Captura-54.png","datePublished":"2022-10-29T19:47:13+00:00","dateModified":"2022-10-29T19:47:15+00:00","breadcrumb":{"@id":"https:\/\/prensapaisa.com\/index.php\/2022\/10\/29\/chica-se-fue-a-buscar-a-un-amigo-a-la-quebrada-y-aparecio-sin-vida\/#breadcrumb"},"inLanguage":"es-CO","potentialAction":[{"@type":"ReadAction","target":["https:\/\/prensapaisa.com\/index.php\/2022\/10\/29\/chica-se-fue-a-buscar-a-un-amigo-a-la-quebrada-y-aparecio-sin-vida\/"]}]},{"@type":"ImageObject","inLanguage":"es-CO","@id":"https:\/\/prensapaisa.com\/index.php\/2022\/10\/29\/chica-se-fue-a-buscar-a-un-amigo-a-la-quebrada-y-aparecio-sin-vida\/#primaryimage","url":"https:\/\/prensapaisa.com\/wp-content\/uploads\/2022\/10\/Captura-54.png","contentUrl":"https:\/\/prensapaisa.com\/wp-content\/uploads\/2022\/10\/Captura-54.png","width":348,"height":402},{"@type":"BreadcrumbList","@id":"https:\/\/prensapaisa.com\/index.php\/2022\/10\/29\/chica-se-fue-a-buscar-a-un-amigo-a-la-quebrada-y-aparecio-sin-vida\/#breadcrumb","itemListElement":[{"@type":"ListItem","position":1,"name":"Inicio","item":"https:\/\/prensapaisa.com\/"},{"@type":"ListItem","position":2,"name":"Chica se fue a buscar a un amigo a la quebrada y apareci\u00f3 sin vida"}]},{"@type":"WebSite","@id":"https:\/\/prensapaisa.com\/#website","url":"https:\/\/prensapaisa.com\/","name":"PRENSA PAISA","description":"Prensa Paisa la Original | Noticias de Medell\u00edn, Antioquia","publisher":{"@id":"https:\/\/prensapaisa.com\/#organization"},"potentialAction":[{"@type":"SearchAction","target":{"@type":"EntryPoint","urlTemplate":"https:\/\/prensapaisa.com\/?s={search_term_string}"},"query-input":{"@type":"PropertyValueSpecification","valueRequired":true,"valueName":"search_term_string"}}],"inLanguage":"es-CO"},{"@type":"Organization","@id":"https:\/\/prensapaisa.com\/#organization","name":"PRENSA PAISA","url":"https:\/\/prensapaisa.com\/","logo":{"@type":"ImageObject","inLanguage":"es-CO","@id":"https:\/\/prensapaisa.com\/#\/schema\/logo\/image\/","url":"https:\/\/prensapaisa.com\/wp-content\/uploads\/2022\/05\/cropped-cropped-prensa.png","contentUrl":"https:\/\/prensapaisa.com\/wp-content\/uploads\/2022\/05\/cropped-cropped-prensa.png","width":784,"height":524,"caption":"PRENSA PAISA"},"image":{"@id":"https:\/\/prensapaisa.com\/#\/schema\/logo\/image\/"}},{"@type":"Person","@id":"https:\/\/prensapaisa.com\/#\/schema\/person\/c5899b8b285dbcd70faec88a7c1579f6","name":"noticias@prensapaisa.com","image":{"@type":"ImageObject","inLanguage":"es-CO","@id":"https:\/\/secure.gravatar.com\/avatar\/ca2b49c1df14b84557c567431f045ea69c8ea5da2da50309fd4de9b811da0433?s=96&d=mm&r=g","url":"https:\/\/secure.gravatar.com\/avatar\/ca2b49c1df14b84557c567431f045ea69c8ea5da2da50309fd4de9b811da0433?s=96&d=mm&r=g","contentUrl":"https:\/\/secure.gravatar.com\/avatar\/ca2b49c1df14b84557c567431f045ea69c8ea5da2da50309fd4de9b811da0433?s=96&d=mm&r=g","caption":"noticias@prensapaisa.com"},"sameAs":["http:\/\/prensapaisa.com"],"url":"https:\/\/prensapaisa.com\/index.php\/author\/prensapaisagmail-com\/"}]}},"_links":{"self":[{"href":"https:\/\/prensapaisa.com\/index.php\/wp-json\/wp\/v2\/posts\/7887","targetHints":{"allow":["GET"]}}],"collection":[{"href":"https:\/\/prensapaisa.com\/index.php\/wp-json\/wp\/v2\/posts"}],"about":[{"href":"https:\/\/prensapaisa.com\/index.php\/wp-json\/wp\/v2\/types\/post"}],"author":[{"embeddable":true,"href":"https:\/\/prensapaisa.com\/index.php\/wp-json\/wp\/v2\/users\/1"}],"replies":[{"embeddable":true,"href":"https:\/\/prensapaisa.com\/index.php\/wp-json\/wp\/v2\/comments?post=7887"}],"version-history":[{"count":1,"href":"https:\/\/prensapaisa.com\/index.php\/wp-json\/wp\/v2\/posts\/7887\/revisions"}],"predecessor-version":[{"id":7889,"href":"https:\/\/prensapaisa.com\/index.php\/wp-json\/wp\/v2\/posts\/7887\/revisions\/7889"}],"wp:featuredmedia":[{"embeddable":true,"href":"https:\/\/prensapaisa.com\/index.php\/wp-json\/wp\/v2\/media\/7888"}],"wp:attachment":[{"href":"https:\/\/prensapaisa.com\/index.php\/wp-json\/wp\/v2\/media?parent=7887"}],"wp:term":[{"taxonomy":"category","embeddable":true,"href":"https:\/\/prensapaisa.com\/index.php\/wp-json\/wp\/v2\/categories?post=7887"},{"taxonomy":"post_tag","embeddable":true,"href":"https:\/\/prensapaisa.com\/index.php\/wp-json\/wp\/v2\/tags?post=7887"}],"curies":[{"name":"wp","href":"https:\/\/api.w.org\/{rel}","templated":true}]}}