{"id":7777,"date":"2022-10-26T10:47:00","date_gmt":"2022-10-26T15:47:00","guid":{"rendered":"https:\/\/prensapaisa.com\/?p=7777"},"modified":"2022-10-27T10:47:55","modified_gmt":"2022-10-27T15:47:55","slug":"un-hombre-asesino-a-su-hijastro-en-el-municipio-de-la-estrella","status":"publish","type":"post","link":"https:\/\/prensapaisa.com\/index.php\/2022\/10\/26\/un-hombre-asesino-a-su-hijastro-en-el-municipio-de-la-estrella\/","title":{"rendered":"Un hombre asesin\u00f3 a su hijastro en el municipio de La Estrella"},"content":{"rendered":"\n<p><a href=\"https:\/\/www.facebook.com\/hashtag\/endesarrollopaisa?__eep__=6&amp;__cft__[0]=AZWiaUmOQFPSoncpVi-syufwE8PiTQ5M8n94FbbIzDCJC_Jd-6RrvtWv6uP2AKQXTeRpLcCMlY8HIAm0EncTYK4MgbyHZa8fEelRK0y6FDb7KoqnJob5goebecY0n0YgAXVuNmz7B5BNhrBYYtA9sVdguHCcDJgeqC4AnfVlszUifAJ8JokDWjrDZDoYfd48CnM&amp;__tn__=*NK-R\">#EnDesarrolloPaisa<\/a><\/p>\n\n\n\n<p>&#8220;Las <a><\/a>autoridades del Valle de Aburr\u00e1 capturaron a un hombre, responsable, al parecer, por asesinar a su hijastro de 1 a\u00f1o, en zona rural del municipio de La Estrella, Sur del Valle de Aburr\u00e1.<\/p>\n\n\n\n<p>El hecho se present\u00f3 el pasado lunes 24 de octubre, donde agentes del CTI llegaron al lugar y se encontraron la triste escena. El ni\u00f1o presentaba golpes en la cara y, en particular, en la boca, pero a\u00fan ten\u00eda vida, por lo que fue trasladado a un centro asistencial, donde se confirm\u00f3 su descenso.<\/p>\n\n\n\n<p>En su momento el comandante de la polic\u00eda Metropolitana, general Carlos Humberto Rojas Pab\u00f3n, asegur\u00f3 que se iban a tomar las decisiones correctas si el examen forense demostraba que el ni\u00f1o falleci\u00f3 producto de los golpes y el maltrato f\u00edsico de sus padres.<\/p>\n\n\n\n<p>Se espera que en las pr\u00f3ximas horas un juez de control garant\u00edas legalice la captura del hombre al igual que se le impute medida de aseguramiento por varios delitos&#8221;.<\/p>\n\n\n\n<p><a href=\"https:\/\/www.facebook.com\/hashtag\/fotinfo?__eep__=6&amp;__cft__[0]=AZWiaUmOQFPSoncpVi-syufwE8PiTQ5M8n94FbbIzDCJC_Jd-6RrvtWv6uP2AKQXTeRpLcCMlY8HIAm0EncTYK4MgbyHZa8fEelRK0y6FDb7KoqnJob5goebecY0n0YgAXVuNmz7B5BNhrBYYtA9sVdguHCcDJgeqC4AnfVlszUifAJ8JokDWjrDZDoYfd48CnM&amp;__tn__=*NK-R\">#Fotinfo<\/a>: Diego Escobar<\/p>\n\n\n\n<p><a href=\"https:\/\/www.facebook.com\/hashtag\/alertapaisa?__eep__=6&amp;__cft__[0]=AZWiaUmOQFPSoncpVi-syufwE8PiTQ5M8n94FbbIzDCJC_Jd-6RrvtWv6uP2AKQXTeRpLcCMlY8HIAm0EncTYK4MgbyHZa8fEelRK0y6FDb7KoqnJob5goebecY0n0YgAXVuNmz7B5BNhrBYYtA9sVdguHCcDJgeqC4AnfVlszUifAJ8JokDWjrDZDoYfd48CnM&amp;__tn__=*NK-R\">#AlertaPaisa<\/a><\/p>\n\n\n\n<figure class=\"wp-block-image size-full\"><img fetchpriority=\"high\" decoding=\"async\" width=\"945\" height=\"590\" src=\"https:\/\/prensapaisa.com\/wp-content\/uploads\/2022\/10\/1-83.jpg\" alt=\"\" class=\"wp-image-7779\" srcset=\"https:\/\/prensapaisa.com\/wp-content\/uploads\/2022\/10\/1-83.jpg 945w, https:\/\/prensapaisa.com\/wp-content\/uploads\/2022\/10\/1-83-300x187.jpg 300w, https:\/\/prensapaisa.com\/wp-content\/uploads\/2022\/10\/1-83-768x479.jpg 768w, https:\/\/prensapaisa.com\/wp-content\/uploads\/2022\/10\/1-83-585x365.jpg 585w\" sizes=\"(max-width: 945px) 100vw, 945px\" \/><\/figure>\n","protected":false},"excerpt":{"rendered":"<p>#EnDesarrolloPaisa &#8220;Las autoridades del Valle de Aburr\u00e1 capturaron a un hombre, responsable, al parecer, por asesinar a su hijastro de 1 a\u00f1o, en zona rural del municipio de La Estrella,&hellip;<\/p>\n","protected":false},"author":1,"featured_media":7778,"comment_status":"open","ping_status":"open","sticky":false,"template":"","format":"standard","meta":{"footnotes":""},"categories":[49,1],"tags":[],"class_list":["post-7777","post","type-post","status-publish","format-standard","has-post-thumbnail","hentry","category-capturas","category-noticias"],"yoast_head":"<!-- This site is optimized with the Yoast SEO plugin v27.4 - https:\/\/yoast.com\/product\/yoast-seo-wordpress\/ -->\n<title>Un hombre asesin\u00f3 a su hijastro en el municipio de La Estrella - PRENSA PAISA<\/title>\n<meta name=\"robots\" content=\"index, follow, max-snippet:-1, max-image-preview:large, max-video-preview:-1\" \/>\n<link rel=\"canonical\" href=\"https:\/\/prensapaisa.com\/index.php\/2022\/10\/26\/un-hombre-asesino-a-su-hijastro-en-el-municipio-de-la-estrella\/\" \/>\n<meta property=\"og:locale\" content=\"es_ES\" \/>\n<meta property=\"og:type\" content=\"article\" \/>\n<meta property=\"og:title\" content=\"Un hombre asesin\u00f3 a su hijastro en el municipio de La Estrella - PRENSA PAISA\" \/>\n<meta property=\"og:description\" content=\"#EnDesarrolloPaisa &#8220;Las autoridades del Valle de Aburr\u00e1 capturaron a un hombre, responsable, al parecer, por asesinar a su hijastro de 1 a\u00f1o, en zona rural del municipio de La Estrella,&hellip;\" \/>\n<meta property=\"og:url\" content=\"https:\/\/prensapaisa.com\/index.php\/2022\/10\/26\/un-hombre-asesino-a-su-hijastro-en-el-municipio-de-la-estrella\/\" \/>\n<meta property=\"og:site_name\" content=\"PRENSA PAISA\" \/>\n<meta property=\"article:published_time\" content=\"2022-10-26T15:47:00+00:00\" \/>\n<meta property=\"article:modified_time\" content=\"2022-10-27T15:47:55+00:00\" \/>\n<meta property=\"og:image\" content=\"https:\/\/prensapaisa.com\/wp-content\/uploads\/2022\/10\/2-66.jpg\" \/>\n\t<meta property=\"og:image:width\" content=\"1041\" \/>\n\t<meta property=\"og:image:height\" content=\"724\" \/>\n\t<meta property=\"og:image:type\" content=\"image\/jpeg\" \/>\n<meta name=\"author\" content=\"noticias@prensapaisa.com\" \/>\n<meta name=\"twitter:card\" content=\"summary_large_image\" \/>\n<meta name=\"twitter:label1\" content=\"Escrito por\" \/>\n\t<meta name=\"twitter:data1\" content=\"noticias@prensapaisa.com\" \/>\n\t<meta name=\"twitter:label2\" content=\"Tiempo de lectura\" \/>\n\t<meta name=\"twitter:data2\" content=\"1 minuto\" \/>\n<script type=\"application\/ld+json\" class=\"yoast-schema-graph\">{\"@context\":\"https:\\\/\\\/schema.org\",\"@graph\":[{\"@type\":\"Article\",\"@id\":\"https:\\\/\\\/prensapaisa.com\\\/index.php\\\/2022\\\/10\\\/26\\\/un-hombre-asesino-a-su-hijastro-en-el-municipio-de-la-estrella\\\/#article\",\"isPartOf\":{\"@id\":\"https:\\\/\\\/prensapaisa.com\\\/index.php\\\/2022\\\/10\\\/26\\\/un-hombre-asesino-a-su-hijastro-en-el-municipio-de-la-estrella\\\/\"},\"author\":{\"name\":\"noticias@prensapaisa.com\",\"@id\":\"https:\\\/\\\/prensapaisa.com\\\/#\\\/schema\\\/person\\\/c5899b8b285dbcd70faec88a7c1579f6\"},\"headline\":\"Un hombre asesin\u00f3 a su hijastro en el municipio de La Estrella\",\"datePublished\":\"2022-10-26T15:47:00+00:00\",\"dateModified\":\"2022-10-27T15:47:55+00:00\",\"mainEntityOfPage\":{\"@id\":\"https:\\\/\\\/prensapaisa.com\\\/index.php\\\/2022\\\/10\\\/26\\\/un-hombre-asesino-a-su-hijastro-en-el-municipio-de-la-estrella\\\/\"},\"wordCount\":185,\"commentCount\":0,\"publisher\":{\"@id\":\"https:\\\/\\\/prensapaisa.com\\\/#organization\"},\"image\":{\"@id\":\"https:\\\/\\\/prensapaisa.com\\\/index.php\\\/2022\\\/10\\\/26\\\/un-hombre-asesino-a-su-hijastro-en-el-municipio-de-la-estrella\\\/#primaryimage\"},\"thumbnailUrl\":\"https:\\\/\\\/prensapaisa.com\\\/wp-content\\\/uploads\\\/2022\\\/10\\\/2-66.jpg\",\"articleSection\":[\"Capturas\",\"Noticias\"],\"inLanguage\":\"es-CO\",\"potentialAction\":[{\"@type\":\"CommentAction\",\"name\":\"Comment\",\"target\":[\"https:\\\/\\\/prensapaisa.com\\\/index.php\\\/2022\\\/10\\\/26\\\/un-hombre-asesino-a-su-hijastro-en-el-municipio-de-la-estrella\\\/#respond\"]}]},{\"@type\":\"WebPage\",\"@id\":\"https:\\\/\\\/prensapaisa.com\\\/index.php\\\/2022\\\/10\\\/26\\\/un-hombre-asesino-a-su-hijastro-en-el-municipio-de-la-estrella\\\/\",\"url\":\"https:\\\/\\\/prensapaisa.com\\\/index.php\\\/2022\\\/10\\\/26\\\/un-hombre-asesino-a-su-hijastro-en-el-municipio-de-la-estrella\\\/\",\"name\":\"Un hombre asesin\u00f3 a su hijastro en el municipio de La Estrella - PRENSA PAISA\",\"isPartOf\":{\"@id\":\"https:\\\/\\\/prensapaisa.com\\\/#website\"},\"primaryImageOfPage\":{\"@id\":\"https:\\\/\\\/prensapaisa.com\\\/index.php\\\/2022\\\/10\\\/26\\\/un-hombre-asesino-a-su-hijastro-en-el-municipio-de-la-estrella\\\/#primaryimage\"},\"image\":{\"@id\":\"https:\\\/\\\/prensapaisa.com\\\/index.php\\\/2022\\\/10\\\/26\\\/un-hombre-asesino-a-su-hijastro-en-el-municipio-de-la-estrella\\\/#primaryimage\"},\"thumbnailUrl\":\"https:\\\/\\\/prensapaisa.com\\\/wp-content\\\/uploads\\\/2022\\\/10\\\/2-66.jpg\",\"datePublished\":\"2022-10-26T15:47:00+00:00\",\"dateModified\":\"2022-10-27T15:47:55+00:00\",\"breadcrumb\":{\"@id\":\"https:\\\/\\\/prensapaisa.com\\\/index.php\\\/2022\\\/10\\\/26\\\/un-hombre-asesino-a-su-hijastro-en-el-municipio-de-la-estrella\\\/#breadcrumb\"},\"inLanguage\":\"es-CO\",\"potentialAction\":[{\"@type\":\"ReadAction\",\"target\":[\"https:\\\/\\\/prensapaisa.com\\\/index.php\\\/2022\\\/10\\\/26\\\/un-hombre-asesino-a-su-hijastro-en-el-municipio-de-la-estrella\\\/\"]}]},{\"@type\":\"ImageObject\",\"inLanguage\":\"es-CO\",\"@id\":\"https:\\\/\\\/prensapaisa.com\\\/index.php\\\/2022\\\/10\\\/26\\\/un-hombre-asesino-a-su-hijastro-en-el-municipio-de-la-estrella\\\/#primaryimage\",\"url\":\"https:\\\/\\\/prensapaisa.com\\\/wp-content\\\/uploads\\\/2022\\\/10\\\/2-66.jpg\",\"contentUrl\":\"https:\\\/\\\/prensapaisa.com\\\/wp-content\\\/uploads\\\/2022\\\/10\\\/2-66.jpg\",\"width\":1041,\"height\":724},{\"@type\":\"BreadcrumbList\",\"@id\":\"https:\\\/\\\/prensapaisa.com\\\/index.php\\\/2022\\\/10\\\/26\\\/un-hombre-asesino-a-su-hijastro-en-el-municipio-de-la-estrella\\\/#breadcrumb\",\"itemListElement\":[{\"@type\":\"ListItem\",\"position\":1,\"name\":\"Inicio\",\"item\":\"https:\\\/\\\/prensapaisa.com\\\/\"},{\"@type\":\"ListItem\",\"position\":2,\"name\":\"Un hombre asesin\u00f3 a su hijastro en el municipio de La Estrella\"}]},{\"@type\":\"WebSite\",\"@id\":\"https:\\\/\\\/prensapaisa.com\\\/#website\",\"url\":\"https:\\\/\\\/prensapaisa.com\\\/\",\"name\":\"PRENSA PAISA\",\"description\":\"Prensa Paisa la Original | Noticias de Medell\u00edn, Antioquia\",\"publisher\":{\"@id\":\"https:\\\/\\\/prensapaisa.com\\\/#organization\"},\"potentialAction\":[{\"@type\":\"SearchAction\",\"target\":{\"@type\":\"EntryPoint\",\"urlTemplate\":\"https:\\\/\\\/prensapaisa.com\\\/?s={search_term_string}\"},\"query-input\":{\"@type\":\"PropertyValueSpecification\",\"valueRequired\":true,\"valueName\":\"search_term_string\"}}],\"inLanguage\":\"es-CO\"},{\"@type\":\"Organization\",\"@id\":\"https:\\\/\\\/prensapaisa.com\\\/#organization\",\"name\":\"PRENSA PAISA\",\"url\":\"https:\\\/\\\/prensapaisa.com\\\/\",\"logo\":{\"@type\":\"ImageObject\",\"inLanguage\":\"es-CO\",\"@id\":\"https:\\\/\\\/prensapaisa.com\\\/#\\\/schema\\\/logo\\\/image\\\/\",\"url\":\"https:\\\/\\\/prensapaisa.com\\\/wp-content\\\/uploads\\\/2022\\\/05\\\/cropped-cropped-prensa.png\",\"contentUrl\":\"https:\\\/\\\/prensapaisa.com\\\/wp-content\\\/uploads\\\/2022\\\/05\\\/cropped-cropped-prensa.png\",\"width\":784,\"height\":524,\"caption\":\"PRENSA PAISA\"},\"image\":{\"@id\":\"https:\\\/\\\/prensapaisa.com\\\/#\\\/schema\\\/logo\\\/image\\\/\"}},{\"@type\":\"Person\",\"@id\":\"https:\\\/\\\/prensapaisa.com\\\/#\\\/schema\\\/person\\\/c5899b8b285dbcd70faec88a7c1579f6\",\"name\":\"noticias@prensapaisa.com\",\"image\":{\"@type\":\"ImageObject\",\"inLanguage\":\"es-CO\",\"@id\":\"https:\\\/\\\/secure.gravatar.com\\\/avatar\\\/ca2b49c1df14b84557c567431f045ea69c8ea5da2da50309fd4de9b811da0433?s=96&d=mm&r=g\",\"url\":\"https:\\\/\\\/secure.gravatar.com\\\/avatar\\\/ca2b49c1df14b84557c567431f045ea69c8ea5da2da50309fd4de9b811da0433?s=96&d=mm&r=g\",\"contentUrl\":\"https:\\\/\\\/secure.gravatar.com\\\/avatar\\\/ca2b49c1df14b84557c567431f045ea69c8ea5da2da50309fd4de9b811da0433?s=96&d=mm&r=g\",\"caption\":\"noticias@prensapaisa.com\"},\"sameAs\":[\"http:\\\/\\\/prensapaisa.com\"],\"url\":\"https:\\\/\\\/prensapaisa.com\\\/index.php\\\/author\\\/prensapaisagmail-com\\\/\"}]}<\/script>\n<!-- \/ Yoast SEO plugin. -->","yoast_head_json":{"title":"Un hombre asesin\u00f3 a su hijastro en el municipio de La Estrella - PRENSA PAISA","robots":{"index":"index","follow":"follow","max-snippet":"max-snippet:-1","max-image-preview":"max-image-preview:large","max-video-preview":"max-video-preview:-1"},"canonical":"https:\/\/prensapaisa.com\/index.php\/2022\/10\/26\/un-hombre-asesino-a-su-hijastro-en-el-municipio-de-la-estrella\/","og_locale":"es_ES","og_type":"article","og_title":"Un hombre asesin\u00f3 a su hijastro en el municipio de La Estrella - PRENSA PAISA","og_description":"#EnDesarrolloPaisa &#8220;Las autoridades del Valle de Aburr\u00e1 capturaron a un hombre, responsable, al parecer, por asesinar a su hijastro de 1 a\u00f1o, en zona rural del municipio de La Estrella,&hellip;","og_url":"https:\/\/prensapaisa.com\/index.php\/2022\/10\/26\/un-hombre-asesino-a-su-hijastro-en-el-municipio-de-la-estrella\/","og_site_name":"PRENSA PAISA","article_published_time":"2022-10-26T15:47:00+00:00","article_modified_time":"2022-10-27T15:47:55+00:00","og_image":[{"width":1041,"height":724,"url":"https:\/\/prensapaisa.com\/wp-content\/uploads\/2022\/10\/2-66.jpg","type":"image\/jpeg"}],"author":"noticias@prensapaisa.com","twitter_card":"summary_large_image","twitter_misc":{"Escrito por":"noticias@prensapaisa.com","Tiempo de lectura":"1 minuto"},"schema":{"@context":"https:\/\/schema.org","@graph":[{"@type":"Article","@id":"https:\/\/prensapaisa.com\/index.php\/2022\/10\/26\/un-hombre-asesino-a-su-hijastro-en-el-municipio-de-la-estrella\/#article","isPartOf":{"@id":"https:\/\/prensapaisa.com\/index.php\/2022\/10\/26\/un-hombre-asesino-a-su-hijastro-en-el-municipio-de-la-estrella\/"},"author":{"name":"noticias@prensapaisa.com","@id":"https:\/\/prensapaisa.com\/#\/schema\/person\/c5899b8b285dbcd70faec88a7c1579f6"},"headline":"Un hombre asesin\u00f3 a su hijastro en el municipio de La Estrella","datePublished":"2022-10-26T15:47:00+00:00","dateModified":"2022-10-27T15:47:55+00:00","mainEntityOfPage":{"@id":"https:\/\/prensapaisa.com\/index.php\/2022\/10\/26\/un-hombre-asesino-a-su-hijastro-en-el-municipio-de-la-estrella\/"},"wordCount":185,"commentCount":0,"publisher":{"@id":"https:\/\/prensapaisa.com\/#organization"},"image":{"@id":"https:\/\/prensapaisa.com\/index.php\/2022\/10\/26\/un-hombre-asesino-a-su-hijastro-en-el-municipio-de-la-estrella\/#primaryimage"},"thumbnailUrl":"https:\/\/prensapaisa.com\/wp-content\/uploads\/2022\/10\/2-66.jpg","articleSection":["Capturas","Noticias"],"inLanguage":"es-CO","potentialAction":[{"@type":"CommentAction","name":"Comment","target":["https:\/\/prensapaisa.com\/index.php\/2022\/10\/26\/un-hombre-asesino-a-su-hijastro-en-el-municipio-de-la-estrella\/#respond"]}]},{"@type":"WebPage","@id":"https:\/\/prensapaisa.com\/index.php\/2022\/10\/26\/un-hombre-asesino-a-su-hijastro-en-el-municipio-de-la-estrella\/","url":"https:\/\/prensapaisa.com\/index.php\/2022\/10\/26\/un-hombre-asesino-a-su-hijastro-en-el-municipio-de-la-estrella\/","name":"Un hombre asesin\u00f3 a su hijastro en el municipio de La Estrella - PRENSA PAISA","isPartOf":{"@id":"https:\/\/prensapaisa.com\/#website"},"primaryImageOfPage":{"@id":"https:\/\/prensapaisa.com\/index.php\/2022\/10\/26\/un-hombre-asesino-a-su-hijastro-en-el-municipio-de-la-estrella\/#primaryimage"},"image":{"@id":"https:\/\/prensapaisa.com\/index.php\/2022\/10\/26\/un-hombre-asesino-a-su-hijastro-en-el-municipio-de-la-estrella\/#primaryimage"},"thumbnailUrl":"https:\/\/prensapaisa.com\/wp-content\/uploads\/2022\/10\/2-66.jpg","datePublished":"2022-10-26T15:47:00+00:00","dateModified":"2022-10-27T15:47:55+00:00","breadcrumb":{"@id":"https:\/\/prensapaisa.com\/index.php\/2022\/10\/26\/un-hombre-asesino-a-su-hijastro-en-el-municipio-de-la-estrella\/#breadcrumb"},"inLanguage":"es-CO","potentialAction":[{"@type":"ReadAction","target":["https:\/\/prensapaisa.com\/index.php\/2022\/10\/26\/un-hombre-asesino-a-su-hijastro-en-el-municipio-de-la-estrella\/"]}]},{"@type":"ImageObject","inLanguage":"es-CO","@id":"https:\/\/prensapaisa.com\/index.php\/2022\/10\/26\/un-hombre-asesino-a-su-hijastro-en-el-municipio-de-la-estrella\/#primaryimage","url":"https:\/\/prensapaisa.com\/wp-content\/uploads\/2022\/10\/2-66.jpg","contentUrl":"https:\/\/prensapaisa.com\/wp-content\/uploads\/2022\/10\/2-66.jpg","width":1041,"height":724},{"@type":"BreadcrumbList","@id":"https:\/\/prensapaisa.com\/index.php\/2022\/10\/26\/un-hombre-asesino-a-su-hijastro-en-el-municipio-de-la-estrella\/#breadcrumb","itemListElement":[{"@type":"ListItem","position":1,"name":"Inicio","item":"https:\/\/prensapaisa.com\/"},{"@type":"ListItem","position":2,"name":"Un hombre asesin\u00f3 a su hijastro en el municipio de La Estrella"}]},{"@type":"WebSite","@id":"https:\/\/prensapaisa.com\/#website","url":"https:\/\/prensapaisa.com\/","name":"PRENSA PAISA","description":"Prensa Paisa la Original | Noticias de Medell\u00edn, Antioquia","publisher":{"@id":"https:\/\/prensapaisa.com\/#organization"},"potentialAction":[{"@type":"SearchAction","target":{"@type":"EntryPoint","urlTemplate":"https:\/\/prensapaisa.com\/?s={search_term_string}"},"query-input":{"@type":"PropertyValueSpecification","valueRequired":true,"valueName":"search_term_string"}}],"inLanguage":"es-CO"},{"@type":"Organization","@id":"https:\/\/prensapaisa.com\/#organization","name":"PRENSA PAISA","url":"https:\/\/prensapaisa.com\/","logo":{"@type":"ImageObject","inLanguage":"es-CO","@id":"https:\/\/prensapaisa.com\/#\/schema\/logo\/image\/","url":"https:\/\/prensapaisa.com\/wp-content\/uploads\/2022\/05\/cropped-cropped-prensa.png","contentUrl":"https:\/\/prensapaisa.com\/wp-content\/uploads\/2022\/05\/cropped-cropped-prensa.png","width":784,"height":524,"caption":"PRENSA PAISA"},"image":{"@id":"https:\/\/prensapaisa.com\/#\/schema\/logo\/image\/"}},{"@type":"Person","@id":"https:\/\/prensapaisa.com\/#\/schema\/person\/c5899b8b285dbcd70faec88a7c1579f6","name":"noticias@prensapaisa.com","image":{"@type":"ImageObject","inLanguage":"es-CO","@id":"https:\/\/secure.gravatar.com\/avatar\/ca2b49c1df14b84557c567431f045ea69c8ea5da2da50309fd4de9b811da0433?s=96&d=mm&r=g","url":"https:\/\/secure.gravatar.com\/avatar\/ca2b49c1df14b84557c567431f045ea69c8ea5da2da50309fd4de9b811da0433?s=96&d=mm&r=g","contentUrl":"https:\/\/secure.gravatar.com\/avatar\/ca2b49c1df14b84557c567431f045ea69c8ea5da2da50309fd4de9b811da0433?s=96&d=mm&r=g","caption":"noticias@prensapaisa.com"},"sameAs":["http:\/\/prensapaisa.com"],"url":"https:\/\/prensapaisa.com\/index.php\/author\/prensapaisagmail-com\/"}]}},"_links":{"self":[{"href":"https:\/\/prensapaisa.com\/index.php\/wp-json\/wp\/v2\/posts\/7777","targetHints":{"allow":["GET"]}}],"collection":[{"href":"https:\/\/prensapaisa.com\/index.php\/wp-json\/wp\/v2\/posts"}],"about":[{"href":"https:\/\/prensapaisa.com\/index.php\/wp-json\/wp\/v2\/types\/post"}],"author":[{"embeddable":true,"href":"https:\/\/prensapaisa.com\/index.php\/wp-json\/wp\/v2\/users\/1"}],"replies":[{"embeddable":true,"href":"https:\/\/prensapaisa.com\/index.php\/wp-json\/wp\/v2\/comments?post=7777"}],"version-history":[{"count":1,"href":"https:\/\/prensapaisa.com\/index.php\/wp-json\/wp\/v2\/posts\/7777\/revisions"}],"predecessor-version":[{"id":7780,"href":"https:\/\/prensapaisa.com\/index.php\/wp-json\/wp\/v2\/posts\/7777\/revisions\/7780"}],"wp:featuredmedia":[{"embeddable":true,"href":"https:\/\/prensapaisa.com\/index.php\/wp-json\/wp\/v2\/media\/7778"}],"wp:attachment":[{"href":"https:\/\/prensapaisa.com\/index.php\/wp-json\/wp\/v2\/media?parent=7777"}],"wp:term":[{"taxonomy":"category","embeddable":true,"href":"https:\/\/prensapaisa.com\/index.php\/wp-json\/wp\/v2\/categories?post=7777"},{"taxonomy":"post_tag","embeddable":true,"href":"https:\/\/prensapaisa.com\/index.php\/wp-json\/wp\/v2\/tags?post=7777"}],"curies":[{"name":"wp","href":"https:\/\/api.w.org\/{rel}","templated":true}]}}