{"id":7711,"date":"2022-10-20T10:45:00","date_gmt":"2022-10-20T15:45:00","guid":{"rendered":"https:\/\/prensapaisa.com\/?p=7711"},"modified":"2022-10-21T10:45:34","modified_gmt":"2022-10-21T15:45:34","slug":"presos-paisas-piden-mejores-condiciones-en-bello","status":"publish","type":"post","link":"https:\/\/prensapaisa.com\/index.php\/2022\/10\/20\/presos-paisas-piden-mejores-condiciones-en-bello\/","title":{"rendered":"Presos paisas piden mejores condiciones en Bello"},"content":{"rendered":"\n<p>Las personas privadas de la libertad aseguraron que hay hacinamiento, piden mejores condiciones para la comida, medicamentos, ropa, visitas y mejor trato por parte de las autoridades.<\/p>\n\n\n\n<p><a><\/a>Adem\u00e1s, aseguraron que los alimentos se los preparan vencidos y no tienen buen sabor. Tambi\u00e9n, pidieron s\u00e1banas, colchones y m\u00e1s aseo en sus celdas.<\/p>\n\n\n\n<p>Explicaron que pueden trabajar mientras est\u00e1n encerrados y avanzar con los proyectos u obras que se encuentran en suspensi\u00f3n, por falta de personal, en Antioquia.<\/p>\n\n\n\n<p>Finalmente, solicitaron visitas m\u00e9dicas para que les curen la gripa o tos que tienen hace m\u00e1s de un mes y la defensores de derechos humanos para que les brinden mejores oportunidades.<\/p>\n\n\n\n<figure class=\"wp-block-embed is-type-video is-provider-youtube wp-block-embed-youtube wp-embed-aspect-16-9 wp-has-aspect-ratio\"><div class=\"wp-block-embed__wrapper\">\n<iframe title=\"Presos paisas piden mejores condiciones en Bello\" width=\"1170\" height=\"658\" src=\"https:\/\/www.youtube.com\/embed\/sfiUiBShgIc?feature=oembed\" frameborder=\"0\" allow=\"accelerometer; autoplay; clipboard-write; encrypted-media; gyroscope; picture-in-picture\" allowfullscreen><\/iframe>\n<\/div><\/figure>\n","protected":false},"excerpt":{"rendered":"<p>Las personas privadas de la libertad aseguraron que hay hacinamiento, piden mejores condiciones para la comida, medicamentos, ropa, visitas y mejor trato por parte de las autoridades. Adem\u00e1s, aseguraron que&hellip;<\/p>\n","protected":false},"author":1,"featured_media":7712,"comment_status":"open","ping_status":"open","sticky":false,"template":"","format":"standard","meta":{"footnotes":""},"categories":[50,1],"tags":[],"class_list":["post-7711","post","type-post","status-publish","format-standard","has-post-thumbnail","hentry","category-denuncias","category-noticias"],"yoast_head":"<!-- This site is optimized with the Yoast SEO plugin v27.4 - https:\/\/yoast.com\/product\/yoast-seo-wordpress\/ -->\n<title>Presos paisas piden mejores condiciones en Bello - PRENSA PAISA<\/title>\n<meta name=\"robots\" content=\"index, follow, max-snippet:-1, max-image-preview:large, max-video-preview:-1\" \/>\n<link rel=\"canonical\" href=\"https:\/\/prensapaisa.com\/index.php\/2022\/10\/20\/presos-paisas-piden-mejores-condiciones-en-bello\/\" \/>\n<meta property=\"og:locale\" content=\"es_ES\" \/>\n<meta property=\"og:type\" content=\"article\" \/>\n<meta property=\"og:title\" content=\"Presos paisas piden mejores condiciones en Bello - PRENSA PAISA\" \/>\n<meta property=\"og:description\" content=\"Las personas privadas de la libertad aseguraron que hay hacinamiento, piden mejores condiciones para la comida, medicamentos, ropa, visitas y mejor trato por parte de las autoridades. Adem\u00e1s, aseguraron que&hellip;\" \/>\n<meta property=\"og:url\" content=\"https:\/\/prensapaisa.com\/index.php\/2022\/10\/20\/presos-paisas-piden-mejores-condiciones-en-bello\/\" \/>\n<meta property=\"og:site_name\" content=\"PRENSA PAISA\" \/>\n<meta property=\"article:published_time\" content=\"2022-10-20T15:45:00+00:00\" \/>\n<meta property=\"article:modified_time\" content=\"2022-10-21T15:45:34+00:00\" \/>\n<meta property=\"og:image\" content=\"https:\/\/prensapaisa.com\/wp-content\/uploads\/2022\/10\/1-73.jpg\" \/>\n\t<meta property=\"og:image:width\" content=\"1080\" \/>\n\t<meta property=\"og:image:height\" content=\"810\" \/>\n\t<meta property=\"og:image:type\" content=\"image\/jpeg\" \/>\n<meta name=\"author\" content=\"noticias@prensapaisa.com\" \/>\n<meta name=\"twitter:card\" content=\"summary_large_image\" \/>\n<meta name=\"twitter:label1\" content=\"Escrito por\" \/>\n\t<meta name=\"twitter:data1\" content=\"noticias@prensapaisa.com\" \/>\n\t<meta name=\"twitter:label2\" content=\"Tiempo de lectura\" \/>\n\t<meta name=\"twitter:data2\" content=\"1 minuto\" \/>\n<script type=\"application\/ld+json\" class=\"yoast-schema-graph\">{\"@context\":\"https:\\\/\\\/schema.org\",\"@graph\":[{\"@type\":\"Article\",\"@id\":\"https:\\\/\\\/prensapaisa.com\\\/index.php\\\/2022\\\/10\\\/20\\\/presos-paisas-piden-mejores-condiciones-en-bello\\\/#article\",\"isPartOf\":{\"@id\":\"https:\\\/\\\/prensapaisa.com\\\/index.php\\\/2022\\\/10\\\/20\\\/presos-paisas-piden-mejores-condiciones-en-bello\\\/\"},\"author\":{\"name\":\"noticias@prensapaisa.com\",\"@id\":\"https:\\\/\\\/prensapaisa.com\\\/#\\\/schema\\\/person\\\/c5899b8b285dbcd70faec88a7c1579f6\"},\"headline\":\"Presos paisas piden mejores condiciones en Bello\",\"datePublished\":\"2022-10-20T15:45:00+00:00\",\"dateModified\":\"2022-10-21T15:45:34+00:00\",\"mainEntityOfPage\":{\"@id\":\"https:\\\/\\\/prensapaisa.com\\\/index.php\\\/2022\\\/10\\\/20\\\/presos-paisas-piden-mejores-condiciones-en-bello\\\/\"},\"wordCount\":126,\"commentCount\":0,\"publisher\":{\"@id\":\"https:\\\/\\\/prensapaisa.com\\\/#organization\"},\"image\":{\"@id\":\"https:\\\/\\\/prensapaisa.com\\\/index.php\\\/2022\\\/10\\\/20\\\/presos-paisas-piden-mejores-condiciones-en-bello\\\/#primaryimage\"},\"thumbnailUrl\":\"https:\\\/\\\/prensapaisa.com\\\/wp-content\\\/uploads\\\/2022\\\/10\\\/1-73.jpg\",\"articleSection\":[\"Denuncias\",\"Noticias\"],\"inLanguage\":\"es-CO\",\"potentialAction\":[{\"@type\":\"CommentAction\",\"name\":\"Comment\",\"target\":[\"https:\\\/\\\/prensapaisa.com\\\/index.php\\\/2022\\\/10\\\/20\\\/presos-paisas-piden-mejores-condiciones-en-bello\\\/#respond\"]}]},{\"@type\":\"WebPage\",\"@id\":\"https:\\\/\\\/prensapaisa.com\\\/index.php\\\/2022\\\/10\\\/20\\\/presos-paisas-piden-mejores-condiciones-en-bello\\\/\",\"url\":\"https:\\\/\\\/prensapaisa.com\\\/index.php\\\/2022\\\/10\\\/20\\\/presos-paisas-piden-mejores-condiciones-en-bello\\\/\",\"name\":\"Presos paisas piden mejores condiciones en Bello - PRENSA PAISA\",\"isPartOf\":{\"@id\":\"https:\\\/\\\/prensapaisa.com\\\/#website\"},\"primaryImageOfPage\":{\"@id\":\"https:\\\/\\\/prensapaisa.com\\\/index.php\\\/2022\\\/10\\\/20\\\/presos-paisas-piden-mejores-condiciones-en-bello\\\/#primaryimage\"},\"image\":{\"@id\":\"https:\\\/\\\/prensapaisa.com\\\/index.php\\\/2022\\\/10\\\/20\\\/presos-paisas-piden-mejores-condiciones-en-bello\\\/#primaryimage\"},\"thumbnailUrl\":\"https:\\\/\\\/prensapaisa.com\\\/wp-content\\\/uploads\\\/2022\\\/10\\\/1-73.jpg\",\"datePublished\":\"2022-10-20T15:45:00+00:00\",\"dateModified\":\"2022-10-21T15:45:34+00:00\",\"breadcrumb\":{\"@id\":\"https:\\\/\\\/prensapaisa.com\\\/index.php\\\/2022\\\/10\\\/20\\\/presos-paisas-piden-mejores-condiciones-en-bello\\\/#breadcrumb\"},\"inLanguage\":\"es-CO\",\"potentialAction\":[{\"@type\":\"ReadAction\",\"target\":[\"https:\\\/\\\/prensapaisa.com\\\/index.php\\\/2022\\\/10\\\/20\\\/presos-paisas-piden-mejores-condiciones-en-bello\\\/\"]}]},{\"@type\":\"ImageObject\",\"inLanguage\":\"es-CO\",\"@id\":\"https:\\\/\\\/prensapaisa.com\\\/index.php\\\/2022\\\/10\\\/20\\\/presos-paisas-piden-mejores-condiciones-en-bello\\\/#primaryimage\",\"url\":\"https:\\\/\\\/prensapaisa.com\\\/wp-content\\\/uploads\\\/2022\\\/10\\\/1-73.jpg\",\"contentUrl\":\"https:\\\/\\\/prensapaisa.com\\\/wp-content\\\/uploads\\\/2022\\\/10\\\/1-73.jpg\",\"width\":1080,\"height\":810},{\"@type\":\"BreadcrumbList\",\"@id\":\"https:\\\/\\\/prensapaisa.com\\\/index.php\\\/2022\\\/10\\\/20\\\/presos-paisas-piden-mejores-condiciones-en-bello\\\/#breadcrumb\",\"itemListElement\":[{\"@type\":\"ListItem\",\"position\":1,\"name\":\"Inicio\",\"item\":\"https:\\\/\\\/prensapaisa.com\\\/\"},{\"@type\":\"ListItem\",\"position\":2,\"name\":\"Presos paisas piden mejores condiciones en Bello\"}]},{\"@type\":\"WebSite\",\"@id\":\"https:\\\/\\\/prensapaisa.com\\\/#website\",\"url\":\"https:\\\/\\\/prensapaisa.com\\\/\",\"name\":\"PRENSA PAISA\",\"description\":\"Prensa Paisa la Original | Noticias de Medell\u00edn, Antioquia\",\"publisher\":{\"@id\":\"https:\\\/\\\/prensapaisa.com\\\/#organization\"},\"potentialAction\":[{\"@type\":\"SearchAction\",\"target\":{\"@type\":\"EntryPoint\",\"urlTemplate\":\"https:\\\/\\\/prensapaisa.com\\\/?s={search_term_string}\"},\"query-input\":{\"@type\":\"PropertyValueSpecification\",\"valueRequired\":true,\"valueName\":\"search_term_string\"}}],\"inLanguage\":\"es-CO\"},{\"@type\":\"Organization\",\"@id\":\"https:\\\/\\\/prensapaisa.com\\\/#organization\",\"name\":\"PRENSA PAISA\",\"url\":\"https:\\\/\\\/prensapaisa.com\\\/\",\"logo\":{\"@type\":\"ImageObject\",\"inLanguage\":\"es-CO\",\"@id\":\"https:\\\/\\\/prensapaisa.com\\\/#\\\/schema\\\/logo\\\/image\\\/\",\"url\":\"https:\\\/\\\/prensapaisa.com\\\/wp-content\\\/uploads\\\/2022\\\/05\\\/cropped-cropped-prensa.png\",\"contentUrl\":\"https:\\\/\\\/prensapaisa.com\\\/wp-content\\\/uploads\\\/2022\\\/05\\\/cropped-cropped-prensa.png\",\"width\":784,\"height\":524,\"caption\":\"PRENSA PAISA\"},\"image\":{\"@id\":\"https:\\\/\\\/prensapaisa.com\\\/#\\\/schema\\\/logo\\\/image\\\/\"}},{\"@type\":\"Person\",\"@id\":\"https:\\\/\\\/prensapaisa.com\\\/#\\\/schema\\\/person\\\/c5899b8b285dbcd70faec88a7c1579f6\",\"name\":\"noticias@prensapaisa.com\",\"image\":{\"@type\":\"ImageObject\",\"inLanguage\":\"es-CO\",\"@id\":\"https:\\\/\\\/secure.gravatar.com\\\/avatar\\\/ca2b49c1df14b84557c567431f045ea69c8ea5da2da50309fd4de9b811da0433?s=96&d=mm&r=g\",\"url\":\"https:\\\/\\\/secure.gravatar.com\\\/avatar\\\/ca2b49c1df14b84557c567431f045ea69c8ea5da2da50309fd4de9b811da0433?s=96&d=mm&r=g\",\"contentUrl\":\"https:\\\/\\\/secure.gravatar.com\\\/avatar\\\/ca2b49c1df14b84557c567431f045ea69c8ea5da2da50309fd4de9b811da0433?s=96&d=mm&r=g\",\"caption\":\"noticias@prensapaisa.com\"},\"sameAs\":[\"http:\\\/\\\/prensapaisa.com\"],\"url\":\"https:\\\/\\\/prensapaisa.com\\\/index.php\\\/author\\\/prensapaisagmail-com\\\/\"}]}<\/script>\n<!-- \/ Yoast SEO plugin. -->","yoast_head_json":{"title":"Presos paisas piden mejores condiciones en Bello - PRENSA PAISA","robots":{"index":"index","follow":"follow","max-snippet":"max-snippet:-1","max-image-preview":"max-image-preview:large","max-video-preview":"max-video-preview:-1"},"canonical":"https:\/\/prensapaisa.com\/index.php\/2022\/10\/20\/presos-paisas-piden-mejores-condiciones-en-bello\/","og_locale":"es_ES","og_type":"article","og_title":"Presos paisas piden mejores condiciones en Bello - PRENSA PAISA","og_description":"Las personas privadas de la libertad aseguraron que hay hacinamiento, piden mejores condiciones para la comida, medicamentos, ropa, visitas y mejor trato por parte de las autoridades. Adem\u00e1s, aseguraron que&hellip;","og_url":"https:\/\/prensapaisa.com\/index.php\/2022\/10\/20\/presos-paisas-piden-mejores-condiciones-en-bello\/","og_site_name":"PRENSA PAISA","article_published_time":"2022-10-20T15:45:00+00:00","article_modified_time":"2022-10-21T15:45:34+00:00","og_image":[{"width":1080,"height":810,"url":"https:\/\/prensapaisa.com\/wp-content\/uploads\/2022\/10\/1-73.jpg","type":"image\/jpeg"}],"author":"noticias@prensapaisa.com","twitter_card":"summary_large_image","twitter_misc":{"Escrito por":"noticias@prensapaisa.com","Tiempo de lectura":"1 minuto"},"schema":{"@context":"https:\/\/schema.org","@graph":[{"@type":"Article","@id":"https:\/\/prensapaisa.com\/index.php\/2022\/10\/20\/presos-paisas-piden-mejores-condiciones-en-bello\/#article","isPartOf":{"@id":"https:\/\/prensapaisa.com\/index.php\/2022\/10\/20\/presos-paisas-piden-mejores-condiciones-en-bello\/"},"author":{"name":"noticias@prensapaisa.com","@id":"https:\/\/prensapaisa.com\/#\/schema\/person\/c5899b8b285dbcd70faec88a7c1579f6"},"headline":"Presos paisas piden mejores condiciones en Bello","datePublished":"2022-10-20T15:45:00+00:00","dateModified":"2022-10-21T15:45:34+00:00","mainEntityOfPage":{"@id":"https:\/\/prensapaisa.com\/index.php\/2022\/10\/20\/presos-paisas-piden-mejores-condiciones-en-bello\/"},"wordCount":126,"commentCount":0,"publisher":{"@id":"https:\/\/prensapaisa.com\/#organization"},"image":{"@id":"https:\/\/prensapaisa.com\/index.php\/2022\/10\/20\/presos-paisas-piden-mejores-condiciones-en-bello\/#primaryimage"},"thumbnailUrl":"https:\/\/prensapaisa.com\/wp-content\/uploads\/2022\/10\/1-73.jpg","articleSection":["Denuncias","Noticias"],"inLanguage":"es-CO","potentialAction":[{"@type":"CommentAction","name":"Comment","target":["https:\/\/prensapaisa.com\/index.php\/2022\/10\/20\/presos-paisas-piden-mejores-condiciones-en-bello\/#respond"]}]},{"@type":"WebPage","@id":"https:\/\/prensapaisa.com\/index.php\/2022\/10\/20\/presos-paisas-piden-mejores-condiciones-en-bello\/","url":"https:\/\/prensapaisa.com\/index.php\/2022\/10\/20\/presos-paisas-piden-mejores-condiciones-en-bello\/","name":"Presos paisas piden mejores condiciones en Bello - PRENSA PAISA","isPartOf":{"@id":"https:\/\/prensapaisa.com\/#website"},"primaryImageOfPage":{"@id":"https:\/\/prensapaisa.com\/index.php\/2022\/10\/20\/presos-paisas-piden-mejores-condiciones-en-bello\/#primaryimage"},"image":{"@id":"https:\/\/prensapaisa.com\/index.php\/2022\/10\/20\/presos-paisas-piden-mejores-condiciones-en-bello\/#primaryimage"},"thumbnailUrl":"https:\/\/prensapaisa.com\/wp-content\/uploads\/2022\/10\/1-73.jpg","datePublished":"2022-10-20T15:45:00+00:00","dateModified":"2022-10-21T15:45:34+00:00","breadcrumb":{"@id":"https:\/\/prensapaisa.com\/index.php\/2022\/10\/20\/presos-paisas-piden-mejores-condiciones-en-bello\/#breadcrumb"},"inLanguage":"es-CO","potentialAction":[{"@type":"ReadAction","target":["https:\/\/prensapaisa.com\/index.php\/2022\/10\/20\/presos-paisas-piden-mejores-condiciones-en-bello\/"]}]},{"@type":"ImageObject","inLanguage":"es-CO","@id":"https:\/\/prensapaisa.com\/index.php\/2022\/10\/20\/presos-paisas-piden-mejores-condiciones-en-bello\/#primaryimage","url":"https:\/\/prensapaisa.com\/wp-content\/uploads\/2022\/10\/1-73.jpg","contentUrl":"https:\/\/prensapaisa.com\/wp-content\/uploads\/2022\/10\/1-73.jpg","width":1080,"height":810},{"@type":"BreadcrumbList","@id":"https:\/\/prensapaisa.com\/index.php\/2022\/10\/20\/presos-paisas-piden-mejores-condiciones-en-bello\/#breadcrumb","itemListElement":[{"@type":"ListItem","position":1,"name":"Inicio","item":"https:\/\/prensapaisa.com\/"},{"@type":"ListItem","position":2,"name":"Presos paisas piden mejores condiciones en Bello"}]},{"@type":"WebSite","@id":"https:\/\/prensapaisa.com\/#website","url":"https:\/\/prensapaisa.com\/","name":"PRENSA PAISA","description":"Prensa Paisa la Original | Noticias de Medell\u00edn, Antioquia","publisher":{"@id":"https:\/\/prensapaisa.com\/#organization"},"potentialAction":[{"@type":"SearchAction","target":{"@type":"EntryPoint","urlTemplate":"https:\/\/prensapaisa.com\/?s={search_term_string}"},"query-input":{"@type":"PropertyValueSpecification","valueRequired":true,"valueName":"search_term_string"}}],"inLanguage":"es-CO"},{"@type":"Organization","@id":"https:\/\/prensapaisa.com\/#organization","name":"PRENSA PAISA","url":"https:\/\/prensapaisa.com\/","logo":{"@type":"ImageObject","inLanguage":"es-CO","@id":"https:\/\/prensapaisa.com\/#\/schema\/logo\/image\/","url":"https:\/\/prensapaisa.com\/wp-content\/uploads\/2022\/05\/cropped-cropped-prensa.png","contentUrl":"https:\/\/prensapaisa.com\/wp-content\/uploads\/2022\/05\/cropped-cropped-prensa.png","width":784,"height":524,"caption":"PRENSA PAISA"},"image":{"@id":"https:\/\/prensapaisa.com\/#\/schema\/logo\/image\/"}},{"@type":"Person","@id":"https:\/\/prensapaisa.com\/#\/schema\/person\/c5899b8b285dbcd70faec88a7c1579f6","name":"noticias@prensapaisa.com","image":{"@type":"ImageObject","inLanguage":"es-CO","@id":"https:\/\/secure.gravatar.com\/avatar\/ca2b49c1df14b84557c567431f045ea69c8ea5da2da50309fd4de9b811da0433?s=96&d=mm&r=g","url":"https:\/\/secure.gravatar.com\/avatar\/ca2b49c1df14b84557c567431f045ea69c8ea5da2da50309fd4de9b811da0433?s=96&d=mm&r=g","contentUrl":"https:\/\/secure.gravatar.com\/avatar\/ca2b49c1df14b84557c567431f045ea69c8ea5da2da50309fd4de9b811da0433?s=96&d=mm&r=g","caption":"noticias@prensapaisa.com"},"sameAs":["http:\/\/prensapaisa.com"],"url":"https:\/\/prensapaisa.com\/index.php\/author\/prensapaisagmail-com\/"}]}},"_links":{"self":[{"href":"https:\/\/prensapaisa.com\/index.php\/wp-json\/wp\/v2\/posts\/7711","targetHints":{"allow":["GET"]}}],"collection":[{"href":"https:\/\/prensapaisa.com\/index.php\/wp-json\/wp\/v2\/posts"}],"about":[{"href":"https:\/\/prensapaisa.com\/index.php\/wp-json\/wp\/v2\/types\/post"}],"author":[{"embeddable":true,"href":"https:\/\/prensapaisa.com\/index.php\/wp-json\/wp\/v2\/users\/1"}],"replies":[{"embeddable":true,"href":"https:\/\/prensapaisa.com\/index.php\/wp-json\/wp\/v2\/comments?post=7711"}],"version-history":[{"count":1,"href":"https:\/\/prensapaisa.com\/index.php\/wp-json\/wp\/v2\/posts\/7711\/revisions"}],"predecessor-version":[{"id":7713,"href":"https:\/\/prensapaisa.com\/index.php\/wp-json\/wp\/v2\/posts\/7711\/revisions\/7713"}],"wp:featuredmedia":[{"embeddable":true,"href":"https:\/\/prensapaisa.com\/index.php\/wp-json\/wp\/v2\/media\/7712"}],"wp:attachment":[{"href":"https:\/\/prensapaisa.com\/index.php\/wp-json\/wp\/v2\/media?parent=7711"}],"wp:term":[{"taxonomy":"category","embeddable":true,"href":"https:\/\/prensapaisa.com\/index.php\/wp-json\/wp\/v2\/categories?post=7711"},{"taxonomy":"post_tag","embeddable":true,"href":"https:\/\/prensapaisa.com\/index.php\/wp-json\/wp\/v2\/tags?post=7711"}],"curies":[{"name":"wp","href":"https:\/\/api.w.org\/{rel}","templated":true}]}}