{"id":7366,"date":"2022-10-06T14:02:35","date_gmt":"2022-10-06T19:02:35","guid":{"rendered":"https:\/\/prensapaisa.com\/?p=7366"},"modified":"2022-10-06T14:02:37","modified_gmt":"2022-10-06T19:02:37","slug":"capturan-a-los-senalados-del-asesinato-de-una-taxista-en-medellin","status":"publish","type":"post","link":"https:\/\/prensapaisa.com\/index.php\/2022\/10\/06\/capturan-a-los-senalados-del-asesinato-de-una-taxista-en-medellin\/","title":{"rendered":"Capturan a los se\u00f1alados del asesinato de una taxista en Medell\u00edn"},"content":{"rendered":"\n<p>&#8220;La Polic\u00eda Metropolitana del Valle de Aburr\u00e1, en coordinaci\u00f3n con la Fiscal\u00eda General de la Naci\u00f3n, la Polic\u00eda Judicial, Inteligencia, la Alcald\u00eda de Medell\u00edn, Polic\u00eda de infancia y adolescencia y la Polic\u00eda Antioquia, resolvi\u00f3 el crimen de la se\u00f1ora Taxista Blanca In\u00e9s Giraldo Castrill\u00f3n ocurrido en inmediaci\u00f3n a la avenida Las Palmas, el pasado 28 de septiembre.<\/p>\n\n\n\n<p>De acuerdo con la investigaci\u00f3n adelantada, <a><\/a>los victimarios luego de cometer el crimen, que cobr\u00f3 la vida de Blanca In\u00e9s, abordaron en v\u00eda p\u00fablica un taxi hasta el centro de la ciudad, donde se alojaron en un hotel de ese sector, ya plenamente identificados por el trabajo de los t\u00e9cnicos en criminal\u00edstica y gracias a entrevistas y an\u00e1lisis forense en reconocimiento videogr\u00e1fico, los investigadores centraron su atenci\u00f3n en el municipio de la Ceja, hasta donde habr\u00edan huido los dos presuntos homicidas.<\/p>\n\n\n\n<p>Con el apoyo del Modelo nacional de Vigilancia Comunitaria por Cuadrantes, se logr\u00f3 dar con el paradero de las dos personas comprometidas en el crimen en el parque central del municipio de La Ceja Antioquia, se trata de Angie Michell Mazo Casta\u00f1eda, quien fue capturada por el delito de homicidio agravado en concurso con hurto calificado y agravado y utilizaci\u00f3n de menores, y la aprehensi\u00f3n de un adolescente de 17 a\u00f1os por el delito de homicidio agravado.<\/p>\n\n\n\n<p>A la mujer implicada en este homicidio un juez le dict\u00f3 medida de aseguramiento en centro carcelario y al menor de edad se le establece medida de internamiento de acuerdo a lo establecido en la ley&#8221;.<\/p>\n\n\n\n<figure class=\"wp-block-embed is-type-video is-provider-youtube wp-block-embed-youtube wp-embed-aspect-4-3 wp-has-aspect-ratio\"><div class=\"wp-block-embed__wrapper\">\n<iframe title=\"Capturan a los se\u00f1alados del asesinato de una taxista en Medell\u00edn\" width=\"1170\" height=\"878\" src=\"https:\/\/www.youtube.com\/embed\/e3LpyLE9wPg?feature=oembed\" frameborder=\"0\" allow=\"accelerometer; autoplay; clipboard-write; encrypted-media; gyroscope; picture-in-picture\" allowfullscreen><\/iframe>\n<\/div><\/figure>\n","protected":false},"excerpt":{"rendered":"<p>&#8220;La Polic\u00eda Metropolitana del Valle de Aburr\u00e1, en coordinaci\u00f3n con la Fiscal\u00eda General de la Naci\u00f3n, la Polic\u00eda Judicial, Inteligencia, la Alcald\u00eda de Medell\u00edn, Polic\u00eda de infancia y adolescencia y&hellip;<\/p>\n","protected":false},"author":1,"featured_media":7367,"comment_status":"open","ping_status":"open","sticky":false,"template":"","format":"standard","meta":{"footnotes":""},"categories":[49],"tags":[],"class_list":["post-7366","post","type-post","status-publish","format-standard","has-post-thumbnail","hentry","category-capturas"],"yoast_head":"<!-- This site is optimized with the Yoast SEO plugin v27.4 - https:\/\/yoast.com\/product\/yoast-seo-wordpress\/ -->\n<title>Capturan a los se\u00f1alados del asesinato de una taxista en Medell\u00edn - PRENSA PAISA<\/title>\n<meta name=\"robots\" content=\"index, follow, max-snippet:-1, max-image-preview:large, max-video-preview:-1\" \/>\n<link rel=\"canonical\" href=\"https:\/\/prensapaisa.com\/index.php\/2022\/10\/06\/capturan-a-los-senalados-del-asesinato-de-una-taxista-en-medellin\/\" \/>\n<meta property=\"og:locale\" content=\"es_ES\" \/>\n<meta property=\"og:type\" content=\"article\" \/>\n<meta property=\"og:title\" content=\"Capturan a los se\u00f1alados del asesinato de una taxista en Medell\u00edn - PRENSA PAISA\" \/>\n<meta property=\"og:description\" content=\"&#8220;La Polic\u00eda Metropolitana del Valle de Aburr\u00e1, en coordinaci\u00f3n con la Fiscal\u00eda General de la Naci\u00f3n, la Polic\u00eda Judicial, Inteligencia, la Alcald\u00eda de Medell\u00edn, Polic\u00eda de infancia y adolescencia y&hellip;\" \/>\n<meta property=\"og:url\" content=\"https:\/\/prensapaisa.com\/index.php\/2022\/10\/06\/capturan-a-los-senalados-del-asesinato-de-una-taxista-en-medellin\/\" \/>\n<meta property=\"og:site_name\" content=\"PRENSA PAISA\" \/>\n<meta property=\"article:published_time\" content=\"2022-10-06T19:02:35+00:00\" \/>\n<meta property=\"article:modified_time\" content=\"2022-10-06T19:02:37+00:00\" \/>\n<meta property=\"og:image\" content=\"https:\/\/prensapaisa.com\/wp-content\/uploads\/2022\/10\/633dee8beff2e.r_1665003645302.9-6-694-390.jpeg\" \/>\n\t<meta property=\"og:image:width\" content=\"652\" \/>\n\t<meta property=\"og:image:height\" content=\"366\" \/>\n\t<meta property=\"og:image:type\" content=\"image\/jpeg\" \/>\n<meta name=\"author\" content=\"noticias@prensapaisa.com\" \/>\n<meta name=\"twitter:card\" content=\"summary_large_image\" \/>\n<meta name=\"twitter:label1\" content=\"Escrito por\" \/>\n\t<meta name=\"twitter:data1\" content=\"noticias@prensapaisa.com\" \/>\n\t<meta name=\"twitter:label2\" content=\"Tiempo de lectura\" \/>\n\t<meta name=\"twitter:data2\" content=\"2 minutos\" \/>\n<script type=\"application\/ld+json\" class=\"yoast-schema-graph\">{\"@context\":\"https:\\\/\\\/schema.org\",\"@graph\":[{\"@type\":\"Article\",\"@id\":\"https:\\\/\\\/prensapaisa.com\\\/index.php\\\/2022\\\/10\\\/06\\\/capturan-a-los-senalados-del-asesinato-de-una-taxista-en-medellin\\\/#article\",\"isPartOf\":{\"@id\":\"https:\\\/\\\/prensapaisa.com\\\/index.php\\\/2022\\\/10\\\/06\\\/capturan-a-los-senalados-del-asesinato-de-una-taxista-en-medellin\\\/\"},\"author\":{\"name\":\"noticias@prensapaisa.com\",\"@id\":\"https:\\\/\\\/prensapaisa.com\\\/#\\\/schema\\\/person\\\/c5899b8b285dbcd70faec88a7c1579f6\"},\"headline\":\"Capturan a los se\u00f1alados del asesinato de una taxista en Medell\u00edn\",\"datePublished\":\"2022-10-06T19:02:35+00:00\",\"dateModified\":\"2022-10-06T19:02:37+00:00\",\"mainEntityOfPage\":{\"@id\":\"https:\\\/\\\/prensapaisa.com\\\/index.php\\\/2022\\\/10\\\/06\\\/capturan-a-los-senalados-del-asesinato-de-una-taxista-en-medellin\\\/\"},\"wordCount\":295,\"commentCount\":0,\"publisher\":{\"@id\":\"https:\\\/\\\/prensapaisa.com\\\/#organization\"},\"image\":{\"@id\":\"https:\\\/\\\/prensapaisa.com\\\/index.php\\\/2022\\\/10\\\/06\\\/capturan-a-los-senalados-del-asesinato-de-una-taxista-en-medellin\\\/#primaryimage\"},\"thumbnailUrl\":\"https:\\\/\\\/prensapaisa.com\\\/wp-content\\\/uploads\\\/2022\\\/10\\\/633dee8beff2e.r_1665003645302.9-6-694-390.jpeg\",\"articleSection\":[\"Capturas\"],\"inLanguage\":\"es-CO\",\"potentialAction\":[{\"@type\":\"CommentAction\",\"name\":\"Comment\",\"target\":[\"https:\\\/\\\/prensapaisa.com\\\/index.php\\\/2022\\\/10\\\/06\\\/capturan-a-los-senalados-del-asesinato-de-una-taxista-en-medellin\\\/#respond\"]}]},{\"@type\":\"WebPage\",\"@id\":\"https:\\\/\\\/prensapaisa.com\\\/index.php\\\/2022\\\/10\\\/06\\\/capturan-a-los-senalados-del-asesinato-de-una-taxista-en-medellin\\\/\",\"url\":\"https:\\\/\\\/prensapaisa.com\\\/index.php\\\/2022\\\/10\\\/06\\\/capturan-a-los-senalados-del-asesinato-de-una-taxista-en-medellin\\\/\",\"name\":\"Capturan a los se\u00f1alados del asesinato de una taxista en Medell\u00edn - PRENSA PAISA\",\"isPartOf\":{\"@id\":\"https:\\\/\\\/prensapaisa.com\\\/#website\"},\"primaryImageOfPage\":{\"@id\":\"https:\\\/\\\/prensapaisa.com\\\/index.php\\\/2022\\\/10\\\/06\\\/capturan-a-los-senalados-del-asesinato-de-una-taxista-en-medellin\\\/#primaryimage\"},\"image\":{\"@id\":\"https:\\\/\\\/prensapaisa.com\\\/index.php\\\/2022\\\/10\\\/06\\\/capturan-a-los-senalados-del-asesinato-de-una-taxista-en-medellin\\\/#primaryimage\"},\"thumbnailUrl\":\"https:\\\/\\\/prensapaisa.com\\\/wp-content\\\/uploads\\\/2022\\\/10\\\/633dee8beff2e.r_1665003645302.9-6-694-390.jpeg\",\"datePublished\":\"2022-10-06T19:02:35+00:00\",\"dateModified\":\"2022-10-06T19:02:37+00:00\",\"breadcrumb\":{\"@id\":\"https:\\\/\\\/prensapaisa.com\\\/index.php\\\/2022\\\/10\\\/06\\\/capturan-a-los-senalados-del-asesinato-de-una-taxista-en-medellin\\\/#breadcrumb\"},\"inLanguage\":\"es-CO\",\"potentialAction\":[{\"@type\":\"ReadAction\",\"target\":[\"https:\\\/\\\/prensapaisa.com\\\/index.php\\\/2022\\\/10\\\/06\\\/capturan-a-los-senalados-del-asesinato-de-una-taxista-en-medellin\\\/\"]}]},{\"@type\":\"ImageObject\",\"inLanguage\":\"es-CO\",\"@id\":\"https:\\\/\\\/prensapaisa.com\\\/index.php\\\/2022\\\/10\\\/06\\\/capturan-a-los-senalados-del-asesinato-de-una-taxista-en-medellin\\\/#primaryimage\",\"url\":\"https:\\\/\\\/prensapaisa.com\\\/wp-content\\\/uploads\\\/2022\\\/10\\\/633dee8beff2e.r_1665003645302.9-6-694-390.jpeg\",\"contentUrl\":\"https:\\\/\\\/prensapaisa.com\\\/wp-content\\\/uploads\\\/2022\\\/10\\\/633dee8beff2e.r_1665003645302.9-6-694-390.jpeg\",\"width\":652,\"height\":366},{\"@type\":\"BreadcrumbList\",\"@id\":\"https:\\\/\\\/prensapaisa.com\\\/index.php\\\/2022\\\/10\\\/06\\\/capturan-a-los-senalados-del-asesinato-de-una-taxista-en-medellin\\\/#breadcrumb\",\"itemListElement\":[{\"@type\":\"ListItem\",\"position\":1,\"name\":\"Inicio\",\"item\":\"https:\\\/\\\/prensapaisa.com\\\/\"},{\"@type\":\"ListItem\",\"position\":2,\"name\":\"Capturan a los se\u00f1alados del asesinato de una taxista en Medell\u00edn\"}]},{\"@type\":\"WebSite\",\"@id\":\"https:\\\/\\\/prensapaisa.com\\\/#website\",\"url\":\"https:\\\/\\\/prensapaisa.com\\\/\",\"name\":\"PRENSA PAISA\",\"description\":\"Prensa Paisa la Original | Noticias de Medell\u00edn, Antioquia\",\"publisher\":{\"@id\":\"https:\\\/\\\/prensapaisa.com\\\/#organization\"},\"potentialAction\":[{\"@type\":\"SearchAction\",\"target\":{\"@type\":\"EntryPoint\",\"urlTemplate\":\"https:\\\/\\\/prensapaisa.com\\\/?s={search_term_string}\"},\"query-input\":{\"@type\":\"PropertyValueSpecification\",\"valueRequired\":true,\"valueName\":\"search_term_string\"}}],\"inLanguage\":\"es-CO\"},{\"@type\":\"Organization\",\"@id\":\"https:\\\/\\\/prensapaisa.com\\\/#organization\",\"name\":\"PRENSA PAISA\",\"url\":\"https:\\\/\\\/prensapaisa.com\\\/\",\"logo\":{\"@type\":\"ImageObject\",\"inLanguage\":\"es-CO\",\"@id\":\"https:\\\/\\\/prensapaisa.com\\\/#\\\/schema\\\/logo\\\/image\\\/\",\"url\":\"https:\\\/\\\/prensapaisa.com\\\/wp-content\\\/uploads\\\/2022\\\/05\\\/cropped-cropped-prensa.png\",\"contentUrl\":\"https:\\\/\\\/prensapaisa.com\\\/wp-content\\\/uploads\\\/2022\\\/05\\\/cropped-cropped-prensa.png\",\"width\":784,\"height\":524,\"caption\":\"PRENSA PAISA\"},\"image\":{\"@id\":\"https:\\\/\\\/prensapaisa.com\\\/#\\\/schema\\\/logo\\\/image\\\/\"}},{\"@type\":\"Person\",\"@id\":\"https:\\\/\\\/prensapaisa.com\\\/#\\\/schema\\\/person\\\/c5899b8b285dbcd70faec88a7c1579f6\",\"name\":\"noticias@prensapaisa.com\",\"image\":{\"@type\":\"ImageObject\",\"inLanguage\":\"es-CO\",\"@id\":\"https:\\\/\\\/secure.gravatar.com\\\/avatar\\\/ca2b49c1df14b84557c567431f045ea69c8ea5da2da50309fd4de9b811da0433?s=96&d=mm&r=g\",\"url\":\"https:\\\/\\\/secure.gravatar.com\\\/avatar\\\/ca2b49c1df14b84557c567431f045ea69c8ea5da2da50309fd4de9b811da0433?s=96&d=mm&r=g\",\"contentUrl\":\"https:\\\/\\\/secure.gravatar.com\\\/avatar\\\/ca2b49c1df14b84557c567431f045ea69c8ea5da2da50309fd4de9b811da0433?s=96&d=mm&r=g\",\"caption\":\"noticias@prensapaisa.com\"},\"sameAs\":[\"http:\\\/\\\/prensapaisa.com\"],\"url\":\"https:\\\/\\\/prensapaisa.com\\\/index.php\\\/author\\\/prensapaisagmail-com\\\/\"}]}<\/script>\n<!-- \/ Yoast SEO plugin. -->","yoast_head_json":{"title":"Capturan a los se\u00f1alados del asesinato de una taxista en Medell\u00edn - PRENSA PAISA","robots":{"index":"index","follow":"follow","max-snippet":"max-snippet:-1","max-image-preview":"max-image-preview:large","max-video-preview":"max-video-preview:-1"},"canonical":"https:\/\/prensapaisa.com\/index.php\/2022\/10\/06\/capturan-a-los-senalados-del-asesinato-de-una-taxista-en-medellin\/","og_locale":"es_ES","og_type":"article","og_title":"Capturan a los se\u00f1alados del asesinato de una taxista en Medell\u00edn - PRENSA PAISA","og_description":"&#8220;La Polic\u00eda Metropolitana del Valle de Aburr\u00e1, en coordinaci\u00f3n con la Fiscal\u00eda General de la Naci\u00f3n, la Polic\u00eda Judicial, Inteligencia, la Alcald\u00eda de Medell\u00edn, Polic\u00eda de infancia y adolescencia y&hellip;","og_url":"https:\/\/prensapaisa.com\/index.php\/2022\/10\/06\/capturan-a-los-senalados-del-asesinato-de-una-taxista-en-medellin\/","og_site_name":"PRENSA PAISA","article_published_time":"2022-10-06T19:02:35+00:00","article_modified_time":"2022-10-06T19:02:37+00:00","og_image":[{"width":652,"height":366,"url":"https:\/\/prensapaisa.com\/wp-content\/uploads\/2022\/10\/633dee8beff2e.r_1665003645302.9-6-694-390.jpeg","type":"image\/jpeg"}],"author":"noticias@prensapaisa.com","twitter_card":"summary_large_image","twitter_misc":{"Escrito por":"noticias@prensapaisa.com","Tiempo de lectura":"2 minutos"},"schema":{"@context":"https:\/\/schema.org","@graph":[{"@type":"Article","@id":"https:\/\/prensapaisa.com\/index.php\/2022\/10\/06\/capturan-a-los-senalados-del-asesinato-de-una-taxista-en-medellin\/#article","isPartOf":{"@id":"https:\/\/prensapaisa.com\/index.php\/2022\/10\/06\/capturan-a-los-senalados-del-asesinato-de-una-taxista-en-medellin\/"},"author":{"name":"noticias@prensapaisa.com","@id":"https:\/\/prensapaisa.com\/#\/schema\/person\/c5899b8b285dbcd70faec88a7c1579f6"},"headline":"Capturan a los se\u00f1alados del asesinato de una taxista en Medell\u00edn","datePublished":"2022-10-06T19:02:35+00:00","dateModified":"2022-10-06T19:02:37+00:00","mainEntityOfPage":{"@id":"https:\/\/prensapaisa.com\/index.php\/2022\/10\/06\/capturan-a-los-senalados-del-asesinato-de-una-taxista-en-medellin\/"},"wordCount":295,"commentCount":0,"publisher":{"@id":"https:\/\/prensapaisa.com\/#organization"},"image":{"@id":"https:\/\/prensapaisa.com\/index.php\/2022\/10\/06\/capturan-a-los-senalados-del-asesinato-de-una-taxista-en-medellin\/#primaryimage"},"thumbnailUrl":"https:\/\/prensapaisa.com\/wp-content\/uploads\/2022\/10\/633dee8beff2e.r_1665003645302.9-6-694-390.jpeg","articleSection":["Capturas"],"inLanguage":"es-CO","potentialAction":[{"@type":"CommentAction","name":"Comment","target":["https:\/\/prensapaisa.com\/index.php\/2022\/10\/06\/capturan-a-los-senalados-del-asesinato-de-una-taxista-en-medellin\/#respond"]}]},{"@type":"WebPage","@id":"https:\/\/prensapaisa.com\/index.php\/2022\/10\/06\/capturan-a-los-senalados-del-asesinato-de-una-taxista-en-medellin\/","url":"https:\/\/prensapaisa.com\/index.php\/2022\/10\/06\/capturan-a-los-senalados-del-asesinato-de-una-taxista-en-medellin\/","name":"Capturan a los se\u00f1alados del asesinato de una taxista en Medell\u00edn - PRENSA PAISA","isPartOf":{"@id":"https:\/\/prensapaisa.com\/#website"},"primaryImageOfPage":{"@id":"https:\/\/prensapaisa.com\/index.php\/2022\/10\/06\/capturan-a-los-senalados-del-asesinato-de-una-taxista-en-medellin\/#primaryimage"},"image":{"@id":"https:\/\/prensapaisa.com\/index.php\/2022\/10\/06\/capturan-a-los-senalados-del-asesinato-de-una-taxista-en-medellin\/#primaryimage"},"thumbnailUrl":"https:\/\/prensapaisa.com\/wp-content\/uploads\/2022\/10\/633dee8beff2e.r_1665003645302.9-6-694-390.jpeg","datePublished":"2022-10-06T19:02:35+00:00","dateModified":"2022-10-06T19:02:37+00:00","breadcrumb":{"@id":"https:\/\/prensapaisa.com\/index.php\/2022\/10\/06\/capturan-a-los-senalados-del-asesinato-de-una-taxista-en-medellin\/#breadcrumb"},"inLanguage":"es-CO","potentialAction":[{"@type":"ReadAction","target":["https:\/\/prensapaisa.com\/index.php\/2022\/10\/06\/capturan-a-los-senalados-del-asesinato-de-una-taxista-en-medellin\/"]}]},{"@type":"ImageObject","inLanguage":"es-CO","@id":"https:\/\/prensapaisa.com\/index.php\/2022\/10\/06\/capturan-a-los-senalados-del-asesinato-de-una-taxista-en-medellin\/#primaryimage","url":"https:\/\/prensapaisa.com\/wp-content\/uploads\/2022\/10\/633dee8beff2e.r_1665003645302.9-6-694-390.jpeg","contentUrl":"https:\/\/prensapaisa.com\/wp-content\/uploads\/2022\/10\/633dee8beff2e.r_1665003645302.9-6-694-390.jpeg","width":652,"height":366},{"@type":"BreadcrumbList","@id":"https:\/\/prensapaisa.com\/index.php\/2022\/10\/06\/capturan-a-los-senalados-del-asesinato-de-una-taxista-en-medellin\/#breadcrumb","itemListElement":[{"@type":"ListItem","position":1,"name":"Inicio","item":"https:\/\/prensapaisa.com\/"},{"@type":"ListItem","position":2,"name":"Capturan a los se\u00f1alados del asesinato de una taxista en Medell\u00edn"}]},{"@type":"WebSite","@id":"https:\/\/prensapaisa.com\/#website","url":"https:\/\/prensapaisa.com\/","name":"PRENSA PAISA","description":"Prensa Paisa la Original | Noticias de Medell\u00edn, Antioquia","publisher":{"@id":"https:\/\/prensapaisa.com\/#organization"},"potentialAction":[{"@type":"SearchAction","target":{"@type":"EntryPoint","urlTemplate":"https:\/\/prensapaisa.com\/?s={search_term_string}"},"query-input":{"@type":"PropertyValueSpecification","valueRequired":true,"valueName":"search_term_string"}}],"inLanguage":"es-CO"},{"@type":"Organization","@id":"https:\/\/prensapaisa.com\/#organization","name":"PRENSA PAISA","url":"https:\/\/prensapaisa.com\/","logo":{"@type":"ImageObject","inLanguage":"es-CO","@id":"https:\/\/prensapaisa.com\/#\/schema\/logo\/image\/","url":"https:\/\/prensapaisa.com\/wp-content\/uploads\/2022\/05\/cropped-cropped-prensa.png","contentUrl":"https:\/\/prensapaisa.com\/wp-content\/uploads\/2022\/05\/cropped-cropped-prensa.png","width":784,"height":524,"caption":"PRENSA PAISA"},"image":{"@id":"https:\/\/prensapaisa.com\/#\/schema\/logo\/image\/"}},{"@type":"Person","@id":"https:\/\/prensapaisa.com\/#\/schema\/person\/c5899b8b285dbcd70faec88a7c1579f6","name":"noticias@prensapaisa.com","image":{"@type":"ImageObject","inLanguage":"es-CO","@id":"https:\/\/secure.gravatar.com\/avatar\/ca2b49c1df14b84557c567431f045ea69c8ea5da2da50309fd4de9b811da0433?s=96&d=mm&r=g","url":"https:\/\/secure.gravatar.com\/avatar\/ca2b49c1df14b84557c567431f045ea69c8ea5da2da50309fd4de9b811da0433?s=96&d=mm&r=g","contentUrl":"https:\/\/secure.gravatar.com\/avatar\/ca2b49c1df14b84557c567431f045ea69c8ea5da2da50309fd4de9b811da0433?s=96&d=mm&r=g","caption":"noticias@prensapaisa.com"},"sameAs":["http:\/\/prensapaisa.com"],"url":"https:\/\/prensapaisa.com\/index.php\/author\/prensapaisagmail-com\/"}]}},"_links":{"self":[{"href":"https:\/\/prensapaisa.com\/index.php\/wp-json\/wp\/v2\/posts\/7366","targetHints":{"allow":["GET"]}}],"collection":[{"href":"https:\/\/prensapaisa.com\/index.php\/wp-json\/wp\/v2\/posts"}],"about":[{"href":"https:\/\/prensapaisa.com\/index.php\/wp-json\/wp\/v2\/types\/post"}],"author":[{"embeddable":true,"href":"https:\/\/prensapaisa.com\/index.php\/wp-json\/wp\/v2\/users\/1"}],"replies":[{"embeddable":true,"href":"https:\/\/prensapaisa.com\/index.php\/wp-json\/wp\/v2\/comments?post=7366"}],"version-history":[{"count":1,"href":"https:\/\/prensapaisa.com\/index.php\/wp-json\/wp\/v2\/posts\/7366\/revisions"}],"predecessor-version":[{"id":7368,"href":"https:\/\/prensapaisa.com\/index.php\/wp-json\/wp\/v2\/posts\/7366\/revisions\/7368"}],"wp:featuredmedia":[{"embeddable":true,"href":"https:\/\/prensapaisa.com\/index.php\/wp-json\/wp\/v2\/media\/7367"}],"wp:attachment":[{"href":"https:\/\/prensapaisa.com\/index.php\/wp-json\/wp\/v2\/media?parent=7366"}],"wp:term":[{"taxonomy":"category","embeddable":true,"href":"https:\/\/prensapaisa.com\/index.php\/wp-json\/wp\/v2\/categories?post=7366"},{"taxonomy":"post_tag","embeddable":true,"href":"https:\/\/prensapaisa.com\/index.php\/wp-json\/wp\/v2\/tags?post=7366"}],"curies":[{"name":"wp","href":"https:\/\/api.w.org\/{rel}","templated":true}]}}