{"id":707,"date":"2022-02-02T15:07:19","date_gmt":"2022-02-02T20:07:19","guid":{"rendered":"https:\/\/prensapaisa.com\/?p=707"},"modified":"2022-02-02T15:13:29","modified_gmt":"2022-02-02T20:13:29","slug":"no-hay-cura-para-algunos-motociclistas-en-remedios-antioquia","status":"publish","type":"post","link":"https:\/\/prensapaisa.com\/index.php\/2022\/02\/02\/no-hay-cura-para-algunos-motociclistas-en-remedios-antioquia\/","title":{"rendered":"No hay &#8220;cura&#8221; para algunos motociclistas en Remedios, Antioquia"},"content":{"rendered":"\n<p>En una calle que conduce al parque municipal de Remedios, varios j\u00f3venes no pudieron continuar su camino cuando iban por sus parejas al colegio.Los detenidos se enojaron porque los agentes de tr\u00e1nsito les entregaron un comparendo y les avisaron que ten\u00edan que inmovilizar las motos. Algunos no ten\u00edan el Soat y T\u00e9cnico Mec\u00e1nica. Otros, no usaban llantas en buen estado, luces o retrovisores.Las quincea\u00f1eras y otras se\u00f1oritas se unieron a la discusi\u00f3n, pero los patrulleros evitaron cualquier agresi\u00f3n.Aunque evitaron y pelearon para que no se les llevaran las motocicletas a los patios, los j\u00f3venes fueron llevados a las celdas porque agredieron a las autoridades de esta zona del Nordeste antioque\u00f1o.<\/p>\n\n\n\n<figure class=\"wp-block-video\"><video height=\"426\" style=\"aspect-ratio: 244 \/ 426;\" width=\"244\" controls src=\"https:\/\/prensapaisa.com\/wp-content\/uploads\/2022\/02\/WhatsApp-Video-2022-02-02-at-3.03.55-PM.mp4\"><\/video><\/figure>\n","protected":false},"excerpt":{"rendered":"<p>En una calle que conduce al parque municipal de Remedios, varios j\u00f3venes no pudieron continuar su camino cuando iban por sus parejas al colegio.Los detenidos se enojaron porque los agentes&hellip;<\/p>\n","protected":false},"author":1,"featured_media":708,"comment_status":"open","ping_status":"open","sticky":false,"template":"","format":"standard","meta":{"footnotes":""},"categories":[16],"tags":[11,10],"class_list":["post-707","post","type-post","status-publish","format-standard","has-post-thumbnail","hentry","category-municipios","tag-antioquia","tag-motociclistas-en-remedios"],"yoast_head":"<!-- This site is optimized with the Yoast SEO plugin v27.5 - https:\/\/yoast.com\/product\/yoast-seo-wordpress\/ -->\n<title>No hay &quot;cura&quot; para algunos motociclistas en Remedios, Antioquia - PRENSA PAISA<\/title>\n<meta name=\"robots\" content=\"index, follow, max-snippet:-1, max-image-preview:large, max-video-preview:-1\" \/>\n<link rel=\"canonical\" href=\"https:\/\/prensapaisa.com\/index.php\/2022\/02\/02\/no-hay-cura-para-algunos-motociclistas-en-remedios-antioquia\/\" \/>\n<meta property=\"og:locale\" content=\"es_ES\" \/>\n<meta property=\"og:type\" content=\"article\" \/>\n<meta property=\"og:title\" content=\"No hay &quot;cura&quot; para algunos motociclistas en Remedios, Antioquia - PRENSA PAISA\" \/>\n<meta property=\"og:description\" content=\"En una calle que conduce al parque municipal de Remedios, varios j\u00f3venes no pudieron continuar su camino cuando iban por sus parejas al colegio.Los detenidos se enojaron porque los agentes&hellip;\" \/>\n<meta property=\"og:url\" content=\"https:\/\/prensapaisa.com\/index.php\/2022\/02\/02\/no-hay-cura-para-algunos-motociclistas-en-remedios-antioquia\/\" \/>\n<meta property=\"og:site_name\" content=\"PRENSA PAISA\" \/>\n<meta property=\"article:published_time\" content=\"2022-02-02T20:07:19+00:00\" \/>\n<meta property=\"article:modified_time\" content=\"2022-02-02T20:13:29+00:00\" \/>\n<meta property=\"og:image\" content=\"https:\/\/prensapaisa.com\/wp-content\/uploads\/2022\/02\/Captura6.jpg\" \/>\n\t<meta property=\"og:image:width\" content=\"620\" \/>\n\t<meta property=\"og:image:height\" content=\"1032\" \/>\n\t<meta property=\"og:image:type\" content=\"image\/jpeg\" \/>\n<meta name=\"author\" content=\"noticias@prensapaisa.com\" \/>\n<meta name=\"twitter:card\" content=\"summary_large_image\" \/>\n<meta name=\"twitter:label1\" content=\"Escrito por\" \/>\n\t<meta name=\"twitter:data1\" content=\"noticias@prensapaisa.com\" \/>\n\t<meta name=\"twitter:label2\" content=\"Tiempo de lectura\" \/>\n\t<meta name=\"twitter:data2\" content=\"1 minuto\" \/>\n<script type=\"application\/ld+json\" class=\"yoast-schema-graph\">{\"@context\":\"https:\\\/\\\/schema.org\",\"@graph\":[{\"@type\":\"Article\",\"@id\":\"https:\\\/\\\/prensapaisa.com\\\/index.php\\\/2022\\\/02\\\/02\\\/no-hay-cura-para-algunos-motociclistas-en-remedios-antioquia\\\/#article\",\"isPartOf\":{\"@id\":\"https:\\\/\\\/prensapaisa.com\\\/index.php\\\/2022\\\/02\\\/02\\\/no-hay-cura-para-algunos-motociclistas-en-remedios-antioquia\\\/\"},\"author\":{\"name\":\"noticias@prensapaisa.com\",\"@id\":\"https:\\\/\\\/prensapaisa.com\\\/#\\\/schema\\\/person\\\/c5899b8b285dbcd70faec88a7c1579f6\"},\"headline\":\"No hay &#8220;cura&#8221; para algunos motociclistas en Remedios, Antioquia\",\"datePublished\":\"2022-02-02T20:07:19+00:00\",\"dateModified\":\"2022-02-02T20:13:29+00:00\",\"mainEntityOfPage\":{\"@id\":\"https:\\\/\\\/prensapaisa.com\\\/index.php\\\/2022\\\/02\\\/02\\\/no-hay-cura-para-algunos-motociclistas-en-remedios-antioquia\\\/\"},\"wordCount\":134,\"commentCount\":0,\"publisher\":{\"@id\":\"https:\\\/\\\/prensapaisa.com\\\/#organization\"},\"image\":{\"@id\":\"https:\\\/\\\/prensapaisa.com\\\/index.php\\\/2022\\\/02\\\/02\\\/no-hay-cura-para-algunos-motociclistas-en-remedios-antioquia\\\/#primaryimage\"},\"thumbnailUrl\":\"https:\\\/\\\/prensapaisa.com\\\/wp-content\\\/uploads\\\/2022\\\/02\\\/Captura6.jpg\",\"keywords\":[\"Antioquia\",\"motociclistas en Remedios\"],\"articleSection\":[\"Municipios\"],\"inLanguage\":\"es-CO\",\"potentialAction\":[{\"@type\":\"CommentAction\",\"name\":\"Comment\",\"target\":[\"https:\\\/\\\/prensapaisa.com\\\/index.php\\\/2022\\\/02\\\/02\\\/no-hay-cura-para-algunos-motociclistas-en-remedios-antioquia\\\/#respond\"]}]},{\"@type\":\"WebPage\",\"@id\":\"https:\\\/\\\/prensapaisa.com\\\/index.php\\\/2022\\\/02\\\/02\\\/no-hay-cura-para-algunos-motociclistas-en-remedios-antioquia\\\/\",\"url\":\"https:\\\/\\\/prensapaisa.com\\\/index.php\\\/2022\\\/02\\\/02\\\/no-hay-cura-para-algunos-motociclistas-en-remedios-antioquia\\\/\",\"name\":\"No hay \\\"cura\\\" para algunos motociclistas en Remedios, Antioquia - PRENSA PAISA\",\"isPartOf\":{\"@id\":\"https:\\\/\\\/prensapaisa.com\\\/#website\"},\"primaryImageOfPage\":{\"@id\":\"https:\\\/\\\/prensapaisa.com\\\/index.php\\\/2022\\\/02\\\/02\\\/no-hay-cura-para-algunos-motociclistas-en-remedios-antioquia\\\/#primaryimage\"},\"image\":{\"@id\":\"https:\\\/\\\/prensapaisa.com\\\/index.php\\\/2022\\\/02\\\/02\\\/no-hay-cura-para-algunos-motociclistas-en-remedios-antioquia\\\/#primaryimage\"},\"thumbnailUrl\":\"https:\\\/\\\/prensapaisa.com\\\/wp-content\\\/uploads\\\/2022\\\/02\\\/Captura6.jpg\",\"datePublished\":\"2022-02-02T20:07:19+00:00\",\"dateModified\":\"2022-02-02T20:13:29+00:00\",\"breadcrumb\":{\"@id\":\"https:\\\/\\\/prensapaisa.com\\\/index.php\\\/2022\\\/02\\\/02\\\/no-hay-cura-para-algunos-motociclistas-en-remedios-antioquia\\\/#breadcrumb\"},\"inLanguage\":\"es-CO\",\"potentialAction\":[{\"@type\":\"ReadAction\",\"target\":[\"https:\\\/\\\/prensapaisa.com\\\/index.php\\\/2022\\\/02\\\/02\\\/no-hay-cura-para-algunos-motociclistas-en-remedios-antioquia\\\/\"]}]},{\"@type\":\"ImageObject\",\"inLanguage\":\"es-CO\",\"@id\":\"https:\\\/\\\/prensapaisa.com\\\/index.php\\\/2022\\\/02\\\/02\\\/no-hay-cura-para-algunos-motociclistas-en-remedios-antioquia\\\/#primaryimage\",\"url\":\"https:\\\/\\\/prensapaisa.com\\\/wp-content\\\/uploads\\\/2022\\\/02\\\/Captura6.jpg\",\"contentUrl\":\"https:\\\/\\\/prensapaisa.com\\\/wp-content\\\/uploads\\\/2022\\\/02\\\/Captura6.jpg\",\"width\":620,\"height\":1032},{\"@type\":\"BreadcrumbList\",\"@id\":\"https:\\\/\\\/prensapaisa.com\\\/index.php\\\/2022\\\/02\\\/02\\\/no-hay-cura-para-algunos-motociclistas-en-remedios-antioquia\\\/#breadcrumb\",\"itemListElement\":[{\"@type\":\"ListItem\",\"position\":1,\"name\":\"Inicio\",\"item\":\"https:\\\/\\\/prensapaisa.com\\\/\"},{\"@type\":\"ListItem\",\"position\":2,\"name\":\"No hay &#8220;cura&#8221; para algunos motociclistas en Remedios, Antioquia\"}]},{\"@type\":\"WebSite\",\"@id\":\"https:\\\/\\\/prensapaisa.com\\\/#website\",\"url\":\"https:\\\/\\\/prensapaisa.com\\\/\",\"name\":\"PRENSA PAISA\",\"description\":\"Prensa Paisa la Original | Noticias de Medell\u00edn, Antioquia\",\"publisher\":{\"@id\":\"https:\\\/\\\/prensapaisa.com\\\/#organization\"},\"potentialAction\":[{\"@type\":\"SearchAction\",\"target\":{\"@type\":\"EntryPoint\",\"urlTemplate\":\"https:\\\/\\\/prensapaisa.com\\\/?s={search_term_string}\"},\"query-input\":{\"@type\":\"PropertyValueSpecification\",\"valueRequired\":true,\"valueName\":\"search_term_string\"}}],\"inLanguage\":\"es-CO\"},{\"@type\":\"Organization\",\"@id\":\"https:\\\/\\\/prensapaisa.com\\\/#organization\",\"name\":\"PRENSA PAISA\",\"url\":\"https:\\\/\\\/prensapaisa.com\\\/\",\"logo\":{\"@type\":\"ImageObject\",\"inLanguage\":\"es-CO\",\"@id\":\"https:\\\/\\\/prensapaisa.com\\\/#\\\/schema\\\/logo\\\/image\\\/\",\"url\":\"https:\\\/\\\/prensapaisa.com\\\/wp-content\\\/uploads\\\/2022\\\/05\\\/cropped-cropped-prensa.png\",\"contentUrl\":\"https:\\\/\\\/prensapaisa.com\\\/wp-content\\\/uploads\\\/2022\\\/05\\\/cropped-cropped-prensa.png\",\"width\":784,\"height\":524,\"caption\":\"PRENSA PAISA\"},\"image\":{\"@id\":\"https:\\\/\\\/prensapaisa.com\\\/#\\\/schema\\\/logo\\\/image\\\/\"}},{\"@type\":\"Person\",\"@id\":\"https:\\\/\\\/prensapaisa.com\\\/#\\\/schema\\\/person\\\/c5899b8b285dbcd70faec88a7c1579f6\",\"name\":\"noticias@prensapaisa.com\",\"image\":{\"@type\":\"ImageObject\",\"inLanguage\":\"es-CO\",\"@id\":\"https:\\\/\\\/secure.gravatar.com\\\/avatar\\\/ca2b49c1df14b84557c567431f045ea69c8ea5da2da50309fd4de9b811da0433?s=96&d=mm&r=g\",\"url\":\"https:\\\/\\\/secure.gravatar.com\\\/avatar\\\/ca2b49c1df14b84557c567431f045ea69c8ea5da2da50309fd4de9b811da0433?s=96&d=mm&r=g\",\"contentUrl\":\"https:\\\/\\\/secure.gravatar.com\\\/avatar\\\/ca2b49c1df14b84557c567431f045ea69c8ea5da2da50309fd4de9b811da0433?s=96&d=mm&r=g\",\"caption\":\"noticias@prensapaisa.com\"},\"sameAs\":[\"http:\\\/\\\/prensapaisa.com\"],\"url\":\"https:\\\/\\\/prensapaisa.com\\\/index.php\\\/author\\\/prensapaisagmail-com\\\/\"}]}<\/script>\n<!-- \/ Yoast SEO plugin. -->","yoast_head_json":{"title":"No hay \"cura\" para algunos motociclistas en Remedios, Antioquia - PRENSA PAISA","robots":{"index":"index","follow":"follow","max-snippet":"max-snippet:-1","max-image-preview":"max-image-preview:large","max-video-preview":"max-video-preview:-1"},"canonical":"https:\/\/prensapaisa.com\/index.php\/2022\/02\/02\/no-hay-cura-para-algunos-motociclistas-en-remedios-antioquia\/","og_locale":"es_ES","og_type":"article","og_title":"No hay \"cura\" para algunos motociclistas en Remedios, Antioquia - PRENSA PAISA","og_description":"En una calle que conduce al parque municipal de Remedios, varios j\u00f3venes no pudieron continuar su camino cuando iban por sus parejas al colegio.Los detenidos se enojaron porque los agentes&hellip;","og_url":"https:\/\/prensapaisa.com\/index.php\/2022\/02\/02\/no-hay-cura-para-algunos-motociclistas-en-remedios-antioquia\/","og_site_name":"PRENSA PAISA","article_published_time":"2022-02-02T20:07:19+00:00","article_modified_time":"2022-02-02T20:13:29+00:00","og_image":[{"width":620,"height":1032,"url":"https:\/\/prensapaisa.com\/wp-content\/uploads\/2022\/02\/Captura6.jpg","type":"image\/jpeg"}],"author":"noticias@prensapaisa.com","twitter_card":"summary_large_image","twitter_misc":{"Escrito por":"noticias@prensapaisa.com","Tiempo de lectura":"1 minuto"},"schema":{"@context":"https:\/\/schema.org","@graph":[{"@type":"Article","@id":"https:\/\/prensapaisa.com\/index.php\/2022\/02\/02\/no-hay-cura-para-algunos-motociclistas-en-remedios-antioquia\/#article","isPartOf":{"@id":"https:\/\/prensapaisa.com\/index.php\/2022\/02\/02\/no-hay-cura-para-algunos-motociclistas-en-remedios-antioquia\/"},"author":{"name":"noticias@prensapaisa.com","@id":"https:\/\/prensapaisa.com\/#\/schema\/person\/c5899b8b285dbcd70faec88a7c1579f6"},"headline":"No hay &#8220;cura&#8221; para algunos motociclistas en Remedios, Antioquia","datePublished":"2022-02-02T20:07:19+00:00","dateModified":"2022-02-02T20:13:29+00:00","mainEntityOfPage":{"@id":"https:\/\/prensapaisa.com\/index.php\/2022\/02\/02\/no-hay-cura-para-algunos-motociclistas-en-remedios-antioquia\/"},"wordCount":134,"commentCount":0,"publisher":{"@id":"https:\/\/prensapaisa.com\/#organization"},"image":{"@id":"https:\/\/prensapaisa.com\/index.php\/2022\/02\/02\/no-hay-cura-para-algunos-motociclistas-en-remedios-antioquia\/#primaryimage"},"thumbnailUrl":"https:\/\/prensapaisa.com\/wp-content\/uploads\/2022\/02\/Captura6.jpg","keywords":["Antioquia","motociclistas en Remedios"],"articleSection":["Municipios"],"inLanguage":"es-CO","potentialAction":[{"@type":"CommentAction","name":"Comment","target":["https:\/\/prensapaisa.com\/index.php\/2022\/02\/02\/no-hay-cura-para-algunos-motociclistas-en-remedios-antioquia\/#respond"]}]},{"@type":"WebPage","@id":"https:\/\/prensapaisa.com\/index.php\/2022\/02\/02\/no-hay-cura-para-algunos-motociclistas-en-remedios-antioquia\/","url":"https:\/\/prensapaisa.com\/index.php\/2022\/02\/02\/no-hay-cura-para-algunos-motociclistas-en-remedios-antioquia\/","name":"No hay \"cura\" para algunos motociclistas en Remedios, Antioquia - PRENSA PAISA","isPartOf":{"@id":"https:\/\/prensapaisa.com\/#website"},"primaryImageOfPage":{"@id":"https:\/\/prensapaisa.com\/index.php\/2022\/02\/02\/no-hay-cura-para-algunos-motociclistas-en-remedios-antioquia\/#primaryimage"},"image":{"@id":"https:\/\/prensapaisa.com\/index.php\/2022\/02\/02\/no-hay-cura-para-algunos-motociclistas-en-remedios-antioquia\/#primaryimage"},"thumbnailUrl":"https:\/\/prensapaisa.com\/wp-content\/uploads\/2022\/02\/Captura6.jpg","datePublished":"2022-02-02T20:07:19+00:00","dateModified":"2022-02-02T20:13:29+00:00","breadcrumb":{"@id":"https:\/\/prensapaisa.com\/index.php\/2022\/02\/02\/no-hay-cura-para-algunos-motociclistas-en-remedios-antioquia\/#breadcrumb"},"inLanguage":"es-CO","potentialAction":[{"@type":"ReadAction","target":["https:\/\/prensapaisa.com\/index.php\/2022\/02\/02\/no-hay-cura-para-algunos-motociclistas-en-remedios-antioquia\/"]}]},{"@type":"ImageObject","inLanguage":"es-CO","@id":"https:\/\/prensapaisa.com\/index.php\/2022\/02\/02\/no-hay-cura-para-algunos-motociclistas-en-remedios-antioquia\/#primaryimage","url":"https:\/\/prensapaisa.com\/wp-content\/uploads\/2022\/02\/Captura6.jpg","contentUrl":"https:\/\/prensapaisa.com\/wp-content\/uploads\/2022\/02\/Captura6.jpg","width":620,"height":1032},{"@type":"BreadcrumbList","@id":"https:\/\/prensapaisa.com\/index.php\/2022\/02\/02\/no-hay-cura-para-algunos-motociclistas-en-remedios-antioquia\/#breadcrumb","itemListElement":[{"@type":"ListItem","position":1,"name":"Inicio","item":"https:\/\/prensapaisa.com\/"},{"@type":"ListItem","position":2,"name":"No hay &#8220;cura&#8221; para algunos motociclistas en Remedios, Antioquia"}]},{"@type":"WebSite","@id":"https:\/\/prensapaisa.com\/#website","url":"https:\/\/prensapaisa.com\/","name":"PRENSA PAISA","description":"Prensa Paisa la Original | Noticias de Medell\u00edn, Antioquia","publisher":{"@id":"https:\/\/prensapaisa.com\/#organization"},"potentialAction":[{"@type":"SearchAction","target":{"@type":"EntryPoint","urlTemplate":"https:\/\/prensapaisa.com\/?s={search_term_string}"},"query-input":{"@type":"PropertyValueSpecification","valueRequired":true,"valueName":"search_term_string"}}],"inLanguage":"es-CO"},{"@type":"Organization","@id":"https:\/\/prensapaisa.com\/#organization","name":"PRENSA PAISA","url":"https:\/\/prensapaisa.com\/","logo":{"@type":"ImageObject","inLanguage":"es-CO","@id":"https:\/\/prensapaisa.com\/#\/schema\/logo\/image\/","url":"https:\/\/prensapaisa.com\/wp-content\/uploads\/2022\/05\/cropped-cropped-prensa.png","contentUrl":"https:\/\/prensapaisa.com\/wp-content\/uploads\/2022\/05\/cropped-cropped-prensa.png","width":784,"height":524,"caption":"PRENSA PAISA"},"image":{"@id":"https:\/\/prensapaisa.com\/#\/schema\/logo\/image\/"}},{"@type":"Person","@id":"https:\/\/prensapaisa.com\/#\/schema\/person\/c5899b8b285dbcd70faec88a7c1579f6","name":"noticias@prensapaisa.com","image":{"@type":"ImageObject","inLanguage":"es-CO","@id":"https:\/\/secure.gravatar.com\/avatar\/ca2b49c1df14b84557c567431f045ea69c8ea5da2da50309fd4de9b811da0433?s=96&d=mm&r=g","url":"https:\/\/secure.gravatar.com\/avatar\/ca2b49c1df14b84557c567431f045ea69c8ea5da2da50309fd4de9b811da0433?s=96&d=mm&r=g","contentUrl":"https:\/\/secure.gravatar.com\/avatar\/ca2b49c1df14b84557c567431f045ea69c8ea5da2da50309fd4de9b811da0433?s=96&d=mm&r=g","caption":"noticias@prensapaisa.com"},"sameAs":["http:\/\/prensapaisa.com"],"url":"https:\/\/prensapaisa.com\/index.php\/author\/prensapaisagmail-com\/"}]}},"_links":{"self":[{"href":"https:\/\/prensapaisa.com\/index.php\/wp-json\/wp\/v2\/posts\/707","targetHints":{"allow":["GET"]}}],"collection":[{"href":"https:\/\/prensapaisa.com\/index.php\/wp-json\/wp\/v2\/posts"}],"about":[{"href":"https:\/\/prensapaisa.com\/index.php\/wp-json\/wp\/v2\/types\/post"}],"author":[{"embeddable":true,"href":"https:\/\/prensapaisa.com\/index.php\/wp-json\/wp\/v2\/users\/1"}],"replies":[{"embeddable":true,"href":"https:\/\/prensapaisa.com\/index.php\/wp-json\/wp\/v2\/comments?post=707"}],"version-history":[{"count":1,"href":"https:\/\/prensapaisa.com\/index.php\/wp-json\/wp\/v2\/posts\/707\/revisions"}],"predecessor-version":[{"id":710,"href":"https:\/\/prensapaisa.com\/index.php\/wp-json\/wp\/v2\/posts\/707\/revisions\/710"}],"wp:featuredmedia":[{"embeddable":true,"href":"https:\/\/prensapaisa.com\/index.php\/wp-json\/wp\/v2\/media\/708"}],"wp:attachment":[{"href":"https:\/\/prensapaisa.com\/index.php\/wp-json\/wp\/v2\/media?parent=707"}],"wp:term":[{"taxonomy":"category","embeddable":true,"href":"https:\/\/prensapaisa.com\/index.php\/wp-json\/wp\/v2\/categories?post=707"},{"taxonomy":"post_tag","embeddable":true,"href":"https:\/\/prensapaisa.com\/index.php\/wp-json\/wp\/v2\/tags?post=707"}],"curies":[{"name":"wp","href":"https:\/\/api.w.org\/{rel}","templated":true}]}}