{"id":694,"date":"2022-02-02T14:54:42","date_gmt":"2022-02-02T19:54:42","guid":{"rendered":"https:\/\/prensapaisa.com\/?p=694"},"modified":"2022-06-09T10:42:26","modified_gmt":"2022-06-09T15:42:26","slug":"taxista-bellanita-fue-baleado-cuando-salio-a-trabajar","status":"publish","type":"post","link":"https:\/\/prensapaisa.com\/index.php\/2022\/02\/02\/taxista-bellanita-fue-baleado-cuando-salio-a-trabajar\/","title":{"rendered":"Taxista bellanita fue baleado cuando sali\u00f3 a trabajar"},"content":{"rendered":"\n<div class=\"wp-block-group alignfull has-black-color has-white-background-color has-text-color has-background\"><div class=\"wp-block-group__inner-container is-layout-flow wp-block-group-is-layout-flow\">\n<div class=\"wp-block-columns alignwide is-layout-flex wp-container-core-columns-is-layout-9d6595d7 wp-block-columns-is-layout-flex\">\n<div class=\"wp-block-column is-layout-flow wp-block-column-is-layout-flow\"><\/div>\n<\/div>\n\n\n\n<div class=\"wp-block-columns alignwide is-layout-flex wp-container-core-columns-is-layout-9d6595d7 wp-block-columns-is-layout-flex\">\n<div class=\"wp-block-column is-layout-flow wp-block-column-is-layout-flow\" style=\"flex-basis:33.38%\">\n<p class=\"has-text-color\" style=\"color:#000000\">Familiares y amigos le hacen luto a Yeison Alberto, de 51 a\u00f1os, quien fue asesinado en Medell\u00edn.<\/p>\n\n\n\n<p class=\"has-text-color\" style=\"color:#000000\">Los hechos ocurrieron durante la tarde del 24 de enero en la v\u00eda al T\u00fanel Occidente, sentido Occidente-Oriente, cuando algunos conductores que bajaban para la ciudad vieron a un taxi que colision\u00f3 contra una barranca.<\/p>\n\n\n\n<p><\/p>\n\n\n\n<p>Los testigos se bajaron de sus motos y carros, vieron que el veh\u00edculo de la &#8220;mancha amarilla&#8221; ten\u00eda rastros de sangre. Varios ciudadanos movieron el veh\u00edculo para auxiliar al taxista y r\u00e1pidamente, fue trasladado a un hospital donde lleg\u00f3 sin signos vitales.<\/p>\n<\/div>\n\n\n\n<div class=\"wp-block-column is-layout-flow wp-block-column-is-layout-flow\" style=\"flex-basis:33%\">\n<div style=\"height:100px\" aria-hidden=\"true\" class=\"wp-block-spacer\"><\/div>\n\n\n<div class=\"wp-block-image\">\n<figure class=\"aligncenter size-full is-resized\"><img fetchpriority=\"high\" decoding=\"async\" src=\"https:\/\/prensapaisa.com\/wp-content\/uploads\/2022\/02\/Captura2-3.jpg\" alt=\"\" class=\"wp-image-695\" width=\"179\" height=\"344\" srcset=\"https:\/\/prensapaisa.com\/wp-content\/uploads\/2022\/02\/Captura2-3.jpg 309w, https:\/\/prensapaisa.com\/wp-content\/uploads\/2022\/02\/Captura2-3-156x300.jpg 156w\" sizes=\"(max-width: 179px) 100vw, 179px\" \/><\/figure>\n<\/div><\/div>\n\n\n\n<div class=\"wp-block-column is-layout-flow wp-block-column-is-layout-flow\" style=\"flex-basis:33.62%\">\n<figure class=\"wp-block-image size-full is-resized\"><img decoding=\"async\" src=\"https:\/\/prensapaisa.com\/wp-content\/uploads\/2022\/02\/portada-2.jpg\" alt=\"\" class=\"wp-image-696\" width=\"194\" height=\"345\" srcset=\"https:\/\/prensapaisa.com\/wp-content\/uploads\/2022\/02\/portada-2.jpg 340w, https:\/\/prensapaisa.com\/wp-content\/uploads\/2022\/02\/portada-2-169x300.jpg 169w\" sizes=\"(max-width: 194px) 100vw, 194px\" \/><\/figure>\n<\/div>\n<\/div>\n\n\n\n<div class=\"wp-block-columns alignwide is-layout-flex wp-container-core-columns-is-layout-9d6595d7 wp-block-columns-is-layout-flex\">\n<div class=\"wp-block-column is-layout-flow wp-block-column-is-layout-flow\" style=\"flex-basis:67%\"><div class=\"wp-block-image\">\n<figure class=\"alignright size-full is-resized\"><img decoding=\"async\" src=\"https:\/\/prensapaisa.com\/wp-content\/uploads\/2022\/02\/Captura3-2.jpg\" alt=\"\" class=\"wp-image-697\" width=\"227\" height=\"686\"\/><\/figure>\n<\/div><\/div>\n\n\n\n<div class=\"wp-block-column is-vertically-aligned-center is-layout-flow wp-block-column-is-layout-flow\" style=\"flex-basis:33%\">\n<p class=\"has-text-align-left has-white-background-color has-text-color has-background has-extra-small-font-size\" style=\"color:#000000\">La v\u00edctima viv\u00eda en el barrio Niqu\u00eda Camacol y era padre de familia. Sus parientes aseguraron que no ten\u00eda problemas o amenazas y era excelente trabajador. <\/p>\n\n\n\n<p class=\"has-text-align-left has-white-background-color has-text-color has-background has-extra-small-font-size\" style=\"color:#000000\">Las primeras versiones indicaron que se trat\u00f3 de un hurto.<\/p>\n\n\n\n<p class=\"has-text-align-left has-white-background-color has-text-color has-background has-extra-small-font-size\" style=\"color:#000000\"> Autoridades investigan, paso a paso, los hechos y tratan de verificar las causas del crimen.<\/p>\n\n\n\n<p><\/p>\n\n\n\n<p class=\"has-text-align-left has-text-color has-extra-small-font-size\" style=\"color:#000000\"><\/p>\n<\/div>\n<\/div>\n<\/div><\/div>\n","protected":false},"excerpt":{"rendered":"<p>Familiares y amigos le hacen luto a Yeison Alberto, de 51 a\u00f1os, quien fue asesinado en Medell\u00edn. Los hechos ocurrieron durante la tarde del 24 de enero en la v\u00eda&hellip;<\/p>\n","protected":false},"author":1,"featured_media":695,"comment_status":"open","ping_status":"open","sticky":false,"template":"","format":"standard","meta":{"footnotes":""},"categories":[43,16],"tags":[12],"class_list":["post-694","post","type-post","status-publish","format-standard","has-post-thumbnail","hentry","category-fallecidos","category-municipios","tag-taxista-bellanita-fue-baleado-cuando-salio-a-trabajar"],"yoast_head":"<!-- This site is optimized with the Yoast SEO plugin v27.5 - https:\/\/yoast.com\/product\/yoast-seo-wordpress\/ -->\n<title>Taxista bellanita fue baleado cuando sali\u00f3 a trabajar - PRENSA PAISA<\/title>\n<meta name=\"robots\" content=\"index, follow, max-snippet:-1, max-image-preview:large, max-video-preview:-1\" \/>\n<link rel=\"canonical\" href=\"https:\/\/prensapaisa.com\/index.php\/2022\/02\/02\/taxista-bellanita-fue-baleado-cuando-salio-a-trabajar\/\" \/>\n<meta property=\"og:locale\" content=\"es_ES\" \/>\n<meta property=\"og:type\" content=\"article\" \/>\n<meta property=\"og:title\" content=\"Taxista bellanita fue baleado cuando sali\u00f3 a trabajar - PRENSA PAISA\" \/>\n<meta property=\"og:description\" content=\"Familiares y amigos le hacen luto a Yeison Alberto, de 51 a\u00f1os, quien fue asesinado en Medell\u00edn. Los hechos ocurrieron durante la tarde del 24 de enero en la v\u00eda&hellip;\" \/>\n<meta property=\"og:url\" content=\"https:\/\/prensapaisa.com\/index.php\/2022\/02\/02\/taxista-bellanita-fue-baleado-cuando-salio-a-trabajar\/\" \/>\n<meta property=\"og:site_name\" content=\"PRENSA PAISA\" \/>\n<meta property=\"article:published_time\" content=\"2022-02-02T19:54:42+00:00\" \/>\n<meta property=\"article:modified_time\" content=\"2022-06-09T15:42:26+00:00\" \/>\n<meta property=\"og:image\" content=\"https:\/\/prensapaisa.com\/wp-content\/uploads\/2022\/02\/Captura2-3.jpg\" \/>\n\t<meta property=\"og:image:width\" content=\"309\" \/>\n\t<meta property=\"og:image:height\" content=\"593\" \/>\n\t<meta property=\"og:image:type\" content=\"image\/jpeg\" \/>\n<meta name=\"author\" content=\"noticias@prensapaisa.com\" \/>\n<meta name=\"twitter:card\" content=\"summary_large_image\" \/>\n<meta name=\"twitter:label1\" content=\"Escrito por\" \/>\n\t<meta name=\"twitter:data1\" content=\"noticias@prensapaisa.com\" \/>\n\t<meta name=\"twitter:label2\" content=\"Tiempo de lectura\" \/>\n\t<meta name=\"twitter:data2\" content=\"1 minuto\" \/>\n<script type=\"application\/ld+json\" class=\"yoast-schema-graph\">{\"@context\":\"https:\\\/\\\/schema.org\",\"@graph\":[{\"@type\":\"Article\",\"@id\":\"https:\\\/\\\/prensapaisa.com\\\/index.php\\\/2022\\\/02\\\/02\\\/taxista-bellanita-fue-baleado-cuando-salio-a-trabajar\\\/#article\",\"isPartOf\":{\"@id\":\"https:\\\/\\\/prensapaisa.com\\\/index.php\\\/2022\\\/02\\\/02\\\/taxista-bellanita-fue-baleado-cuando-salio-a-trabajar\\\/\"},\"author\":{\"name\":\"noticias@prensapaisa.com\",\"@id\":\"https:\\\/\\\/prensapaisa.com\\\/#\\\/schema\\\/person\\\/c5899b8b285dbcd70faec88a7c1579f6\"},\"headline\":\"Taxista bellanita fue baleado cuando sali\u00f3 a trabajar\",\"datePublished\":\"2022-02-02T19:54:42+00:00\",\"dateModified\":\"2022-06-09T15:42:26+00:00\",\"mainEntityOfPage\":{\"@id\":\"https:\\\/\\\/prensapaisa.com\\\/index.php\\\/2022\\\/02\\\/02\\\/taxista-bellanita-fue-baleado-cuando-salio-a-trabajar\\\/\"},\"wordCount\":163,\"commentCount\":0,\"publisher\":{\"@id\":\"https:\\\/\\\/prensapaisa.com\\\/#organization\"},\"image\":{\"@id\":\"https:\\\/\\\/prensapaisa.com\\\/index.php\\\/2022\\\/02\\\/02\\\/taxista-bellanita-fue-baleado-cuando-salio-a-trabajar\\\/#primaryimage\"},\"thumbnailUrl\":\"https:\\\/\\\/prensapaisa.com\\\/wp-content\\\/uploads\\\/2022\\\/02\\\/Captura2-3.jpg\",\"keywords\":[\"Taxista bellanita fue baleado cuando sali\u00f3 a trabajar\"],\"articleSection\":[\"Fallecidos\",\"Municipios\"],\"inLanguage\":\"es-CO\",\"potentialAction\":[{\"@type\":\"CommentAction\",\"name\":\"Comment\",\"target\":[\"https:\\\/\\\/prensapaisa.com\\\/index.php\\\/2022\\\/02\\\/02\\\/taxista-bellanita-fue-baleado-cuando-salio-a-trabajar\\\/#respond\"]}]},{\"@type\":\"WebPage\",\"@id\":\"https:\\\/\\\/prensapaisa.com\\\/index.php\\\/2022\\\/02\\\/02\\\/taxista-bellanita-fue-baleado-cuando-salio-a-trabajar\\\/\",\"url\":\"https:\\\/\\\/prensapaisa.com\\\/index.php\\\/2022\\\/02\\\/02\\\/taxista-bellanita-fue-baleado-cuando-salio-a-trabajar\\\/\",\"name\":\"Taxista bellanita fue baleado cuando sali\u00f3 a trabajar - PRENSA PAISA\",\"isPartOf\":{\"@id\":\"https:\\\/\\\/prensapaisa.com\\\/#website\"},\"primaryImageOfPage\":{\"@id\":\"https:\\\/\\\/prensapaisa.com\\\/index.php\\\/2022\\\/02\\\/02\\\/taxista-bellanita-fue-baleado-cuando-salio-a-trabajar\\\/#primaryimage\"},\"image\":{\"@id\":\"https:\\\/\\\/prensapaisa.com\\\/index.php\\\/2022\\\/02\\\/02\\\/taxista-bellanita-fue-baleado-cuando-salio-a-trabajar\\\/#primaryimage\"},\"thumbnailUrl\":\"https:\\\/\\\/prensapaisa.com\\\/wp-content\\\/uploads\\\/2022\\\/02\\\/Captura2-3.jpg\",\"datePublished\":\"2022-02-02T19:54:42+00:00\",\"dateModified\":\"2022-06-09T15:42:26+00:00\",\"breadcrumb\":{\"@id\":\"https:\\\/\\\/prensapaisa.com\\\/index.php\\\/2022\\\/02\\\/02\\\/taxista-bellanita-fue-baleado-cuando-salio-a-trabajar\\\/#breadcrumb\"},\"inLanguage\":\"es-CO\",\"potentialAction\":[{\"@type\":\"ReadAction\",\"target\":[\"https:\\\/\\\/prensapaisa.com\\\/index.php\\\/2022\\\/02\\\/02\\\/taxista-bellanita-fue-baleado-cuando-salio-a-trabajar\\\/\"]}]},{\"@type\":\"ImageObject\",\"inLanguage\":\"es-CO\",\"@id\":\"https:\\\/\\\/prensapaisa.com\\\/index.php\\\/2022\\\/02\\\/02\\\/taxista-bellanita-fue-baleado-cuando-salio-a-trabajar\\\/#primaryimage\",\"url\":\"https:\\\/\\\/prensapaisa.com\\\/wp-content\\\/uploads\\\/2022\\\/02\\\/Captura2-3.jpg\",\"contentUrl\":\"https:\\\/\\\/prensapaisa.com\\\/wp-content\\\/uploads\\\/2022\\\/02\\\/Captura2-3.jpg\",\"width\":309,\"height\":593},{\"@type\":\"BreadcrumbList\",\"@id\":\"https:\\\/\\\/prensapaisa.com\\\/index.php\\\/2022\\\/02\\\/02\\\/taxista-bellanita-fue-baleado-cuando-salio-a-trabajar\\\/#breadcrumb\",\"itemListElement\":[{\"@type\":\"ListItem\",\"position\":1,\"name\":\"Inicio\",\"item\":\"https:\\\/\\\/prensapaisa.com\\\/\"},{\"@type\":\"ListItem\",\"position\":2,\"name\":\"Taxista bellanita fue baleado cuando sali\u00f3 a trabajar\"}]},{\"@type\":\"WebSite\",\"@id\":\"https:\\\/\\\/prensapaisa.com\\\/#website\",\"url\":\"https:\\\/\\\/prensapaisa.com\\\/\",\"name\":\"PRENSA PAISA\",\"description\":\"Prensa Paisa la Original | Noticias de Medell\u00edn, Antioquia\",\"publisher\":{\"@id\":\"https:\\\/\\\/prensapaisa.com\\\/#organization\"},\"potentialAction\":[{\"@type\":\"SearchAction\",\"target\":{\"@type\":\"EntryPoint\",\"urlTemplate\":\"https:\\\/\\\/prensapaisa.com\\\/?s={search_term_string}\"},\"query-input\":{\"@type\":\"PropertyValueSpecification\",\"valueRequired\":true,\"valueName\":\"search_term_string\"}}],\"inLanguage\":\"es-CO\"},{\"@type\":\"Organization\",\"@id\":\"https:\\\/\\\/prensapaisa.com\\\/#organization\",\"name\":\"PRENSA PAISA\",\"url\":\"https:\\\/\\\/prensapaisa.com\\\/\",\"logo\":{\"@type\":\"ImageObject\",\"inLanguage\":\"es-CO\",\"@id\":\"https:\\\/\\\/prensapaisa.com\\\/#\\\/schema\\\/logo\\\/image\\\/\",\"url\":\"https:\\\/\\\/prensapaisa.com\\\/wp-content\\\/uploads\\\/2022\\\/05\\\/cropped-cropped-prensa.png\",\"contentUrl\":\"https:\\\/\\\/prensapaisa.com\\\/wp-content\\\/uploads\\\/2022\\\/05\\\/cropped-cropped-prensa.png\",\"width\":784,\"height\":524,\"caption\":\"PRENSA PAISA\"},\"image\":{\"@id\":\"https:\\\/\\\/prensapaisa.com\\\/#\\\/schema\\\/logo\\\/image\\\/\"}},{\"@type\":\"Person\",\"@id\":\"https:\\\/\\\/prensapaisa.com\\\/#\\\/schema\\\/person\\\/c5899b8b285dbcd70faec88a7c1579f6\",\"name\":\"noticias@prensapaisa.com\",\"image\":{\"@type\":\"ImageObject\",\"inLanguage\":\"es-CO\",\"@id\":\"https:\\\/\\\/secure.gravatar.com\\\/avatar\\\/ca2b49c1df14b84557c567431f045ea69c8ea5da2da50309fd4de9b811da0433?s=96&d=mm&r=g\",\"url\":\"https:\\\/\\\/secure.gravatar.com\\\/avatar\\\/ca2b49c1df14b84557c567431f045ea69c8ea5da2da50309fd4de9b811da0433?s=96&d=mm&r=g\",\"contentUrl\":\"https:\\\/\\\/secure.gravatar.com\\\/avatar\\\/ca2b49c1df14b84557c567431f045ea69c8ea5da2da50309fd4de9b811da0433?s=96&d=mm&r=g\",\"caption\":\"noticias@prensapaisa.com\"},\"sameAs\":[\"http:\\\/\\\/prensapaisa.com\"],\"url\":\"https:\\\/\\\/prensapaisa.com\\\/index.php\\\/author\\\/prensapaisagmail-com\\\/\"}]}<\/script>\n<!-- \/ Yoast SEO plugin. -->","yoast_head_json":{"title":"Taxista bellanita fue baleado cuando sali\u00f3 a trabajar - PRENSA PAISA","robots":{"index":"index","follow":"follow","max-snippet":"max-snippet:-1","max-image-preview":"max-image-preview:large","max-video-preview":"max-video-preview:-1"},"canonical":"https:\/\/prensapaisa.com\/index.php\/2022\/02\/02\/taxista-bellanita-fue-baleado-cuando-salio-a-trabajar\/","og_locale":"es_ES","og_type":"article","og_title":"Taxista bellanita fue baleado cuando sali\u00f3 a trabajar - PRENSA PAISA","og_description":"Familiares y amigos le hacen luto a Yeison Alberto, de 51 a\u00f1os, quien fue asesinado en Medell\u00edn. Los hechos ocurrieron durante la tarde del 24 de enero en la v\u00eda&hellip;","og_url":"https:\/\/prensapaisa.com\/index.php\/2022\/02\/02\/taxista-bellanita-fue-baleado-cuando-salio-a-trabajar\/","og_site_name":"PRENSA PAISA","article_published_time":"2022-02-02T19:54:42+00:00","article_modified_time":"2022-06-09T15:42:26+00:00","og_image":[{"width":309,"height":593,"url":"https:\/\/prensapaisa.com\/wp-content\/uploads\/2022\/02\/Captura2-3.jpg","type":"image\/jpeg"}],"author":"noticias@prensapaisa.com","twitter_card":"summary_large_image","twitter_misc":{"Escrito por":"noticias@prensapaisa.com","Tiempo de lectura":"1 minuto"},"schema":{"@context":"https:\/\/schema.org","@graph":[{"@type":"Article","@id":"https:\/\/prensapaisa.com\/index.php\/2022\/02\/02\/taxista-bellanita-fue-baleado-cuando-salio-a-trabajar\/#article","isPartOf":{"@id":"https:\/\/prensapaisa.com\/index.php\/2022\/02\/02\/taxista-bellanita-fue-baleado-cuando-salio-a-trabajar\/"},"author":{"name":"noticias@prensapaisa.com","@id":"https:\/\/prensapaisa.com\/#\/schema\/person\/c5899b8b285dbcd70faec88a7c1579f6"},"headline":"Taxista bellanita fue baleado cuando sali\u00f3 a trabajar","datePublished":"2022-02-02T19:54:42+00:00","dateModified":"2022-06-09T15:42:26+00:00","mainEntityOfPage":{"@id":"https:\/\/prensapaisa.com\/index.php\/2022\/02\/02\/taxista-bellanita-fue-baleado-cuando-salio-a-trabajar\/"},"wordCount":163,"commentCount":0,"publisher":{"@id":"https:\/\/prensapaisa.com\/#organization"},"image":{"@id":"https:\/\/prensapaisa.com\/index.php\/2022\/02\/02\/taxista-bellanita-fue-baleado-cuando-salio-a-trabajar\/#primaryimage"},"thumbnailUrl":"https:\/\/prensapaisa.com\/wp-content\/uploads\/2022\/02\/Captura2-3.jpg","keywords":["Taxista bellanita fue baleado cuando sali\u00f3 a trabajar"],"articleSection":["Fallecidos","Municipios"],"inLanguage":"es-CO","potentialAction":[{"@type":"CommentAction","name":"Comment","target":["https:\/\/prensapaisa.com\/index.php\/2022\/02\/02\/taxista-bellanita-fue-baleado-cuando-salio-a-trabajar\/#respond"]}]},{"@type":"WebPage","@id":"https:\/\/prensapaisa.com\/index.php\/2022\/02\/02\/taxista-bellanita-fue-baleado-cuando-salio-a-trabajar\/","url":"https:\/\/prensapaisa.com\/index.php\/2022\/02\/02\/taxista-bellanita-fue-baleado-cuando-salio-a-trabajar\/","name":"Taxista bellanita fue baleado cuando sali\u00f3 a trabajar - PRENSA PAISA","isPartOf":{"@id":"https:\/\/prensapaisa.com\/#website"},"primaryImageOfPage":{"@id":"https:\/\/prensapaisa.com\/index.php\/2022\/02\/02\/taxista-bellanita-fue-baleado-cuando-salio-a-trabajar\/#primaryimage"},"image":{"@id":"https:\/\/prensapaisa.com\/index.php\/2022\/02\/02\/taxista-bellanita-fue-baleado-cuando-salio-a-trabajar\/#primaryimage"},"thumbnailUrl":"https:\/\/prensapaisa.com\/wp-content\/uploads\/2022\/02\/Captura2-3.jpg","datePublished":"2022-02-02T19:54:42+00:00","dateModified":"2022-06-09T15:42:26+00:00","breadcrumb":{"@id":"https:\/\/prensapaisa.com\/index.php\/2022\/02\/02\/taxista-bellanita-fue-baleado-cuando-salio-a-trabajar\/#breadcrumb"},"inLanguage":"es-CO","potentialAction":[{"@type":"ReadAction","target":["https:\/\/prensapaisa.com\/index.php\/2022\/02\/02\/taxista-bellanita-fue-baleado-cuando-salio-a-trabajar\/"]}]},{"@type":"ImageObject","inLanguage":"es-CO","@id":"https:\/\/prensapaisa.com\/index.php\/2022\/02\/02\/taxista-bellanita-fue-baleado-cuando-salio-a-trabajar\/#primaryimage","url":"https:\/\/prensapaisa.com\/wp-content\/uploads\/2022\/02\/Captura2-3.jpg","contentUrl":"https:\/\/prensapaisa.com\/wp-content\/uploads\/2022\/02\/Captura2-3.jpg","width":309,"height":593},{"@type":"BreadcrumbList","@id":"https:\/\/prensapaisa.com\/index.php\/2022\/02\/02\/taxista-bellanita-fue-baleado-cuando-salio-a-trabajar\/#breadcrumb","itemListElement":[{"@type":"ListItem","position":1,"name":"Inicio","item":"https:\/\/prensapaisa.com\/"},{"@type":"ListItem","position":2,"name":"Taxista bellanita fue baleado cuando sali\u00f3 a trabajar"}]},{"@type":"WebSite","@id":"https:\/\/prensapaisa.com\/#website","url":"https:\/\/prensapaisa.com\/","name":"PRENSA PAISA","description":"Prensa Paisa la Original | Noticias de Medell\u00edn, Antioquia","publisher":{"@id":"https:\/\/prensapaisa.com\/#organization"},"potentialAction":[{"@type":"SearchAction","target":{"@type":"EntryPoint","urlTemplate":"https:\/\/prensapaisa.com\/?s={search_term_string}"},"query-input":{"@type":"PropertyValueSpecification","valueRequired":true,"valueName":"search_term_string"}}],"inLanguage":"es-CO"},{"@type":"Organization","@id":"https:\/\/prensapaisa.com\/#organization","name":"PRENSA PAISA","url":"https:\/\/prensapaisa.com\/","logo":{"@type":"ImageObject","inLanguage":"es-CO","@id":"https:\/\/prensapaisa.com\/#\/schema\/logo\/image\/","url":"https:\/\/prensapaisa.com\/wp-content\/uploads\/2022\/05\/cropped-cropped-prensa.png","contentUrl":"https:\/\/prensapaisa.com\/wp-content\/uploads\/2022\/05\/cropped-cropped-prensa.png","width":784,"height":524,"caption":"PRENSA PAISA"},"image":{"@id":"https:\/\/prensapaisa.com\/#\/schema\/logo\/image\/"}},{"@type":"Person","@id":"https:\/\/prensapaisa.com\/#\/schema\/person\/c5899b8b285dbcd70faec88a7c1579f6","name":"noticias@prensapaisa.com","image":{"@type":"ImageObject","inLanguage":"es-CO","@id":"https:\/\/secure.gravatar.com\/avatar\/ca2b49c1df14b84557c567431f045ea69c8ea5da2da50309fd4de9b811da0433?s=96&d=mm&r=g","url":"https:\/\/secure.gravatar.com\/avatar\/ca2b49c1df14b84557c567431f045ea69c8ea5da2da50309fd4de9b811da0433?s=96&d=mm&r=g","contentUrl":"https:\/\/secure.gravatar.com\/avatar\/ca2b49c1df14b84557c567431f045ea69c8ea5da2da50309fd4de9b811da0433?s=96&d=mm&r=g","caption":"noticias@prensapaisa.com"},"sameAs":["http:\/\/prensapaisa.com"],"url":"https:\/\/prensapaisa.com\/index.php\/author\/prensapaisagmail-com\/"}]}},"_links":{"self":[{"href":"https:\/\/prensapaisa.com\/index.php\/wp-json\/wp\/v2\/posts\/694","targetHints":{"allow":["GET"]}}],"collection":[{"href":"https:\/\/prensapaisa.com\/index.php\/wp-json\/wp\/v2\/posts"}],"about":[{"href":"https:\/\/prensapaisa.com\/index.php\/wp-json\/wp\/v2\/types\/post"}],"author":[{"embeddable":true,"href":"https:\/\/prensapaisa.com\/index.php\/wp-json\/wp\/v2\/users\/1"}],"replies":[{"embeddable":true,"href":"https:\/\/prensapaisa.com\/index.php\/wp-json\/wp\/v2\/comments?post=694"}],"version-history":[{"count":7,"href":"https:\/\/prensapaisa.com\/index.php\/wp-json\/wp\/v2\/posts\/694\/revisions"}],"predecessor-version":[{"id":3555,"href":"https:\/\/prensapaisa.com\/index.php\/wp-json\/wp\/v2\/posts\/694\/revisions\/3555"}],"wp:featuredmedia":[{"embeddable":true,"href":"https:\/\/prensapaisa.com\/index.php\/wp-json\/wp\/v2\/media\/695"}],"wp:attachment":[{"href":"https:\/\/prensapaisa.com\/index.php\/wp-json\/wp\/v2\/media?parent=694"}],"wp:term":[{"taxonomy":"category","embeddable":true,"href":"https:\/\/prensapaisa.com\/index.php\/wp-json\/wp\/v2\/categories?post=694"},{"taxonomy":"post_tag","embeddable":true,"href":"https:\/\/prensapaisa.com\/index.php\/wp-json\/wp\/v2\/tags?post=694"}],"curies":[{"name":"wp","href":"https:\/\/api.w.org\/{rel}","templated":true}]}}