{"id":6834,"date":"2022-09-12T13:22:00","date_gmt":"2022-09-12T18:22:00","guid":{"rendered":"https:\/\/prensapaisa.com\/?p=6834"},"modified":"2022-09-14T13:22:22","modified_gmt":"2022-09-14T18:22:22","slug":"desmovilizado-y-artesano-recien-salido-de-la-carcel-fue-hallado-sin-vida-en-medellin","status":"publish","type":"post","link":"https:\/\/prensapaisa.com\/index.php\/2022\/09\/12\/desmovilizado-y-artesano-recien-salido-de-la-carcel-fue-hallado-sin-vida-en-medellin\/","title":{"rendered":"Desmovilizado y artesano, reci\u00e9n salido de la c\u00e1rcel, fue hallado sin vida en Medell\u00edn"},"content":{"rendered":"\n<p>Familiares y amigos le hacen luto a Javier Ventura Mar\u00edn \u00c1lvarez, alias Tat\u00fa, quien fue encontrado sin vida en un exclusivo barrio de la capital antioque\u00f1a. Mar\u00edn, fue el segundo al mando en la estructura de &#8220;Carlos Pesebre&#8221; en los barrios San Javier y Robledo.<\/p>\n\n\n\n<p><a><\/a>Mientras que las autoridades tratan de identificar el cuerpo de la persona que encontraron, durante la tarde del 11 de septiembre, en el barrio San Juli\u00e1n, bandas criminales le escribieron a Prensa Paisa sobre &#8220;tat\u00fa&#8221;.<\/p>\n\n\n\n<p>La comunidad qued\u00f3 asombrada y desde sus ventanas registrstraron im\u00e1genes de este acontecimiento, que curiosamente suele suceder, en esta zona de El Poblado.<\/p>\n\n\n\n<p>Un informante paisa asegur\u00f3 que quienes torturaron y le quitaron la vida a alias &#8220;tat\u00fa&#8221;, quien estaba enlonado, fueron lo de la banda se &#8220;loreto&#8221; y de la banda del barrio Pablo Escobar, luego de recibir las \u00f3rdenes de la familia &#8220;pesebre&#8221;.<\/p>\n\n\n\n<p>En 2013, tras avalar el preacuerdo celebrado entre las partes, el Juzgado Segundo Penal del Circuito Especializado de Medell\u00edn conden\u00f3 a nueve a\u00f1os de prisi\u00f3n a los excabecillas de la denominada Oficina de Envigado, Freidel Alfonso Ram\u00edrez Garc\u00eda, alias Carlos Pesebre; Luis An\u00edbal Garc\u00eda G\u00f3mez, alias Maicol, y Andr\u00e9s Felipe \u00c1lvarez Lopera, alias Andresito; por los punibles de concierto para delinquir agravado, extorsi\u00f3n y utilizaci\u00f3n de menores de edad para la comisi\u00f3n de delitos. En la misma decisi\u00f3n tambi\u00e9n fue condenado a 10 a\u00f1os de prisi\u00f3n, Javier Ventura Mar\u00edn \u00c1lvarez, alias Tat\u00fa, a quien se le adicion\u00f3 el delito de desplazamiento forzado.<\/p>\n\n\n\n<p>\u00bfCarlos &#8220;pesebre&#8221; dirige desde la C\u00e1rcel los homicidios de la ciudad?<\/p>\n\n\n\n<p>\u00bfQui\u00e9n es alias &#8220;pesebre&#8221;?<\/p>\n\n\n\n<p>Hasta el 2013, a\u00f1o de su captura en el municipio de Urrao, llevaba 20 a\u00f1os en el crimen organizado. Su verdadero nombre es Freiner Ram\u00edrez Garc\u00eda, pero en el bajo mundo se le conoce como &#8220;Carlos Pesebre&#8221;, apodado as\u00ed porque naci\u00f3 y creci\u00f3 en el Barrio el Pesebre, Comuna 1e de Medell\u00edn. Tiene 48 a\u00f1os y comenz\u00f3 su actividad delictiva en las comunas de la capital de Antioquia delinquiendo bajo el brazo armado de la guerrilla urbana.<\/p>\n\n\n\n<p>En el 2016 fue sentenci\u00f3 a 36 a\u00f1os, un mes y un d\u00eda de prisi\u00f3n el excabecilla de la denominada Oficina de Envigado, por ordenar la muerte de Mauricio Alberto Vel\u00e1squez Valencia, alias \u201cel Meca\u201d, integrante de su banda, el 15 de julio de 2005 en el barrio Bel\u00e9n los Alpes.<\/p>\n\n\n\n<p>La v\u00edctima era exintegrante del Departamento Administrativo de Seguridad (DAS) y oficiaba como lugarteniente del cabecilla.<\/p>\n\n\n\n<p>Seg\u00fan las declaraciones de algunos desmovilizados, la banda acus\u00f3 a \u201cel Meca\u201d de robarse 750 millones de pesos, raz\u00f3n por la cual le dispar\u00f3 la banda de &#8220;pesebre&#8221;.<\/p>\n\n\n\n<p>\u00bfEn Medell\u00edn todos saben sobre los cr\u00edmenes, menos las autoridades?<\/p>\n\n\n\n<figure class=\"wp-block-gallery has-nested-images columns-default is-cropped wp-block-gallery-1 is-layout-flex wp-block-gallery-is-layout-flex\">\n<figure class=\"wp-block-image size-large\"><img fetchpriority=\"high\" decoding=\"async\" width=\"300\" height=\"428\" data-id=\"6836\" src=\"https:\/\/prensapaisa.com\/wp-content\/uploads\/2022\/09\/02-42.jpg\" alt=\"\" class=\"wp-image-6836\" srcset=\"https:\/\/prensapaisa.com\/wp-content\/uploads\/2022\/09\/02-42.jpg 300w, https:\/\/prensapaisa.com\/wp-content\/uploads\/2022\/09\/02-42-210x300.jpg 210w\" sizes=\"(max-width: 300px) 100vw, 300px\" \/><\/figure>\n\n\n\n<figure class=\"wp-block-image size-large\"><img decoding=\"async\" width=\"596\" height=\"344\" data-id=\"6838\" src=\"https:\/\/prensapaisa.com\/wp-content\/uploads\/2022\/09\/2-32.jpg\" alt=\"\" class=\"wp-image-6838\" srcset=\"https:\/\/prensapaisa.com\/wp-content\/uploads\/2022\/09\/2-32.jpg 596w, https:\/\/prensapaisa.com\/wp-content\/uploads\/2022\/09\/2-32-300x173.jpg 300w, https:\/\/prensapaisa.com\/wp-content\/uploads\/2022\/09\/2-32-585x338.jpg 585w\" sizes=\"(max-width: 596px) 100vw, 596px\" \/><\/figure>\n\n\n\n<figure class=\"wp-block-image size-large\"><img decoding=\"async\" width=\"625\" height=\"960\" data-id=\"6839\" src=\"https:\/\/prensapaisa.com\/wp-content\/uploads\/2022\/09\/03-29.jpg\" alt=\"\" class=\"wp-image-6839\" srcset=\"https:\/\/prensapaisa.com\/wp-content\/uploads\/2022\/09\/03-29.jpg 625w, https:\/\/prensapaisa.com\/wp-content\/uploads\/2022\/09\/03-29-195x300.jpg 195w, https:\/\/prensapaisa.com\/wp-content\/uploads\/2022\/09\/03-29-585x899.jpg 585w\" sizes=\"(max-width: 625px) 100vw, 625px\" \/><\/figure>\n\n\n\n<figure class=\"wp-block-image size-large\"><img loading=\"lazy\" decoding=\"async\" width=\"320\" height=\"337\" data-id=\"6837\" src=\"https:\/\/prensapaisa.com\/wp-content\/uploads\/2022\/09\/3-22.jpg\" alt=\"\" class=\"wp-image-6837\" srcset=\"https:\/\/prensapaisa.com\/wp-content\/uploads\/2022\/09\/3-22.jpg 320w, https:\/\/prensapaisa.com\/wp-content\/uploads\/2022\/09\/3-22-285x300.jpg 285w\" sizes=\"(max-width: 320px) 100vw, 320px\" \/><\/figure>\n<\/figure>\n","protected":false},"excerpt":{"rendered":"<p>Familiares y amigos le hacen luto a Javier Ventura Mar\u00edn \u00c1lvarez, alias Tat\u00fa, quien fue encontrado sin vida en un exclusivo barrio de la capital antioque\u00f1a. Mar\u00edn, fue el segundo&hellip;<\/p>\n","protected":false},"author":1,"featured_media":6835,"comment_status":"open","ping_status":"open","sticky":false,"template":"","format":"standard","meta":{"footnotes":""},"categories":[43,1],"tags":[],"class_list":["post-6834","post","type-post","status-publish","format-standard","has-post-thumbnail","hentry","category-fallecidos","category-noticias"],"yoast_head":"<!-- This site is optimized with the Yoast SEO plugin v27.4 - https:\/\/yoast.com\/product\/yoast-seo-wordpress\/ -->\n<title>Desmovilizado y artesano, reci\u00e9n salido de la c\u00e1rcel, fue hallado sin vida en Medell\u00edn - PRENSA PAISA<\/title>\n<meta name=\"robots\" content=\"index, follow, max-snippet:-1, max-image-preview:large, max-video-preview:-1\" \/>\n<link rel=\"canonical\" href=\"https:\/\/prensapaisa.com\/index.php\/2022\/09\/12\/desmovilizado-y-artesano-recien-salido-de-la-carcel-fue-hallado-sin-vida-en-medellin\/\" \/>\n<meta property=\"og:locale\" content=\"es_ES\" \/>\n<meta property=\"og:type\" content=\"article\" \/>\n<meta property=\"og:title\" content=\"Desmovilizado y artesano, reci\u00e9n salido de la c\u00e1rcel, fue hallado sin vida en Medell\u00edn - PRENSA PAISA\" \/>\n<meta property=\"og:description\" content=\"Familiares y amigos le hacen luto a Javier Ventura Mar\u00edn \u00c1lvarez, alias Tat\u00fa, quien fue encontrado sin vida en un exclusivo barrio de la capital antioque\u00f1a. Mar\u00edn, fue el segundo&hellip;\" \/>\n<meta property=\"og:url\" content=\"https:\/\/prensapaisa.com\/index.php\/2022\/09\/12\/desmovilizado-y-artesano-recien-salido-de-la-carcel-fue-hallado-sin-vida-en-medellin\/\" \/>\n<meta property=\"og:site_name\" content=\"PRENSA PAISA\" \/>\n<meta property=\"article:published_time\" content=\"2022-09-12T18:22:00+00:00\" \/>\n<meta property=\"article:modified_time\" content=\"2022-09-14T18:22:22+00:00\" \/>\n<meta property=\"og:image\" content=\"https:\/\/prensapaisa.com\/wp-content\/uploads\/2022\/09\/1-72.jpg\" \/>\n\t<meta property=\"og:image:width\" content=\"526\" \/>\n\t<meta property=\"og:image:height\" content=\"592\" \/>\n\t<meta property=\"og:image:type\" content=\"image\/jpeg\" \/>\n<meta name=\"author\" content=\"noticias@prensapaisa.com\" \/>\n<meta name=\"twitter:card\" content=\"summary_large_image\" \/>\n<meta name=\"twitter:label1\" content=\"Escrito por\" \/>\n\t<meta name=\"twitter:data1\" content=\"noticias@prensapaisa.com\" \/>\n<script type=\"application\/ld+json\" class=\"yoast-schema-graph\">{\"@context\":\"https:\\\/\\\/schema.org\",\"@graph\":[{\"@type\":\"Article\",\"@id\":\"https:\\\/\\\/prensapaisa.com\\\/index.php\\\/2022\\\/09\\\/12\\\/desmovilizado-y-artesano-recien-salido-de-la-carcel-fue-hallado-sin-vida-en-medellin\\\/#article\",\"isPartOf\":{\"@id\":\"https:\\\/\\\/prensapaisa.com\\\/index.php\\\/2022\\\/09\\\/12\\\/desmovilizado-y-artesano-recien-salido-de-la-carcel-fue-hallado-sin-vida-en-medellin\\\/\"},\"author\":{\"name\":\"noticias@prensapaisa.com\",\"@id\":\"https:\\\/\\\/prensapaisa.com\\\/#\\\/schema\\\/person\\\/c5899b8b285dbcd70faec88a7c1579f6\"},\"headline\":\"Desmovilizado y artesano, reci\u00e9n salido de la c\u00e1rcel, fue hallado sin vida en Medell\u00edn\",\"datePublished\":\"2022-09-12T18:22:00+00:00\",\"dateModified\":\"2022-09-14T18:22:22+00:00\",\"mainEntityOfPage\":{\"@id\":\"https:\\\/\\\/prensapaisa.com\\\/index.php\\\/2022\\\/09\\\/12\\\/desmovilizado-y-artesano-recien-salido-de-la-carcel-fue-hallado-sin-vida-en-medellin\\\/\"},\"wordCount\":490,\"commentCount\":0,\"publisher\":{\"@id\":\"https:\\\/\\\/prensapaisa.com\\\/#organization\"},\"image\":{\"@id\":\"https:\\\/\\\/prensapaisa.com\\\/index.php\\\/2022\\\/09\\\/12\\\/desmovilizado-y-artesano-recien-salido-de-la-carcel-fue-hallado-sin-vida-en-medellin\\\/#primaryimage\"},\"thumbnailUrl\":\"https:\\\/\\\/prensapaisa.com\\\/wp-content\\\/uploads\\\/2022\\\/09\\\/1-72.jpg\",\"articleSection\":[\"Fallecidos\",\"Noticias\"],\"inLanguage\":\"es-CO\",\"potentialAction\":[{\"@type\":\"CommentAction\",\"name\":\"Comment\",\"target\":[\"https:\\\/\\\/prensapaisa.com\\\/index.php\\\/2022\\\/09\\\/12\\\/desmovilizado-y-artesano-recien-salido-de-la-carcel-fue-hallado-sin-vida-en-medellin\\\/#respond\"]}]},{\"@type\":\"WebPage\",\"@id\":\"https:\\\/\\\/prensapaisa.com\\\/index.php\\\/2022\\\/09\\\/12\\\/desmovilizado-y-artesano-recien-salido-de-la-carcel-fue-hallado-sin-vida-en-medellin\\\/\",\"url\":\"https:\\\/\\\/prensapaisa.com\\\/index.php\\\/2022\\\/09\\\/12\\\/desmovilizado-y-artesano-recien-salido-de-la-carcel-fue-hallado-sin-vida-en-medellin\\\/\",\"name\":\"Desmovilizado y artesano, reci\u00e9n salido de la c\u00e1rcel, fue hallado sin vida en Medell\u00edn - PRENSA PAISA\",\"isPartOf\":{\"@id\":\"https:\\\/\\\/prensapaisa.com\\\/#website\"},\"primaryImageOfPage\":{\"@id\":\"https:\\\/\\\/prensapaisa.com\\\/index.php\\\/2022\\\/09\\\/12\\\/desmovilizado-y-artesano-recien-salido-de-la-carcel-fue-hallado-sin-vida-en-medellin\\\/#primaryimage\"},\"image\":{\"@id\":\"https:\\\/\\\/prensapaisa.com\\\/index.php\\\/2022\\\/09\\\/12\\\/desmovilizado-y-artesano-recien-salido-de-la-carcel-fue-hallado-sin-vida-en-medellin\\\/#primaryimage\"},\"thumbnailUrl\":\"https:\\\/\\\/prensapaisa.com\\\/wp-content\\\/uploads\\\/2022\\\/09\\\/1-72.jpg\",\"datePublished\":\"2022-09-12T18:22:00+00:00\",\"dateModified\":\"2022-09-14T18:22:22+00:00\",\"breadcrumb\":{\"@id\":\"https:\\\/\\\/prensapaisa.com\\\/index.php\\\/2022\\\/09\\\/12\\\/desmovilizado-y-artesano-recien-salido-de-la-carcel-fue-hallado-sin-vida-en-medellin\\\/#breadcrumb\"},\"inLanguage\":\"es-CO\",\"potentialAction\":[{\"@type\":\"ReadAction\",\"target\":[\"https:\\\/\\\/prensapaisa.com\\\/index.php\\\/2022\\\/09\\\/12\\\/desmovilizado-y-artesano-recien-salido-de-la-carcel-fue-hallado-sin-vida-en-medellin\\\/\"]}]},{\"@type\":\"ImageObject\",\"inLanguage\":\"es-CO\",\"@id\":\"https:\\\/\\\/prensapaisa.com\\\/index.php\\\/2022\\\/09\\\/12\\\/desmovilizado-y-artesano-recien-salido-de-la-carcel-fue-hallado-sin-vida-en-medellin\\\/#primaryimage\",\"url\":\"https:\\\/\\\/prensapaisa.com\\\/wp-content\\\/uploads\\\/2022\\\/09\\\/1-72.jpg\",\"contentUrl\":\"https:\\\/\\\/prensapaisa.com\\\/wp-content\\\/uploads\\\/2022\\\/09\\\/1-72.jpg\",\"width\":526,\"height\":592},{\"@type\":\"BreadcrumbList\",\"@id\":\"https:\\\/\\\/prensapaisa.com\\\/index.php\\\/2022\\\/09\\\/12\\\/desmovilizado-y-artesano-recien-salido-de-la-carcel-fue-hallado-sin-vida-en-medellin\\\/#breadcrumb\",\"itemListElement\":[{\"@type\":\"ListItem\",\"position\":1,\"name\":\"Inicio\",\"item\":\"https:\\\/\\\/prensapaisa.com\\\/\"},{\"@type\":\"ListItem\",\"position\":2,\"name\":\"Desmovilizado y artesano, reci\u00e9n salido de la c\u00e1rcel, fue hallado sin vida en Medell\u00edn\"}]},{\"@type\":\"WebSite\",\"@id\":\"https:\\\/\\\/prensapaisa.com\\\/#website\",\"url\":\"https:\\\/\\\/prensapaisa.com\\\/\",\"name\":\"PRENSA PAISA\",\"description\":\"Prensa Paisa la Original | Noticias de Medell\u00edn, Antioquia\",\"publisher\":{\"@id\":\"https:\\\/\\\/prensapaisa.com\\\/#organization\"},\"potentialAction\":[{\"@type\":\"SearchAction\",\"target\":{\"@type\":\"EntryPoint\",\"urlTemplate\":\"https:\\\/\\\/prensapaisa.com\\\/?s={search_term_string}\"},\"query-input\":{\"@type\":\"PropertyValueSpecification\",\"valueRequired\":true,\"valueName\":\"search_term_string\"}}],\"inLanguage\":\"es-CO\"},{\"@type\":\"Organization\",\"@id\":\"https:\\\/\\\/prensapaisa.com\\\/#organization\",\"name\":\"PRENSA PAISA\",\"url\":\"https:\\\/\\\/prensapaisa.com\\\/\",\"logo\":{\"@type\":\"ImageObject\",\"inLanguage\":\"es-CO\",\"@id\":\"https:\\\/\\\/prensapaisa.com\\\/#\\\/schema\\\/logo\\\/image\\\/\",\"url\":\"https:\\\/\\\/prensapaisa.com\\\/wp-content\\\/uploads\\\/2022\\\/05\\\/cropped-cropped-prensa.png\",\"contentUrl\":\"https:\\\/\\\/prensapaisa.com\\\/wp-content\\\/uploads\\\/2022\\\/05\\\/cropped-cropped-prensa.png\",\"width\":784,\"height\":524,\"caption\":\"PRENSA PAISA\"},\"image\":{\"@id\":\"https:\\\/\\\/prensapaisa.com\\\/#\\\/schema\\\/logo\\\/image\\\/\"}},{\"@type\":\"Person\",\"@id\":\"https:\\\/\\\/prensapaisa.com\\\/#\\\/schema\\\/person\\\/c5899b8b285dbcd70faec88a7c1579f6\",\"name\":\"noticias@prensapaisa.com\",\"image\":{\"@type\":\"ImageObject\",\"inLanguage\":\"es-CO\",\"@id\":\"https:\\\/\\\/secure.gravatar.com\\\/avatar\\\/ca2b49c1df14b84557c567431f045ea69c8ea5da2da50309fd4de9b811da0433?s=96&d=mm&r=g\",\"url\":\"https:\\\/\\\/secure.gravatar.com\\\/avatar\\\/ca2b49c1df14b84557c567431f045ea69c8ea5da2da50309fd4de9b811da0433?s=96&d=mm&r=g\",\"contentUrl\":\"https:\\\/\\\/secure.gravatar.com\\\/avatar\\\/ca2b49c1df14b84557c567431f045ea69c8ea5da2da50309fd4de9b811da0433?s=96&d=mm&r=g\",\"caption\":\"noticias@prensapaisa.com\"},\"sameAs\":[\"http:\\\/\\\/prensapaisa.com\"],\"url\":\"https:\\\/\\\/prensapaisa.com\\\/index.php\\\/author\\\/prensapaisagmail-com\\\/\"}]}<\/script>\n<!-- \/ Yoast SEO plugin. -->","yoast_head_json":{"title":"Desmovilizado y artesano, reci\u00e9n salido de la c\u00e1rcel, fue hallado sin vida en Medell\u00edn - PRENSA PAISA","robots":{"index":"index","follow":"follow","max-snippet":"max-snippet:-1","max-image-preview":"max-image-preview:large","max-video-preview":"max-video-preview:-1"},"canonical":"https:\/\/prensapaisa.com\/index.php\/2022\/09\/12\/desmovilizado-y-artesano-recien-salido-de-la-carcel-fue-hallado-sin-vida-en-medellin\/","og_locale":"es_ES","og_type":"article","og_title":"Desmovilizado y artesano, reci\u00e9n salido de la c\u00e1rcel, fue hallado sin vida en Medell\u00edn - PRENSA PAISA","og_description":"Familiares y amigos le hacen luto a Javier Ventura Mar\u00edn \u00c1lvarez, alias Tat\u00fa, quien fue encontrado sin vida en un exclusivo barrio de la capital antioque\u00f1a. Mar\u00edn, fue el segundo&hellip;","og_url":"https:\/\/prensapaisa.com\/index.php\/2022\/09\/12\/desmovilizado-y-artesano-recien-salido-de-la-carcel-fue-hallado-sin-vida-en-medellin\/","og_site_name":"PRENSA PAISA","article_published_time":"2022-09-12T18:22:00+00:00","article_modified_time":"2022-09-14T18:22:22+00:00","og_image":[{"width":526,"height":592,"url":"https:\/\/prensapaisa.com\/wp-content\/uploads\/2022\/09\/1-72.jpg","type":"image\/jpeg"}],"author":"noticias@prensapaisa.com","twitter_card":"summary_large_image","twitter_misc":{"Escrito por":"noticias@prensapaisa.com"},"schema":{"@context":"https:\/\/schema.org","@graph":[{"@type":"Article","@id":"https:\/\/prensapaisa.com\/index.php\/2022\/09\/12\/desmovilizado-y-artesano-recien-salido-de-la-carcel-fue-hallado-sin-vida-en-medellin\/#article","isPartOf":{"@id":"https:\/\/prensapaisa.com\/index.php\/2022\/09\/12\/desmovilizado-y-artesano-recien-salido-de-la-carcel-fue-hallado-sin-vida-en-medellin\/"},"author":{"name":"noticias@prensapaisa.com","@id":"https:\/\/prensapaisa.com\/#\/schema\/person\/c5899b8b285dbcd70faec88a7c1579f6"},"headline":"Desmovilizado y artesano, reci\u00e9n salido de la c\u00e1rcel, fue hallado sin vida en Medell\u00edn","datePublished":"2022-09-12T18:22:00+00:00","dateModified":"2022-09-14T18:22:22+00:00","mainEntityOfPage":{"@id":"https:\/\/prensapaisa.com\/index.php\/2022\/09\/12\/desmovilizado-y-artesano-recien-salido-de-la-carcel-fue-hallado-sin-vida-en-medellin\/"},"wordCount":490,"commentCount":0,"publisher":{"@id":"https:\/\/prensapaisa.com\/#organization"},"image":{"@id":"https:\/\/prensapaisa.com\/index.php\/2022\/09\/12\/desmovilizado-y-artesano-recien-salido-de-la-carcel-fue-hallado-sin-vida-en-medellin\/#primaryimage"},"thumbnailUrl":"https:\/\/prensapaisa.com\/wp-content\/uploads\/2022\/09\/1-72.jpg","articleSection":["Fallecidos","Noticias"],"inLanguage":"es-CO","potentialAction":[{"@type":"CommentAction","name":"Comment","target":["https:\/\/prensapaisa.com\/index.php\/2022\/09\/12\/desmovilizado-y-artesano-recien-salido-de-la-carcel-fue-hallado-sin-vida-en-medellin\/#respond"]}]},{"@type":"WebPage","@id":"https:\/\/prensapaisa.com\/index.php\/2022\/09\/12\/desmovilizado-y-artesano-recien-salido-de-la-carcel-fue-hallado-sin-vida-en-medellin\/","url":"https:\/\/prensapaisa.com\/index.php\/2022\/09\/12\/desmovilizado-y-artesano-recien-salido-de-la-carcel-fue-hallado-sin-vida-en-medellin\/","name":"Desmovilizado y artesano, reci\u00e9n salido de la c\u00e1rcel, fue hallado sin vida en Medell\u00edn - PRENSA PAISA","isPartOf":{"@id":"https:\/\/prensapaisa.com\/#website"},"primaryImageOfPage":{"@id":"https:\/\/prensapaisa.com\/index.php\/2022\/09\/12\/desmovilizado-y-artesano-recien-salido-de-la-carcel-fue-hallado-sin-vida-en-medellin\/#primaryimage"},"image":{"@id":"https:\/\/prensapaisa.com\/index.php\/2022\/09\/12\/desmovilizado-y-artesano-recien-salido-de-la-carcel-fue-hallado-sin-vida-en-medellin\/#primaryimage"},"thumbnailUrl":"https:\/\/prensapaisa.com\/wp-content\/uploads\/2022\/09\/1-72.jpg","datePublished":"2022-09-12T18:22:00+00:00","dateModified":"2022-09-14T18:22:22+00:00","breadcrumb":{"@id":"https:\/\/prensapaisa.com\/index.php\/2022\/09\/12\/desmovilizado-y-artesano-recien-salido-de-la-carcel-fue-hallado-sin-vida-en-medellin\/#breadcrumb"},"inLanguage":"es-CO","potentialAction":[{"@type":"ReadAction","target":["https:\/\/prensapaisa.com\/index.php\/2022\/09\/12\/desmovilizado-y-artesano-recien-salido-de-la-carcel-fue-hallado-sin-vida-en-medellin\/"]}]},{"@type":"ImageObject","inLanguage":"es-CO","@id":"https:\/\/prensapaisa.com\/index.php\/2022\/09\/12\/desmovilizado-y-artesano-recien-salido-de-la-carcel-fue-hallado-sin-vida-en-medellin\/#primaryimage","url":"https:\/\/prensapaisa.com\/wp-content\/uploads\/2022\/09\/1-72.jpg","contentUrl":"https:\/\/prensapaisa.com\/wp-content\/uploads\/2022\/09\/1-72.jpg","width":526,"height":592},{"@type":"BreadcrumbList","@id":"https:\/\/prensapaisa.com\/index.php\/2022\/09\/12\/desmovilizado-y-artesano-recien-salido-de-la-carcel-fue-hallado-sin-vida-en-medellin\/#breadcrumb","itemListElement":[{"@type":"ListItem","position":1,"name":"Inicio","item":"https:\/\/prensapaisa.com\/"},{"@type":"ListItem","position":2,"name":"Desmovilizado y artesano, reci\u00e9n salido de la c\u00e1rcel, fue hallado sin vida en Medell\u00edn"}]},{"@type":"WebSite","@id":"https:\/\/prensapaisa.com\/#website","url":"https:\/\/prensapaisa.com\/","name":"PRENSA PAISA","description":"Prensa Paisa la Original | Noticias de Medell\u00edn, Antioquia","publisher":{"@id":"https:\/\/prensapaisa.com\/#organization"},"potentialAction":[{"@type":"SearchAction","target":{"@type":"EntryPoint","urlTemplate":"https:\/\/prensapaisa.com\/?s={search_term_string}"},"query-input":{"@type":"PropertyValueSpecification","valueRequired":true,"valueName":"search_term_string"}}],"inLanguage":"es-CO"},{"@type":"Organization","@id":"https:\/\/prensapaisa.com\/#organization","name":"PRENSA PAISA","url":"https:\/\/prensapaisa.com\/","logo":{"@type":"ImageObject","inLanguage":"es-CO","@id":"https:\/\/prensapaisa.com\/#\/schema\/logo\/image\/","url":"https:\/\/prensapaisa.com\/wp-content\/uploads\/2022\/05\/cropped-cropped-prensa.png","contentUrl":"https:\/\/prensapaisa.com\/wp-content\/uploads\/2022\/05\/cropped-cropped-prensa.png","width":784,"height":524,"caption":"PRENSA PAISA"},"image":{"@id":"https:\/\/prensapaisa.com\/#\/schema\/logo\/image\/"}},{"@type":"Person","@id":"https:\/\/prensapaisa.com\/#\/schema\/person\/c5899b8b285dbcd70faec88a7c1579f6","name":"noticias@prensapaisa.com","image":{"@type":"ImageObject","inLanguage":"es-CO","@id":"https:\/\/secure.gravatar.com\/avatar\/ca2b49c1df14b84557c567431f045ea69c8ea5da2da50309fd4de9b811da0433?s=96&d=mm&r=g","url":"https:\/\/secure.gravatar.com\/avatar\/ca2b49c1df14b84557c567431f045ea69c8ea5da2da50309fd4de9b811da0433?s=96&d=mm&r=g","contentUrl":"https:\/\/secure.gravatar.com\/avatar\/ca2b49c1df14b84557c567431f045ea69c8ea5da2da50309fd4de9b811da0433?s=96&d=mm&r=g","caption":"noticias@prensapaisa.com"},"sameAs":["http:\/\/prensapaisa.com"],"url":"https:\/\/prensapaisa.com\/index.php\/author\/prensapaisagmail-com\/"}]}},"_links":{"self":[{"href":"https:\/\/prensapaisa.com\/index.php\/wp-json\/wp\/v2\/posts\/6834","targetHints":{"allow":["GET"]}}],"collection":[{"href":"https:\/\/prensapaisa.com\/index.php\/wp-json\/wp\/v2\/posts"}],"about":[{"href":"https:\/\/prensapaisa.com\/index.php\/wp-json\/wp\/v2\/types\/post"}],"author":[{"embeddable":true,"href":"https:\/\/prensapaisa.com\/index.php\/wp-json\/wp\/v2\/users\/1"}],"replies":[{"embeddable":true,"href":"https:\/\/prensapaisa.com\/index.php\/wp-json\/wp\/v2\/comments?post=6834"}],"version-history":[{"count":1,"href":"https:\/\/prensapaisa.com\/index.php\/wp-json\/wp\/v2\/posts\/6834\/revisions"}],"predecessor-version":[{"id":6840,"href":"https:\/\/prensapaisa.com\/index.php\/wp-json\/wp\/v2\/posts\/6834\/revisions\/6840"}],"wp:featuredmedia":[{"embeddable":true,"href":"https:\/\/prensapaisa.com\/index.php\/wp-json\/wp\/v2\/media\/6835"}],"wp:attachment":[{"href":"https:\/\/prensapaisa.com\/index.php\/wp-json\/wp\/v2\/media?parent=6834"}],"wp:term":[{"taxonomy":"category","embeddable":true,"href":"https:\/\/prensapaisa.com\/index.php\/wp-json\/wp\/v2\/categories?post=6834"},{"taxonomy":"post_tag","embeddable":true,"href":"https:\/\/prensapaisa.com\/index.php\/wp-json\/wp\/v2\/tags?post=6834"}],"curies":[{"name":"wp","href":"https:\/\/api.w.org\/{rel}","templated":true}]}}