{"id":6810,"date":"2022-09-13T13:11:00","date_gmt":"2022-09-13T18:11:00","guid":{"rendered":"https:\/\/prensapaisa.com\/?p=6810"},"modified":"2022-09-14T13:13:16","modified_gmt":"2022-09-14T18:13:16","slug":"detenidos-de-la-estacion-santo-domingo-medellin-piden-compasion-y-empleo-para-resocializarse","status":"publish","type":"post","link":"https:\/\/prensapaisa.com\/index.php\/2022\/09\/13\/detenidos-de-la-estacion-santo-domingo-medellin-piden-compasion-y-empleo-para-resocializarse\/","title":{"rendered":"Detenidos de la estaci\u00f3n Santo Domingo, Medell\u00edn,  piden compasi\u00f3n y empleo para resocializarse"},"content":{"rendered":"\n<p>Presos paisas piden mejores condiciones en las c\u00e1rceles porque la comida llega vencida, fr\u00eda, es muy poca y con mal sabor. Adem\u00e1s, explicaron que duermen unos, sobre los otros porque hay hacinamiento.<\/p>\n\n\n\n<p>Tambi\u00e9n, contaron que hay varias humedades, huecos en los techos y les caen goteras cuando llueve.<\/p>\n\n\n\n<p>\u00bfDeber\u00edan humanizar las c\u00e1rceles?<\/p>\n\n\n\n<p>&#8220;Si se Humanizan las c\u00e1rceles&#8230;<\/p>\n\n\n\n<p>&#8220;Si se genera salud, empleo, educaci\u00f3n, recreaci\u00f3n y deporte para la juventud colombiana, muy seguramente la criminalidad y la delincuencia disminuir\u00e1n y por ende la tan anhelada paz llegar\u00e1.<\/p>\n\n\n\n<p>Para poder llegar a esta conclusi\u00f3n es muy importante conocer las grandes problem\u00e1ticas sociales que hay en Colombia&#8221;.<\/p>\n\n\n\n<p><a href=\"https:\/\/www.facebook.com\/hashtag\/fotinfo?__eep__=6&amp;__cft__[0]=AZVtHKidQRF5LVGaoJoWLFNoHjjmfyXP7A3HHKJ32dC2Vs9IB6Y_ceXQz3jRM-rI8_jpQZoElgVHHS903LxMyKwBPO9EPyatldvjjuGVcdhJ0vFWU_yqfSBLOIPZ6q4sPY5ptARdiQg_IFDrbR7Wb9hAxHoPf5ROUez5quOqsyJICQkCAAiE3_efjvHYqsdsOeKSO-JEIEfjAHomI4XrtHZh&amp;__tn__=*NK-R\">#Fotinfo<\/a>: Jorge Carmona<\/p>\n\n\n\n<figure class=\"wp-block-embed is-type-video is-provider-youtube wp-block-embed-youtube wp-embed-aspect-16-9 wp-has-aspect-ratio\"><div class=\"wp-block-embed__wrapper\">\n<iframe title=\"Detenidos de la estaci\u00f3n Santo Domingo, Medell\u00edn,  piden compasi\u00f3n y empleo para resocializarse\" width=\"1170\" height=\"658\" src=\"https:\/\/www.youtube.com\/embed\/0LwVme79TCI?feature=oembed\" frameborder=\"0\" allow=\"accelerometer; autoplay; clipboard-write; encrypted-media; gyroscope; picture-in-picture\" allowfullscreen><\/iframe>\n<\/div><\/figure>\n\n\n\n<figure class=\"wp-block-gallery has-nested-images columns-default is-cropped wp-block-gallery-1 is-layout-flex wp-block-gallery-is-layout-flex\">\n<figure class=\"wp-block-image size-large\"><img fetchpriority=\"high\" decoding=\"async\" width=\"1024\" height=\"768\" data-id=\"6814\" src=\"https:\/\/prensapaisa.com\/wp-content\/uploads\/2022\/09\/02-40-1024x768.jpg\" alt=\"\" class=\"wp-image-6814\" srcset=\"https:\/\/prensapaisa.com\/wp-content\/uploads\/2022\/09\/02-40-1024x768.jpg 1024w, https:\/\/prensapaisa.com\/wp-content\/uploads\/2022\/09\/02-40-300x225.jpg 300w, https:\/\/prensapaisa.com\/wp-content\/uploads\/2022\/09\/02-40-768x576.jpg 768w, https:\/\/prensapaisa.com\/wp-content\/uploads\/2022\/09\/02-40-585x439.jpg 585w, https:\/\/prensapaisa.com\/wp-content\/uploads\/2022\/09\/02-40.jpg 1080w\" sizes=\"(max-width: 1024px) 100vw, 1024px\" \/><\/figure>\n\n\n\n<figure class=\"wp-block-image size-large\"><img decoding=\"async\" width=\"1024\" height=\"768\" data-id=\"6820\" src=\"https:\/\/prensapaisa.com\/wp-content\/uploads\/2022\/09\/2-30-1024x768.jpg\" alt=\"\" class=\"wp-image-6820\" srcset=\"https:\/\/prensapaisa.com\/wp-content\/uploads\/2022\/09\/2-30-1024x768.jpg 1024w, https:\/\/prensapaisa.com\/wp-content\/uploads\/2022\/09\/2-30-300x225.jpg 300w, https:\/\/prensapaisa.com\/wp-content\/uploads\/2022\/09\/2-30-768x576.jpg 768w, https:\/\/prensapaisa.com\/wp-content\/uploads\/2022\/09\/2-30-585x439.jpg 585w, https:\/\/prensapaisa.com\/wp-content\/uploads\/2022\/09\/2-30.jpg 1080w\" sizes=\"(max-width: 1024px) 100vw, 1024px\" \/><\/figure>\n\n\n\n<figure class=\"wp-block-image size-large\"><img decoding=\"async\" width=\"768\" height=\"1024\" data-id=\"6821\" src=\"https:\/\/prensapaisa.com\/wp-content\/uploads\/2022\/09\/03-28-768x1024.jpg\" alt=\"\" class=\"wp-image-6821\" srcset=\"https:\/\/prensapaisa.com\/wp-content\/uploads\/2022\/09\/03-28-768x1024.jpg 768w, https:\/\/prensapaisa.com\/wp-content\/uploads\/2022\/09\/03-28-225x300.jpg 225w, https:\/\/prensapaisa.com\/wp-content\/uploads\/2022\/09\/03-28-585x780.jpg 585w, https:\/\/prensapaisa.com\/wp-content\/uploads\/2022\/09\/03-28.jpg 960w\" sizes=\"(max-width: 768px) 100vw, 768px\" \/><\/figure>\n\n\n\n<figure class=\"wp-block-image size-large\"><img loading=\"lazy\" decoding=\"async\" width=\"1024\" height=\"768\" data-id=\"6819\" src=\"https:\/\/prensapaisa.com\/wp-content\/uploads\/2022\/09\/3-21-1024x768.jpg\" alt=\"\" class=\"wp-image-6819\" srcset=\"https:\/\/prensapaisa.com\/wp-content\/uploads\/2022\/09\/3-21-1024x768.jpg 1024w, https:\/\/prensapaisa.com\/wp-content\/uploads\/2022\/09\/3-21-300x225.jpg 300w, https:\/\/prensapaisa.com\/wp-content\/uploads\/2022\/09\/3-21-768x576.jpg 768w, https:\/\/prensapaisa.com\/wp-content\/uploads\/2022\/09\/3-21-585x439.jpg 585w, https:\/\/prensapaisa.com\/wp-content\/uploads\/2022\/09\/3-21.jpg 1080w\" sizes=\"(max-width: 1024px) 100vw, 1024px\" \/><\/figure>\n\n\n\n<figure class=\"wp-block-image size-large\"><img loading=\"lazy\" decoding=\"async\" width=\"1024\" height=\"768\" data-id=\"6817\" src=\"https:\/\/prensapaisa.com\/wp-content\/uploads\/2022\/09\/4-15-1024x768.jpg\" alt=\"\" class=\"wp-image-6817\" srcset=\"https:\/\/prensapaisa.com\/wp-content\/uploads\/2022\/09\/4-15-1024x768.jpg 1024w, https:\/\/prensapaisa.com\/wp-content\/uploads\/2022\/09\/4-15-300x225.jpg 300w, https:\/\/prensapaisa.com\/wp-content\/uploads\/2022\/09\/4-15-768x576.jpg 768w, https:\/\/prensapaisa.com\/wp-content\/uploads\/2022\/09\/4-15-585x439.jpg 585w, https:\/\/prensapaisa.com\/wp-content\/uploads\/2022\/09\/4-15.jpg 1080w\" sizes=\"(max-width: 1024px) 100vw, 1024px\" \/><\/figure>\n\n\n\n<figure class=\"wp-block-image size-large\"><img loading=\"lazy\" decoding=\"async\" width=\"768\" height=\"1024\" data-id=\"6816\" src=\"https:\/\/prensapaisa.com\/wp-content\/uploads\/2022\/09\/5-6-768x1024.jpg\" alt=\"\" class=\"wp-image-6816\" srcset=\"https:\/\/prensapaisa.com\/wp-content\/uploads\/2022\/09\/5-6-768x1024.jpg 768w, https:\/\/prensapaisa.com\/wp-content\/uploads\/2022\/09\/5-6-225x300.jpg 225w, https:\/\/prensapaisa.com\/wp-content\/uploads\/2022\/09\/5-6-585x780.jpg 585w, https:\/\/prensapaisa.com\/wp-content\/uploads\/2022\/09\/5-6.jpg 960w\" sizes=\"(max-width: 768px) 100vw, 768px\" \/><\/figure>\n\n\n\n<figure class=\"wp-block-image size-large\"><img loading=\"lazy\" decoding=\"async\" width=\"1024\" height=\"768\" data-id=\"6818\" src=\"https:\/\/prensapaisa.com\/wp-content\/uploads\/2022\/09\/6-4-1024x768.jpg\" alt=\"\" class=\"wp-image-6818\" srcset=\"https:\/\/prensapaisa.com\/wp-content\/uploads\/2022\/09\/6-4-1024x768.jpg 1024w, https:\/\/prensapaisa.com\/wp-content\/uploads\/2022\/09\/6-4-300x225.jpg 300w, https:\/\/prensapaisa.com\/wp-content\/uploads\/2022\/09\/6-4-768x576.jpg 768w, https:\/\/prensapaisa.com\/wp-content\/uploads\/2022\/09\/6-4-585x439.jpg 585w, https:\/\/prensapaisa.com\/wp-content\/uploads\/2022\/09\/6-4.jpg 1080w\" sizes=\"(max-width: 1024px) 100vw, 1024px\" \/><\/figure>\n\n\n\n<figure class=\"wp-block-image size-large\"><img loading=\"lazy\" decoding=\"async\" width=\"1024\" height=\"576\" data-id=\"6815\" src=\"https:\/\/prensapaisa.com\/wp-content\/uploads\/2022\/09\/7-2-1024x576.jpg\" alt=\"\" class=\"wp-image-6815\" srcset=\"https:\/\/prensapaisa.com\/wp-content\/uploads\/2022\/09\/7-2-1024x576.jpg 1024w, https:\/\/prensapaisa.com\/wp-content\/uploads\/2022\/09\/7-2-300x169.jpg 300w, https:\/\/prensapaisa.com\/wp-content\/uploads\/2022\/09\/7-2-768x432.jpg 768w, https:\/\/prensapaisa.com\/wp-content\/uploads\/2022\/09\/7-2-585x329.jpg 585w, https:\/\/prensapaisa.com\/wp-content\/uploads\/2022\/09\/7-2.jpg 1080w\" sizes=\"(max-width: 1024px) 100vw, 1024px\" \/><\/figure>\n<\/figure>\n","protected":false},"excerpt":{"rendered":"<p>Presos paisas piden mejores condiciones en las c\u00e1rceles porque la comida llega vencida, fr\u00eda, es muy poca y con mal sabor. Adem\u00e1s, explicaron que duermen unos, sobre los otros porque&hellip;<\/p>\n","protected":false},"author":1,"featured_media":6813,"comment_status":"open","ping_status":"open","sticky":false,"template":"","format":"standard","meta":{"footnotes":""},"categories":[1],"tags":[],"class_list":["post-6810","post","type-post","status-publish","format-standard","has-post-thumbnail","hentry","category-noticias"],"yoast_head":"<!-- This site is optimized with the Yoast SEO plugin v27.4 - https:\/\/yoast.com\/product\/yoast-seo-wordpress\/ -->\n<title>Detenidos de la estaci\u00f3n Santo Domingo, Medell\u00edn, piden compasi\u00f3n y empleo para resocializarse - PRENSA PAISA<\/title>\n<meta name=\"robots\" content=\"index, follow, max-snippet:-1, max-image-preview:large, max-video-preview:-1\" \/>\n<link rel=\"canonical\" href=\"https:\/\/prensapaisa.com\/index.php\/2022\/09\/13\/detenidos-de-la-estacion-santo-domingo-medellin-piden-compasion-y-empleo-para-resocializarse\/\" \/>\n<meta property=\"og:locale\" content=\"es_ES\" \/>\n<meta property=\"og:type\" content=\"article\" \/>\n<meta property=\"og:title\" content=\"Detenidos de la estaci\u00f3n Santo Domingo, Medell\u00edn, piden compasi\u00f3n y empleo para resocializarse - PRENSA PAISA\" \/>\n<meta property=\"og:description\" content=\"Presos paisas piden mejores condiciones en las c\u00e1rceles porque la comida llega vencida, fr\u00eda, es muy poca y con mal sabor. Adem\u00e1s, explicaron que duermen unos, sobre los otros porque&hellip;\" \/>\n<meta property=\"og:url\" content=\"https:\/\/prensapaisa.com\/index.php\/2022\/09\/13\/detenidos-de-la-estacion-santo-domingo-medellin-piden-compasion-y-empleo-para-resocializarse\/\" \/>\n<meta property=\"og:site_name\" content=\"PRENSA PAISA\" \/>\n<meta property=\"article:published_time\" content=\"2022-09-13T18:11:00+00:00\" \/>\n<meta property=\"article:modified_time\" content=\"2022-09-14T18:13:16+00:00\" \/>\n<meta property=\"og:image\" content=\"https:\/\/prensapaisa.com\/wp-content\/uploads\/2022\/09\/1-68.jpg\" \/>\n\t<meta property=\"og:image:width\" content=\"960\" \/>\n\t<meta property=\"og:image:height\" content=\"720\" \/>\n\t<meta property=\"og:image:type\" content=\"image\/jpeg\" \/>\n<meta name=\"author\" content=\"noticias@prensapaisa.com\" \/>\n<meta name=\"twitter:card\" content=\"summary_large_image\" \/>\n<meta name=\"twitter:label1\" content=\"Escrito por\" \/>\n\t<meta name=\"twitter:data1\" content=\"noticias@prensapaisa.com\" \/>\n\t<meta name=\"twitter:label2\" content=\"Tiempo de lectura\" \/>\n\t<meta name=\"twitter:data2\" content=\"3 minutos\" \/>\n<script type=\"application\/ld+json\" class=\"yoast-schema-graph\">{\"@context\":\"https:\\\/\\\/schema.org\",\"@graph\":[{\"@type\":\"Article\",\"@id\":\"https:\\\/\\\/prensapaisa.com\\\/index.php\\\/2022\\\/09\\\/13\\\/detenidos-de-la-estacion-santo-domingo-medellin-piden-compasion-y-empleo-para-resocializarse\\\/#article\",\"isPartOf\":{\"@id\":\"https:\\\/\\\/prensapaisa.com\\\/index.php\\\/2022\\\/09\\\/13\\\/detenidos-de-la-estacion-santo-domingo-medellin-piden-compasion-y-empleo-para-resocializarse\\\/\"},\"author\":{\"name\":\"noticias@prensapaisa.com\",\"@id\":\"https:\\\/\\\/prensapaisa.com\\\/#\\\/schema\\\/person\\\/c5899b8b285dbcd70faec88a7c1579f6\"},\"headline\":\"Detenidos de la estaci\u00f3n Santo Domingo, Medell\u00edn, piden compasi\u00f3n y empleo para resocializarse\",\"datePublished\":\"2022-09-13T18:11:00+00:00\",\"dateModified\":\"2022-09-14T18:13:16+00:00\",\"mainEntityOfPage\":{\"@id\":\"https:\\\/\\\/prensapaisa.com\\\/index.php\\\/2022\\\/09\\\/13\\\/detenidos-de-la-estacion-santo-domingo-medellin-piden-compasion-y-empleo-para-resocializarse\\\/\"},\"wordCount\":140,\"commentCount\":0,\"publisher\":{\"@id\":\"https:\\\/\\\/prensapaisa.com\\\/#organization\"},\"image\":{\"@id\":\"https:\\\/\\\/prensapaisa.com\\\/index.php\\\/2022\\\/09\\\/13\\\/detenidos-de-la-estacion-santo-domingo-medellin-piden-compasion-y-empleo-para-resocializarse\\\/#primaryimage\"},\"thumbnailUrl\":\"https:\\\/\\\/prensapaisa.com\\\/wp-content\\\/uploads\\\/2022\\\/09\\\/1-68.jpg\",\"articleSection\":[\"Noticias\"],\"inLanguage\":\"es-CO\",\"potentialAction\":[{\"@type\":\"CommentAction\",\"name\":\"Comment\",\"target\":[\"https:\\\/\\\/prensapaisa.com\\\/index.php\\\/2022\\\/09\\\/13\\\/detenidos-de-la-estacion-santo-domingo-medellin-piden-compasion-y-empleo-para-resocializarse\\\/#respond\"]}]},{\"@type\":\"WebPage\",\"@id\":\"https:\\\/\\\/prensapaisa.com\\\/index.php\\\/2022\\\/09\\\/13\\\/detenidos-de-la-estacion-santo-domingo-medellin-piden-compasion-y-empleo-para-resocializarse\\\/\",\"url\":\"https:\\\/\\\/prensapaisa.com\\\/index.php\\\/2022\\\/09\\\/13\\\/detenidos-de-la-estacion-santo-domingo-medellin-piden-compasion-y-empleo-para-resocializarse\\\/\",\"name\":\"Detenidos de la estaci\u00f3n Santo Domingo, Medell\u00edn, piden compasi\u00f3n y empleo para resocializarse - PRENSA PAISA\",\"isPartOf\":{\"@id\":\"https:\\\/\\\/prensapaisa.com\\\/#website\"},\"primaryImageOfPage\":{\"@id\":\"https:\\\/\\\/prensapaisa.com\\\/index.php\\\/2022\\\/09\\\/13\\\/detenidos-de-la-estacion-santo-domingo-medellin-piden-compasion-y-empleo-para-resocializarse\\\/#primaryimage\"},\"image\":{\"@id\":\"https:\\\/\\\/prensapaisa.com\\\/index.php\\\/2022\\\/09\\\/13\\\/detenidos-de-la-estacion-santo-domingo-medellin-piden-compasion-y-empleo-para-resocializarse\\\/#primaryimage\"},\"thumbnailUrl\":\"https:\\\/\\\/prensapaisa.com\\\/wp-content\\\/uploads\\\/2022\\\/09\\\/1-68.jpg\",\"datePublished\":\"2022-09-13T18:11:00+00:00\",\"dateModified\":\"2022-09-14T18:13:16+00:00\",\"breadcrumb\":{\"@id\":\"https:\\\/\\\/prensapaisa.com\\\/index.php\\\/2022\\\/09\\\/13\\\/detenidos-de-la-estacion-santo-domingo-medellin-piden-compasion-y-empleo-para-resocializarse\\\/#breadcrumb\"},\"inLanguage\":\"es-CO\",\"potentialAction\":[{\"@type\":\"ReadAction\",\"target\":[\"https:\\\/\\\/prensapaisa.com\\\/index.php\\\/2022\\\/09\\\/13\\\/detenidos-de-la-estacion-santo-domingo-medellin-piden-compasion-y-empleo-para-resocializarse\\\/\"]}]},{\"@type\":\"ImageObject\",\"inLanguage\":\"es-CO\",\"@id\":\"https:\\\/\\\/prensapaisa.com\\\/index.php\\\/2022\\\/09\\\/13\\\/detenidos-de-la-estacion-santo-domingo-medellin-piden-compasion-y-empleo-para-resocializarse\\\/#primaryimage\",\"url\":\"https:\\\/\\\/prensapaisa.com\\\/wp-content\\\/uploads\\\/2022\\\/09\\\/1-68.jpg\",\"contentUrl\":\"https:\\\/\\\/prensapaisa.com\\\/wp-content\\\/uploads\\\/2022\\\/09\\\/1-68.jpg\",\"width\":960,\"height\":720},{\"@type\":\"BreadcrumbList\",\"@id\":\"https:\\\/\\\/prensapaisa.com\\\/index.php\\\/2022\\\/09\\\/13\\\/detenidos-de-la-estacion-santo-domingo-medellin-piden-compasion-y-empleo-para-resocializarse\\\/#breadcrumb\",\"itemListElement\":[{\"@type\":\"ListItem\",\"position\":1,\"name\":\"Inicio\",\"item\":\"https:\\\/\\\/prensapaisa.com\\\/\"},{\"@type\":\"ListItem\",\"position\":2,\"name\":\"Detenidos de la estaci\u00f3n Santo Domingo, Medell\u00edn, piden compasi\u00f3n y empleo para resocializarse\"}]},{\"@type\":\"WebSite\",\"@id\":\"https:\\\/\\\/prensapaisa.com\\\/#website\",\"url\":\"https:\\\/\\\/prensapaisa.com\\\/\",\"name\":\"PRENSA PAISA\",\"description\":\"Prensa Paisa la Original | Noticias de Medell\u00edn, Antioquia\",\"publisher\":{\"@id\":\"https:\\\/\\\/prensapaisa.com\\\/#organization\"},\"potentialAction\":[{\"@type\":\"SearchAction\",\"target\":{\"@type\":\"EntryPoint\",\"urlTemplate\":\"https:\\\/\\\/prensapaisa.com\\\/?s={search_term_string}\"},\"query-input\":{\"@type\":\"PropertyValueSpecification\",\"valueRequired\":true,\"valueName\":\"search_term_string\"}}],\"inLanguage\":\"es-CO\"},{\"@type\":\"Organization\",\"@id\":\"https:\\\/\\\/prensapaisa.com\\\/#organization\",\"name\":\"PRENSA PAISA\",\"url\":\"https:\\\/\\\/prensapaisa.com\\\/\",\"logo\":{\"@type\":\"ImageObject\",\"inLanguage\":\"es-CO\",\"@id\":\"https:\\\/\\\/prensapaisa.com\\\/#\\\/schema\\\/logo\\\/image\\\/\",\"url\":\"https:\\\/\\\/prensapaisa.com\\\/wp-content\\\/uploads\\\/2022\\\/05\\\/cropped-cropped-prensa.png\",\"contentUrl\":\"https:\\\/\\\/prensapaisa.com\\\/wp-content\\\/uploads\\\/2022\\\/05\\\/cropped-cropped-prensa.png\",\"width\":784,\"height\":524,\"caption\":\"PRENSA PAISA\"},\"image\":{\"@id\":\"https:\\\/\\\/prensapaisa.com\\\/#\\\/schema\\\/logo\\\/image\\\/\"}},{\"@type\":\"Person\",\"@id\":\"https:\\\/\\\/prensapaisa.com\\\/#\\\/schema\\\/person\\\/c5899b8b285dbcd70faec88a7c1579f6\",\"name\":\"noticias@prensapaisa.com\",\"image\":{\"@type\":\"ImageObject\",\"inLanguage\":\"es-CO\",\"@id\":\"https:\\\/\\\/secure.gravatar.com\\\/avatar\\\/ca2b49c1df14b84557c567431f045ea69c8ea5da2da50309fd4de9b811da0433?s=96&d=mm&r=g\",\"url\":\"https:\\\/\\\/secure.gravatar.com\\\/avatar\\\/ca2b49c1df14b84557c567431f045ea69c8ea5da2da50309fd4de9b811da0433?s=96&d=mm&r=g\",\"contentUrl\":\"https:\\\/\\\/secure.gravatar.com\\\/avatar\\\/ca2b49c1df14b84557c567431f045ea69c8ea5da2da50309fd4de9b811da0433?s=96&d=mm&r=g\",\"caption\":\"noticias@prensapaisa.com\"},\"sameAs\":[\"http:\\\/\\\/prensapaisa.com\"],\"url\":\"https:\\\/\\\/prensapaisa.com\\\/index.php\\\/author\\\/prensapaisagmail-com\\\/\"}]}<\/script>\n<!-- \/ Yoast SEO plugin. -->","yoast_head_json":{"title":"Detenidos de la estaci\u00f3n Santo Domingo, Medell\u00edn, piden compasi\u00f3n y empleo para resocializarse - PRENSA PAISA","robots":{"index":"index","follow":"follow","max-snippet":"max-snippet:-1","max-image-preview":"max-image-preview:large","max-video-preview":"max-video-preview:-1"},"canonical":"https:\/\/prensapaisa.com\/index.php\/2022\/09\/13\/detenidos-de-la-estacion-santo-domingo-medellin-piden-compasion-y-empleo-para-resocializarse\/","og_locale":"es_ES","og_type":"article","og_title":"Detenidos de la estaci\u00f3n Santo Domingo, Medell\u00edn, piden compasi\u00f3n y empleo para resocializarse - PRENSA PAISA","og_description":"Presos paisas piden mejores condiciones en las c\u00e1rceles porque la comida llega vencida, fr\u00eda, es muy poca y con mal sabor. Adem\u00e1s, explicaron que duermen unos, sobre los otros porque&hellip;","og_url":"https:\/\/prensapaisa.com\/index.php\/2022\/09\/13\/detenidos-de-la-estacion-santo-domingo-medellin-piden-compasion-y-empleo-para-resocializarse\/","og_site_name":"PRENSA PAISA","article_published_time":"2022-09-13T18:11:00+00:00","article_modified_time":"2022-09-14T18:13:16+00:00","og_image":[{"width":960,"height":720,"url":"https:\/\/prensapaisa.com\/wp-content\/uploads\/2022\/09\/1-68.jpg","type":"image\/jpeg"}],"author":"noticias@prensapaisa.com","twitter_card":"summary_large_image","twitter_misc":{"Escrito por":"noticias@prensapaisa.com","Tiempo de lectura":"3 minutos"},"schema":{"@context":"https:\/\/schema.org","@graph":[{"@type":"Article","@id":"https:\/\/prensapaisa.com\/index.php\/2022\/09\/13\/detenidos-de-la-estacion-santo-domingo-medellin-piden-compasion-y-empleo-para-resocializarse\/#article","isPartOf":{"@id":"https:\/\/prensapaisa.com\/index.php\/2022\/09\/13\/detenidos-de-la-estacion-santo-domingo-medellin-piden-compasion-y-empleo-para-resocializarse\/"},"author":{"name":"noticias@prensapaisa.com","@id":"https:\/\/prensapaisa.com\/#\/schema\/person\/c5899b8b285dbcd70faec88a7c1579f6"},"headline":"Detenidos de la estaci\u00f3n Santo Domingo, Medell\u00edn, piden compasi\u00f3n y empleo para resocializarse","datePublished":"2022-09-13T18:11:00+00:00","dateModified":"2022-09-14T18:13:16+00:00","mainEntityOfPage":{"@id":"https:\/\/prensapaisa.com\/index.php\/2022\/09\/13\/detenidos-de-la-estacion-santo-domingo-medellin-piden-compasion-y-empleo-para-resocializarse\/"},"wordCount":140,"commentCount":0,"publisher":{"@id":"https:\/\/prensapaisa.com\/#organization"},"image":{"@id":"https:\/\/prensapaisa.com\/index.php\/2022\/09\/13\/detenidos-de-la-estacion-santo-domingo-medellin-piden-compasion-y-empleo-para-resocializarse\/#primaryimage"},"thumbnailUrl":"https:\/\/prensapaisa.com\/wp-content\/uploads\/2022\/09\/1-68.jpg","articleSection":["Noticias"],"inLanguage":"es-CO","potentialAction":[{"@type":"CommentAction","name":"Comment","target":["https:\/\/prensapaisa.com\/index.php\/2022\/09\/13\/detenidos-de-la-estacion-santo-domingo-medellin-piden-compasion-y-empleo-para-resocializarse\/#respond"]}]},{"@type":"WebPage","@id":"https:\/\/prensapaisa.com\/index.php\/2022\/09\/13\/detenidos-de-la-estacion-santo-domingo-medellin-piden-compasion-y-empleo-para-resocializarse\/","url":"https:\/\/prensapaisa.com\/index.php\/2022\/09\/13\/detenidos-de-la-estacion-santo-domingo-medellin-piden-compasion-y-empleo-para-resocializarse\/","name":"Detenidos de la estaci\u00f3n Santo Domingo, Medell\u00edn, piden compasi\u00f3n y empleo para resocializarse - PRENSA PAISA","isPartOf":{"@id":"https:\/\/prensapaisa.com\/#website"},"primaryImageOfPage":{"@id":"https:\/\/prensapaisa.com\/index.php\/2022\/09\/13\/detenidos-de-la-estacion-santo-domingo-medellin-piden-compasion-y-empleo-para-resocializarse\/#primaryimage"},"image":{"@id":"https:\/\/prensapaisa.com\/index.php\/2022\/09\/13\/detenidos-de-la-estacion-santo-domingo-medellin-piden-compasion-y-empleo-para-resocializarse\/#primaryimage"},"thumbnailUrl":"https:\/\/prensapaisa.com\/wp-content\/uploads\/2022\/09\/1-68.jpg","datePublished":"2022-09-13T18:11:00+00:00","dateModified":"2022-09-14T18:13:16+00:00","breadcrumb":{"@id":"https:\/\/prensapaisa.com\/index.php\/2022\/09\/13\/detenidos-de-la-estacion-santo-domingo-medellin-piden-compasion-y-empleo-para-resocializarse\/#breadcrumb"},"inLanguage":"es-CO","potentialAction":[{"@type":"ReadAction","target":["https:\/\/prensapaisa.com\/index.php\/2022\/09\/13\/detenidos-de-la-estacion-santo-domingo-medellin-piden-compasion-y-empleo-para-resocializarse\/"]}]},{"@type":"ImageObject","inLanguage":"es-CO","@id":"https:\/\/prensapaisa.com\/index.php\/2022\/09\/13\/detenidos-de-la-estacion-santo-domingo-medellin-piden-compasion-y-empleo-para-resocializarse\/#primaryimage","url":"https:\/\/prensapaisa.com\/wp-content\/uploads\/2022\/09\/1-68.jpg","contentUrl":"https:\/\/prensapaisa.com\/wp-content\/uploads\/2022\/09\/1-68.jpg","width":960,"height":720},{"@type":"BreadcrumbList","@id":"https:\/\/prensapaisa.com\/index.php\/2022\/09\/13\/detenidos-de-la-estacion-santo-domingo-medellin-piden-compasion-y-empleo-para-resocializarse\/#breadcrumb","itemListElement":[{"@type":"ListItem","position":1,"name":"Inicio","item":"https:\/\/prensapaisa.com\/"},{"@type":"ListItem","position":2,"name":"Detenidos de la estaci\u00f3n Santo Domingo, Medell\u00edn, piden compasi\u00f3n y empleo para resocializarse"}]},{"@type":"WebSite","@id":"https:\/\/prensapaisa.com\/#website","url":"https:\/\/prensapaisa.com\/","name":"PRENSA PAISA","description":"Prensa Paisa la Original | Noticias de Medell\u00edn, Antioquia","publisher":{"@id":"https:\/\/prensapaisa.com\/#organization"},"potentialAction":[{"@type":"SearchAction","target":{"@type":"EntryPoint","urlTemplate":"https:\/\/prensapaisa.com\/?s={search_term_string}"},"query-input":{"@type":"PropertyValueSpecification","valueRequired":true,"valueName":"search_term_string"}}],"inLanguage":"es-CO"},{"@type":"Organization","@id":"https:\/\/prensapaisa.com\/#organization","name":"PRENSA PAISA","url":"https:\/\/prensapaisa.com\/","logo":{"@type":"ImageObject","inLanguage":"es-CO","@id":"https:\/\/prensapaisa.com\/#\/schema\/logo\/image\/","url":"https:\/\/prensapaisa.com\/wp-content\/uploads\/2022\/05\/cropped-cropped-prensa.png","contentUrl":"https:\/\/prensapaisa.com\/wp-content\/uploads\/2022\/05\/cropped-cropped-prensa.png","width":784,"height":524,"caption":"PRENSA PAISA"},"image":{"@id":"https:\/\/prensapaisa.com\/#\/schema\/logo\/image\/"}},{"@type":"Person","@id":"https:\/\/prensapaisa.com\/#\/schema\/person\/c5899b8b285dbcd70faec88a7c1579f6","name":"noticias@prensapaisa.com","image":{"@type":"ImageObject","inLanguage":"es-CO","@id":"https:\/\/secure.gravatar.com\/avatar\/ca2b49c1df14b84557c567431f045ea69c8ea5da2da50309fd4de9b811da0433?s=96&d=mm&r=g","url":"https:\/\/secure.gravatar.com\/avatar\/ca2b49c1df14b84557c567431f045ea69c8ea5da2da50309fd4de9b811da0433?s=96&d=mm&r=g","contentUrl":"https:\/\/secure.gravatar.com\/avatar\/ca2b49c1df14b84557c567431f045ea69c8ea5da2da50309fd4de9b811da0433?s=96&d=mm&r=g","caption":"noticias@prensapaisa.com"},"sameAs":["http:\/\/prensapaisa.com"],"url":"https:\/\/prensapaisa.com\/index.php\/author\/prensapaisagmail-com\/"}]}},"_links":{"self":[{"href":"https:\/\/prensapaisa.com\/index.php\/wp-json\/wp\/v2\/posts\/6810","targetHints":{"allow":["GET"]}}],"collection":[{"href":"https:\/\/prensapaisa.com\/index.php\/wp-json\/wp\/v2\/posts"}],"about":[{"href":"https:\/\/prensapaisa.com\/index.php\/wp-json\/wp\/v2\/types\/post"}],"author":[{"embeddable":true,"href":"https:\/\/prensapaisa.com\/index.php\/wp-json\/wp\/v2\/users\/1"}],"replies":[{"embeddable":true,"href":"https:\/\/prensapaisa.com\/index.php\/wp-json\/wp\/v2\/comments?post=6810"}],"version-history":[{"count":2,"href":"https:\/\/prensapaisa.com\/index.php\/wp-json\/wp\/v2\/posts\/6810\/revisions"}],"predecessor-version":[{"id":6822,"href":"https:\/\/prensapaisa.com\/index.php\/wp-json\/wp\/v2\/posts\/6810\/revisions\/6822"}],"wp:featuredmedia":[{"embeddable":true,"href":"https:\/\/prensapaisa.com\/index.php\/wp-json\/wp\/v2\/media\/6813"}],"wp:attachment":[{"href":"https:\/\/prensapaisa.com\/index.php\/wp-json\/wp\/v2\/media?parent=6810"}],"wp:term":[{"taxonomy":"category","embeddable":true,"href":"https:\/\/prensapaisa.com\/index.php\/wp-json\/wp\/v2\/categories?post=6810"},{"taxonomy":"post_tag","embeddable":true,"href":"https:\/\/prensapaisa.com\/index.php\/wp-json\/wp\/v2\/tags?post=6810"}],"curies":[{"name":"wp","href":"https:\/\/api.w.org\/{rel}","templated":true}]}}