{"id":6566,"date":"2022-09-03T16:12:00","date_gmt":"2022-09-03T21:12:00","guid":{"rendered":"https:\/\/prensapaisa.com\/?p=6566"},"modified":"2022-09-04T16:12:34","modified_gmt":"2022-09-04T21:12:34","slug":"dos-jovenes-fueron-encontrados-sin-vida-en-la-maleta-de-un-carro","status":"publish","type":"post","link":"https:\/\/prensapaisa.com\/index.php\/2022\/09\/03\/dos-jovenes-fueron-encontrados-sin-vida-en-la-maleta-de-un-carro\/","title":{"rendered":"Dos j\u00f3venes fueron encontrados sin vida en la maleta de un carro"},"content":{"rendered":"\n<p>Familiares y amigos le hacen luto a Alejandro Gonz\u00e1lez, de 22 a\u00f1os, quien fue encontrado sin vida junto con un amigo al interior de un veh\u00edculo Chevrolet Optra que estaba estacionado desde hace tres d\u00edas en el municipio de San Carlos, en la vereda El Choc\u00f3.<\/p>\n\n\n\n<p>Sus parientes aseguraron que el chico no ten\u00eda problemas o amenazas y era muy buena persona.<\/p>\n\n\n\n<p>Las autoridades investigan, paso a paso, los hechos y tratan de identificar a la otra v\u00edctima y verifican las causas del doble homicidio.<\/p>\n\n\n\n<figure class=\"wp-block-gallery has-nested-images columns-default is-cropped wp-block-gallery-1 is-layout-flex wp-block-gallery-is-layout-flex\">\n<figure class=\"wp-block-image size-large\"><img fetchpriority=\"high\" decoding=\"async\" width=\"704\" height=\"960\" data-id=\"6569\" src=\"https:\/\/prensapaisa.com\/wp-content\/uploads\/2022\/09\/1-22.jpg\" alt=\"\" class=\"wp-image-6569\" srcset=\"https:\/\/prensapaisa.com\/wp-content\/uploads\/2022\/09\/1-22.jpg 704w, https:\/\/prensapaisa.com\/wp-content\/uploads\/2022\/09\/1-22-220x300.jpg 220w, https:\/\/prensapaisa.com\/wp-content\/uploads\/2022\/09\/1-22-585x798.jpg 585w\" sizes=\"(max-width: 704px) 100vw, 704px\" \/><\/figure>\n\n\n\n<figure class=\"wp-block-image size-large\"><img decoding=\"async\" width=\"1024\" height=\"970\" data-id=\"6571\" src=\"https:\/\/prensapaisa.com\/wp-content\/uploads\/2022\/09\/02-14-1024x970.jpg\" alt=\"\" class=\"wp-image-6571\" srcset=\"https:\/\/prensapaisa.com\/wp-content\/uploads\/2022\/09\/02-14-1024x970.jpg 1024w, https:\/\/prensapaisa.com\/wp-content\/uploads\/2022\/09\/02-14-300x284.jpg 300w, https:\/\/prensapaisa.com\/wp-content\/uploads\/2022\/09\/02-14-768x727.jpg 768w, https:\/\/prensapaisa.com\/wp-content\/uploads\/2022\/09\/02-14-585x554.jpg 585w, https:\/\/prensapaisa.com\/wp-content\/uploads\/2022\/09\/02-14.jpg 1080w\" sizes=\"(max-width: 1024px) 100vw, 1024px\" \/><\/figure>\n\n\n\n<figure class=\"wp-block-image size-large\"><img decoding=\"async\" width=\"1024\" height=\"953\" data-id=\"6568\" src=\"https:\/\/prensapaisa.com\/wp-content\/uploads\/2022\/09\/2-10-1024x953.jpg\" alt=\"\" class=\"wp-image-6568\" srcset=\"https:\/\/prensapaisa.com\/wp-content\/uploads\/2022\/09\/2-10-1024x953.jpg 1024w, https:\/\/prensapaisa.com\/wp-content\/uploads\/2022\/09\/2-10-300x279.jpg 300w, https:\/\/prensapaisa.com\/wp-content\/uploads\/2022\/09\/2-10-768x715.jpg 768w, https:\/\/prensapaisa.com\/wp-content\/uploads\/2022\/09\/2-10-585x544.jpg 585w, https:\/\/prensapaisa.com\/wp-content\/uploads\/2022\/09\/2-10.jpg 1080w\" sizes=\"(max-width: 1024px) 100vw, 1024px\" \/><\/figure>\n\n\n\n<figure class=\"wp-block-image size-large\"><img loading=\"lazy\" decoding=\"async\" width=\"1024\" height=\"930\" data-id=\"6572\" src=\"https:\/\/prensapaisa.com\/wp-content\/uploads\/2022\/09\/3-7-1024x930.jpg\" alt=\"\" class=\"wp-image-6572\" srcset=\"https:\/\/prensapaisa.com\/wp-content\/uploads\/2022\/09\/3-7-1024x930.jpg 1024w, https:\/\/prensapaisa.com\/wp-content\/uploads\/2022\/09\/3-7-300x273.jpg 300w, https:\/\/prensapaisa.com\/wp-content\/uploads\/2022\/09\/3-7-768x698.jpg 768w, https:\/\/prensapaisa.com\/wp-content\/uploads\/2022\/09\/3-7-585x531.jpg 585w, https:\/\/prensapaisa.com\/wp-content\/uploads\/2022\/09\/3-7.jpg 1080w\" sizes=\"(max-width: 1024px) 100vw, 1024px\" \/><\/figure>\n\n\n\n<figure class=\"wp-block-image size-large\"><img loading=\"lazy\" decoding=\"async\" width=\"1024\" height=\"849\" data-id=\"6570\" src=\"https:\/\/prensapaisa.com\/wp-content\/uploads\/2022\/09\/4-5-1024x849.jpg\" alt=\"\" class=\"wp-image-6570\" srcset=\"https:\/\/prensapaisa.com\/wp-content\/uploads\/2022\/09\/4-5-1024x849.jpg 1024w, https:\/\/prensapaisa.com\/wp-content\/uploads\/2022\/09\/4-5-300x249.jpg 300w, https:\/\/prensapaisa.com\/wp-content\/uploads\/2022\/09\/4-5-768x636.jpg 768w, https:\/\/prensapaisa.com\/wp-content\/uploads\/2022\/09\/4-5-585x485.jpg 585w, https:\/\/prensapaisa.com\/wp-content\/uploads\/2022\/09\/4-5.jpg 1080w\" sizes=\"(max-width: 1024px) 100vw, 1024px\" \/><\/figure>\n<\/figure>\n","protected":false},"excerpt":{"rendered":"<p>Familiares y amigos le hacen luto a Alejandro Gonz\u00e1lez, de 22 a\u00f1os, quien fue encontrado sin vida junto con un amigo al interior de un veh\u00edculo Chevrolet Optra que estaba&hellip;<\/p>\n","protected":false},"author":1,"featured_media":6567,"comment_status":"open","ping_status":"open","sticky":false,"template":"","format":"standard","meta":{"footnotes":""},"categories":[43,1],"tags":[],"class_list":["post-6566","post","type-post","status-publish","format-standard","has-post-thumbnail","hentry","category-fallecidos","category-noticias"],"yoast_head":"<!-- This site is optimized with the Yoast SEO plugin v27.4 - https:\/\/yoast.com\/product\/yoast-seo-wordpress\/ -->\n<title>Dos j\u00f3venes fueron encontrados sin vida en la maleta de un carro - PRENSA PAISA<\/title>\n<meta name=\"robots\" content=\"index, follow, max-snippet:-1, max-image-preview:large, max-video-preview:-1\" \/>\n<link rel=\"canonical\" href=\"https:\/\/prensapaisa.com\/index.php\/2022\/09\/03\/dos-jovenes-fueron-encontrados-sin-vida-en-la-maleta-de-un-carro\/\" \/>\n<meta property=\"og:locale\" content=\"es_ES\" \/>\n<meta property=\"og:type\" content=\"article\" \/>\n<meta property=\"og:title\" content=\"Dos j\u00f3venes fueron encontrados sin vida en la maleta de un carro - PRENSA PAISA\" \/>\n<meta property=\"og:description\" content=\"Familiares y amigos le hacen luto a Alejandro Gonz\u00e1lez, de 22 a\u00f1os, quien fue encontrado sin vida junto con un amigo al interior de un veh\u00edculo Chevrolet Optra que estaba&hellip;\" \/>\n<meta property=\"og:url\" content=\"https:\/\/prensapaisa.com\/index.php\/2022\/09\/03\/dos-jovenes-fueron-encontrados-sin-vida-en-la-maleta-de-un-carro\/\" \/>\n<meta property=\"og:site_name\" content=\"PRENSA PAISA\" \/>\n<meta property=\"article:published_time\" content=\"2022-09-03T21:12:00+00:00\" \/>\n<meta property=\"article:modified_time\" content=\"2022-09-04T21:12:34+00:00\" \/>\n<meta property=\"og:image\" content=\"https:\/\/prensapaisa.com\/wp-content\/uploads\/2022\/09\/03-7.jpg\" \/>\n\t<meta property=\"og:image:width\" content=\"1080\" \/>\n\t<meta property=\"og:image:height\" content=\"787\" \/>\n\t<meta property=\"og:image:type\" content=\"image\/jpeg\" \/>\n<meta name=\"author\" content=\"noticias@prensapaisa.com\" \/>\n<meta name=\"twitter:card\" content=\"summary_large_image\" \/>\n<meta name=\"twitter:label1\" content=\"Escrito por\" \/>\n\t<meta name=\"twitter:data1\" content=\"noticias@prensapaisa.com\" \/>\n\t<meta name=\"twitter:label2\" content=\"Tiempo de lectura\" \/>\n\t<meta name=\"twitter:data2\" content=\"2 minutos\" \/>\n<script type=\"application\/ld+json\" class=\"yoast-schema-graph\">{\"@context\":\"https:\\\/\\\/schema.org\",\"@graph\":[{\"@type\":\"Article\",\"@id\":\"https:\\\/\\\/prensapaisa.com\\\/index.php\\\/2022\\\/09\\\/03\\\/dos-jovenes-fueron-encontrados-sin-vida-en-la-maleta-de-un-carro\\\/#article\",\"isPartOf\":{\"@id\":\"https:\\\/\\\/prensapaisa.com\\\/index.php\\\/2022\\\/09\\\/03\\\/dos-jovenes-fueron-encontrados-sin-vida-en-la-maleta-de-un-carro\\\/\"},\"author\":{\"name\":\"noticias@prensapaisa.com\",\"@id\":\"https:\\\/\\\/prensapaisa.com\\\/#\\\/schema\\\/person\\\/c5899b8b285dbcd70faec88a7c1579f6\"},\"headline\":\"Dos j\u00f3venes fueron encontrados sin vida en la maleta de un carro\",\"datePublished\":\"2022-09-03T21:12:00+00:00\",\"dateModified\":\"2022-09-04T21:12:34+00:00\",\"mainEntityOfPage\":{\"@id\":\"https:\\\/\\\/prensapaisa.com\\\/index.php\\\/2022\\\/09\\\/03\\\/dos-jovenes-fueron-encontrados-sin-vida-en-la-maleta-de-un-carro\\\/\"},\"wordCount\":103,\"commentCount\":0,\"publisher\":{\"@id\":\"https:\\\/\\\/prensapaisa.com\\\/#organization\"},\"image\":{\"@id\":\"https:\\\/\\\/prensapaisa.com\\\/index.php\\\/2022\\\/09\\\/03\\\/dos-jovenes-fueron-encontrados-sin-vida-en-la-maleta-de-un-carro\\\/#primaryimage\"},\"thumbnailUrl\":\"https:\\\/\\\/prensapaisa.com\\\/wp-content\\\/uploads\\\/2022\\\/09\\\/03-7.jpg\",\"articleSection\":[\"Fallecidos\",\"Noticias\"],\"inLanguage\":\"es-CO\",\"potentialAction\":[{\"@type\":\"CommentAction\",\"name\":\"Comment\",\"target\":[\"https:\\\/\\\/prensapaisa.com\\\/index.php\\\/2022\\\/09\\\/03\\\/dos-jovenes-fueron-encontrados-sin-vida-en-la-maleta-de-un-carro\\\/#respond\"]}]},{\"@type\":\"WebPage\",\"@id\":\"https:\\\/\\\/prensapaisa.com\\\/index.php\\\/2022\\\/09\\\/03\\\/dos-jovenes-fueron-encontrados-sin-vida-en-la-maleta-de-un-carro\\\/\",\"url\":\"https:\\\/\\\/prensapaisa.com\\\/index.php\\\/2022\\\/09\\\/03\\\/dos-jovenes-fueron-encontrados-sin-vida-en-la-maleta-de-un-carro\\\/\",\"name\":\"Dos j\u00f3venes fueron encontrados sin vida en la maleta de un carro - PRENSA PAISA\",\"isPartOf\":{\"@id\":\"https:\\\/\\\/prensapaisa.com\\\/#website\"},\"primaryImageOfPage\":{\"@id\":\"https:\\\/\\\/prensapaisa.com\\\/index.php\\\/2022\\\/09\\\/03\\\/dos-jovenes-fueron-encontrados-sin-vida-en-la-maleta-de-un-carro\\\/#primaryimage\"},\"image\":{\"@id\":\"https:\\\/\\\/prensapaisa.com\\\/index.php\\\/2022\\\/09\\\/03\\\/dos-jovenes-fueron-encontrados-sin-vida-en-la-maleta-de-un-carro\\\/#primaryimage\"},\"thumbnailUrl\":\"https:\\\/\\\/prensapaisa.com\\\/wp-content\\\/uploads\\\/2022\\\/09\\\/03-7.jpg\",\"datePublished\":\"2022-09-03T21:12:00+00:00\",\"dateModified\":\"2022-09-04T21:12:34+00:00\",\"breadcrumb\":{\"@id\":\"https:\\\/\\\/prensapaisa.com\\\/index.php\\\/2022\\\/09\\\/03\\\/dos-jovenes-fueron-encontrados-sin-vida-en-la-maleta-de-un-carro\\\/#breadcrumb\"},\"inLanguage\":\"es-CO\",\"potentialAction\":[{\"@type\":\"ReadAction\",\"target\":[\"https:\\\/\\\/prensapaisa.com\\\/index.php\\\/2022\\\/09\\\/03\\\/dos-jovenes-fueron-encontrados-sin-vida-en-la-maleta-de-un-carro\\\/\"]}]},{\"@type\":\"ImageObject\",\"inLanguage\":\"es-CO\",\"@id\":\"https:\\\/\\\/prensapaisa.com\\\/index.php\\\/2022\\\/09\\\/03\\\/dos-jovenes-fueron-encontrados-sin-vida-en-la-maleta-de-un-carro\\\/#primaryimage\",\"url\":\"https:\\\/\\\/prensapaisa.com\\\/wp-content\\\/uploads\\\/2022\\\/09\\\/03-7.jpg\",\"contentUrl\":\"https:\\\/\\\/prensapaisa.com\\\/wp-content\\\/uploads\\\/2022\\\/09\\\/03-7.jpg\",\"width\":1080,\"height\":787},{\"@type\":\"BreadcrumbList\",\"@id\":\"https:\\\/\\\/prensapaisa.com\\\/index.php\\\/2022\\\/09\\\/03\\\/dos-jovenes-fueron-encontrados-sin-vida-en-la-maleta-de-un-carro\\\/#breadcrumb\",\"itemListElement\":[{\"@type\":\"ListItem\",\"position\":1,\"name\":\"Inicio\",\"item\":\"https:\\\/\\\/prensapaisa.com\\\/\"},{\"@type\":\"ListItem\",\"position\":2,\"name\":\"Dos j\u00f3venes fueron encontrados sin vida en la maleta de un carro\"}]},{\"@type\":\"WebSite\",\"@id\":\"https:\\\/\\\/prensapaisa.com\\\/#website\",\"url\":\"https:\\\/\\\/prensapaisa.com\\\/\",\"name\":\"PRENSA PAISA\",\"description\":\"Prensa Paisa la Original | Noticias de Medell\u00edn, Antioquia\",\"publisher\":{\"@id\":\"https:\\\/\\\/prensapaisa.com\\\/#organization\"},\"potentialAction\":[{\"@type\":\"SearchAction\",\"target\":{\"@type\":\"EntryPoint\",\"urlTemplate\":\"https:\\\/\\\/prensapaisa.com\\\/?s={search_term_string}\"},\"query-input\":{\"@type\":\"PropertyValueSpecification\",\"valueRequired\":true,\"valueName\":\"search_term_string\"}}],\"inLanguage\":\"es-CO\"},{\"@type\":\"Organization\",\"@id\":\"https:\\\/\\\/prensapaisa.com\\\/#organization\",\"name\":\"PRENSA PAISA\",\"url\":\"https:\\\/\\\/prensapaisa.com\\\/\",\"logo\":{\"@type\":\"ImageObject\",\"inLanguage\":\"es-CO\",\"@id\":\"https:\\\/\\\/prensapaisa.com\\\/#\\\/schema\\\/logo\\\/image\\\/\",\"url\":\"https:\\\/\\\/prensapaisa.com\\\/wp-content\\\/uploads\\\/2022\\\/05\\\/cropped-cropped-prensa.png\",\"contentUrl\":\"https:\\\/\\\/prensapaisa.com\\\/wp-content\\\/uploads\\\/2022\\\/05\\\/cropped-cropped-prensa.png\",\"width\":784,\"height\":524,\"caption\":\"PRENSA PAISA\"},\"image\":{\"@id\":\"https:\\\/\\\/prensapaisa.com\\\/#\\\/schema\\\/logo\\\/image\\\/\"}},{\"@type\":\"Person\",\"@id\":\"https:\\\/\\\/prensapaisa.com\\\/#\\\/schema\\\/person\\\/c5899b8b285dbcd70faec88a7c1579f6\",\"name\":\"noticias@prensapaisa.com\",\"image\":{\"@type\":\"ImageObject\",\"inLanguage\":\"es-CO\",\"@id\":\"https:\\\/\\\/secure.gravatar.com\\\/avatar\\\/ca2b49c1df14b84557c567431f045ea69c8ea5da2da50309fd4de9b811da0433?s=96&d=mm&r=g\",\"url\":\"https:\\\/\\\/secure.gravatar.com\\\/avatar\\\/ca2b49c1df14b84557c567431f045ea69c8ea5da2da50309fd4de9b811da0433?s=96&d=mm&r=g\",\"contentUrl\":\"https:\\\/\\\/secure.gravatar.com\\\/avatar\\\/ca2b49c1df14b84557c567431f045ea69c8ea5da2da50309fd4de9b811da0433?s=96&d=mm&r=g\",\"caption\":\"noticias@prensapaisa.com\"},\"sameAs\":[\"http:\\\/\\\/prensapaisa.com\"],\"url\":\"https:\\\/\\\/prensapaisa.com\\\/index.php\\\/author\\\/prensapaisagmail-com\\\/\"}]}<\/script>\n<!-- \/ Yoast SEO plugin. -->","yoast_head_json":{"title":"Dos j\u00f3venes fueron encontrados sin vida en la maleta de un carro - PRENSA PAISA","robots":{"index":"index","follow":"follow","max-snippet":"max-snippet:-1","max-image-preview":"max-image-preview:large","max-video-preview":"max-video-preview:-1"},"canonical":"https:\/\/prensapaisa.com\/index.php\/2022\/09\/03\/dos-jovenes-fueron-encontrados-sin-vida-en-la-maleta-de-un-carro\/","og_locale":"es_ES","og_type":"article","og_title":"Dos j\u00f3venes fueron encontrados sin vida en la maleta de un carro - PRENSA PAISA","og_description":"Familiares y amigos le hacen luto a Alejandro Gonz\u00e1lez, de 22 a\u00f1os, quien fue encontrado sin vida junto con un amigo al interior de un veh\u00edculo Chevrolet Optra que estaba&hellip;","og_url":"https:\/\/prensapaisa.com\/index.php\/2022\/09\/03\/dos-jovenes-fueron-encontrados-sin-vida-en-la-maleta-de-un-carro\/","og_site_name":"PRENSA PAISA","article_published_time":"2022-09-03T21:12:00+00:00","article_modified_time":"2022-09-04T21:12:34+00:00","og_image":[{"width":1080,"height":787,"url":"https:\/\/prensapaisa.com\/wp-content\/uploads\/2022\/09\/03-7.jpg","type":"image\/jpeg"}],"author":"noticias@prensapaisa.com","twitter_card":"summary_large_image","twitter_misc":{"Escrito por":"noticias@prensapaisa.com","Tiempo de lectura":"2 minutos"},"schema":{"@context":"https:\/\/schema.org","@graph":[{"@type":"Article","@id":"https:\/\/prensapaisa.com\/index.php\/2022\/09\/03\/dos-jovenes-fueron-encontrados-sin-vida-en-la-maleta-de-un-carro\/#article","isPartOf":{"@id":"https:\/\/prensapaisa.com\/index.php\/2022\/09\/03\/dos-jovenes-fueron-encontrados-sin-vida-en-la-maleta-de-un-carro\/"},"author":{"name":"noticias@prensapaisa.com","@id":"https:\/\/prensapaisa.com\/#\/schema\/person\/c5899b8b285dbcd70faec88a7c1579f6"},"headline":"Dos j\u00f3venes fueron encontrados sin vida en la maleta de un carro","datePublished":"2022-09-03T21:12:00+00:00","dateModified":"2022-09-04T21:12:34+00:00","mainEntityOfPage":{"@id":"https:\/\/prensapaisa.com\/index.php\/2022\/09\/03\/dos-jovenes-fueron-encontrados-sin-vida-en-la-maleta-de-un-carro\/"},"wordCount":103,"commentCount":0,"publisher":{"@id":"https:\/\/prensapaisa.com\/#organization"},"image":{"@id":"https:\/\/prensapaisa.com\/index.php\/2022\/09\/03\/dos-jovenes-fueron-encontrados-sin-vida-en-la-maleta-de-un-carro\/#primaryimage"},"thumbnailUrl":"https:\/\/prensapaisa.com\/wp-content\/uploads\/2022\/09\/03-7.jpg","articleSection":["Fallecidos","Noticias"],"inLanguage":"es-CO","potentialAction":[{"@type":"CommentAction","name":"Comment","target":["https:\/\/prensapaisa.com\/index.php\/2022\/09\/03\/dos-jovenes-fueron-encontrados-sin-vida-en-la-maleta-de-un-carro\/#respond"]}]},{"@type":"WebPage","@id":"https:\/\/prensapaisa.com\/index.php\/2022\/09\/03\/dos-jovenes-fueron-encontrados-sin-vida-en-la-maleta-de-un-carro\/","url":"https:\/\/prensapaisa.com\/index.php\/2022\/09\/03\/dos-jovenes-fueron-encontrados-sin-vida-en-la-maleta-de-un-carro\/","name":"Dos j\u00f3venes fueron encontrados sin vida en la maleta de un carro - PRENSA PAISA","isPartOf":{"@id":"https:\/\/prensapaisa.com\/#website"},"primaryImageOfPage":{"@id":"https:\/\/prensapaisa.com\/index.php\/2022\/09\/03\/dos-jovenes-fueron-encontrados-sin-vida-en-la-maleta-de-un-carro\/#primaryimage"},"image":{"@id":"https:\/\/prensapaisa.com\/index.php\/2022\/09\/03\/dos-jovenes-fueron-encontrados-sin-vida-en-la-maleta-de-un-carro\/#primaryimage"},"thumbnailUrl":"https:\/\/prensapaisa.com\/wp-content\/uploads\/2022\/09\/03-7.jpg","datePublished":"2022-09-03T21:12:00+00:00","dateModified":"2022-09-04T21:12:34+00:00","breadcrumb":{"@id":"https:\/\/prensapaisa.com\/index.php\/2022\/09\/03\/dos-jovenes-fueron-encontrados-sin-vida-en-la-maleta-de-un-carro\/#breadcrumb"},"inLanguage":"es-CO","potentialAction":[{"@type":"ReadAction","target":["https:\/\/prensapaisa.com\/index.php\/2022\/09\/03\/dos-jovenes-fueron-encontrados-sin-vida-en-la-maleta-de-un-carro\/"]}]},{"@type":"ImageObject","inLanguage":"es-CO","@id":"https:\/\/prensapaisa.com\/index.php\/2022\/09\/03\/dos-jovenes-fueron-encontrados-sin-vida-en-la-maleta-de-un-carro\/#primaryimage","url":"https:\/\/prensapaisa.com\/wp-content\/uploads\/2022\/09\/03-7.jpg","contentUrl":"https:\/\/prensapaisa.com\/wp-content\/uploads\/2022\/09\/03-7.jpg","width":1080,"height":787},{"@type":"BreadcrumbList","@id":"https:\/\/prensapaisa.com\/index.php\/2022\/09\/03\/dos-jovenes-fueron-encontrados-sin-vida-en-la-maleta-de-un-carro\/#breadcrumb","itemListElement":[{"@type":"ListItem","position":1,"name":"Inicio","item":"https:\/\/prensapaisa.com\/"},{"@type":"ListItem","position":2,"name":"Dos j\u00f3venes fueron encontrados sin vida en la maleta de un carro"}]},{"@type":"WebSite","@id":"https:\/\/prensapaisa.com\/#website","url":"https:\/\/prensapaisa.com\/","name":"PRENSA PAISA","description":"Prensa Paisa la Original | Noticias de Medell\u00edn, Antioquia","publisher":{"@id":"https:\/\/prensapaisa.com\/#organization"},"potentialAction":[{"@type":"SearchAction","target":{"@type":"EntryPoint","urlTemplate":"https:\/\/prensapaisa.com\/?s={search_term_string}"},"query-input":{"@type":"PropertyValueSpecification","valueRequired":true,"valueName":"search_term_string"}}],"inLanguage":"es-CO"},{"@type":"Organization","@id":"https:\/\/prensapaisa.com\/#organization","name":"PRENSA PAISA","url":"https:\/\/prensapaisa.com\/","logo":{"@type":"ImageObject","inLanguage":"es-CO","@id":"https:\/\/prensapaisa.com\/#\/schema\/logo\/image\/","url":"https:\/\/prensapaisa.com\/wp-content\/uploads\/2022\/05\/cropped-cropped-prensa.png","contentUrl":"https:\/\/prensapaisa.com\/wp-content\/uploads\/2022\/05\/cropped-cropped-prensa.png","width":784,"height":524,"caption":"PRENSA PAISA"},"image":{"@id":"https:\/\/prensapaisa.com\/#\/schema\/logo\/image\/"}},{"@type":"Person","@id":"https:\/\/prensapaisa.com\/#\/schema\/person\/c5899b8b285dbcd70faec88a7c1579f6","name":"noticias@prensapaisa.com","image":{"@type":"ImageObject","inLanguage":"es-CO","@id":"https:\/\/secure.gravatar.com\/avatar\/ca2b49c1df14b84557c567431f045ea69c8ea5da2da50309fd4de9b811da0433?s=96&d=mm&r=g","url":"https:\/\/secure.gravatar.com\/avatar\/ca2b49c1df14b84557c567431f045ea69c8ea5da2da50309fd4de9b811da0433?s=96&d=mm&r=g","contentUrl":"https:\/\/secure.gravatar.com\/avatar\/ca2b49c1df14b84557c567431f045ea69c8ea5da2da50309fd4de9b811da0433?s=96&d=mm&r=g","caption":"noticias@prensapaisa.com"},"sameAs":["http:\/\/prensapaisa.com"],"url":"https:\/\/prensapaisa.com\/index.php\/author\/prensapaisagmail-com\/"}]}},"_links":{"self":[{"href":"https:\/\/prensapaisa.com\/index.php\/wp-json\/wp\/v2\/posts\/6566","targetHints":{"allow":["GET"]}}],"collection":[{"href":"https:\/\/prensapaisa.com\/index.php\/wp-json\/wp\/v2\/posts"}],"about":[{"href":"https:\/\/prensapaisa.com\/index.php\/wp-json\/wp\/v2\/types\/post"}],"author":[{"embeddable":true,"href":"https:\/\/prensapaisa.com\/index.php\/wp-json\/wp\/v2\/users\/1"}],"replies":[{"embeddable":true,"href":"https:\/\/prensapaisa.com\/index.php\/wp-json\/wp\/v2\/comments?post=6566"}],"version-history":[{"count":1,"href":"https:\/\/prensapaisa.com\/index.php\/wp-json\/wp\/v2\/posts\/6566\/revisions"}],"predecessor-version":[{"id":6573,"href":"https:\/\/prensapaisa.com\/index.php\/wp-json\/wp\/v2\/posts\/6566\/revisions\/6573"}],"wp:featuredmedia":[{"embeddable":true,"href":"https:\/\/prensapaisa.com\/index.php\/wp-json\/wp\/v2\/media\/6567"}],"wp:attachment":[{"href":"https:\/\/prensapaisa.com\/index.php\/wp-json\/wp\/v2\/media?parent=6566"}],"wp:term":[{"taxonomy":"category","embeddable":true,"href":"https:\/\/prensapaisa.com\/index.php\/wp-json\/wp\/v2\/categories?post=6566"},{"taxonomy":"post_tag","embeddable":true,"href":"https:\/\/prensapaisa.com\/index.php\/wp-json\/wp\/v2\/tags?post=6566"}],"curies":[{"name":"wp","href":"https:\/\/api.w.org\/{rel}","templated":true}]}}