{"id":6531,"date":"2022-09-04T14:47:16","date_gmt":"2022-09-04T19:47:16","guid":{"rendered":"https:\/\/prensapaisa.com\/?p=6531"},"modified":"2022-09-04T14:47:18","modified_gmt":"2022-09-04T19:47:18","slug":"motociclista-fallecio-en-un-impresionante-accidente-en-la-via-medellin-amaga","status":"publish","type":"post","link":"https:\/\/prensapaisa.com\/index.php\/2022\/09\/04\/motociclista-fallecio-en-un-impresionante-accidente-en-la-via-medellin-amaga\/","title":{"rendered":"Motociclista falleci\u00f3 en un impresionante accidente en la v\u00eda Medell\u00edn-Amag\u00e1"},"content":{"rendered":"\n<figure class=\"wp-block-gallery has-nested-images columns-default is-cropped wp-block-gallery-1 is-layout-flex wp-block-gallery-is-layout-flex\">\n<figure class=\"wp-block-image size-large\"><img fetchpriority=\"high\" decoding=\"async\" width=\"720\" height=\"960\" data-id=\"6533\" src=\"https:\/\/prensapaisa.com\/wp-content\/uploads\/2022\/09\/1-14.jpg\" alt=\"\" class=\"wp-image-6533\" srcset=\"https:\/\/prensapaisa.com\/wp-content\/uploads\/2022\/09\/1-14.jpg 720w, https:\/\/prensapaisa.com\/wp-content\/uploads\/2022\/09\/1-14-225x300.jpg 225w, https:\/\/prensapaisa.com\/wp-content\/uploads\/2022\/09\/1-14-585x780.jpg 585w\" sizes=\"(max-width: 720px) 100vw, 720px\" \/><\/figure>\n\n\n\n<figure class=\"wp-block-image size-large\"><img decoding=\"async\" width=\"1024\" height=\"576\" data-id=\"6534\" src=\"https:\/\/prensapaisa.com\/wp-content\/uploads\/2022\/09\/2-8-1024x576.jpg\" alt=\"\" class=\"wp-image-6534\" srcset=\"https:\/\/prensapaisa.com\/wp-content\/uploads\/2022\/09\/2-8-1024x576.jpg 1024w, https:\/\/prensapaisa.com\/wp-content\/uploads\/2022\/09\/2-8-300x169.jpg 300w, https:\/\/prensapaisa.com\/wp-content\/uploads\/2022\/09\/2-8-768x432.jpg 768w, https:\/\/prensapaisa.com\/wp-content\/uploads\/2022\/09\/2-8-1536x864.jpg 1536w, https:\/\/prensapaisa.com\/wp-content\/uploads\/2022\/09\/2-8-1170x658.jpg 1170w, https:\/\/prensapaisa.com\/wp-content\/uploads\/2022\/09\/2-8-585x329.jpg 585w, https:\/\/prensapaisa.com\/wp-content\/uploads\/2022\/09\/2-8.jpg 1599w\" sizes=\"(max-width: 1024px) 100vw, 1024px\" \/><\/figure>\n\n\n\n<figure class=\"wp-block-image size-large\"><img decoding=\"async\" width=\"1024\" height=\"576\" data-id=\"6535\" src=\"https:\/\/prensapaisa.com\/wp-content\/uploads\/2022\/09\/03-6-1024x576.jpg\" alt=\"\" class=\"wp-image-6535\" srcset=\"https:\/\/prensapaisa.com\/wp-content\/uploads\/2022\/09\/03-6-1024x576.jpg 1024w, https:\/\/prensapaisa.com\/wp-content\/uploads\/2022\/09\/03-6-300x169.jpg 300w, https:\/\/prensapaisa.com\/wp-content\/uploads\/2022\/09\/03-6-768x432.jpg 768w, https:\/\/prensapaisa.com\/wp-content\/uploads\/2022\/09\/03-6-1536x864.jpg 1536w, https:\/\/prensapaisa.com\/wp-content\/uploads\/2022\/09\/03-6-1170x658.jpg 1170w, https:\/\/prensapaisa.com\/wp-content\/uploads\/2022\/09\/03-6-585x329.jpg 585w, https:\/\/prensapaisa.com\/wp-content\/uploads\/2022\/09\/03-6.jpg 1599w\" sizes=\"(max-width: 1024px) 100vw, 1024px\" \/><\/figure>\n\n\n\n<figure class=\"wp-block-image size-large\"><img loading=\"lazy\" decoding=\"async\" width=\"768\" height=\"1024\" data-id=\"6536\" src=\"https:\/\/prensapaisa.com\/wp-content\/uploads\/2022\/09\/3-6-768x1024.jpg\" alt=\"\" class=\"wp-image-6536\" srcset=\"https:\/\/prensapaisa.com\/wp-content\/uploads\/2022\/09\/3-6-768x1024.jpg 768w, https:\/\/prensapaisa.com\/wp-content\/uploads\/2022\/09\/3-6-225x300.jpg 225w, https:\/\/prensapaisa.com\/wp-content\/uploads\/2022\/09\/3-6-1152x1536.jpg 1152w, https:\/\/prensapaisa.com\/wp-content\/uploads\/2022\/09\/3-6-1170x1560.jpg 1170w, https:\/\/prensapaisa.com\/wp-content\/uploads\/2022\/09\/3-6-585x780.jpg 585w, https:\/\/prensapaisa.com\/wp-content\/uploads\/2022\/09\/3-6.jpg 1200w\" sizes=\"(max-width: 768px) 100vw, 768px\" \/><\/figure>\n<\/figure>\n","protected":false},"excerpt":{"rendered":"","protected":false},"author":1,"featured_media":6532,"comment_status":"open","ping_status":"open","sticky":false,"template":"","format":"gallery","meta":{"footnotes":""},"categories":[45,16],"tags":[],"class_list":["post-6531","post","type-post","status-publish","format-gallery","has-post-thumbnail","hentry","category-accidentes","category-municipios","post_format-post-format-gallery"],"yoast_head":"<!-- This site is optimized with the Yoast SEO plugin v27.5 - https:\/\/yoast.com\/product\/yoast-seo-wordpress\/ -->\n<title>Motociclista falleci\u00f3 en un impresionante accidente en la v\u00eda Medell\u00edn-Amag\u00e1 - PRENSA PAISA<\/title>\n<meta name=\"robots\" content=\"index, follow, max-snippet:-1, max-image-preview:large, max-video-preview:-1\" \/>\n<link rel=\"canonical\" href=\"https:\/\/prensapaisa.com\/index.php\/2022\/09\/04\/motociclista-fallecio-en-un-impresionante-accidente-en-la-via-medellin-amaga\/\" \/>\n<meta property=\"og:locale\" content=\"es_ES\" \/>\n<meta property=\"og:type\" content=\"article\" \/>\n<meta property=\"og:title\" content=\"Motociclista falleci\u00f3 en un impresionante accidente en la v\u00eda Medell\u00edn-Amag\u00e1 - PRENSA PAISA\" \/>\n<meta property=\"og:url\" content=\"https:\/\/prensapaisa.com\/index.php\/2022\/09\/04\/motociclista-fallecio-en-un-impresionante-accidente-en-la-via-medellin-amaga\/\" \/>\n<meta property=\"og:site_name\" content=\"PRENSA PAISA\" \/>\n<meta property=\"article:published_time\" content=\"2022-09-04T19:47:16+00:00\" \/>\n<meta property=\"article:modified_time\" content=\"2022-09-04T19:47:18+00:00\" \/>\n<meta property=\"og:image\" content=\"https:\/\/prensapaisa.com\/wp-content\/uploads\/2022\/09\/02-11.jpg\" \/>\n\t<meta property=\"og:image:width\" content=\"695\" \/>\n\t<meta property=\"og:image:height\" content=\"712\" \/>\n\t<meta property=\"og:image:type\" content=\"image\/jpeg\" \/>\n<meta name=\"author\" content=\"noticias@prensapaisa.com\" \/>\n<meta name=\"twitter:card\" content=\"summary_large_image\" \/>\n<meta name=\"twitter:label1\" content=\"Escrito por\" \/>\n\t<meta name=\"twitter:data1\" content=\"noticias@prensapaisa.com\" \/>\n\t<meta name=\"twitter:label2\" content=\"Tiempo de lectura\" \/>\n\t<meta name=\"twitter:data2\" content=\"1 minuto\" \/>\n<script type=\"application\/ld+json\" class=\"yoast-schema-graph\">{\"@context\":\"https:\\\/\\\/schema.org\",\"@graph\":[{\"@type\":\"Article\",\"@id\":\"https:\\\/\\\/prensapaisa.com\\\/index.php\\\/2022\\\/09\\\/04\\\/motociclista-fallecio-en-un-impresionante-accidente-en-la-via-medellin-amaga\\\/#article\",\"isPartOf\":{\"@id\":\"https:\\\/\\\/prensapaisa.com\\\/index.php\\\/2022\\\/09\\\/04\\\/motociclista-fallecio-en-un-impresionante-accidente-en-la-via-medellin-amaga\\\/\"},\"author\":{\"name\":\"noticias@prensapaisa.com\",\"@id\":\"https:\\\/\\\/prensapaisa.com\\\/#\\\/schema\\\/person\\\/c5899b8b285dbcd70faec88a7c1579f6\"},\"headline\":\"Motociclista falleci\u00f3 en un impresionante accidente en la v\u00eda Medell\u00edn-Amag\u00e1\",\"datePublished\":\"2022-09-04T19:47:16+00:00\",\"dateModified\":\"2022-09-04T19:47:18+00:00\",\"mainEntityOfPage\":{\"@id\":\"https:\\\/\\\/prensapaisa.com\\\/index.php\\\/2022\\\/09\\\/04\\\/motociclista-fallecio-en-un-impresionante-accidente-en-la-via-medellin-amaga\\\/\"},\"wordCount\":12,\"commentCount\":0,\"publisher\":{\"@id\":\"https:\\\/\\\/prensapaisa.com\\\/#organization\"},\"image\":{\"@id\":\"https:\\\/\\\/prensapaisa.com\\\/index.php\\\/2022\\\/09\\\/04\\\/motociclista-fallecio-en-un-impresionante-accidente-en-la-via-medellin-amaga\\\/#primaryimage\"},\"thumbnailUrl\":\"https:\\\/\\\/prensapaisa.com\\\/wp-content\\\/uploads\\\/2022\\\/09\\\/02-11.jpg\",\"articleSection\":[\"Accidentes\",\"Municipios\"],\"inLanguage\":\"es-CO\",\"potentialAction\":[{\"@type\":\"CommentAction\",\"name\":\"Comment\",\"target\":[\"https:\\\/\\\/prensapaisa.com\\\/index.php\\\/2022\\\/09\\\/04\\\/motociclista-fallecio-en-un-impresionante-accidente-en-la-via-medellin-amaga\\\/#respond\"]}]},{\"@type\":\"WebPage\",\"@id\":\"https:\\\/\\\/prensapaisa.com\\\/index.php\\\/2022\\\/09\\\/04\\\/motociclista-fallecio-en-un-impresionante-accidente-en-la-via-medellin-amaga\\\/\",\"url\":\"https:\\\/\\\/prensapaisa.com\\\/index.php\\\/2022\\\/09\\\/04\\\/motociclista-fallecio-en-un-impresionante-accidente-en-la-via-medellin-amaga\\\/\",\"name\":\"Motociclista falleci\u00f3 en un impresionante accidente en la v\u00eda Medell\u00edn-Amag\u00e1 - PRENSA PAISA\",\"isPartOf\":{\"@id\":\"https:\\\/\\\/prensapaisa.com\\\/#website\"},\"primaryImageOfPage\":{\"@id\":\"https:\\\/\\\/prensapaisa.com\\\/index.php\\\/2022\\\/09\\\/04\\\/motociclista-fallecio-en-un-impresionante-accidente-en-la-via-medellin-amaga\\\/#primaryimage\"},\"image\":{\"@id\":\"https:\\\/\\\/prensapaisa.com\\\/index.php\\\/2022\\\/09\\\/04\\\/motociclista-fallecio-en-un-impresionante-accidente-en-la-via-medellin-amaga\\\/#primaryimage\"},\"thumbnailUrl\":\"https:\\\/\\\/prensapaisa.com\\\/wp-content\\\/uploads\\\/2022\\\/09\\\/02-11.jpg\",\"datePublished\":\"2022-09-04T19:47:16+00:00\",\"dateModified\":\"2022-09-04T19:47:18+00:00\",\"breadcrumb\":{\"@id\":\"https:\\\/\\\/prensapaisa.com\\\/index.php\\\/2022\\\/09\\\/04\\\/motociclista-fallecio-en-un-impresionante-accidente-en-la-via-medellin-amaga\\\/#breadcrumb\"},\"inLanguage\":\"es-CO\",\"potentialAction\":[{\"@type\":\"ReadAction\",\"target\":[\"https:\\\/\\\/prensapaisa.com\\\/index.php\\\/2022\\\/09\\\/04\\\/motociclista-fallecio-en-un-impresionante-accidente-en-la-via-medellin-amaga\\\/\"]}]},{\"@type\":\"ImageObject\",\"inLanguage\":\"es-CO\",\"@id\":\"https:\\\/\\\/prensapaisa.com\\\/index.php\\\/2022\\\/09\\\/04\\\/motociclista-fallecio-en-un-impresionante-accidente-en-la-via-medellin-amaga\\\/#primaryimage\",\"url\":\"https:\\\/\\\/prensapaisa.com\\\/wp-content\\\/uploads\\\/2022\\\/09\\\/02-11.jpg\",\"contentUrl\":\"https:\\\/\\\/prensapaisa.com\\\/wp-content\\\/uploads\\\/2022\\\/09\\\/02-11.jpg\",\"width\":695,\"height\":712},{\"@type\":\"BreadcrumbList\",\"@id\":\"https:\\\/\\\/prensapaisa.com\\\/index.php\\\/2022\\\/09\\\/04\\\/motociclista-fallecio-en-un-impresionante-accidente-en-la-via-medellin-amaga\\\/#breadcrumb\",\"itemListElement\":[{\"@type\":\"ListItem\",\"position\":1,\"name\":\"Inicio\",\"item\":\"https:\\\/\\\/prensapaisa.com\\\/\"},{\"@type\":\"ListItem\",\"position\":2,\"name\":\"Motociclista falleci\u00f3 en un impresionante accidente en la v\u00eda Medell\u00edn-Amag\u00e1\"}]},{\"@type\":\"WebSite\",\"@id\":\"https:\\\/\\\/prensapaisa.com\\\/#website\",\"url\":\"https:\\\/\\\/prensapaisa.com\\\/\",\"name\":\"PRENSA PAISA\",\"description\":\"Prensa Paisa la Original | Noticias de Medell\u00edn, Antioquia\",\"publisher\":{\"@id\":\"https:\\\/\\\/prensapaisa.com\\\/#organization\"},\"potentialAction\":[{\"@type\":\"SearchAction\",\"target\":{\"@type\":\"EntryPoint\",\"urlTemplate\":\"https:\\\/\\\/prensapaisa.com\\\/?s={search_term_string}\"},\"query-input\":{\"@type\":\"PropertyValueSpecification\",\"valueRequired\":true,\"valueName\":\"search_term_string\"}}],\"inLanguage\":\"es-CO\"},{\"@type\":\"Organization\",\"@id\":\"https:\\\/\\\/prensapaisa.com\\\/#organization\",\"name\":\"PRENSA PAISA\",\"url\":\"https:\\\/\\\/prensapaisa.com\\\/\",\"logo\":{\"@type\":\"ImageObject\",\"inLanguage\":\"es-CO\",\"@id\":\"https:\\\/\\\/prensapaisa.com\\\/#\\\/schema\\\/logo\\\/image\\\/\",\"url\":\"https:\\\/\\\/prensapaisa.com\\\/wp-content\\\/uploads\\\/2022\\\/05\\\/cropped-cropped-prensa.png\",\"contentUrl\":\"https:\\\/\\\/prensapaisa.com\\\/wp-content\\\/uploads\\\/2022\\\/05\\\/cropped-cropped-prensa.png\",\"width\":784,\"height\":524,\"caption\":\"PRENSA PAISA\"},\"image\":{\"@id\":\"https:\\\/\\\/prensapaisa.com\\\/#\\\/schema\\\/logo\\\/image\\\/\"}},{\"@type\":\"Person\",\"@id\":\"https:\\\/\\\/prensapaisa.com\\\/#\\\/schema\\\/person\\\/c5899b8b285dbcd70faec88a7c1579f6\",\"name\":\"noticias@prensapaisa.com\",\"image\":{\"@type\":\"ImageObject\",\"inLanguage\":\"es-CO\",\"@id\":\"https:\\\/\\\/secure.gravatar.com\\\/avatar\\\/ca2b49c1df14b84557c567431f045ea69c8ea5da2da50309fd4de9b811da0433?s=96&d=mm&r=g\",\"url\":\"https:\\\/\\\/secure.gravatar.com\\\/avatar\\\/ca2b49c1df14b84557c567431f045ea69c8ea5da2da50309fd4de9b811da0433?s=96&d=mm&r=g\",\"contentUrl\":\"https:\\\/\\\/secure.gravatar.com\\\/avatar\\\/ca2b49c1df14b84557c567431f045ea69c8ea5da2da50309fd4de9b811da0433?s=96&d=mm&r=g\",\"caption\":\"noticias@prensapaisa.com\"},\"sameAs\":[\"http:\\\/\\\/prensapaisa.com\"],\"url\":\"https:\\\/\\\/prensapaisa.com\\\/index.php\\\/author\\\/prensapaisagmail-com\\\/\"}]}<\/script>\n<!-- \/ Yoast SEO plugin. -->","yoast_head_json":{"title":"Motociclista falleci\u00f3 en un impresionante accidente en la v\u00eda Medell\u00edn-Amag\u00e1 - PRENSA PAISA","robots":{"index":"index","follow":"follow","max-snippet":"max-snippet:-1","max-image-preview":"max-image-preview:large","max-video-preview":"max-video-preview:-1"},"canonical":"https:\/\/prensapaisa.com\/index.php\/2022\/09\/04\/motociclista-fallecio-en-un-impresionante-accidente-en-la-via-medellin-amaga\/","og_locale":"es_ES","og_type":"article","og_title":"Motociclista falleci\u00f3 en un impresionante accidente en la v\u00eda Medell\u00edn-Amag\u00e1 - PRENSA PAISA","og_url":"https:\/\/prensapaisa.com\/index.php\/2022\/09\/04\/motociclista-fallecio-en-un-impresionante-accidente-en-la-via-medellin-amaga\/","og_site_name":"PRENSA PAISA","article_published_time":"2022-09-04T19:47:16+00:00","article_modified_time":"2022-09-04T19:47:18+00:00","og_image":[{"width":695,"height":712,"url":"https:\/\/prensapaisa.com\/wp-content\/uploads\/2022\/09\/02-11.jpg","type":"image\/jpeg"}],"author":"noticias@prensapaisa.com","twitter_card":"summary_large_image","twitter_misc":{"Escrito por":"noticias@prensapaisa.com","Tiempo de lectura":"1 minuto"},"schema":{"@context":"https:\/\/schema.org","@graph":[{"@type":"Article","@id":"https:\/\/prensapaisa.com\/index.php\/2022\/09\/04\/motociclista-fallecio-en-un-impresionante-accidente-en-la-via-medellin-amaga\/#article","isPartOf":{"@id":"https:\/\/prensapaisa.com\/index.php\/2022\/09\/04\/motociclista-fallecio-en-un-impresionante-accidente-en-la-via-medellin-amaga\/"},"author":{"name":"noticias@prensapaisa.com","@id":"https:\/\/prensapaisa.com\/#\/schema\/person\/c5899b8b285dbcd70faec88a7c1579f6"},"headline":"Motociclista falleci\u00f3 en un impresionante accidente en la v\u00eda Medell\u00edn-Amag\u00e1","datePublished":"2022-09-04T19:47:16+00:00","dateModified":"2022-09-04T19:47:18+00:00","mainEntityOfPage":{"@id":"https:\/\/prensapaisa.com\/index.php\/2022\/09\/04\/motociclista-fallecio-en-un-impresionante-accidente-en-la-via-medellin-amaga\/"},"wordCount":12,"commentCount":0,"publisher":{"@id":"https:\/\/prensapaisa.com\/#organization"},"image":{"@id":"https:\/\/prensapaisa.com\/index.php\/2022\/09\/04\/motociclista-fallecio-en-un-impresionante-accidente-en-la-via-medellin-amaga\/#primaryimage"},"thumbnailUrl":"https:\/\/prensapaisa.com\/wp-content\/uploads\/2022\/09\/02-11.jpg","articleSection":["Accidentes","Municipios"],"inLanguage":"es-CO","potentialAction":[{"@type":"CommentAction","name":"Comment","target":["https:\/\/prensapaisa.com\/index.php\/2022\/09\/04\/motociclista-fallecio-en-un-impresionante-accidente-en-la-via-medellin-amaga\/#respond"]}]},{"@type":"WebPage","@id":"https:\/\/prensapaisa.com\/index.php\/2022\/09\/04\/motociclista-fallecio-en-un-impresionante-accidente-en-la-via-medellin-amaga\/","url":"https:\/\/prensapaisa.com\/index.php\/2022\/09\/04\/motociclista-fallecio-en-un-impresionante-accidente-en-la-via-medellin-amaga\/","name":"Motociclista falleci\u00f3 en un impresionante accidente en la v\u00eda Medell\u00edn-Amag\u00e1 - PRENSA PAISA","isPartOf":{"@id":"https:\/\/prensapaisa.com\/#website"},"primaryImageOfPage":{"@id":"https:\/\/prensapaisa.com\/index.php\/2022\/09\/04\/motociclista-fallecio-en-un-impresionante-accidente-en-la-via-medellin-amaga\/#primaryimage"},"image":{"@id":"https:\/\/prensapaisa.com\/index.php\/2022\/09\/04\/motociclista-fallecio-en-un-impresionante-accidente-en-la-via-medellin-amaga\/#primaryimage"},"thumbnailUrl":"https:\/\/prensapaisa.com\/wp-content\/uploads\/2022\/09\/02-11.jpg","datePublished":"2022-09-04T19:47:16+00:00","dateModified":"2022-09-04T19:47:18+00:00","breadcrumb":{"@id":"https:\/\/prensapaisa.com\/index.php\/2022\/09\/04\/motociclista-fallecio-en-un-impresionante-accidente-en-la-via-medellin-amaga\/#breadcrumb"},"inLanguage":"es-CO","potentialAction":[{"@type":"ReadAction","target":["https:\/\/prensapaisa.com\/index.php\/2022\/09\/04\/motociclista-fallecio-en-un-impresionante-accidente-en-la-via-medellin-amaga\/"]}]},{"@type":"ImageObject","inLanguage":"es-CO","@id":"https:\/\/prensapaisa.com\/index.php\/2022\/09\/04\/motociclista-fallecio-en-un-impresionante-accidente-en-la-via-medellin-amaga\/#primaryimage","url":"https:\/\/prensapaisa.com\/wp-content\/uploads\/2022\/09\/02-11.jpg","contentUrl":"https:\/\/prensapaisa.com\/wp-content\/uploads\/2022\/09\/02-11.jpg","width":695,"height":712},{"@type":"BreadcrumbList","@id":"https:\/\/prensapaisa.com\/index.php\/2022\/09\/04\/motociclista-fallecio-en-un-impresionante-accidente-en-la-via-medellin-amaga\/#breadcrumb","itemListElement":[{"@type":"ListItem","position":1,"name":"Inicio","item":"https:\/\/prensapaisa.com\/"},{"@type":"ListItem","position":2,"name":"Motociclista falleci\u00f3 en un impresionante accidente en la v\u00eda Medell\u00edn-Amag\u00e1"}]},{"@type":"WebSite","@id":"https:\/\/prensapaisa.com\/#website","url":"https:\/\/prensapaisa.com\/","name":"PRENSA PAISA","description":"Prensa Paisa la Original | Noticias de Medell\u00edn, Antioquia","publisher":{"@id":"https:\/\/prensapaisa.com\/#organization"},"potentialAction":[{"@type":"SearchAction","target":{"@type":"EntryPoint","urlTemplate":"https:\/\/prensapaisa.com\/?s={search_term_string}"},"query-input":{"@type":"PropertyValueSpecification","valueRequired":true,"valueName":"search_term_string"}}],"inLanguage":"es-CO"},{"@type":"Organization","@id":"https:\/\/prensapaisa.com\/#organization","name":"PRENSA PAISA","url":"https:\/\/prensapaisa.com\/","logo":{"@type":"ImageObject","inLanguage":"es-CO","@id":"https:\/\/prensapaisa.com\/#\/schema\/logo\/image\/","url":"https:\/\/prensapaisa.com\/wp-content\/uploads\/2022\/05\/cropped-cropped-prensa.png","contentUrl":"https:\/\/prensapaisa.com\/wp-content\/uploads\/2022\/05\/cropped-cropped-prensa.png","width":784,"height":524,"caption":"PRENSA PAISA"},"image":{"@id":"https:\/\/prensapaisa.com\/#\/schema\/logo\/image\/"}},{"@type":"Person","@id":"https:\/\/prensapaisa.com\/#\/schema\/person\/c5899b8b285dbcd70faec88a7c1579f6","name":"noticias@prensapaisa.com","image":{"@type":"ImageObject","inLanguage":"es-CO","@id":"https:\/\/secure.gravatar.com\/avatar\/ca2b49c1df14b84557c567431f045ea69c8ea5da2da50309fd4de9b811da0433?s=96&d=mm&r=g","url":"https:\/\/secure.gravatar.com\/avatar\/ca2b49c1df14b84557c567431f045ea69c8ea5da2da50309fd4de9b811da0433?s=96&d=mm&r=g","contentUrl":"https:\/\/secure.gravatar.com\/avatar\/ca2b49c1df14b84557c567431f045ea69c8ea5da2da50309fd4de9b811da0433?s=96&d=mm&r=g","caption":"noticias@prensapaisa.com"},"sameAs":["http:\/\/prensapaisa.com"],"url":"https:\/\/prensapaisa.com\/index.php\/author\/prensapaisagmail-com\/"}]}},"_links":{"self":[{"href":"https:\/\/prensapaisa.com\/index.php\/wp-json\/wp\/v2\/posts\/6531","targetHints":{"allow":["GET"]}}],"collection":[{"href":"https:\/\/prensapaisa.com\/index.php\/wp-json\/wp\/v2\/posts"}],"about":[{"href":"https:\/\/prensapaisa.com\/index.php\/wp-json\/wp\/v2\/types\/post"}],"author":[{"embeddable":true,"href":"https:\/\/prensapaisa.com\/index.php\/wp-json\/wp\/v2\/users\/1"}],"replies":[{"embeddable":true,"href":"https:\/\/prensapaisa.com\/index.php\/wp-json\/wp\/v2\/comments?post=6531"}],"version-history":[{"count":1,"href":"https:\/\/prensapaisa.com\/index.php\/wp-json\/wp\/v2\/posts\/6531\/revisions"}],"predecessor-version":[{"id":6537,"href":"https:\/\/prensapaisa.com\/index.php\/wp-json\/wp\/v2\/posts\/6531\/revisions\/6537"}],"wp:featuredmedia":[{"embeddable":true,"href":"https:\/\/prensapaisa.com\/index.php\/wp-json\/wp\/v2\/media\/6532"}],"wp:attachment":[{"href":"https:\/\/prensapaisa.com\/index.php\/wp-json\/wp\/v2\/media?parent=6531"}],"wp:term":[{"taxonomy":"category","embeddable":true,"href":"https:\/\/prensapaisa.com\/index.php\/wp-json\/wp\/v2\/categories?post=6531"},{"taxonomy":"post_tag","embeddable":true,"href":"https:\/\/prensapaisa.com\/index.php\/wp-json\/wp\/v2\/tags?post=6531"}],"curies":[{"name":"wp","href":"https:\/\/api.w.org\/{rel}","templated":true}]}}