{"id":6225,"date":"2022-08-20T06:24:00","date_gmt":"2022-08-20T11:24:00","guid":{"rendered":"https:\/\/prensapaisa.com\/?p=6225"},"modified":"2022-08-21T11:25:38","modified_gmt":"2022-08-21T16:25:38","slug":"aparecio-sin-vida-una-de-las-dos-mujeres-desaparecidas-en-el-bajo-cauca-antioqueno","status":"publish","type":"post","link":"https:\/\/prensapaisa.com\/index.php\/2022\/08\/20\/aparecio-sin-vida-una-de-las-dos-mujeres-desaparecidas-en-el-bajo-cauca-antioqueno\/","title":{"rendered":"Apareci\u00f3 sin vida una de las dos mujeres desaparecidas en el Bajo Cauca antioque\u00f1o"},"content":{"rendered":"\n<p>&#8220;En el rR\u00edo Nech\u00ed encontraron el cuerpo de la joven Nayra Alejandra L\u00f3pez Montiel, de 21 a\u00f1os de edad, quien hab\u00eda sido reportada como desaparecida desde el pasado 15 de agosto en el municipio de El Bagre, Antioquia.<\/p>\n\n\n\n<p>Desde su desaparici\u00f3n se adelantaban las labores de b\u00fasqueda hasta que hoy encontraron su cuerpo en el sector San Carlos, de El Bagre. De acuerdo con las autoridades, el cad\u00e1ver <a><\/a>presenta estado de descomposici\u00f3n y fue trasladado a la morgue municipal.<\/p>\n\n\n\n<p>Se pudo conocer que su madre Leyis Cenith Montiel tambi\u00e9n permanece desaparecida desde la misma fecha que su hija y se teme que haya corrido la misma suerte. Ella es distinguida en el municipio porque trabajaba vendiendo rifas.<\/p>\n\n\n\n<p>Frente a este caso las autoridades investigan un mensaje escrito por Levis Montiel en su cuenta de Facebook el pasado 17 de julio en el que da a conocer amenazas en su contra por parte de un hombre que la agredi\u00f3 en complicidad con su esposa.<\/p>\n\n\n\n<p>&#8216;\u00c9l me manda a desocupar el pueblo y que si no me voy estar\u00e9 en graves problemas con ellos &#8230; si me llegara a pasar algo estos dos ser\u00e1n los primeros sospechosos&#8217;, escribi\u00f3.<\/p>\n\n\n\n<p>Debido al estado de descomposici\u00f3n del cuerpo de Nayra no fue posible establecer inicialmente las causas de su muerte. La joven era oriunda del municipio de El Bagre.<\/p>\n\n\n\n<p>Amigos y conocidos env\u00edan sentidas condolencias a sus familiares en este momento dif\u00edcil&#8221;.<\/p>\n\n\n\n<figure class=\"wp-block-gallery has-nested-images columns-default is-cropped wp-block-gallery-1 is-layout-flex wp-block-gallery-is-layout-flex\">\n<figure class=\"wp-block-image size-large\"><img fetchpriority=\"high\" decoding=\"async\" width=\"960\" height=\"956\" data-id=\"6229\" src=\"https:\/\/prensapaisa.com\/wp-content\/uploads\/2022\/08\/02-55.jpg\" alt=\"\" class=\"wp-image-6229\" srcset=\"https:\/\/prensapaisa.com\/wp-content\/uploads\/2022\/08\/02-55.jpg 960w, https:\/\/prensapaisa.com\/wp-content\/uploads\/2022\/08\/02-55-300x300.jpg 300w, https:\/\/prensapaisa.com\/wp-content\/uploads\/2022\/08\/02-55-150x150.jpg 150w, https:\/\/prensapaisa.com\/wp-content\/uploads\/2022\/08\/02-55-768x765.jpg 768w, https:\/\/prensapaisa.com\/wp-content\/uploads\/2022\/08\/02-55-585x583.jpg 585w\" sizes=\"(max-width: 960px) 100vw, 960px\" \/><\/figure>\n\n\n\n<figure class=\"wp-block-image size-large\"><img decoding=\"async\" width=\"1015\" height=\"1024\" data-id=\"6231\" src=\"https:\/\/prensapaisa.com\/wp-content\/uploads\/2022\/08\/2-44-1015x1024.jpg\" alt=\"\" class=\"wp-image-6231\" srcset=\"https:\/\/prensapaisa.com\/wp-content\/uploads\/2022\/08\/2-44-1015x1024.jpg 1015w, https:\/\/prensapaisa.com\/wp-content\/uploads\/2022\/08\/2-44-297x300.jpg 297w, https:\/\/prensapaisa.com\/wp-content\/uploads\/2022\/08\/2-44-150x150.jpg 150w, https:\/\/prensapaisa.com\/wp-content\/uploads\/2022\/08\/2-44-768x775.jpg 768w, https:\/\/prensapaisa.com\/wp-content\/uploads\/2022\/08\/2-44-585x590.jpg 585w, https:\/\/prensapaisa.com\/wp-content\/uploads\/2022\/08\/2-44.jpg 1080w\" sizes=\"(max-width: 1015px) 100vw, 1015px\" \/><\/figure>\n\n\n\n<figure class=\"wp-block-image size-large\"><img decoding=\"async\" width=\"514\" height=\"1024\" data-id=\"6230\" src=\"https:\/\/prensapaisa.com\/wp-content\/uploads\/2022\/08\/4-17-514x1024.jpg\" alt=\"\" class=\"wp-image-6230\" srcset=\"https:\/\/prensapaisa.com\/wp-content\/uploads\/2022\/08\/4-17-514x1024.jpg 514w, https:\/\/prensapaisa.com\/wp-content\/uploads\/2022\/08\/4-17-150x300.jpg 150w, https:\/\/prensapaisa.com\/wp-content\/uploads\/2022\/08\/4-17-585x1166.jpg 585w, https:\/\/prensapaisa.com\/wp-content\/uploads\/2022\/08\/4-17.jpg 660w\" sizes=\"(max-width: 514px) 100vw, 514px\" \/><\/figure>\n\n\n\n<figure class=\"wp-block-image size-large\"><img loading=\"lazy\" decoding=\"async\" width=\"573\" height=\"1024\" data-id=\"6228\" src=\"https:\/\/prensapaisa.com\/wp-content\/uploads\/2022\/08\/5-12-573x1024.jpg\" alt=\"\" class=\"wp-image-6228\" srcset=\"https:\/\/prensapaisa.com\/wp-content\/uploads\/2022\/08\/5-12-573x1024.jpg 573w, https:\/\/prensapaisa.com\/wp-content\/uploads\/2022\/08\/5-12-168x300.jpg 168w, https:\/\/prensapaisa.com\/wp-content\/uploads\/2022\/08\/5-12-585x1046.jpg 585w, https:\/\/prensapaisa.com\/wp-content\/uploads\/2022\/08\/5-12.jpg 720w\" sizes=\"(max-width: 573px) 100vw, 573px\" \/><\/figure>\n\n\n\n<figure class=\"wp-block-image size-large\"><img loading=\"lazy\" decoding=\"async\" width=\"720\" height=\"717\" data-id=\"6227\" src=\"https:\/\/prensapaisa.com\/wp-content\/uploads\/2022\/08\/6-8.jpg\" alt=\"\" class=\"wp-image-6227\" srcset=\"https:\/\/prensapaisa.com\/wp-content\/uploads\/2022\/08\/6-8.jpg 720w, https:\/\/prensapaisa.com\/wp-content\/uploads\/2022\/08\/6-8-300x300.jpg 300w, https:\/\/prensapaisa.com\/wp-content\/uploads\/2022\/08\/6-8-150x150.jpg 150w, https:\/\/prensapaisa.com\/wp-content\/uploads\/2022\/08\/6-8-585x583.jpg 585w\" sizes=\"(max-width: 720px) 100vw, 720px\" \/><\/figure>\n<\/figure>\n\n\n\n<figure class=\"wp-block-image size-large\"><img loading=\"lazy\" decoding=\"async\" width=\"804\" height=\"1024\" src=\"https:\/\/prensapaisa.com\/wp-content\/uploads\/2022\/08\/3-20-804x1024.jpg\" alt=\"\" class=\"wp-image-6234\" srcset=\"https:\/\/prensapaisa.com\/wp-content\/uploads\/2022\/08\/3-20-804x1024.jpg 804w, https:\/\/prensapaisa.com\/wp-content\/uploads\/2022\/08\/3-20-236x300.jpg 236w, https:\/\/prensapaisa.com\/wp-content\/uploads\/2022\/08\/3-20-768x978.jpg 768w, https:\/\/prensapaisa.com\/wp-content\/uploads\/2022\/08\/3-20-585x745.jpg 585w, https:\/\/prensapaisa.com\/wp-content\/uploads\/2022\/08\/3-20.jpg 945w\" sizes=\"(max-width: 804px) 100vw, 804px\" \/><\/figure>\n","protected":false},"excerpt":{"rendered":"<p>&#8220;En el rR\u00edo Nech\u00ed encontraron el cuerpo de la joven Nayra Alejandra L\u00f3pez Montiel, de 21 a\u00f1os de edad, quien hab\u00eda sido reportada como desaparecida desde el pasado 15 de&hellip;<\/p>\n","protected":false},"author":1,"featured_media":6233,"comment_status":"open","ping_status":"open","sticky":false,"template":"","format":"standard","meta":{"footnotes":""},"categories":[43,16,1],"tags":[],"class_list":["post-6225","post","type-post","status-publish","format-standard","has-post-thumbnail","hentry","category-fallecidos","category-municipios","category-noticias"],"yoast_head":"<!-- This site is optimized with the Yoast SEO plugin v27.4 - https:\/\/yoast.com\/product\/yoast-seo-wordpress\/ -->\n<title>Apareci\u00f3 sin vida una de las dos mujeres desaparecidas en el Bajo Cauca antioque\u00f1o - PRENSA PAISA<\/title>\n<meta name=\"robots\" content=\"index, follow, max-snippet:-1, max-image-preview:large, max-video-preview:-1\" \/>\n<link rel=\"canonical\" href=\"https:\/\/prensapaisa.com\/index.php\/2022\/08\/20\/aparecio-sin-vida-una-de-las-dos-mujeres-desaparecidas-en-el-bajo-cauca-antioqueno\/\" \/>\n<meta property=\"og:locale\" content=\"es_ES\" \/>\n<meta property=\"og:type\" content=\"article\" \/>\n<meta property=\"og:title\" content=\"Apareci\u00f3 sin vida una de las dos mujeres desaparecidas en el Bajo Cauca antioque\u00f1o - PRENSA PAISA\" \/>\n<meta property=\"og:description\" content=\"&#8220;En el rR\u00edo Nech\u00ed encontraron el cuerpo de la joven Nayra Alejandra L\u00f3pez Montiel, de 21 a\u00f1os de edad, quien hab\u00eda sido reportada como desaparecida desde el pasado 15 de&hellip;\" \/>\n<meta property=\"og:url\" content=\"https:\/\/prensapaisa.com\/index.php\/2022\/08\/20\/aparecio-sin-vida-una-de-las-dos-mujeres-desaparecidas-en-el-bajo-cauca-antioqueno\/\" \/>\n<meta property=\"og:site_name\" content=\"PRENSA PAISA\" \/>\n<meta property=\"article:published_time\" content=\"2022-08-20T11:24:00+00:00\" \/>\n<meta property=\"article:modified_time\" content=\"2022-08-21T16:25:38+00:00\" \/>\n<meta property=\"og:image\" content=\"https:\/\/prensapaisa.com\/wp-content\/uploads\/2022\/08\/1-120.jpg\" \/>\n\t<meta property=\"og:image:width\" content=\"1080\" \/>\n\t<meta property=\"og:image:height\" content=\"1080\" \/>\n\t<meta property=\"og:image:type\" content=\"image\/jpeg\" \/>\n<meta name=\"author\" content=\"noticias@prensapaisa.com\" \/>\n<meta name=\"twitter:card\" content=\"summary_large_image\" \/>\n<meta name=\"twitter:label1\" content=\"Escrito por\" \/>\n\t<meta name=\"twitter:data1\" content=\"noticias@prensapaisa.com\" \/>\n\t<meta name=\"twitter:label2\" content=\"Tiempo de lectura\" \/>\n\t<meta name=\"twitter:data2\" content=\"3 minutos\" \/>\n<script type=\"application\/ld+json\" class=\"yoast-schema-graph\">{\"@context\":\"https:\\\/\\\/schema.org\",\"@graph\":[{\"@type\":\"Article\",\"@id\":\"https:\\\/\\\/prensapaisa.com\\\/index.php\\\/2022\\\/08\\\/20\\\/aparecio-sin-vida-una-de-las-dos-mujeres-desaparecidas-en-el-bajo-cauca-antioqueno\\\/#article\",\"isPartOf\":{\"@id\":\"https:\\\/\\\/prensapaisa.com\\\/index.php\\\/2022\\\/08\\\/20\\\/aparecio-sin-vida-una-de-las-dos-mujeres-desaparecidas-en-el-bajo-cauca-antioqueno\\\/\"},\"author\":{\"name\":\"noticias@prensapaisa.com\",\"@id\":\"https:\\\/\\\/prensapaisa.com\\\/#\\\/schema\\\/person\\\/c5899b8b285dbcd70faec88a7c1579f6\"},\"headline\":\"Apareci\u00f3 sin vida una de las dos mujeres desaparecidas en el Bajo Cauca antioque\u00f1o\",\"datePublished\":\"2022-08-20T11:24:00+00:00\",\"dateModified\":\"2022-08-21T16:25:38+00:00\",\"mainEntityOfPage\":{\"@id\":\"https:\\\/\\\/prensapaisa.com\\\/index.php\\\/2022\\\/08\\\/20\\\/aparecio-sin-vida-una-de-las-dos-mujeres-desaparecidas-en-el-bajo-cauca-antioqueno\\\/\"},\"wordCount\":261,\"commentCount\":0,\"publisher\":{\"@id\":\"https:\\\/\\\/prensapaisa.com\\\/#organization\"},\"image\":{\"@id\":\"https:\\\/\\\/prensapaisa.com\\\/index.php\\\/2022\\\/08\\\/20\\\/aparecio-sin-vida-una-de-las-dos-mujeres-desaparecidas-en-el-bajo-cauca-antioqueno\\\/#primaryimage\"},\"thumbnailUrl\":\"https:\\\/\\\/prensapaisa.com\\\/wp-content\\\/uploads\\\/2022\\\/08\\\/1-120.jpg\",\"articleSection\":[\"Fallecidos\",\"Municipios\",\"Noticias\"],\"inLanguage\":\"es-CO\",\"potentialAction\":[{\"@type\":\"CommentAction\",\"name\":\"Comment\",\"target\":[\"https:\\\/\\\/prensapaisa.com\\\/index.php\\\/2022\\\/08\\\/20\\\/aparecio-sin-vida-una-de-las-dos-mujeres-desaparecidas-en-el-bajo-cauca-antioqueno\\\/#respond\"]}]},{\"@type\":\"WebPage\",\"@id\":\"https:\\\/\\\/prensapaisa.com\\\/index.php\\\/2022\\\/08\\\/20\\\/aparecio-sin-vida-una-de-las-dos-mujeres-desaparecidas-en-el-bajo-cauca-antioqueno\\\/\",\"url\":\"https:\\\/\\\/prensapaisa.com\\\/index.php\\\/2022\\\/08\\\/20\\\/aparecio-sin-vida-una-de-las-dos-mujeres-desaparecidas-en-el-bajo-cauca-antioqueno\\\/\",\"name\":\"Apareci\u00f3 sin vida una de las dos mujeres desaparecidas en el Bajo Cauca antioque\u00f1o - PRENSA PAISA\",\"isPartOf\":{\"@id\":\"https:\\\/\\\/prensapaisa.com\\\/#website\"},\"primaryImageOfPage\":{\"@id\":\"https:\\\/\\\/prensapaisa.com\\\/index.php\\\/2022\\\/08\\\/20\\\/aparecio-sin-vida-una-de-las-dos-mujeres-desaparecidas-en-el-bajo-cauca-antioqueno\\\/#primaryimage\"},\"image\":{\"@id\":\"https:\\\/\\\/prensapaisa.com\\\/index.php\\\/2022\\\/08\\\/20\\\/aparecio-sin-vida-una-de-las-dos-mujeres-desaparecidas-en-el-bajo-cauca-antioqueno\\\/#primaryimage\"},\"thumbnailUrl\":\"https:\\\/\\\/prensapaisa.com\\\/wp-content\\\/uploads\\\/2022\\\/08\\\/1-120.jpg\",\"datePublished\":\"2022-08-20T11:24:00+00:00\",\"dateModified\":\"2022-08-21T16:25:38+00:00\",\"breadcrumb\":{\"@id\":\"https:\\\/\\\/prensapaisa.com\\\/index.php\\\/2022\\\/08\\\/20\\\/aparecio-sin-vida-una-de-las-dos-mujeres-desaparecidas-en-el-bajo-cauca-antioqueno\\\/#breadcrumb\"},\"inLanguage\":\"es-CO\",\"potentialAction\":[{\"@type\":\"ReadAction\",\"target\":[\"https:\\\/\\\/prensapaisa.com\\\/index.php\\\/2022\\\/08\\\/20\\\/aparecio-sin-vida-una-de-las-dos-mujeres-desaparecidas-en-el-bajo-cauca-antioqueno\\\/\"]}]},{\"@type\":\"ImageObject\",\"inLanguage\":\"es-CO\",\"@id\":\"https:\\\/\\\/prensapaisa.com\\\/index.php\\\/2022\\\/08\\\/20\\\/aparecio-sin-vida-una-de-las-dos-mujeres-desaparecidas-en-el-bajo-cauca-antioqueno\\\/#primaryimage\",\"url\":\"https:\\\/\\\/prensapaisa.com\\\/wp-content\\\/uploads\\\/2022\\\/08\\\/1-120.jpg\",\"contentUrl\":\"https:\\\/\\\/prensapaisa.com\\\/wp-content\\\/uploads\\\/2022\\\/08\\\/1-120.jpg\",\"width\":1080,\"height\":1080},{\"@type\":\"BreadcrumbList\",\"@id\":\"https:\\\/\\\/prensapaisa.com\\\/index.php\\\/2022\\\/08\\\/20\\\/aparecio-sin-vida-una-de-las-dos-mujeres-desaparecidas-en-el-bajo-cauca-antioqueno\\\/#breadcrumb\",\"itemListElement\":[{\"@type\":\"ListItem\",\"position\":1,\"name\":\"Inicio\",\"item\":\"https:\\\/\\\/prensapaisa.com\\\/\"},{\"@type\":\"ListItem\",\"position\":2,\"name\":\"Apareci\u00f3 sin vida una de las dos mujeres desaparecidas en el Bajo Cauca antioque\u00f1o\"}]},{\"@type\":\"WebSite\",\"@id\":\"https:\\\/\\\/prensapaisa.com\\\/#website\",\"url\":\"https:\\\/\\\/prensapaisa.com\\\/\",\"name\":\"PRENSA PAISA\",\"description\":\"Prensa Paisa la Original | Noticias de Medell\u00edn, Antioquia\",\"publisher\":{\"@id\":\"https:\\\/\\\/prensapaisa.com\\\/#organization\"},\"potentialAction\":[{\"@type\":\"SearchAction\",\"target\":{\"@type\":\"EntryPoint\",\"urlTemplate\":\"https:\\\/\\\/prensapaisa.com\\\/?s={search_term_string}\"},\"query-input\":{\"@type\":\"PropertyValueSpecification\",\"valueRequired\":true,\"valueName\":\"search_term_string\"}}],\"inLanguage\":\"es-CO\"},{\"@type\":\"Organization\",\"@id\":\"https:\\\/\\\/prensapaisa.com\\\/#organization\",\"name\":\"PRENSA PAISA\",\"url\":\"https:\\\/\\\/prensapaisa.com\\\/\",\"logo\":{\"@type\":\"ImageObject\",\"inLanguage\":\"es-CO\",\"@id\":\"https:\\\/\\\/prensapaisa.com\\\/#\\\/schema\\\/logo\\\/image\\\/\",\"url\":\"https:\\\/\\\/prensapaisa.com\\\/wp-content\\\/uploads\\\/2022\\\/05\\\/cropped-cropped-prensa.png\",\"contentUrl\":\"https:\\\/\\\/prensapaisa.com\\\/wp-content\\\/uploads\\\/2022\\\/05\\\/cropped-cropped-prensa.png\",\"width\":784,\"height\":524,\"caption\":\"PRENSA PAISA\"},\"image\":{\"@id\":\"https:\\\/\\\/prensapaisa.com\\\/#\\\/schema\\\/logo\\\/image\\\/\"}},{\"@type\":\"Person\",\"@id\":\"https:\\\/\\\/prensapaisa.com\\\/#\\\/schema\\\/person\\\/c5899b8b285dbcd70faec88a7c1579f6\",\"name\":\"noticias@prensapaisa.com\",\"image\":{\"@type\":\"ImageObject\",\"inLanguage\":\"es-CO\",\"@id\":\"https:\\\/\\\/secure.gravatar.com\\\/avatar\\\/ca2b49c1df14b84557c567431f045ea69c8ea5da2da50309fd4de9b811da0433?s=96&d=mm&r=g\",\"url\":\"https:\\\/\\\/secure.gravatar.com\\\/avatar\\\/ca2b49c1df14b84557c567431f045ea69c8ea5da2da50309fd4de9b811da0433?s=96&d=mm&r=g\",\"contentUrl\":\"https:\\\/\\\/secure.gravatar.com\\\/avatar\\\/ca2b49c1df14b84557c567431f045ea69c8ea5da2da50309fd4de9b811da0433?s=96&d=mm&r=g\",\"caption\":\"noticias@prensapaisa.com\"},\"sameAs\":[\"http:\\\/\\\/prensapaisa.com\"],\"url\":\"https:\\\/\\\/prensapaisa.com\\\/index.php\\\/author\\\/prensapaisagmail-com\\\/\"}]}<\/script>\n<!-- \/ Yoast SEO plugin. -->","yoast_head_json":{"title":"Apareci\u00f3 sin vida una de las dos mujeres desaparecidas en el Bajo Cauca antioque\u00f1o - PRENSA PAISA","robots":{"index":"index","follow":"follow","max-snippet":"max-snippet:-1","max-image-preview":"max-image-preview:large","max-video-preview":"max-video-preview:-1"},"canonical":"https:\/\/prensapaisa.com\/index.php\/2022\/08\/20\/aparecio-sin-vida-una-de-las-dos-mujeres-desaparecidas-en-el-bajo-cauca-antioqueno\/","og_locale":"es_ES","og_type":"article","og_title":"Apareci\u00f3 sin vida una de las dos mujeres desaparecidas en el Bajo Cauca antioque\u00f1o - PRENSA PAISA","og_description":"&#8220;En el rR\u00edo Nech\u00ed encontraron el cuerpo de la joven Nayra Alejandra L\u00f3pez Montiel, de 21 a\u00f1os de edad, quien hab\u00eda sido reportada como desaparecida desde el pasado 15 de&hellip;","og_url":"https:\/\/prensapaisa.com\/index.php\/2022\/08\/20\/aparecio-sin-vida-una-de-las-dos-mujeres-desaparecidas-en-el-bajo-cauca-antioqueno\/","og_site_name":"PRENSA PAISA","article_published_time":"2022-08-20T11:24:00+00:00","article_modified_time":"2022-08-21T16:25:38+00:00","og_image":[{"width":1080,"height":1080,"url":"https:\/\/prensapaisa.com\/wp-content\/uploads\/2022\/08\/1-120.jpg","type":"image\/jpeg"}],"author":"noticias@prensapaisa.com","twitter_card":"summary_large_image","twitter_misc":{"Escrito por":"noticias@prensapaisa.com","Tiempo de lectura":"3 minutos"},"schema":{"@context":"https:\/\/schema.org","@graph":[{"@type":"Article","@id":"https:\/\/prensapaisa.com\/index.php\/2022\/08\/20\/aparecio-sin-vida-una-de-las-dos-mujeres-desaparecidas-en-el-bajo-cauca-antioqueno\/#article","isPartOf":{"@id":"https:\/\/prensapaisa.com\/index.php\/2022\/08\/20\/aparecio-sin-vida-una-de-las-dos-mujeres-desaparecidas-en-el-bajo-cauca-antioqueno\/"},"author":{"name":"noticias@prensapaisa.com","@id":"https:\/\/prensapaisa.com\/#\/schema\/person\/c5899b8b285dbcd70faec88a7c1579f6"},"headline":"Apareci\u00f3 sin vida una de las dos mujeres desaparecidas en el Bajo Cauca antioque\u00f1o","datePublished":"2022-08-20T11:24:00+00:00","dateModified":"2022-08-21T16:25:38+00:00","mainEntityOfPage":{"@id":"https:\/\/prensapaisa.com\/index.php\/2022\/08\/20\/aparecio-sin-vida-una-de-las-dos-mujeres-desaparecidas-en-el-bajo-cauca-antioqueno\/"},"wordCount":261,"commentCount":0,"publisher":{"@id":"https:\/\/prensapaisa.com\/#organization"},"image":{"@id":"https:\/\/prensapaisa.com\/index.php\/2022\/08\/20\/aparecio-sin-vida-una-de-las-dos-mujeres-desaparecidas-en-el-bajo-cauca-antioqueno\/#primaryimage"},"thumbnailUrl":"https:\/\/prensapaisa.com\/wp-content\/uploads\/2022\/08\/1-120.jpg","articleSection":["Fallecidos","Municipios","Noticias"],"inLanguage":"es-CO","potentialAction":[{"@type":"CommentAction","name":"Comment","target":["https:\/\/prensapaisa.com\/index.php\/2022\/08\/20\/aparecio-sin-vida-una-de-las-dos-mujeres-desaparecidas-en-el-bajo-cauca-antioqueno\/#respond"]}]},{"@type":"WebPage","@id":"https:\/\/prensapaisa.com\/index.php\/2022\/08\/20\/aparecio-sin-vida-una-de-las-dos-mujeres-desaparecidas-en-el-bajo-cauca-antioqueno\/","url":"https:\/\/prensapaisa.com\/index.php\/2022\/08\/20\/aparecio-sin-vida-una-de-las-dos-mujeres-desaparecidas-en-el-bajo-cauca-antioqueno\/","name":"Apareci\u00f3 sin vida una de las dos mujeres desaparecidas en el Bajo Cauca antioque\u00f1o - PRENSA PAISA","isPartOf":{"@id":"https:\/\/prensapaisa.com\/#website"},"primaryImageOfPage":{"@id":"https:\/\/prensapaisa.com\/index.php\/2022\/08\/20\/aparecio-sin-vida-una-de-las-dos-mujeres-desaparecidas-en-el-bajo-cauca-antioqueno\/#primaryimage"},"image":{"@id":"https:\/\/prensapaisa.com\/index.php\/2022\/08\/20\/aparecio-sin-vida-una-de-las-dos-mujeres-desaparecidas-en-el-bajo-cauca-antioqueno\/#primaryimage"},"thumbnailUrl":"https:\/\/prensapaisa.com\/wp-content\/uploads\/2022\/08\/1-120.jpg","datePublished":"2022-08-20T11:24:00+00:00","dateModified":"2022-08-21T16:25:38+00:00","breadcrumb":{"@id":"https:\/\/prensapaisa.com\/index.php\/2022\/08\/20\/aparecio-sin-vida-una-de-las-dos-mujeres-desaparecidas-en-el-bajo-cauca-antioqueno\/#breadcrumb"},"inLanguage":"es-CO","potentialAction":[{"@type":"ReadAction","target":["https:\/\/prensapaisa.com\/index.php\/2022\/08\/20\/aparecio-sin-vida-una-de-las-dos-mujeres-desaparecidas-en-el-bajo-cauca-antioqueno\/"]}]},{"@type":"ImageObject","inLanguage":"es-CO","@id":"https:\/\/prensapaisa.com\/index.php\/2022\/08\/20\/aparecio-sin-vida-una-de-las-dos-mujeres-desaparecidas-en-el-bajo-cauca-antioqueno\/#primaryimage","url":"https:\/\/prensapaisa.com\/wp-content\/uploads\/2022\/08\/1-120.jpg","contentUrl":"https:\/\/prensapaisa.com\/wp-content\/uploads\/2022\/08\/1-120.jpg","width":1080,"height":1080},{"@type":"BreadcrumbList","@id":"https:\/\/prensapaisa.com\/index.php\/2022\/08\/20\/aparecio-sin-vida-una-de-las-dos-mujeres-desaparecidas-en-el-bajo-cauca-antioqueno\/#breadcrumb","itemListElement":[{"@type":"ListItem","position":1,"name":"Inicio","item":"https:\/\/prensapaisa.com\/"},{"@type":"ListItem","position":2,"name":"Apareci\u00f3 sin vida una de las dos mujeres desaparecidas en el Bajo Cauca antioque\u00f1o"}]},{"@type":"WebSite","@id":"https:\/\/prensapaisa.com\/#website","url":"https:\/\/prensapaisa.com\/","name":"PRENSA PAISA","description":"Prensa Paisa la Original | Noticias de Medell\u00edn, Antioquia","publisher":{"@id":"https:\/\/prensapaisa.com\/#organization"},"potentialAction":[{"@type":"SearchAction","target":{"@type":"EntryPoint","urlTemplate":"https:\/\/prensapaisa.com\/?s={search_term_string}"},"query-input":{"@type":"PropertyValueSpecification","valueRequired":true,"valueName":"search_term_string"}}],"inLanguage":"es-CO"},{"@type":"Organization","@id":"https:\/\/prensapaisa.com\/#organization","name":"PRENSA PAISA","url":"https:\/\/prensapaisa.com\/","logo":{"@type":"ImageObject","inLanguage":"es-CO","@id":"https:\/\/prensapaisa.com\/#\/schema\/logo\/image\/","url":"https:\/\/prensapaisa.com\/wp-content\/uploads\/2022\/05\/cropped-cropped-prensa.png","contentUrl":"https:\/\/prensapaisa.com\/wp-content\/uploads\/2022\/05\/cropped-cropped-prensa.png","width":784,"height":524,"caption":"PRENSA PAISA"},"image":{"@id":"https:\/\/prensapaisa.com\/#\/schema\/logo\/image\/"}},{"@type":"Person","@id":"https:\/\/prensapaisa.com\/#\/schema\/person\/c5899b8b285dbcd70faec88a7c1579f6","name":"noticias@prensapaisa.com","image":{"@type":"ImageObject","inLanguage":"es-CO","@id":"https:\/\/secure.gravatar.com\/avatar\/ca2b49c1df14b84557c567431f045ea69c8ea5da2da50309fd4de9b811da0433?s=96&d=mm&r=g","url":"https:\/\/secure.gravatar.com\/avatar\/ca2b49c1df14b84557c567431f045ea69c8ea5da2da50309fd4de9b811da0433?s=96&d=mm&r=g","contentUrl":"https:\/\/secure.gravatar.com\/avatar\/ca2b49c1df14b84557c567431f045ea69c8ea5da2da50309fd4de9b811da0433?s=96&d=mm&r=g","caption":"noticias@prensapaisa.com"},"sameAs":["http:\/\/prensapaisa.com"],"url":"https:\/\/prensapaisa.com\/index.php\/author\/prensapaisagmail-com\/"}]}},"_links":{"self":[{"href":"https:\/\/prensapaisa.com\/index.php\/wp-json\/wp\/v2\/posts\/6225","targetHints":{"allow":["GET"]}}],"collection":[{"href":"https:\/\/prensapaisa.com\/index.php\/wp-json\/wp\/v2\/posts"}],"about":[{"href":"https:\/\/prensapaisa.com\/index.php\/wp-json\/wp\/v2\/types\/post"}],"author":[{"embeddable":true,"href":"https:\/\/prensapaisa.com\/index.php\/wp-json\/wp\/v2\/users\/1"}],"replies":[{"embeddable":true,"href":"https:\/\/prensapaisa.com\/index.php\/wp-json\/wp\/v2\/comments?post=6225"}],"version-history":[{"count":2,"href":"https:\/\/prensapaisa.com\/index.php\/wp-json\/wp\/v2\/posts\/6225\/revisions"}],"predecessor-version":[{"id":6235,"href":"https:\/\/prensapaisa.com\/index.php\/wp-json\/wp\/v2\/posts\/6225\/revisions\/6235"}],"wp:featuredmedia":[{"embeddable":true,"href":"https:\/\/prensapaisa.com\/index.php\/wp-json\/wp\/v2\/media\/6233"}],"wp:attachment":[{"href":"https:\/\/prensapaisa.com\/index.php\/wp-json\/wp\/v2\/media?parent=6225"}],"wp:term":[{"taxonomy":"category","embeddable":true,"href":"https:\/\/prensapaisa.com\/index.php\/wp-json\/wp\/v2\/categories?post=6225"},{"taxonomy":"post_tag","embeddable":true,"href":"https:\/\/prensapaisa.com\/index.php\/wp-json\/wp\/v2\/tags?post=6225"}],"curies":[{"name":"wp","href":"https:\/\/api.w.org\/{rel}","templated":true}]}}