{"id":5827,"date":"2022-08-07T10:48:00","date_gmt":"2022-08-07T15:48:00","guid":{"rendered":"https:\/\/prensapaisa.com\/?p=5827"},"modified":"2022-08-09T22:49:01","modified_gmt":"2022-08-10T03:49:01","slug":"barbero-desaparecio-misteriosamente-en-el-bajo-cauca-antioqueno","status":"publish","type":"post","link":"https:\/\/prensapaisa.com\/index.php\/2022\/08\/07\/barbero-desaparecio-misteriosamente-en-el-bajo-cauca-antioqueno\/","title":{"rendered":"Barbero desapareci\u00f3 misteriosamente en el Bajo Cauca antioque\u00f1o"},"content":{"rendered":"\n<p>&#8220;Preocupada se encuentra la familia del menor Sebasti\u00e1n Contreras, de 17 a\u00f1os de edad, quien desapareci\u00f3 el 2 de agosto del presente a\u00f1o mientras se dirig\u00eda de Montel\u00edbano, C\u00f3rdoba, al municipio de El Bagre, en el Bajo Cauca antioque\u00f1o.<\/p>\n\n\n\n<p>El joven se hab\u00eda trasladado a El Bagre en una motocicleta, seg\u00fan relatan sus seres queridos, quienes ante el desespero por encontrarlo han difundido fotograf\u00edas de \u00e9l en redes sociales.<\/p>\n\n\n\n<p>Desde ese momento sus familiares lo han buscado por diferentes lugares sin obtener resultados positivos. Lo m\u00e1s angustiante es que le avisaron a su madre que, al parecer, lo habr\u00edan asesinado y lanzado al r\u00edo Nech\u00ed, informaci\u00f3n que deber\u00e1 confirmarse&#8221;.<\/p>\n\n\n\n<figure class=\"wp-block-gallery has-nested-images columns-default is-cropped wp-block-gallery-1 is-layout-flex wp-block-gallery-is-layout-flex\">\n<figure class=\"wp-block-image size-large\"><img fetchpriority=\"high\" decoding=\"async\" width=\"1024\" height=\"1024\" data-id=\"5832\" src=\"https:\/\/prensapaisa.com\/wp-content\/uploads\/2022\/08\/02-20-1024x1024.jpg\" alt=\"\" class=\"wp-image-5832\" srcset=\"https:\/\/prensapaisa.com\/wp-content\/uploads\/2022\/08\/02-20-1024x1024.jpg 1024w, https:\/\/prensapaisa.com\/wp-content\/uploads\/2022\/08\/02-20-300x300.jpg 300w, https:\/\/prensapaisa.com\/wp-content\/uploads\/2022\/08\/02-20-150x150.jpg 150w, https:\/\/prensapaisa.com\/wp-content\/uploads\/2022\/08\/02-20-768x768.jpg 768w, https:\/\/prensapaisa.com\/wp-content\/uploads\/2022\/08\/02-20-585x585.jpg 585w, https:\/\/prensapaisa.com\/wp-content\/uploads\/2022\/08\/02-20.jpg 1080w\" sizes=\"(max-width: 1024px) 100vw, 1024px\" \/><\/figure>\n\n\n\n<figure class=\"wp-block-image size-large\"><img decoding=\"async\" width=\"720\" height=\"822\" data-id=\"5831\" src=\"https:\/\/prensapaisa.com\/wp-content\/uploads\/2022\/08\/2-14.jpg\" alt=\"\" class=\"wp-image-5831\" srcset=\"https:\/\/prensapaisa.com\/wp-content\/uploads\/2022\/08\/2-14.jpg 720w, https:\/\/prensapaisa.com\/wp-content\/uploads\/2022\/08\/2-14-263x300.jpg 263w, https:\/\/prensapaisa.com\/wp-content\/uploads\/2022\/08\/2-14-585x668.jpg 585w\" sizes=\"(max-width: 720px) 100vw, 720px\" \/><\/figure>\n\n\n\n<figure class=\"wp-block-image size-large\"><img decoding=\"async\" width=\"719\" height=\"611\" data-id=\"5830\" src=\"https:\/\/prensapaisa.com\/wp-content\/uploads\/2022\/08\/03-9.jpg\" alt=\"\" class=\"wp-image-5830\" srcset=\"https:\/\/prensapaisa.com\/wp-content\/uploads\/2022\/08\/03-9.jpg 719w, https:\/\/prensapaisa.com\/wp-content\/uploads\/2022\/08\/03-9-300x255.jpg 300w, https:\/\/prensapaisa.com\/wp-content\/uploads\/2022\/08\/03-9-585x497.jpg 585w\" sizes=\"(max-width: 719px) 100vw, 719px\" \/><\/figure>\n\n\n\n<figure class=\"wp-block-image size-large\"><img loading=\"lazy\" decoding=\"async\" width=\"640\" height=\"483\" data-id=\"5829\" src=\"https:\/\/prensapaisa.com\/wp-content\/uploads\/2022\/08\/3-7.jpg\" alt=\"\" class=\"wp-image-5829\" srcset=\"https:\/\/prensapaisa.com\/wp-content\/uploads\/2022\/08\/3-7.jpg 640w, https:\/\/prensapaisa.com\/wp-content\/uploads\/2022\/08\/3-7-300x226.jpg 300w, https:\/\/prensapaisa.com\/wp-content\/uploads\/2022\/08\/3-7-585x441.jpg 585w\" sizes=\"(max-width: 640px) 100vw, 640px\" \/><\/figure>\n<\/figure>\n","protected":false},"excerpt":{"rendered":"<p>&#8220;Preocupada se encuentra la familia del menor Sebasti\u00e1n Contreras, de 17 a\u00f1os de edad, quien desapareci\u00f3 el 2 de agosto del presente a\u00f1o mientras se dirig\u00eda de Montel\u00edbano, C\u00f3rdoba, al&hellip;<\/p>\n","protected":false},"author":1,"featured_media":5828,"comment_status":"open","ping_status":"open","sticky":false,"template":"","format":"standard","meta":{"footnotes":""},"categories":[51,1],"tags":[],"class_list":["post-5827","post","type-post","status-publish","format-standard","has-post-thumbnail","hentry","category-desaparecidos","category-noticias"],"yoast_head":"<!-- This site is optimized with the Yoast SEO plugin v27.4 - https:\/\/yoast.com\/product\/yoast-seo-wordpress\/ -->\n<title>Barbero desapareci\u00f3 misteriosamente en el Bajo Cauca antioque\u00f1o - PRENSA PAISA<\/title>\n<meta name=\"robots\" content=\"index, follow, max-snippet:-1, max-image-preview:large, max-video-preview:-1\" \/>\n<link rel=\"canonical\" href=\"https:\/\/prensapaisa.com\/index.php\/2022\/08\/07\/barbero-desaparecio-misteriosamente-en-el-bajo-cauca-antioqueno\/\" \/>\n<meta property=\"og:locale\" content=\"es_ES\" \/>\n<meta property=\"og:type\" content=\"article\" \/>\n<meta property=\"og:title\" content=\"Barbero desapareci\u00f3 misteriosamente en el Bajo Cauca antioque\u00f1o - PRENSA PAISA\" \/>\n<meta property=\"og:description\" content=\"&#8220;Preocupada se encuentra la familia del menor Sebasti\u00e1n Contreras, de 17 a\u00f1os de edad, quien desapareci\u00f3 el 2 de agosto del presente a\u00f1o mientras se dirig\u00eda de Montel\u00edbano, C\u00f3rdoba, al&hellip;\" \/>\n<meta property=\"og:url\" content=\"https:\/\/prensapaisa.com\/index.php\/2022\/08\/07\/barbero-desaparecio-misteriosamente-en-el-bajo-cauca-antioqueno\/\" \/>\n<meta property=\"og:site_name\" content=\"PRENSA PAISA\" \/>\n<meta property=\"article:published_time\" content=\"2022-08-07T15:48:00+00:00\" \/>\n<meta property=\"article:modified_time\" content=\"2022-08-10T03:49:01+00:00\" \/>\n<meta property=\"og:image\" content=\"https:\/\/prensapaisa.com\/wp-content\/uploads\/2022\/08\/1-38.jpg\" \/>\n\t<meta property=\"og:image:width\" content=\"1080\" \/>\n\t<meta property=\"og:image:height\" content=\"1837\" \/>\n\t<meta property=\"og:image:type\" content=\"image\/jpeg\" \/>\n<meta name=\"author\" content=\"noticias@prensapaisa.com\" \/>\n<meta name=\"twitter:card\" content=\"summary_large_image\" \/>\n<meta name=\"twitter:label1\" content=\"Escrito por\" \/>\n\t<meta name=\"twitter:data1\" content=\"noticias@prensapaisa.com\" \/>\n\t<meta name=\"twitter:label2\" content=\"Tiempo de lectura\" \/>\n\t<meta name=\"twitter:data2\" content=\"2 minutos\" \/>\n<script type=\"application\/ld+json\" class=\"yoast-schema-graph\">{\"@context\":\"https:\\\/\\\/schema.org\",\"@graph\":[{\"@type\":\"Article\",\"@id\":\"https:\\\/\\\/prensapaisa.com\\\/index.php\\\/2022\\\/08\\\/07\\\/barbero-desaparecio-misteriosamente-en-el-bajo-cauca-antioqueno\\\/#article\",\"isPartOf\":{\"@id\":\"https:\\\/\\\/prensapaisa.com\\\/index.php\\\/2022\\\/08\\\/07\\\/barbero-desaparecio-misteriosamente-en-el-bajo-cauca-antioqueno\\\/\"},\"author\":{\"name\":\"noticias@prensapaisa.com\",\"@id\":\"https:\\\/\\\/prensapaisa.com\\\/#\\\/schema\\\/person\\\/c5899b8b285dbcd70faec88a7c1579f6\"},\"headline\":\"Barbero desapareci\u00f3 misteriosamente en el Bajo Cauca antioque\u00f1o\",\"datePublished\":\"2022-08-07T15:48:00+00:00\",\"dateModified\":\"2022-08-10T03:49:01+00:00\",\"mainEntityOfPage\":{\"@id\":\"https:\\\/\\\/prensapaisa.com\\\/index.php\\\/2022\\\/08\\\/07\\\/barbero-desaparecio-misteriosamente-en-el-bajo-cauca-antioqueno\\\/\"},\"wordCount\":130,\"commentCount\":0,\"publisher\":{\"@id\":\"https:\\\/\\\/prensapaisa.com\\\/#organization\"},\"image\":{\"@id\":\"https:\\\/\\\/prensapaisa.com\\\/index.php\\\/2022\\\/08\\\/07\\\/barbero-desaparecio-misteriosamente-en-el-bajo-cauca-antioqueno\\\/#primaryimage\"},\"thumbnailUrl\":\"https:\\\/\\\/prensapaisa.com\\\/wp-content\\\/uploads\\\/2022\\\/08\\\/1-38.jpg\",\"articleSection\":[\"Desaparecidos\",\"Noticias\"],\"inLanguage\":\"es-CO\",\"potentialAction\":[{\"@type\":\"CommentAction\",\"name\":\"Comment\",\"target\":[\"https:\\\/\\\/prensapaisa.com\\\/index.php\\\/2022\\\/08\\\/07\\\/barbero-desaparecio-misteriosamente-en-el-bajo-cauca-antioqueno\\\/#respond\"]}]},{\"@type\":\"WebPage\",\"@id\":\"https:\\\/\\\/prensapaisa.com\\\/index.php\\\/2022\\\/08\\\/07\\\/barbero-desaparecio-misteriosamente-en-el-bajo-cauca-antioqueno\\\/\",\"url\":\"https:\\\/\\\/prensapaisa.com\\\/index.php\\\/2022\\\/08\\\/07\\\/barbero-desaparecio-misteriosamente-en-el-bajo-cauca-antioqueno\\\/\",\"name\":\"Barbero desapareci\u00f3 misteriosamente en el Bajo Cauca antioque\u00f1o - PRENSA PAISA\",\"isPartOf\":{\"@id\":\"https:\\\/\\\/prensapaisa.com\\\/#website\"},\"primaryImageOfPage\":{\"@id\":\"https:\\\/\\\/prensapaisa.com\\\/index.php\\\/2022\\\/08\\\/07\\\/barbero-desaparecio-misteriosamente-en-el-bajo-cauca-antioqueno\\\/#primaryimage\"},\"image\":{\"@id\":\"https:\\\/\\\/prensapaisa.com\\\/index.php\\\/2022\\\/08\\\/07\\\/barbero-desaparecio-misteriosamente-en-el-bajo-cauca-antioqueno\\\/#primaryimage\"},\"thumbnailUrl\":\"https:\\\/\\\/prensapaisa.com\\\/wp-content\\\/uploads\\\/2022\\\/08\\\/1-38.jpg\",\"datePublished\":\"2022-08-07T15:48:00+00:00\",\"dateModified\":\"2022-08-10T03:49:01+00:00\",\"breadcrumb\":{\"@id\":\"https:\\\/\\\/prensapaisa.com\\\/index.php\\\/2022\\\/08\\\/07\\\/barbero-desaparecio-misteriosamente-en-el-bajo-cauca-antioqueno\\\/#breadcrumb\"},\"inLanguage\":\"es-CO\",\"potentialAction\":[{\"@type\":\"ReadAction\",\"target\":[\"https:\\\/\\\/prensapaisa.com\\\/index.php\\\/2022\\\/08\\\/07\\\/barbero-desaparecio-misteriosamente-en-el-bajo-cauca-antioqueno\\\/\"]}]},{\"@type\":\"ImageObject\",\"inLanguage\":\"es-CO\",\"@id\":\"https:\\\/\\\/prensapaisa.com\\\/index.php\\\/2022\\\/08\\\/07\\\/barbero-desaparecio-misteriosamente-en-el-bajo-cauca-antioqueno\\\/#primaryimage\",\"url\":\"https:\\\/\\\/prensapaisa.com\\\/wp-content\\\/uploads\\\/2022\\\/08\\\/1-38.jpg\",\"contentUrl\":\"https:\\\/\\\/prensapaisa.com\\\/wp-content\\\/uploads\\\/2022\\\/08\\\/1-38.jpg\",\"width\":1080,\"height\":1837},{\"@type\":\"BreadcrumbList\",\"@id\":\"https:\\\/\\\/prensapaisa.com\\\/index.php\\\/2022\\\/08\\\/07\\\/barbero-desaparecio-misteriosamente-en-el-bajo-cauca-antioqueno\\\/#breadcrumb\",\"itemListElement\":[{\"@type\":\"ListItem\",\"position\":1,\"name\":\"Inicio\",\"item\":\"https:\\\/\\\/prensapaisa.com\\\/\"},{\"@type\":\"ListItem\",\"position\":2,\"name\":\"Barbero desapareci\u00f3 misteriosamente en el Bajo Cauca antioque\u00f1o\"}]},{\"@type\":\"WebSite\",\"@id\":\"https:\\\/\\\/prensapaisa.com\\\/#website\",\"url\":\"https:\\\/\\\/prensapaisa.com\\\/\",\"name\":\"PRENSA PAISA\",\"description\":\"Prensa Paisa la Original | Noticias de Medell\u00edn, Antioquia\",\"publisher\":{\"@id\":\"https:\\\/\\\/prensapaisa.com\\\/#organization\"},\"potentialAction\":[{\"@type\":\"SearchAction\",\"target\":{\"@type\":\"EntryPoint\",\"urlTemplate\":\"https:\\\/\\\/prensapaisa.com\\\/?s={search_term_string}\"},\"query-input\":{\"@type\":\"PropertyValueSpecification\",\"valueRequired\":true,\"valueName\":\"search_term_string\"}}],\"inLanguage\":\"es-CO\"},{\"@type\":\"Organization\",\"@id\":\"https:\\\/\\\/prensapaisa.com\\\/#organization\",\"name\":\"PRENSA PAISA\",\"url\":\"https:\\\/\\\/prensapaisa.com\\\/\",\"logo\":{\"@type\":\"ImageObject\",\"inLanguage\":\"es-CO\",\"@id\":\"https:\\\/\\\/prensapaisa.com\\\/#\\\/schema\\\/logo\\\/image\\\/\",\"url\":\"https:\\\/\\\/prensapaisa.com\\\/wp-content\\\/uploads\\\/2022\\\/05\\\/cropped-cropped-prensa.png\",\"contentUrl\":\"https:\\\/\\\/prensapaisa.com\\\/wp-content\\\/uploads\\\/2022\\\/05\\\/cropped-cropped-prensa.png\",\"width\":784,\"height\":524,\"caption\":\"PRENSA PAISA\"},\"image\":{\"@id\":\"https:\\\/\\\/prensapaisa.com\\\/#\\\/schema\\\/logo\\\/image\\\/\"}},{\"@type\":\"Person\",\"@id\":\"https:\\\/\\\/prensapaisa.com\\\/#\\\/schema\\\/person\\\/c5899b8b285dbcd70faec88a7c1579f6\",\"name\":\"noticias@prensapaisa.com\",\"image\":{\"@type\":\"ImageObject\",\"inLanguage\":\"es-CO\",\"@id\":\"https:\\\/\\\/secure.gravatar.com\\\/avatar\\\/ca2b49c1df14b84557c567431f045ea69c8ea5da2da50309fd4de9b811da0433?s=96&d=mm&r=g\",\"url\":\"https:\\\/\\\/secure.gravatar.com\\\/avatar\\\/ca2b49c1df14b84557c567431f045ea69c8ea5da2da50309fd4de9b811da0433?s=96&d=mm&r=g\",\"contentUrl\":\"https:\\\/\\\/secure.gravatar.com\\\/avatar\\\/ca2b49c1df14b84557c567431f045ea69c8ea5da2da50309fd4de9b811da0433?s=96&d=mm&r=g\",\"caption\":\"noticias@prensapaisa.com\"},\"sameAs\":[\"http:\\\/\\\/prensapaisa.com\"],\"url\":\"https:\\\/\\\/prensapaisa.com\\\/index.php\\\/author\\\/prensapaisagmail-com\\\/\"}]}<\/script>\n<!-- \/ Yoast SEO plugin. -->","yoast_head_json":{"title":"Barbero desapareci\u00f3 misteriosamente en el Bajo Cauca antioque\u00f1o - PRENSA PAISA","robots":{"index":"index","follow":"follow","max-snippet":"max-snippet:-1","max-image-preview":"max-image-preview:large","max-video-preview":"max-video-preview:-1"},"canonical":"https:\/\/prensapaisa.com\/index.php\/2022\/08\/07\/barbero-desaparecio-misteriosamente-en-el-bajo-cauca-antioqueno\/","og_locale":"es_ES","og_type":"article","og_title":"Barbero desapareci\u00f3 misteriosamente en el Bajo Cauca antioque\u00f1o - PRENSA PAISA","og_description":"&#8220;Preocupada se encuentra la familia del menor Sebasti\u00e1n Contreras, de 17 a\u00f1os de edad, quien desapareci\u00f3 el 2 de agosto del presente a\u00f1o mientras se dirig\u00eda de Montel\u00edbano, C\u00f3rdoba, al&hellip;","og_url":"https:\/\/prensapaisa.com\/index.php\/2022\/08\/07\/barbero-desaparecio-misteriosamente-en-el-bajo-cauca-antioqueno\/","og_site_name":"PRENSA PAISA","article_published_time":"2022-08-07T15:48:00+00:00","article_modified_time":"2022-08-10T03:49:01+00:00","og_image":[{"width":1080,"height":1837,"url":"https:\/\/prensapaisa.com\/wp-content\/uploads\/2022\/08\/1-38.jpg","type":"image\/jpeg"}],"author":"noticias@prensapaisa.com","twitter_card":"summary_large_image","twitter_misc":{"Escrito por":"noticias@prensapaisa.com","Tiempo de lectura":"2 minutos"},"schema":{"@context":"https:\/\/schema.org","@graph":[{"@type":"Article","@id":"https:\/\/prensapaisa.com\/index.php\/2022\/08\/07\/barbero-desaparecio-misteriosamente-en-el-bajo-cauca-antioqueno\/#article","isPartOf":{"@id":"https:\/\/prensapaisa.com\/index.php\/2022\/08\/07\/barbero-desaparecio-misteriosamente-en-el-bajo-cauca-antioqueno\/"},"author":{"name":"noticias@prensapaisa.com","@id":"https:\/\/prensapaisa.com\/#\/schema\/person\/c5899b8b285dbcd70faec88a7c1579f6"},"headline":"Barbero desapareci\u00f3 misteriosamente en el Bajo Cauca antioque\u00f1o","datePublished":"2022-08-07T15:48:00+00:00","dateModified":"2022-08-10T03:49:01+00:00","mainEntityOfPage":{"@id":"https:\/\/prensapaisa.com\/index.php\/2022\/08\/07\/barbero-desaparecio-misteriosamente-en-el-bajo-cauca-antioqueno\/"},"wordCount":130,"commentCount":0,"publisher":{"@id":"https:\/\/prensapaisa.com\/#organization"},"image":{"@id":"https:\/\/prensapaisa.com\/index.php\/2022\/08\/07\/barbero-desaparecio-misteriosamente-en-el-bajo-cauca-antioqueno\/#primaryimage"},"thumbnailUrl":"https:\/\/prensapaisa.com\/wp-content\/uploads\/2022\/08\/1-38.jpg","articleSection":["Desaparecidos","Noticias"],"inLanguage":"es-CO","potentialAction":[{"@type":"CommentAction","name":"Comment","target":["https:\/\/prensapaisa.com\/index.php\/2022\/08\/07\/barbero-desaparecio-misteriosamente-en-el-bajo-cauca-antioqueno\/#respond"]}]},{"@type":"WebPage","@id":"https:\/\/prensapaisa.com\/index.php\/2022\/08\/07\/barbero-desaparecio-misteriosamente-en-el-bajo-cauca-antioqueno\/","url":"https:\/\/prensapaisa.com\/index.php\/2022\/08\/07\/barbero-desaparecio-misteriosamente-en-el-bajo-cauca-antioqueno\/","name":"Barbero desapareci\u00f3 misteriosamente en el Bajo Cauca antioque\u00f1o - PRENSA PAISA","isPartOf":{"@id":"https:\/\/prensapaisa.com\/#website"},"primaryImageOfPage":{"@id":"https:\/\/prensapaisa.com\/index.php\/2022\/08\/07\/barbero-desaparecio-misteriosamente-en-el-bajo-cauca-antioqueno\/#primaryimage"},"image":{"@id":"https:\/\/prensapaisa.com\/index.php\/2022\/08\/07\/barbero-desaparecio-misteriosamente-en-el-bajo-cauca-antioqueno\/#primaryimage"},"thumbnailUrl":"https:\/\/prensapaisa.com\/wp-content\/uploads\/2022\/08\/1-38.jpg","datePublished":"2022-08-07T15:48:00+00:00","dateModified":"2022-08-10T03:49:01+00:00","breadcrumb":{"@id":"https:\/\/prensapaisa.com\/index.php\/2022\/08\/07\/barbero-desaparecio-misteriosamente-en-el-bajo-cauca-antioqueno\/#breadcrumb"},"inLanguage":"es-CO","potentialAction":[{"@type":"ReadAction","target":["https:\/\/prensapaisa.com\/index.php\/2022\/08\/07\/barbero-desaparecio-misteriosamente-en-el-bajo-cauca-antioqueno\/"]}]},{"@type":"ImageObject","inLanguage":"es-CO","@id":"https:\/\/prensapaisa.com\/index.php\/2022\/08\/07\/barbero-desaparecio-misteriosamente-en-el-bajo-cauca-antioqueno\/#primaryimage","url":"https:\/\/prensapaisa.com\/wp-content\/uploads\/2022\/08\/1-38.jpg","contentUrl":"https:\/\/prensapaisa.com\/wp-content\/uploads\/2022\/08\/1-38.jpg","width":1080,"height":1837},{"@type":"BreadcrumbList","@id":"https:\/\/prensapaisa.com\/index.php\/2022\/08\/07\/barbero-desaparecio-misteriosamente-en-el-bajo-cauca-antioqueno\/#breadcrumb","itemListElement":[{"@type":"ListItem","position":1,"name":"Inicio","item":"https:\/\/prensapaisa.com\/"},{"@type":"ListItem","position":2,"name":"Barbero desapareci\u00f3 misteriosamente en el Bajo Cauca antioque\u00f1o"}]},{"@type":"WebSite","@id":"https:\/\/prensapaisa.com\/#website","url":"https:\/\/prensapaisa.com\/","name":"PRENSA PAISA","description":"Prensa Paisa la Original | Noticias de Medell\u00edn, Antioquia","publisher":{"@id":"https:\/\/prensapaisa.com\/#organization"},"potentialAction":[{"@type":"SearchAction","target":{"@type":"EntryPoint","urlTemplate":"https:\/\/prensapaisa.com\/?s={search_term_string}"},"query-input":{"@type":"PropertyValueSpecification","valueRequired":true,"valueName":"search_term_string"}}],"inLanguage":"es-CO"},{"@type":"Organization","@id":"https:\/\/prensapaisa.com\/#organization","name":"PRENSA PAISA","url":"https:\/\/prensapaisa.com\/","logo":{"@type":"ImageObject","inLanguage":"es-CO","@id":"https:\/\/prensapaisa.com\/#\/schema\/logo\/image\/","url":"https:\/\/prensapaisa.com\/wp-content\/uploads\/2022\/05\/cropped-cropped-prensa.png","contentUrl":"https:\/\/prensapaisa.com\/wp-content\/uploads\/2022\/05\/cropped-cropped-prensa.png","width":784,"height":524,"caption":"PRENSA PAISA"},"image":{"@id":"https:\/\/prensapaisa.com\/#\/schema\/logo\/image\/"}},{"@type":"Person","@id":"https:\/\/prensapaisa.com\/#\/schema\/person\/c5899b8b285dbcd70faec88a7c1579f6","name":"noticias@prensapaisa.com","image":{"@type":"ImageObject","inLanguage":"es-CO","@id":"https:\/\/secure.gravatar.com\/avatar\/ca2b49c1df14b84557c567431f045ea69c8ea5da2da50309fd4de9b811da0433?s=96&d=mm&r=g","url":"https:\/\/secure.gravatar.com\/avatar\/ca2b49c1df14b84557c567431f045ea69c8ea5da2da50309fd4de9b811da0433?s=96&d=mm&r=g","contentUrl":"https:\/\/secure.gravatar.com\/avatar\/ca2b49c1df14b84557c567431f045ea69c8ea5da2da50309fd4de9b811da0433?s=96&d=mm&r=g","caption":"noticias@prensapaisa.com"},"sameAs":["http:\/\/prensapaisa.com"],"url":"https:\/\/prensapaisa.com\/index.php\/author\/prensapaisagmail-com\/"}]}},"_links":{"self":[{"href":"https:\/\/prensapaisa.com\/index.php\/wp-json\/wp\/v2\/posts\/5827","targetHints":{"allow":["GET"]}}],"collection":[{"href":"https:\/\/prensapaisa.com\/index.php\/wp-json\/wp\/v2\/posts"}],"about":[{"href":"https:\/\/prensapaisa.com\/index.php\/wp-json\/wp\/v2\/types\/post"}],"author":[{"embeddable":true,"href":"https:\/\/prensapaisa.com\/index.php\/wp-json\/wp\/v2\/users\/1"}],"replies":[{"embeddable":true,"href":"https:\/\/prensapaisa.com\/index.php\/wp-json\/wp\/v2\/comments?post=5827"}],"version-history":[{"count":1,"href":"https:\/\/prensapaisa.com\/index.php\/wp-json\/wp\/v2\/posts\/5827\/revisions"}],"predecessor-version":[{"id":5833,"href":"https:\/\/prensapaisa.com\/index.php\/wp-json\/wp\/v2\/posts\/5827\/revisions\/5833"}],"wp:featuredmedia":[{"embeddable":true,"href":"https:\/\/prensapaisa.com\/index.php\/wp-json\/wp\/v2\/media\/5828"}],"wp:attachment":[{"href":"https:\/\/prensapaisa.com\/index.php\/wp-json\/wp\/v2\/media?parent=5827"}],"wp:term":[{"taxonomy":"category","embeddable":true,"href":"https:\/\/prensapaisa.com\/index.php\/wp-json\/wp\/v2\/categories?post=5827"},{"taxonomy":"post_tag","embeddable":true,"href":"https:\/\/prensapaisa.com\/index.php\/wp-json\/wp\/v2\/tags?post=5827"}],"curies":[{"name":"wp","href":"https:\/\/api.w.org\/{rel}","templated":true}]}}