{"id":5759,"date":"2022-08-04T12:13:00","date_gmt":"2022-08-04T17:13:00","guid":{"rendered":"https:\/\/prensapaisa.com\/?p=5759"},"modified":"2022-08-05T12:22:08","modified_gmt":"2022-08-05T17:22:08","slug":"chica-fue-encotrada-sin-vida-en-el-bajo-cauca-antioqueno","status":"publish","type":"post","link":"https:\/\/prensapaisa.com\/index.php\/2022\/08\/04\/chica-fue-encotrada-sin-vida-en-el-bajo-cauca-antioqueno\/","title":{"rendered":"Chica fue encotrada sin vida en el Bajo Cauca antioque\u00f1o"},"content":{"rendered":"\n<p>&#8220;En las \u00faltimas horas una madre de familia fue encontrada sin vida dentro de su casa en la vereda Villa del Socorro, Caucasia, sobre la v\u00eda que conduce al municipio de Nech\u00ed.<\/p>\n\n\n\n<p>Seg\u00fan versiones, la mujer se acost\u00f3 como de costumbre y durante la ma\u00f1ana no se levant\u00f3 con sus hijos. Ante la preocupaci\u00f3n porque no aparec\u00eda, sus allegados ingresaron a su casa y la encontraron golpeada.<\/p>\n\n\n\n<p>La joven fue identificada como Luisa Solano Otero, de 21 a\u00f1os de edad, quien deja 2 hijos hu\u00e9rfanos. Hasta el momento se desconocen las causas de este hecho que conmociona a la comunidad&#8221;.<\/p>\n\n\n\n<p><\/p>\n\n\n\n<figure class=\"wp-block-gallery has-nested-images columns-default is-cropped wp-block-gallery-1 is-layout-flex wp-block-gallery-is-layout-flex\">\n<figure class=\"wp-block-image size-large\"><img fetchpriority=\"high\" decoding=\"async\" width=\"1024\" height=\"1024\" data-id=\"5762\" src=\"https:\/\/prensapaisa.com\/wp-content\/uploads\/2022\/08\/02-14-1024x1024.jpg\" alt=\"\" class=\"wp-image-5762\" srcset=\"https:\/\/prensapaisa.com\/wp-content\/uploads\/2022\/08\/02-14-1024x1024.jpg 1024w, https:\/\/prensapaisa.com\/wp-content\/uploads\/2022\/08\/02-14-300x300.jpg 300w, https:\/\/prensapaisa.com\/wp-content\/uploads\/2022\/08\/02-14-150x150.jpg 150w, https:\/\/prensapaisa.com\/wp-content\/uploads\/2022\/08\/02-14-768x768.jpg 768w, https:\/\/prensapaisa.com\/wp-content\/uploads\/2022\/08\/02-14-585x585.jpg 585w, https:\/\/prensapaisa.com\/wp-content\/uploads\/2022\/08\/02-14.jpg 1080w\" sizes=\"(max-width: 1024px) 100vw, 1024px\" \/><\/figure>\n\n\n\n<figure class=\"wp-block-image size-large\"><img decoding=\"async\" width=\"1024\" height=\"1024\" data-id=\"5766\" src=\"https:\/\/prensapaisa.com\/wp-content\/uploads\/2022\/08\/2-8-1024x1024.jpg\" alt=\"\" class=\"wp-image-5766\" srcset=\"https:\/\/prensapaisa.com\/wp-content\/uploads\/2022\/08\/2-8-1024x1024.jpg 1024w, https:\/\/prensapaisa.com\/wp-content\/uploads\/2022\/08\/2-8-300x300.jpg 300w, https:\/\/prensapaisa.com\/wp-content\/uploads\/2022\/08\/2-8-150x150.jpg 150w, https:\/\/prensapaisa.com\/wp-content\/uploads\/2022\/08\/2-8-768x768.jpg 768w, https:\/\/prensapaisa.com\/wp-content\/uploads\/2022\/08\/2-8-585x585.jpg 585w, https:\/\/prensapaisa.com\/wp-content\/uploads\/2022\/08\/2-8.jpg 1080w\" sizes=\"(max-width: 1024px) 100vw, 1024px\" \/><\/figure>\n\n\n\n<figure class=\"wp-block-image size-large\"><img decoding=\"async\" width=\"1024\" height=\"1024\" data-id=\"5765\" src=\"https:\/\/prensapaisa.com\/wp-content\/uploads\/2022\/08\/03-7-1024x1024.jpg\" alt=\"\" class=\"wp-image-5765\" srcset=\"https:\/\/prensapaisa.com\/wp-content\/uploads\/2022\/08\/03-7-1024x1024.jpg 1024w, https:\/\/prensapaisa.com\/wp-content\/uploads\/2022\/08\/03-7-300x300.jpg 300w, https:\/\/prensapaisa.com\/wp-content\/uploads\/2022\/08\/03-7-150x150.jpg 150w, https:\/\/prensapaisa.com\/wp-content\/uploads\/2022\/08\/03-7-768x768.jpg 768w, https:\/\/prensapaisa.com\/wp-content\/uploads\/2022\/08\/03-7-585x585.jpg 585w, https:\/\/prensapaisa.com\/wp-content\/uploads\/2022\/08\/03-7.jpg 1071w\" sizes=\"(max-width: 1024px) 100vw, 1024px\" \/><\/figure>\n\n\n\n<figure class=\"wp-block-image size-large\"><img loading=\"lazy\" decoding=\"async\" width=\"1024\" height=\"1024\" data-id=\"5767\" src=\"https:\/\/prensapaisa.com\/wp-content\/uploads\/2022\/08\/3-6-1024x1024.jpg\" alt=\"\" class=\"wp-image-5767\" srcset=\"https:\/\/prensapaisa.com\/wp-content\/uploads\/2022\/08\/3-6-1024x1024.jpg 1024w, https:\/\/prensapaisa.com\/wp-content\/uploads\/2022\/08\/3-6-300x300.jpg 300w, https:\/\/prensapaisa.com\/wp-content\/uploads\/2022\/08\/3-6-150x150.jpg 150w, https:\/\/prensapaisa.com\/wp-content\/uploads\/2022\/08\/3-6-768x768.jpg 768w, https:\/\/prensapaisa.com\/wp-content\/uploads\/2022\/08\/3-6-585x585.jpg 585w, https:\/\/prensapaisa.com\/wp-content\/uploads\/2022\/08\/3-6.jpg 1080w\" sizes=\"(max-width: 1024px) 100vw, 1024px\" \/><\/figure>\n\n\n\n<figure class=\"wp-block-image size-large\"><img loading=\"lazy\" decoding=\"async\" width=\"1024\" height=\"1024\" data-id=\"5763\" src=\"https:\/\/prensapaisa.com\/wp-content\/uploads\/2022\/08\/4-5-1024x1024.jpg\" alt=\"\" class=\"wp-image-5763\" srcset=\"https:\/\/prensapaisa.com\/wp-content\/uploads\/2022\/08\/4-5-1024x1024.jpg 1024w, https:\/\/prensapaisa.com\/wp-content\/uploads\/2022\/08\/4-5-300x300.jpg 300w, https:\/\/prensapaisa.com\/wp-content\/uploads\/2022\/08\/4-5-150x150.jpg 150w, https:\/\/prensapaisa.com\/wp-content\/uploads\/2022\/08\/4-5-768x768.jpg 768w, https:\/\/prensapaisa.com\/wp-content\/uploads\/2022\/08\/4-5-585x585.jpg 585w, https:\/\/prensapaisa.com\/wp-content\/uploads\/2022\/08\/4-5.jpg 1080w\" sizes=\"(max-width: 1024px) 100vw, 1024px\" \/><\/figure>\n\n\n\n<figure class=\"wp-block-image size-large\"><img loading=\"lazy\" decoding=\"async\" width=\"1024\" height=\"1024\" data-id=\"5764\" src=\"https:\/\/prensapaisa.com\/wp-content\/uploads\/2022\/08\/5-3-1024x1024.jpg\" alt=\"\" class=\"wp-image-5764\" srcset=\"https:\/\/prensapaisa.com\/wp-content\/uploads\/2022\/08\/5-3-1024x1024.jpg 1024w, https:\/\/prensapaisa.com\/wp-content\/uploads\/2022\/08\/5-3-300x300.jpg 300w, https:\/\/prensapaisa.com\/wp-content\/uploads\/2022\/08\/5-3-150x150.jpg 150w, https:\/\/prensapaisa.com\/wp-content\/uploads\/2022\/08\/5-3-768x768.jpg 768w, https:\/\/prensapaisa.com\/wp-content\/uploads\/2022\/08\/5-3-585x585.jpg 585w, https:\/\/prensapaisa.com\/wp-content\/uploads\/2022\/08\/5-3.jpg 1080w\" sizes=\"(max-width: 1024px) 100vw, 1024px\" \/><\/figure>\n\n\n\n<figure class=\"wp-block-image size-large\"><img loading=\"lazy\" decoding=\"async\" width=\"720\" height=\"720\" data-id=\"5761\" src=\"https:\/\/prensapaisa.com\/wp-content\/uploads\/2022\/08\/6-1.jpg\" alt=\"\" class=\"wp-image-5761\" srcset=\"https:\/\/prensapaisa.com\/wp-content\/uploads\/2022\/08\/6-1.jpg 720w, https:\/\/prensapaisa.com\/wp-content\/uploads\/2022\/08\/6-1-300x300.jpg 300w, https:\/\/prensapaisa.com\/wp-content\/uploads\/2022\/08\/6-1-150x150.jpg 150w, https:\/\/prensapaisa.com\/wp-content\/uploads\/2022\/08\/6-1-585x585.jpg 585w\" sizes=\"(max-width: 720px) 100vw, 720px\" \/><\/figure>\n<\/figure>\n","protected":false},"excerpt":{"rendered":"<p>&#8220;En las \u00faltimas horas una madre de familia fue encontrada sin vida dentro de su casa en la vereda Villa del Socorro, Caucasia, sobre la v\u00eda que conduce al municipio&hellip;<\/p>\n","protected":false},"author":1,"featured_media":5760,"comment_status":"open","ping_status":"open","sticky":false,"template":"","format":"standard","meta":{"footnotes":""},"categories":[43,16,1],"tags":[],"class_list":["post-5759","post","type-post","status-publish","format-standard","has-post-thumbnail","hentry","category-fallecidos","category-municipios","category-noticias"],"yoast_head":"<!-- This site is optimized with the Yoast SEO plugin v27.4 - https:\/\/yoast.com\/product\/yoast-seo-wordpress\/ -->\n<title>Chica fue encotrada sin vida en el Bajo Cauca antioque\u00f1o - PRENSA PAISA<\/title>\n<meta name=\"robots\" content=\"index, follow, max-snippet:-1, max-image-preview:large, max-video-preview:-1\" \/>\n<link rel=\"canonical\" href=\"https:\/\/prensapaisa.com\/index.php\/2022\/08\/04\/chica-fue-encotrada-sin-vida-en-el-bajo-cauca-antioqueno\/\" \/>\n<meta property=\"og:locale\" content=\"es_ES\" \/>\n<meta property=\"og:type\" content=\"article\" \/>\n<meta property=\"og:title\" content=\"Chica fue encotrada sin vida en el Bajo Cauca antioque\u00f1o - PRENSA PAISA\" \/>\n<meta property=\"og:description\" content=\"&#8220;En las \u00faltimas horas una madre de familia fue encontrada sin vida dentro de su casa en la vereda Villa del Socorro, Caucasia, sobre la v\u00eda que conduce al municipio&hellip;\" \/>\n<meta property=\"og:url\" content=\"https:\/\/prensapaisa.com\/index.php\/2022\/08\/04\/chica-fue-encotrada-sin-vida-en-el-bajo-cauca-antioqueno\/\" \/>\n<meta property=\"og:site_name\" content=\"PRENSA PAISA\" \/>\n<meta property=\"article:published_time\" content=\"2022-08-04T17:13:00+00:00\" \/>\n<meta property=\"article:modified_time\" content=\"2022-08-05T17:22:08+00:00\" \/>\n<meta property=\"og:image\" content=\"https:\/\/prensapaisa.com\/wp-content\/uploads\/2022\/08\/1-24.jpg\" \/>\n\t<meta property=\"og:image:width\" content=\"1080\" \/>\n\t<meta property=\"og:image:height\" content=\"1080\" \/>\n\t<meta property=\"og:image:type\" content=\"image\/jpeg\" \/>\n<meta name=\"author\" content=\"noticias@prensapaisa.com\" \/>\n<meta name=\"twitter:card\" content=\"summary_large_image\" \/>\n<meta name=\"twitter:label1\" content=\"Escrito por\" \/>\n\t<meta name=\"twitter:data1\" content=\"noticias@prensapaisa.com\" \/>\n\t<meta name=\"twitter:label2\" content=\"Tiempo de lectura\" \/>\n\t<meta name=\"twitter:data2\" content=\"2 minutos\" \/>\n<script type=\"application\/ld+json\" class=\"yoast-schema-graph\">{\"@context\":\"https:\\\/\\\/schema.org\",\"@graph\":[{\"@type\":\"Article\",\"@id\":\"https:\\\/\\\/prensapaisa.com\\\/index.php\\\/2022\\\/08\\\/04\\\/chica-fue-encotrada-sin-vida-en-el-bajo-cauca-antioqueno\\\/#article\",\"isPartOf\":{\"@id\":\"https:\\\/\\\/prensapaisa.com\\\/index.php\\\/2022\\\/08\\\/04\\\/chica-fue-encotrada-sin-vida-en-el-bajo-cauca-antioqueno\\\/\"},\"author\":{\"name\":\"noticias@prensapaisa.com\",\"@id\":\"https:\\\/\\\/prensapaisa.com\\\/#\\\/schema\\\/person\\\/c5899b8b285dbcd70faec88a7c1579f6\"},\"headline\":\"Chica fue encotrada sin vida en el Bajo Cauca antioque\u00f1o\",\"datePublished\":\"2022-08-04T17:13:00+00:00\",\"dateModified\":\"2022-08-05T17:22:08+00:00\",\"mainEntityOfPage\":{\"@id\":\"https:\\\/\\\/prensapaisa.com\\\/index.php\\\/2022\\\/08\\\/04\\\/chica-fue-encotrada-sin-vida-en-el-bajo-cauca-antioqueno\\\/\"},\"wordCount\":116,\"commentCount\":0,\"publisher\":{\"@id\":\"https:\\\/\\\/prensapaisa.com\\\/#organization\"},\"image\":{\"@id\":\"https:\\\/\\\/prensapaisa.com\\\/index.php\\\/2022\\\/08\\\/04\\\/chica-fue-encotrada-sin-vida-en-el-bajo-cauca-antioqueno\\\/#primaryimage\"},\"thumbnailUrl\":\"https:\\\/\\\/prensapaisa.com\\\/wp-content\\\/uploads\\\/2022\\\/08\\\/1-24.jpg\",\"articleSection\":[\"Fallecidos\",\"Municipios\",\"Noticias\"],\"inLanguage\":\"es-CO\",\"potentialAction\":[{\"@type\":\"CommentAction\",\"name\":\"Comment\",\"target\":[\"https:\\\/\\\/prensapaisa.com\\\/index.php\\\/2022\\\/08\\\/04\\\/chica-fue-encotrada-sin-vida-en-el-bajo-cauca-antioqueno\\\/#respond\"]}]},{\"@type\":\"WebPage\",\"@id\":\"https:\\\/\\\/prensapaisa.com\\\/index.php\\\/2022\\\/08\\\/04\\\/chica-fue-encotrada-sin-vida-en-el-bajo-cauca-antioqueno\\\/\",\"url\":\"https:\\\/\\\/prensapaisa.com\\\/index.php\\\/2022\\\/08\\\/04\\\/chica-fue-encotrada-sin-vida-en-el-bajo-cauca-antioqueno\\\/\",\"name\":\"Chica fue encotrada sin vida en el Bajo Cauca antioque\u00f1o - PRENSA PAISA\",\"isPartOf\":{\"@id\":\"https:\\\/\\\/prensapaisa.com\\\/#website\"},\"primaryImageOfPage\":{\"@id\":\"https:\\\/\\\/prensapaisa.com\\\/index.php\\\/2022\\\/08\\\/04\\\/chica-fue-encotrada-sin-vida-en-el-bajo-cauca-antioqueno\\\/#primaryimage\"},\"image\":{\"@id\":\"https:\\\/\\\/prensapaisa.com\\\/index.php\\\/2022\\\/08\\\/04\\\/chica-fue-encotrada-sin-vida-en-el-bajo-cauca-antioqueno\\\/#primaryimage\"},\"thumbnailUrl\":\"https:\\\/\\\/prensapaisa.com\\\/wp-content\\\/uploads\\\/2022\\\/08\\\/1-24.jpg\",\"datePublished\":\"2022-08-04T17:13:00+00:00\",\"dateModified\":\"2022-08-05T17:22:08+00:00\",\"breadcrumb\":{\"@id\":\"https:\\\/\\\/prensapaisa.com\\\/index.php\\\/2022\\\/08\\\/04\\\/chica-fue-encotrada-sin-vida-en-el-bajo-cauca-antioqueno\\\/#breadcrumb\"},\"inLanguage\":\"es-CO\",\"potentialAction\":[{\"@type\":\"ReadAction\",\"target\":[\"https:\\\/\\\/prensapaisa.com\\\/index.php\\\/2022\\\/08\\\/04\\\/chica-fue-encotrada-sin-vida-en-el-bajo-cauca-antioqueno\\\/\"]}]},{\"@type\":\"ImageObject\",\"inLanguage\":\"es-CO\",\"@id\":\"https:\\\/\\\/prensapaisa.com\\\/index.php\\\/2022\\\/08\\\/04\\\/chica-fue-encotrada-sin-vida-en-el-bajo-cauca-antioqueno\\\/#primaryimage\",\"url\":\"https:\\\/\\\/prensapaisa.com\\\/wp-content\\\/uploads\\\/2022\\\/08\\\/1-24.jpg\",\"contentUrl\":\"https:\\\/\\\/prensapaisa.com\\\/wp-content\\\/uploads\\\/2022\\\/08\\\/1-24.jpg\",\"width\":1080,\"height\":1080},{\"@type\":\"BreadcrumbList\",\"@id\":\"https:\\\/\\\/prensapaisa.com\\\/index.php\\\/2022\\\/08\\\/04\\\/chica-fue-encotrada-sin-vida-en-el-bajo-cauca-antioqueno\\\/#breadcrumb\",\"itemListElement\":[{\"@type\":\"ListItem\",\"position\":1,\"name\":\"Inicio\",\"item\":\"https:\\\/\\\/prensapaisa.com\\\/\"},{\"@type\":\"ListItem\",\"position\":2,\"name\":\"Chica fue encotrada sin vida en el Bajo Cauca antioque\u00f1o\"}]},{\"@type\":\"WebSite\",\"@id\":\"https:\\\/\\\/prensapaisa.com\\\/#website\",\"url\":\"https:\\\/\\\/prensapaisa.com\\\/\",\"name\":\"PRENSA PAISA\",\"description\":\"Prensa Paisa la Original | Noticias de Medell\u00edn, Antioquia\",\"publisher\":{\"@id\":\"https:\\\/\\\/prensapaisa.com\\\/#organization\"},\"potentialAction\":[{\"@type\":\"SearchAction\",\"target\":{\"@type\":\"EntryPoint\",\"urlTemplate\":\"https:\\\/\\\/prensapaisa.com\\\/?s={search_term_string}\"},\"query-input\":{\"@type\":\"PropertyValueSpecification\",\"valueRequired\":true,\"valueName\":\"search_term_string\"}}],\"inLanguage\":\"es-CO\"},{\"@type\":\"Organization\",\"@id\":\"https:\\\/\\\/prensapaisa.com\\\/#organization\",\"name\":\"PRENSA PAISA\",\"url\":\"https:\\\/\\\/prensapaisa.com\\\/\",\"logo\":{\"@type\":\"ImageObject\",\"inLanguage\":\"es-CO\",\"@id\":\"https:\\\/\\\/prensapaisa.com\\\/#\\\/schema\\\/logo\\\/image\\\/\",\"url\":\"https:\\\/\\\/prensapaisa.com\\\/wp-content\\\/uploads\\\/2022\\\/05\\\/cropped-cropped-prensa.png\",\"contentUrl\":\"https:\\\/\\\/prensapaisa.com\\\/wp-content\\\/uploads\\\/2022\\\/05\\\/cropped-cropped-prensa.png\",\"width\":784,\"height\":524,\"caption\":\"PRENSA PAISA\"},\"image\":{\"@id\":\"https:\\\/\\\/prensapaisa.com\\\/#\\\/schema\\\/logo\\\/image\\\/\"}},{\"@type\":\"Person\",\"@id\":\"https:\\\/\\\/prensapaisa.com\\\/#\\\/schema\\\/person\\\/c5899b8b285dbcd70faec88a7c1579f6\",\"name\":\"noticias@prensapaisa.com\",\"image\":{\"@type\":\"ImageObject\",\"inLanguage\":\"es-CO\",\"@id\":\"https:\\\/\\\/secure.gravatar.com\\\/avatar\\\/ca2b49c1df14b84557c567431f045ea69c8ea5da2da50309fd4de9b811da0433?s=96&d=mm&r=g\",\"url\":\"https:\\\/\\\/secure.gravatar.com\\\/avatar\\\/ca2b49c1df14b84557c567431f045ea69c8ea5da2da50309fd4de9b811da0433?s=96&d=mm&r=g\",\"contentUrl\":\"https:\\\/\\\/secure.gravatar.com\\\/avatar\\\/ca2b49c1df14b84557c567431f045ea69c8ea5da2da50309fd4de9b811da0433?s=96&d=mm&r=g\",\"caption\":\"noticias@prensapaisa.com\"},\"sameAs\":[\"http:\\\/\\\/prensapaisa.com\"],\"url\":\"https:\\\/\\\/prensapaisa.com\\\/index.php\\\/author\\\/prensapaisagmail-com\\\/\"}]}<\/script>\n<!-- \/ Yoast SEO plugin. -->","yoast_head_json":{"title":"Chica fue encotrada sin vida en el Bajo Cauca antioque\u00f1o - PRENSA PAISA","robots":{"index":"index","follow":"follow","max-snippet":"max-snippet:-1","max-image-preview":"max-image-preview:large","max-video-preview":"max-video-preview:-1"},"canonical":"https:\/\/prensapaisa.com\/index.php\/2022\/08\/04\/chica-fue-encotrada-sin-vida-en-el-bajo-cauca-antioqueno\/","og_locale":"es_ES","og_type":"article","og_title":"Chica fue encotrada sin vida en el Bajo Cauca antioque\u00f1o - PRENSA PAISA","og_description":"&#8220;En las \u00faltimas horas una madre de familia fue encontrada sin vida dentro de su casa en la vereda Villa del Socorro, Caucasia, sobre la v\u00eda que conduce al municipio&hellip;","og_url":"https:\/\/prensapaisa.com\/index.php\/2022\/08\/04\/chica-fue-encotrada-sin-vida-en-el-bajo-cauca-antioqueno\/","og_site_name":"PRENSA PAISA","article_published_time":"2022-08-04T17:13:00+00:00","article_modified_time":"2022-08-05T17:22:08+00:00","og_image":[{"width":1080,"height":1080,"url":"https:\/\/prensapaisa.com\/wp-content\/uploads\/2022\/08\/1-24.jpg","type":"image\/jpeg"}],"author":"noticias@prensapaisa.com","twitter_card":"summary_large_image","twitter_misc":{"Escrito por":"noticias@prensapaisa.com","Tiempo de lectura":"2 minutos"},"schema":{"@context":"https:\/\/schema.org","@graph":[{"@type":"Article","@id":"https:\/\/prensapaisa.com\/index.php\/2022\/08\/04\/chica-fue-encotrada-sin-vida-en-el-bajo-cauca-antioqueno\/#article","isPartOf":{"@id":"https:\/\/prensapaisa.com\/index.php\/2022\/08\/04\/chica-fue-encotrada-sin-vida-en-el-bajo-cauca-antioqueno\/"},"author":{"name":"noticias@prensapaisa.com","@id":"https:\/\/prensapaisa.com\/#\/schema\/person\/c5899b8b285dbcd70faec88a7c1579f6"},"headline":"Chica fue encotrada sin vida en el Bajo Cauca antioque\u00f1o","datePublished":"2022-08-04T17:13:00+00:00","dateModified":"2022-08-05T17:22:08+00:00","mainEntityOfPage":{"@id":"https:\/\/prensapaisa.com\/index.php\/2022\/08\/04\/chica-fue-encotrada-sin-vida-en-el-bajo-cauca-antioqueno\/"},"wordCount":116,"commentCount":0,"publisher":{"@id":"https:\/\/prensapaisa.com\/#organization"},"image":{"@id":"https:\/\/prensapaisa.com\/index.php\/2022\/08\/04\/chica-fue-encotrada-sin-vida-en-el-bajo-cauca-antioqueno\/#primaryimage"},"thumbnailUrl":"https:\/\/prensapaisa.com\/wp-content\/uploads\/2022\/08\/1-24.jpg","articleSection":["Fallecidos","Municipios","Noticias"],"inLanguage":"es-CO","potentialAction":[{"@type":"CommentAction","name":"Comment","target":["https:\/\/prensapaisa.com\/index.php\/2022\/08\/04\/chica-fue-encotrada-sin-vida-en-el-bajo-cauca-antioqueno\/#respond"]}]},{"@type":"WebPage","@id":"https:\/\/prensapaisa.com\/index.php\/2022\/08\/04\/chica-fue-encotrada-sin-vida-en-el-bajo-cauca-antioqueno\/","url":"https:\/\/prensapaisa.com\/index.php\/2022\/08\/04\/chica-fue-encotrada-sin-vida-en-el-bajo-cauca-antioqueno\/","name":"Chica fue encotrada sin vida en el Bajo Cauca antioque\u00f1o - PRENSA PAISA","isPartOf":{"@id":"https:\/\/prensapaisa.com\/#website"},"primaryImageOfPage":{"@id":"https:\/\/prensapaisa.com\/index.php\/2022\/08\/04\/chica-fue-encotrada-sin-vida-en-el-bajo-cauca-antioqueno\/#primaryimage"},"image":{"@id":"https:\/\/prensapaisa.com\/index.php\/2022\/08\/04\/chica-fue-encotrada-sin-vida-en-el-bajo-cauca-antioqueno\/#primaryimage"},"thumbnailUrl":"https:\/\/prensapaisa.com\/wp-content\/uploads\/2022\/08\/1-24.jpg","datePublished":"2022-08-04T17:13:00+00:00","dateModified":"2022-08-05T17:22:08+00:00","breadcrumb":{"@id":"https:\/\/prensapaisa.com\/index.php\/2022\/08\/04\/chica-fue-encotrada-sin-vida-en-el-bajo-cauca-antioqueno\/#breadcrumb"},"inLanguage":"es-CO","potentialAction":[{"@type":"ReadAction","target":["https:\/\/prensapaisa.com\/index.php\/2022\/08\/04\/chica-fue-encotrada-sin-vida-en-el-bajo-cauca-antioqueno\/"]}]},{"@type":"ImageObject","inLanguage":"es-CO","@id":"https:\/\/prensapaisa.com\/index.php\/2022\/08\/04\/chica-fue-encotrada-sin-vida-en-el-bajo-cauca-antioqueno\/#primaryimage","url":"https:\/\/prensapaisa.com\/wp-content\/uploads\/2022\/08\/1-24.jpg","contentUrl":"https:\/\/prensapaisa.com\/wp-content\/uploads\/2022\/08\/1-24.jpg","width":1080,"height":1080},{"@type":"BreadcrumbList","@id":"https:\/\/prensapaisa.com\/index.php\/2022\/08\/04\/chica-fue-encotrada-sin-vida-en-el-bajo-cauca-antioqueno\/#breadcrumb","itemListElement":[{"@type":"ListItem","position":1,"name":"Inicio","item":"https:\/\/prensapaisa.com\/"},{"@type":"ListItem","position":2,"name":"Chica fue encotrada sin vida en el Bajo Cauca antioque\u00f1o"}]},{"@type":"WebSite","@id":"https:\/\/prensapaisa.com\/#website","url":"https:\/\/prensapaisa.com\/","name":"PRENSA PAISA","description":"Prensa Paisa la Original | Noticias de Medell\u00edn, Antioquia","publisher":{"@id":"https:\/\/prensapaisa.com\/#organization"},"potentialAction":[{"@type":"SearchAction","target":{"@type":"EntryPoint","urlTemplate":"https:\/\/prensapaisa.com\/?s={search_term_string}"},"query-input":{"@type":"PropertyValueSpecification","valueRequired":true,"valueName":"search_term_string"}}],"inLanguage":"es-CO"},{"@type":"Organization","@id":"https:\/\/prensapaisa.com\/#organization","name":"PRENSA PAISA","url":"https:\/\/prensapaisa.com\/","logo":{"@type":"ImageObject","inLanguage":"es-CO","@id":"https:\/\/prensapaisa.com\/#\/schema\/logo\/image\/","url":"https:\/\/prensapaisa.com\/wp-content\/uploads\/2022\/05\/cropped-cropped-prensa.png","contentUrl":"https:\/\/prensapaisa.com\/wp-content\/uploads\/2022\/05\/cropped-cropped-prensa.png","width":784,"height":524,"caption":"PRENSA PAISA"},"image":{"@id":"https:\/\/prensapaisa.com\/#\/schema\/logo\/image\/"}},{"@type":"Person","@id":"https:\/\/prensapaisa.com\/#\/schema\/person\/c5899b8b285dbcd70faec88a7c1579f6","name":"noticias@prensapaisa.com","image":{"@type":"ImageObject","inLanguage":"es-CO","@id":"https:\/\/secure.gravatar.com\/avatar\/ca2b49c1df14b84557c567431f045ea69c8ea5da2da50309fd4de9b811da0433?s=96&d=mm&r=g","url":"https:\/\/secure.gravatar.com\/avatar\/ca2b49c1df14b84557c567431f045ea69c8ea5da2da50309fd4de9b811da0433?s=96&d=mm&r=g","contentUrl":"https:\/\/secure.gravatar.com\/avatar\/ca2b49c1df14b84557c567431f045ea69c8ea5da2da50309fd4de9b811da0433?s=96&d=mm&r=g","caption":"noticias@prensapaisa.com"},"sameAs":["http:\/\/prensapaisa.com"],"url":"https:\/\/prensapaisa.com\/index.php\/author\/prensapaisagmail-com\/"}]}},"_links":{"self":[{"href":"https:\/\/prensapaisa.com\/index.php\/wp-json\/wp\/v2\/posts\/5759","targetHints":{"allow":["GET"]}}],"collection":[{"href":"https:\/\/prensapaisa.com\/index.php\/wp-json\/wp\/v2\/posts"}],"about":[{"href":"https:\/\/prensapaisa.com\/index.php\/wp-json\/wp\/v2\/types\/post"}],"author":[{"embeddable":true,"href":"https:\/\/prensapaisa.com\/index.php\/wp-json\/wp\/v2\/users\/1"}],"replies":[{"embeddable":true,"href":"https:\/\/prensapaisa.com\/index.php\/wp-json\/wp\/v2\/comments?post=5759"}],"version-history":[{"count":1,"href":"https:\/\/prensapaisa.com\/index.php\/wp-json\/wp\/v2\/posts\/5759\/revisions"}],"predecessor-version":[{"id":5768,"href":"https:\/\/prensapaisa.com\/index.php\/wp-json\/wp\/v2\/posts\/5759\/revisions\/5768"}],"wp:featuredmedia":[{"embeddable":true,"href":"https:\/\/prensapaisa.com\/index.php\/wp-json\/wp\/v2\/media\/5760"}],"wp:attachment":[{"href":"https:\/\/prensapaisa.com\/index.php\/wp-json\/wp\/v2\/media?parent=5759"}],"wp:term":[{"taxonomy":"category","embeddable":true,"href":"https:\/\/prensapaisa.com\/index.php\/wp-json\/wp\/v2\/categories?post=5759"},{"taxonomy":"post_tag","embeddable":true,"href":"https:\/\/prensapaisa.com\/index.php\/wp-json\/wp\/v2\/tags?post=5759"}],"curies":[{"name":"wp","href":"https:\/\/api.w.org\/{rel}","templated":true}]}}