{"id":5749,"date":"2022-08-03T20:50:00","date_gmt":"2022-08-04T01:50:00","guid":{"rendered":"https:\/\/prensapaisa.com\/?p=5749"},"modified":"2022-08-03T23:51:39","modified_gmt":"2022-08-04T04:51:39","slug":"capturan-a-los-tres-reyes-de-carolina-del-principe","status":"publish","type":"post","link":"https:\/\/prensapaisa.com\/index.php\/2022\/08\/03\/capturan-a-los-tres-reyes-de-carolina-del-principe\/","title":{"rendered":"Capturan a los &#8220;tres reyes&#8221; de Carolina del Pr\u00edncipe"},"content":{"rendered":"\n<p>Los caballeros de capa ca\u00edda, sin caballo, pero muy sonrientes, iban tranquilamente con el armamento de guerra por las calles de este pueblo ubicado en el Norte antioque\u00f1o. Ten\u00edan una granada, una pistola FN Fiveseven, conocida como la famosa &#8220;matapolic\u00edas&#8221;, con sus respectivas municiones para atravesar chalecos antibalas.<\/p>\n\n\n\n<p>Las autoridades investigan, paso a paso, los hechos y tratan de verificar cu\u00e1l era el destino de las armas.<\/p>\n\n\n\n<p>Adem\u00e1s, analizan si ten\u00edan alg\u00fan plan para atacar a los uniformados del Nordeste y Norte de Antioquia.<\/p>\n\n\n\n<figure class=\"wp-block-image size-full\"><img fetchpriority=\"high\" decoding=\"async\" width=\"960\" height=\"960\" src=\"https:\/\/prensapaisa.com\/wp-content\/uploads\/2022\/08\/02-12.jpg\" alt=\"\" class=\"wp-image-5751\" srcset=\"https:\/\/prensapaisa.com\/wp-content\/uploads\/2022\/08\/02-12.jpg 960w, https:\/\/prensapaisa.com\/wp-content\/uploads\/2022\/08\/02-12-300x300.jpg 300w, https:\/\/prensapaisa.com\/wp-content\/uploads\/2022\/08\/02-12-150x150.jpg 150w, https:\/\/prensapaisa.com\/wp-content\/uploads\/2022\/08\/02-12-768x768.jpg 768w, https:\/\/prensapaisa.com\/wp-content\/uploads\/2022\/08\/02-12-585x585.jpg 585w\" sizes=\"(max-width: 960px) 100vw, 960px\" \/><\/figure>\n","protected":false},"excerpt":{"rendered":"<p>Los caballeros de capa ca\u00edda, sin caballo, pero muy sonrientes, iban tranquilamente con el armamento de guerra por las calles de este pueblo ubicado en el Norte antioque\u00f1o. Ten\u00edan una&hellip;<\/p>\n","protected":false},"author":1,"featured_media":5750,"comment_status":"open","ping_status":"open","sticky":false,"template":"","format":"standard","meta":{"footnotes":""},"categories":[49,1],"tags":[],"class_list":["post-5749","post","type-post","status-publish","format-standard","has-post-thumbnail","hentry","category-capturas","category-noticias"],"yoast_head":"<!-- This site is optimized with the Yoast SEO plugin v27.4 - https:\/\/yoast.com\/product\/yoast-seo-wordpress\/ -->\n<title>Capturan a los &quot;tres reyes&quot; de Carolina del Pr\u00edncipe - PRENSA PAISA<\/title>\n<meta name=\"robots\" content=\"index, follow, max-snippet:-1, max-image-preview:large, max-video-preview:-1\" \/>\n<link rel=\"canonical\" href=\"https:\/\/prensapaisa.com\/index.php\/2022\/08\/03\/capturan-a-los-tres-reyes-de-carolina-del-principe\/\" \/>\n<meta property=\"og:locale\" content=\"es_ES\" \/>\n<meta property=\"og:type\" content=\"article\" \/>\n<meta property=\"og:title\" content=\"Capturan a los &quot;tres reyes&quot; de Carolina del Pr\u00edncipe - PRENSA PAISA\" \/>\n<meta property=\"og:description\" content=\"Los caballeros de capa ca\u00edda, sin caballo, pero muy sonrientes, iban tranquilamente con el armamento de guerra por las calles de este pueblo ubicado en el Norte antioque\u00f1o. Ten\u00edan una&hellip;\" \/>\n<meta property=\"og:url\" content=\"https:\/\/prensapaisa.com\/index.php\/2022\/08\/03\/capturan-a-los-tres-reyes-de-carolina-del-principe\/\" \/>\n<meta property=\"og:site_name\" content=\"PRENSA PAISA\" \/>\n<meta property=\"article:published_time\" content=\"2022-08-04T01:50:00+00:00\" \/>\n<meta property=\"article:modified_time\" content=\"2022-08-04T04:51:39+00:00\" \/>\n<meta property=\"og:image\" content=\"https:\/\/prensapaisa.com\/wp-content\/uploads\/2022\/08\/1-22.jpg\" \/>\n\t<meta property=\"og:image:width\" content=\"627\" \/>\n\t<meta property=\"og:image:height\" content=\"576\" \/>\n\t<meta property=\"og:image:type\" content=\"image\/jpeg\" \/>\n<meta name=\"author\" content=\"noticias@prensapaisa.com\" \/>\n<meta name=\"twitter:card\" content=\"summary_large_image\" \/>\n<meta name=\"twitter:label1\" content=\"Escrito por\" \/>\n\t<meta name=\"twitter:data1\" content=\"noticias@prensapaisa.com\" \/>\n\t<meta name=\"twitter:label2\" content=\"Tiempo de lectura\" \/>\n\t<meta name=\"twitter:data2\" content=\"1 minuto\" \/>\n<script type=\"application\/ld+json\" class=\"yoast-schema-graph\">{\"@context\":\"https:\\\/\\\/schema.org\",\"@graph\":[{\"@type\":\"Article\",\"@id\":\"https:\\\/\\\/prensapaisa.com\\\/index.php\\\/2022\\\/08\\\/03\\\/capturan-a-los-tres-reyes-de-carolina-del-principe\\\/#article\",\"isPartOf\":{\"@id\":\"https:\\\/\\\/prensapaisa.com\\\/index.php\\\/2022\\\/08\\\/03\\\/capturan-a-los-tres-reyes-de-carolina-del-principe\\\/\"},\"author\":{\"name\":\"noticias@prensapaisa.com\",\"@id\":\"https:\\\/\\\/prensapaisa.com\\\/#\\\/schema\\\/person\\\/c5899b8b285dbcd70faec88a7c1579f6\"},\"headline\":\"Capturan a los &#8220;tres reyes&#8221; de Carolina del Pr\u00edncipe\",\"datePublished\":\"2022-08-04T01:50:00+00:00\",\"dateModified\":\"2022-08-04T04:51:39+00:00\",\"mainEntityOfPage\":{\"@id\":\"https:\\\/\\\/prensapaisa.com\\\/index.php\\\/2022\\\/08\\\/03\\\/capturan-a-los-tres-reyes-de-carolina-del-principe\\\/\"},\"wordCount\":102,\"commentCount\":0,\"publisher\":{\"@id\":\"https:\\\/\\\/prensapaisa.com\\\/#organization\"},\"image\":{\"@id\":\"https:\\\/\\\/prensapaisa.com\\\/index.php\\\/2022\\\/08\\\/03\\\/capturan-a-los-tres-reyes-de-carolina-del-principe\\\/#primaryimage\"},\"thumbnailUrl\":\"https:\\\/\\\/prensapaisa.com\\\/wp-content\\\/uploads\\\/2022\\\/08\\\/1-22.jpg\",\"articleSection\":[\"Capturas\",\"Noticias\"],\"inLanguage\":\"es-CO\",\"potentialAction\":[{\"@type\":\"CommentAction\",\"name\":\"Comment\",\"target\":[\"https:\\\/\\\/prensapaisa.com\\\/index.php\\\/2022\\\/08\\\/03\\\/capturan-a-los-tres-reyes-de-carolina-del-principe\\\/#respond\"]}]},{\"@type\":\"WebPage\",\"@id\":\"https:\\\/\\\/prensapaisa.com\\\/index.php\\\/2022\\\/08\\\/03\\\/capturan-a-los-tres-reyes-de-carolina-del-principe\\\/\",\"url\":\"https:\\\/\\\/prensapaisa.com\\\/index.php\\\/2022\\\/08\\\/03\\\/capturan-a-los-tres-reyes-de-carolina-del-principe\\\/\",\"name\":\"Capturan a los \\\"tres reyes\\\" de Carolina del Pr\u00edncipe - PRENSA PAISA\",\"isPartOf\":{\"@id\":\"https:\\\/\\\/prensapaisa.com\\\/#website\"},\"primaryImageOfPage\":{\"@id\":\"https:\\\/\\\/prensapaisa.com\\\/index.php\\\/2022\\\/08\\\/03\\\/capturan-a-los-tres-reyes-de-carolina-del-principe\\\/#primaryimage\"},\"image\":{\"@id\":\"https:\\\/\\\/prensapaisa.com\\\/index.php\\\/2022\\\/08\\\/03\\\/capturan-a-los-tres-reyes-de-carolina-del-principe\\\/#primaryimage\"},\"thumbnailUrl\":\"https:\\\/\\\/prensapaisa.com\\\/wp-content\\\/uploads\\\/2022\\\/08\\\/1-22.jpg\",\"datePublished\":\"2022-08-04T01:50:00+00:00\",\"dateModified\":\"2022-08-04T04:51:39+00:00\",\"breadcrumb\":{\"@id\":\"https:\\\/\\\/prensapaisa.com\\\/index.php\\\/2022\\\/08\\\/03\\\/capturan-a-los-tres-reyes-de-carolina-del-principe\\\/#breadcrumb\"},\"inLanguage\":\"es-CO\",\"potentialAction\":[{\"@type\":\"ReadAction\",\"target\":[\"https:\\\/\\\/prensapaisa.com\\\/index.php\\\/2022\\\/08\\\/03\\\/capturan-a-los-tres-reyes-de-carolina-del-principe\\\/\"]}]},{\"@type\":\"ImageObject\",\"inLanguage\":\"es-CO\",\"@id\":\"https:\\\/\\\/prensapaisa.com\\\/index.php\\\/2022\\\/08\\\/03\\\/capturan-a-los-tres-reyes-de-carolina-del-principe\\\/#primaryimage\",\"url\":\"https:\\\/\\\/prensapaisa.com\\\/wp-content\\\/uploads\\\/2022\\\/08\\\/1-22.jpg\",\"contentUrl\":\"https:\\\/\\\/prensapaisa.com\\\/wp-content\\\/uploads\\\/2022\\\/08\\\/1-22.jpg\",\"width\":627,\"height\":576},{\"@type\":\"BreadcrumbList\",\"@id\":\"https:\\\/\\\/prensapaisa.com\\\/index.php\\\/2022\\\/08\\\/03\\\/capturan-a-los-tres-reyes-de-carolina-del-principe\\\/#breadcrumb\",\"itemListElement\":[{\"@type\":\"ListItem\",\"position\":1,\"name\":\"Inicio\",\"item\":\"https:\\\/\\\/prensapaisa.com\\\/\"},{\"@type\":\"ListItem\",\"position\":2,\"name\":\"Capturan a los &#8220;tres reyes&#8221; de Carolina del Pr\u00edncipe\"}]},{\"@type\":\"WebSite\",\"@id\":\"https:\\\/\\\/prensapaisa.com\\\/#website\",\"url\":\"https:\\\/\\\/prensapaisa.com\\\/\",\"name\":\"PRENSA PAISA\",\"description\":\"Prensa Paisa la Original | Noticias de Medell\u00edn, Antioquia\",\"publisher\":{\"@id\":\"https:\\\/\\\/prensapaisa.com\\\/#organization\"},\"potentialAction\":[{\"@type\":\"SearchAction\",\"target\":{\"@type\":\"EntryPoint\",\"urlTemplate\":\"https:\\\/\\\/prensapaisa.com\\\/?s={search_term_string}\"},\"query-input\":{\"@type\":\"PropertyValueSpecification\",\"valueRequired\":true,\"valueName\":\"search_term_string\"}}],\"inLanguage\":\"es-CO\"},{\"@type\":\"Organization\",\"@id\":\"https:\\\/\\\/prensapaisa.com\\\/#organization\",\"name\":\"PRENSA PAISA\",\"url\":\"https:\\\/\\\/prensapaisa.com\\\/\",\"logo\":{\"@type\":\"ImageObject\",\"inLanguage\":\"es-CO\",\"@id\":\"https:\\\/\\\/prensapaisa.com\\\/#\\\/schema\\\/logo\\\/image\\\/\",\"url\":\"https:\\\/\\\/prensapaisa.com\\\/wp-content\\\/uploads\\\/2022\\\/05\\\/cropped-cropped-prensa.png\",\"contentUrl\":\"https:\\\/\\\/prensapaisa.com\\\/wp-content\\\/uploads\\\/2022\\\/05\\\/cropped-cropped-prensa.png\",\"width\":784,\"height\":524,\"caption\":\"PRENSA PAISA\"},\"image\":{\"@id\":\"https:\\\/\\\/prensapaisa.com\\\/#\\\/schema\\\/logo\\\/image\\\/\"}},{\"@type\":\"Person\",\"@id\":\"https:\\\/\\\/prensapaisa.com\\\/#\\\/schema\\\/person\\\/c5899b8b285dbcd70faec88a7c1579f6\",\"name\":\"noticias@prensapaisa.com\",\"image\":{\"@type\":\"ImageObject\",\"inLanguage\":\"es-CO\",\"@id\":\"https:\\\/\\\/secure.gravatar.com\\\/avatar\\\/ca2b49c1df14b84557c567431f045ea69c8ea5da2da50309fd4de9b811da0433?s=96&d=mm&r=g\",\"url\":\"https:\\\/\\\/secure.gravatar.com\\\/avatar\\\/ca2b49c1df14b84557c567431f045ea69c8ea5da2da50309fd4de9b811da0433?s=96&d=mm&r=g\",\"contentUrl\":\"https:\\\/\\\/secure.gravatar.com\\\/avatar\\\/ca2b49c1df14b84557c567431f045ea69c8ea5da2da50309fd4de9b811da0433?s=96&d=mm&r=g\",\"caption\":\"noticias@prensapaisa.com\"},\"sameAs\":[\"http:\\\/\\\/prensapaisa.com\"],\"url\":\"https:\\\/\\\/prensapaisa.com\\\/index.php\\\/author\\\/prensapaisagmail-com\\\/\"}]}<\/script>\n<!-- \/ Yoast SEO plugin. -->","yoast_head_json":{"title":"Capturan a los \"tres reyes\" de Carolina del Pr\u00edncipe - PRENSA PAISA","robots":{"index":"index","follow":"follow","max-snippet":"max-snippet:-1","max-image-preview":"max-image-preview:large","max-video-preview":"max-video-preview:-1"},"canonical":"https:\/\/prensapaisa.com\/index.php\/2022\/08\/03\/capturan-a-los-tres-reyes-de-carolina-del-principe\/","og_locale":"es_ES","og_type":"article","og_title":"Capturan a los \"tres reyes\" de Carolina del Pr\u00edncipe - PRENSA PAISA","og_description":"Los caballeros de capa ca\u00edda, sin caballo, pero muy sonrientes, iban tranquilamente con el armamento de guerra por las calles de este pueblo ubicado en el Norte antioque\u00f1o. Ten\u00edan una&hellip;","og_url":"https:\/\/prensapaisa.com\/index.php\/2022\/08\/03\/capturan-a-los-tres-reyes-de-carolina-del-principe\/","og_site_name":"PRENSA PAISA","article_published_time":"2022-08-04T01:50:00+00:00","article_modified_time":"2022-08-04T04:51:39+00:00","og_image":[{"width":627,"height":576,"url":"https:\/\/prensapaisa.com\/wp-content\/uploads\/2022\/08\/1-22.jpg","type":"image\/jpeg"}],"author":"noticias@prensapaisa.com","twitter_card":"summary_large_image","twitter_misc":{"Escrito por":"noticias@prensapaisa.com","Tiempo de lectura":"1 minuto"},"schema":{"@context":"https:\/\/schema.org","@graph":[{"@type":"Article","@id":"https:\/\/prensapaisa.com\/index.php\/2022\/08\/03\/capturan-a-los-tres-reyes-de-carolina-del-principe\/#article","isPartOf":{"@id":"https:\/\/prensapaisa.com\/index.php\/2022\/08\/03\/capturan-a-los-tres-reyes-de-carolina-del-principe\/"},"author":{"name":"noticias@prensapaisa.com","@id":"https:\/\/prensapaisa.com\/#\/schema\/person\/c5899b8b285dbcd70faec88a7c1579f6"},"headline":"Capturan a los &#8220;tres reyes&#8221; de Carolina del Pr\u00edncipe","datePublished":"2022-08-04T01:50:00+00:00","dateModified":"2022-08-04T04:51:39+00:00","mainEntityOfPage":{"@id":"https:\/\/prensapaisa.com\/index.php\/2022\/08\/03\/capturan-a-los-tres-reyes-de-carolina-del-principe\/"},"wordCount":102,"commentCount":0,"publisher":{"@id":"https:\/\/prensapaisa.com\/#organization"},"image":{"@id":"https:\/\/prensapaisa.com\/index.php\/2022\/08\/03\/capturan-a-los-tres-reyes-de-carolina-del-principe\/#primaryimage"},"thumbnailUrl":"https:\/\/prensapaisa.com\/wp-content\/uploads\/2022\/08\/1-22.jpg","articleSection":["Capturas","Noticias"],"inLanguage":"es-CO","potentialAction":[{"@type":"CommentAction","name":"Comment","target":["https:\/\/prensapaisa.com\/index.php\/2022\/08\/03\/capturan-a-los-tres-reyes-de-carolina-del-principe\/#respond"]}]},{"@type":"WebPage","@id":"https:\/\/prensapaisa.com\/index.php\/2022\/08\/03\/capturan-a-los-tres-reyes-de-carolina-del-principe\/","url":"https:\/\/prensapaisa.com\/index.php\/2022\/08\/03\/capturan-a-los-tres-reyes-de-carolina-del-principe\/","name":"Capturan a los \"tres reyes\" de Carolina del Pr\u00edncipe - PRENSA PAISA","isPartOf":{"@id":"https:\/\/prensapaisa.com\/#website"},"primaryImageOfPage":{"@id":"https:\/\/prensapaisa.com\/index.php\/2022\/08\/03\/capturan-a-los-tres-reyes-de-carolina-del-principe\/#primaryimage"},"image":{"@id":"https:\/\/prensapaisa.com\/index.php\/2022\/08\/03\/capturan-a-los-tres-reyes-de-carolina-del-principe\/#primaryimage"},"thumbnailUrl":"https:\/\/prensapaisa.com\/wp-content\/uploads\/2022\/08\/1-22.jpg","datePublished":"2022-08-04T01:50:00+00:00","dateModified":"2022-08-04T04:51:39+00:00","breadcrumb":{"@id":"https:\/\/prensapaisa.com\/index.php\/2022\/08\/03\/capturan-a-los-tres-reyes-de-carolina-del-principe\/#breadcrumb"},"inLanguage":"es-CO","potentialAction":[{"@type":"ReadAction","target":["https:\/\/prensapaisa.com\/index.php\/2022\/08\/03\/capturan-a-los-tres-reyes-de-carolina-del-principe\/"]}]},{"@type":"ImageObject","inLanguage":"es-CO","@id":"https:\/\/prensapaisa.com\/index.php\/2022\/08\/03\/capturan-a-los-tres-reyes-de-carolina-del-principe\/#primaryimage","url":"https:\/\/prensapaisa.com\/wp-content\/uploads\/2022\/08\/1-22.jpg","contentUrl":"https:\/\/prensapaisa.com\/wp-content\/uploads\/2022\/08\/1-22.jpg","width":627,"height":576},{"@type":"BreadcrumbList","@id":"https:\/\/prensapaisa.com\/index.php\/2022\/08\/03\/capturan-a-los-tres-reyes-de-carolina-del-principe\/#breadcrumb","itemListElement":[{"@type":"ListItem","position":1,"name":"Inicio","item":"https:\/\/prensapaisa.com\/"},{"@type":"ListItem","position":2,"name":"Capturan a los &#8220;tres reyes&#8221; de Carolina del Pr\u00edncipe"}]},{"@type":"WebSite","@id":"https:\/\/prensapaisa.com\/#website","url":"https:\/\/prensapaisa.com\/","name":"PRENSA PAISA","description":"Prensa Paisa la Original | Noticias de Medell\u00edn, Antioquia","publisher":{"@id":"https:\/\/prensapaisa.com\/#organization"},"potentialAction":[{"@type":"SearchAction","target":{"@type":"EntryPoint","urlTemplate":"https:\/\/prensapaisa.com\/?s={search_term_string}"},"query-input":{"@type":"PropertyValueSpecification","valueRequired":true,"valueName":"search_term_string"}}],"inLanguage":"es-CO"},{"@type":"Organization","@id":"https:\/\/prensapaisa.com\/#organization","name":"PRENSA PAISA","url":"https:\/\/prensapaisa.com\/","logo":{"@type":"ImageObject","inLanguage":"es-CO","@id":"https:\/\/prensapaisa.com\/#\/schema\/logo\/image\/","url":"https:\/\/prensapaisa.com\/wp-content\/uploads\/2022\/05\/cropped-cropped-prensa.png","contentUrl":"https:\/\/prensapaisa.com\/wp-content\/uploads\/2022\/05\/cropped-cropped-prensa.png","width":784,"height":524,"caption":"PRENSA PAISA"},"image":{"@id":"https:\/\/prensapaisa.com\/#\/schema\/logo\/image\/"}},{"@type":"Person","@id":"https:\/\/prensapaisa.com\/#\/schema\/person\/c5899b8b285dbcd70faec88a7c1579f6","name":"noticias@prensapaisa.com","image":{"@type":"ImageObject","inLanguage":"es-CO","@id":"https:\/\/secure.gravatar.com\/avatar\/ca2b49c1df14b84557c567431f045ea69c8ea5da2da50309fd4de9b811da0433?s=96&d=mm&r=g","url":"https:\/\/secure.gravatar.com\/avatar\/ca2b49c1df14b84557c567431f045ea69c8ea5da2da50309fd4de9b811da0433?s=96&d=mm&r=g","contentUrl":"https:\/\/secure.gravatar.com\/avatar\/ca2b49c1df14b84557c567431f045ea69c8ea5da2da50309fd4de9b811da0433?s=96&d=mm&r=g","caption":"noticias@prensapaisa.com"},"sameAs":["http:\/\/prensapaisa.com"],"url":"https:\/\/prensapaisa.com\/index.php\/author\/prensapaisagmail-com\/"}]}},"_links":{"self":[{"href":"https:\/\/prensapaisa.com\/index.php\/wp-json\/wp\/v2\/posts\/5749","targetHints":{"allow":["GET"]}}],"collection":[{"href":"https:\/\/prensapaisa.com\/index.php\/wp-json\/wp\/v2\/posts"}],"about":[{"href":"https:\/\/prensapaisa.com\/index.php\/wp-json\/wp\/v2\/types\/post"}],"author":[{"embeddable":true,"href":"https:\/\/prensapaisa.com\/index.php\/wp-json\/wp\/v2\/users\/1"}],"replies":[{"embeddable":true,"href":"https:\/\/prensapaisa.com\/index.php\/wp-json\/wp\/v2\/comments?post=5749"}],"version-history":[{"count":1,"href":"https:\/\/prensapaisa.com\/index.php\/wp-json\/wp\/v2\/posts\/5749\/revisions"}],"predecessor-version":[{"id":5752,"href":"https:\/\/prensapaisa.com\/index.php\/wp-json\/wp\/v2\/posts\/5749\/revisions\/5752"}],"wp:featuredmedia":[{"embeddable":true,"href":"https:\/\/prensapaisa.com\/index.php\/wp-json\/wp\/v2\/media\/5750"}],"wp:attachment":[{"href":"https:\/\/prensapaisa.com\/index.php\/wp-json\/wp\/v2\/media?parent=5749"}],"wp:term":[{"taxonomy":"category","embeddable":true,"href":"https:\/\/prensapaisa.com\/index.php\/wp-json\/wp\/v2\/categories?post=5749"},{"taxonomy":"post_tag","embeddable":true,"href":"https:\/\/prensapaisa.com\/index.php\/wp-json\/wp\/v2\/tags?post=5749"}],"curies":[{"name":"wp","href":"https:\/\/api.w.org\/{rel}","templated":true}]}}