{"id":4944,"date":"2022-07-08T18:30:00","date_gmt":"2022-07-08T23:30:00","guid":{"rendered":"https:\/\/prensapaisa.com\/?p=4944"},"modified":"2022-07-09T18:33:12","modified_gmt":"2022-07-09T23:33:12","slug":"balacera-dejo-a-una-persona-sin-vida-en-el-municipio-de-sabaneta","status":"publish","type":"post","link":"https:\/\/prensapaisa.com\/index.php\/2022\/07\/08\/balacera-dejo-a-una-persona-sin-vida-en-el-municipio-de-sabaneta\/","title":{"rendered":"Balacera dej\u00f3 a una persona sin vida en el municipio de Sabaneta"},"content":{"rendered":"\n<figure class=\"wp-block-embed is-type-video is-provider-youtube wp-block-embed-youtube wp-embed-aspect-16-9 wp-has-aspect-ratio\"><div class=\"wp-block-embed__wrapper\">\n<iframe title=\"Balacera dej\u00f3 a una persona sin vida en el municipio de Sabaneta\" width=\"1170\" height=\"658\" src=\"https:\/\/www.youtube.com\/embed\/sxSwKCN5K7U?feature=oembed\" frameborder=\"0\" allow=\"accelerometer; autoplay; clipboard-write; encrypted-media; gyroscope; picture-in-picture\" allowfullscreen><\/iframe>\n<\/div><\/figure>\n\n\n\n<p>Testigos aseguraron que la v\u00edctima sali\u00f3 a defender a una dama de dos fleteros, luego, para evitar el hurto, sac\u00f3 un arma traum\u00e1tica para que se fueran del lugar. Sin embargo, al comenzar la tarde del 8 de julio, los delincuentes le dispararon en repetidas ocasiones con arma de fuego.<\/p>\n\n\n\n<p>Damas y vecinos comenzaron a pedir ayuda, gritaron a la polic\u00eda y pidieron una ambulancia, pero el hombre se qued\u00f3 sin signos vitales.<\/p>\n\n\n\n<p>Autoridades investigan, paso a paso, los hechos y tratan de identificar las placas de la moto en la que escaparon los dos fascineros.<\/p>\n\n\n\n<figure class=\"wp-block-gallery has-nested-images columns-default is-cropped wp-block-gallery-1 is-layout-flex wp-block-gallery-is-layout-flex\">\n<figure class=\"wp-block-image size-large\"><img fetchpriority=\"high\" decoding=\"async\" width=\"350\" height=\"623\" data-id=\"4949\" src=\"https:\/\/prensapaisa.com\/wp-content\/uploads\/2022\/07\/1-39.jpg\" alt=\"\" class=\"wp-image-4949\" srcset=\"https:\/\/prensapaisa.com\/wp-content\/uploads\/2022\/07\/1-39.jpg 350w, https:\/\/prensapaisa.com\/wp-content\/uploads\/2022\/07\/1-39-169x300.jpg 169w\" sizes=\"(max-width: 350px) 100vw, 350px\" \/><\/figure>\n\n\n\n<figure class=\"wp-block-image size-large\"><img decoding=\"async\" width=\"480\" height=\"384\" data-id=\"4950\" src=\"https:\/\/prensapaisa.com\/wp-content\/uploads\/2022\/07\/02-23.jpg\" alt=\"\" class=\"wp-image-4950\" srcset=\"https:\/\/prensapaisa.com\/wp-content\/uploads\/2022\/07\/02-23.jpg 480w, https:\/\/prensapaisa.com\/wp-content\/uploads\/2022\/07\/02-23-300x240.jpg 300w\" sizes=\"(max-width: 480px) 100vw, 480px\" \/><\/figure>\n\n\n\n<figure class=\"wp-block-image size-large\"><img decoding=\"async\" width=\"1024\" height=\"745\" data-id=\"4953\" src=\"https:\/\/prensapaisa.com\/wp-content\/uploads\/2022\/07\/03-14-1024x745.jpg\" alt=\"\" class=\"wp-image-4953\" srcset=\"https:\/\/prensapaisa.com\/wp-content\/uploads\/2022\/07\/03-14-1024x745.jpg 1024w, https:\/\/prensapaisa.com\/wp-content\/uploads\/2022\/07\/03-14-300x218.jpg 300w, https:\/\/prensapaisa.com\/wp-content\/uploads\/2022\/07\/03-14-768x559.jpg 768w, https:\/\/prensapaisa.com\/wp-content\/uploads\/2022\/07\/03-14-1170x851.jpg 1170w, https:\/\/prensapaisa.com\/wp-content\/uploads\/2022\/07\/03-14-585x425.jpg 585w, https:\/\/prensapaisa.com\/wp-content\/uploads\/2022\/07\/03-14.jpg 1280w\" sizes=\"(max-width: 1024px) 100vw, 1024px\" \/><\/figure>\n\n\n\n<figure class=\"wp-block-image size-large\"><img loading=\"lazy\" decoding=\"async\" width=\"645\" height=\"1024\" data-id=\"4955\" src=\"https:\/\/prensapaisa.com\/wp-content\/uploads\/2022\/07\/3-9-645x1024.jpg\" alt=\"\" class=\"wp-image-4955\" srcset=\"https:\/\/prensapaisa.com\/wp-content\/uploads\/2022\/07\/3-9-645x1024.jpg 645w, https:\/\/prensapaisa.com\/wp-content\/uploads\/2022\/07\/3-9-189x300.jpg 189w, https:\/\/prensapaisa.com\/wp-content\/uploads\/2022\/07\/3-9-768x1219.jpg 768w, https:\/\/prensapaisa.com\/wp-content\/uploads\/2022\/07\/3-9-968x1536.jpg 968w, https:\/\/prensapaisa.com\/wp-content\/uploads\/2022\/07\/3-9-585x928.jpg 585w, https:\/\/prensapaisa.com\/wp-content\/uploads\/2022\/07\/3-9.jpg 1080w\" sizes=\"(max-width: 645px) 100vw, 645px\" \/><\/figure>\n\n\n\n<figure class=\"wp-block-image size-large\"><img loading=\"lazy\" decoding=\"async\" width=\"576\" height=\"1024\" data-id=\"4954\" src=\"https:\/\/prensapaisa.com\/wp-content\/uploads\/2022\/07\/4-5-576x1024.jpg\" alt=\"\" class=\"wp-image-4954\" srcset=\"https:\/\/prensapaisa.com\/wp-content\/uploads\/2022\/07\/4-5-576x1024.jpg 576w, https:\/\/prensapaisa.com\/wp-content\/uploads\/2022\/07\/4-5-169x300.jpg 169w, https:\/\/prensapaisa.com\/wp-content\/uploads\/2022\/07\/4-5-768x1366.jpg 768w, https:\/\/prensapaisa.com\/wp-content\/uploads\/2022\/07\/4-5-864x1536.jpg 864w, https:\/\/prensapaisa.com\/wp-content\/uploads\/2022\/07\/4-5-585x1041.jpg 585w, https:\/\/prensapaisa.com\/wp-content\/uploads\/2022\/07\/4-5.jpg 899w\" sizes=\"(max-width: 576px) 100vw, 576px\" \/><\/figure>\n\n\n\n<figure class=\"wp-block-image size-large\"><img loading=\"lazy\" decoding=\"async\" width=\"576\" height=\"1024\" data-id=\"4952\" src=\"https:\/\/prensapaisa.com\/wp-content\/uploads\/2022\/07\/5-5-576x1024.jpg\" alt=\"\" class=\"wp-image-4952\" srcset=\"https:\/\/prensapaisa.com\/wp-content\/uploads\/2022\/07\/5-5-576x1024.jpg 576w, https:\/\/prensapaisa.com\/wp-content\/uploads\/2022\/07\/5-5-169x300.jpg 169w, https:\/\/prensapaisa.com\/wp-content\/uploads\/2022\/07\/5-5-768x1366.jpg 768w, https:\/\/prensapaisa.com\/wp-content\/uploads\/2022\/07\/5-5-864x1536.jpg 864w, https:\/\/prensapaisa.com\/wp-content\/uploads\/2022\/07\/5-5-585x1041.jpg 585w, https:\/\/prensapaisa.com\/wp-content\/uploads\/2022\/07\/5-5.jpg 899w\" sizes=\"(max-width: 576px) 100vw, 576px\" \/><\/figure>\n\n\n\n<figure class=\"wp-block-image size-large\"><img loading=\"lazy\" decoding=\"async\" width=\"350\" height=\"623\" data-id=\"4951\" src=\"https:\/\/prensapaisa.com\/wp-content\/uploads\/2022\/07\/6-2.jpg\" alt=\"\" class=\"wp-image-4951\" srcset=\"https:\/\/prensapaisa.com\/wp-content\/uploads\/2022\/07\/6-2.jpg 350w, https:\/\/prensapaisa.com\/wp-content\/uploads\/2022\/07\/6-2-169x300.jpg 169w\" sizes=\"(max-width: 350px) 100vw, 350px\" \/><\/figure>\n<\/figure>\n","protected":false},"excerpt":{"rendered":"<p>Testigos aseguraron que la v\u00edctima sali\u00f3 a defender a una dama de dos fleteros, luego, para evitar el hurto, sac\u00f3 un arma traum\u00e1tica para que se fueran del lugar. Sin&hellip;<\/p>\n","protected":false},"author":1,"featured_media":4948,"comment_status":"open","ping_status":"open","sticky":false,"template":"","format":"standard","meta":{"footnotes":""},"categories":[43,1],"tags":[],"class_list":["post-4944","post","type-post","status-publish","format-standard","has-post-thumbnail","hentry","category-fallecidos","category-noticias"],"yoast_head":"<!-- This site is optimized with the Yoast SEO plugin v27.5 - https:\/\/yoast.com\/product\/yoast-seo-wordpress\/ -->\n<title>Balacera dej\u00f3 a una persona sin vida en el municipio de Sabaneta - PRENSA PAISA<\/title>\n<meta name=\"robots\" content=\"index, follow, max-snippet:-1, max-image-preview:large, max-video-preview:-1\" \/>\n<link rel=\"canonical\" href=\"https:\/\/prensapaisa.com\/index.php\/2022\/07\/08\/balacera-dejo-a-una-persona-sin-vida-en-el-municipio-de-sabaneta\/\" \/>\n<meta property=\"og:locale\" content=\"es_ES\" \/>\n<meta property=\"og:type\" content=\"article\" \/>\n<meta property=\"og:title\" content=\"Balacera dej\u00f3 a una persona sin vida en el municipio de Sabaneta - PRENSA PAISA\" \/>\n<meta property=\"og:description\" content=\"Testigos aseguraron que la v\u00edctima sali\u00f3 a defender a una dama de dos fleteros, luego, para evitar el hurto, sac\u00f3 un arma traum\u00e1tica para que se fueran del lugar. Sin&hellip;\" \/>\n<meta property=\"og:url\" content=\"https:\/\/prensapaisa.com\/index.php\/2022\/07\/08\/balacera-dejo-a-una-persona-sin-vida-en-el-municipio-de-sabaneta\/\" \/>\n<meta property=\"og:site_name\" content=\"PRENSA PAISA\" \/>\n<meta property=\"article:published_time\" content=\"2022-07-08T23:30:00+00:00\" \/>\n<meta property=\"article:modified_time\" content=\"2022-07-09T23:33:12+00:00\" \/>\n<meta property=\"og:image\" content=\"https:\/\/prensapaisa.com\/wp-content\/uploads\/2022\/07\/2-18.jpg\" \/>\n\t<meta property=\"og:image:width\" content=\"1080\" \/>\n\t<meta property=\"og:image:height\" content=\"1579\" \/>\n\t<meta property=\"og:image:type\" content=\"image\/jpeg\" \/>\n<meta name=\"author\" content=\"noticias@prensapaisa.com\" \/>\n<meta name=\"twitter:card\" content=\"summary_large_image\" \/>\n<meta name=\"twitter:label1\" content=\"Escrito por\" \/>\n\t<meta name=\"twitter:data1\" content=\"noticias@prensapaisa.com\" \/>\n\t<meta name=\"twitter:label2\" content=\"Tiempo de lectura\" \/>\n\t<meta name=\"twitter:data2\" content=\"2 minutos\" \/>\n<script type=\"application\/ld+json\" class=\"yoast-schema-graph\">{\"@context\":\"https:\\\/\\\/schema.org\",\"@graph\":[{\"@type\":\"Article\",\"@id\":\"https:\\\/\\\/prensapaisa.com\\\/index.php\\\/2022\\\/07\\\/08\\\/balacera-dejo-a-una-persona-sin-vida-en-el-municipio-de-sabaneta\\\/#article\",\"isPartOf\":{\"@id\":\"https:\\\/\\\/prensapaisa.com\\\/index.php\\\/2022\\\/07\\\/08\\\/balacera-dejo-a-una-persona-sin-vida-en-el-municipio-de-sabaneta\\\/\"},\"author\":{\"name\":\"noticias@prensapaisa.com\",\"@id\":\"https:\\\/\\\/prensapaisa.com\\\/#\\\/schema\\\/person\\\/c5899b8b285dbcd70faec88a7c1579f6\"},\"headline\":\"Balacera dej\u00f3 a una persona sin vida en el municipio de Sabaneta\",\"datePublished\":\"2022-07-08T23:30:00+00:00\",\"dateModified\":\"2022-07-09T23:33:12+00:00\",\"mainEntityOfPage\":{\"@id\":\"https:\\\/\\\/prensapaisa.com\\\/index.php\\\/2022\\\/07\\\/08\\\/balacera-dejo-a-una-persona-sin-vida-en-el-municipio-de-sabaneta\\\/\"},\"wordCount\":116,\"commentCount\":0,\"publisher\":{\"@id\":\"https:\\\/\\\/prensapaisa.com\\\/#organization\"},\"image\":{\"@id\":\"https:\\\/\\\/prensapaisa.com\\\/index.php\\\/2022\\\/07\\\/08\\\/balacera-dejo-a-una-persona-sin-vida-en-el-municipio-de-sabaneta\\\/#primaryimage\"},\"thumbnailUrl\":\"https:\\\/\\\/prensapaisa.com\\\/wp-content\\\/uploads\\\/2022\\\/07\\\/2-18.jpg\",\"articleSection\":[\"Fallecidos\",\"Noticias\"],\"inLanguage\":\"es-CO\",\"potentialAction\":[{\"@type\":\"CommentAction\",\"name\":\"Comment\",\"target\":[\"https:\\\/\\\/prensapaisa.com\\\/index.php\\\/2022\\\/07\\\/08\\\/balacera-dejo-a-una-persona-sin-vida-en-el-municipio-de-sabaneta\\\/#respond\"]}]},{\"@type\":\"WebPage\",\"@id\":\"https:\\\/\\\/prensapaisa.com\\\/index.php\\\/2022\\\/07\\\/08\\\/balacera-dejo-a-una-persona-sin-vida-en-el-municipio-de-sabaneta\\\/\",\"url\":\"https:\\\/\\\/prensapaisa.com\\\/index.php\\\/2022\\\/07\\\/08\\\/balacera-dejo-a-una-persona-sin-vida-en-el-municipio-de-sabaneta\\\/\",\"name\":\"Balacera dej\u00f3 a una persona sin vida en el municipio de Sabaneta - PRENSA PAISA\",\"isPartOf\":{\"@id\":\"https:\\\/\\\/prensapaisa.com\\\/#website\"},\"primaryImageOfPage\":{\"@id\":\"https:\\\/\\\/prensapaisa.com\\\/index.php\\\/2022\\\/07\\\/08\\\/balacera-dejo-a-una-persona-sin-vida-en-el-municipio-de-sabaneta\\\/#primaryimage\"},\"image\":{\"@id\":\"https:\\\/\\\/prensapaisa.com\\\/index.php\\\/2022\\\/07\\\/08\\\/balacera-dejo-a-una-persona-sin-vida-en-el-municipio-de-sabaneta\\\/#primaryimage\"},\"thumbnailUrl\":\"https:\\\/\\\/prensapaisa.com\\\/wp-content\\\/uploads\\\/2022\\\/07\\\/2-18.jpg\",\"datePublished\":\"2022-07-08T23:30:00+00:00\",\"dateModified\":\"2022-07-09T23:33:12+00:00\",\"breadcrumb\":{\"@id\":\"https:\\\/\\\/prensapaisa.com\\\/index.php\\\/2022\\\/07\\\/08\\\/balacera-dejo-a-una-persona-sin-vida-en-el-municipio-de-sabaneta\\\/#breadcrumb\"},\"inLanguage\":\"es-CO\",\"potentialAction\":[{\"@type\":\"ReadAction\",\"target\":[\"https:\\\/\\\/prensapaisa.com\\\/index.php\\\/2022\\\/07\\\/08\\\/balacera-dejo-a-una-persona-sin-vida-en-el-municipio-de-sabaneta\\\/\"]}]},{\"@type\":\"ImageObject\",\"inLanguage\":\"es-CO\",\"@id\":\"https:\\\/\\\/prensapaisa.com\\\/index.php\\\/2022\\\/07\\\/08\\\/balacera-dejo-a-una-persona-sin-vida-en-el-municipio-de-sabaneta\\\/#primaryimage\",\"url\":\"https:\\\/\\\/prensapaisa.com\\\/wp-content\\\/uploads\\\/2022\\\/07\\\/2-18.jpg\",\"contentUrl\":\"https:\\\/\\\/prensapaisa.com\\\/wp-content\\\/uploads\\\/2022\\\/07\\\/2-18.jpg\",\"width\":1080,\"height\":1579},{\"@type\":\"BreadcrumbList\",\"@id\":\"https:\\\/\\\/prensapaisa.com\\\/index.php\\\/2022\\\/07\\\/08\\\/balacera-dejo-a-una-persona-sin-vida-en-el-municipio-de-sabaneta\\\/#breadcrumb\",\"itemListElement\":[{\"@type\":\"ListItem\",\"position\":1,\"name\":\"Inicio\",\"item\":\"https:\\\/\\\/prensapaisa.com\\\/\"},{\"@type\":\"ListItem\",\"position\":2,\"name\":\"Balacera dej\u00f3 a una persona sin vida en el municipio de Sabaneta\"}]},{\"@type\":\"WebSite\",\"@id\":\"https:\\\/\\\/prensapaisa.com\\\/#website\",\"url\":\"https:\\\/\\\/prensapaisa.com\\\/\",\"name\":\"PRENSA PAISA\",\"description\":\"Prensa Paisa la Original | Noticias de Medell\u00edn, Antioquia\",\"publisher\":{\"@id\":\"https:\\\/\\\/prensapaisa.com\\\/#organization\"},\"potentialAction\":[{\"@type\":\"SearchAction\",\"target\":{\"@type\":\"EntryPoint\",\"urlTemplate\":\"https:\\\/\\\/prensapaisa.com\\\/?s={search_term_string}\"},\"query-input\":{\"@type\":\"PropertyValueSpecification\",\"valueRequired\":true,\"valueName\":\"search_term_string\"}}],\"inLanguage\":\"es-CO\"},{\"@type\":\"Organization\",\"@id\":\"https:\\\/\\\/prensapaisa.com\\\/#organization\",\"name\":\"PRENSA PAISA\",\"url\":\"https:\\\/\\\/prensapaisa.com\\\/\",\"logo\":{\"@type\":\"ImageObject\",\"inLanguage\":\"es-CO\",\"@id\":\"https:\\\/\\\/prensapaisa.com\\\/#\\\/schema\\\/logo\\\/image\\\/\",\"url\":\"https:\\\/\\\/prensapaisa.com\\\/wp-content\\\/uploads\\\/2022\\\/05\\\/cropped-cropped-prensa.png\",\"contentUrl\":\"https:\\\/\\\/prensapaisa.com\\\/wp-content\\\/uploads\\\/2022\\\/05\\\/cropped-cropped-prensa.png\",\"width\":784,\"height\":524,\"caption\":\"PRENSA PAISA\"},\"image\":{\"@id\":\"https:\\\/\\\/prensapaisa.com\\\/#\\\/schema\\\/logo\\\/image\\\/\"}},{\"@type\":\"Person\",\"@id\":\"https:\\\/\\\/prensapaisa.com\\\/#\\\/schema\\\/person\\\/c5899b8b285dbcd70faec88a7c1579f6\",\"name\":\"noticias@prensapaisa.com\",\"image\":{\"@type\":\"ImageObject\",\"inLanguage\":\"es-CO\",\"@id\":\"https:\\\/\\\/secure.gravatar.com\\\/avatar\\\/ca2b49c1df14b84557c567431f045ea69c8ea5da2da50309fd4de9b811da0433?s=96&d=mm&r=g\",\"url\":\"https:\\\/\\\/secure.gravatar.com\\\/avatar\\\/ca2b49c1df14b84557c567431f045ea69c8ea5da2da50309fd4de9b811da0433?s=96&d=mm&r=g\",\"contentUrl\":\"https:\\\/\\\/secure.gravatar.com\\\/avatar\\\/ca2b49c1df14b84557c567431f045ea69c8ea5da2da50309fd4de9b811da0433?s=96&d=mm&r=g\",\"caption\":\"noticias@prensapaisa.com\"},\"sameAs\":[\"http:\\\/\\\/prensapaisa.com\"],\"url\":\"https:\\\/\\\/prensapaisa.com\\\/index.php\\\/author\\\/prensapaisagmail-com\\\/\"}]}<\/script>\n<!-- \/ Yoast SEO plugin. -->","yoast_head_json":{"title":"Balacera dej\u00f3 a una persona sin vida en el municipio de Sabaneta - PRENSA PAISA","robots":{"index":"index","follow":"follow","max-snippet":"max-snippet:-1","max-image-preview":"max-image-preview:large","max-video-preview":"max-video-preview:-1"},"canonical":"https:\/\/prensapaisa.com\/index.php\/2022\/07\/08\/balacera-dejo-a-una-persona-sin-vida-en-el-municipio-de-sabaneta\/","og_locale":"es_ES","og_type":"article","og_title":"Balacera dej\u00f3 a una persona sin vida en el municipio de Sabaneta - PRENSA PAISA","og_description":"Testigos aseguraron que la v\u00edctima sali\u00f3 a defender a una dama de dos fleteros, luego, para evitar el hurto, sac\u00f3 un arma traum\u00e1tica para que se fueran del lugar. Sin&hellip;","og_url":"https:\/\/prensapaisa.com\/index.php\/2022\/07\/08\/balacera-dejo-a-una-persona-sin-vida-en-el-municipio-de-sabaneta\/","og_site_name":"PRENSA PAISA","article_published_time":"2022-07-08T23:30:00+00:00","article_modified_time":"2022-07-09T23:33:12+00:00","og_image":[{"width":1080,"height":1579,"url":"https:\/\/prensapaisa.com\/wp-content\/uploads\/2022\/07\/2-18.jpg","type":"image\/jpeg"}],"author":"noticias@prensapaisa.com","twitter_card":"summary_large_image","twitter_misc":{"Escrito por":"noticias@prensapaisa.com","Tiempo de lectura":"2 minutos"},"schema":{"@context":"https:\/\/schema.org","@graph":[{"@type":"Article","@id":"https:\/\/prensapaisa.com\/index.php\/2022\/07\/08\/balacera-dejo-a-una-persona-sin-vida-en-el-municipio-de-sabaneta\/#article","isPartOf":{"@id":"https:\/\/prensapaisa.com\/index.php\/2022\/07\/08\/balacera-dejo-a-una-persona-sin-vida-en-el-municipio-de-sabaneta\/"},"author":{"name":"noticias@prensapaisa.com","@id":"https:\/\/prensapaisa.com\/#\/schema\/person\/c5899b8b285dbcd70faec88a7c1579f6"},"headline":"Balacera dej\u00f3 a una persona sin vida en el municipio de Sabaneta","datePublished":"2022-07-08T23:30:00+00:00","dateModified":"2022-07-09T23:33:12+00:00","mainEntityOfPage":{"@id":"https:\/\/prensapaisa.com\/index.php\/2022\/07\/08\/balacera-dejo-a-una-persona-sin-vida-en-el-municipio-de-sabaneta\/"},"wordCount":116,"commentCount":0,"publisher":{"@id":"https:\/\/prensapaisa.com\/#organization"},"image":{"@id":"https:\/\/prensapaisa.com\/index.php\/2022\/07\/08\/balacera-dejo-a-una-persona-sin-vida-en-el-municipio-de-sabaneta\/#primaryimage"},"thumbnailUrl":"https:\/\/prensapaisa.com\/wp-content\/uploads\/2022\/07\/2-18.jpg","articleSection":["Fallecidos","Noticias"],"inLanguage":"es-CO","potentialAction":[{"@type":"CommentAction","name":"Comment","target":["https:\/\/prensapaisa.com\/index.php\/2022\/07\/08\/balacera-dejo-a-una-persona-sin-vida-en-el-municipio-de-sabaneta\/#respond"]}]},{"@type":"WebPage","@id":"https:\/\/prensapaisa.com\/index.php\/2022\/07\/08\/balacera-dejo-a-una-persona-sin-vida-en-el-municipio-de-sabaneta\/","url":"https:\/\/prensapaisa.com\/index.php\/2022\/07\/08\/balacera-dejo-a-una-persona-sin-vida-en-el-municipio-de-sabaneta\/","name":"Balacera dej\u00f3 a una persona sin vida en el municipio de Sabaneta - PRENSA PAISA","isPartOf":{"@id":"https:\/\/prensapaisa.com\/#website"},"primaryImageOfPage":{"@id":"https:\/\/prensapaisa.com\/index.php\/2022\/07\/08\/balacera-dejo-a-una-persona-sin-vida-en-el-municipio-de-sabaneta\/#primaryimage"},"image":{"@id":"https:\/\/prensapaisa.com\/index.php\/2022\/07\/08\/balacera-dejo-a-una-persona-sin-vida-en-el-municipio-de-sabaneta\/#primaryimage"},"thumbnailUrl":"https:\/\/prensapaisa.com\/wp-content\/uploads\/2022\/07\/2-18.jpg","datePublished":"2022-07-08T23:30:00+00:00","dateModified":"2022-07-09T23:33:12+00:00","breadcrumb":{"@id":"https:\/\/prensapaisa.com\/index.php\/2022\/07\/08\/balacera-dejo-a-una-persona-sin-vida-en-el-municipio-de-sabaneta\/#breadcrumb"},"inLanguage":"es-CO","potentialAction":[{"@type":"ReadAction","target":["https:\/\/prensapaisa.com\/index.php\/2022\/07\/08\/balacera-dejo-a-una-persona-sin-vida-en-el-municipio-de-sabaneta\/"]}]},{"@type":"ImageObject","inLanguage":"es-CO","@id":"https:\/\/prensapaisa.com\/index.php\/2022\/07\/08\/balacera-dejo-a-una-persona-sin-vida-en-el-municipio-de-sabaneta\/#primaryimage","url":"https:\/\/prensapaisa.com\/wp-content\/uploads\/2022\/07\/2-18.jpg","contentUrl":"https:\/\/prensapaisa.com\/wp-content\/uploads\/2022\/07\/2-18.jpg","width":1080,"height":1579},{"@type":"BreadcrumbList","@id":"https:\/\/prensapaisa.com\/index.php\/2022\/07\/08\/balacera-dejo-a-una-persona-sin-vida-en-el-municipio-de-sabaneta\/#breadcrumb","itemListElement":[{"@type":"ListItem","position":1,"name":"Inicio","item":"https:\/\/prensapaisa.com\/"},{"@type":"ListItem","position":2,"name":"Balacera dej\u00f3 a una persona sin vida en el municipio de Sabaneta"}]},{"@type":"WebSite","@id":"https:\/\/prensapaisa.com\/#website","url":"https:\/\/prensapaisa.com\/","name":"PRENSA PAISA","description":"Prensa Paisa la Original | Noticias de Medell\u00edn, Antioquia","publisher":{"@id":"https:\/\/prensapaisa.com\/#organization"},"potentialAction":[{"@type":"SearchAction","target":{"@type":"EntryPoint","urlTemplate":"https:\/\/prensapaisa.com\/?s={search_term_string}"},"query-input":{"@type":"PropertyValueSpecification","valueRequired":true,"valueName":"search_term_string"}}],"inLanguage":"es-CO"},{"@type":"Organization","@id":"https:\/\/prensapaisa.com\/#organization","name":"PRENSA PAISA","url":"https:\/\/prensapaisa.com\/","logo":{"@type":"ImageObject","inLanguage":"es-CO","@id":"https:\/\/prensapaisa.com\/#\/schema\/logo\/image\/","url":"https:\/\/prensapaisa.com\/wp-content\/uploads\/2022\/05\/cropped-cropped-prensa.png","contentUrl":"https:\/\/prensapaisa.com\/wp-content\/uploads\/2022\/05\/cropped-cropped-prensa.png","width":784,"height":524,"caption":"PRENSA PAISA"},"image":{"@id":"https:\/\/prensapaisa.com\/#\/schema\/logo\/image\/"}},{"@type":"Person","@id":"https:\/\/prensapaisa.com\/#\/schema\/person\/c5899b8b285dbcd70faec88a7c1579f6","name":"noticias@prensapaisa.com","image":{"@type":"ImageObject","inLanguage":"es-CO","@id":"https:\/\/secure.gravatar.com\/avatar\/ca2b49c1df14b84557c567431f045ea69c8ea5da2da50309fd4de9b811da0433?s=96&d=mm&r=g","url":"https:\/\/secure.gravatar.com\/avatar\/ca2b49c1df14b84557c567431f045ea69c8ea5da2da50309fd4de9b811da0433?s=96&d=mm&r=g","contentUrl":"https:\/\/secure.gravatar.com\/avatar\/ca2b49c1df14b84557c567431f045ea69c8ea5da2da50309fd4de9b811da0433?s=96&d=mm&r=g","caption":"noticias@prensapaisa.com"},"sameAs":["http:\/\/prensapaisa.com"],"url":"https:\/\/prensapaisa.com\/index.php\/author\/prensapaisagmail-com\/"}]}},"_links":{"self":[{"href":"https:\/\/prensapaisa.com\/index.php\/wp-json\/wp\/v2\/posts\/4944","targetHints":{"allow":["GET"]}}],"collection":[{"href":"https:\/\/prensapaisa.com\/index.php\/wp-json\/wp\/v2\/posts"}],"about":[{"href":"https:\/\/prensapaisa.com\/index.php\/wp-json\/wp\/v2\/types\/post"}],"author":[{"embeddable":true,"href":"https:\/\/prensapaisa.com\/index.php\/wp-json\/wp\/v2\/users\/1"}],"replies":[{"embeddable":true,"href":"https:\/\/prensapaisa.com\/index.php\/wp-json\/wp\/v2\/comments?post=4944"}],"version-history":[{"count":2,"href":"https:\/\/prensapaisa.com\/index.php\/wp-json\/wp\/v2\/posts\/4944\/revisions"}],"predecessor-version":[{"id":4956,"href":"https:\/\/prensapaisa.com\/index.php\/wp-json\/wp\/v2\/posts\/4944\/revisions\/4956"}],"wp:featuredmedia":[{"embeddable":true,"href":"https:\/\/prensapaisa.com\/index.php\/wp-json\/wp\/v2\/media\/4948"}],"wp:attachment":[{"href":"https:\/\/prensapaisa.com\/index.php\/wp-json\/wp\/v2\/media?parent=4944"}],"wp:term":[{"taxonomy":"category","embeddable":true,"href":"https:\/\/prensapaisa.com\/index.php\/wp-json\/wp\/v2\/categories?post=4944"},{"taxonomy":"post_tag","embeddable":true,"href":"https:\/\/prensapaisa.com\/index.php\/wp-json\/wp\/v2\/tags?post=4944"}],"curies":[{"name":"wp","href":"https:\/\/api.w.org\/{rel}","templated":true}]}}