{"id":4899,"date":"2022-07-07T15:07:00","date_gmt":"2022-07-07T20:07:00","guid":{"rendered":"https:\/\/prensapaisa.com\/?p=4899"},"modified":"2022-07-07T23:08:12","modified_gmt":"2022-07-08T04:08:12","slug":"polemica-por-nombramiento-de-la-antioquena-carolina-corcho-como-ministra-de-salud-pidio-acabar-con-las-eps","status":"publish","type":"post","link":"https:\/\/prensapaisa.com\/index.php\/2022\/07\/07\/polemica-por-nombramiento-de-la-antioquena-carolina-corcho-como-ministra-de-salud-pidio-acabar-con-las-eps\/","title":{"rendered":"Pol\u00e9mica por nombramiento de la antioque\u00f1a Carolina Corcho como Ministra de Salud; pidi\u00f3 acabar con las EPS"},"content":{"rendered":"\n<p>&#8220;La llegada de la doctora a esa cartera que tom\u00f3 tanta importancia en el \u00faltimo tiempo no gust\u00f3 mucho en una parte de la opini\u00f3n p\u00fablica.<\/p>\n\n\n\n<p>Gustavo Petro confirm\u00f3 esta ma\u00f1ana a tres de sus ministras: Cecilia L\u00f3pez (ministra de Agricultura), Susana Muhamad (ministra de Ambiente) y Carolina Corcho (ministra de Salud). Fue el nombre de esta \u00faltima el que m\u00e1s pol\u00e9mica desat\u00f3 en la opini\u00f3n p\u00fablica y el debate en torno a si el presidente electo acert\u00f3 o no con su nombramiento est\u00e1 candente.<\/p>\n\n\n\n<p>No por nada, el nombre de Corcho se convirti\u00f3 en la principal tendencia nacional en Twitter, tan solo minutos despu\u00e9s de que se confirmara que ser\u00e1 la pr\u00f3xima ministra de Salud. Los anuncios de Petro en materia ministerial ven\u00edan siendo muy bien acogidos por la opini\u00f3n p\u00fablica, pero en el caso de la m\u00e9dica psiquiatra no sucedi\u00f3 lo mismo.<\/p>\n\n\n\n<p>Fue bastante llamativo que varios usuarios que se identifican con los postulados de Petro tambi\u00e9n criticaran el nombramiento de Corcho como ministra de Salud. Analistas, periodistas y personas cercanas al gremio m\u00e9dico presentaron serios reparos sobre la idoneidad de ella para liderar una cartera tan importante.<\/p>\n\n\n\n<p>A Corcho la est\u00e1n criticando bastante por varias opiniones que entreg\u00f3 durante los \u00faltimos a\u00f1os, sobre todo algunas que dio en el primer a\u00f1o de la pandemia de COVID-19. Algunos usuarios la acusan de haber compartido noticias falsas, de entregar opiniones discutibles sobre la vacunaci\u00f3n y de no ser lo suficientemente rigurosa a la hora de emitir juicios sobre el sector de la salud en Colombia.<\/p>\n\n\n\n<p>Sin embargo, otro grupo de personas aplaudi\u00f3 a Petro por la elecci\u00f3n de Corcho y la calific\u00f3 como una mujer muy bien preparada para asumir el reto de encabezar uno de los ministerios m\u00e1s importantes del Gobierno&#8221;.<\/p>\n\n\n\n<figure class=\"wp-block-gallery has-nested-images columns-default is-cropped wp-block-gallery-1 is-layout-flex wp-block-gallery-is-layout-flex\">\n<figure class=\"wp-block-image size-large\"><img fetchpriority=\"high\" decoding=\"async\" width=\"584\" height=\"395\" data-id=\"4900\" src=\"https:\/\/prensapaisa.com\/wp-content\/uploads\/2022\/07\/1-30.jpg\" alt=\"\" class=\"wp-image-4900\" srcset=\"https:\/\/prensapaisa.com\/wp-content\/uploads\/2022\/07\/1-30.jpg 584w, https:\/\/prensapaisa.com\/wp-content\/uploads\/2022\/07\/1-30-300x203.jpg 300w\" sizes=\"(max-width: 584px) 100vw, 584px\" \/><\/figure>\n\n\n\n<figure class=\"wp-block-image size-large\"><img decoding=\"async\" width=\"945\" height=\"854\" data-id=\"4901\" src=\"https:\/\/prensapaisa.com\/wp-content\/uploads\/2022\/07\/02-17.jpg\" alt=\"\" class=\"wp-image-4901\" srcset=\"https:\/\/prensapaisa.com\/wp-content\/uploads\/2022\/07\/02-17.jpg 945w, https:\/\/prensapaisa.com\/wp-content\/uploads\/2022\/07\/02-17-300x271.jpg 300w, https:\/\/prensapaisa.com\/wp-content\/uploads\/2022\/07\/02-17-768x694.jpg 768w, https:\/\/prensapaisa.com\/wp-content\/uploads\/2022\/07\/02-17-585x529.jpg 585w\" sizes=\"(max-width: 945px) 100vw, 945px\" \/><\/figure>\n\n\n\n<figure class=\"wp-block-image size-large\"><img decoding=\"async\" width=\"819\" height=\"1024\" data-id=\"4902\" src=\"https:\/\/prensapaisa.com\/wp-content\/uploads\/2022\/07\/03-10-819x1024.jpg\" alt=\"\" class=\"wp-image-4902\" srcset=\"https:\/\/prensapaisa.com\/wp-content\/uploads\/2022\/07\/03-10-819x1024.jpg 819w, https:\/\/prensapaisa.com\/wp-content\/uploads\/2022\/07\/03-10-240x300.jpg 240w, https:\/\/prensapaisa.com\/wp-content\/uploads\/2022\/07\/03-10-768x960.jpg 768w, https:\/\/prensapaisa.com\/wp-content\/uploads\/2022\/07\/03-10-585x731.jpg 585w, https:\/\/prensapaisa.com\/wp-content\/uploads\/2022\/07\/03-10.jpg 847w\" sizes=\"(max-width: 819px) 100vw, 819px\" \/><\/figure>\n\n\n\n<figure class=\"wp-block-image size-large\"><img loading=\"lazy\" decoding=\"async\" width=\"1024\" height=\"1024\" data-id=\"4903\" src=\"https:\/\/prensapaisa.com\/wp-content\/uploads\/2022\/07\/3-7-1024x1024.jpg\" alt=\"\" class=\"wp-image-4903\" srcset=\"https:\/\/prensapaisa.com\/wp-content\/uploads\/2022\/07\/3-7-1024x1024.jpg 1024w, https:\/\/prensapaisa.com\/wp-content\/uploads\/2022\/07\/3-7-300x300.jpg 300w, https:\/\/prensapaisa.com\/wp-content\/uploads\/2022\/07\/3-7-150x150.jpg 150w, https:\/\/prensapaisa.com\/wp-content\/uploads\/2022\/07\/3-7-768x767.jpg 768w, https:\/\/prensapaisa.com\/wp-content\/uploads\/2022\/07\/3-7-585x585.jpg 585w, https:\/\/prensapaisa.com\/wp-content\/uploads\/2022\/07\/3-7.jpg 1080w\" sizes=\"(max-width: 1024px) 100vw, 1024px\" \/><\/figure>\n\n\n\n<figure class=\"wp-block-image size-large\"><img loading=\"lazy\" decoding=\"async\" width=\"732\" height=\"1024\" data-id=\"4904\" src=\"https:\/\/prensapaisa.com\/wp-content\/uploads\/2022\/07\/4-3-732x1024.jpg\" alt=\"\" class=\"wp-image-4904\" srcset=\"https:\/\/prensapaisa.com\/wp-content\/uploads\/2022\/07\/4-3-732x1024.jpg 732w, https:\/\/prensapaisa.com\/wp-content\/uploads\/2022\/07\/4-3-215x300.jpg 215w, https:\/\/prensapaisa.com\/wp-content\/uploads\/2022\/07\/4-3-768x1074.jpg 768w, https:\/\/prensapaisa.com\/wp-content\/uploads\/2022\/07\/4-3-585x818.jpg 585w, https:\/\/prensapaisa.com\/wp-content\/uploads\/2022\/07\/4-3.jpg 1080w\" sizes=\"(max-width: 732px) 100vw, 732px\" \/><\/figure>\n\n\n\n<figure class=\"wp-block-image size-large\"><img loading=\"lazy\" decoding=\"async\" width=\"1024\" height=\"969\" data-id=\"4905\" src=\"https:\/\/prensapaisa.com\/wp-content\/uploads\/2022\/07\/5-3-1024x969.jpg\" alt=\"\" class=\"wp-image-4905\" srcset=\"https:\/\/prensapaisa.com\/wp-content\/uploads\/2022\/07\/5-3-1024x969.jpg 1024w, https:\/\/prensapaisa.com\/wp-content\/uploads\/2022\/07\/5-3-300x284.jpg 300w, https:\/\/prensapaisa.com\/wp-content\/uploads\/2022\/07\/5-3-768x727.jpg 768w, https:\/\/prensapaisa.com\/wp-content\/uploads\/2022\/07\/5-3-585x554.jpg 585w, https:\/\/prensapaisa.com\/wp-content\/uploads\/2022\/07\/5-3.jpg 1080w\" sizes=\"(max-width: 1024px) 100vw, 1024px\" \/><\/figure>\n<\/figure>\n","protected":false},"excerpt":{"rendered":"<p>&#8220;La llegada de la doctora a esa cartera que tom\u00f3 tanta importancia en el \u00faltimo tiempo no gust\u00f3 mucho en una parte de la opini\u00f3n p\u00fablica. Gustavo Petro confirm\u00f3 esta&hellip;<\/p>\n","protected":false},"author":1,"featured_media":4906,"comment_status":"open","ping_status":"open","sticky":false,"template":"","format":"standard","meta":{"footnotes":""},"categories":[1],"tags":[],"class_list":["post-4899","post","type-post","status-publish","format-standard","has-post-thumbnail","hentry","category-noticias"],"yoast_head":"<!-- This site is optimized with the Yoast SEO plugin v27.5 - https:\/\/yoast.com\/product\/yoast-seo-wordpress\/ -->\n<title>Pol\u00e9mica por nombramiento de la antioque\u00f1a Carolina Corcho como Ministra de Salud; pidi\u00f3 acabar con las EPS - PRENSA PAISA<\/title>\n<meta name=\"robots\" content=\"index, follow, max-snippet:-1, max-image-preview:large, max-video-preview:-1\" \/>\n<link rel=\"canonical\" href=\"https:\/\/prensapaisa.com\/index.php\/2022\/07\/07\/polemica-por-nombramiento-de-la-antioquena-carolina-corcho-como-ministra-de-salud-pidio-acabar-con-las-eps\/\" \/>\n<meta property=\"og:locale\" content=\"es_ES\" \/>\n<meta property=\"og:type\" content=\"article\" \/>\n<meta property=\"og:title\" content=\"Pol\u00e9mica por nombramiento de la antioque\u00f1a Carolina Corcho como Ministra de Salud; pidi\u00f3 acabar con las EPS - PRENSA PAISA\" \/>\n<meta property=\"og:description\" content=\"&#8220;La llegada de la doctora a esa cartera que tom\u00f3 tanta importancia en el \u00faltimo tiempo no gust\u00f3 mucho en una parte de la opini\u00f3n p\u00fablica. Gustavo Petro confirm\u00f3 esta&hellip;\" \/>\n<meta property=\"og:url\" content=\"https:\/\/prensapaisa.com\/index.php\/2022\/07\/07\/polemica-por-nombramiento-de-la-antioquena-carolina-corcho-como-ministra-de-salud-pidio-acabar-con-las-eps\/\" \/>\n<meta property=\"og:site_name\" content=\"PRENSA PAISA\" \/>\n<meta property=\"article:published_time\" content=\"2022-07-07T20:07:00+00:00\" \/>\n<meta property=\"article:modified_time\" content=\"2022-07-08T04:08:12+00:00\" \/>\n<meta property=\"og:image\" content=\"https:\/\/prensapaisa.com\/wp-content\/uploads\/2022\/07\/2-13.jpg\" \/>\n\t<meta property=\"og:image:width\" content=\"1080\" \/>\n\t<meta property=\"og:image:height\" content=\"486\" \/>\n\t<meta property=\"og:image:type\" content=\"image\/jpeg\" \/>\n<meta name=\"author\" content=\"noticias@prensapaisa.com\" \/>\n<meta name=\"twitter:card\" content=\"summary_large_image\" \/>\n<meta name=\"twitter:label1\" content=\"Escrito por\" \/>\n\t<meta name=\"twitter:data1\" content=\"noticias@prensapaisa.com\" \/>\n\t<meta name=\"twitter:label2\" content=\"Tiempo de lectura\" \/>\n\t<meta name=\"twitter:data2\" content=\"3 minutos\" \/>\n<script type=\"application\/ld+json\" class=\"yoast-schema-graph\">{\"@context\":\"https:\\\/\\\/schema.org\",\"@graph\":[{\"@type\":\"Article\",\"@id\":\"https:\\\/\\\/prensapaisa.com\\\/index.php\\\/2022\\\/07\\\/07\\\/polemica-por-nombramiento-de-la-antioquena-carolina-corcho-como-ministra-de-salud-pidio-acabar-con-las-eps\\\/#article\",\"isPartOf\":{\"@id\":\"https:\\\/\\\/prensapaisa.com\\\/index.php\\\/2022\\\/07\\\/07\\\/polemica-por-nombramiento-de-la-antioquena-carolina-corcho-como-ministra-de-salud-pidio-acabar-con-las-eps\\\/\"},\"author\":{\"name\":\"noticias@prensapaisa.com\",\"@id\":\"https:\\\/\\\/prensapaisa.com\\\/#\\\/schema\\\/person\\\/c5899b8b285dbcd70faec88a7c1579f6\"},\"headline\":\"Pol\u00e9mica por nombramiento de la antioque\u00f1a Carolina Corcho como Ministra de Salud; pidi\u00f3 acabar con las EPS\",\"datePublished\":\"2022-07-07T20:07:00+00:00\",\"dateModified\":\"2022-07-08T04:08:12+00:00\",\"mainEntityOfPage\":{\"@id\":\"https:\\\/\\\/prensapaisa.com\\\/index.php\\\/2022\\\/07\\\/07\\\/polemica-por-nombramiento-de-la-antioquena-carolina-corcho-como-ministra-de-salud-pidio-acabar-con-las-eps\\\/\"},\"wordCount\":334,\"commentCount\":0,\"publisher\":{\"@id\":\"https:\\\/\\\/prensapaisa.com\\\/#organization\"},\"image\":{\"@id\":\"https:\\\/\\\/prensapaisa.com\\\/index.php\\\/2022\\\/07\\\/07\\\/polemica-por-nombramiento-de-la-antioquena-carolina-corcho-como-ministra-de-salud-pidio-acabar-con-las-eps\\\/#primaryimage\"},\"thumbnailUrl\":\"https:\\\/\\\/prensapaisa.com\\\/wp-content\\\/uploads\\\/2022\\\/07\\\/2-13.jpg\",\"articleSection\":[\"Noticias\"],\"inLanguage\":\"es-CO\",\"potentialAction\":[{\"@type\":\"CommentAction\",\"name\":\"Comment\",\"target\":[\"https:\\\/\\\/prensapaisa.com\\\/index.php\\\/2022\\\/07\\\/07\\\/polemica-por-nombramiento-de-la-antioquena-carolina-corcho-como-ministra-de-salud-pidio-acabar-con-las-eps\\\/#respond\"]}]},{\"@type\":\"WebPage\",\"@id\":\"https:\\\/\\\/prensapaisa.com\\\/index.php\\\/2022\\\/07\\\/07\\\/polemica-por-nombramiento-de-la-antioquena-carolina-corcho-como-ministra-de-salud-pidio-acabar-con-las-eps\\\/\",\"url\":\"https:\\\/\\\/prensapaisa.com\\\/index.php\\\/2022\\\/07\\\/07\\\/polemica-por-nombramiento-de-la-antioquena-carolina-corcho-como-ministra-de-salud-pidio-acabar-con-las-eps\\\/\",\"name\":\"Pol\u00e9mica por nombramiento de la antioque\u00f1a Carolina Corcho como Ministra de Salud; pidi\u00f3 acabar con las EPS - PRENSA PAISA\",\"isPartOf\":{\"@id\":\"https:\\\/\\\/prensapaisa.com\\\/#website\"},\"primaryImageOfPage\":{\"@id\":\"https:\\\/\\\/prensapaisa.com\\\/index.php\\\/2022\\\/07\\\/07\\\/polemica-por-nombramiento-de-la-antioquena-carolina-corcho-como-ministra-de-salud-pidio-acabar-con-las-eps\\\/#primaryimage\"},\"image\":{\"@id\":\"https:\\\/\\\/prensapaisa.com\\\/index.php\\\/2022\\\/07\\\/07\\\/polemica-por-nombramiento-de-la-antioquena-carolina-corcho-como-ministra-de-salud-pidio-acabar-con-las-eps\\\/#primaryimage\"},\"thumbnailUrl\":\"https:\\\/\\\/prensapaisa.com\\\/wp-content\\\/uploads\\\/2022\\\/07\\\/2-13.jpg\",\"datePublished\":\"2022-07-07T20:07:00+00:00\",\"dateModified\":\"2022-07-08T04:08:12+00:00\",\"breadcrumb\":{\"@id\":\"https:\\\/\\\/prensapaisa.com\\\/index.php\\\/2022\\\/07\\\/07\\\/polemica-por-nombramiento-de-la-antioquena-carolina-corcho-como-ministra-de-salud-pidio-acabar-con-las-eps\\\/#breadcrumb\"},\"inLanguage\":\"es-CO\",\"potentialAction\":[{\"@type\":\"ReadAction\",\"target\":[\"https:\\\/\\\/prensapaisa.com\\\/index.php\\\/2022\\\/07\\\/07\\\/polemica-por-nombramiento-de-la-antioquena-carolina-corcho-como-ministra-de-salud-pidio-acabar-con-las-eps\\\/\"]}]},{\"@type\":\"ImageObject\",\"inLanguage\":\"es-CO\",\"@id\":\"https:\\\/\\\/prensapaisa.com\\\/index.php\\\/2022\\\/07\\\/07\\\/polemica-por-nombramiento-de-la-antioquena-carolina-corcho-como-ministra-de-salud-pidio-acabar-con-las-eps\\\/#primaryimage\",\"url\":\"https:\\\/\\\/prensapaisa.com\\\/wp-content\\\/uploads\\\/2022\\\/07\\\/2-13.jpg\",\"contentUrl\":\"https:\\\/\\\/prensapaisa.com\\\/wp-content\\\/uploads\\\/2022\\\/07\\\/2-13.jpg\",\"width\":1080,\"height\":486},{\"@type\":\"BreadcrumbList\",\"@id\":\"https:\\\/\\\/prensapaisa.com\\\/index.php\\\/2022\\\/07\\\/07\\\/polemica-por-nombramiento-de-la-antioquena-carolina-corcho-como-ministra-de-salud-pidio-acabar-con-las-eps\\\/#breadcrumb\",\"itemListElement\":[{\"@type\":\"ListItem\",\"position\":1,\"name\":\"Inicio\",\"item\":\"https:\\\/\\\/prensapaisa.com\\\/\"},{\"@type\":\"ListItem\",\"position\":2,\"name\":\"Pol\u00e9mica por nombramiento de la antioque\u00f1a Carolina Corcho como Ministra de Salud; pidi\u00f3 acabar con las EPS\"}]},{\"@type\":\"WebSite\",\"@id\":\"https:\\\/\\\/prensapaisa.com\\\/#website\",\"url\":\"https:\\\/\\\/prensapaisa.com\\\/\",\"name\":\"PRENSA PAISA\",\"description\":\"Prensa Paisa la Original | Noticias de Medell\u00edn, Antioquia\",\"publisher\":{\"@id\":\"https:\\\/\\\/prensapaisa.com\\\/#organization\"},\"potentialAction\":[{\"@type\":\"SearchAction\",\"target\":{\"@type\":\"EntryPoint\",\"urlTemplate\":\"https:\\\/\\\/prensapaisa.com\\\/?s={search_term_string}\"},\"query-input\":{\"@type\":\"PropertyValueSpecification\",\"valueRequired\":true,\"valueName\":\"search_term_string\"}}],\"inLanguage\":\"es-CO\"},{\"@type\":\"Organization\",\"@id\":\"https:\\\/\\\/prensapaisa.com\\\/#organization\",\"name\":\"PRENSA PAISA\",\"url\":\"https:\\\/\\\/prensapaisa.com\\\/\",\"logo\":{\"@type\":\"ImageObject\",\"inLanguage\":\"es-CO\",\"@id\":\"https:\\\/\\\/prensapaisa.com\\\/#\\\/schema\\\/logo\\\/image\\\/\",\"url\":\"https:\\\/\\\/prensapaisa.com\\\/wp-content\\\/uploads\\\/2022\\\/05\\\/cropped-cropped-prensa.png\",\"contentUrl\":\"https:\\\/\\\/prensapaisa.com\\\/wp-content\\\/uploads\\\/2022\\\/05\\\/cropped-cropped-prensa.png\",\"width\":784,\"height\":524,\"caption\":\"PRENSA PAISA\"},\"image\":{\"@id\":\"https:\\\/\\\/prensapaisa.com\\\/#\\\/schema\\\/logo\\\/image\\\/\"}},{\"@type\":\"Person\",\"@id\":\"https:\\\/\\\/prensapaisa.com\\\/#\\\/schema\\\/person\\\/c5899b8b285dbcd70faec88a7c1579f6\",\"name\":\"noticias@prensapaisa.com\",\"image\":{\"@type\":\"ImageObject\",\"inLanguage\":\"es-CO\",\"@id\":\"https:\\\/\\\/secure.gravatar.com\\\/avatar\\\/ca2b49c1df14b84557c567431f045ea69c8ea5da2da50309fd4de9b811da0433?s=96&d=mm&r=g\",\"url\":\"https:\\\/\\\/secure.gravatar.com\\\/avatar\\\/ca2b49c1df14b84557c567431f045ea69c8ea5da2da50309fd4de9b811da0433?s=96&d=mm&r=g\",\"contentUrl\":\"https:\\\/\\\/secure.gravatar.com\\\/avatar\\\/ca2b49c1df14b84557c567431f045ea69c8ea5da2da50309fd4de9b811da0433?s=96&d=mm&r=g\",\"caption\":\"noticias@prensapaisa.com\"},\"sameAs\":[\"http:\\\/\\\/prensapaisa.com\"],\"url\":\"https:\\\/\\\/prensapaisa.com\\\/index.php\\\/author\\\/prensapaisagmail-com\\\/\"}]}<\/script>\n<!-- \/ Yoast SEO plugin. -->","yoast_head_json":{"title":"Pol\u00e9mica por nombramiento de la antioque\u00f1a Carolina Corcho como Ministra de Salud; pidi\u00f3 acabar con las EPS - PRENSA PAISA","robots":{"index":"index","follow":"follow","max-snippet":"max-snippet:-1","max-image-preview":"max-image-preview:large","max-video-preview":"max-video-preview:-1"},"canonical":"https:\/\/prensapaisa.com\/index.php\/2022\/07\/07\/polemica-por-nombramiento-de-la-antioquena-carolina-corcho-como-ministra-de-salud-pidio-acabar-con-las-eps\/","og_locale":"es_ES","og_type":"article","og_title":"Pol\u00e9mica por nombramiento de la antioque\u00f1a Carolina Corcho como Ministra de Salud; pidi\u00f3 acabar con las EPS - PRENSA PAISA","og_description":"&#8220;La llegada de la doctora a esa cartera que tom\u00f3 tanta importancia en el \u00faltimo tiempo no gust\u00f3 mucho en una parte de la opini\u00f3n p\u00fablica. Gustavo Petro confirm\u00f3 esta&hellip;","og_url":"https:\/\/prensapaisa.com\/index.php\/2022\/07\/07\/polemica-por-nombramiento-de-la-antioquena-carolina-corcho-como-ministra-de-salud-pidio-acabar-con-las-eps\/","og_site_name":"PRENSA PAISA","article_published_time":"2022-07-07T20:07:00+00:00","article_modified_time":"2022-07-08T04:08:12+00:00","og_image":[{"width":1080,"height":486,"url":"https:\/\/prensapaisa.com\/wp-content\/uploads\/2022\/07\/2-13.jpg","type":"image\/jpeg"}],"author":"noticias@prensapaisa.com","twitter_card":"summary_large_image","twitter_misc":{"Escrito por":"noticias@prensapaisa.com","Tiempo de lectura":"3 minutos"},"schema":{"@context":"https:\/\/schema.org","@graph":[{"@type":"Article","@id":"https:\/\/prensapaisa.com\/index.php\/2022\/07\/07\/polemica-por-nombramiento-de-la-antioquena-carolina-corcho-como-ministra-de-salud-pidio-acabar-con-las-eps\/#article","isPartOf":{"@id":"https:\/\/prensapaisa.com\/index.php\/2022\/07\/07\/polemica-por-nombramiento-de-la-antioquena-carolina-corcho-como-ministra-de-salud-pidio-acabar-con-las-eps\/"},"author":{"name":"noticias@prensapaisa.com","@id":"https:\/\/prensapaisa.com\/#\/schema\/person\/c5899b8b285dbcd70faec88a7c1579f6"},"headline":"Pol\u00e9mica por nombramiento de la antioque\u00f1a Carolina Corcho como Ministra de Salud; pidi\u00f3 acabar con las EPS","datePublished":"2022-07-07T20:07:00+00:00","dateModified":"2022-07-08T04:08:12+00:00","mainEntityOfPage":{"@id":"https:\/\/prensapaisa.com\/index.php\/2022\/07\/07\/polemica-por-nombramiento-de-la-antioquena-carolina-corcho-como-ministra-de-salud-pidio-acabar-con-las-eps\/"},"wordCount":334,"commentCount":0,"publisher":{"@id":"https:\/\/prensapaisa.com\/#organization"},"image":{"@id":"https:\/\/prensapaisa.com\/index.php\/2022\/07\/07\/polemica-por-nombramiento-de-la-antioquena-carolina-corcho-como-ministra-de-salud-pidio-acabar-con-las-eps\/#primaryimage"},"thumbnailUrl":"https:\/\/prensapaisa.com\/wp-content\/uploads\/2022\/07\/2-13.jpg","articleSection":["Noticias"],"inLanguage":"es-CO","potentialAction":[{"@type":"CommentAction","name":"Comment","target":["https:\/\/prensapaisa.com\/index.php\/2022\/07\/07\/polemica-por-nombramiento-de-la-antioquena-carolina-corcho-como-ministra-de-salud-pidio-acabar-con-las-eps\/#respond"]}]},{"@type":"WebPage","@id":"https:\/\/prensapaisa.com\/index.php\/2022\/07\/07\/polemica-por-nombramiento-de-la-antioquena-carolina-corcho-como-ministra-de-salud-pidio-acabar-con-las-eps\/","url":"https:\/\/prensapaisa.com\/index.php\/2022\/07\/07\/polemica-por-nombramiento-de-la-antioquena-carolina-corcho-como-ministra-de-salud-pidio-acabar-con-las-eps\/","name":"Pol\u00e9mica por nombramiento de la antioque\u00f1a Carolina Corcho como Ministra de Salud; pidi\u00f3 acabar con las EPS - PRENSA PAISA","isPartOf":{"@id":"https:\/\/prensapaisa.com\/#website"},"primaryImageOfPage":{"@id":"https:\/\/prensapaisa.com\/index.php\/2022\/07\/07\/polemica-por-nombramiento-de-la-antioquena-carolina-corcho-como-ministra-de-salud-pidio-acabar-con-las-eps\/#primaryimage"},"image":{"@id":"https:\/\/prensapaisa.com\/index.php\/2022\/07\/07\/polemica-por-nombramiento-de-la-antioquena-carolina-corcho-como-ministra-de-salud-pidio-acabar-con-las-eps\/#primaryimage"},"thumbnailUrl":"https:\/\/prensapaisa.com\/wp-content\/uploads\/2022\/07\/2-13.jpg","datePublished":"2022-07-07T20:07:00+00:00","dateModified":"2022-07-08T04:08:12+00:00","breadcrumb":{"@id":"https:\/\/prensapaisa.com\/index.php\/2022\/07\/07\/polemica-por-nombramiento-de-la-antioquena-carolina-corcho-como-ministra-de-salud-pidio-acabar-con-las-eps\/#breadcrumb"},"inLanguage":"es-CO","potentialAction":[{"@type":"ReadAction","target":["https:\/\/prensapaisa.com\/index.php\/2022\/07\/07\/polemica-por-nombramiento-de-la-antioquena-carolina-corcho-como-ministra-de-salud-pidio-acabar-con-las-eps\/"]}]},{"@type":"ImageObject","inLanguage":"es-CO","@id":"https:\/\/prensapaisa.com\/index.php\/2022\/07\/07\/polemica-por-nombramiento-de-la-antioquena-carolina-corcho-como-ministra-de-salud-pidio-acabar-con-las-eps\/#primaryimage","url":"https:\/\/prensapaisa.com\/wp-content\/uploads\/2022\/07\/2-13.jpg","contentUrl":"https:\/\/prensapaisa.com\/wp-content\/uploads\/2022\/07\/2-13.jpg","width":1080,"height":486},{"@type":"BreadcrumbList","@id":"https:\/\/prensapaisa.com\/index.php\/2022\/07\/07\/polemica-por-nombramiento-de-la-antioquena-carolina-corcho-como-ministra-de-salud-pidio-acabar-con-las-eps\/#breadcrumb","itemListElement":[{"@type":"ListItem","position":1,"name":"Inicio","item":"https:\/\/prensapaisa.com\/"},{"@type":"ListItem","position":2,"name":"Pol\u00e9mica por nombramiento de la antioque\u00f1a Carolina Corcho como Ministra de Salud; pidi\u00f3 acabar con las EPS"}]},{"@type":"WebSite","@id":"https:\/\/prensapaisa.com\/#website","url":"https:\/\/prensapaisa.com\/","name":"PRENSA PAISA","description":"Prensa Paisa la Original | Noticias de Medell\u00edn, Antioquia","publisher":{"@id":"https:\/\/prensapaisa.com\/#organization"},"potentialAction":[{"@type":"SearchAction","target":{"@type":"EntryPoint","urlTemplate":"https:\/\/prensapaisa.com\/?s={search_term_string}"},"query-input":{"@type":"PropertyValueSpecification","valueRequired":true,"valueName":"search_term_string"}}],"inLanguage":"es-CO"},{"@type":"Organization","@id":"https:\/\/prensapaisa.com\/#organization","name":"PRENSA PAISA","url":"https:\/\/prensapaisa.com\/","logo":{"@type":"ImageObject","inLanguage":"es-CO","@id":"https:\/\/prensapaisa.com\/#\/schema\/logo\/image\/","url":"https:\/\/prensapaisa.com\/wp-content\/uploads\/2022\/05\/cropped-cropped-prensa.png","contentUrl":"https:\/\/prensapaisa.com\/wp-content\/uploads\/2022\/05\/cropped-cropped-prensa.png","width":784,"height":524,"caption":"PRENSA PAISA"},"image":{"@id":"https:\/\/prensapaisa.com\/#\/schema\/logo\/image\/"}},{"@type":"Person","@id":"https:\/\/prensapaisa.com\/#\/schema\/person\/c5899b8b285dbcd70faec88a7c1579f6","name":"noticias@prensapaisa.com","image":{"@type":"ImageObject","inLanguage":"es-CO","@id":"https:\/\/secure.gravatar.com\/avatar\/ca2b49c1df14b84557c567431f045ea69c8ea5da2da50309fd4de9b811da0433?s=96&d=mm&r=g","url":"https:\/\/secure.gravatar.com\/avatar\/ca2b49c1df14b84557c567431f045ea69c8ea5da2da50309fd4de9b811da0433?s=96&d=mm&r=g","contentUrl":"https:\/\/secure.gravatar.com\/avatar\/ca2b49c1df14b84557c567431f045ea69c8ea5da2da50309fd4de9b811da0433?s=96&d=mm&r=g","caption":"noticias@prensapaisa.com"},"sameAs":["http:\/\/prensapaisa.com"],"url":"https:\/\/prensapaisa.com\/index.php\/author\/prensapaisagmail-com\/"}]}},"_links":{"self":[{"href":"https:\/\/prensapaisa.com\/index.php\/wp-json\/wp\/v2\/posts\/4899","targetHints":{"allow":["GET"]}}],"collection":[{"href":"https:\/\/prensapaisa.com\/index.php\/wp-json\/wp\/v2\/posts"}],"about":[{"href":"https:\/\/prensapaisa.com\/index.php\/wp-json\/wp\/v2\/types\/post"}],"author":[{"embeddable":true,"href":"https:\/\/prensapaisa.com\/index.php\/wp-json\/wp\/v2\/users\/1"}],"replies":[{"embeddable":true,"href":"https:\/\/prensapaisa.com\/index.php\/wp-json\/wp\/v2\/comments?post=4899"}],"version-history":[{"count":1,"href":"https:\/\/prensapaisa.com\/index.php\/wp-json\/wp\/v2\/posts\/4899\/revisions"}],"predecessor-version":[{"id":4907,"href":"https:\/\/prensapaisa.com\/index.php\/wp-json\/wp\/v2\/posts\/4899\/revisions\/4907"}],"wp:featuredmedia":[{"embeddable":true,"href":"https:\/\/prensapaisa.com\/index.php\/wp-json\/wp\/v2\/media\/4906"}],"wp:attachment":[{"href":"https:\/\/prensapaisa.com\/index.php\/wp-json\/wp\/v2\/media?parent=4899"}],"wp:term":[{"taxonomy":"category","embeddable":true,"href":"https:\/\/prensapaisa.com\/index.php\/wp-json\/wp\/v2\/categories?post=4899"},{"taxonomy":"post_tag","embeddable":true,"href":"https:\/\/prensapaisa.com\/index.php\/wp-json\/wp\/v2\/tags?post=4899"}],"curies":[{"name":"wp","href":"https:\/\/api.w.org\/{rel}","templated":true}]}}