{"id":4052,"date":"2022-05-03T13:55:00","date_gmt":"2022-05-03T18:55:00","guid":{"rendered":"https:\/\/prensapaisa.com\/?p=4052"},"modified":"2022-06-10T12:57:24","modified_gmt":"2022-06-10T17:57:24","slug":"delitos-bajaron-en-medellin-alcalde-asegura-que-acabo-los-pactos-con-delincuentes","status":"publish","type":"post","link":"https:\/\/prensapaisa.com\/index.php\/2022\/05\/03\/delitos-bajaron-en-medellin-alcalde-asegura-que-acabo-los-pactos-con-delincuentes\/","title":{"rendered":"Delitos bajaron en Medell\u00edn: alcalde asegura que acab\u00f3 los pactos con delincuentes"},"content":{"rendered":"\n<p class=\"has-drop-cap has-small-font-size\">Seg\u00fan el reporte del Sistema para la Seguridad y la Convivencia, Medell\u00edn present\u00f3 reducci\u00f3n del 18 % en muertes violentas en abril y 9 % durante el a\u00f1o.<\/p>\n\n\n\n<p>El alcalde de Medell\u00edn,&nbsp;Daniel Quintero, inform\u00f3 que en la capital antioque\u00f1a bajaron las estad\u00edsticas de los homicidios&nbsp;<strong>sin necesidad de crear pactos con las \u201coficinas\u201d o alianzas con las bandas criminales.<\/strong><\/p>\n\n\n\n<p>El mandatario local, explic\u00f3&nbsp;que en otras administraciones hicieron tratos con los jefes de los \u201ccombos\u201d delincuenciales de los barrios para no generar violencia.<\/p>\n\n\n\n<p><strong><em>\u201cYo creo que lo que m\u00e1s ha bajado la delincuencia, en Medell\u00edn, es que se acabaron coaliciones con las oficinas. Aqu\u00ed a los pactos los llamaban la \u2018don bernabilidad\u2019 y nombraban secretarios de seguridad que realizaban pactos con los delincuentes para bajar las cifras. Luego, las bandas criminales coment\u00edan un delito y solicitaban favores al encargado de turno. Ahora el que la hace, la paga\u201d, narr\u00f3 el alcalde.<\/em><\/strong><\/p>\n\n\n\n<p>Para el mes de abril de 2022, en comparaci\u00f3n con el mismo mes del a\u00f1o 2021 se culmin\u00f3 con dos homicidios menos.<\/p>\n\n\n\n<p>Seg\u00fan el reporte del Sistema para la Seguridad y la Convivencia, SISC, hasta la fecha, Medell\u00edn&nbsp;<strong>present\u00f3 reducci\u00f3n del 18% en muertes violentas en abril y 9% en el a\u00f1o.<\/strong><\/p>\n\n\n\n<p>Otros delitos como el hurto a residencias<strong>&nbsp;baj\u00f3 a un 39% y el hurto a los comerciantes disminuy\u00f3 en un 52%.<\/strong><\/p>\n\n\n\n<p>Adicionalmente, aument\u00f3 en un 27% las capturas en flagrancia y en un 10% las detenciones realizadas a trav\u00e9s de una orden judicial.<\/p>\n\n\n\n<p>Finalmente, las autoridades locales resaltaron la recuperaci\u00f3n de 125 autom\u00f3viles y 566 motocicletas.<\/p>\n\n\n\n<p>El mandatario de la capital antioque\u00f1a aplaudi\u00f3, culminar su discurso, al Subdirector de Seguridad y Convivencia del \u00c1rea Metropolitana del Valle de Aburr\u00e1, Brigadier General (R) Jos\u00e9 Gerardo Acevedo Ossa, por combatir a los bandidos.<\/p>\n","protected":false},"excerpt":{"rendered":"<p>Seg\u00fan el reporte del Sistema para la Seguridad y la Convivencia, Medell\u00edn present\u00f3 reducci\u00f3n del 18 % en muertes violentas en abril y 9 % durante el a\u00f1o. El alcalde&hellip;<\/p>\n","protected":false},"author":1,"featured_media":4053,"comment_status":"open","ping_status":"open","sticky":false,"template":"","format":"standard","meta":{"footnotes":""},"categories":[1],"tags":[],"class_list":["post-4052","post","type-post","status-publish","format-standard","has-post-thumbnail","hentry","category-noticias"],"yoast_head":"<!-- This site is optimized with the Yoast SEO plugin v27.5 - https:\/\/yoast.com\/product\/yoast-seo-wordpress\/ -->\n<title>Delitos bajaron en Medell\u00edn: alcalde asegura que acab\u00f3 los pactos con delincuentes - PRENSA PAISA<\/title>\n<meta name=\"robots\" content=\"index, follow, max-snippet:-1, max-image-preview:large, max-video-preview:-1\" \/>\n<link rel=\"canonical\" href=\"https:\/\/prensapaisa.com\/index.php\/2022\/05\/03\/delitos-bajaron-en-medellin-alcalde-asegura-que-acabo-los-pactos-con-delincuentes\/\" \/>\n<meta property=\"og:locale\" content=\"es_ES\" \/>\n<meta property=\"og:type\" content=\"article\" \/>\n<meta property=\"og:title\" content=\"Delitos bajaron en Medell\u00edn: alcalde asegura que acab\u00f3 los pactos con delincuentes - PRENSA PAISA\" \/>\n<meta property=\"og:description\" content=\"Seg\u00fan el reporte del Sistema para la Seguridad y la Convivencia, Medell\u00edn present\u00f3 reducci\u00f3n del 18 % en muertes violentas en abril y 9 % durante el a\u00f1o. El alcalde&hellip;\" \/>\n<meta property=\"og:url\" content=\"https:\/\/prensapaisa.com\/index.php\/2022\/05\/03\/delitos-bajaron-en-medellin-alcalde-asegura-que-acabo-los-pactos-con-delincuentes\/\" \/>\n<meta property=\"og:site_name\" content=\"PRENSA PAISA\" \/>\n<meta property=\"article:published_time\" content=\"2022-05-03T18:55:00+00:00\" \/>\n<meta property=\"article:modified_time\" content=\"2022-06-10T17:57:24+00:00\" \/>\n<meta property=\"og:image\" content=\"https:\/\/prensapaisa.com\/wp-content\/uploads\/2022\/06\/456.webp\" \/>\n\t<meta property=\"og:image:width\" content=\"1058\" \/>\n\t<meta property=\"og:image:height\" content=\"570\" \/>\n\t<meta property=\"og:image:type\" content=\"image\/webp\" \/>\n<meta name=\"author\" content=\"noticias@prensapaisa.com\" \/>\n<meta name=\"twitter:card\" content=\"summary_large_image\" \/>\n<meta name=\"twitter:label1\" content=\"Escrito por\" \/>\n\t<meta name=\"twitter:data1\" content=\"noticias@prensapaisa.com\" \/>\n\t<meta name=\"twitter:label2\" content=\"Tiempo de lectura\" \/>\n\t<meta name=\"twitter:data2\" content=\"2 minutos\" \/>\n<script type=\"application\/ld+json\" class=\"yoast-schema-graph\">{\"@context\":\"https:\\\/\\\/schema.org\",\"@graph\":[{\"@type\":\"Article\",\"@id\":\"https:\\\/\\\/prensapaisa.com\\\/index.php\\\/2022\\\/05\\\/03\\\/delitos-bajaron-en-medellin-alcalde-asegura-que-acabo-los-pactos-con-delincuentes\\\/#article\",\"isPartOf\":{\"@id\":\"https:\\\/\\\/prensapaisa.com\\\/index.php\\\/2022\\\/05\\\/03\\\/delitos-bajaron-en-medellin-alcalde-asegura-que-acabo-los-pactos-con-delincuentes\\\/\"},\"author\":{\"name\":\"noticias@prensapaisa.com\",\"@id\":\"https:\\\/\\\/prensapaisa.com\\\/#\\\/schema\\\/person\\\/c5899b8b285dbcd70faec88a7c1579f6\"},\"headline\":\"Delitos bajaron en Medell\u00edn: alcalde asegura que acab\u00f3 los pactos con delincuentes\",\"datePublished\":\"2022-05-03T18:55:00+00:00\",\"dateModified\":\"2022-06-10T17:57:24+00:00\",\"mainEntityOfPage\":{\"@id\":\"https:\\\/\\\/prensapaisa.com\\\/index.php\\\/2022\\\/05\\\/03\\\/delitos-bajaron-en-medellin-alcalde-asegura-que-acabo-los-pactos-con-delincuentes\\\/\"},\"wordCount\":319,\"commentCount\":0,\"publisher\":{\"@id\":\"https:\\\/\\\/prensapaisa.com\\\/#organization\"},\"image\":{\"@id\":\"https:\\\/\\\/prensapaisa.com\\\/index.php\\\/2022\\\/05\\\/03\\\/delitos-bajaron-en-medellin-alcalde-asegura-que-acabo-los-pactos-con-delincuentes\\\/#primaryimage\"},\"thumbnailUrl\":\"https:\\\/\\\/prensapaisa.com\\\/wp-content\\\/uploads\\\/2022\\\/06\\\/456.webp\",\"articleSection\":[\"Noticias\"],\"inLanguage\":\"es-CO\",\"potentialAction\":[{\"@type\":\"CommentAction\",\"name\":\"Comment\",\"target\":[\"https:\\\/\\\/prensapaisa.com\\\/index.php\\\/2022\\\/05\\\/03\\\/delitos-bajaron-en-medellin-alcalde-asegura-que-acabo-los-pactos-con-delincuentes\\\/#respond\"]}]},{\"@type\":\"WebPage\",\"@id\":\"https:\\\/\\\/prensapaisa.com\\\/index.php\\\/2022\\\/05\\\/03\\\/delitos-bajaron-en-medellin-alcalde-asegura-que-acabo-los-pactos-con-delincuentes\\\/\",\"url\":\"https:\\\/\\\/prensapaisa.com\\\/index.php\\\/2022\\\/05\\\/03\\\/delitos-bajaron-en-medellin-alcalde-asegura-que-acabo-los-pactos-con-delincuentes\\\/\",\"name\":\"Delitos bajaron en Medell\u00edn: alcalde asegura que acab\u00f3 los pactos con delincuentes - PRENSA PAISA\",\"isPartOf\":{\"@id\":\"https:\\\/\\\/prensapaisa.com\\\/#website\"},\"primaryImageOfPage\":{\"@id\":\"https:\\\/\\\/prensapaisa.com\\\/index.php\\\/2022\\\/05\\\/03\\\/delitos-bajaron-en-medellin-alcalde-asegura-que-acabo-los-pactos-con-delincuentes\\\/#primaryimage\"},\"image\":{\"@id\":\"https:\\\/\\\/prensapaisa.com\\\/index.php\\\/2022\\\/05\\\/03\\\/delitos-bajaron-en-medellin-alcalde-asegura-que-acabo-los-pactos-con-delincuentes\\\/#primaryimage\"},\"thumbnailUrl\":\"https:\\\/\\\/prensapaisa.com\\\/wp-content\\\/uploads\\\/2022\\\/06\\\/456.webp\",\"datePublished\":\"2022-05-03T18:55:00+00:00\",\"dateModified\":\"2022-06-10T17:57:24+00:00\",\"breadcrumb\":{\"@id\":\"https:\\\/\\\/prensapaisa.com\\\/index.php\\\/2022\\\/05\\\/03\\\/delitos-bajaron-en-medellin-alcalde-asegura-que-acabo-los-pactos-con-delincuentes\\\/#breadcrumb\"},\"inLanguage\":\"es-CO\",\"potentialAction\":[{\"@type\":\"ReadAction\",\"target\":[\"https:\\\/\\\/prensapaisa.com\\\/index.php\\\/2022\\\/05\\\/03\\\/delitos-bajaron-en-medellin-alcalde-asegura-que-acabo-los-pactos-con-delincuentes\\\/\"]}]},{\"@type\":\"ImageObject\",\"inLanguage\":\"es-CO\",\"@id\":\"https:\\\/\\\/prensapaisa.com\\\/index.php\\\/2022\\\/05\\\/03\\\/delitos-bajaron-en-medellin-alcalde-asegura-que-acabo-los-pactos-con-delincuentes\\\/#primaryimage\",\"url\":\"https:\\\/\\\/prensapaisa.com\\\/wp-content\\\/uploads\\\/2022\\\/06\\\/456.webp\",\"contentUrl\":\"https:\\\/\\\/prensapaisa.com\\\/wp-content\\\/uploads\\\/2022\\\/06\\\/456.webp\",\"width\":1058,\"height\":570},{\"@type\":\"BreadcrumbList\",\"@id\":\"https:\\\/\\\/prensapaisa.com\\\/index.php\\\/2022\\\/05\\\/03\\\/delitos-bajaron-en-medellin-alcalde-asegura-que-acabo-los-pactos-con-delincuentes\\\/#breadcrumb\",\"itemListElement\":[{\"@type\":\"ListItem\",\"position\":1,\"name\":\"Inicio\",\"item\":\"https:\\\/\\\/prensapaisa.com\\\/\"},{\"@type\":\"ListItem\",\"position\":2,\"name\":\"Delitos bajaron en Medell\u00edn: alcalde asegura que acab\u00f3 los pactos con delincuentes\"}]},{\"@type\":\"WebSite\",\"@id\":\"https:\\\/\\\/prensapaisa.com\\\/#website\",\"url\":\"https:\\\/\\\/prensapaisa.com\\\/\",\"name\":\"PRENSA PAISA\",\"description\":\"Prensa Paisa la Original | Noticias de Medell\u00edn, Antioquia\",\"publisher\":{\"@id\":\"https:\\\/\\\/prensapaisa.com\\\/#organization\"},\"potentialAction\":[{\"@type\":\"SearchAction\",\"target\":{\"@type\":\"EntryPoint\",\"urlTemplate\":\"https:\\\/\\\/prensapaisa.com\\\/?s={search_term_string}\"},\"query-input\":{\"@type\":\"PropertyValueSpecification\",\"valueRequired\":true,\"valueName\":\"search_term_string\"}}],\"inLanguage\":\"es-CO\"},{\"@type\":\"Organization\",\"@id\":\"https:\\\/\\\/prensapaisa.com\\\/#organization\",\"name\":\"PRENSA PAISA\",\"url\":\"https:\\\/\\\/prensapaisa.com\\\/\",\"logo\":{\"@type\":\"ImageObject\",\"inLanguage\":\"es-CO\",\"@id\":\"https:\\\/\\\/prensapaisa.com\\\/#\\\/schema\\\/logo\\\/image\\\/\",\"url\":\"https:\\\/\\\/prensapaisa.com\\\/wp-content\\\/uploads\\\/2022\\\/05\\\/cropped-cropped-prensa.png\",\"contentUrl\":\"https:\\\/\\\/prensapaisa.com\\\/wp-content\\\/uploads\\\/2022\\\/05\\\/cropped-cropped-prensa.png\",\"width\":784,\"height\":524,\"caption\":\"PRENSA PAISA\"},\"image\":{\"@id\":\"https:\\\/\\\/prensapaisa.com\\\/#\\\/schema\\\/logo\\\/image\\\/\"}},{\"@type\":\"Person\",\"@id\":\"https:\\\/\\\/prensapaisa.com\\\/#\\\/schema\\\/person\\\/c5899b8b285dbcd70faec88a7c1579f6\",\"name\":\"noticias@prensapaisa.com\",\"image\":{\"@type\":\"ImageObject\",\"inLanguage\":\"es-CO\",\"@id\":\"https:\\\/\\\/secure.gravatar.com\\\/avatar\\\/ca2b49c1df14b84557c567431f045ea69c8ea5da2da50309fd4de9b811da0433?s=96&d=mm&r=g\",\"url\":\"https:\\\/\\\/secure.gravatar.com\\\/avatar\\\/ca2b49c1df14b84557c567431f045ea69c8ea5da2da50309fd4de9b811da0433?s=96&d=mm&r=g\",\"contentUrl\":\"https:\\\/\\\/secure.gravatar.com\\\/avatar\\\/ca2b49c1df14b84557c567431f045ea69c8ea5da2da50309fd4de9b811da0433?s=96&d=mm&r=g\",\"caption\":\"noticias@prensapaisa.com\"},\"sameAs\":[\"http:\\\/\\\/prensapaisa.com\"],\"url\":\"https:\\\/\\\/prensapaisa.com\\\/index.php\\\/author\\\/prensapaisagmail-com\\\/\"}]}<\/script>\n<!-- \/ Yoast SEO plugin. -->","yoast_head_json":{"title":"Delitos bajaron en Medell\u00edn: alcalde asegura que acab\u00f3 los pactos con delincuentes - PRENSA PAISA","robots":{"index":"index","follow":"follow","max-snippet":"max-snippet:-1","max-image-preview":"max-image-preview:large","max-video-preview":"max-video-preview:-1"},"canonical":"https:\/\/prensapaisa.com\/index.php\/2022\/05\/03\/delitos-bajaron-en-medellin-alcalde-asegura-que-acabo-los-pactos-con-delincuentes\/","og_locale":"es_ES","og_type":"article","og_title":"Delitos bajaron en Medell\u00edn: alcalde asegura que acab\u00f3 los pactos con delincuentes - PRENSA PAISA","og_description":"Seg\u00fan el reporte del Sistema para la Seguridad y la Convivencia, Medell\u00edn present\u00f3 reducci\u00f3n del 18 % en muertes violentas en abril y 9 % durante el a\u00f1o. El alcalde&hellip;","og_url":"https:\/\/prensapaisa.com\/index.php\/2022\/05\/03\/delitos-bajaron-en-medellin-alcalde-asegura-que-acabo-los-pactos-con-delincuentes\/","og_site_name":"PRENSA PAISA","article_published_time":"2022-05-03T18:55:00+00:00","article_modified_time":"2022-06-10T17:57:24+00:00","og_image":[{"width":1058,"height":570,"url":"https:\/\/prensapaisa.com\/wp-content\/uploads\/2022\/06\/456.webp","type":"image\/webp"}],"author":"noticias@prensapaisa.com","twitter_card":"summary_large_image","twitter_misc":{"Escrito por":"noticias@prensapaisa.com","Tiempo de lectura":"2 minutos"},"schema":{"@context":"https:\/\/schema.org","@graph":[{"@type":"Article","@id":"https:\/\/prensapaisa.com\/index.php\/2022\/05\/03\/delitos-bajaron-en-medellin-alcalde-asegura-que-acabo-los-pactos-con-delincuentes\/#article","isPartOf":{"@id":"https:\/\/prensapaisa.com\/index.php\/2022\/05\/03\/delitos-bajaron-en-medellin-alcalde-asegura-que-acabo-los-pactos-con-delincuentes\/"},"author":{"name":"noticias@prensapaisa.com","@id":"https:\/\/prensapaisa.com\/#\/schema\/person\/c5899b8b285dbcd70faec88a7c1579f6"},"headline":"Delitos bajaron en Medell\u00edn: alcalde asegura que acab\u00f3 los pactos con delincuentes","datePublished":"2022-05-03T18:55:00+00:00","dateModified":"2022-06-10T17:57:24+00:00","mainEntityOfPage":{"@id":"https:\/\/prensapaisa.com\/index.php\/2022\/05\/03\/delitos-bajaron-en-medellin-alcalde-asegura-que-acabo-los-pactos-con-delincuentes\/"},"wordCount":319,"commentCount":0,"publisher":{"@id":"https:\/\/prensapaisa.com\/#organization"},"image":{"@id":"https:\/\/prensapaisa.com\/index.php\/2022\/05\/03\/delitos-bajaron-en-medellin-alcalde-asegura-que-acabo-los-pactos-con-delincuentes\/#primaryimage"},"thumbnailUrl":"https:\/\/prensapaisa.com\/wp-content\/uploads\/2022\/06\/456.webp","articleSection":["Noticias"],"inLanguage":"es-CO","potentialAction":[{"@type":"CommentAction","name":"Comment","target":["https:\/\/prensapaisa.com\/index.php\/2022\/05\/03\/delitos-bajaron-en-medellin-alcalde-asegura-que-acabo-los-pactos-con-delincuentes\/#respond"]}]},{"@type":"WebPage","@id":"https:\/\/prensapaisa.com\/index.php\/2022\/05\/03\/delitos-bajaron-en-medellin-alcalde-asegura-que-acabo-los-pactos-con-delincuentes\/","url":"https:\/\/prensapaisa.com\/index.php\/2022\/05\/03\/delitos-bajaron-en-medellin-alcalde-asegura-que-acabo-los-pactos-con-delincuentes\/","name":"Delitos bajaron en Medell\u00edn: alcalde asegura que acab\u00f3 los pactos con delincuentes - PRENSA PAISA","isPartOf":{"@id":"https:\/\/prensapaisa.com\/#website"},"primaryImageOfPage":{"@id":"https:\/\/prensapaisa.com\/index.php\/2022\/05\/03\/delitos-bajaron-en-medellin-alcalde-asegura-que-acabo-los-pactos-con-delincuentes\/#primaryimage"},"image":{"@id":"https:\/\/prensapaisa.com\/index.php\/2022\/05\/03\/delitos-bajaron-en-medellin-alcalde-asegura-que-acabo-los-pactos-con-delincuentes\/#primaryimage"},"thumbnailUrl":"https:\/\/prensapaisa.com\/wp-content\/uploads\/2022\/06\/456.webp","datePublished":"2022-05-03T18:55:00+00:00","dateModified":"2022-06-10T17:57:24+00:00","breadcrumb":{"@id":"https:\/\/prensapaisa.com\/index.php\/2022\/05\/03\/delitos-bajaron-en-medellin-alcalde-asegura-que-acabo-los-pactos-con-delincuentes\/#breadcrumb"},"inLanguage":"es-CO","potentialAction":[{"@type":"ReadAction","target":["https:\/\/prensapaisa.com\/index.php\/2022\/05\/03\/delitos-bajaron-en-medellin-alcalde-asegura-que-acabo-los-pactos-con-delincuentes\/"]}]},{"@type":"ImageObject","inLanguage":"es-CO","@id":"https:\/\/prensapaisa.com\/index.php\/2022\/05\/03\/delitos-bajaron-en-medellin-alcalde-asegura-que-acabo-los-pactos-con-delincuentes\/#primaryimage","url":"https:\/\/prensapaisa.com\/wp-content\/uploads\/2022\/06\/456.webp","contentUrl":"https:\/\/prensapaisa.com\/wp-content\/uploads\/2022\/06\/456.webp","width":1058,"height":570},{"@type":"BreadcrumbList","@id":"https:\/\/prensapaisa.com\/index.php\/2022\/05\/03\/delitos-bajaron-en-medellin-alcalde-asegura-que-acabo-los-pactos-con-delincuentes\/#breadcrumb","itemListElement":[{"@type":"ListItem","position":1,"name":"Inicio","item":"https:\/\/prensapaisa.com\/"},{"@type":"ListItem","position":2,"name":"Delitos bajaron en Medell\u00edn: alcalde asegura que acab\u00f3 los pactos con delincuentes"}]},{"@type":"WebSite","@id":"https:\/\/prensapaisa.com\/#website","url":"https:\/\/prensapaisa.com\/","name":"PRENSA PAISA","description":"Prensa Paisa la Original | Noticias de Medell\u00edn, Antioquia","publisher":{"@id":"https:\/\/prensapaisa.com\/#organization"},"potentialAction":[{"@type":"SearchAction","target":{"@type":"EntryPoint","urlTemplate":"https:\/\/prensapaisa.com\/?s={search_term_string}"},"query-input":{"@type":"PropertyValueSpecification","valueRequired":true,"valueName":"search_term_string"}}],"inLanguage":"es-CO"},{"@type":"Organization","@id":"https:\/\/prensapaisa.com\/#organization","name":"PRENSA PAISA","url":"https:\/\/prensapaisa.com\/","logo":{"@type":"ImageObject","inLanguage":"es-CO","@id":"https:\/\/prensapaisa.com\/#\/schema\/logo\/image\/","url":"https:\/\/prensapaisa.com\/wp-content\/uploads\/2022\/05\/cropped-cropped-prensa.png","contentUrl":"https:\/\/prensapaisa.com\/wp-content\/uploads\/2022\/05\/cropped-cropped-prensa.png","width":784,"height":524,"caption":"PRENSA PAISA"},"image":{"@id":"https:\/\/prensapaisa.com\/#\/schema\/logo\/image\/"}},{"@type":"Person","@id":"https:\/\/prensapaisa.com\/#\/schema\/person\/c5899b8b285dbcd70faec88a7c1579f6","name":"noticias@prensapaisa.com","image":{"@type":"ImageObject","inLanguage":"es-CO","@id":"https:\/\/secure.gravatar.com\/avatar\/ca2b49c1df14b84557c567431f045ea69c8ea5da2da50309fd4de9b811da0433?s=96&d=mm&r=g","url":"https:\/\/secure.gravatar.com\/avatar\/ca2b49c1df14b84557c567431f045ea69c8ea5da2da50309fd4de9b811da0433?s=96&d=mm&r=g","contentUrl":"https:\/\/secure.gravatar.com\/avatar\/ca2b49c1df14b84557c567431f045ea69c8ea5da2da50309fd4de9b811da0433?s=96&d=mm&r=g","caption":"noticias@prensapaisa.com"},"sameAs":["http:\/\/prensapaisa.com"],"url":"https:\/\/prensapaisa.com\/index.php\/author\/prensapaisagmail-com\/"}]}},"_links":{"self":[{"href":"https:\/\/prensapaisa.com\/index.php\/wp-json\/wp\/v2\/posts\/4052","targetHints":{"allow":["GET"]}}],"collection":[{"href":"https:\/\/prensapaisa.com\/index.php\/wp-json\/wp\/v2\/posts"}],"about":[{"href":"https:\/\/prensapaisa.com\/index.php\/wp-json\/wp\/v2\/types\/post"}],"author":[{"embeddable":true,"href":"https:\/\/prensapaisa.com\/index.php\/wp-json\/wp\/v2\/users\/1"}],"replies":[{"embeddable":true,"href":"https:\/\/prensapaisa.com\/index.php\/wp-json\/wp\/v2\/comments?post=4052"}],"version-history":[{"count":2,"href":"https:\/\/prensapaisa.com\/index.php\/wp-json\/wp\/v2\/posts\/4052\/revisions"}],"predecessor-version":[{"id":4055,"href":"https:\/\/prensapaisa.com\/index.php\/wp-json\/wp\/v2\/posts\/4052\/revisions\/4055"}],"wp:featuredmedia":[{"embeddable":true,"href":"https:\/\/prensapaisa.com\/index.php\/wp-json\/wp\/v2\/media\/4053"}],"wp:attachment":[{"href":"https:\/\/prensapaisa.com\/index.php\/wp-json\/wp\/v2\/media?parent=4052"}],"wp:term":[{"taxonomy":"category","embeddable":true,"href":"https:\/\/prensapaisa.com\/index.php\/wp-json\/wp\/v2\/categories?post=4052"},{"taxonomy":"post_tag","embeddable":true,"href":"https:\/\/prensapaisa.com\/index.php\/wp-json\/wp\/v2\/tags?post=4052"}],"curies":[{"name":"wp","href":"https:\/\/api.w.org\/{rel}","templated":true}]}}