{"id":4045,"date":"2022-05-03T12:48:00","date_gmt":"2022-05-03T17:48:00","guid":{"rendered":"https:\/\/prensapaisa.com\/?p=4045"},"modified":"2022-06-10T12:48:34","modified_gmt":"2022-06-10T17:48:34","slug":"unos-100-jovenes-cogieron-de-parche-los-extintores-de-un-nuevo-centro-comercial-en-bello","status":"publish","type":"post","link":"https:\/\/prensapaisa.com\/index.php\/2022\/05\/03\/unos-100-jovenes-cogieron-de-parche-los-extintores-de-un-nuevo-centro-comercial-en-bello\/","title":{"rendered":"Unos 100 j\u00f3venes &#8220;cogieron de parche&#8221; los extintores de un nuevo centro comercial en Bello"},"content":{"rendered":"\n<p>Testigos informaron que los j\u00f3venes, amantes de las redes sociales, se citaron para ocasionar los des\u00f3rdenes dentro del centro comercial Parque Fabricato.<\/p>\n\n\n\n<p>Un grupo de 100 j\u00f3venes alteraron la tranquilidad en el centro comercial Parque Fabricato de Bello, Norte del Valle de Aburr\u00e1, cuando activaron dos extintores para el manejo de emergencias y comenzaron a agredirse.<\/p>\n\n\n\n<p>En este incidente se report\u00f3 a una menor lesionada por el polvo de los extintores, quien present\u00f3 fallas en la respiraci\u00f3n y fue trasladada por una persona para ponerla a salvo.<\/p>\n\n\n\n<p>Minutos despu\u00e9s, para mantener la seguridad de los visitantes y empleados, evacuaron el lugar la con ayuda de la Polic\u00eda y se logr\u00f3 controlar la situaci\u00f3n.<\/p>\n\n\n\n<p>Testigos informaron que los j\u00f3venes, amantes de las redes sociales, se citaron para ocasionar los des\u00f3rdenes.<\/p>\n\n\n\n<p><strong><em>Mediante un comunicado el Parque Fabricato rechaz\u00f3 lo sucedido: \u201cHacemos un llamado a las familias bellanitas que denuncien oportunamente estas iniciativas que atentan contra la seguridad de los visitantes e invitamos a hacer un buen uso de las instalaciones \u201c.<\/em><\/strong><\/p>\n\n\n\n<p>Este caso se present\u00f3 en el quinto piso del centro comercial Parque Fabricato conocido como el Parque de las Estrellas y en el cuarto piso de la torre sur donde se estacionan los veh\u00edculos.<\/p>\n\n\n\n<p>En el sitio no se reportaron da\u00f1os materiales o heridos de gravedad.<\/p>\n\n\n\n<p>A mediados de febrero del 2022, otro grupo de adolescentes form\u00f3 una batalla campal contra los vigilantes de este establecimiento.<\/p>\n","protected":false},"excerpt":{"rendered":"<p>Testigos informaron que los j\u00f3venes, amantes de las redes sociales, se citaron para ocasionar los des\u00f3rdenes dentro del centro comercial Parque Fabricato. Un grupo de 100 j\u00f3venes alteraron la tranquilidad&hellip;<\/p>\n","protected":false},"author":1,"featured_media":4046,"comment_status":"open","ping_status":"open","sticky":false,"template":"","format":"standard","meta":{"footnotes":""},"categories":[1,47,46],"tags":[],"class_list":["post-4045","post","type-post","status-publish","format-standard","has-post-thumbnail","hentry","category-noticias","category-orden-publico","category-redes-sociales"],"yoast_head":"<!-- This site is optimized with the Yoast SEO plugin v27.5 - https:\/\/yoast.com\/product\/yoast-seo-wordpress\/ -->\n<title>Unos 100 j\u00f3venes &quot;cogieron de parche&quot; los extintores de un nuevo centro comercial en Bello - PRENSA PAISA<\/title>\n<meta name=\"robots\" content=\"index, follow, max-snippet:-1, max-image-preview:large, max-video-preview:-1\" \/>\n<link rel=\"canonical\" href=\"https:\/\/prensapaisa.com\/index.php\/2022\/05\/03\/unos-100-jovenes-cogieron-de-parche-los-extintores-de-un-nuevo-centro-comercial-en-bello\/\" \/>\n<meta property=\"og:locale\" content=\"es_ES\" \/>\n<meta property=\"og:type\" content=\"article\" \/>\n<meta property=\"og:title\" content=\"Unos 100 j\u00f3venes &quot;cogieron de parche&quot; los extintores de un nuevo centro comercial en Bello - PRENSA PAISA\" \/>\n<meta property=\"og:description\" content=\"Testigos informaron que los j\u00f3venes, amantes de las redes sociales, se citaron para ocasionar los des\u00f3rdenes dentro del centro comercial Parque Fabricato. Un grupo de 100 j\u00f3venes alteraron la tranquilidad&hellip;\" \/>\n<meta property=\"og:url\" content=\"https:\/\/prensapaisa.com\/index.php\/2022\/05\/03\/unos-100-jovenes-cogieron-de-parche-los-extintores-de-un-nuevo-centro-comercial-en-bello\/\" \/>\n<meta property=\"og:site_name\" content=\"PRENSA PAISA\" \/>\n<meta property=\"article:published_time\" content=\"2022-05-03T17:48:00+00:00\" \/>\n<meta property=\"article:modified_time\" content=\"2022-06-10T17:48:34+00:00\" \/>\n<meta property=\"og:image\" content=\"https:\/\/prensapaisa.com\/wp-content\/uploads\/2022\/06\/123.webp\" \/>\n\t<meta property=\"og:image:width\" content=\"1058\" \/>\n\t<meta property=\"og:image:height\" content=\"570\" \/>\n\t<meta property=\"og:image:type\" content=\"image\/webp\" \/>\n<meta name=\"author\" content=\"noticias@prensapaisa.com\" \/>\n<meta name=\"twitter:card\" content=\"summary_large_image\" \/>\n<meta name=\"twitter:label1\" content=\"Escrito por\" \/>\n\t<meta name=\"twitter:data1\" content=\"noticias@prensapaisa.com\" \/>\n\t<meta name=\"twitter:label2\" content=\"Tiempo de lectura\" \/>\n\t<meta name=\"twitter:data2\" content=\"1 minuto\" \/>\n<script type=\"application\/ld+json\" class=\"yoast-schema-graph\">{\"@context\":\"https:\\\/\\\/schema.org\",\"@graph\":[{\"@type\":\"Article\",\"@id\":\"https:\\\/\\\/prensapaisa.com\\\/index.php\\\/2022\\\/05\\\/03\\\/unos-100-jovenes-cogieron-de-parche-los-extintores-de-un-nuevo-centro-comercial-en-bello\\\/#article\",\"isPartOf\":{\"@id\":\"https:\\\/\\\/prensapaisa.com\\\/index.php\\\/2022\\\/05\\\/03\\\/unos-100-jovenes-cogieron-de-parche-los-extintores-de-un-nuevo-centro-comercial-en-bello\\\/\"},\"author\":{\"name\":\"noticias@prensapaisa.com\",\"@id\":\"https:\\\/\\\/prensapaisa.com\\\/#\\\/schema\\\/person\\\/c5899b8b285dbcd70faec88a7c1579f6\"},\"headline\":\"Unos 100 j\u00f3venes &#8220;cogieron de parche&#8221; los extintores de un nuevo centro comercial en Bello\",\"datePublished\":\"2022-05-03T17:48:00+00:00\",\"dateModified\":\"2022-06-10T17:48:34+00:00\",\"mainEntityOfPage\":{\"@id\":\"https:\\\/\\\/prensapaisa.com\\\/index.php\\\/2022\\\/05\\\/03\\\/unos-100-jovenes-cogieron-de-parche-los-extintores-de-un-nuevo-centro-comercial-en-bello\\\/\"},\"wordCount\":258,\"commentCount\":0,\"publisher\":{\"@id\":\"https:\\\/\\\/prensapaisa.com\\\/#organization\"},\"image\":{\"@id\":\"https:\\\/\\\/prensapaisa.com\\\/index.php\\\/2022\\\/05\\\/03\\\/unos-100-jovenes-cogieron-de-parche-los-extintores-de-un-nuevo-centro-comercial-en-bello\\\/#primaryimage\"},\"thumbnailUrl\":\"https:\\\/\\\/prensapaisa.com\\\/wp-content\\\/uploads\\\/2022\\\/06\\\/123.webp\",\"articleSection\":[\"Noticias\",\"Orden Publico\",\"Redes Sociales\"],\"inLanguage\":\"es-CO\",\"potentialAction\":[{\"@type\":\"CommentAction\",\"name\":\"Comment\",\"target\":[\"https:\\\/\\\/prensapaisa.com\\\/index.php\\\/2022\\\/05\\\/03\\\/unos-100-jovenes-cogieron-de-parche-los-extintores-de-un-nuevo-centro-comercial-en-bello\\\/#respond\"]}]},{\"@type\":\"WebPage\",\"@id\":\"https:\\\/\\\/prensapaisa.com\\\/index.php\\\/2022\\\/05\\\/03\\\/unos-100-jovenes-cogieron-de-parche-los-extintores-de-un-nuevo-centro-comercial-en-bello\\\/\",\"url\":\"https:\\\/\\\/prensapaisa.com\\\/index.php\\\/2022\\\/05\\\/03\\\/unos-100-jovenes-cogieron-de-parche-los-extintores-de-un-nuevo-centro-comercial-en-bello\\\/\",\"name\":\"Unos 100 j\u00f3venes \\\"cogieron de parche\\\" los extintores de un nuevo centro comercial en Bello - PRENSA PAISA\",\"isPartOf\":{\"@id\":\"https:\\\/\\\/prensapaisa.com\\\/#website\"},\"primaryImageOfPage\":{\"@id\":\"https:\\\/\\\/prensapaisa.com\\\/index.php\\\/2022\\\/05\\\/03\\\/unos-100-jovenes-cogieron-de-parche-los-extintores-de-un-nuevo-centro-comercial-en-bello\\\/#primaryimage\"},\"image\":{\"@id\":\"https:\\\/\\\/prensapaisa.com\\\/index.php\\\/2022\\\/05\\\/03\\\/unos-100-jovenes-cogieron-de-parche-los-extintores-de-un-nuevo-centro-comercial-en-bello\\\/#primaryimage\"},\"thumbnailUrl\":\"https:\\\/\\\/prensapaisa.com\\\/wp-content\\\/uploads\\\/2022\\\/06\\\/123.webp\",\"datePublished\":\"2022-05-03T17:48:00+00:00\",\"dateModified\":\"2022-06-10T17:48:34+00:00\",\"breadcrumb\":{\"@id\":\"https:\\\/\\\/prensapaisa.com\\\/index.php\\\/2022\\\/05\\\/03\\\/unos-100-jovenes-cogieron-de-parche-los-extintores-de-un-nuevo-centro-comercial-en-bello\\\/#breadcrumb\"},\"inLanguage\":\"es-CO\",\"potentialAction\":[{\"@type\":\"ReadAction\",\"target\":[\"https:\\\/\\\/prensapaisa.com\\\/index.php\\\/2022\\\/05\\\/03\\\/unos-100-jovenes-cogieron-de-parche-los-extintores-de-un-nuevo-centro-comercial-en-bello\\\/\"]}]},{\"@type\":\"ImageObject\",\"inLanguage\":\"es-CO\",\"@id\":\"https:\\\/\\\/prensapaisa.com\\\/index.php\\\/2022\\\/05\\\/03\\\/unos-100-jovenes-cogieron-de-parche-los-extintores-de-un-nuevo-centro-comercial-en-bello\\\/#primaryimage\",\"url\":\"https:\\\/\\\/prensapaisa.com\\\/wp-content\\\/uploads\\\/2022\\\/06\\\/123.webp\",\"contentUrl\":\"https:\\\/\\\/prensapaisa.com\\\/wp-content\\\/uploads\\\/2022\\\/06\\\/123.webp\",\"width\":1058,\"height\":570},{\"@type\":\"BreadcrumbList\",\"@id\":\"https:\\\/\\\/prensapaisa.com\\\/index.php\\\/2022\\\/05\\\/03\\\/unos-100-jovenes-cogieron-de-parche-los-extintores-de-un-nuevo-centro-comercial-en-bello\\\/#breadcrumb\",\"itemListElement\":[{\"@type\":\"ListItem\",\"position\":1,\"name\":\"Inicio\",\"item\":\"https:\\\/\\\/prensapaisa.com\\\/\"},{\"@type\":\"ListItem\",\"position\":2,\"name\":\"Unos 100 j\u00f3venes &#8220;cogieron de parche&#8221; los extintores de un nuevo centro comercial en Bello\"}]},{\"@type\":\"WebSite\",\"@id\":\"https:\\\/\\\/prensapaisa.com\\\/#website\",\"url\":\"https:\\\/\\\/prensapaisa.com\\\/\",\"name\":\"PRENSA PAISA\",\"description\":\"Prensa Paisa la Original | Noticias de Medell\u00edn, Antioquia\",\"publisher\":{\"@id\":\"https:\\\/\\\/prensapaisa.com\\\/#organization\"},\"potentialAction\":[{\"@type\":\"SearchAction\",\"target\":{\"@type\":\"EntryPoint\",\"urlTemplate\":\"https:\\\/\\\/prensapaisa.com\\\/?s={search_term_string}\"},\"query-input\":{\"@type\":\"PropertyValueSpecification\",\"valueRequired\":true,\"valueName\":\"search_term_string\"}}],\"inLanguage\":\"es-CO\"},{\"@type\":\"Organization\",\"@id\":\"https:\\\/\\\/prensapaisa.com\\\/#organization\",\"name\":\"PRENSA PAISA\",\"url\":\"https:\\\/\\\/prensapaisa.com\\\/\",\"logo\":{\"@type\":\"ImageObject\",\"inLanguage\":\"es-CO\",\"@id\":\"https:\\\/\\\/prensapaisa.com\\\/#\\\/schema\\\/logo\\\/image\\\/\",\"url\":\"https:\\\/\\\/prensapaisa.com\\\/wp-content\\\/uploads\\\/2022\\\/05\\\/cropped-cropped-prensa.png\",\"contentUrl\":\"https:\\\/\\\/prensapaisa.com\\\/wp-content\\\/uploads\\\/2022\\\/05\\\/cropped-cropped-prensa.png\",\"width\":784,\"height\":524,\"caption\":\"PRENSA PAISA\"},\"image\":{\"@id\":\"https:\\\/\\\/prensapaisa.com\\\/#\\\/schema\\\/logo\\\/image\\\/\"}},{\"@type\":\"Person\",\"@id\":\"https:\\\/\\\/prensapaisa.com\\\/#\\\/schema\\\/person\\\/c5899b8b285dbcd70faec88a7c1579f6\",\"name\":\"noticias@prensapaisa.com\",\"image\":{\"@type\":\"ImageObject\",\"inLanguage\":\"es-CO\",\"@id\":\"https:\\\/\\\/secure.gravatar.com\\\/avatar\\\/ca2b49c1df14b84557c567431f045ea69c8ea5da2da50309fd4de9b811da0433?s=96&d=mm&r=g\",\"url\":\"https:\\\/\\\/secure.gravatar.com\\\/avatar\\\/ca2b49c1df14b84557c567431f045ea69c8ea5da2da50309fd4de9b811da0433?s=96&d=mm&r=g\",\"contentUrl\":\"https:\\\/\\\/secure.gravatar.com\\\/avatar\\\/ca2b49c1df14b84557c567431f045ea69c8ea5da2da50309fd4de9b811da0433?s=96&d=mm&r=g\",\"caption\":\"noticias@prensapaisa.com\"},\"sameAs\":[\"http:\\\/\\\/prensapaisa.com\"],\"url\":\"https:\\\/\\\/prensapaisa.com\\\/index.php\\\/author\\\/prensapaisagmail-com\\\/\"}]}<\/script>\n<!-- \/ Yoast SEO plugin. -->","yoast_head_json":{"title":"Unos 100 j\u00f3venes \"cogieron de parche\" los extintores de un nuevo centro comercial en Bello - PRENSA PAISA","robots":{"index":"index","follow":"follow","max-snippet":"max-snippet:-1","max-image-preview":"max-image-preview:large","max-video-preview":"max-video-preview:-1"},"canonical":"https:\/\/prensapaisa.com\/index.php\/2022\/05\/03\/unos-100-jovenes-cogieron-de-parche-los-extintores-de-un-nuevo-centro-comercial-en-bello\/","og_locale":"es_ES","og_type":"article","og_title":"Unos 100 j\u00f3venes \"cogieron de parche\" los extintores de un nuevo centro comercial en Bello - PRENSA PAISA","og_description":"Testigos informaron que los j\u00f3venes, amantes de las redes sociales, se citaron para ocasionar los des\u00f3rdenes dentro del centro comercial Parque Fabricato. Un grupo de 100 j\u00f3venes alteraron la tranquilidad&hellip;","og_url":"https:\/\/prensapaisa.com\/index.php\/2022\/05\/03\/unos-100-jovenes-cogieron-de-parche-los-extintores-de-un-nuevo-centro-comercial-en-bello\/","og_site_name":"PRENSA PAISA","article_published_time":"2022-05-03T17:48:00+00:00","article_modified_time":"2022-06-10T17:48:34+00:00","og_image":[{"width":1058,"height":570,"url":"https:\/\/prensapaisa.com\/wp-content\/uploads\/2022\/06\/123.webp","type":"image\/webp"}],"author":"noticias@prensapaisa.com","twitter_card":"summary_large_image","twitter_misc":{"Escrito por":"noticias@prensapaisa.com","Tiempo de lectura":"1 minuto"},"schema":{"@context":"https:\/\/schema.org","@graph":[{"@type":"Article","@id":"https:\/\/prensapaisa.com\/index.php\/2022\/05\/03\/unos-100-jovenes-cogieron-de-parche-los-extintores-de-un-nuevo-centro-comercial-en-bello\/#article","isPartOf":{"@id":"https:\/\/prensapaisa.com\/index.php\/2022\/05\/03\/unos-100-jovenes-cogieron-de-parche-los-extintores-de-un-nuevo-centro-comercial-en-bello\/"},"author":{"name":"noticias@prensapaisa.com","@id":"https:\/\/prensapaisa.com\/#\/schema\/person\/c5899b8b285dbcd70faec88a7c1579f6"},"headline":"Unos 100 j\u00f3venes &#8220;cogieron de parche&#8221; los extintores de un nuevo centro comercial en Bello","datePublished":"2022-05-03T17:48:00+00:00","dateModified":"2022-06-10T17:48:34+00:00","mainEntityOfPage":{"@id":"https:\/\/prensapaisa.com\/index.php\/2022\/05\/03\/unos-100-jovenes-cogieron-de-parche-los-extintores-de-un-nuevo-centro-comercial-en-bello\/"},"wordCount":258,"commentCount":0,"publisher":{"@id":"https:\/\/prensapaisa.com\/#organization"},"image":{"@id":"https:\/\/prensapaisa.com\/index.php\/2022\/05\/03\/unos-100-jovenes-cogieron-de-parche-los-extintores-de-un-nuevo-centro-comercial-en-bello\/#primaryimage"},"thumbnailUrl":"https:\/\/prensapaisa.com\/wp-content\/uploads\/2022\/06\/123.webp","articleSection":["Noticias","Orden Publico","Redes Sociales"],"inLanguage":"es-CO","potentialAction":[{"@type":"CommentAction","name":"Comment","target":["https:\/\/prensapaisa.com\/index.php\/2022\/05\/03\/unos-100-jovenes-cogieron-de-parche-los-extintores-de-un-nuevo-centro-comercial-en-bello\/#respond"]}]},{"@type":"WebPage","@id":"https:\/\/prensapaisa.com\/index.php\/2022\/05\/03\/unos-100-jovenes-cogieron-de-parche-los-extintores-de-un-nuevo-centro-comercial-en-bello\/","url":"https:\/\/prensapaisa.com\/index.php\/2022\/05\/03\/unos-100-jovenes-cogieron-de-parche-los-extintores-de-un-nuevo-centro-comercial-en-bello\/","name":"Unos 100 j\u00f3venes \"cogieron de parche\" los extintores de un nuevo centro comercial en Bello - PRENSA PAISA","isPartOf":{"@id":"https:\/\/prensapaisa.com\/#website"},"primaryImageOfPage":{"@id":"https:\/\/prensapaisa.com\/index.php\/2022\/05\/03\/unos-100-jovenes-cogieron-de-parche-los-extintores-de-un-nuevo-centro-comercial-en-bello\/#primaryimage"},"image":{"@id":"https:\/\/prensapaisa.com\/index.php\/2022\/05\/03\/unos-100-jovenes-cogieron-de-parche-los-extintores-de-un-nuevo-centro-comercial-en-bello\/#primaryimage"},"thumbnailUrl":"https:\/\/prensapaisa.com\/wp-content\/uploads\/2022\/06\/123.webp","datePublished":"2022-05-03T17:48:00+00:00","dateModified":"2022-06-10T17:48:34+00:00","breadcrumb":{"@id":"https:\/\/prensapaisa.com\/index.php\/2022\/05\/03\/unos-100-jovenes-cogieron-de-parche-los-extintores-de-un-nuevo-centro-comercial-en-bello\/#breadcrumb"},"inLanguage":"es-CO","potentialAction":[{"@type":"ReadAction","target":["https:\/\/prensapaisa.com\/index.php\/2022\/05\/03\/unos-100-jovenes-cogieron-de-parche-los-extintores-de-un-nuevo-centro-comercial-en-bello\/"]}]},{"@type":"ImageObject","inLanguage":"es-CO","@id":"https:\/\/prensapaisa.com\/index.php\/2022\/05\/03\/unos-100-jovenes-cogieron-de-parche-los-extintores-de-un-nuevo-centro-comercial-en-bello\/#primaryimage","url":"https:\/\/prensapaisa.com\/wp-content\/uploads\/2022\/06\/123.webp","contentUrl":"https:\/\/prensapaisa.com\/wp-content\/uploads\/2022\/06\/123.webp","width":1058,"height":570},{"@type":"BreadcrumbList","@id":"https:\/\/prensapaisa.com\/index.php\/2022\/05\/03\/unos-100-jovenes-cogieron-de-parche-los-extintores-de-un-nuevo-centro-comercial-en-bello\/#breadcrumb","itemListElement":[{"@type":"ListItem","position":1,"name":"Inicio","item":"https:\/\/prensapaisa.com\/"},{"@type":"ListItem","position":2,"name":"Unos 100 j\u00f3venes &#8220;cogieron de parche&#8221; los extintores de un nuevo centro comercial en Bello"}]},{"@type":"WebSite","@id":"https:\/\/prensapaisa.com\/#website","url":"https:\/\/prensapaisa.com\/","name":"PRENSA PAISA","description":"Prensa Paisa la Original | Noticias de Medell\u00edn, Antioquia","publisher":{"@id":"https:\/\/prensapaisa.com\/#organization"},"potentialAction":[{"@type":"SearchAction","target":{"@type":"EntryPoint","urlTemplate":"https:\/\/prensapaisa.com\/?s={search_term_string}"},"query-input":{"@type":"PropertyValueSpecification","valueRequired":true,"valueName":"search_term_string"}}],"inLanguage":"es-CO"},{"@type":"Organization","@id":"https:\/\/prensapaisa.com\/#organization","name":"PRENSA PAISA","url":"https:\/\/prensapaisa.com\/","logo":{"@type":"ImageObject","inLanguage":"es-CO","@id":"https:\/\/prensapaisa.com\/#\/schema\/logo\/image\/","url":"https:\/\/prensapaisa.com\/wp-content\/uploads\/2022\/05\/cropped-cropped-prensa.png","contentUrl":"https:\/\/prensapaisa.com\/wp-content\/uploads\/2022\/05\/cropped-cropped-prensa.png","width":784,"height":524,"caption":"PRENSA PAISA"},"image":{"@id":"https:\/\/prensapaisa.com\/#\/schema\/logo\/image\/"}},{"@type":"Person","@id":"https:\/\/prensapaisa.com\/#\/schema\/person\/c5899b8b285dbcd70faec88a7c1579f6","name":"noticias@prensapaisa.com","image":{"@type":"ImageObject","inLanguage":"es-CO","@id":"https:\/\/secure.gravatar.com\/avatar\/ca2b49c1df14b84557c567431f045ea69c8ea5da2da50309fd4de9b811da0433?s=96&d=mm&r=g","url":"https:\/\/secure.gravatar.com\/avatar\/ca2b49c1df14b84557c567431f045ea69c8ea5da2da50309fd4de9b811da0433?s=96&d=mm&r=g","contentUrl":"https:\/\/secure.gravatar.com\/avatar\/ca2b49c1df14b84557c567431f045ea69c8ea5da2da50309fd4de9b811da0433?s=96&d=mm&r=g","caption":"noticias@prensapaisa.com"},"sameAs":["http:\/\/prensapaisa.com"],"url":"https:\/\/prensapaisa.com\/index.php\/author\/prensapaisagmail-com\/"}]}},"_links":{"self":[{"href":"https:\/\/prensapaisa.com\/index.php\/wp-json\/wp\/v2\/posts\/4045","targetHints":{"allow":["GET"]}}],"collection":[{"href":"https:\/\/prensapaisa.com\/index.php\/wp-json\/wp\/v2\/posts"}],"about":[{"href":"https:\/\/prensapaisa.com\/index.php\/wp-json\/wp\/v2\/types\/post"}],"author":[{"embeddable":true,"href":"https:\/\/prensapaisa.com\/index.php\/wp-json\/wp\/v2\/users\/1"}],"replies":[{"embeddable":true,"href":"https:\/\/prensapaisa.com\/index.php\/wp-json\/wp\/v2\/comments?post=4045"}],"version-history":[{"count":1,"href":"https:\/\/prensapaisa.com\/index.php\/wp-json\/wp\/v2\/posts\/4045\/revisions"}],"predecessor-version":[{"id":4047,"href":"https:\/\/prensapaisa.com\/index.php\/wp-json\/wp\/v2\/posts\/4045\/revisions\/4047"}],"wp:featuredmedia":[{"embeddable":true,"href":"https:\/\/prensapaisa.com\/index.php\/wp-json\/wp\/v2\/media\/4046"}],"wp:attachment":[{"href":"https:\/\/prensapaisa.com\/index.php\/wp-json\/wp\/v2\/media?parent=4045"}],"wp:term":[{"taxonomy":"category","embeddable":true,"href":"https:\/\/prensapaisa.com\/index.php\/wp-json\/wp\/v2\/categories?post=4045"},{"taxonomy":"post_tag","embeddable":true,"href":"https:\/\/prensapaisa.com\/index.php\/wp-json\/wp\/v2\/tags?post=4045"}],"curies":[{"name":"wp","href":"https:\/\/api.w.org\/{rel}","templated":true}]}}