{"id":3212,"date":"2022-05-03T22:27:48","date_gmt":"2022-05-04T03:27:48","guid":{"rendered":"https:\/\/prensapaisa.com\/?p=3212"},"modified":"2022-05-03T22:27:49","modified_gmt":"2022-05-04T03:27:49","slug":"sacaron-una-cabeza-en-alto-grado-de-descomposicion-de-un-cementerio-en-antioquia","status":"publish","type":"post","link":"https:\/\/prensapaisa.com\/index.php\/2022\/05\/03\/sacaron-una-cabeza-en-alto-grado-de-descomposicion-de-un-cementerio-en-antioquia\/","title":{"rendered":"Sacaron una cabeza, en alto grado de descomposici\u00f3n, de un cementerio en Antioquia"},"content":{"rendered":"\n<p>Habitantes quedaron aterrados al ver a un hombre cuando se paseaba con un cr\u00e1neo por las calles del municipio de Santa Fe de Antioquia.<\/p>\n\n\n\n<p>La preocupaci\u00f3n se gener\u00f3 por el vandalismo que ocasion\u00f3 esta persona a varias criptas del cementerio local cuando las profan\u00f3.<\/p>\n\n\n\n<p>Una de las sorpresas fue cuando al llegar hasta un surtidor de gasolina, el supuesto profanador, sac\u00f3 de una bolsa la extremidad, la agarr\u00f3 del cabello y sigui\u00f3 su camino.<\/p>\n\n\n\n<p>La comunidad alert\u00f3, a los patrulleros, sobre una persona, bajo efectos de las drogas, que ingres\u00f3 al cementerio y sac\u00f3 varios restos humanos.<\/p>\n\n\n\n<p>Los polic\u00edas, r\u00e1pidamente y a toda velocidad, se desplazaron hasta la bomba de gasolina Zeuss y luego de una ri\u00f1a, capturaron al se\u00f1alado.<\/p>\n\n\n\n<p>El alcalde del municipio de Santa Fe de Antioquia, Felipe Pardo, confirm\u00f3 que un hombre, bajo efectos de sustancias alucin\u00f3genas, fue detenido por extraer restos humanos. Adem\u00e1s, lesion\u00f3 a varios uniformados y les da\u00f1\u00f3 las motos.<\/p>\n\n\n\n<p>Sin embargo, testigos aseguraron que el culpado era un paciente siqui\u00e1trico.<\/p>\n\n\n\n<p>Seg\u00fan se pudo establecer, fueron varias tumbas a las que ingres\u00f3 el acusado. Al compartir las im\u00e1genes, en grupos de WhatsApp, la comunidad sali\u00f3 de sus casas.<\/p>\n\n\n\n<p>Algunos santafere\u00f1os se dirigieron hasta el camposanto, cuando circularon las primeras fotos, para verificar si sus familiares todav\u00edan descansaban en paz. Pero el lugar fue acordonado para que las autoridades competentes verificaran si hab\u00eda otras partes de restos \u00f3seos fuera de los panteones.<\/p>\n\n\n\n<p>&#8220;Se descart\u00f3 rotundamente si se trat\u00f3 de alg\u00fan ritual de brujer\u00eda o sectas sat\u00e1nicas y quiero aclarar, que el cr\u00e1neo ya estaba en estado de descomposici\u00f3n&#8221;, agreg\u00f3 el mandatario local.<\/p>\n\n\n\n<p>Las autoridades iniciaron las respectivas investigaciones para esclarecer los hechos y explicaron a las familias que deben realizar una denuncia para judicializar al santafere\u00f1o por la profanaci\u00f3n.<\/p>\n\n\n\n<p>Adem\u00e1s, el arrestado deber\u00e1 responder por los delitos de da\u00f1o a bien ajeno y agresi\u00f3n a funcionario p\u00fablico.<\/p>\n\n\n\n<p>Hasta el momento, se desconoce a cu\u00e1les tumbas pertenec\u00eda el cr\u00e1neo y los otros restos humanos.<\/p>\n\n\n\n<p>Un hombre fue detenido por su implicaci\u00f3n en la profanaci\u00f3n de una tumba en el cementerio municipal de Santa Fe de Antioquia. El cad\u00e1ver profanado, al parecer, era de una mujer.<\/p>\n","protected":false},"excerpt":{"rendered":"<p>Habitantes quedaron aterrados al ver a un hombre cuando se paseaba con un cr\u00e1neo por las calles del municipio de Santa Fe de Antioquia. La preocupaci\u00f3n se gener\u00f3 por el&hellip;<\/p>\n","protected":false},"author":1,"featured_media":3213,"comment_status":"open","ping_status":"open","sticky":false,"template":"","format":"standard","meta":{"footnotes":""},"categories":[1],"tags":[],"class_list":["post-3212","post","type-post","status-publish","format-standard","has-post-thumbnail","hentry","category-noticias"],"yoast_head":"<!-- This site is optimized with the Yoast SEO plugin v27.5 - https:\/\/yoast.com\/product\/yoast-seo-wordpress\/ -->\n<title>Sacaron una cabeza, en alto grado de descomposici\u00f3n, de un cementerio en Antioquia - PRENSA PAISA<\/title>\n<meta name=\"robots\" content=\"index, follow, max-snippet:-1, max-image-preview:large, max-video-preview:-1\" \/>\n<link rel=\"canonical\" href=\"https:\/\/prensapaisa.com\/index.php\/2022\/05\/03\/sacaron-una-cabeza-en-alto-grado-de-descomposicion-de-un-cementerio-en-antioquia\/\" \/>\n<meta property=\"og:locale\" content=\"es_ES\" \/>\n<meta property=\"og:type\" content=\"article\" \/>\n<meta property=\"og:title\" content=\"Sacaron una cabeza, en alto grado de descomposici\u00f3n, de un cementerio en Antioquia - PRENSA PAISA\" \/>\n<meta property=\"og:description\" content=\"Habitantes quedaron aterrados al ver a un hombre cuando se paseaba con un cr\u00e1neo por las calles del municipio de Santa Fe de Antioquia. La preocupaci\u00f3n se gener\u00f3 por el&hellip;\" \/>\n<meta property=\"og:url\" content=\"https:\/\/prensapaisa.com\/index.php\/2022\/05\/03\/sacaron-una-cabeza-en-alto-grado-de-descomposicion-de-un-cementerio-en-antioquia\/\" \/>\n<meta property=\"og:site_name\" content=\"PRENSA PAISA\" \/>\n<meta property=\"article:published_time\" content=\"2022-05-04T03:27:48+00:00\" \/>\n<meta property=\"article:modified_time\" content=\"2022-05-04T03:27:49+00:00\" \/>\n<meta property=\"og:image\" content=\"https:\/\/prensapaisa.com\/wp-content\/uploads\/2022\/05\/WhatsApp-Image-2022-05-03-at-8.01.18-AM.jpeg\" \/>\n\t<meta property=\"og:image:width\" content=\"1080\" \/>\n\t<meta property=\"og:image:height\" content=\"1046\" \/>\n\t<meta property=\"og:image:type\" content=\"image\/jpeg\" \/>\n<meta name=\"author\" content=\"noticias@prensapaisa.com\" \/>\n<meta name=\"twitter:card\" content=\"summary_large_image\" \/>\n<meta name=\"twitter:label1\" content=\"Escrito por\" \/>\n\t<meta name=\"twitter:data1\" content=\"noticias@prensapaisa.com\" \/>\n\t<meta name=\"twitter:label2\" content=\"Tiempo de lectura\" \/>\n\t<meta name=\"twitter:data2\" content=\"2 minutos\" \/>\n<script type=\"application\/ld+json\" class=\"yoast-schema-graph\">{\"@context\":\"https:\\\/\\\/schema.org\",\"@graph\":[{\"@type\":\"Article\",\"@id\":\"https:\\\/\\\/prensapaisa.com\\\/index.php\\\/2022\\\/05\\\/03\\\/sacaron-una-cabeza-en-alto-grado-de-descomposicion-de-un-cementerio-en-antioquia\\\/#article\",\"isPartOf\":{\"@id\":\"https:\\\/\\\/prensapaisa.com\\\/index.php\\\/2022\\\/05\\\/03\\\/sacaron-una-cabeza-en-alto-grado-de-descomposicion-de-un-cementerio-en-antioquia\\\/\"},\"author\":{\"name\":\"noticias@prensapaisa.com\",\"@id\":\"https:\\\/\\\/prensapaisa.com\\\/#\\\/schema\\\/person\\\/c5899b8b285dbcd70faec88a7c1579f6\"},\"headline\":\"Sacaron una cabeza, en alto grado de descomposici\u00f3n, de un cementerio en Antioquia\",\"datePublished\":\"2022-05-04T03:27:48+00:00\",\"dateModified\":\"2022-05-04T03:27:49+00:00\",\"mainEntityOfPage\":{\"@id\":\"https:\\\/\\\/prensapaisa.com\\\/index.php\\\/2022\\\/05\\\/03\\\/sacaron-una-cabeza-en-alto-grado-de-descomposicion-de-un-cementerio-en-antioquia\\\/\"},\"wordCount\":404,\"commentCount\":0,\"publisher\":{\"@id\":\"https:\\\/\\\/prensapaisa.com\\\/#organization\"},\"image\":{\"@id\":\"https:\\\/\\\/prensapaisa.com\\\/index.php\\\/2022\\\/05\\\/03\\\/sacaron-una-cabeza-en-alto-grado-de-descomposicion-de-un-cementerio-en-antioquia\\\/#primaryimage\"},\"thumbnailUrl\":\"https:\\\/\\\/prensapaisa.com\\\/wp-content\\\/uploads\\\/2022\\\/05\\\/WhatsApp-Image-2022-05-03-at-8.01.18-AM.jpeg\",\"articleSection\":[\"Noticias\"],\"inLanguage\":\"es-CO\",\"potentialAction\":[{\"@type\":\"CommentAction\",\"name\":\"Comment\",\"target\":[\"https:\\\/\\\/prensapaisa.com\\\/index.php\\\/2022\\\/05\\\/03\\\/sacaron-una-cabeza-en-alto-grado-de-descomposicion-de-un-cementerio-en-antioquia\\\/#respond\"]}]},{\"@type\":\"WebPage\",\"@id\":\"https:\\\/\\\/prensapaisa.com\\\/index.php\\\/2022\\\/05\\\/03\\\/sacaron-una-cabeza-en-alto-grado-de-descomposicion-de-un-cementerio-en-antioquia\\\/\",\"url\":\"https:\\\/\\\/prensapaisa.com\\\/index.php\\\/2022\\\/05\\\/03\\\/sacaron-una-cabeza-en-alto-grado-de-descomposicion-de-un-cementerio-en-antioquia\\\/\",\"name\":\"Sacaron una cabeza, en alto grado de descomposici\u00f3n, de un cementerio en Antioquia - PRENSA PAISA\",\"isPartOf\":{\"@id\":\"https:\\\/\\\/prensapaisa.com\\\/#website\"},\"primaryImageOfPage\":{\"@id\":\"https:\\\/\\\/prensapaisa.com\\\/index.php\\\/2022\\\/05\\\/03\\\/sacaron-una-cabeza-en-alto-grado-de-descomposicion-de-un-cementerio-en-antioquia\\\/#primaryimage\"},\"image\":{\"@id\":\"https:\\\/\\\/prensapaisa.com\\\/index.php\\\/2022\\\/05\\\/03\\\/sacaron-una-cabeza-en-alto-grado-de-descomposicion-de-un-cementerio-en-antioquia\\\/#primaryimage\"},\"thumbnailUrl\":\"https:\\\/\\\/prensapaisa.com\\\/wp-content\\\/uploads\\\/2022\\\/05\\\/WhatsApp-Image-2022-05-03-at-8.01.18-AM.jpeg\",\"datePublished\":\"2022-05-04T03:27:48+00:00\",\"dateModified\":\"2022-05-04T03:27:49+00:00\",\"breadcrumb\":{\"@id\":\"https:\\\/\\\/prensapaisa.com\\\/index.php\\\/2022\\\/05\\\/03\\\/sacaron-una-cabeza-en-alto-grado-de-descomposicion-de-un-cementerio-en-antioquia\\\/#breadcrumb\"},\"inLanguage\":\"es-CO\",\"potentialAction\":[{\"@type\":\"ReadAction\",\"target\":[\"https:\\\/\\\/prensapaisa.com\\\/index.php\\\/2022\\\/05\\\/03\\\/sacaron-una-cabeza-en-alto-grado-de-descomposicion-de-un-cementerio-en-antioquia\\\/\"]}]},{\"@type\":\"ImageObject\",\"inLanguage\":\"es-CO\",\"@id\":\"https:\\\/\\\/prensapaisa.com\\\/index.php\\\/2022\\\/05\\\/03\\\/sacaron-una-cabeza-en-alto-grado-de-descomposicion-de-un-cementerio-en-antioquia\\\/#primaryimage\",\"url\":\"https:\\\/\\\/prensapaisa.com\\\/wp-content\\\/uploads\\\/2022\\\/05\\\/WhatsApp-Image-2022-05-03-at-8.01.18-AM.jpeg\",\"contentUrl\":\"https:\\\/\\\/prensapaisa.com\\\/wp-content\\\/uploads\\\/2022\\\/05\\\/WhatsApp-Image-2022-05-03-at-8.01.18-AM.jpeg\",\"width\":1080,\"height\":1046},{\"@type\":\"BreadcrumbList\",\"@id\":\"https:\\\/\\\/prensapaisa.com\\\/index.php\\\/2022\\\/05\\\/03\\\/sacaron-una-cabeza-en-alto-grado-de-descomposicion-de-un-cementerio-en-antioquia\\\/#breadcrumb\",\"itemListElement\":[{\"@type\":\"ListItem\",\"position\":1,\"name\":\"Inicio\",\"item\":\"https:\\\/\\\/prensapaisa.com\\\/\"},{\"@type\":\"ListItem\",\"position\":2,\"name\":\"Sacaron una cabeza, en alto grado de descomposici\u00f3n, de un cementerio en Antioquia\"}]},{\"@type\":\"WebSite\",\"@id\":\"https:\\\/\\\/prensapaisa.com\\\/#website\",\"url\":\"https:\\\/\\\/prensapaisa.com\\\/\",\"name\":\"PRENSA PAISA\",\"description\":\"Prensa Paisa la Original | Noticias de Medell\u00edn, Antioquia\",\"publisher\":{\"@id\":\"https:\\\/\\\/prensapaisa.com\\\/#organization\"},\"potentialAction\":[{\"@type\":\"SearchAction\",\"target\":{\"@type\":\"EntryPoint\",\"urlTemplate\":\"https:\\\/\\\/prensapaisa.com\\\/?s={search_term_string}\"},\"query-input\":{\"@type\":\"PropertyValueSpecification\",\"valueRequired\":true,\"valueName\":\"search_term_string\"}}],\"inLanguage\":\"es-CO\"},{\"@type\":\"Organization\",\"@id\":\"https:\\\/\\\/prensapaisa.com\\\/#organization\",\"name\":\"PRENSA PAISA\",\"url\":\"https:\\\/\\\/prensapaisa.com\\\/\",\"logo\":{\"@type\":\"ImageObject\",\"inLanguage\":\"es-CO\",\"@id\":\"https:\\\/\\\/prensapaisa.com\\\/#\\\/schema\\\/logo\\\/image\\\/\",\"url\":\"https:\\\/\\\/prensapaisa.com\\\/wp-content\\\/uploads\\\/2022\\\/05\\\/cropped-cropped-prensa.png\",\"contentUrl\":\"https:\\\/\\\/prensapaisa.com\\\/wp-content\\\/uploads\\\/2022\\\/05\\\/cropped-cropped-prensa.png\",\"width\":784,\"height\":524,\"caption\":\"PRENSA PAISA\"},\"image\":{\"@id\":\"https:\\\/\\\/prensapaisa.com\\\/#\\\/schema\\\/logo\\\/image\\\/\"}},{\"@type\":\"Person\",\"@id\":\"https:\\\/\\\/prensapaisa.com\\\/#\\\/schema\\\/person\\\/c5899b8b285dbcd70faec88a7c1579f6\",\"name\":\"noticias@prensapaisa.com\",\"image\":{\"@type\":\"ImageObject\",\"inLanguage\":\"es-CO\",\"@id\":\"https:\\\/\\\/secure.gravatar.com\\\/avatar\\\/ca2b49c1df14b84557c567431f045ea69c8ea5da2da50309fd4de9b811da0433?s=96&d=mm&r=g\",\"url\":\"https:\\\/\\\/secure.gravatar.com\\\/avatar\\\/ca2b49c1df14b84557c567431f045ea69c8ea5da2da50309fd4de9b811da0433?s=96&d=mm&r=g\",\"contentUrl\":\"https:\\\/\\\/secure.gravatar.com\\\/avatar\\\/ca2b49c1df14b84557c567431f045ea69c8ea5da2da50309fd4de9b811da0433?s=96&d=mm&r=g\",\"caption\":\"noticias@prensapaisa.com\"},\"sameAs\":[\"http:\\\/\\\/prensapaisa.com\"],\"url\":\"https:\\\/\\\/prensapaisa.com\\\/index.php\\\/author\\\/prensapaisagmail-com\\\/\"}]}<\/script>\n<!-- \/ Yoast SEO plugin. -->","yoast_head_json":{"title":"Sacaron una cabeza, en alto grado de descomposici\u00f3n, de un cementerio en Antioquia - PRENSA PAISA","robots":{"index":"index","follow":"follow","max-snippet":"max-snippet:-1","max-image-preview":"max-image-preview:large","max-video-preview":"max-video-preview:-1"},"canonical":"https:\/\/prensapaisa.com\/index.php\/2022\/05\/03\/sacaron-una-cabeza-en-alto-grado-de-descomposicion-de-un-cementerio-en-antioquia\/","og_locale":"es_ES","og_type":"article","og_title":"Sacaron una cabeza, en alto grado de descomposici\u00f3n, de un cementerio en Antioquia - PRENSA PAISA","og_description":"Habitantes quedaron aterrados al ver a un hombre cuando se paseaba con un cr\u00e1neo por las calles del municipio de Santa Fe de Antioquia. La preocupaci\u00f3n se gener\u00f3 por el&hellip;","og_url":"https:\/\/prensapaisa.com\/index.php\/2022\/05\/03\/sacaron-una-cabeza-en-alto-grado-de-descomposicion-de-un-cementerio-en-antioquia\/","og_site_name":"PRENSA PAISA","article_published_time":"2022-05-04T03:27:48+00:00","article_modified_time":"2022-05-04T03:27:49+00:00","og_image":[{"width":1080,"height":1046,"url":"https:\/\/prensapaisa.com\/wp-content\/uploads\/2022\/05\/WhatsApp-Image-2022-05-03-at-8.01.18-AM.jpeg","type":"image\/jpeg"}],"author":"noticias@prensapaisa.com","twitter_card":"summary_large_image","twitter_misc":{"Escrito por":"noticias@prensapaisa.com","Tiempo de lectura":"2 minutos"},"schema":{"@context":"https:\/\/schema.org","@graph":[{"@type":"Article","@id":"https:\/\/prensapaisa.com\/index.php\/2022\/05\/03\/sacaron-una-cabeza-en-alto-grado-de-descomposicion-de-un-cementerio-en-antioquia\/#article","isPartOf":{"@id":"https:\/\/prensapaisa.com\/index.php\/2022\/05\/03\/sacaron-una-cabeza-en-alto-grado-de-descomposicion-de-un-cementerio-en-antioquia\/"},"author":{"name":"noticias@prensapaisa.com","@id":"https:\/\/prensapaisa.com\/#\/schema\/person\/c5899b8b285dbcd70faec88a7c1579f6"},"headline":"Sacaron una cabeza, en alto grado de descomposici\u00f3n, de un cementerio en Antioquia","datePublished":"2022-05-04T03:27:48+00:00","dateModified":"2022-05-04T03:27:49+00:00","mainEntityOfPage":{"@id":"https:\/\/prensapaisa.com\/index.php\/2022\/05\/03\/sacaron-una-cabeza-en-alto-grado-de-descomposicion-de-un-cementerio-en-antioquia\/"},"wordCount":404,"commentCount":0,"publisher":{"@id":"https:\/\/prensapaisa.com\/#organization"},"image":{"@id":"https:\/\/prensapaisa.com\/index.php\/2022\/05\/03\/sacaron-una-cabeza-en-alto-grado-de-descomposicion-de-un-cementerio-en-antioquia\/#primaryimage"},"thumbnailUrl":"https:\/\/prensapaisa.com\/wp-content\/uploads\/2022\/05\/WhatsApp-Image-2022-05-03-at-8.01.18-AM.jpeg","articleSection":["Noticias"],"inLanguage":"es-CO","potentialAction":[{"@type":"CommentAction","name":"Comment","target":["https:\/\/prensapaisa.com\/index.php\/2022\/05\/03\/sacaron-una-cabeza-en-alto-grado-de-descomposicion-de-un-cementerio-en-antioquia\/#respond"]}]},{"@type":"WebPage","@id":"https:\/\/prensapaisa.com\/index.php\/2022\/05\/03\/sacaron-una-cabeza-en-alto-grado-de-descomposicion-de-un-cementerio-en-antioquia\/","url":"https:\/\/prensapaisa.com\/index.php\/2022\/05\/03\/sacaron-una-cabeza-en-alto-grado-de-descomposicion-de-un-cementerio-en-antioquia\/","name":"Sacaron una cabeza, en alto grado de descomposici\u00f3n, de un cementerio en Antioquia - PRENSA PAISA","isPartOf":{"@id":"https:\/\/prensapaisa.com\/#website"},"primaryImageOfPage":{"@id":"https:\/\/prensapaisa.com\/index.php\/2022\/05\/03\/sacaron-una-cabeza-en-alto-grado-de-descomposicion-de-un-cementerio-en-antioquia\/#primaryimage"},"image":{"@id":"https:\/\/prensapaisa.com\/index.php\/2022\/05\/03\/sacaron-una-cabeza-en-alto-grado-de-descomposicion-de-un-cementerio-en-antioquia\/#primaryimage"},"thumbnailUrl":"https:\/\/prensapaisa.com\/wp-content\/uploads\/2022\/05\/WhatsApp-Image-2022-05-03-at-8.01.18-AM.jpeg","datePublished":"2022-05-04T03:27:48+00:00","dateModified":"2022-05-04T03:27:49+00:00","breadcrumb":{"@id":"https:\/\/prensapaisa.com\/index.php\/2022\/05\/03\/sacaron-una-cabeza-en-alto-grado-de-descomposicion-de-un-cementerio-en-antioquia\/#breadcrumb"},"inLanguage":"es-CO","potentialAction":[{"@type":"ReadAction","target":["https:\/\/prensapaisa.com\/index.php\/2022\/05\/03\/sacaron-una-cabeza-en-alto-grado-de-descomposicion-de-un-cementerio-en-antioquia\/"]}]},{"@type":"ImageObject","inLanguage":"es-CO","@id":"https:\/\/prensapaisa.com\/index.php\/2022\/05\/03\/sacaron-una-cabeza-en-alto-grado-de-descomposicion-de-un-cementerio-en-antioquia\/#primaryimage","url":"https:\/\/prensapaisa.com\/wp-content\/uploads\/2022\/05\/WhatsApp-Image-2022-05-03-at-8.01.18-AM.jpeg","contentUrl":"https:\/\/prensapaisa.com\/wp-content\/uploads\/2022\/05\/WhatsApp-Image-2022-05-03-at-8.01.18-AM.jpeg","width":1080,"height":1046},{"@type":"BreadcrumbList","@id":"https:\/\/prensapaisa.com\/index.php\/2022\/05\/03\/sacaron-una-cabeza-en-alto-grado-de-descomposicion-de-un-cementerio-en-antioquia\/#breadcrumb","itemListElement":[{"@type":"ListItem","position":1,"name":"Inicio","item":"https:\/\/prensapaisa.com\/"},{"@type":"ListItem","position":2,"name":"Sacaron una cabeza, en alto grado de descomposici\u00f3n, de un cementerio en Antioquia"}]},{"@type":"WebSite","@id":"https:\/\/prensapaisa.com\/#website","url":"https:\/\/prensapaisa.com\/","name":"PRENSA PAISA","description":"Prensa Paisa la Original | Noticias de Medell\u00edn, Antioquia","publisher":{"@id":"https:\/\/prensapaisa.com\/#organization"},"potentialAction":[{"@type":"SearchAction","target":{"@type":"EntryPoint","urlTemplate":"https:\/\/prensapaisa.com\/?s={search_term_string}"},"query-input":{"@type":"PropertyValueSpecification","valueRequired":true,"valueName":"search_term_string"}}],"inLanguage":"es-CO"},{"@type":"Organization","@id":"https:\/\/prensapaisa.com\/#organization","name":"PRENSA PAISA","url":"https:\/\/prensapaisa.com\/","logo":{"@type":"ImageObject","inLanguage":"es-CO","@id":"https:\/\/prensapaisa.com\/#\/schema\/logo\/image\/","url":"https:\/\/prensapaisa.com\/wp-content\/uploads\/2022\/05\/cropped-cropped-prensa.png","contentUrl":"https:\/\/prensapaisa.com\/wp-content\/uploads\/2022\/05\/cropped-cropped-prensa.png","width":784,"height":524,"caption":"PRENSA PAISA"},"image":{"@id":"https:\/\/prensapaisa.com\/#\/schema\/logo\/image\/"}},{"@type":"Person","@id":"https:\/\/prensapaisa.com\/#\/schema\/person\/c5899b8b285dbcd70faec88a7c1579f6","name":"noticias@prensapaisa.com","image":{"@type":"ImageObject","inLanguage":"es-CO","@id":"https:\/\/secure.gravatar.com\/avatar\/ca2b49c1df14b84557c567431f045ea69c8ea5da2da50309fd4de9b811da0433?s=96&d=mm&r=g","url":"https:\/\/secure.gravatar.com\/avatar\/ca2b49c1df14b84557c567431f045ea69c8ea5da2da50309fd4de9b811da0433?s=96&d=mm&r=g","contentUrl":"https:\/\/secure.gravatar.com\/avatar\/ca2b49c1df14b84557c567431f045ea69c8ea5da2da50309fd4de9b811da0433?s=96&d=mm&r=g","caption":"noticias@prensapaisa.com"},"sameAs":["http:\/\/prensapaisa.com"],"url":"https:\/\/prensapaisa.com\/index.php\/author\/prensapaisagmail-com\/"}]}},"_links":{"self":[{"href":"https:\/\/prensapaisa.com\/index.php\/wp-json\/wp\/v2\/posts\/3212","targetHints":{"allow":["GET"]}}],"collection":[{"href":"https:\/\/prensapaisa.com\/index.php\/wp-json\/wp\/v2\/posts"}],"about":[{"href":"https:\/\/prensapaisa.com\/index.php\/wp-json\/wp\/v2\/types\/post"}],"author":[{"embeddable":true,"href":"https:\/\/prensapaisa.com\/index.php\/wp-json\/wp\/v2\/users\/1"}],"replies":[{"embeddable":true,"href":"https:\/\/prensapaisa.com\/index.php\/wp-json\/wp\/v2\/comments?post=3212"}],"version-history":[{"count":1,"href":"https:\/\/prensapaisa.com\/index.php\/wp-json\/wp\/v2\/posts\/3212\/revisions"}],"predecessor-version":[{"id":3214,"href":"https:\/\/prensapaisa.com\/index.php\/wp-json\/wp\/v2\/posts\/3212\/revisions\/3214"}],"wp:featuredmedia":[{"embeddable":true,"href":"https:\/\/prensapaisa.com\/index.php\/wp-json\/wp\/v2\/media\/3213"}],"wp:attachment":[{"href":"https:\/\/prensapaisa.com\/index.php\/wp-json\/wp\/v2\/media?parent=3212"}],"wp:term":[{"taxonomy":"category","embeddable":true,"href":"https:\/\/prensapaisa.com\/index.php\/wp-json\/wp\/v2\/categories?post=3212"},{"taxonomy":"post_tag","embeddable":true,"href":"https:\/\/prensapaisa.com\/index.php\/wp-json\/wp\/v2\/tags?post=3212"}],"curies":[{"name":"wp","href":"https:\/\/api.w.org\/{rel}","templated":true}]}}