{"id":3061,"date":"2022-03-31T09:11:49","date_gmt":"2022-03-31T14:11:49","guid":{"rendered":"https:\/\/prensapaisa.com\/?p=3061"},"modified":"2022-03-31T09:11:50","modified_gmt":"2022-03-31T14:11:50","slug":"desbordamientos-tienen-en-mal-estado-una-via-en-el-norte-del-valle-de-aburra","status":"publish","type":"post","link":"https:\/\/prensapaisa.com\/index.php\/2022\/03\/31\/desbordamientos-tienen-en-mal-estado-una-via-en-el-norte-del-valle-de-aburra\/","title":{"rendered":"Desbordamientos tienen en mal estado una v\u00eda en el Norte del Valle de Aburr\u00e1"},"content":{"rendered":"\n<figure class=\"wp-block-video\"><video height=\"240\" style=\"aspect-ratio: 426 \/ 240;\" width=\"426\" controls src=\"https:\/\/prensapaisa.com\/wp-content\/uploads\/2022\/03\/277653550_524537142723105_9199485155643562409_n.mp4\"><\/video><\/figure>\n\n\n\n<p class=\"has-drop-cap\">Comunidad pide mantenimiento a la v\u00eda alterna que conduce desde Bello hasta San F\u00e9lix, por gran deterioro debido al invierno. Adem\u00e1s, aseguraron que desde hace meses para esta ruta no hay buena se\u00f1alizaci\u00f3n, poca iluminaci\u00f3n, es muy estrecha, tiene varias grietas y es bastante peligrosa para transitar.<\/p>\n","protected":false},"excerpt":{"rendered":"<p>Comunidad pide mantenimiento a la v\u00eda alterna que conduce desde Bello hasta San F\u00e9lix, por gran deterioro debido al invierno. Adem\u00e1s, aseguraron que desde hace meses para esta ruta no&hellip;<\/p>\n","protected":false},"author":1,"featured_media":3063,"comment_status":"open","ping_status":"open","sticky":false,"template":"","format":"standard","meta":{"footnotes":""},"categories":[1],"tags":[],"class_list":["post-3061","post","type-post","status-publish","format-standard","has-post-thumbnail","hentry","category-noticias"],"yoast_head":"<!-- This site is optimized with the Yoast SEO plugin v27.5 - https:\/\/yoast.com\/product\/yoast-seo-wordpress\/ -->\n<title>Desbordamientos tienen en mal estado una v\u00eda en el Norte del Valle de Aburr\u00e1 - PRENSA PAISA<\/title>\n<meta name=\"robots\" content=\"index, follow, max-snippet:-1, max-image-preview:large, max-video-preview:-1\" \/>\n<link rel=\"canonical\" href=\"https:\/\/prensapaisa.com\/index.php\/2022\/03\/31\/desbordamientos-tienen-en-mal-estado-una-via-en-el-norte-del-valle-de-aburra\/\" \/>\n<meta property=\"og:locale\" content=\"es_ES\" \/>\n<meta property=\"og:type\" content=\"article\" \/>\n<meta property=\"og:title\" content=\"Desbordamientos tienen en mal estado una v\u00eda en el Norte del Valle de Aburr\u00e1 - PRENSA PAISA\" \/>\n<meta property=\"og:description\" content=\"Comunidad pide mantenimiento a la v\u00eda alterna que conduce desde Bello hasta San F\u00e9lix, por gran deterioro debido al invierno. Adem\u00e1s, aseguraron que desde hace meses para esta ruta no&hellip;\" \/>\n<meta property=\"og:url\" content=\"https:\/\/prensapaisa.com\/index.php\/2022\/03\/31\/desbordamientos-tienen-en-mal-estado-una-via-en-el-norte-del-valle-de-aburra\/\" \/>\n<meta property=\"og:site_name\" content=\"PRENSA PAISA\" \/>\n<meta property=\"article:published_time\" content=\"2022-03-31T14:11:49+00:00\" \/>\n<meta property=\"article:modified_time\" content=\"2022-03-31T14:11:50+00:00\" \/>\n<meta property=\"og:image\" content=\"https:\/\/prensapaisa.com\/wp-content\/uploads\/2022\/03\/1-147.jpg\" \/>\n\t<meta property=\"og:image:width\" content=\"1072\" \/>\n\t<meta property=\"og:image:height\" content=\"481\" \/>\n\t<meta property=\"og:image:type\" content=\"image\/jpeg\" \/>\n<meta name=\"author\" content=\"noticias@prensapaisa.com\" \/>\n<meta name=\"twitter:card\" content=\"summary_large_image\" \/>\n<meta name=\"twitter:label1\" content=\"Escrito por\" \/>\n\t<meta name=\"twitter:data1\" content=\"noticias@prensapaisa.com\" \/>\n<script type=\"application\/ld+json\" class=\"yoast-schema-graph\">{\"@context\":\"https:\\\/\\\/schema.org\",\"@graph\":[{\"@type\":\"Article\",\"@id\":\"https:\\\/\\\/prensapaisa.com\\\/index.php\\\/2022\\\/03\\\/31\\\/desbordamientos-tienen-en-mal-estado-una-via-en-el-norte-del-valle-de-aburra\\\/#article\",\"isPartOf\":{\"@id\":\"https:\\\/\\\/prensapaisa.com\\\/index.php\\\/2022\\\/03\\\/31\\\/desbordamientos-tienen-en-mal-estado-una-via-en-el-norte-del-valle-de-aburra\\\/\"},\"author\":{\"name\":\"noticias@prensapaisa.com\",\"@id\":\"https:\\\/\\\/prensapaisa.com\\\/#\\\/schema\\\/person\\\/c5899b8b285dbcd70faec88a7c1579f6\"},\"headline\":\"Desbordamientos tienen en mal estado una v\u00eda en el Norte del Valle de Aburr\u00e1\",\"datePublished\":\"2022-03-31T14:11:49+00:00\",\"dateModified\":\"2022-03-31T14:11:50+00:00\",\"mainEntityOfPage\":{\"@id\":\"https:\\\/\\\/prensapaisa.com\\\/index.php\\\/2022\\\/03\\\/31\\\/desbordamientos-tienen-en-mal-estado-una-via-en-el-norte-del-valle-de-aburra\\\/\"},\"wordCount\":68,\"commentCount\":0,\"publisher\":{\"@id\":\"https:\\\/\\\/prensapaisa.com\\\/#organization\"},\"image\":{\"@id\":\"https:\\\/\\\/prensapaisa.com\\\/index.php\\\/2022\\\/03\\\/31\\\/desbordamientos-tienen-en-mal-estado-una-via-en-el-norte-del-valle-de-aburra\\\/#primaryimage\"},\"thumbnailUrl\":\"https:\\\/\\\/prensapaisa.com\\\/wp-content\\\/uploads\\\/2022\\\/03\\\/1-147.jpg\",\"articleSection\":[\"Noticias\"],\"inLanguage\":\"es-CO\",\"potentialAction\":[{\"@type\":\"CommentAction\",\"name\":\"Comment\",\"target\":[\"https:\\\/\\\/prensapaisa.com\\\/index.php\\\/2022\\\/03\\\/31\\\/desbordamientos-tienen-en-mal-estado-una-via-en-el-norte-del-valle-de-aburra\\\/#respond\"]}]},{\"@type\":\"WebPage\",\"@id\":\"https:\\\/\\\/prensapaisa.com\\\/index.php\\\/2022\\\/03\\\/31\\\/desbordamientos-tienen-en-mal-estado-una-via-en-el-norte-del-valle-de-aburra\\\/\",\"url\":\"https:\\\/\\\/prensapaisa.com\\\/index.php\\\/2022\\\/03\\\/31\\\/desbordamientos-tienen-en-mal-estado-una-via-en-el-norte-del-valle-de-aburra\\\/\",\"name\":\"Desbordamientos tienen en mal estado una v\u00eda en el Norte del Valle de Aburr\u00e1 - PRENSA PAISA\",\"isPartOf\":{\"@id\":\"https:\\\/\\\/prensapaisa.com\\\/#website\"},\"primaryImageOfPage\":{\"@id\":\"https:\\\/\\\/prensapaisa.com\\\/index.php\\\/2022\\\/03\\\/31\\\/desbordamientos-tienen-en-mal-estado-una-via-en-el-norte-del-valle-de-aburra\\\/#primaryimage\"},\"image\":{\"@id\":\"https:\\\/\\\/prensapaisa.com\\\/index.php\\\/2022\\\/03\\\/31\\\/desbordamientos-tienen-en-mal-estado-una-via-en-el-norte-del-valle-de-aburra\\\/#primaryimage\"},\"thumbnailUrl\":\"https:\\\/\\\/prensapaisa.com\\\/wp-content\\\/uploads\\\/2022\\\/03\\\/1-147.jpg\",\"datePublished\":\"2022-03-31T14:11:49+00:00\",\"dateModified\":\"2022-03-31T14:11:50+00:00\",\"breadcrumb\":{\"@id\":\"https:\\\/\\\/prensapaisa.com\\\/index.php\\\/2022\\\/03\\\/31\\\/desbordamientos-tienen-en-mal-estado-una-via-en-el-norte-del-valle-de-aburra\\\/#breadcrumb\"},\"inLanguage\":\"es-CO\",\"potentialAction\":[{\"@type\":\"ReadAction\",\"target\":[\"https:\\\/\\\/prensapaisa.com\\\/index.php\\\/2022\\\/03\\\/31\\\/desbordamientos-tienen-en-mal-estado-una-via-en-el-norte-del-valle-de-aburra\\\/\"]}]},{\"@type\":\"ImageObject\",\"inLanguage\":\"es-CO\",\"@id\":\"https:\\\/\\\/prensapaisa.com\\\/index.php\\\/2022\\\/03\\\/31\\\/desbordamientos-tienen-en-mal-estado-una-via-en-el-norte-del-valle-de-aburra\\\/#primaryimage\",\"url\":\"https:\\\/\\\/prensapaisa.com\\\/wp-content\\\/uploads\\\/2022\\\/03\\\/1-147.jpg\",\"contentUrl\":\"https:\\\/\\\/prensapaisa.com\\\/wp-content\\\/uploads\\\/2022\\\/03\\\/1-147.jpg\",\"width\":1072,\"height\":481},{\"@type\":\"BreadcrumbList\",\"@id\":\"https:\\\/\\\/prensapaisa.com\\\/index.php\\\/2022\\\/03\\\/31\\\/desbordamientos-tienen-en-mal-estado-una-via-en-el-norte-del-valle-de-aburra\\\/#breadcrumb\",\"itemListElement\":[{\"@type\":\"ListItem\",\"position\":1,\"name\":\"Inicio\",\"item\":\"https:\\\/\\\/prensapaisa.com\\\/\"},{\"@type\":\"ListItem\",\"position\":2,\"name\":\"Desbordamientos tienen en mal estado una v\u00eda en el Norte del Valle de Aburr\u00e1\"}]},{\"@type\":\"WebSite\",\"@id\":\"https:\\\/\\\/prensapaisa.com\\\/#website\",\"url\":\"https:\\\/\\\/prensapaisa.com\\\/\",\"name\":\"PRENSA PAISA\",\"description\":\"Prensa Paisa la Original | Noticias de Medell\u00edn, Antioquia\",\"publisher\":{\"@id\":\"https:\\\/\\\/prensapaisa.com\\\/#organization\"},\"potentialAction\":[{\"@type\":\"SearchAction\",\"target\":{\"@type\":\"EntryPoint\",\"urlTemplate\":\"https:\\\/\\\/prensapaisa.com\\\/?s={search_term_string}\"},\"query-input\":{\"@type\":\"PropertyValueSpecification\",\"valueRequired\":true,\"valueName\":\"search_term_string\"}}],\"inLanguage\":\"es-CO\"},{\"@type\":\"Organization\",\"@id\":\"https:\\\/\\\/prensapaisa.com\\\/#organization\",\"name\":\"PRENSA PAISA\",\"url\":\"https:\\\/\\\/prensapaisa.com\\\/\",\"logo\":{\"@type\":\"ImageObject\",\"inLanguage\":\"es-CO\",\"@id\":\"https:\\\/\\\/prensapaisa.com\\\/#\\\/schema\\\/logo\\\/image\\\/\",\"url\":\"https:\\\/\\\/prensapaisa.com\\\/wp-content\\\/uploads\\\/2022\\\/05\\\/cropped-cropped-prensa.png\",\"contentUrl\":\"https:\\\/\\\/prensapaisa.com\\\/wp-content\\\/uploads\\\/2022\\\/05\\\/cropped-cropped-prensa.png\",\"width\":784,\"height\":524,\"caption\":\"PRENSA PAISA\"},\"image\":{\"@id\":\"https:\\\/\\\/prensapaisa.com\\\/#\\\/schema\\\/logo\\\/image\\\/\"}},{\"@type\":\"Person\",\"@id\":\"https:\\\/\\\/prensapaisa.com\\\/#\\\/schema\\\/person\\\/c5899b8b285dbcd70faec88a7c1579f6\",\"name\":\"noticias@prensapaisa.com\",\"image\":{\"@type\":\"ImageObject\",\"inLanguage\":\"es-CO\",\"@id\":\"https:\\\/\\\/secure.gravatar.com\\\/avatar\\\/ca2b49c1df14b84557c567431f045ea69c8ea5da2da50309fd4de9b811da0433?s=96&d=mm&r=g\",\"url\":\"https:\\\/\\\/secure.gravatar.com\\\/avatar\\\/ca2b49c1df14b84557c567431f045ea69c8ea5da2da50309fd4de9b811da0433?s=96&d=mm&r=g\",\"contentUrl\":\"https:\\\/\\\/secure.gravatar.com\\\/avatar\\\/ca2b49c1df14b84557c567431f045ea69c8ea5da2da50309fd4de9b811da0433?s=96&d=mm&r=g\",\"caption\":\"noticias@prensapaisa.com\"},\"sameAs\":[\"http:\\\/\\\/prensapaisa.com\"],\"url\":\"https:\\\/\\\/prensapaisa.com\\\/index.php\\\/author\\\/prensapaisagmail-com\\\/\"}]}<\/script>\n<!-- \/ Yoast SEO plugin. -->","yoast_head_json":{"title":"Desbordamientos tienen en mal estado una v\u00eda en el Norte del Valle de Aburr\u00e1 - PRENSA PAISA","robots":{"index":"index","follow":"follow","max-snippet":"max-snippet:-1","max-image-preview":"max-image-preview:large","max-video-preview":"max-video-preview:-1"},"canonical":"https:\/\/prensapaisa.com\/index.php\/2022\/03\/31\/desbordamientos-tienen-en-mal-estado-una-via-en-el-norte-del-valle-de-aburra\/","og_locale":"es_ES","og_type":"article","og_title":"Desbordamientos tienen en mal estado una v\u00eda en el Norte del Valle de Aburr\u00e1 - PRENSA PAISA","og_description":"Comunidad pide mantenimiento a la v\u00eda alterna que conduce desde Bello hasta San F\u00e9lix, por gran deterioro debido al invierno. Adem\u00e1s, aseguraron que desde hace meses para esta ruta no&hellip;","og_url":"https:\/\/prensapaisa.com\/index.php\/2022\/03\/31\/desbordamientos-tienen-en-mal-estado-una-via-en-el-norte-del-valle-de-aburra\/","og_site_name":"PRENSA PAISA","article_published_time":"2022-03-31T14:11:49+00:00","article_modified_time":"2022-03-31T14:11:50+00:00","og_image":[{"width":1072,"height":481,"url":"https:\/\/prensapaisa.com\/wp-content\/uploads\/2022\/03\/1-147.jpg","type":"image\/jpeg"}],"author":"noticias@prensapaisa.com","twitter_card":"summary_large_image","twitter_misc":{"Escrito por":"noticias@prensapaisa.com"},"schema":{"@context":"https:\/\/schema.org","@graph":[{"@type":"Article","@id":"https:\/\/prensapaisa.com\/index.php\/2022\/03\/31\/desbordamientos-tienen-en-mal-estado-una-via-en-el-norte-del-valle-de-aburra\/#article","isPartOf":{"@id":"https:\/\/prensapaisa.com\/index.php\/2022\/03\/31\/desbordamientos-tienen-en-mal-estado-una-via-en-el-norte-del-valle-de-aburra\/"},"author":{"name":"noticias@prensapaisa.com","@id":"https:\/\/prensapaisa.com\/#\/schema\/person\/c5899b8b285dbcd70faec88a7c1579f6"},"headline":"Desbordamientos tienen en mal estado una v\u00eda en el Norte del Valle de Aburr\u00e1","datePublished":"2022-03-31T14:11:49+00:00","dateModified":"2022-03-31T14:11:50+00:00","mainEntityOfPage":{"@id":"https:\/\/prensapaisa.com\/index.php\/2022\/03\/31\/desbordamientos-tienen-en-mal-estado-una-via-en-el-norte-del-valle-de-aburra\/"},"wordCount":68,"commentCount":0,"publisher":{"@id":"https:\/\/prensapaisa.com\/#organization"},"image":{"@id":"https:\/\/prensapaisa.com\/index.php\/2022\/03\/31\/desbordamientos-tienen-en-mal-estado-una-via-en-el-norte-del-valle-de-aburra\/#primaryimage"},"thumbnailUrl":"https:\/\/prensapaisa.com\/wp-content\/uploads\/2022\/03\/1-147.jpg","articleSection":["Noticias"],"inLanguage":"es-CO","potentialAction":[{"@type":"CommentAction","name":"Comment","target":["https:\/\/prensapaisa.com\/index.php\/2022\/03\/31\/desbordamientos-tienen-en-mal-estado-una-via-en-el-norte-del-valle-de-aburra\/#respond"]}]},{"@type":"WebPage","@id":"https:\/\/prensapaisa.com\/index.php\/2022\/03\/31\/desbordamientos-tienen-en-mal-estado-una-via-en-el-norte-del-valle-de-aburra\/","url":"https:\/\/prensapaisa.com\/index.php\/2022\/03\/31\/desbordamientos-tienen-en-mal-estado-una-via-en-el-norte-del-valle-de-aburra\/","name":"Desbordamientos tienen en mal estado una v\u00eda en el Norte del Valle de Aburr\u00e1 - PRENSA PAISA","isPartOf":{"@id":"https:\/\/prensapaisa.com\/#website"},"primaryImageOfPage":{"@id":"https:\/\/prensapaisa.com\/index.php\/2022\/03\/31\/desbordamientos-tienen-en-mal-estado-una-via-en-el-norte-del-valle-de-aburra\/#primaryimage"},"image":{"@id":"https:\/\/prensapaisa.com\/index.php\/2022\/03\/31\/desbordamientos-tienen-en-mal-estado-una-via-en-el-norte-del-valle-de-aburra\/#primaryimage"},"thumbnailUrl":"https:\/\/prensapaisa.com\/wp-content\/uploads\/2022\/03\/1-147.jpg","datePublished":"2022-03-31T14:11:49+00:00","dateModified":"2022-03-31T14:11:50+00:00","breadcrumb":{"@id":"https:\/\/prensapaisa.com\/index.php\/2022\/03\/31\/desbordamientos-tienen-en-mal-estado-una-via-en-el-norte-del-valle-de-aburra\/#breadcrumb"},"inLanguage":"es-CO","potentialAction":[{"@type":"ReadAction","target":["https:\/\/prensapaisa.com\/index.php\/2022\/03\/31\/desbordamientos-tienen-en-mal-estado-una-via-en-el-norte-del-valle-de-aburra\/"]}]},{"@type":"ImageObject","inLanguage":"es-CO","@id":"https:\/\/prensapaisa.com\/index.php\/2022\/03\/31\/desbordamientos-tienen-en-mal-estado-una-via-en-el-norte-del-valle-de-aburra\/#primaryimage","url":"https:\/\/prensapaisa.com\/wp-content\/uploads\/2022\/03\/1-147.jpg","contentUrl":"https:\/\/prensapaisa.com\/wp-content\/uploads\/2022\/03\/1-147.jpg","width":1072,"height":481},{"@type":"BreadcrumbList","@id":"https:\/\/prensapaisa.com\/index.php\/2022\/03\/31\/desbordamientos-tienen-en-mal-estado-una-via-en-el-norte-del-valle-de-aburra\/#breadcrumb","itemListElement":[{"@type":"ListItem","position":1,"name":"Inicio","item":"https:\/\/prensapaisa.com\/"},{"@type":"ListItem","position":2,"name":"Desbordamientos tienen en mal estado una v\u00eda en el Norte del Valle de Aburr\u00e1"}]},{"@type":"WebSite","@id":"https:\/\/prensapaisa.com\/#website","url":"https:\/\/prensapaisa.com\/","name":"PRENSA PAISA","description":"Prensa Paisa la Original | Noticias de Medell\u00edn, Antioquia","publisher":{"@id":"https:\/\/prensapaisa.com\/#organization"},"potentialAction":[{"@type":"SearchAction","target":{"@type":"EntryPoint","urlTemplate":"https:\/\/prensapaisa.com\/?s={search_term_string}"},"query-input":{"@type":"PropertyValueSpecification","valueRequired":true,"valueName":"search_term_string"}}],"inLanguage":"es-CO"},{"@type":"Organization","@id":"https:\/\/prensapaisa.com\/#organization","name":"PRENSA PAISA","url":"https:\/\/prensapaisa.com\/","logo":{"@type":"ImageObject","inLanguage":"es-CO","@id":"https:\/\/prensapaisa.com\/#\/schema\/logo\/image\/","url":"https:\/\/prensapaisa.com\/wp-content\/uploads\/2022\/05\/cropped-cropped-prensa.png","contentUrl":"https:\/\/prensapaisa.com\/wp-content\/uploads\/2022\/05\/cropped-cropped-prensa.png","width":784,"height":524,"caption":"PRENSA PAISA"},"image":{"@id":"https:\/\/prensapaisa.com\/#\/schema\/logo\/image\/"}},{"@type":"Person","@id":"https:\/\/prensapaisa.com\/#\/schema\/person\/c5899b8b285dbcd70faec88a7c1579f6","name":"noticias@prensapaisa.com","image":{"@type":"ImageObject","inLanguage":"es-CO","@id":"https:\/\/secure.gravatar.com\/avatar\/ca2b49c1df14b84557c567431f045ea69c8ea5da2da50309fd4de9b811da0433?s=96&d=mm&r=g","url":"https:\/\/secure.gravatar.com\/avatar\/ca2b49c1df14b84557c567431f045ea69c8ea5da2da50309fd4de9b811da0433?s=96&d=mm&r=g","contentUrl":"https:\/\/secure.gravatar.com\/avatar\/ca2b49c1df14b84557c567431f045ea69c8ea5da2da50309fd4de9b811da0433?s=96&d=mm&r=g","caption":"noticias@prensapaisa.com"},"sameAs":["http:\/\/prensapaisa.com"],"url":"https:\/\/prensapaisa.com\/index.php\/author\/prensapaisagmail-com\/"}]}},"_links":{"self":[{"href":"https:\/\/prensapaisa.com\/index.php\/wp-json\/wp\/v2\/posts\/3061","targetHints":{"allow":["GET"]}}],"collection":[{"href":"https:\/\/prensapaisa.com\/index.php\/wp-json\/wp\/v2\/posts"}],"about":[{"href":"https:\/\/prensapaisa.com\/index.php\/wp-json\/wp\/v2\/types\/post"}],"author":[{"embeddable":true,"href":"https:\/\/prensapaisa.com\/index.php\/wp-json\/wp\/v2\/users\/1"}],"replies":[{"embeddable":true,"href":"https:\/\/prensapaisa.com\/index.php\/wp-json\/wp\/v2\/comments?post=3061"}],"version-history":[{"count":1,"href":"https:\/\/prensapaisa.com\/index.php\/wp-json\/wp\/v2\/posts\/3061\/revisions"}],"predecessor-version":[{"id":3064,"href":"https:\/\/prensapaisa.com\/index.php\/wp-json\/wp\/v2\/posts\/3061\/revisions\/3064"}],"wp:featuredmedia":[{"embeddable":true,"href":"https:\/\/prensapaisa.com\/index.php\/wp-json\/wp\/v2\/media\/3063"}],"wp:attachment":[{"href":"https:\/\/prensapaisa.com\/index.php\/wp-json\/wp\/v2\/media?parent=3061"}],"wp:term":[{"taxonomy":"category","embeddable":true,"href":"https:\/\/prensapaisa.com\/index.php\/wp-json\/wp\/v2\/categories?post=3061"},{"taxonomy":"post_tag","embeddable":true,"href":"https:\/\/prensapaisa.com\/index.php\/wp-json\/wp\/v2\/tags?post=3061"}],"curies":[{"name":"wp","href":"https:\/\/api.w.org\/{rel}","templated":true}]}}