{"id":2936,"date":"2022-03-29T17:19:22","date_gmt":"2022-03-29T22:19:22","guid":{"rendered":"https:\/\/prensapaisa.com\/?p=2936"},"modified":"2022-06-09T09:42:59","modified_gmt":"2022-06-09T14:42:59","slug":"marcha-pacifica-para-que-no-extraditen-a-antonio-usuga","status":"publish","type":"post","link":"https:\/\/prensapaisa.com\/index.php\/2022\/03\/29\/marcha-pacifica-para-que-no-extraditen-a-antonio-usuga\/","title":{"rendered":"Marcha pac\u00edfica para que no extraditen a Antonio \u00dasuga"},"content":{"rendered":"\n<figure class=\"wp-block-video\"><video height=\"240\" style=\"aspect-ratio: 426 \/ 240;\" width=\"426\" controls src=\"https:\/\/prensapaisa.com\/wp-content\/uploads\/2022\/03\/277390706_108294405049644_5045771797296081787_n.mp4\"><\/video><\/figure>\n\n\n\n<p class=\"has-drop-cap\">&#8220;Las mujeres participantes solicitaron al Gobierno Nacional que alias &#8220;Otoniel&#8221; no sea extraditado para que se garantice la verdad, justicia y reparaci\u00f3n a los familiares de las v\u00edctimas del grupo armado.En la tarde de este s\u00e1bado 23 de octubre del 2021, las autoridades confirmaron la captura de alias Otoniel, el hombre considerado el jefe m\u00e1ximo de la organizaci\u00f3n criminal &#8216;clan del Golfo&#8217;, dedicada al tr\u00e1fico de coca\u00edna.La operaci\u00f3n contra \u2018Otoniel\u2019, el narco m\u00e1s buscado del pa\u00eds, se dio luego de un consejo de seguridad que presidi\u00f3 este viernes Diego Molano, ministro de Defensa, quien viaj\u00f3 a la zona para finiquitar los detalles del trabajo conjunto que, finalmente, se desarroll\u00f3 en la ma\u00f1ana de este s\u00e1bado.Dairo Antonio \u00dasuga, alias Otoniel, quien fue capturado despu\u00e9s de una persecuci\u00f3n de m\u00e1s de una d\u00e9cada, era el \u00faltimo gran heredero de los viejos grupos &#8216;paras&#8217; desmovilizados durante el gobierno de \u00c1lvaro Uribe.La vida de este narco se mov\u00eda entre los lujos y excesos de los grandes capos y la persecuci\u00f3n intensa que lo obligaba a no dormir m\u00e1s de unas pocas noches en el mismo sitio, usualmente en la mitad de la selva&#8221;.<a href=\"https:\/\/www.facebook.com\/hashtag\/vidinfo?__eep__=6&amp;__cft__[0]=AZVJudk9YHyRz4mX1una8MsP_9BSw9R6zHG8Bc-3rM7HRueyBJk9wnvzeFMRdjNU2DHrSzIirep395Hmsck4uYmUyIIe0E8nPh1m4VZ-YfIPeYfjU6mu7YJUldHUn1Blw_Q7aIyJ7mwxTA9HpXD_fC-Cj-xpFFK3kAN2VzcLwXrDiQ&amp;__tn__=*NK-R\">#Vidinfo<\/a> \u00c9der Narv\u00e1ez<\/p>\n","protected":false},"excerpt":{"rendered":"<p>&#8220;Las mujeres participantes solicitaron al Gobierno Nacional que alias &#8220;Otoniel&#8221; no sea extraditado para que se garantice la verdad, justicia y reparaci\u00f3n a los familiares de las v\u00edctimas del grupo&hellip;<\/p>\n","protected":false},"author":1,"featured_media":2938,"comment_status":"open","ping_status":"open","sticky":false,"template":"","format":"standard","meta":{"footnotes":""},"categories":[47],"tags":[],"class_list":["post-2936","post","type-post","status-publish","format-standard","has-post-thumbnail","hentry","category-orden-publico"],"yoast_head":"<!-- This site is optimized with the Yoast SEO plugin v27.4 - https:\/\/yoast.com\/product\/yoast-seo-wordpress\/ -->\n<title>Marcha pac\u00edfica para que no extraditen a Antonio \u00dasuga - PRENSA PAISA<\/title>\n<meta name=\"robots\" content=\"index, follow, max-snippet:-1, max-image-preview:large, max-video-preview:-1\" \/>\n<link rel=\"canonical\" href=\"https:\/\/prensapaisa.com\/index.php\/2022\/03\/29\/marcha-pacifica-para-que-no-extraditen-a-antonio-usuga\/\" \/>\n<meta property=\"og:locale\" content=\"es_ES\" \/>\n<meta property=\"og:type\" content=\"article\" \/>\n<meta property=\"og:title\" content=\"Marcha pac\u00edfica para que no extraditen a Antonio \u00dasuga - PRENSA PAISA\" \/>\n<meta property=\"og:description\" content=\"&#8220;Las mujeres participantes solicitaron al Gobierno Nacional que alias &#8220;Otoniel&#8221; no sea extraditado para que se garantice la verdad, justicia y reparaci\u00f3n a los familiares de las v\u00edctimas del grupo&hellip;\" \/>\n<meta property=\"og:url\" content=\"https:\/\/prensapaisa.com\/index.php\/2022\/03\/29\/marcha-pacifica-para-que-no-extraditen-a-antonio-usuga\/\" \/>\n<meta property=\"og:site_name\" content=\"PRENSA PAISA\" \/>\n<meta property=\"article:published_time\" content=\"2022-03-29T22:19:22+00:00\" \/>\n<meta property=\"article:modified_time\" content=\"2022-06-09T14:42:59+00:00\" \/>\n<meta property=\"og:image\" content=\"https:\/\/prensapaisa.com\/wp-content\/uploads\/2022\/03\/1-137.jpg\" \/>\n\t<meta property=\"og:image:width\" content=\"1545\" \/>\n\t<meta property=\"og:image:height\" content=\"692\" \/>\n\t<meta property=\"og:image:type\" content=\"image\/jpeg\" \/>\n<meta name=\"author\" content=\"noticias@prensapaisa.com\" \/>\n<meta name=\"twitter:card\" content=\"summary_large_image\" \/>\n<meta name=\"twitter:label1\" content=\"Escrito por\" \/>\n\t<meta name=\"twitter:data1\" content=\"noticias@prensapaisa.com\" \/>\n\t<meta name=\"twitter:label2\" content=\"Tiempo de lectura\" \/>\n\t<meta name=\"twitter:data2\" content=\"1 minuto\" \/>\n<script type=\"application\/ld+json\" class=\"yoast-schema-graph\">{\"@context\":\"https:\\\/\\\/schema.org\",\"@graph\":[{\"@type\":\"Article\",\"@id\":\"https:\\\/\\\/prensapaisa.com\\\/index.php\\\/2022\\\/03\\\/29\\\/marcha-pacifica-para-que-no-extraditen-a-antonio-usuga\\\/#article\",\"isPartOf\":{\"@id\":\"https:\\\/\\\/prensapaisa.com\\\/index.php\\\/2022\\\/03\\\/29\\\/marcha-pacifica-para-que-no-extraditen-a-antonio-usuga\\\/\"},\"author\":{\"name\":\"noticias@prensapaisa.com\",\"@id\":\"https:\\\/\\\/prensapaisa.com\\\/#\\\/schema\\\/person\\\/c5899b8b285dbcd70faec88a7c1579f6\"},\"headline\":\"Marcha pac\u00edfica para que no extraditen a Antonio \u00dasuga\",\"datePublished\":\"2022-03-29T22:19:22+00:00\",\"dateModified\":\"2022-06-09T14:42:59+00:00\",\"mainEntityOfPage\":{\"@id\":\"https:\\\/\\\/prensapaisa.com\\\/index.php\\\/2022\\\/03\\\/29\\\/marcha-pacifica-para-que-no-extraditen-a-antonio-usuga\\\/\"},\"wordCount\":224,\"commentCount\":0,\"publisher\":{\"@id\":\"https:\\\/\\\/prensapaisa.com\\\/#organization\"},\"image\":{\"@id\":\"https:\\\/\\\/prensapaisa.com\\\/index.php\\\/2022\\\/03\\\/29\\\/marcha-pacifica-para-que-no-extraditen-a-antonio-usuga\\\/#primaryimage\"},\"thumbnailUrl\":\"https:\\\/\\\/prensapaisa.com\\\/wp-content\\\/uploads\\\/2022\\\/03\\\/1-137.jpg\",\"articleSection\":[\"Orden Publico\"],\"inLanguage\":\"es-CO\",\"potentialAction\":[{\"@type\":\"CommentAction\",\"name\":\"Comment\",\"target\":[\"https:\\\/\\\/prensapaisa.com\\\/index.php\\\/2022\\\/03\\\/29\\\/marcha-pacifica-para-que-no-extraditen-a-antonio-usuga\\\/#respond\"]}]},{\"@type\":\"WebPage\",\"@id\":\"https:\\\/\\\/prensapaisa.com\\\/index.php\\\/2022\\\/03\\\/29\\\/marcha-pacifica-para-que-no-extraditen-a-antonio-usuga\\\/\",\"url\":\"https:\\\/\\\/prensapaisa.com\\\/index.php\\\/2022\\\/03\\\/29\\\/marcha-pacifica-para-que-no-extraditen-a-antonio-usuga\\\/\",\"name\":\"Marcha pac\u00edfica para que no extraditen a Antonio \u00dasuga - PRENSA PAISA\",\"isPartOf\":{\"@id\":\"https:\\\/\\\/prensapaisa.com\\\/#website\"},\"primaryImageOfPage\":{\"@id\":\"https:\\\/\\\/prensapaisa.com\\\/index.php\\\/2022\\\/03\\\/29\\\/marcha-pacifica-para-que-no-extraditen-a-antonio-usuga\\\/#primaryimage\"},\"image\":{\"@id\":\"https:\\\/\\\/prensapaisa.com\\\/index.php\\\/2022\\\/03\\\/29\\\/marcha-pacifica-para-que-no-extraditen-a-antonio-usuga\\\/#primaryimage\"},\"thumbnailUrl\":\"https:\\\/\\\/prensapaisa.com\\\/wp-content\\\/uploads\\\/2022\\\/03\\\/1-137.jpg\",\"datePublished\":\"2022-03-29T22:19:22+00:00\",\"dateModified\":\"2022-06-09T14:42:59+00:00\",\"breadcrumb\":{\"@id\":\"https:\\\/\\\/prensapaisa.com\\\/index.php\\\/2022\\\/03\\\/29\\\/marcha-pacifica-para-que-no-extraditen-a-antonio-usuga\\\/#breadcrumb\"},\"inLanguage\":\"es-CO\",\"potentialAction\":[{\"@type\":\"ReadAction\",\"target\":[\"https:\\\/\\\/prensapaisa.com\\\/index.php\\\/2022\\\/03\\\/29\\\/marcha-pacifica-para-que-no-extraditen-a-antonio-usuga\\\/\"]}]},{\"@type\":\"ImageObject\",\"inLanguage\":\"es-CO\",\"@id\":\"https:\\\/\\\/prensapaisa.com\\\/index.php\\\/2022\\\/03\\\/29\\\/marcha-pacifica-para-que-no-extraditen-a-antonio-usuga\\\/#primaryimage\",\"url\":\"https:\\\/\\\/prensapaisa.com\\\/wp-content\\\/uploads\\\/2022\\\/03\\\/1-137.jpg\",\"contentUrl\":\"https:\\\/\\\/prensapaisa.com\\\/wp-content\\\/uploads\\\/2022\\\/03\\\/1-137.jpg\",\"width\":1545,\"height\":692},{\"@type\":\"BreadcrumbList\",\"@id\":\"https:\\\/\\\/prensapaisa.com\\\/index.php\\\/2022\\\/03\\\/29\\\/marcha-pacifica-para-que-no-extraditen-a-antonio-usuga\\\/#breadcrumb\",\"itemListElement\":[{\"@type\":\"ListItem\",\"position\":1,\"name\":\"Inicio\",\"item\":\"https:\\\/\\\/prensapaisa.com\\\/\"},{\"@type\":\"ListItem\",\"position\":2,\"name\":\"Marcha pac\u00edfica para que no extraditen a Antonio \u00dasuga\"}]},{\"@type\":\"WebSite\",\"@id\":\"https:\\\/\\\/prensapaisa.com\\\/#website\",\"url\":\"https:\\\/\\\/prensapaisa.com\\\/\",\"name\":\"PRENSA PAISA\",\"description\":\"Prensa Paisa la Original | Noticias de Medell\u00edn, Antioquia\",\"publisher\":{\"@id\":\"https:\\\/\\\/prensapaisa.com\\\/#organization\"},\"potentialAction\":[{\"@type\":\"SearchAction\",\"target\":{\"@type\":\"EntryPoint\",\"urlTemplate\":\"https:\\\/\\\/prensapaisa.com\\\/?s={search_term_string}\"},\"query-input\":{\"@type\":\"PropertyValueSpecification\",\"valueRequired\":true,\"valueName\":\"search_term_string\"}}],\"inLanguage\":\"es-CO\"},{\"@type\":\"Organization\",\"@id\":\"https:\\\/\\\/prensapaisa.com\\\/#organization\",\"name\":\"PRENSA PAISA\",\"url\":\"https:\\\/\\\/prensapaisa.com\\\/\",\"logo\":{\"@type\":\"ImageObject\",\"inLanguage\":\"es-CO\",\"@id\":\"https:\\\/\\\/prensapaisa.com\\\/#\\\/schema\\\/logo\\\/image\\\/\",\"url\":\"https:\\\/\\\/prensapaisa.com\\\/wp-content\\\/uploads\\\/2022\\\/05\\\/cropped-cropped-prensa.png\",\"contentUrl\":\"https:\\\/\\\/prensapaisa.com\\\/wp-content\\\/uploads\\\/2022\\\/05\\\/cropped-cropped-prensa.png\",\"width\":784,\"height\":524,\"caption\":\"PRENSA PAISA\"},\"image\":{\"@id\":\"https:\\\/\\\/prensapaisa.com\\\/#\\\/schema\\\/logo\\\/image\\\/\"}},{\"@type\":\"Person\",\"@id\":\"https:\\\/\\\/prensapaisa.com\\\/#\\\/schema\\\/person\\\/c5899b8b285dbcd70faec88a7c1579f6\",\"name\":\"noticias@prensapaisa.com\",\"image\":{\"@type\":\"ImageObject\",\"inLanguage\":\"es-CO\",\"@id\":\"https:\\\/\\\/secure.gravatar.com\\\/avatar\\\/ca2b49c1df14b84557c567431f045ea69c8ea5da2da50309fd4de9b811da0433?s=96&d=mm&r=g\",\"url\":\"https:\\\/\\\/secure.gravatar.com\\\/avatar\\\/ca2b49c1df14b84557c567431f045ea69c8ea5da2da50309fd4de9b811da0433?s=96&d=mm&r=g\",\"contentUrl\":\"https:\\\/\\\/secure.gravatar.com\\\/avatar\\\/ca2b49c1df14b84557c567431f045ea69c8ea5da2da50309fd4de9b811da0433?s=96&d=mm&r=g\",\"caption\":\"noticias@prensapaisa.com\"},\"sameAs\":[\"http:\\\/\\\/prensapaisa.com\"],\"url\":\"https:\\\/\\\/prensapaisa.com\\\/index.php\\\/author\\\/prensapaisagmail-com\\\/\"}]}<\/script>\n<!-- \/ Yoast SEO plugin. -->","yoast_head_json":{"title":"Marcha pac\u00edfica para que no extraditen a Antonio \u00dasuga - PRENSA PAISA","robots":{"index":"index","follow":"follow","max-snippet":"max-snippet:-1","max-image-preview":"max-image-preview:large","max-video-preview":"max-video-preview:-1"},"canonical":"https:\/\/prensapaisa.com\/index.php\/2022\/03\/29\/marcha-pacifica-para-que-no-extraditen-a-antonio-usuga\/","og_locale":"es_ES","og_type":"article","og_title":"Marcha pac\u00edfica para que no extraditen a Antonio \u00dasuga - PRENSA PAISA","og_description":"&#8220;Las mujeres participantes solicitaron al Gobierno Nacional que alias &#8220;Otoniel&#8221; no sea extraditado para que se garantice la verdad, justicia y reparaci\u00f3n a los familiares de las v\u00edctimas del grupo&hellip;","og_url":"https:\/\/prensapaisa.com\/index.php\/2022\/03\/29\/marcha-pacifica-para-que-no-extraditen-a-antonio-usuga\/","og_site_name":"PRENSA PAISA","article_published_time":"2022-03-29T22:19:22+00:00","article_modified_time":"2022-06-09T14:42:59+00:00","og_image":[{"width":1545,"height":692,"url":"https:\/\/prensapaisa.com\/wp-content\/uploads\/2022\/03\/1-137.jpg","type":"image\/jpeg"}],"author":"noticias@prensapaisa.com","twitter_card":"summary_large_image","twitter_misc":{"Escrito por":"noticias@prensapaisa.com","Tiempo de lectura":"1 minuto"},"schema":{"@context":"https:\/\/schema.org","@graph":[{"@type":"Article","@id":"https:\/\/prensapaisa.com\/index.php\/2022\/03\/29\/marcha-pacifica-para-que-no-extraditen-a-antonio-usuga\/#article","isPartOf":{"@id":"https:\/\/prensapaisa.com\/index.php\/2022\/03\/29\/marcha-pacifica-para-que-no-extraditen-a-antonio-usuga\/"},"author":{"name":"noticias@prensapaisa.com","@id":"https:\/\/prensapaisa.com\/#\/schema\/person\/c5899b8b285dbcd70faec88a7c1579f6"},"headline":"Marcha pac\u00edfica para que no extraditen a Antonio \u00dasuga","datePublished":"2022-03-29T22:19:22+00:00","dateModified":"2022-06-09T14:42:59+00:00","mainEntityOfPage":{"@id":"https:\/\/prensapaisa.com\/index.php\/2022\/03\/29\/marcha-pacifica-para-que-no-extraditen-a-antonio-usuga\/"},"wordCount":224,"commentCount":0,"publisher":{"@id":"https:\/\/prensapaisa.com\/#organization"},"image":{"@id":"https:\/\/prensapaisa.com\/index.php\/2022\/03\/29\/marcha-pacifica-para-que-no-extraditen-a-antonio-usuga\/#primaryimage"},"thumbnailUrl":"https:\/\/prensapaisa.com\/wp-content\/uploads\/2022\/03\/1-137.jpg","articleSection":["Orden Publico"],"inLanguage":"es-CO","potentialAction":[{"@type":"CommentAction","name":"Comment","target":["https:\/\/prensapaisa.com\/index.php\/2022\/03\/29\/marcha-pacifica-para-que-no-extraditen-a-antonio-usuga\/#respond"]}]},{"@type":"WebPage","@id":"https:\/\/prensapaisa.com\/index.php\/2022\/03\/29\/marcha-pacifica-para-que-no-extraditen-a-antonio-usuga\/","url":"https:\/\/prensapaisa.com\/index.php\/2022\/03\/29\/marcha-pacifica-para-que-no-extraditen-a-antonio-usuga\/","name":"Marcha pac\u00edfica para que no extraditen a Antonio \u00dasuga - PRENSA PAISA","isPartOf":{"@id":"https:\/\/prensapaisa.com\/#website"},"primaryImageOfPage":{"@id":"https:\/\/prensapaisa.com\/index.php\/2022\/03\/29\/marcha-pacifica-para-que-no-extraditen-a-antonio-usuga\/#primaryimage"},"image":{"@id":"https:\/\/prensapaisa.com\/index.php\/2022\/03\/29\/marcha-pacifica-para-que-no-extraditen-a-antonio-usuga\/#primaryimage"},"thumbnailUrl":"https:\/\/prensapaisa.com\/wp-content\/uploads\/2022\/03\/1-137.jpg","datePublished":"2022-03-29T22:19:22+00:00","dateModified":"2022-06-09T14:42:59+00:00","breadcrumb":{"@id":"https:\/\/prensapaisa.com\/index.php\/2022\/03\/29\/marcha-pacifica-para-que-no-extraditen-a-antonio-usuga\/#breadcrumb"},"inLanguage":"es-CO","potentialAction":[{"@type":"ReadAction","target":["https:\/\/prensapaisa.com\/index.php\/2022\/03\/29\/marcha-pacifica-para-que-no-extraditen-a-antonio-usuga\/"]}]},{"@type":"ImageObject","inLanguage":"es-CO","@id":"https:\/\/prensapaisa.com\/index.php\/2022\/03\/29\/marcha-pacifica-para-que-no-extraditen-a-antonio-usuga\/#primaryimage","url":"https:\/\/prensapaisa.com\/wp-content\/uploads\/2022\/03\/1-137.jpg","contentUrl":"https:\/\/prensapaisa.com\/wp-content\/uploads\/2022\/03\/1-137.jpg","width":1545,"height":692},{"@type":"BreadcrumbList","@id":"https:\/\/prensapaisa.com\/index.php\/2022\/03\/29\/marcha-pacifica-para-que-no-extraditen-a-antonio-usuga\/#breadcrumb","itemListElement":[{"@type":"ListItem","position":1,"name":"Inicio","item":"https:\/\/prensapaisa.com\/"},{"@type":"ListItem","position":2,"name":"Marcha pac\u00edfica para que no extraditen a Antonio \u00dasuga"}]},{"@type":"WebSite","@id":"https:\/\/prensapaisa.com\/#website","url":"https:\/\/prensapaisa.com\/","name":"PRENSA PAISA","description":"Prensa Paisa la Original | Noticias de Medell\u00edn, Antioquia","publisher":{"@id":"https:\/\/prensapaisa.com\/#organization"},"potentialAction":[{"@type":"SearchAction","target":{"@type":"EntryPoint","urlTemplate":"https:\/\/prensapaisa.com\/?s={search_term_string}"},"query-input":{"@type":"PropertyValueSpecification","valueRequired":true,"valueName":"search_term_string"}}],"inLanguage":"es-CO"},{"@type":"Organization","@id":"https:\/\/prensapaisa.com\/#organization","name":"PRENSA PAISA","url":"https:\/\/prensapaisa.com\/","logo":{"@type":"ImageObject","inLanguage":"es-CO","@id":"https:\/\/prensapaisa.com\/#\/schema\/logo\/image\/","url":"https:\/\/prensapaisa.com\/wp-content\/uploads\/2022\/05\/cropped-cropped-prensa.png","contentUrl":"https:\/\/prensapaisa.com\/wp-content\/uploads\/2022\/05\/cropped-cropped-prensa.png","width":784,"height":524,"caption":"PRENSA PAISA"},"image":{"@id":"https:\/\/prensapaisa.com\/#\/schema\/logo\/image\/"}},{"@type":"Person","@id":"https:\/\/prensapaisa.com\/#\/schema\/person\/c5899b8b285dbcd70faec88a7c1579f6","name":"noticias@prensapaisa.com","image":{"@type":"ImageObject","inLanguage":"es-CO","@id":"https:\/\/secure.gravatar.com\/avatar\/ca2b49c1df14b84557c567431f045ea69c8ea5da2da50309fd4de9b811da0433?s=96&d=mm&r=g","url":"https:\/\/secure.gravatar.com\/avatar\/ca2b49c1df14b84557c567431f045ea69c8ea5da2da50309fd4de9b811da0433?s=96&d=mm&r=g","contentUrl":"https:\/\/secure.gravatar.com\/avatar\/ca2b49c1df14b84557c567431f045ea69c8ea5da2da50309fd4de9b811da0433?s=96&d=mm&r=g","caption":"noticias@prensapaisa.com"},"sameAs":["http:\/\/prensapaisa.com"],"url":"https:\/\/prensapaisa.com\/index.php\/author\/prensapaisagmail-com\/"}]}},"_links":{"self":[{"href":"https:\/\/prensapaisa.com\/index.php\/wp-json\/wp\/v2\/posts\/2936","targetHints":{"allow":["GET"]}}],"collection":[{"href":"https:\/\/prensapaisa.com\/index.php\/wp-json\/wp\/v2\/posts"}],"about":[{"href":"https:\/\/prensapaisa.com\/index.php\/wp-json\/wp\/v2\/types\/post"}],"author":[{"embeddable":true,"href":"https:\/\/prensapaisa.com\/index.php\/wp-json\/wp\/v2\/users\/1"}],"replies":[{"embeddable":true,"href":"https:\/\/prensapaisa.com\/index.php\/wp-json\/wp\/v2\/comments?post=2936"}],"version-history":[{"count":1,"href":"https:\/\/prensapaisa.com\/index.php\/wp-json\/wp\/v2\/posts\/2936\/revisions"}],"predecessor-version":[{"id":2939,"href":"https:\/\/prensapaisa.com\/index.php\/wp-json\/wp\/v2\/posts\/2936\/revisions\/2939"}],"wp:featuredmedia":[{"embeddable":true,"href":"https:\/\/prensapaisa.com\/index.php\/wp-json\/wp\/v2\/media\/2938"}],"wp:attachment":[{"href":"https:\/\/prensapaisa.com\/index.php\/wp-json\/wp\/v2\/media?parent=2936"}],"wp:term":[{"taxonomy":"category","embeddable":true,"href":"https:\/\/prensapaisa.com\/index.php\/wp-json\/wp\/v2\/categories?post=2936"},{"taxonomy":"post_tag","embeddable":true,"href":"https:\/\/prensapaisa.com\/index.php\/wp-json\/wp\/v2\/tags?post=2936"}],"curies":[{"name":"wp","href":"https:\/\/api.w.org\/{rel}","templated":true}]}}