{"id":2538,"date":"2022-03-23T19:56:52","date_gmt":"2022-03-24T00:56:52","guid":{"rendered":"https:\/\/prensapaisa.com\/?p=2538"},"modified":"2022-06-09T09:58:26","modified_gmt":"2022-06-09T14:58:26","slug":"triple-homicidio-en-medellin-dos-de-las-victimas-son-de-venezuela","status":"publish","type":"post","link":"https:\/\/prensapaisa.com\/index.php\/2022\/03\/23\/triple-homicidio-en-medellin-dos-de-las-victimas-son-de-venezuela\/","title":{"rendered":"Triple homicidio en Medell\u00edn, dos de las v\u00edctimas son de Venezuela"},"content":{"rendered":"\n<figure class=\"wp-block-gallery has-nested-images columns-default is-cropped wp-block-gallery-1 is-layout-flex wp-block-gallery-is-layout-flex\">\n<figure class=\"wp-block-image size-large\"><img fetchpriority=\"high\" decoding=\"async\" width=\"720\" height=\"960\" data-id=\"2540\" src=\"https:\/\/prensapaisa.com\/wp-content\/uploads\/2022\/03\/2-52.jpg\" alt=\"\" class=\"wp-image-2540\" srcset=\"https:\/\/prensapaisa.com\/wp-content\/uploads\/2022\/03\/2-52.jpg 720w, https:\/\/prensapaisa.com\/wp-content\/uploads\/2022\/03\/2-52-225x300.jpg 225w, https:\/\/prensapaisa.com\/wp-content\/uploads\/2022\/03\/2-52-585x780.jpg 585w\" sizes=\"(max-width: 720px) 100vw, 720px\" \/><\/figure>\n\n\n\n<figure class=\"wp-block-image size-large\"><img decoding=\"async\" width=\"729\" height=\"729\" data-id=\"2539\" src=\"https:\/\/prensapaisa.com\/wp-content\/uploads\/2022\/03\/3-44.jpg\" alt=\"\" class=\"wp-image-2539\" srcset=\"https:\/\/prensapaisa.com\/wp-content\/uploads\/2022\/03\/3-44.jpg 729w, https:\/\/prensapaisa.com\/wp-content\/uploads\/2022\/03\/3-44-300x300.jpg 300w, https:\/\/prensapaisa.com\/wp-content\/uploads\/2022\/03\/3-44-150x150.jpg 150w, https:\/\/prensapaisa.com\/wp-content\/uploads\/2022\/03\/3-44-585x585.jpg 585w\" sizes=\"(max-width: 729px) 100vw, 729px\" \/><\/figure>\n\n\n\n<figure class=\"wp-block-image size-large\"><img decoding=\"async\" width=\"851\" height=\"1024\" data-id=\"2541\" src=\"https:\/\/prensapaisa.com\/wp-content\/uploads\/2022\/03\/4-35-851x1024.jpg\" alt=\"\" class=\"wp-image-2541\" srcset=\"https:\/\/prensapaisa.com\/wp-content\/uploads\/2022\/03\/4-35-851x1024.jpg 851w, https:\/\/prensapaisa.com\/wp-content\/uploads\/2022\/03\/4-35-249x300.jpg 249w, https:\/\/prensapaisa.com\/wp-content\/uploads\/2022\/03\/4-35-768x924.jpg 768w, https:\/\/prensapaisa.com\/wp-content\/uploads\/2022\/03\/4-35-585x704.jpg 585w, https:\/\/prensapaisa.com\/wp-content\/uploads\/2022\/03\/4-35.jpg 1080w\" sizes=\"(max-width: 851px) 100vw, 851px\" \/><\/figure>\n\n\n\n<figure class=\"wp-block-image size-large\"><img loading=\"lazy\" decoding=\"async\" width=\"700\" height=\"1024\" data-id=\"2542\" src=\"https:\/\/prensapaisa.com\/wp-content\/uploads\/2022\/03\/5-26-700x1024.jpg\" alt=\"\" class=\"wp-image-2542\" srcset=\"https:\/\/prensapaisa.com\/wp-content\/uploads\/2022\/03\/5-26-700x1024.jpg 700w, https:\/\/prensapaisa.com\/wp-content\/uploads\/2022\/03\/5-26-205x300.jpg 205w, https:\/\/prensapaisa.com\/wp-content\/uploads\/2022\/03\/5-26-768x1124.jpg 768w, https:\/\/prensapaisa.com\/wp-content\/uploads\/2022\/03\/5-26-1050x1536.jpg 1050w, https:\/\/prensapaisa.com\/wp-content\/uploads\/2022\/03\/5-26-585x856.jpg 585w, https:\/\/prensapaisa.com\/wp-content\/uploads\/2022\/03\/5-26.jpg 1080w\" sizes=\"(max-width: 700px) 100vw, 700px\" \/><\/figure>\n<\/figure>\n\n\n\n<p class=\"has-drop-cap\">&#8220;Dos de las v\u00edctimas son venezolanos, los cuerpos fueron arrojadas en un botadero de basura en la v\u00eda al marLas autoridades de Medell\u00edn ofrecieron una recompensa de hasta 120 millones de pesos por los responsables de la masacre de tres hombres, dos de ellos de nacionalidad venezolana en la v\u00eda que conduce al mar en el barrio Robledo, Noroccidente de la ciudad. Las v\u00edctimas del triple homicidio fueron arrojadas a un botadero de basuras en este punto de la capital antioque\u00f1a, informaron fuentes oficiales. Los tres sujetos que murieron en la acci\u00f3n criminal fueron identificados como: Edinson Noel Pineda Pereirs y Darwin Alejandro Ochoa Batista, de 20 y 21 a\u00f1os. Igualmente fue masacrado Victo Hugo Echeverri Moreno, de 48 a\u00f1os, este ultimo de nacionalidad colombiana. Sobre lo ocurrido, el comandante de la Polic\u00eda Metropolitana, general Javier Josu\u00e9 Mart\u00edn G\u00e1mez, explic\u00f3 que este hecho podr\u00eda tratarse a una retaliaci\u00f3n de combos criminales. Dijo el oficial que en la zona no hay c\u00e1maras de seguridad que ayuden a esclarecer el crimen m\u00faltiple. Seg\u00fan las autoridades, hace m\u00e1s de dos a\u00f1os Medell\u00edn no vive una muerte de tres personas. Las \u00faltimas muertes m\u00faltiples fueron registradas en los barrios Robledo y comuna 13&#8221;. <a href=\"https:\/\/www.facebook.com\/hashtag\/fotinfo?__eep__=6&amp;__cft__[0]=AZWQ4GyI99prJgvuB7RiHgETVunqOMHhuPB6qp4esm5huk1JYrvXSuL2ZuSLinYqCfhxLLcrGCw4QNw-IwQbCd3fQNFc6VyLy5p4OHdrteRlbqbr2MMsv1VMT9zp1Q9O3iZV34Z1IiJmZWq7MzJ-J9RA&amp;__tn__=*NK-R\">#Fotinfo<\/a>: Diego Escobar<\/p>\n","protected":false},"excerpt":{"rendered":"<p>&#8220;Dos de las v\u00edctimas son venezolanos, los cuerpos fueron arrojadas en un botadero de basura en la v\u00eda al marLas autoridades de Medell\u00edn ofrecieron una recompensa de hasta 120 millones&hellip;<\/p>\n","protected":false},"author":1,"featured_media":2543,"comment_status":"open","ping_status":"open","sticky":false,"template":"","format":"standard","meta":{"footnotes":""},"categories":[43,1],"tags":[],"class_list":["post-2538","post","type-post","status-publish","format-standard","has-post-thumbnail","hentry","category-fallecidos","category-noticias"],"yoast_head":"<!-- This site is optimized with the Yoast SEO plugin v27.5 - https:\/\/yoast.com\/product\/yoast-seo-wordpress\/ -->\n<title>Triple homicidio en Medell\u00edn, dos de las v\u00edctimas son de Venezuela - PRENSA PAISA<\/title>\n<meta name=\"robots\" content=\"index, follow, max-snippet:-1, max-image-preview:large, max-video-preview:-1\" \/>\n<link rel=\"canonical\" href=\"https:\/\/prensapaisa.com\/index.php\/2022\/03\/23\/triple-homicidio-en-medellin-dos-de-las-victimas-son-de-venezuela\/\" \/>\n<meta property=\"og:locale\" content=\"es_ES\" \/>\n<meta property=\"og:type\" content=\"article\" \/>\n<meta property=\"og:title\" content=\"Triple homicidio en Medell\u00edn, dos de las v\u00edctimas son de Venezuela - PRENSA PAISA\" \/>\n<meta property=\"og:description\" content=\"&#8220;Dos de las v\u00edctimas son venezolanos, los cuerpos fueron arrojadas en un botadero de basura en la v\u00eda al marLas autoridades de Medell\u00edn ofrecieron una recompensa de hasta 120 millones&hellip;\" \/>\n<meta property=\"og:url\" content=\"https:\/\/prensapaisa.com\/index.php\/2022\/03\/23\/triple-homicidio-en-medellin-dos-de-las-victimas-son-de-venezuela\/\" \/>\n<meta property=\"og:site_name\" content=\"PRENSA PAISA\" \/>\n<meta property=\"article:published_time\" content=\"2022-03-24T00:56:52+00:00\" \/>\n<meta property=\"article:modified_time\" content=\"2022-06-09T14:58:26+00:00\" \/>\n<meta property=\"og:image\" content=\"https:\/\/prensapaisa.com\/wp-content\/uploads\/2022\/03\/1-98.jpg\" \/>\n\t<meta property=\"og:image:width\" content=\"1080\" \/>\n\t<meta property=\"og:image:height\" content=\"1470\" \/>\n\t<meta property=\"og:image:type\" content=\"image\/jpeg\" \/>\n<meta name=\"author\" content=\"noticias@prensapaisa.com\" \/>\n<meta name=\"twitter:card\" content=\"summary_large_image\" \/>\n<meta name=\"twitter:label1\" content=\"Escrito por\" \/>\n\t<meta name=\"twitter:data1\" content=\"noticias@prensapaisa.com\" \/>\n\t<meta name=\"twitter:label2\" content=\"Tiempo de lectura\" \/>\n\t<meta name=\"twitter:data2\" content=\"1 minuto\" \/>\n<script type=\"application\/ld+json\" class=\"yoast-schema-graph\">{\"@context\":\"https:\\\/\\\/schema.org\",\"@graph\":[{\"@type\":\"Article\",\"@id\":\"https:\\\/\\\/prensapaisa.com\\\/index.php\\\/2022\\\/03\\\/23\\\/triple-homicidio-en-medellin-dos-de-las-victimas-son-de-venezuela\\\/#article\",\"isPartOf\":{\"@id\":\"https:\\\/\\\/prensapaisa.com\\\/index.php\\\/2022\\\/03\\\/23\\\/triple-homicidio-en-medellin-dos-de-las-victimas-son-de-venezuela\\\/\"},\"author\":{\"name\":\"noticias@prensapaisa.com\",\"@id\":\"https:\\\/\\\/prensapaisa.com\\\/#\\\/schema\\\/person\\\/c5899b8b285dbcd70faec88a7c1579f6\"},\"headline\":\"Triple homicidio en Medell\u00edn, dos de las v\u00edctimas son de Venezuela\",\"datePublished\":\"2022-03-24T00:56:52+00:00\",\"dateModified\":\"2022-06-09T14:58:26+00:00\",\"mainEntityOfPage\":{\"@id\":\"https:\\\/\\\/prensapaisa.com\\\/index.php\\\/2022\\\/03\\\/23\\\/triple-homicidio-en-medellin-dos-de-las-victimas-son-de-venezuela\\\/\"},\"wordCount\":231,\"commentCount\":0,\"publisher\":{\"@id\":\"https:\\\/\\\/prensapaisa.com\\\/#organization\"},\"image\":{\"@id\":\"https:\\\/\\\/prensapaisa.com\\\/index.php\\\/2022\\\/03\\\/23\\\/triple-homicidio-en-medellin-dos-de-las-victimas-son-de-venezuela\\\/#primaryimage\"},\"thumbnailUrl\":\"https:\\\/\\\/prensapaisa.com\\\/wp-content\\\/uploads\\\/2022\\\/03\\\/1-98.jpg\",\"articleSection\":[\"Fallecidos\",\"Noticias\"],\"inLanguage\":\"es-CO\",\"potentialAction\":[{\"@type\":\"CommentAction\",\"name\":\"Comment\",\"target\":[\"https:\\\/\\\/prensapaisa.com\\\/index.php\\\/2022\\\/03\\\/23\\\/triple-homicidio-en-medellin-dos-de-las-victimas-son-de-venezuela\\\/#respond\"]}]},{\"@type\":\"WebPage\",\"@id\":\"https:\\\/\\\/prensapaisa.com\\\/index.php\\\/2022\\\/03\\\/23\\\/triple-homicidio-en-medellin-dos-de-las-victimas-son-de-venezuela\\\/\",\"url\":\"https:\\\/\\\/prensapaisa.com\\\/index.php\\\/2022\\\/03\\\/23\\\/triple-homicidio-en-medellin-dos-de-las-victimas-son-de-venezuela\\\/\",\"name\":\"Triple homicidio en Medell\u00edn, dos de las v\u00edctimas son de Venezuela - PRENSA PAISA\",\"isPartOf\":{\"@id\":\"https:\\\/\\\/prensapaisa.com\\\/#website\"},\"primaryImageOfPage\":{\"@id\":\"https:\\\/\\\/prensapaisa.com\\\/index.php\\\/2022\\\/03\\\/23\\\/triple-homicidio-en-medellin-dos-de-las-victimas-son-de-venezuela\\\/#primaryimage\"},\"image\":{\"@id\":\"https:\\\/\\\/prensapaisa.com\\\/index.php\\\/2022\\\/03\\\/23\\\/triple-homicidio-en-medellin-dos-de-las-victimas-son-de-venezuela\\\/#primaryimage\"},\"thumbnailUrl\":\"https:\\\/\\\/prensapaisa.com\\\/wp-content\\\/uploads\\\/2022\\\/03\\\/1-98.jpg\",\"datePublished\":\"2022-03-24T00:56:52+00:00\",\"dateModified\":\"2022-06-09T14:58:26+00:00\",\"breadcrumb\":{\"@id\":\"https:\\\/\\\/prensapaisa.com\\\/index.php\\\/2022\\\/03\\\/23\\\/triple-homicidio-en-medellin-dos-de-las-victimas-son-de-venezuela\\\/#breadcrumb\"},\"inLanguage\":\"es-CO\",\"potentialAction\":[{\"@type\":\"ReadAction\",\"target\":[\"https:\\\/\\\/prensapaisa.com\\\/index.php\\\/2022\\\/03\\\/23\\\/triple-homicidio-en-medellin-dos-de-las-victimas-son-de-venezuela\\\/\"]}]},{\"@type\":\"ImageObject\",\"inLanguage\":\"es-CO\",\"@id\":\"https:\\\/\\\/prensapaisa.com\\\/index.php\\\/2022\\\/03\\\/23\\\/triple-homicidio-en-medellin-dos-de-las-victimas-son-de-venezuela\\\/#primaryimage\",\"url\":\"https:\\\/\\\/prensapaisa.com\\\/wp-content\\\/uploads\\\/2022\\\/03\\\/1-98.jpg\",\"contentUrl\":\"https:\\\/\\\/prensapaisa.com\\\/wp-content\\\/uploads\\\/2022\\\/03\\\/1-98.jpg\",\"width\":1080,\"height\":1470},{\"@type\":\"BreadcrumbList\",\"@id\":\"https:\\\/\\\/prensapaisa.com\\\/index.php\\\/2022\\\/03\\\/23\\\/triple-homicidio-en-medellin-dos-de-las-victimas-son-de-venezuela\\\/#breadcrumb\",\"itemListElement\":[{\"@type\":\"ListItem\",\"position\":1,\"name\":\"Inicio\",\"item\":\"https:\\\/\\\/prensapaisa.com\\\/\"},{\"@type\":\"ListItem\",\"position\":2,\"name\":\"Triple homicidio en Medell\u00edn, dos de las v\u00edctimas son de Venezuela\"}]},{\"@type\":\"WebSite\",\"@id\":\"https:\\\/\\\/prensapaisa.com\\\/#website\",\"url\":\"https:\\\/\\\/prensapaisa.com\\\/\",\"name\":\"PRENSA PAISA\",\"description\":\"Prensa Paisa la Original | Noticias de Medell\u00edn, Antioquia\",\"publisher\":{\"@id\":\"https:\\\/\\\/prensapaisa.com\\\/#organization\"},\"potentialAction\":[{\"@type\":\"SearchAction\",\"target\":{\"@type\":\"EntryPoint\",\"urlTemplate\":\"https:\\\/\\\/prensapaisa.com\\\/?s={search_term_string}\"},\"query-input\":{\"@type\":\"PropertyValueSpecification\",\"valueRequired\":true,\"valueName\":\"search_term_string\"}}],\"inLanguage\":\"es-CO\"},{\"@type\":\"Organization\",\"@id\":\"https:\\\/\\\/prensapaisa.com\\\/#organization\",\"name\":\"PRENSA PAISA\",\"url\":\"https:\\\/\\\/prensapaisa.com\\\/\",\"logo\":{\"@type\":\"ImageObject\",\"inLanguage\":\"es-CO\",\"@id\":\"https:\\\/\\\/prensapaisa.com\\\/#\\\/schema\\\/logo\\\/image\\\/\",\"url\":\"https:\\\/\\\/prensapaisa.com\\\/wp-content\\\/uploads\\\/2022\\\/05\\\/cropped-cropped-prensa.png\",\"contentUrl\":\"https:\\\/\\\/prensapaisa.com\\\/wp-content\\\/uploads\\\/2022\\\/05\\\/cropped-cropped-prensa.png\",\"width\":784,\"height\":524,\"caption\":\"PRENSA PAISA\"},\"image\":{\"@id\":\"https:\\\/\\\/prensapaisa.com\\\/#\\\/schema\\\/logo\\\/image\\\/\"}},{\"@type\":\"Person\",\"@id\":\"https:\\\/\\\/prensapaisa.com\\\/#\\\/schema\\\/person\\\/c5899b8b285dbcd70faec88a7c1579f6\",\"name\":\"noticias@prensapaisa.com\",\"image\":{\"@type\":\"ImageObject\",\"inLanguage\":\"es-CO\",\"@id\":\"https:\\\/\\\/secure.gravatar.com\\\/avatar\\\/ca2b49c1df14b84557c567431f045ea69c8ea5da2da50309fd4de9b811da0433?s=96&d=mm&r=g\",\"url\":\"https:\\\/\\\/secure.gravatar.com\\\/avatar\\\/ca2b49c1df14b84557c567431f045ea69c8ea5da2da50309fd4de9b811da0433?s=96&d=mm&r=g\",\"contentUrl\":\"https:\\\/\\\/secure.gravatar.com\\\/avatar\\\/ca2b49c1df14b84557c567431f045ea69c8ea5da2da50309fd4de9b811da0433?s=96&d=mm&r=g\",\"caption\":\"noticias@prensapaisa.com\"},\"sameAs\":[\"http:\\\/\\\/prensapaisa.com\"],\"url\":\"https:\\\/\\\/prensapaisa.com\\\/index.php\\\/author\\\/prensapaisagmail-com\\\/\"}]}<\/script>\n<!-- \/ Yoast SEO plugin. -->","yoast_head_json":{"title":"Triple homicidio en Medell\u00edn, dos de las v\u00edctimas son de Venezuela - PRENSA PAISA","robots":{"index":"index","follow":"follow","max-snippet":"max-snippet:-1","max-image-preview":"max-image-preview:large","max-video-preview":"max-video-preview:-1"},"canonical":"https:\/\/prensapaisa.com\/index.php\/2022\/03\/23\/triple-homicidio-en-medellin-dos-de-las-victimas-son-de-venezuela\/","og_locale":"es_ES","og_type":"article","og_title":"Triple homicidio en Medell\u00edn, dos de las v\u00edctimas son de Venezuela - PRENSA PAISA","og_description":"&#8220;Dos de las v\u00edctimas son venezolanos, los cuerpos fueron arrojadas en un botadero de basura en la v\u00eda al marLas autoridades de Medell\u00edn ofrecieron una recompensa de hasta 120 millones&hellip;","og_url":"https:\/\/prensapaisa.com\/index.php\/2022\/03\/23\/triple-homicidio-en-medellin-dos-de-las-victimas-son-de-venezuela\/","og_site_name":"PRENSA PAISA","article_published_time":"2022-03-24T00:56:52+00:00","article_modified_time":"2022-06-09T14:58:26+00:00","og_image":[{"width":1080,"height":1470,"url":"https:\/\/prensapaisa.com\/wp-content\/uploads\/2022\/03\/1-98.jpg","type":"image\/jpeg"}],"author":"noticias@prensapaisa.com","twitter_card":"summary_large_image","twitter_misc":{"Escrito por":"noticias@prensapaisa.com","Tiempo de lectura":"1 minuto"},"schema":{"@context":"https:\/\/schema.org","@graph":[{"@type":"Article","@id":"https:\/\/prensapaisa.com\/index.php\/2022\/03\/23\/triple-homicidio-en-medellin-dos-de-las-victimas-son-de-venezuela\/#article","isPartOf":{"@id":"https:\/\/prensapaisa.com\/index.php\/2022\/03\/23\/triple-homicidio-en-medellin-dos-de-las-victimas-son-de-venezuela\/"},"author":{"name":"noticias@prensapaisa.com","@id":"https:\/\/prensapaisa.com\/#\/schema\/person\/c5899b8b285dbcd70faec88a7c1579f6"},"headline":"Triple homicidio en Medell\u00edn, dos de las v\u00edctimas son de Venezuela","datePublished":"2022-03-24T00:56:52+00:00","dateModified":"2022-06-09T14:58:26+00:00","mainEntityOfPage":{"@id":"https:\/\/prensapaisa.com\/index.php\/2022\/03\/23\/triple-homicidio-en-medellin-dos-de-las-victimas-son-de-venezuela\/"},"wordCount":231,"commentCount":0,"publisher":{"@id":"https:\/\/prensapaisa.com\/#organization"},"image":{"@id":"https:\/\/prensapaisa.com\/index.php\/2022\/03\/23\/triple-homicidio-en-medellin-dos-de-las-victimas-son-de-venezuela\/#primaryimage"},"thumbnailUrl":"https:\/\/prensapaisa.com\/wp-content\/uploads\/2022\/03\/1-98.jpg","articleSection":["Fallecidos","Noticias"],"inLanguage":"es-CO","potentialAction":[{"@type":"CommentAction","name":"Comment","target":["https:\/\/prensapaisa.com\/index.php\/2022\/03\/23\/triple-homicidio-en-medellin-dos-de-las-victimas-son-de-venezuela\/#respond"]}]},{"@type":"WebPage","@id":"https:\/\/prensapaisa.com\/index.php\/2022\/03\/23\/triple-homicidio-en-medellin-dos-de-las-victimas-son-de-venezuela\/","url":"https:\/\/prensapaisa.com\/index.php\/2022\/03\/23\/triple-homicidio-en-medellin-dos-de-las-victimas-son-de-venezuela\/","name":"Triple homicidio en Medell\u00edn, dos de las v\u00edctimas son de Venezuela - PRENSA PAISA","isPartOf":{"@id":"https:\/\/prensapaisa.com\/#website"},"primaryImageOfPage":{"@id":"https:\/\/prensapaisa.com\/index.php\/2022\/03\/23\/triple-homicidio-en-medellin-dos-de-las-victimas-son-de-venezuela\/#primaryimage"},"image":{"@id":"https:\/\/prensapaisa.com\/index.php\/2022\/03\/23\/triple-homicidio-en-medellin-dos-de-las-victimas-son-de-venezuela\/#primaryimage"},"thumbnailUrl":"https:\/\/prensapaisa.com\/wp-content\/uploads\/2022\/03\/1-98.jpg","datePublished":"2022-03-24T00:56:52+00:00","dateModified":"2022-06-09T14:58:26+00:00","breadcrumb":{"@id":"https:\/\/prensapaisa.com\/index.php\/2022\/03\/23\/triple-homicidio-en-medellin-dos-de-las-victimas-son-de-venezuela\/#breadcrumb"},"inLanguage":"es-CO","potentialAction":[{"@type":"ReadAction","target":["https:\/\/prensapaisa.com\/index.php\/2022\/03\/23\/triple-homicidio-en-medellin-dos-de-las-victimas-son-de-venezuela\/"]}]},{"@type":"ImageObject","inLanguage":"es-CO","@id":"https:\/\/prensapaisa.com\/index.php\/2022\/03\/23\/triple-homicidio-en-medellin-dos-de-las-victimas-son-de-venezuela\/#primaryimage","url":"https:\/\/prensapaisa.com\/wp-content\/uploads\/2022\/03\/1-98.jpg","contentUrl":"https:\/\/prensapaisa.com\/wp-content\/uploads\/2022\/03\/1-98.jpg","width":1080,"height":1470},{"@type":"BreadcrumbList","@id":"https:\/\/prensapaisa.com\/index.php\/2022\/03\/23\/triple-homicidio-en-medellin-dos-de-las-victimas-son-de-venezuela\/#breadcrumb","itemListElement":[{"@type":"ListItem","position":1,"name":"Inicio","item":"https:\/\/prensapaisa.com\/"},{"@type":"ListItem","position":2,"name":"Triple homicidio en Medell\u00edn, dos de las v\u00edctimas son de Venezuela"}]},{"@type":"WebSite","@id":"https:\/\/prensapaisa.com\/#website","url":"https:\/\/prensapaisa.com\/","name":"PRENSA PAISA","description":"Prensa Paisa la Original | Noticias de Medell\u00edn, Antioquia","publisher":{"@id":"https:\/\/prensapaisa.com\/#organization"},"potentialAction":[{"@type":"SearchAction","target":{"@type":"EntryPoint","urlTemplate":"https:\/\/prensapaisa.com\/?s={search_term_string}"},"query-input":{"@type":"PropertyValueSpecification","valueRequired":true,"valueName":"search_term_string"}}],"inLanguage":"es-CO"},{"@type":"Organization","@id":"https:\/\/prensapaisa.com\/#organization","name":"PRENSA PAISA","url":"https:\/\/prensapaisa.com\/","logo":{"@type":"ImageObject","inLanguage":"es-CO","@id":"https:\/\/prensapaisa.com\/#\/schema\/logo\/image\/","url":"https:\/\/prensapaisa.com\/wp-content\/uploads\/2022\/05\/cropped-cropped-prensa.png","contentUrl":"https:\/\/prensapaisa.com\/wp-content\/uploads\/2022\/05\/cropped-cropped-prensa.png","width":784,"height":524,"caption":"PRENSA PAISA"},"image":{"@id":"https:\/\/prensapaisa.com\/#\/schema\/logo\/image\/"}},{"@type":"Person","@id":"https:\/\/prensapaisa.com\/#\/schema\/person\/c5899b8b285dbcd70faec88a7c1579f6","name":"noticias@prensapaisa.com","image":{"@type":"ImageObject","inLanguage":"es-CO","@id":"https:\/\/secure.gravatar.com\/avatar\/ca2b49c1df14b84557c567431f045ea69c8ea5da2da50309fd4de9b811da0433?s=96&d=mm&r=g","url":"https:\/\/secure.gravatar.com\/avatar\/ca2b49c1df14b84557c567431f045ea69c8ea5da2da50309fd4de9b811da0433?s=96&d=mm&r=g","contentUrl":"https:\/\/secure.gravatar.com\/avatar\/ca2b49c1df14b84557c567431f045ea69c8ea5da2da50309fd4de9b811da0433?s=96&d=mm&r=g","caption":"noticias@prensapaisa.com"},"sameAs":["http:\/\/prensapaisa.com"],"url":"https:\/\/prensapaisa.com\/index.php\/author\/prensapaisagmail-com\/"}]}},"_links":{"self":[{"href":"https:\/\/prensapaisa.com\/index.php\/wp-json\/wp\/v2\/posts\/2538","targetHints":{"allow":["GET"]}}],"collection":[{"href":"https:\/\/prensapaisa.com\/index.php\/wp-json\/wp\/v2\/posts"}],"about":[{"href":"https:\/\/prensapaisa.com\/index.php\/wp-json\/wp\/v2\/types\/post"}],"author":[{"embeddable":true,"href":"https:\/\/prensapaisa.com\/index.php\/wp-json\/wp\/v2\/users\/1"}],"replies":[{"embeddable":true,"href":"https:\/\/prensapaisa.com\/index.php\/wp-json\/wp\/v2\/comments?post=2538"}],"version-history":[{"count":1,"href":"https:\/\/prensapaisa.com\/index.php\/wp-json\/wp\/v2\/posts\/2538\/revisions"}],"predecessor-version":[{"id":2544,"href":"https:\/\/prensapaisa.com\/index.php\/wp-json\/wp\/v2\/posts\/2538\/revisions\/2544"}],"wp:featuredmedia":[{"embeddable":true,"href":"https:\/\/prensapaisa.com\/index.php\/wp-json\/wp\/v2\/media\/2543"}],"wp:attachment":[{"href":"https:\/\/prensapaisa.com\/index.php\/wp-json\/wp\/v2\/media?parent=2538"}],"wp:term":[{"taxonomy":"category","embeddable":true,"href":"https:\/\/prensapaisa.com\/index.php\/wp-json\/wp\/v2\/categories?post=2538"},{"taxonomy":"post_tag","embeddable":true,"href":"https:\/\/prensapaisa.com\/index.php\/wp-json\/wp\/v2\/tags?post=2538"}],"curies":[{"name":"wp","href":"https:\/\/api.w.org\/{rel}","templated":true}]}}