{"id":2427,"date":"2022-03-23T18:55:48","date_gmt":"2022-03-23T23:55:48","guid":{"rendered":"https:\/\/prensapaisa.com\/?p=2427"},"modified":"2022-03-23T18:55:49","modified_gmt":"2022-03-23T23:55:49","slug":"autoridades-buscan-a-un-hombre-que-se-escapo-y-en-dias-anteriores-salia-de-la-carcel-disfrazado-como-una-monja-en-itagui","status":"publish","type":"post","link":"https:\/\/prensapaisa.com\/index.php\/2022\/03\/23\/autoridades-buscan-a-un-hombre-que-se-escapo-y-en-dias-anteriores-salia-de-la-carcel-disfrazado-como-una-monja-en-itagui\/","title":{"rendered":"Autoridades buscan a un hombre que se escap\u00f3 y en d\u00edas anteriores, sal\u00eda de la c\u00e1rcel disfrazado como una monja en Itag\u00fc\u00ed"},"content":{"rendered":"\n<figure class=\"wp-block-video\"><video height=\"426\" style=\"aspect-ratio: 234 \/ 426;\" width=\"234\" controls src=\"https:\/\/prensapaisa.com\/wp-content\/uploads\/2022\/03\/276216382_654647952487535_3001690268781259569_n.mp4\"><\/video><\/figure>\n\n\n\n<p class=\"has-drop-cap\">&#8220;Se le fug\u00f3 otro preso al Inpec, ahora de la c\u00e1rcel de Itag\u00fc\u00ed; ser\u00eda por asunto sentimentalEl interno estaba pagando una condena de siete a\u00f1os de c\u00e1rcel por el delito de concierto para delinquir y en la tarde del domingo sali\u00f3 del penal.&#8217;El Inpec no sale de un esc\u00e1ndalo para meterse en otro. Despu\u00e9s de que el pasado viernes se fugara alias \u2018Matamba\u2019 de la c\u00e1rcel La Picota en Bogot\u00e1, este domingo se confirm\u00f3 la huida de un interno en la prisi\u00f3n de La Paz, ubicada en Itag\u00fc\u00ed, Antioquia. De acuerdo con la informaci\u00f3n de las autoridades, durante el proceso de verificaci\u00f3n de los internos no se encontr\u00f3 a Andr\u00e9s Oswaldo Guti\u00e9rrez, quien estaba recluido por el delito de concierto para delinquir y cumpl\u00eda una condena de siete a\u00f1os. \u201cEl privado de la libertad ya hab\u00eda cumplido m\u00e1s de la mitad de su condena y se encontraba en fase de m\u00ednima seguridad\u201d, detall\u00f3 el Inpec en un comunicado de prensa. De acuerdo con el documento, el motivo de la reducci\u00f3n de su vigilancia se debe a que el recluso estaba a la espera de la respuesta por parte del juez de ejecuci\u00f3n de penas para recibir el beneficio de detenci\u00f3n domiciliaria o libertad condicional.La poca vigilancia habr\u00eda sido aprovechada por el recluso para fugarse por las mallas perimetrales donde se encontr\u00f3 un hueco y ropa, alrededor de las 3:00 de la tarde del domingo, indic\u00f3 Blu Radio. Asimismo, el Inpec asegur\u00f3 que la fuga se dio &#8216;por una situaci\u00f3n sentimental&#8217;.La Polic\u00eda y diferentes entes de control ya iniciaron las labores de investigaci\u00f3n para dar con el paradero de Guti\u00e9rrez.Entre los recientes esc\u00e1ndalos que se han presentado con el Inpec con la fuga de presos y la salida irregular destaca la fuga de \u2018Matamba\u2019 de la La Picota y la revelaci\u00f3n de Noticias Caracol sobre los paseos del empresario Carlos Mattos, tambi\u00e9n detenido en dicho lugar&#8221;.<a href=\"https:\/\/www.facebook.com\/hashtag\/fotinfo?__eep__=6&amp;__cft__[0]=AZVuKz2TpSguKxuFaY2FgbddixeuluiBAWs-0ymu0SgNLPFZROSYoe4LA8C62PiHhJPVUtvli4CoJvryZKFeiEBP4U0ADiUEgbCnGzfGWM6D2BtaAmlrtGHrkMqGWgRWoaETkxmRY02dpcYJV_GjXpVSj3LRvbtpXV5_AxGR4viQ6A&amp;__tn__=*NK-R\">#Fotinfo<\/a>: Pulzo<\/p>\n","protected":false},"excerpt":{"rendered":"<p>&#8220;Se le fug\u00f3 otro preso al Inpec, ahora de la c\u00e1rcel de Itag\u00fc\u00ed; ser\u00eda por asunto sentimentalEl interno estaba pagando una condena de siete a\u00f1os de c\u00e1rcel por el delito&hellip;<\/p>\n","protected":false},"author":1,"featured_media":2429,"comment_status":"open","ping_status":"open","sticky":false,"template":"","format":"standard","meta":{"footnotes":""},"categories":[1],"tags":[],"class_list":["post-2427","post","type-post","status-publish","format-standard","has-post-thumbnail","hentry","category-noticias"],"yoast_head":"<!-- This site is optimized with the Yoast SEO plugin v27.5 - https:\/\/yoast.com\/product\/yoast-seo-wordpress\/ -->\n<title>Autoridades buscan a un hombre que se escap\u00f3 y en d\u00edas anteriores, sal\u00eda de la c\u00e1rcel disfrazado como una monja en Itag\u00fc\u00ed - PRENSA PAISA<\/title>\n<meta name=\"robots\" content=\"index, follow, max-snippet:-1, max-image-preview:large, max-video-preview:-1\" \/>\n<link rel=\"canonical\" href=\"https:\/\/prensapaisa.com\/index.php\/2022\/03\/23\/autoridades-buscan-a-un-hombre-que-se-escapo-y-en-dias-anteriores-salia-de-la-carcel-disfrazado-como-una-monja-en-itagui\/\" \/>\n<meta property=\"og:locale\" content=\"es_ES\" \/>\n<meta property=\"og:type\" content=\"article\" \/>\n<meta property=\"og:title\" content=\"Autoridades buscan a un hombre que se escap\u00f3 y en d\u00edas anteriores, sal\u00eda de la c\u00e1rcel disfrazado como una monja en Itag\u00fc\u00ed - PRENSA PAISA\" \/>\n<meta property=\"og:description\" content=\"&#8220;Se le fug\u00f3 otro preso al Inpec, ahora de la c\u00e1rcel de Itag\u00fc\u00ed; ser\u00eda por asunto sentimentalEl interno estaba pagando una condena de siete a\u00f1os de c\u00e1rcel por el delito&hellip;\" \/>\n<meta property=\"og:url\" content=\"https:\/\/prensapaisa.com\/index.php\/2022\/03\/23\/autoridades-buscan-a-un-hombre-que-se-escapo-y-en-dias-anteriores-salia-de-la-carcel-disfrazado-como-una-monja-en-itagui\/\" \/>\n<meta property=\"og:site_name\" content=\"PRENSA PAISA\" \/>\n<meta property=\"article:published_time\" content=\"2022-03-23T23:55:48+00:00\" \/>\n<meta property=\"article:modified_time\" content=\"2022-03-23T23:55:49+00:00\" \/>\n<meta property=\"og:image\" content=\"https:\/\/prensapaisa.com\/wp-content\/uploads\/2022\/03\/1-83.jpg\" \/>\n\t<meta property=\"og:image:width\" content=\"300\" \/>\n\t<meta property=\"og:image:height\" content=\"168\" \/>\n\t<meta property=\"og:image:type\" content=\"image\/jpeg\" \/>\n<meta name=\"author\" content=\"noticias@prensapaisa.com\" \/>\n<meta name=\"twitter:card\" content=\"summary_large_image\" \/>\n<meta name=\"twitter:label1\" content=\"Escrito por\" \/>\n\t<meta name=\"twitter:data1\" content=\"noticias@prensapaisa.com\" \/>\n\t<meta name=\"twitter:label2\" content=\"Tiempo de lectura\" \/>\n\t<meta name=\"twitter:data2\" content=\"2 minutos\" \/>\n<script type=\"application\/ld+json\" class=\"yoast-schema-graph\">{\"@context\":\"https:\\\/\\\/schema.org\",\"@graph\":[{\"@type\":\"Article\",\"@id\":\"https:\\\/\\\/prensapaisa.com\\\/index.php\\\/2022\\\/03\\\/23\\\/autoridades-buscan-a-un-hombre-que-se-escapo-y-en-dias-anteriores-salia-de-la-carcel-disfrazado-como-una-monja-en-itagui\\\/#article\",\"isPartOf\":{\"@id\":\"https:\\\/\\\/prensapaisa.com\\\/index.php\\\/2022\\\/03\\\/23\\\/autoridades-buscan-a-un-hombre-que-se-escapo-y-en-dias-anteriores-salia-de-la-carcel-disfrazado-como-una-monja-en-itagui\\\/\"},\"author\":{\"name\":\"noticias@prensapaisa.com\",\"@id\":\"https:\\\/\\\/prensapaisa.com\\\/#\\\/schema\\\/person\\\/c5899b8b285dbcd70faec88a7c1579f6\"},\"headline\":\"Autoridades buscan a un hombre que se escap\u00f3 y en d\u00edas anteriores, sal\u00eda de la c\u00e1rcel disfrazado como una monja en Itag\u00fc\u00ed\",\"datePublished\":\"2022-03-23T23:55:48+00:00\",\"dateModified\":\"2022-03-23T23:55:49+00:00\",\"mainEntityOfPage\":{\"@id\":\"https:\\\/\\\/prensapaisa.com\\\/index.php\\\/2022\\\/03\\\/23\\\/autoridades-buscan-a-un-hombre-que-se-escapo-y-en-dias-anteriores-salia-de-la-carcel-disfrazado-como-una-monja-en-itagui\\\/\"},\"wordCount\":373,\"commentCount\":0,\"publisher\":{\"@id\":\"https:\\\/\\\/prensapaisa.com\\\/#organization\"},\"image\":{\"@id\":\"https:\\\/\\\/prensapaisa.com\\\/index.php\\\/2022\\\/03\\\/23\\\/autoridades-buscan-a-un-hombre-que-se-escapo-y-en-dias-anteriores-salia-de-la-carcel-disfrazado-como-una-monja-en-itagui\\\/#primaryimage\"},\"thumbnailUrl\":\"https:\\\/\\\/prensapaisa.com\\\/wp-content\\\/uploads\\\/2022\\\/03\\\/1-83.jpg\",\"articleSection\":[\"Noticias\"],\"inLanguage\":\"es-CO\",\"potentialAction\":[{\"@type\":\"CommentAction\",\"name\":\"Comment\",\"target\":[\"https:\\\/\\\/prensapaisa.com\\\/index.php\\\/2022\\\/03\\\/23\\\/autoridades-buscan-a-un-hombre-que-se-escapo-y-en-dias-anteriores-salia-de-la-carcel-disfrazado-como-una-monja-en-itagui\\\/#respond\"]}]},{\"@type\":\"WebPage\",\"@id\":\"https:\\\/\\\/prensapaisa.com\\\/index.php\\\/2022\\\/03\\\/23\\\/autoridades-buscan-a-un-hombre-que-se-escapo-y-en-dias-anteriores-salia-de-la-carcel-disfrazado-como-una-monja-en-itagui\\\/\",\"url\":\"https:\\\/\\\/prensapaisa.com\\\/index.php\\\/2022\\\/03\\\/23\\\/autoridades-buscan-a-un-hombre-que-se-escapo-y-en-dias-anteriores-salia-de-la-carcel-disfrazado-como-una-monja-en-itagui\\\/\",\"name\":\"Autoridades buscan a un hombre que se escap\u00f3 y en d\u00edas anteriores, sal\u00eda de la c\u00e1rcel disfrazado como una monja en Itag\u00fc\u00ed - PRENSA PAISA\",\"isPartOf\":{\"@id\":\"https:\\\/\\\/prensapaisa.com\\\/#website\"},\"primaryImageOfPage\":{\"@id\":\"https:\\\/\\\/prensapaisa.com\\\/index.php\\\/2022\\\/03\\\/23\\\/autoridades-buscan-a-un-hombre-que-se-escapo-y-en-dias-anteriores-salia-de-la-carcel-disfrazado-como-una-monja-en-itagui\\\/#primaryimage\"},\"image\":{\"@id\":\"https:\\\/\\\/prensapaisa.com\\\/index.php\\\/2022\\\/03\\\/23\\\/autoridades-buscan-a-un-hombre-que-se-escapo-y-en-dias-anteriores-salia-de-la-carcel-disfrazado-como-una-monja-en-itagui\\\/#primaryimage\"},\"thumbnailUrl\":\"https:\\\/\\\/prensapaisa.com\\\/wp-content\\\/uploads\\\/2022\\\/03\\\/1-83.jpg\",\"datePublished\":\"2022-03-23T23:55:48+00:00\",\"dateModified\":\"2022-03-23T23:55:49+00:00\",\"breadcrumb\":{\"@id\":\"https:\\\/\\\/prensapaisa.com\\\/index.php\\\/2022\\\/03\\\/23\\\/autoridades-buscan-a-un-hombre-que-se-escapo-y-en-dias-anteriores-salia-de-la-carcel-disfrazado-como-una-monja-en-itagui\\\/#breadcrumb\"},\"inLanguage\":\"es-CO\",\"potentialAction\":[{\"@type\":\"ReadAction\",\"target\":[\"https:\\\/\\\/prensapaisa.com\\\/index.php\\\/2022\\\/03\\\/23\\\/autoridades-buscan-a-un-hombre-que-se-escapo-y-en-dias-anteriores-salia-de-la-carcel-disfrazado-como-una-monja-en-itagui\\\/\"]}]},{\"@type\":\"ImageObject\",\"inLanguage\":\"es-CO\",\"@id\":\"https:\\\/\\\/prensapaisa.com\\\/index.php\\\/2022\\\/03\\\/23\\\/autoridades-buscan-a-un-hombre-que-se-escapo-y-en-dias-anteriores-salia-de-la-carcel-disfrazado-como-una-monja-en-itagui\\\/#primaryimage\",\"url\":\"https:\\\/\\\/prensapaisa.com\\\/wp-content\\\/uploads\\\/2022\\\/03\\\/1-83.jpg\",\"contentUrl\":\"https:\\\/\\\/prensapaisa.com\\\/wp-content\\\/uploads\\\/2022\\\/03\\\/1-83.jpg\",\"width\":300,\"height\":168},{\"@type\":\"BreadcrumbList\",\"@id\":\"https:\\\/\\\/prensapaisa.com\\\/index.php\\\/2022\\\/03\\\/23\\\/autoridades-buscan-a-un-hombre-que-se-escapo-y-en-dias-anteriores-salia-de-la-carcel-disfrazado-como-una-monja-en-itagui\\\/#breadcrumb\",\"itemListElement\":[{\"@type\":\"ListItem\",\"position\":1,\"name\":\"Inicio\",\"item\":\"https:\\\/\\\/prensapaisa.com\\\/\"},{\"@type\":\"ListItem\",\"position\":2,\"name\":\"Autoridades buscan a un hombre que se escap\u00f3 y en d\u00edas anteriores, sal\u00eda de la c\u00e1rcel disfrazado como una monja en Itag\u00fc\u00ed\"}]},{\"@type\":\"WebSite\",\"@id\":\"https:\\\/\\\/prensapaisa.com\\\/#website\",\"url\":\"https:\\\/\\\/prensapaisa.com\\\/\",\"name\":\"PRENSA PAISA\",\"description\":\"Prensa Paisa la Original | Noticias de Medell\u00edn, Antioquia\",\"publisher\":{\"@id\":\"https:\\\/\\\/prensapaisa.com\\\/#organization\"},\"potentialAction\":[{\"@type\":\"SearchAction\",\"target\":{\"@type\":\"EntryPoint\",\"urlTemplate\":\"https:\\\/\\\/prensapaisa.com\\\/?s={search_term_string}\"},\"query-input\":{\"@type\":\"PropertyValueSpecification\",\"valueRequired\":true,\"valueName\":\"search_term_string\"}}],\"inLanguage\":\"es-CO\"},{\"@type\":\"Organization\",\"@id\":\"https:\\\/\\\/prensapaisa.com\\\/#organization\",\"name\":\"PRENSA PAISA\",\"url\":\"https:\\\/\\\/prensapaisa.com\\\/\",\"logo\":{\"@type\":\"ImageObject\",\"inLanguage\":\"es-CO\",\"@id\":\"https:\\\/\\\/prensapaisa.com\\\/#\\\/schema\\\/logo\\\/image\\\/\",\"url\":\"https:\\\/\\\/prensapaisa.com\\\/wp-content\\\/uploads\\\/2022\\\/05\\\/cropped-cropped-prensa.png\",\"contentUrl\":\"https:\\\/\\\/prensapaisa.com\\\/wp-content\\\/uploads\\\/2022\\\/05\\\/cropped-cropped-prensa.png\",\"width\":784,\"height\":524,\"caption\":\"PRENSA PAISA\"},\"image\":{\"@id\":\"https:\\\/\\\/prensapaisa.com\\\/#\\\/schema\\\/logo\\\/image\\\/\"}},{\"@type\":\"Person\",\"@id\":\"https:\\\/\\\/prensapaisa.com\\\/#\\\/schema\\\/person\\\/c5899b8b285dbcd70faec88a7c1579f6\",\"name\":\"noticias@prensapaisa.com\",\"image\":{\"@type\":\"ImageObject\",\"inLanguage\":\"es-CO\",\"@id\":\"https:\\\/\\\/secure.gravatar.com\\\/avatar\\\/ca2b49c1df14b84557c567431f045ea69c8ea5da2da50309fd4de9b811da0433?s=96&d=mm&r=g\",\"url\":\"https:\\\/\\\/secure.gravatar.com\\\/avatar\\\/ca2b49c1df14b84557c567431f045ea69c8ea5da2da50309fd4de9b811da0433?s=96&d=mm&r=g\",\"contentUrl\":\"https:\\\/\\\/secure.gravatar.com\\\/avatar\\\/ca2b49c1df14b84557c567431f045ea69c8ea5da2da50309fd4de9b811da0433?s=96&d=mm&r=g\",\"caption\":\"noticias@prensapaisa.com\"},\"sameAs\":[\"http:\\\/\\\/prensapaisa.com\"],\"url\":\"https:\\\/\\\/prensapaisa.com\\\/index.php\\\/author\\\/prensapaisagmail-com\\\/\"}]}<\/script>\n<!-- \/ Yoast SEO plugin. -->","yoast_head_json":{"title":"Autoridades buscan a un hombre que se escap\u00f3 y en d\u00edas anteriores, sal\u00eda de la c\u00e1rcel disfrazado como una monja en Itag\u00fc\u00ed - PRENSA PAISA","robots":{"index":"index","follow":"follow","max-snippet":"max-snippet:-1","max-image-preview":"max-image-preview:large","max-video-preview":"max-video-preview:-1"},"canonical":"https:\/\/prensapaisa.com\/index.php\/2022\/03\/23\/autoridades-buscan-a-un-hombre-que-se-escapo-y-en-dias-anteriores-salia-de-la-carcel-disfrazado-como-una-monja-en-itagui\/","og_locale":"es_ES","og_type":"article","og_title":"Autoridades buscan a un hombre que se escap\u00f3 y en d\u00edas anteriores, sal\u00eda de la c\u00e1rcel disfrazado como una monja en Itag\u00fc\u00ed - PRENSA PAISA","og_description":"&#8220;Se le fug\u00f3 otro preso al Inpec, ahora de la c\u00e1rcel de Itag\u00fc\u00ed; ser\u00eda por asunto sentimentalEl interno estaba pagando una condena de siete a\u00f1os de c\u00e1rcel por el delito&hellip;","og_url":"https:\/\/prensapaisa.com\/index.php\/2022\/03\/23\/autoridades-buscan-a-un-hombre-que-se-escapo-y-en-dias-anteriores-salia-de-la-carcel-disfrazado-como-una-monja-en-itagui\/","og_site_name":"PRENSA PAISA","article_published_time":"2022-03-23T23:55:48+00:00","article_modified_time":"2022-03-23T23:55:49+00:00","og_image":[{"width":300,"height":168,"url":"https:\/\/prensapaisa.com\/wp-content\/uploads\/2022\/03\/1-83.jpg","type":"image\/jpeg"}],"author":"noticias@prensapaisa.com","twitter_card":"summary_large_image","twitter_misc":{"Escrito por":"noticias@prensapaisa.com","Tiempo de lectura":"2 minutos"},"schema":{"@context":"https:\/\/schema.org","@graph":[{"@type":"Article","@id":"https:\/\/prensapaisa.com\/index.php\/2022\/03\/23\/autoridades-buscan-a-un-hombre-que-se-escapo-y-en-dias-anteriores-salia-de-la-carcel-disfrazado-como-una-monja-en-itagui\/#article","isPartOf":{"@id":"https:\/\/prensapaisa.com\/index.php\/2022\/03\/23\/autoridades-buscan-a-un-hombre-que-se-escapo-y-en-dias-anteriores-salia-de-la-carcel-disfrazado-como-una-monja-en-itagui\/"},"author":{"name":"noticias@prensapaisa.com","@id":"https:\/\/prensapaisa.com\/#\/schema\/person\/c5899b8b285dbcd70faec88a7c1579f6"},"headline":"Autoridades buscan a un hombre que se escap\u00f3 y en d\u00edas anteriores, sal\u00eda de la c\u00e1rcel disfrazado como una monja en Itag\u00fc\u00ed","datePublished":"2022-03-23T23:55:48+00:00","dateModified":"2022-03-23T23:55:49+00:00","mainEntityOfPage":{"@id":"https:\/\/prensapaisa.com\/index.php\/2022\/03\/23\/autoridades-buscan-a-un-hombre-que-se-escapo-y-en-dias-anteriores-salia-de-la-carcel-disfrazado-como-una-monja-en-itagui\/"},"wordCount":373,"commentCount":0,"publisher":{"@id":"https:\/\/prensapaisa.com\/#organization"},"image":{"@id":"https:\/\/prensapaisa.com\/index.php\/2022\/03\/23\/autoridades-buscan-a-un-hombre-que-se-escapo-y-en-dias-anteriores-salia-de-la-carcel-disfrazado-como-una-monja-en-itagui\/#primaryimage"},"thumbnailUrl":"https:\/\/prensapaisa.com\/wp-content\/uploads\/2022\/03\/1-83.jpg","articleSection":["Noticias"],"inLanguage":"es-CO","potentialAction":[{"@type":"CommentAction","name":"Comment","target":["https:\/\/prensapaisa.com\/index.php\/2022\/03\/23\/autoridades-buscan-a-un-hombre-que-se-escapo-y-en-dias-anteriores-salia-de-la-carcel-disfrazado-como-una-monja-en-itagui\/#respond"]}]},{"@type":"WebPage","@id":"https:\/\/prensapaisa.com\/index.php\/2022\/03\/23\/autoridades-buscan-a-un-hombre-que-se-escapo-y-en-dias-anteriores-salia-de-la-carcel-disfrazado-como-una-monja-en-itagui\/","url":"https:\/\/prensapaisa.com\/index.php\/2022\/03\/23\/autoridades-buscan-a-un-hombre-que-se-escapo-y-en-dias-anteriores-salia-de-la-carcel-disfrazado-como-una-monja-en-itagui\/","name":"Autoridades buscan a un hombre que se escap\u00f3 y en d\u00edas anteriores, sal\u00eda de la c\u00e1rcel disfrazado como una monja en Itag\u00fc\u00ed - PRENSA PAISA","isPartOf":{"@id":"https:\/\/prensapaisa.com\/#website"},"primaryImageOfPage":{"@id":"https:\/\/prensapaisa.com\/index.php\/2022\/03\/23\/autoridades-buscan-a-un-hombre-que-se-escapo-y-en-dias-anteriores-salia-de-la-carcel-disfrazado-como-una-monja-en-itagui\/#primaryimage"},"image":{"@id":"https:\/\/prensapaisa.com\/index.php\/2022\/03\/23\/autoridades-buscan-a-un-hombre-que-se-escapo-y-en-dias-anteriores-salia-de-la-carcel-disfrazado-como-una-monja-en-itagui\/#primaryimage"},"thumbnailUrl":"https:\/\/prensapaisa.com\/wp-content\/uploads\/2022\/03\/1-83.jpg","datePublished":"2022-03-23T23:55:48+00:00","dateModified":"2022-03-23T23:55:49+00:00","breadcrumb":{"@id":"https:\/\/prensapaisa.com\/index.php\/2022\/03\/23\/autoridades-buscan-a-un-hombre-que-se-escapo-y-en-dias-anteriores-salia-de-la-carcel-disfrazado-como-una-monja-en-itagui\/#breadcrumb"},"inLanguage":"es-CO","potentialAction":[{"@type":"ReadAction","target":["https:\/\/prensapaisa.com\/index.php\/2022\/03\/23\/autoridades-buscan-a-un-hombre-que-se-escapo-y-en-dias-anteriores-salia-de-la-carcel-disfrazado-como-una-monja-en-itagui\/"]}]},{"@type":"ImageObject","inLanguage":"es-CO","@id":"https:\/\/prensapaisa.com\/index.php\/2022\/03\/23\/autoridades-buscan-a-un-hombre-que-se-escapo-y-en-dias-anteriores-salia-de-la-carcel-disfrazado-como-una-monja-en-itagui\/#primaryimage","url":"https:\/\/prensapaisa.com\/wp-content\/uploads\/2022\/03\/1-83.jpg","contentUrl":"https:\/\/prensapaisa.com\/wp-content\/uploads\/2022\/03\/1-83.jpg","width":300,"height":168},{"@type":"BreadcrumbList","@id":"https:\/\/prensapaisa.com\/index.php\/2022\/03\/23\/autoridades-buscan-a-un-hombre-que-se-escapo-y-en-dias-anteriores-salia-de-la-carcel-disfrazado-como-una-monja-en-itagui\/#breadcrumb","itemListElement":[{"@type":"ListItem","position":1,"name":"Inicio","item":"https:\/\/prensapaisa.com\/"},{"@type":"ListItem","position":2,"name":"Autoridades buscan a un hombre que se escap\u00f3 y en d\u00edas anteriores, sal\u00eda de la c\u00e1rcel disfrazado como una monja en Itag\u00fc\u00ed"}]},{"@type":"WebSite","@id":"https:\/\/prensapaisa.com\/#website","url":"https:\/\/prensapaisa.com\/","name":"PRENSA PAISA","description":"Prensa Paisa la Original | Noticias de Medell\u00edn, Antioquia","publisher":{"@id":"https:\/\/prensapaisa.com\/#organization"},"potentialAction":[{"@type":"SearchAction","target":{"@type":"EntryPoint","urlTemplate":"https:\/\/prensapaisa.com\/?s={search_term_string}"},"query-input":{"@type":"PropertyValueSpecification","valueRequired":true,"valueName":"search_term_string"}}],"inLanguage":"es-CO"},{"@type":"Organization","@id":"https:\/\/prensapaisa.com\/#organization","name":"PRENSA PAISA","url":"https:\/\/prensapaisa.com\/","logo":{"@type":"ImageObject","inLanguage":"es-CO","@id":"https:\/\/prensapaisa.com\/#\/schema\/logo\/image\/","url":"https:\/\/prensapaisa.com\/wp-content\/uploads\/2022\/05\/cropped-cropped-prensa.png","contentUrl":"https:\/\/prensapaisa.com\/wp-content\/uploads\/2022\/05\/cropped-cropped-prensa.png","width":784,"height":524,"caption":"PRENSA PAISA"},"image":{"@id":"https:\/\/prensapaisa.com\/#\/schema\/logo\/image\/"}},{"@type":"Person","@id":"https:\/\/prensapaisa.com\/#\/schema\/person\/c5899b8b285dbcd70faec88a7c1579f6","name":"noticias@prensapaisa.com","image":{"@type":"ImageObject","inLanguage":"es-CO","@id":"https:\/\/secure.gravatar.com\/avatar\/ca2b49c1df14b84557c567431f045ea69c8ea5da2da50309fd4de9b811da0433?s=96&d=mm&r=g","url":"https:\/\/secure.gravatar.com\/avatar\/ca2b49c1df14b84557c567431f045ea69c8ea5da2da50309fd4de9b811da0433?s=96&d=mm&r=g","contentUrl":"https:\/\/secure.gravatar.com\/avatar\/ca2b49c1df14b84557c567431f045ea69c8ea5da2da50309fd4de9b811da0433?s=96&d=mm&r=g","caption":"noticias@prensapaisa.com"},"sameAs":["http:\/\/prensapaisa.com"],"url":"https:\/\/prensapaisa.com\/index.php\/author\/prensapaisagmail-com\/"}]}},"_links":{"self":[{"href":"https:\/\/prensapaisa.com\/index.php\/wp-json\/wp\/v2\/posts\/2427","targetHints":{"allow":["GET"]}}],"collection":[{"href":"https:\/\/prensapaisa.com\/index.php\/wp-json\/wp\/v2\/posts"}],"about":[{"href":"https:\/\/prensapaisa.com\/index.php\/wp-json\/wp\/v2\/types\/post"}],"author":[{"embeddable":true,"href":"https:\/\/prensapaisa.com\/index.php\/wp-json\/wp\/v2\/users\/1"}],"replies":[{"embeddable":true,"href":"https:\/\/prensapaisa.com\/index.php\/wp-json\/wp\/v2\/comments?post=2427"}],"version-history":[{"count":1,"href":"https:\/\/prensapaisa.com\/index.php\/wp-json\/wp\/v2\/posts\/2427\/revisions"}],"predecessor-version":[{"id":2430,"href":"https:\/\/prensapaisa.com\/index.php\/wp-json\/wp\/v2\/posts\/2427\/revisions\/2430"}],"wp:featuredmedia":[{"embeddable":true,"href":"https:\/\/prensapaisa.com\/index.php\/wp-json\/wp\/v2\/media\/2429"}],"wp:attachment":[{"href":"https:\/\/prensapaisa.com\/index.php\/wp-json\/wp\/v2\/media?parent=2427"}],"wp:term":[{"taxonomy":"category","embeddable":true,"href":"https:\/\/prensapaisa.com\/index.php\/wp-json\/wp\/v2\/categories?post=2427"},{"taxonomy":"post_tag","embeddable":true,"href":"https:\/\/prensapaisa.com\/index.php\/wp-json\/wp\/v2\/tags?post=2427"}],"curies":[{"name":"wp","href":"https:\/\/api.w.org\/{rel}","templated":true}]}}