{"id":2402,"date":"2022-03-23T18:40:30","date_gmt":"2022-03-23T23:40:30","guid":{"rendered":"https:\/\/prensapaisa.com\/?p=2402"},"modified":"2022-06-09T10:19:46","modified_gmt":"2022-06-09T15:19:46","slug":"captura-dejo-a-una-persona-sin-vida-y-a-otra-herida-en-itagui","status":"publish","type":"post","link":"https:\/\/prensapaisa.com\/index.php\/2022\/03\/23\/captura-dejo-a-una-persona-sin-vida-y-a-otra-herida-en-itagui\/","title":{"rendered":"Captura dej\u00f3 a una persona sin vida y a otra herida en Itag\u00fc\u00ed"},"content":{"rendered":"\n<figure class=\"wp-block-video\"><video height=\"480\" style=\"aspect-ratio: 384 \/ 480;\" width=\"384\" controls src=\"https:\/\/prensapaisa.com\/wp-content\/uploads\/2022\/03\/277087141_477616110737952_8066234395712078117_n.mp4\"><\/video><\/figure>\n\n\n\n<p class=\"has-drop-cap\">Los hechos se presentaron cuando el cuadrante la polic\u00eda captur\u00f3 a un hombre. Luego de una requisa, a profundidad, los patrulleros pensaron que el detenido estaba sin armas.Sin embargo, el arrestado, cuando lo iban a trasladar al CAI m\u00e1s cercano, sac\u00f3 un cuchillo e hiri\u00f3 a uno de los uniformados. &#8220;El curso&#8221;, al ver a su compa\u00f1ero tirado en ma v\u00eda, sac\u00f3 su arma de dotaci\u00f3n y dispar\u00f3 contra el agresor. Minutos m\u00e1s tarde, muri\u00f3 en el lugar con el pu\u00f1al en la mano. El patrullero fue trasladado con heridas de gravedad a un hospital del Sur del Valle de Aburr\u00e1. Autoridades investigan, paso a paso, los hechos y tratan de verificar mediante c\u00e1maras de seguridad las versiones que indicaron los testigos.<\/p>\n","protected":false},"excerpt":{"rendered":"<p>Los hechos se presentaron cuando el cuadrante la polic\u00eda captur\u00f3 a un hombre. Luego de una requisa, a profundidad, los patrulleros pensaron que el detenido estaba sin armas.Sin embargo, el&hellip;<\/p>\n","protected":false},"author":1,"featured_media":2404,"comment_status":"open","ping_status":"open","sticky":false,"template":"","format":"standard","meta":{"footnotes":""},"categories":[49,43],"tags":[],"class_list":["post-2402","post","type-post","status-publish","format-standard","has-post-thumbnail","hentry","category-capturas","category-fallecidos"],"yoast_head":"<!-- This site is optimized with the Yoast SEO plugin v27.5 - https:\/\/yoast.com\/product\/yoast-seo-wordpress\/ -->\n<title>Captura dej\u00f3 a una persona sin vida y a otra herida en Itag\u00fc\u00ed - PRENSA PAISA<\/title>\n<meta name=\"robots\" content=\"index, follow, max-snippet:-1, max-image-preview:large, max-video-preview:-1\" \/>\n<link rel=\"canonical\" href=\"https:\/\/prensapaisa.com\/index.php\/2022\/03\/23\/captura-dejo-a-una-persona-sin-vida-y-a-otra-herida-en-itagui\/\" \/>\n<meta property=\"og:locale\" content=\"es_ES\" \/>\n<meta property=\"og:type\" content=\"article\" \/>\n<meta property=\"og:title\" content=\"Captura dej\u00f3 a una persona sin vida y a otra herida en Itag\u00fc\u00ed - PRENSA PAISA\" \/>\n<meta property=\"og:description\" content=\"Los hechos se presentaron cuando el cuadrante la polic\u00eda captur\u00f3 a un hombre. Luego de una requisa, a profundidad, los patrulleros pensaron que el detenido estaba sin armas.Sin embargo, el&hellip;\" \/>\n<meta property=\"og:url\" content=\"https:\/\/prensapaisa.com\/index.php\/2022\/03\/23\/captura-dejo-a-una-persona-sin-vida-y-a-otra-herida-en-itagui\/\" \/>\n<meta property=\"og:site_name\" content=\"PRENSA PAISA\" \/>\n<meta property=\"article:published_time\" content=\"2022-03-23T23:40:30+00:00\" \/>\n<meta property=\"article:modified_time\" content=\"2022-06-09T15:19:46+00:00\" \/>\n<meta property=\"og:image\" content=\"https:\/\/prensapaisa.com\/wp-content\/uploads\/2022\/03\/1-82.jpg\" \/>\n\t<meta property=\"og:image:width\" content=\"626\" \/>\n\t<meta property=\"og:image:height\" content=\"381\" \/>\n\t<meta property=\"og:image:type\" content=\"image\/jpeg\" \/>\n<meta name=\"author\" content=\"noticias@prensapaisa.com\" \/>\n<meta name=\"twitter:card\" content=\"summary_large_image\" \/>\n<meta name=\"twitter:label1\" content=\"Escrito por\" \/>\n\t<meta name=\"twitter:data1\" content=\"noticias@prensapaisa.com\" \/>\n\t<meta name=\"twitter:label2\" content=\"Tiempo de lectura\" \/>\n\t<meta name=\"twitter:data2\" content=\"1 minuto\" \/>\n<script type=\"application\/ld+json\" class=\"yoast-schema-graph\">{\"@context\":\"https:\\\/\\\/schema.org\",\"@graph\":[{\"@type\":\"Article\",\"@id\":\"https:\\\/\\\/prensapaisa.com\\\/index.php\\\/2022\\\/03\\\/23\\\/captura-dejo-a-una-persona-sin-vida-y-a-otra-herida-en-itagui\\\/#article\",\"isPartOf\":{\"@id\":\"https:\\\/\\\/prensapaisa.com\\\/index.php\\\/2022\\\/03\\\/23\\\/captura-dejo-a-una-persona-sin-vida-y-a-otra-herida-en-itagui\\\/\"},\"author\":{\"name\":\"noticias@prensapaisa.com\",\"@id\":\"https:\\\/\\\/prensapaisa.com\\\/#\\\/schema\\\/person\\\/c5899b8b285dbcd70faec88a7c1579f6\"},\"headline\":\"Captura dej\u00f3 a una persona sin vida y a otra herida en Itag\u00fc\u00ed\",\"datePublished\":\"2022-03-23T23:40:30+00:00\",\"dateModified\":\"2022-06-09T15:19:46+00:00\",\"mainEntityOfPage\":{\"@id\":\"https:\\\/\\\/prensapaisa.com\\\/index.php\\\/2022\\\/03\\\/23\\\/captura-dejo-a-una-persona-sin-vida-y-a-otra-herida-en-itagui\\\/\"},\"wordCount\":144,\"commentCount\":0,\"publisher\":{\"@id\":\"https:\\\/\\\/prensapaisa.com\\\/#organization\"},\"image\":{\"@id\":\"https:\\\/\\\/prensapaisa.com\\\/index.php\\\/2022\\\/03\\\/23\\\/captura-dejo-a-una-persona-sin-vida-y-a-otra-herida-en-itagui\\\/#primaryimage\"},\"thumbnailUrl\":\"https:\\\/\\\/prensapaisa.com\\\/wp-content\\\/uploads\\\/2022\\\/03\\\/1-82.jpg\",\"articleSection\":[\"Capturas\",\"Fallecidos\"],\"inLanguage\":\"es-CO\",\"potentialAction\":[{\"@type\":\"CommentAction\",\"name\":\"Comment\",\"target\":[\"https:\\\/\\\/prensapaisa.com\\\/index.php\\\/2022\\\/03\\\/23\\\/captura-dejo-a-una-persona-sin-vida-y-a-otra-herida-en-itagui\\\/#respond\"]}]},{\"@type\":\"WebPage\",\"@id\":\"https:\\\/\\\/prensapaisa.com\\\/index.php\\\/2022\\\/03\\\/23\\\/captura-dejo-a-una-persona-sin-vida-y-a-otra-herida-en-itagui\\\/\",\"url\":\"https:\\\/\\\/prensapaisa.com\\\/index.php\\\/2022\\\/03\\\/23\\\/captura-dejo-a-una-persona-sin-vida-y-a-otra-herida-en-itagui\\\/\",\"name\":\"Captura dej\u00f3 a una persona sin vida y a otra herida en Itag\u00fc\u00ed - PRENSA PAISA\",\"isPartOf\":{\"@id\":\"https:\\\/\\\/prensapaisa.com\\\/#website\"},\"primaryImageOfPage\":{\"@id\":\"https:\\\/\\\/prensapaisa.com\\\/index.php\\\/2022\\\/03\\\/23\\\/captura-dejo-a-una-persona-sin-vida-y-a-otra-herida-en-itagui\\\/#primaryimage\"},\"image\":{\"@id\":\"https:\\\/\\\/prensapaisa.com\\\/index.php\\\/2022\\\/03\\\/23\\\/captura-dejo-a-una-persona-sin-vida-y-a-otra-herida-en-itagui\\\/#primaryimage\"},\"thumbnailUrl\":\"https:\\\/\\\/prensapaisa.com\\\/wp-content\\\/uploads\\\/2022\\\/03\\\/1-82.jpg\",\"datePublished\":\"2022-03-23T23:40:30+00:00\",\"dateModified\":\"2022-06-09T15:19:46+00:00\",\"breadcrumb\":{\"@id\":\"https:\\\/\\\/prensapaisa.com\\\/index.php\\\/2022\\\/03\\\/23\\\/captura-dejo-a-una-persona-sin-vida-y-a-otra-herida-en-itagui\\\/#breadcrumb\"},\"inLanguage\":\"es-CO\",\"potentialAction\":[{\"@type\":\"ReadAction\",\"target\":[\"https:\\\/\\\/prensapaisa.com\\\/index.php\\\/2022\\\/03\\\/23\\\/captura-dejo-a-una-persona-sin-vida-y-a-otra-herida-en-itagui\\\/\"]}]},{\"@type\":\"ImageObject\",\"inLanguage\":\"es-CO\",\"@id\":\"https:\\\/\\\/prensapaisa.com\\\/index.php\\\/2022\\\/03\\\/23\\\/captura-dejo-a-una-persona-sin-vida-y-a-otra-herida-en-itagui\\\/#primaryimage\",\"url\":\"https:\\\/\\\/prensapaisa.com\\\/wp-content\\\/uploads\\\/2022\\\/03\\\/1-82.jpg\",\"contentUrl\":\"https:\\\/\\\/prensapaisa.com\\\/wp-content\\\/uploads\\\/2022\\\/03\\\/1-82.jpg\",\"width\":626,\"height\":381},{\"@type\":\"BreadcrumbList\",\"@id\":\"https:\\\/\\\/prensapaisa.com\\\/index.php\\\/2022\\\/03\\\/23\\\/captura-dejo-a-una-persona-sin-vida-y-a-otra-herida-en-itagui\\\/#breadcrumb\",\"itemListElement\":[{\"@type\":\"ListItem\",\"position\":1,\"name\":\"Inicio\",\"item\":\"https:\\\/\\\/prensapaisa.com\\\/\"},{\"@type\":\"ListItem\",\"position\":2,\"name\":\"Captura dej\u00f3 a una persona sin vida y a otra herida en Itag\u00fc\u00ed\"}]},{\"@type\":\"WebSite\",\"@id\":\"https:\\\/\\\/prensapaisa.com\\\/#website\",\"url\":\"https:\\\/\\\/prensapaisa.com\\\/\",\"name\":\"PRENSA PAISA\",\"description\":\"Prensa Paisa la Original | Noticias de Medell\u00edn, Antioquia\",\"publisher\":{\"@id\":\"https:\\\/\\\/prensapaisa.com\\\/#organization\"},\"potentialAction\":[{\"@type\":\"SearchAction\",\"target\":{\"@type\":\"EntryPoint\",\"urlTemplate\":\"https:\\\/\\\/prensapaisa.com\\\/?s={search_term_string}\"},\"query-input\":{\"@type\":\"PropertyValueSpecification\",\"valueRequired\":true,\"valueName\":\"search_term_string\"}}],\"inLanguage\":\"es-CO\"},{\"@type\":\"Organization\",\"@id\":\"https:\\\/\\\/prensapaisa.com\\\/#organization\",\"name\":\"PRENSA PAISA\",\"url\":\"https:\\\/\\\/prensapaisa.com\\\/\",\"logo\":{\"@type\":\"ImageObject\",\"inLanguage\":\"es-CO\",\"@id\":\"https:\\\/\\\/prensapaisa.com\\\/#\\\/schema\\\/logo\\\/image\\\/\",\"url\":\"https:\\\/\\\/prensapaisa.com\\\/wp-content\\\/uploads\\\/2022\\\/05\\\/cropped-cropped-prensa.png\",\"contentUrl\":\"https:\\\/\\\/prensapaisa.com\\\/wp-content\\\/uploads\\\/2022\\\/05\\\/cropped-cropped-prensa.png\",\"width\":784,\"height\":524,\"caption\":\"PRENSA PAISA\"},\"image\":{\"@id\":\"https:\\\/\\\/prensapaisa.com\\\/#\\\/schema\\\/logo\\\/image\\\/\"}},{\"@type\":\"Person\",\"@id\":\"https:\\\/\\\/prensapaisa.com\\\/#\\\/schema\\\/person\\\/c5899b8b285dbcd70faec88a7c1579f6\",\"name\":\"noticias@prensapaisa.com\",\"image\":{\"@type\":\"ImageObject\",\"inLanguage\":\"es-CO\",\"@id\":\"https:\\\/\\\/secure.gravatar.com\\\/avatar\\\/ca2b49c1df14b84557c567431f045ea69c8ea5da2da50309fd4de9b811da0433?s=96&d=mm&r=g\",\"url\":\"https:\\\/\\\/secure.gravatar.com\\\/avatar\\\/ca2b49c1df14b84557c567431f045ea69c8ea5da2da50309fd4de9b811da0433?s=96&d=mm&r=g\",\"contentUrl\":\"https:\\\/\\\/secure.gravatar.com\\\/avatar\\\/ca2b49c1df14b84557c567431f045ea69c8ea5da2da50309fd4de9b811da0433?s=96&d=mm&r=g\",\"caption\":\"noticias@prensapaisa.com\"},\"sameAs\":[\"http:\\\/\\\/prensapaisa.com\"],\"url\":\"https:\\\/\\\/prensapaisa.com\\\/index.php\\\/author\\\/prensapaisagmail-com\\\/\"}]}<\/script>\n<!-- \/ Yoast SEO plugin. -->","yoast_head_json":{"title":"Captura dej\u00f3 a una persona sin vida y a otra herida en Itag\u00fc\u00ed - PRENSA PAISA","robots":{"index":"index","follow":"follow","max-snippet":"max-snippet:-1","max-image-preview":"max-image-preview:large","max-video-preview":"max-video-preview:-1"},"canonical":"https:\/\/prensapaisa.com\/index.php\/2022\/03\/23\/captura-dejo-a-una-persona-sin-vida-y-a-otra-herida-en-itagui\/","og_locale":"es_ES","og_type":"article","og_title":"Captura dej\u00f3 a una persona sin vida y a otra herida en Itag\u00fc\u00ed - PRENSA PAISA","og_description":"Los hechos se presentaron cuando el cuadrante la polic\u00eda captur\u00f3 a un hombre. Luego de una requisa, a profundidad, los patrulleros pensaron que el detenido estaba sin armas.Sin embargo, el&hellip;","og_url":"https:\/\/prensapaisa.com\/index.php\/2022\/03\/23\/captura-dejo-a-una-persona-sin-vida-y-a-otra-herida-en-itagui\/","og_site_name":"PRENSA PAISA","article_published_time":"2022-03-23T23:40:30+00:00","article_modified_time":"2022-06-09T15:19:46+00:00","og_image":[{"width":626,"height":381,"url":"https:\/\/prensapaisa.com\/wp-content\/uploads\/2022\/03\/1-82.jpg","type":"image\/jpeg"}],"author":"noticias@prensapaisa.com","twitter_card":"summary_large_image","twitter_misc":{"Escrito por":"noticias@prensapaisa.com","Tiempo de lectura":"1 minuto"},"schema":{"@context":"https:\/\/schema.org","@graph":[{"@type":"Article","@id":"https:\/\/prensapaisa.com\/index.php\/2022\/03\/23\/captura-dejo-a-una-persona-sin-vida-y-a-otra-herida-en-itagui\/#article","isPartOf":{"@id":"https:\/\/prensapaisa.com\/index.php\/2022\/03\/23\/captura-dejo-a-una-persona-sin-vida-y-a-otra-herida-en-itagui\/"},"author":{"name":"noticias@prensapaisa.com","@id":"https:\/\/prensapaisa.com\/#\/schema\/person\/c5899b8b285dbcd70faec88a7c1579f6"},"headline":"Captura dej\u00f3 a una persona sin vida y a otra herida en Itag\u00fc\u00ed","datePublished":"2022-03-23T23:40:30+00:00","dateModified":"2022-06-09T15:19:46+00:00","mainEntityOfPage":{"@id":"https:\/\/prensapaisa.com\/index.php\/2022\/03\/23\/captura-dejo-a-una-persona-sin-vida-y-a-otra-herida-en-itagui\/"},"wordCount":144,"commentCount":0,"publisher":{"@id":"https:\/\/prensapaisa.com\/#organization"},"image":{"@id":"https:\/\/prensapaisa.com\/index.php\/2022\/03\/23\/captura-dejo-a-una-persona-sin-vida-y-a-otra-herida-en-itagui\/#primaryimage"},"thumbnailUrl":"https:\/\/prensapaisa.com\/wp-content\/uploads\/2022\/03\/1-82.jpg","articleSection":["Capturas","Fallecidos"],"inLanguage":"es-CO","potentialAction":[{"@type":"CommentAction","name":"Comment","target":["https:\/\/prensapaisa.com\/index.php\/2022\/03\/23\/captura-dejo-a-una-persona-sin-vida-y-a-otra-herida-en-itagui\/#respond"]}]},{"@type":"WebPage","@id":"https:\/\/prensapaisa.com\/index.php\/2022\/03\/23\/captura-dejo-a-una-persona-sin-vida-y-a-otra-herida-en-itagui\/","url":"https:\/\/prensapaisa.com\/index.php\/2022\/03\/23\/captura-dejo-a-una-persona-sin-vida-y-a-otra-herida-en-itagui\/","name":"Captura dej\u00f3 a una persona sin vida y a otra herida en Itag\u00fc\u00ed - PRENSA PAISA","isPartOf":{"@id":"https:\/\/prensapaisa.com\/#website"},"primaryImageOfPage":{"@id":"https:\/\/prensapaisa.com\/index.php\/2022\/03\/23\/captura-dejo-a-una-persona-sin-vida-y-a-otra-herida-en-itagui\/#primaryimage"},"image":{"@id":"https:\/\/prensapaisa.com\/index.php\/2022\/03\/23\/captura-dejo-a-una-persona-sin-vida-y-a-otra-herida-en-itagui\/#primaryimage"},"thumbnailUrl":"https:\/\/prensapaisa.com\/wp-content\/uploads\/2022\/03\/1-82.jpg","datePublished":"2022-03-23T23:40:30+00:00","dateModified":"2022-06-09T15:19:46+00:00","breadcrumb":{"@id":"https:\/\/prensapaisa.com\/index.php\/2022\/03\/23\/captura-dejo-a-una-persona-sin-vida-y-a-otra-herida-en-itagui\/#breadcrumb"},"inLanguage":"es-CO","potentialAction":[{"@type":"ReadAction","target":["https:\/\/prensapaisa.com\/index.php\/2022\/03\/23\/captura-dejo-a-una-persona-sin-vida-y-a-otra-herida-en-itagui\/"]}]},{"@type":"ImageObject","inLanguage":"es-CO","@id":"https:\/\/prensapaisa.com\/index.php\/2022\/03\/23\/captura-dejo-a-una-persona-sin-vida-y-a-otra-herida-en-itagui\/#primaryimage","url":"https:\/\/prensapaisa.com\/wp-content\/uploads\/2022\/03\/1-82.jpg","contentUrl":"https:\/\/prensapaisa.com\/wp-content\/uploads\/2022\/03\/1-82.jpg","width":626,"height":381},{"@type":"BreadcrumbList","@id":"https:\/\/prensapaisa.com\/index.php\/2022\/03\/23\/captura-dejo-a-una-persona-sin-vida-y-a-otra-herida-en-itagui\/#breadcrumb","itemListElement":[{"@type":"ListItem","position":1,"name":"Inicio","item":"https:\/\/prensapaisa.com\/"},{"@type":"ListItem","position":2,"name":"Captura dej\u00f3 a una persona sin vida y a otra herida en Itag\u00fc\u00ed"}]},{"@type":"WebSite","@id":"https:\/\/prensapaisa.com\/#website","url":"https:\/\/prensapaisa.com\/","name":"PRENSA PAISA","description":"Prensa Paisa la Original | Noticias de Medell\u00edn, Antioquia","publisher":{"@id":"https:\/\/prensapaisa.com\/#organization"},"potentialAction":[{"@type":"SearchAction","target":{"@type":"EntryPoint","urlTemplate":"https:\/\/prensapaisa.com\/?s={search_term_string}"},"query-input":{"@type":"PropertyValueSpecification","valueRequired":true,"valueName":"search_term_string"}}],"inLanguage":"es-CO"},{"@type":"Organization","@id":"https:\/\/prensapaisa.com\/#organization","name":"PRENSA PAISA","url":"https:\/\/prensapaisa.com\/","logo":{"@type":"ImageObject","inLanguage":"es-CO","@id":"https:\/\/prensapaisa.com\/#\/schema\/logo\/image\/","url":"https:\/\/prensapaisa.com\/wp-content\/uploads\/2022\/05\/cropped-cropped-prensa.png","contentUrl":"https:\/\/prensapaisa.com\/wp-content\/uploads\/2022\/05\/cropped-cropped-prensa.png","width":784,"height":524,"caption":"PRENSA PAISA"},"image":{"@id":"https:\/\/prensapaisa.com\/#\/schema\/logo\/image\/"}},{"@type":"Person","@id":"https:\/\/prensapaisa.com\/#\/schema\/person\/c5899b8b285dbcd70faec88a7c1579f6","name":"noticias@prensapaisa.com","image":{"@type":"ImageObject","inLanguage":"es-CO","@id":"https:\/\/secure.gravatar.com\/avatar\/ca2b49c1df14b84557c567431f045ea69c8ea5da2da50309fd4de9b811da0433?s=96&d=mm&r=g","url":"https:\/\/secure.gravatar.com\/avatar\/ca2b49c1df14b84557c567431f045ea69c8ea5da2da50309fd4de9b811da0433?s=96&d=mm&r=g","contentUrl":"https:\/\/secure.gravatar.com\/avatar\/ca2b49c1df14b84557c567431f045ea69c8ea5da2da50309fd4de9b811da0433?s=96&d=mm&r=g","caption":"noticias@prensapaisa.com"},"sameAs":["http:\/\/prensapaisa.com"],"url":"https:\/\/prensapaisa.com\/index.php\/author\/prensapaisagmail-com\/"}]}},"_links":{"self":[{"href":"https:\/\/prensapaisa.com\/index.php\/wp-json\/wp\/v2\/posts\/2402","targetHints":{"allow":["GET"]}}],"collection":[{"href":"https:\/\/prensapaisa.com\/index.php\/wp-json\/wp\/v2\/posts"}],"about":[{"href":"https:\/\/prensapaisa.com\/index.php\/wp-json\/wp\/v2\/types\/post"}],"author":[{"embeddable":true,"href":"https:\/\/prensapaisa.com\/index.php\/wp-json\/wp\/v2\/users\/1"}],"replies":[{"embeddable":true,"href":"https:\/\/prensapaisa.com\/index.php\/wp-json\/wp\/v2\/comments?post=2402"}],"version-history":[{"count":1,"href":"https:\/\/prensapaisa.com\/index.php\/wp-json\/wp\/v2\/posts\/2402\/revisions"}],"predecessor-version":[{"id":2405,"href":"https:\/\/prensapaisa.com\/index.php\/wp-json\/wp\/v2\/posts\/2402\/revisions\/2405"}],"wp:featuredmedia":[{"embeddable":true,"href":"https:\/\/prensapaisa.com\/index.php\/wp-json\/wp\/v2\/media\/2404"}],"wp:attachment":[{"href":"https:\/\/prensapaisa.com\/index.php\/wp-json\/wp\/v2\/media?parent=2402"}],"wp:term":[{"taxonomy":"category","embeddable":true,"href":"https:\/\/prensapaisa.com\/index.php\/wp-json\/wp\/v2\/categories?post=2402"},{"taxonomy":"post_tag","embeddable":true,"href":"https:\/\/prensapaisa.com\/index.php\/wp-json\/wp\/v2\/tags?post=2402"}],"curies":[{"name":"wp","href":"https:\/\/api.w.org\/{rel}","templated":true}]}}