{"id":2150,"date":"2022-03-17T13:50:37","date_gmt":"2022-03-17T18:50:37","guid":{"rendered":"https:\/\/prensapaisa.com\/?p=2150"},"modified":"2022-06-09T10:32:15","modified_gmt":"2022-06-09T15:32:15","slug":"colegialas-denuncian-acoso-por-parte-de-un-estudiante-en-las-aulas-de-clase","status":"publish","type":"post","link":"https:\/\/prensapaisa.com\/index.php\/2022\/03\/17\/colegialas-denuncian-acoso-por-parte-de-un-estudiante-en-las-aulas-de-clase\/","title":{"rendered":"Colegialas denuncian acoso por parte de un estudiante en las aulas de clase"},"content":{"rendered":"\n<figure class=\"wp-block-video\"><video height=\"426\" style=\"aspect-ratio: 426 \/ 426;\" width=\"426\" controls src=\"https:\/\/prensapaisa.com\/wp-content\/uploads\/2022\/03\/275898708_148301034319087_5100518875217606784_n.mp4\"><\/video><\/figure>\n\n\n\n<p>Un nuevo caso de acoso denunciaron los estudiantes de la Instituci\u00f3n Educativa Alejandro V\u00e9lez Barrientos, en Envigado, luego del pronunciamiento de varias colegialas sobre un compa\u00f1ero que les hizo unas propuestas muy incomodas y sospechosas.<\/p>\n","protected":false},"excerpt":{"rendered":"<p>Un nuevo caso de acoso denunciaron los estudiantes de la Instituci\u00f3n Educativa Alejandro V\u00e9lez Barrientos, en Envigado, luego del pronunciamiento de varias colegialas sobre un compa\u00f1ero que les hizo unas&hellip;<\/p>\n","protected":false},"author":1,"featured_media":2142,"comment_status":"open","ping_status":"open","sticky":false,"template":"","format":"standard","meta":{"footnotes":""},"categories":[50],"tags":[],"class_list":["post-2150","post","type-post","status-publish","format-standard","has-post-thumbnail","hentry","category-denuncias"],"yoast_head":"<!-- This site is optimized with the Yoast SEO plugin v27.4 - https:\/\/yoast.com\/product\/yoast-seo-wordpress\/ -->\n<title>Colegialas denuncian acoso por parte de un estudiante en las aulas de clase - PRENSA PAISA<\/title>\n<meta name=\"robots\" content=\"index, follow, max-snippet:-1, max-image-preview:large, max-video-preview:-1\" \/>\n<link rel=\"canonical\" href=\"https:\/\/prensapaisa.com\/index.php\/2022\/03\/17\/colegialas-denuncian-acoso-por-parte-de-un-estudiante-en-las-aulas-de-clase\/\" \/>\n<meta property=\"og:locale\" content=\"es_ES\" \/>\n<meta property=\"og:type\" content=\"article\" \/>\n<meta property=\"og:title\" content=\"Colegialas denuncian acoso por parte de un estudiante en las aulas de clase - PRENSA PAISA\" \/>\n<meta property=\"og:description\" content=\"Un nuevo caso de acoso denunciaron los estudiantes de la Instituci\u00f3n Educativa Alejandro V\u00e9lez Barrientos, en Envigado, luego del pronunciamiento de varias colegialas sobre un compa\u00f1ero que les hizo unas&hellip;\" \/>\n<meta property=\"og:url\" content=\"https:\/\/prensapaisa.com\/index.php\/2022\/03\/17\/colegialas-denuncian-acoso-por-parte-de-un-estudiante-en-las-aulas-de-clase\/\" \/>\n<meta property=\"og:site_name\" content=\"PRENSA PAISA\" \/>\n<meta property=\"article:published_time\" content=\"2022-03-17T18:50:37+00:00\" \/>\n<meta property=\"article:modified_time\" content=\"2022-06-09T15:32:15+00:00\" \/>\n<meta property=\"og:image\" content=\"https:\/\/prensapaisa.com\/wp-content\/uploads\/2022\/03\/2-29.jpg\" \/>\n\t<meta property=\"og:image:width\" content=\"810\" \/>\n\t<meta property=\"og:image:height\" content=\"810\" \/>\n\t<meta property=\"og:image:type\" content=\"image\/jpeg\" \/>\n<meta name=\"author\" content=\"noticias@prensapaisa.com\" \/>\n<meta name=\"twitter:card\" content=\"summary_large_image\" \/>\n<meta name=\"twitter:label1\" content=\"Escrito por\" \/>\n\t<meta name=\"twitter:data1\" content=\"noticias@prensapaisa.com\" \/>\n<script type=\"application\/ld+json\" class=\"yoast-schema-graph\">{\"@context\":\"https:\\\/\\\/schema.org\",\"@graph\":[{\"@type\":\"Article\",\"@id\":\"https:\\\/\\\/prensapaisa.com\\\/index.php\\\/2022\\\/03\\\/17\\\/colegialas-denuncian-acoso-por-parte-de-un-estudiante-en-las-aulas-de-clase\\\/#article\",\"isPartOf\":{\"@id\":\"https:\\\/\\\/prensapaisa.com\\\/index.php\\\/2022\\\/03\\\/17\\\/colegialas-denuncian-acoso-por-parte-de-un-estudiante-en-las-aulas-de-clase\\\/\"},\"author\":{\"name\":\"noticias@prensapaisa.com\",\"@id\":\"https:\\\/\\\/prensapaisa.com\\\/#\\\/schema\\\/person\\\/c5899b8b285dbcd70faec88a7c1579f6\"},\"headline\":\"Colegialas denuncian acoso por parte de un estudiante en las aulas de clase\",\"datePublished\":\"2022-03-17T18:50:37+00:00\",\"dateModified\":\"2022-06-09T15:32:15+00:00\",\"mainEntityOfPage\":{\"@id\":\"https:\\\/\\\/prensapaisa.com\\\/index.php\\\/2022\\\/03\\\/17\\\/colegialas-denuncian-acoso-por-parte-de-un-estudiante-en-las-aulas-de-clase\\\/\"},\"wordCount\":51,\"commentCount\":0,\"publisher\":{\"@id\":\"https:\\\/\\\/prensapaisa.com\\\/#organization\"},\"image\":{\"@id\":\"https:\\\/\\\/prensapaisa.com\\\/index.php\\\/2022\\\/03\\\/17\\\/colegialas-denuncian-acoso-por-parte-de-un-estudiante-en-las-aulas-de-clase\\\/#primaryimage\"},\"thumbnailUrl\":\"https:\\\/\\\/prensapaisa.com\\\/wp-content\\\/uploads\\\/2022\\\/03\\\/2-29.jpg\",\"articleSection\":[\"Denuncias\"],\"inLanguage\":\"es-CO\",\"potentialAction\":[{\"@type\":\"CommentAction\",\"name\":\"Comment\",\"target\":[\"https:\\\/\\\/prensapaisa.com\\\/index.php\\\/2022\\\/03\\\/17\\\/colegialas-denuncian-acoso-por-parte-de-un-estudiante-en-las-aulas-de-clase\\\/#respond\"]}]},{\"@type\":\"WebPage\",\"@id\":\"https:\\\/\\\/prensapaisa.com\\\/index.php\\\/2022\\\/03\\\/17\\\/colegialas-denuncian-acoso-por-parte-de-un-estudiante-en-las-aulas-de-clase\\\/\",\"url\":\"https:\\\/\\\/prensapaisa.com\\\/index.php\\\/2022\\\/03\\\/17\\\/colegialas-denuncian-acoso-por-parte-de-un-estudiante-en-las-aulas-de-clase\\\/\",\"name\":\"Colegialas denuncian acoso por parte de un estudiante en las aulas de clase - PRENSA PAISA\",\"isPartOf\":{\"@id\":\"https:\\\/\\\/prensapaisa.com\\\/#website\"},\"primaryImageOfPage\":{\"@id\":\"https:\\\/\\\/prensapaisa.com\\\/index.php\\\/2022\\\/03\\\/17\\\/colegialas-denuncian-acoso-por-parte-de-un-estudiante-en-las-aulas-de-clase\\\/#primaryimage\"},\"image\":{\"@id\":\"https:\\\/\\\/prensapaisa.com\\\/index.php\\\/2022\\\/03\\\/17\\\/colegialas-denuncian-acoso-por-parte-de-un-estudiante-en-las-aulas-de-clase\\\/#primaryimage\"},\"thumbnailUrl\":\"https:\\\/\\\/prensapaisa.com\\\/wp-content\\\/uploads\\\/2022\\\/03\\\/2-29.jpg\",\"datePublished\":\"2022-03-17T18:50:37+00:00\",\"dateModified\":\"2022-06-09T15:32:15+00:00\",\"breadcrumb\":{\"@id\":\"https:\\\/\\\/prensapaisa.com\\\/index.php\\\/2022\\\/03\\\/17\\\/colegialas-denuncian-acoso-por-parte-de-un-estudiante-en-las-aulas-de-clase\\\/#breadcrumb\"},\"inLanguage\":\"es-CO\",\"potentialAction\":[{\"@type\":\"ReadAction\",\"target\":[\"https:\\\/\\\/prensapaisa.com\\\/index.php\\\/2022\\\/03\\\/17\\\/colegialas-denuncian-acoso-por-parte-de-un-estudiante-en-las-aulas-de-clase\\\/\"]}]},{\"@type\":\"ImageObject\",\"inLanguage\":\"es-CO\",\"@id\":\"https:\\\/\\\/prensapaisa.com\\\/index.php\\\/2022\\\/03\\\/17\\\/colegialas-denuncian-acoso-por-parte-de-un-estudiante-en-las-aulas-de-clase\\\/#primaryimage\",\"url\":\"https:\\\/\\\/prensapaisa.com\\\/wp-content\\\/uploads\\\/2022\\\/03\\\/2-29.jpg\",\"contentUrl\":\"https:\\\/\\\/prensapaisa.com\\\/wp-content\\\/uploads\\\/2022\\\/03\\\/2-29.jpg\",\"width\":810,\"height\":810},{\"@type\":\"BreadcrumbList\",\"@id\":\"https:\\\/\\\/prensapaisa.com\\\/index.php\\\/2022\\\/03\\\/17\\\/colegialas-denuncian-acoso-por-parte-de-un-estudiante-en-las-aulas-de-clase\\\/#breadcrumb\",\"itemListElement\":[{\"@type\":\"ListItem\",\"position\":1,\"name\":\"Inicio\",\"item\":\"https:\\\/\\\/prensapaisa.com\\\/\"},{\"@type\":\"ListItem\",\"position\":2,\"name\":\"Colegialas denuncian acoso por parte de un estudiante en las aulas de clase\"}]},{\"@type\":\"WebSite\",\"@id\":\"https:\\\/\\\/prensapaisa.com\\\/#website\",\"url\":\"https:\\\/\\\/prensapaisa.com\\\/\",\"name\":\"PRENSA PAISA\",\"description\":\"Prensa Paisa la Original | Noticias de Medell\u00edn, Antioquia\",\"publisher\":{\"@id\":\"https:\\\/\\\/prensapaisa.com\\\/#organization\"},\"potentialAction\":[{\"@type\":\"SearchAction\",\"target\":{\"@type\":\"EntryPoint\",\"urlTemplate\":\"https:\\\/\\\/prensapaisa.com\\\/?s={search_term_string}\"},\"query-input\":{\"@type\":\"PropertyValueSpecification\",\"valueRequired\":true,\"valueName\":\"search_term_string\"}}],\"inLanguage\":\"es-CO\"},{\"@type\":\"Organization\",\"@id\":\"https:\\\/\\\/prensapaisa.com\\\/#organization\",\"name\":\"PRENSA PAISA\",\"url\":\"https:\\\/\\\/prensapaisa.com\\\/\",\"logo\":{\"@type\":\"ImageObject\",\"inLanguage\":\"es-CO\",\"@id\":\"https:\\\/\\\/prensapaisa.com\\\/#\\\/schema\\\/logo\\\/image\\\/\",\"url\":\"https:\\\/\\\/prensapaisa.com\\\/wp-content\\\/uploads\\\/2022\\\/05\\\/cropped-cropped-prensa.png\",\"contentUrl\":\"https:\\\/\\\/prensapaisa.com\\\/wp-content\\\/uploads\\\/2022\\\/05\\\/cropped-cropped-prensa.png\",\"width\":784,\"height\":524,\"caption\":\"PRENSA PAISA\"},\"image\":{\"@id\":\"https:\\\/\\\/prensapaisa.com\\\/#\\\/schema\\\/logo\\\/image\\\/\"}},{\"@type\":\"Person\",\"@id\":\"https:\\\/\\\/prensapaisa.com\\\/#\\\/schema\\\/person\\\/c5899b8b285dbcd70faec88a7c1579f6\",\"name\":\"noticias@prensapaisa.com\",\"image\":{\"@type\":\"ImageObject\",\"inLanguage\":\"es-CO\",\"@id\":\"https:\\\/\\\/secure.gravatar.com\\\/avatar\\\/ca2b49c1df14b84557c567431f045ea69c8ea5da2da50309fd4de9b811da0433?s=96&d=mm&r=g\",\"url\":\"https:\\\/\\\/secure.gravatar.com\\\/avatar\\\/ca2b49c1df14b84557c567431f045ea69c8ea5da2da50309fd4de9b811da0433?s=96&d=mm&r=g\",\"contentUrl\":\"https:\\\/\\\/secure.gravatar.com\\\/avatar\\\/ca2b49c1df14b84557c567431f045ea69c8ea5da2da50309fd4de9b811da0433?s=96&d=mm&r=g\",\"caption\":\"noticias@prensapaisa.com\"},\"sameAs\":[\"http:\\\/\\\/prensapaisa.com\"],\"url\":\"https:\\\/\\\/prensapaisa.com\\\/index.php\\\/author\\\/prensapaisagmail-com\\\/\"}]}<\/script>\n<!-- \/ Yoast SEO plugin. -->","yoast_head_json":{"title":"Colegialas denuncian acoso por parte de un estudiante en las aulas de clase - PRENSA PAISA","robots":{"index":"index","follow":"follow","max-snippet":"max-snippet:-1","max-image-preview":"max-image-preview:large","max-video-preview":"max-video-preview:-1"},"canonical":"https:\/\/prensapaisa.com\/index.php\/2022\/03\/17\/colegialas-denuncian-acoso-por-parte-de-un-estudiante-en-las-aulas-de-clase\/","og_locale":"es_ES","og_type":"article","og_title":"Colegialas denuncian acoso por parte de un estudiante en las aulas de clase - PRENSA PAISA","og_description":"Un nuevo caso de acoso denunciaron los estudiantes de la Instituci\u00f3n Educativa Alejandro V\u00e9lez Barrientos, en Envigado, luego del pronunciamiento de varias colegialas sobre un compa\u00f1ero que les hizo unas&hellip;","og_url":"https:\/\/prensapaisa.com\/index.php\/2022\/03\/17\/colegialas-denuncian-acoso-por-parte-de-un-estudiante-en-las-aulas-de-clase\/","og_site_name":"PRENSA PAISA","article_published_time":"2022-03-17T18:50:37+00:00","article_modified_time":"2022-06-09T15:32:15+00:00","og_image":[{"width":810,"height":810,"url":"https:\/\/prensapaisa.com\/wp-content\/uploads\/2022\/03\/2-29.jpg","type":"image\/jpeg"}],"author":"noticias@prensapaisa.com","twitter_card":"summary_large_image","twitter_misc":{"Escrito por":"noticias@prensapaisa.com"},"schema":{"@context":"https:\/\/schema.org","@graph":[{"@type":"Article","@id":"https:\/\/prensapaisa.com\/index.php\/2022\/03\/17\/colegialas-denuncian-acoso-por-parte-de-un-estudiante-en-las-aulas-de-clase\/#article","isPartOf":{"@id":"https:\/\/prensapaisa.com\/index.php\/2022\/03\/17\/colegialas-denuncian-acoso-por-parte-de-un-estudiante-en-las-aulas-de-clase\/"},"author":{"name":"noticias@prensapaisa.com","@id":"https:\/\/prensapaisa.com\/#\/schema\/person\/c5899b8b285dbcd70faec88a7c1579f6"},"headline":"Colegialas denuncian acoso por parte de un estudiante en las aulas de clase","datePublished":"2022-03-17T18:50:37+00:00","dateModified":"2022-06-09T15:32:15+00:00","mainEntityOfPage":{"@id":"https:\/\/prensapaisa.com\/index.php\/2022\/03\/17\/colegialas-denuncian-acoso-por-parte-de-un-estudiante-en-las-aulas-de-clase\/"},"wordCount":51,"commentCount":0,"publisher":{"@id":"https:\/\/prensapaisa.com\/#organization"},"image":{"@id":"https:\/\/prensapaisa.com\/index.php\/2022\/03\/17\/colegialas-denuncian-acoso-por-parte-de-un-estudiante-en-las-aulas-de-clase\/#primaryimage"},"thumbnailUrl":"https:\/\/prensapaisa.com\/wp-content\/uploads\/2022\/03\/2-29.jpg","articleSection":["Denuncias"],"inLanguage":"es-CO","potentialAction":[{"@type":"CommentAction","name":"Comment","target":["https:\/\/prensapaisa.com\/index.php\/2022\/03\/17\/colegialas-denuncian-acoso-por-parte-de-un-estudiante-en-las-aulas-de-clase\/#respond"]}]},{"@type":"WebPage","@id":"https:\/\/prensapaisa.com\/index.php\/2022\/03\/17\/colegialas-denuncian-acoso-por-parte-de-un-estudiante-en-las-aulas-de-clase\/","url":"https:\/\/prensapaisa.com\/index.php\/2022\/03\/17\/colegialas-denuncian-acoso-por-parte-de-un-estudiante-en-las-aulas-de-clase\/","name":"Colegialas denuncian acoso por parte de un estudiante en las aulas de clase - PRENSA PAISA","isPartOf":{"@id":"https:\/\/prensapaisa.com\/#website"},"primaryImageOfPage":{"@id":"https:\/\/prensapaisa.com\/index.php\/2022\/03\/17\/colegialas-denuncian-acoso-por-parte-de-un-estudiante-en-las-aulas-de-clase\/#primaryimage"},"image":{"@id":"https:\/\/prensapaisa.com\/index.php\/2022\/03\/17\/colegialas-denuncian-acoso-por-parte-de-un-estudiante-en-las-aulas-de-clase\/#primaryimage"},"thumbnailUrl":"https:\/\/prensapaisa.com\/wp-content\/uploads\/2022\/03\/2-29.jpg","datePublished":"2022-03-17T18:50:37+00:00","dateModified":"2022-06-09T15:32:15+00:00","breadcrumb":{"@id":"https:\/\/prensapaisa.com\/index.php\/2022\/03\/17\/colegialas-denuncian-acoso-por-parte-de-un-estudiante-en-las-aulas-de-clase\/#breadcrumb"},"inLanguage":"es-CO","potentialAction":[{"@type":"ReadAction","target":["https:\/\/prensapaisa.com\/index.php\/2022\/03\/17\/colegialas-denuncian-acoso-por-parte-de-un-estudiante-en-las-aulas-de-clase\/"]}]},{"@type":"ImageObject","inLanguage":"es-CO","@id":"https:\/\/prensapaisa.com\/index.php\/2022\/03\/17\/colegialas-denuncian-acoso-por-parte-de-un-estudiante-en-las-aulas-de-clase\/#primaryimage","url":"https:\/\/prensapaisa.com\/wp-content\/uploads\/2022\/03\/2-29.jpg","contentUrl":"https:\/\/prensapaisa.com\/wp-content\/uploads\/2022\/03\/2-29.jpg","width":810,"height":810},{"@type":"BreadcrumbList","@id":"https:\/\/prensapaisa.com\/index.php\/2022\/03\/17\/colegialas-denuncian-acoso-por-parte-de-un-estudiante-en-las-aulas-de-clase\/#breadcrumb","itemListElement":[{"@type":"ListItem","position":1,"name":"Inicio","item":"https:\/\/prensapaisa.com\/"},{"@type":"ListItem","position":2,"name":"Colegialas denuncian acoso por parte de un estudiante en las aulas de clase"}]},{"@type":"WebSite","@id":"https:\/\/prensapaisa.com\/#website","url":"https:\/\/prensapaisa.com\/","name":"PRENSA PAISA","description":"Prensa Paisa la Original | Noticias de Medell\u00edn, Antioquia","publisher":{"@id":"https:\/\/prensapaisa.com\/#organization"},"potentialAction":[{"@type":"SearchAction","target":{"@type":"EntryPoint","urlTemplate":"https:\/\/prensapaisa.com\/?s={search_term_string}"},"query-input":{"@type":"PropertyValueSpecification","valueRequired":true,"valueName":"search_term_string"}}],"inLanguage":"es-CO"},{"@type":"Organization","@id":"https:\/\/prensapaisa.com\/#organization","name":"PRENSA PAISA","url":"https:\/\/prensapaisa.com\/","logo":{"@type":"ImageObject","inLanguage":"es-CO","@id":"https:\/\/prensapaisa.com\/#\/schema\/logo\/image\/","url":"https:\/\/prensapaisa.com\/wp-content\/uploads\/2022\/05\/cropped-cropped-prensa.png","contentUrl":"https:\/\/prensapaisa.com\/wp-content\/uploads\/2022\/05\/cropped-cropped-prensa.png","width":784,"height":524,"caption":"PRENSA PAISA"},"image":{"@id":"https:\/\/prensapaisa.com\/#\/schema\/logo\/image\/"}},{"@type":"Person","@id":"https:\/\/prensapaisa.com\/#\/schema\/person\/c5899b8b285dbcd70faec88a7c1579f6","name":"noticias@prensapaisa.com","image":{"@type":"ImageObject","inLanguage":"es-CO","@id":"https:\/\/secure.gravatar.com\/avatar\/ca2b49c1df14b84557c567431f045ea69c8ea5da2da50309fd4de9b811da0433?s=96&d=mm&r=g","url":"https:\/\/secure.gravatar.com\/avatar\/ca2b49c1df14b84557c567431f045ea69c8ea5da2da50309fd4de9b811da0433?s=96&d=mm&r=g","contentUrl":"https:\/\/secure.gravatar.com\/avatar\/ca2b49c1df14b84557c567431f045ea69c8ea5da2da50309fd4de9b811da0433?s=96&d=mm&r=g","caption":"noticias@prensapaisa.com"},"sameAs":["http:\/\/prensapaisa.com"],"url":"https:\/\/prensapaisa.com\/index.php\/author\/prensapaisagmail-com\/"}]}},"_links":{"self":[{"href":"https:\/\/prensapaisa.com\/index.php\/wp-json\/wp\/v2\/posts\/2150","targetHints":{"allow":["GET"]}}],"collection":[{"href":"https:\/\/prensapaisa.com\/index.php\/wp-json\/wp\/v2\/posts"}],"about":[{"href":"https:\/\/prensapaisa.com\/index.php\/wp-json\/wp\/v2\/types\/post"}],"author":[{"embeddable":true,"href":"https:\/\/prensapaisa.com\/index.php\/wp-json\/wp\/v2\/users\/1"}],"replies":[{"embeddable":true,"href":"https:\/\/prensapaisa.com\/index.php\/wp-json\/wp\/v2\/comments?post=2150"}],"version-history":[{"count":1,"href":"https:\/\/prensapaisa.com\/index.php\/wp-json\/wp\/v2\/posts\/2150\/revisions"}],"predecessor-version":[{"id":2152,"href":"https:\/\/prensapaisa.com\/index.php\/wp-json\/wp\/v2\/posts\/2150\/revisions\/2152"}],"wp:featuredmedia":[{"embeddable":true,"href":"https:\/\/prensapaisa.com\/index.php\/wp-json\/wp\/v2\/media\/2142"}],"wp:attachment":[{"href":"https:\/\/prensapaisa.com\/index.php\/wp-json\/wp\/v2\/media?parent=2150"}],"wp:term":[{"taxonomy":"category","embeddable":true,"href":"https:\/\/prensapaisa.com\/index.php\/wp-json\/wp\/v2\/categories?post=2150"},{"taxonomy":"post_tag","embeddable":true,"href":"https:\/\/prensapaisa.com\/index.php\/wp-json\/wp\/v2\/tags?post=2150"}],"curies":[{"name":"wp","href":"https:\/\/api.w.org\/{rel}","templated":true}]}}