{"id":17191,"date":"2026-09-04T13:17:14","date_gmt":"2026-09-04T18:17:14","guid":{"rendered":"https:\/\/prensapaisa.com\/?p=17191"},"modified":"2026-09-04T13:17:14","modified_gmt":"2026-09-04T18:17:14","slug":"les-prometieron-vidas-becas-y-una-vida-en-europa-pero-terminaron-trabajando-16-horas-al-dia-en-espana","status":"publish","type":"post","link":"https:\/\/prensapaisa.com\/index.php\/2026\/09\/04\/les-prometieron-vidas-becas-y-una-vida-en-europa-pero-terminaron-trabajando-16-horas-al-dia-en-espana\/","title":{"rendered":"Les prometieron vidas, becas y una vida en Europa, pero terminaron trabajando 16 horas al d\u00eda en Espa\u00f1a"},"content":{"rendered":"\n<p class=\"wp-block-paragraph\">El sue\u00f1o de viajar a Europa, estudiar y conseguir una oportunidad para salir adelante termin\u00f3 convirti\u00e9ndose en una pesadilla para decenas de colombianos. Lo que les ofrecieron como una beca universitaria y una posibilidad de comenzar una nueva vida en Espa\u00f1a, seg\u00fan las autoridades, habr\u00eda sido en realidad la puerta de entrada a una red dedicada presuntamente a la explotaci\u00f3n laboral.<\/p>\n\n\n\n<p class=\"wp-block-paragraph\">La investigaci\u00f3n, adelantada de manera conjunta por autoridades colombianas y espa\u00f1olas, permiti\u00f3 poner al descubierto una organizaci\u00f3n que habr\u00eda utilizado falsas ofertas acad\u00e9micas para atraer a sus v\u00edctimas. A los interesados les hablaban de estudios, pr\u00e1cticas y oportunidades en Espa\u00f1a, pero para iniciar el supuesto proceso deb\u00edan entregar importantes cantidades de dinero.<\/p>\n\n\n\n<p class=\"wp-block-paragraph\">De acuerdo con la informaci\u00f3n conocida en la investigaci\u00f3n, algunas personas habr\u00edan pagado hasta ocho millones de pesos para que les tramitaran visas y documentos con los que pudieran viajar a Europa. La ilusi\u00f3n de muchos era llegar a Espa\u00f1a con todo aparentemente organizado y comenzar all\u00ed una etapa diferente de sus vidas.<\/p>\n\n\n\n<p class=\"wp-block-paragraph\">Pero al llegar, la historia cambiaba. Seg\u00fan las autoridades, varias de las v\u00edctimas terminaban trabajando en restaurantes de Tarragona, en Espa\u00f1a, realizando labores que poco o nada ten\u00edan que ver con la formaci\u00f3n acad\u00e9mica que supuestamente les hab\u00edan ofrecido. Lo que aparec\u00eda como una oportunidad de estudio habr\u00eda terminado convirti\u00e9ndose en una relaci\u00f3n de explotaci\u00f3n laboral.<\/p>\n\n\n\n<p class=\"wp-block-paragraph\">Las jornadas tambi\u00e9n habr\u00edan sido extenuantes. Algunos de los afectados fueron sometidos, seg\u00fan la investigaci\u00f3n, a turnos de hasta 16 horas diarias, en condiciones que son materia de investigaci\u00f3n por posibles delitos relacionados con trata de personas, trabajo forzado y servidumbre.<\/p>\n\n\n\n<p class=\"wp-block-paragraph\">El caso tom\u00f3 fuerza despu\u00e9s de que desde Espa\u00f1a llegara informaci\u00f3n que permiti\u00f3 a las autoridades colombianas comenzar a conectar diferentes historias. Lo que inicialmente parec\u00eda una serie de casos aislados termin\u00f3 mostrando, presuntamente, una estructura que operaba en los dos pa\u00edses.<\/p>\n\n\n\n<p class=\"wp-block-paragraph\">Los investigadores establecieron que la captaci\u00f3n de las v\u00edctimas se habr\u00eda realizado desde Colombia. Las diligencias adelantadas por la Dij\u00edn incluyeron actividades en Bogot\u00e1 y Villavicencio, adem\u00e1s de las acciones coordinadas con las autoridades espa\u00f1olas.<\/p>\n\n\n\n<p class=\"wp-block-paragraph\">Entre las personas afectadas habr\u00eda ciudadanos de Medell\u00edn y de otros departamentos del pa\u00eds. En la capital antioque\u00f1a, la preocupaci\u00f3n por este tipo de enga\u00f1os tambi\u00e9n ha venido creciendo. Seg\u00fan la informaci\u00f3n suministrada por las autoridades, 54 paisas han sido atendidos este a\u00f1o despu\u00e9s de caer en situaciones relacionadas con falsas ofertas de trabajo y posibles casos de explotaci\u00f3n o servidumbre en el exterior.<\/p>\n\n\n\n<p class=\"wp-block-paragraph\">El operativo permiti\u00f3 la captura de siete personas que estar\u00edan relacionadas con esta estructura. Entre ellas aparece una mujer conocida con el alias de \u2018Nelly\u2019, se\u00f1alada por las autoridades como presunta cabecilla de la organizaci\u00f3n.<\/p>\n\n\n\n<p class=\"wp-block-paragraph\">La investigaci\u00f3n, sin embargo, no ha terminado. La Polic\u00eda contin\u00faa tratando de establecer cu\u00e1ntas personas fueron captadas mediante este mecanismo, cu\u00e1nto dinero habr\u00eda movido la organizaci\u00f3n y qui\u00e9nes m\u00e1s estar\u00edan detr\u00e1s de la operaci\u00f3n internacional.<\/p>\n\n\n\n<p class=\"wp-block-paragraph\">El caso deja adem\u00e1s una alerta para quienes reciben por redes sociales o por recomendaci\u00f3n de conocidos ofertas para viajar al exterior. Las autoridades insisten en verificar directamente las universidades, empresas, agencias y programas que ofrecen estos supuestos beneficios antes de entregar dinero o documentos personales.<\/p>\n\n\n\n<p class=\"wp-block-paragraph\">Porque detr\u00e1s de una oferta que promete una beca, un empleo bien remunerado o una vida nueva en Europa puede esconderse una trampa. Para algunas de estas v\u00edctimas, el viaje que comenz\u00f3 con la ilusi\u00f3n de estudiar termin\u00f3 con jornadas interminables de trabajo y lejos de sus familias.<\/p>\n\n\n\n<p class=\"wp-block-paragraph\">Ahora ser\u00e1n las autoridades judiciales las encargadas de determinar la responsabilidad de los capturados y establecer si, como sostiene la investigaci\u00f3n, se trat\u00f3 de una organizaci\u00f3n dedicada a captar colombianos mediante enga\u00f1os para posteriormente explotarlos en Espa\u00f1a<\/p>\n\n\n\n<figure class=\"wp-block-gallery has-nested-images columns-default is-cropped wp-block-gallery-1 is-layout-flex wp-block-gallery-is-layout-flex\">\n<figure class=\"wp-block-image size-full\"><img fetchpriority=\"high\" decoding=\"async\" width=\"834\" height=\"372\" data-id=\"17192\" src=\"https:\/\/prensapaisa.com\/wp-content\/uploads\/2026\/09\/793160850_1074909681574827_9022671907094006290_n.jpg\" alt=\"\" class=\"wp-image-17192\" srcset=\"https:\/\/prensapaisa.com\/wp-content\/uploads\/2026\/09\/793160850_1074909681574827_9022671907094006290_n.jpg 834w, https:\/\/prensapaisa.com\/wp-content\/uploads\/2026\/09\/793160850_1074909681574827_9022671907094006290_n-300x134.jpg 300w, https:\/\/prensapaisa.com\/wp-content\/uploads\/2026\/09\/793160850_1074909681574827_9022671907094006290_n-767x342.jpg 767w, https:\/\/prensapaisa.com\/wp-content\/uploads\/2026\/09\/793160850_1074909681574827_9022671907094006290_n-585x261.jpg 585w\" sizes=\"(max-width: 834px) 100vw, 834px\" \/><\/figure>\n\n\n\n<figure class=\"wp-block-image size-large\"><img decoding=\"async\" width=\"1024\" height=\"807\" data-id=\"17193\" src=\"https:\/\/prensapaisa.com\/wp-content\/uploads\/2026\/09\/796747246_2110790076196110_8910508750877437095_n-1024x807.jpg\" alt=\"\" class=\"wp-image-17193\" srcset=\"https:\/\/prensapaisa.com\/wp-content\/uploads\/2026\/09\/796747246_2110790076196110_8910508750877437095_n-1024x807.jpg 1024w, https:\/\/prensapaisa.com\/wp-content\/uploads\/2026\/09\/796747246_2110790076196110_8910508750877437095_n-300x236.jpg 300w, https:\/\/prensapaisa.com\/wp-content\/uploads\/2026\/09\/796747246_2110790076196110_8910508750877437095_n-767x604.jpg 767w, https:\/\/prensapaisa.com\/wp-content\/uploads\/2026\/09\/796747246_2110790076196110_8910508750877437095_n-1170x922.jpg 1170w, https:\/\/prensapaisa.com\/wp-content\/uploads\/2026\/09\/796747246_2110790076196110_8910508750877437095_n-585x461.jpg 585w, https:\/\/prensapaisa.com\/wp-content\/uploads\/2026\/09\/796747246_2110790076196110_8910508750877437095_n.jpg 1371w\" sizes=\"(max-width: 1024px) 100vw, 1024px\" \/><figcaption class=\"wp-element-caption\">Screenshot<\/figcaption><\/figure>\n<\/figure>\n","protected":false},"excerpt":{"rendered":"<p>El sue\u00f1o de viajar a Europa, estudiar y conseguir una oportunidad para salir adelante termin\u00f3 convirti\u00e9ndose en una pesadilla para decenas de colombianos. Lo que les ofrecieron como una beca&hellip;<\/p>\n","protected":false},"author":1,"featured_media":17193,"comment_status":"closed","ping_status":"open","sticky":false,"template":"","format":"standard","meta":{"footnotes":""},"categories":[49,50,1],"tags":[],"class_list":["post-17191","post","type-post","status-publish","format-standard","has-post-thumbnail","hentry","category-capturas","category-denuncias","category-noticias"],"yoast_head":"<!-- This site is optimized with the Yoast SEO plugin v28.4 - https:\/\/yoast.com\/product\/yoast-seo-wordpress\/ -->\n<title>Les prometieron vidas, becas y una vida en Europa, pero terminaron trabajando 16 horas al d\u00eda en Espa\u00f1a - PRENSA PAISA<\/title>\n<meta name=\"robots\" content=\"index, follow, max-snippet:-1, max-image-preview:large, max-video-preview:-1\" \/>\n<link rel=\"canonical\" href=\"https:\/\/prensapaisa.com\/index.php\/2026\/09\/04\/les-prometieron-vidas-becas-y-una-vida-en-europa-pero-terminaron-trabajando-16-horas-al-dia-en-espana\/\" \/>\n<meta property=\"og:locale\" content=\"es_ES\" \/>\n<meta property=\"og:type\" content=\"article\" \/>\n<meta property=\"og:title\" content=\"Les prometieron vidas, becas y una vida en Europa, pero terminaron trabajando 16 horas al d\u00eda en Espa\u00f1a - PRENSA PAISA\" \/>\n<meta property=\"og:description\" content=\"El sue\u00f1o de viajar a Europa, estudiar y conseguir una oportunidad para salir adelante termin\u00f3 convirti\u00e9ndose en una pesadilla para decenas de colombianos. Lo que les ofrecieron como una beca&hellip;\" \/>\n<meta property=\"og:url\" content=\"https:\/\/prensapaisa.com\/index.php\/2026\/09\/04\/les-prometieron-vidas-becas-y-una-vida-en-europa-pero-terminaron-trabajando-16-horas-al-dia-en-espana\/\" \/>\n<meta property=\"og:site_name\" content=\"PRENSA PAISA\" \/>\n<meta property=\"article:published_time\" content=\"2026-09-04T18:17:14+00:00\" \/>\n<meta property=\"og:image\" content=\"https:\/\/prensapaisa.com\/wp-content\/uploads\/2026\/09\/796747246_2110790076196110_8910508750877437095_n.jpg\" \/>\n\t<meta property=\"og:image:width\" content=\"1371\" \/>\n\t<meta property=\"og:image:height\" content=\"1080\" \/>\n\t<meta property=\"og:image:type\" content=\"image\/jpeg\" \/>\n<meta name=\"author\" content=\"noticias@prensapaisa.com\" \/>\n<meta name=\"twitter:card\" content=\"summary_large_image\" \/>\n<meta name=\"twitter:label1\" content=\"Escrito por\" \/>\n\t<meta name=\"twitter:data1\" content=\"noticias@prensapaisa.com\" \/>\n\t<meta name=\"twitter:label2\" content=\"Tiempo de lectura\" \/>\n\t<meta name=\"twitter:data2\" content=\"4 minutos\" \/>\n<script type=\"application\/ld+json\" class=\"yoast-schema-graph\">{\"@context\":\"https:\\\/\\\/schema.org\",\"@graph\":[{\"@type\":\"Article\",\"@id\":\"https:\\\/\\\/prensapaisa.com\\\/index.php\\\/2026\\\/09\\\/04\\\/les-prometieron-vidas-becas-y-una-vida-en-europa-pero-terminaron-trabajando-16-horas-al-dia-en-espana\\\/#article\",\"isPartOf\":{\"@id\":\"https:\\\/\\\/prensapaisa.com\\\/index.php\\\/2026\\\/09\\\/04\\\/les-prometieron-vidas-becas-y-una-vida-en-europa-pero-terminaron-trabajando-16-horas-al-dia-en-espana\\\/\"},\"author\":{\"name\":\"noticias@prensapaisa.com\",\"@id\":\"https:\\\/\\\/prensapaisa.com\\\/#\\\/schema\\\/person\\\/c5899b8b285dbcd70faec88a7c1579f6\"},\"headline\":\"Les prometieron vidas, becas y una vida en Europa, pero terminaron trabajando 16 horas al d\u00eda en Espa\u00f1a\",\"datePublished\":\"2026-09-04T18:17:14+00:00\",\"mainEntityOfPage\":{\"@id\":\"https:\\\/\\\/prensapaisa.com\\\/index.php\\\/2026\\\/09\\\/04\\\/les-prometieron-vidas-becas-y-una-vida-en-europa-pero-terminaron-trabajando-16-horas-al-dia-en-espana\\\/\"},\"wordCount\":708,\"publisher\":{\"@id\":\"https:\\\/\\\/prensapaisa.com\\\/#organization\"},\"image\":{\"@id\":\"https:\\\/\\\/prensapaisa.com\\\/index.php\\\/2026\\\/09\\\/04\\\/les-prometieron-vidas-becas-y-una-vida-en-europa-pero-terminaron-trabajando-16-horas-al-dia-en-espana\\\/#primaryimage\"},\"thumbnailUrl\":\"https:\\\/\\\/prensapaisa.com\\\/wp-content\\\/uploads\\\/2026\\\/09\\\/796747246_2110790076196110_8910508750877437095_n.jpg\",\"articleSection\":[\"Capturas\",\"Denuncias\",\"Noticias\"],\"inLanguage\":\"es-CO\"},{\"@type\":\"WebPage\",\"@id\":\"https:\\\/\\\/prensapaisa.com\\\/index.php\\\/2026\\\/09\\\/04\\\/les-prometieron-vidas-becas-y-una-vida-en-europa-pero-terminaron-trabajando-16-horas-al-dia-en-espana\\\/\",\"url\":\"https:\\\/\\\/prensapaisa.com\\\/index.php\\\/2026\\\/09\\\/04\\\/les-prometieron-vidas-becas-y-una-vida-en-europa-pero-terminaron-trabajando-16-horas-al-dia-en-espana\\\/\",\"name\":\"Les prometieron vidas, becas y una vida en Europa, pero terminaron trabajando 16 horas al d\u00eda en Espa\u00f1a - PRENSA PAISA\",\"isPartOf\":{\"@id\":\"https:\\\/\\\/prensapaisa.com\\\/#website\"},\"primaryImageOfPage\":{\"@id\":\"https:\\\/\\\/prensapaisa.com\\\/index.php\\\/2026\\\/09\\\/04\\\/les-prometieron-vidas-becas-y-una-vida-en-europa-pero-terminaron-trabajando-16-horas-al-dia-en-espana\\\/#primaryimage\"},\"image\":{\"@id\":\"https:\\\/\\\/prensapaisa.com\\\/index.php\\\/2026\\\/09\\\/04\\\/les-prometieron-vidas-becas-y-una-vida-en-europa-pero-terminaron-trabajando-16-horas-al-dia-en-espana\\\/#primaryimage\"},\"thumbnailUrl\":\"https:\\\/\\\/prensapaisa.com\\\/wp-content\\\/uploads\\\/2026\\\/09\\\/796747246_2110790076196110_8910508750877437095_n.jpg\",\"datePublished\":\"2026-09-04T18:17:14+00:00\",\"breadcrumb\":{\"@id\":\"https:\\\/\\\/prensapaisa.com\\\/index.php\\\/2026\\\/09\\\/04\\\/les-prometieron-vidas-becas-y-una-vida-en-europa-pero-terminaron-trabajando-16-horas-al-dia-en-espana\\\/#breadcrumb\"},\"inLanguage\":\"es-CO\",\"potentialAction\":[{\"@type\":\"ReadAction\",\"target\":[\"https:\\\/\\\/prensapaisa.com\\\/index.php\\\/2026\\\/09\\\/04\\\/les-prometieron-vidas-becas-y-una-vida-en-europa-pero-terminaron-trabajando-16-horas-al-dia-en-espana\\\/\"]}]},{\"@type\":\"ImageObject\",\"inLanguage\":\"es-CO\",\"@id\":\"https:\\\/\\\/prensapaisa.com\\\/index.php\\\/2026\\\/09\\\/04\\\/les-prometieron-vidas-becas-y-una-vida-en-europa-pero-terminaron-trabajando-16-horas-al-dia-en-espana\\\/#primaryimage\",\"url\":\"https:\\\/\\\/prensapaisa.com\\\/wp-content\\\/uploads\\\/2026\\\/09\\\/796747246_2110790076196110_8910508750877437095_n.jpg\",\"contentUrl\":\"https:\\\/\\\/prensapaisa.com\\\/wp-content\\\/uploads\\\/2026\\\/09\\\/796747246_2110790076196110_8910508750877437095_n.jpg\",\"width\":1371,\"height\":1080,\"caption\":\"Screenshot\"},{\"@type\":\"BreadcrumbList\",\"@id\":\"https:\\\/\\\/prensapaisa.com\\\/index.php\\\/2026\\\/09\\\/04\\\/les-prometieron-vidas-becas-y-una-vida-en-europa-pero-terminaron-trabajando-16-horas-al-dia-en-espana\\\/#breadcrumb\",\"itemListElement\":[{\"@type\":\"ListItem\",\"position\":1,\"name\":\"Inicio\",\"item\":\"https:\\\/\\\/prensapaisa.com\\\/\"},{\"@type\":\"ListItem\",\"position\":2,\"name\":\"Les prometieron vidas, becas y una vida en Europa, pero terminaron trabajando 16 horas al d\u00eda en Espa\u00f1a\"}]},{\"@type\":\"WebSite\",\"@id\":\"https:\\\/\\\/prensapaisa.com\\\/#website\",\"url\":\"https:\\\/\\\/prensapaisa.com\\\/\",\"name\":\"PRENSA PAISA\",\"description\":\"Prensa Paisa la Original | Noticias de Medell\u00edn, Antioquia\",\"publisher\":{\"@id\":\"https:\\\/\\\/prensapaisa.com\\\/#organization\"},\"potentialAction\":[{\"@type\":\"SearchAction\",\"target\":{\"@type\":\"EntryPoint\",\"urlTemplate\":\"https:\\\/\\\/prensapaisa.com\\\/?s={search_term_string}\"},\"query-input\":{\"@type\":\"PropertyValueSpecification\",\"valueRequired\":true,\"valueName\":\"search_term_string\"}}],\"inLanguage\":\"es-CO\"},{\"@type\":\"Organization\",\"@id\":\"https:\\\/\\\/prensapaisa.com\\\/#organization\",\"name\":\"PRENSA PAISA\",\"url\":\"https:\\\/\\\/prensapaisa.com\\\/\",\"logo\":{\"@type\":\"ImageObject\",\"inLanguage\":\"es-CO\",\"@id\":\"https:\\\/\\\/prensapaisa.com\\\/#\\\/schema\\\/logo\\\/image\\\/\",\"url\":\"https:\\\/\\\/prensapaisa.com\\\/wp-content\\\/uploads\\\/2022\\\/05\\\/cropped-cropped-prensa.png\",\"contentUrl\":\"https:\\\/\\\/prensapaisa.com\\\/wp-content\\\/uploads\\\/2022\\\/05\\\/cropped-cropped-prensa.png\",\"width\":784,\"height\":524,\"caption\":\"PRENSA PAISA\"},\"image\":{\"@id\":\"https:\\\/\\\/prensapaisa.com\\\/#\\\/schema\\\/logo\\\/image\\\/\"}},{\"@type\":\"Person\",\"@id\":\"https:\\\/\\\/prensapaisa.com\\\/#\\\/schema\\\/person\\\/c5899b8b285dbcd70faec88a7c1579f6\",\"name\":\"noticias@prensapaisa.com\",\"image\":{\"@type\":\"ImageObject\",\"inLanguage\":\"es-CO\",\"@id\":\"https:\\\/\\\/secure.gravatar.com\\\/avatar\\\/ca2b49c1df14b84557c567431f045ea69c8ea5da2da50309fd4de9b811da0433?s=96&d=mm&r=g\",\"url\":\"https:\\\/\\\/secure.gravatar.com\\\/avatar\\\/ca2b49c1df14b84557c567431f045ea69c8ea5da2da50309fd4de9b811da0433?s=96&d=mm&r=g\",\"contentUrl\":\"https:\\\/\\\/secure.gravatar.com\\\/avatar\\\/ca2b49c1df14b84557c567431f045ea69c8ea5da2da50309fd4de9b811da0433?s=96&d=mm&r=g\",\"caption\":\"noticias@prensapaisa.com\"},\"sameAs\":[\"http:\\\/\\\/prensapaisa.com\"],\"url\":\"https:\\\/\\\/prensapaisa.com\\\/index.php\\\/author\\\/prensapaisagmail-com\\\/\"}]}<\/script>\n<!-- \/ Yoast SEO plugin. -->","yoast_head_json":{"title":"Les prometieron vidas, becas y una vida en Europa, pero terminaron trabajando 16 horas al d\u00eda en Espa\u00f1a - PRENSA PAISA","robots":{"index":"index","follow":"follow","max-snippet":"max-snippet:-1","max-image-preview":"max-image-preview:large","max-video-preview":"max-video-preview:-1"},"canonical":"https:\/\/prensapaisa.com\/index.php\/2026\/09\/04\/les-prometieron-vidas-becas-y-una-vida-en-europa-pero-terminaron-trabajando-16-horas-al-dia-en-espana\/","og_locale":"es_ES","og_type":"article","og_title":"Les prometieron vidas, becas y una vida en Europa, pero terminaron trabajando 16 horas al d\u00eda en Espa\u00f1a - PRENSA PAISA","og_description":"El sue\u00f1o de viajar a Europa, estudiar y conseguir una oportunidad para salir adelante termin\u00f3 convirti\u00e9ndose en una pesadilla para decenas de colombianos. Lo que les ofrecieron como una beca&hellip;","og_url":"https:\/\/prensapaisa.com\/index.php\/2026\/09\/04\/les-prometieron-vidas-becas-y-una-vida-en-europa-pero-terminaron-trabajando-16-horas-al-dia-en-espana\/","og_site_name":"PRENSA PAISA","article_published_time":"2026-09-04T18:17:14+00:00","og_image":[{"width":1371,"height":1080,"url":"https:\/\/prensapaisa.com\/wp-content\/uploads\/2026\/09\/796747246_2110790076196110_8910508750877437095_n.jpg","type":"image\/jpeg"}],"author":"noticias@prensapaisa.com","twitter_card":"summary_large_image","twitter_misc":{"Escrito por":"noticias@prensapaisa.com","Tiempo de lectura":"4 minutos"},"schema":{"@context":"https:\/\/schema.org","@graph":[{"@type":"Article","@id":"https:\/\/prensapaisa.com\/index.php\/2026\/09\/04\/les-prometieron-vidas-becas-y-una-vida-en-europa-pero-terminaron-trabajando-16-horas-al-dia-en-espana\/#article","isPartOf":{"@id":"https:\/\/prensapaisa.com\/index.php\/2026\/09\/04\/les-prometieron-vidas-becas-y-una-vida-en-europa-pero-terminaron-trabajando-16-horas-al-dia-en-espana\/"},"author":{"name":"noticias@prensapaisa.com","@id":"https:\/\/prensapaisa.com\/#\/schema\/person\/c5899b8b285dbcd70faec88a7c1579f6"},"headline":"Les prometieron vidas, becas y una vida en Europa, pero terminaron trabajando 16 horas al d\u00eda en Espa\u00f1a","datePublished":"2026-09-04T18:17:14+00:00","mainEntityOfPage":{"@id":"https:\/\/prensapaisa.com\/index.php\/2026\/09\/04\/les-prometieron-vidas-becas-y-una-vida-en-europa-pero-terminaron-trabajando-16-horas-al-dia-en-espana\/"},"wordCount":708,"publisher":{"@id":"https:\/\/prensapaisa.com\/#organization"},"image":{"@id":"https:\/\/prensapaisa.com\/index.php\/2026\/09\/04\/les-prometieron-vidas-becas-y-una-vida-en-europa-pero-terminaron-trabajando-16-horas-al-dia-en-espana\/#primaryimage"},"thumbnailUrl":"https:\/\/prensapaisa.com\/wp-content\/uploads\/2026\/09\/796747246_2110790076196110_8910508750877437095_n.jpg","articleSection":["Capturas","Denuncias","Noticias"],"inLanguage":"es-CO"},{"@type":"WebPage","@id":"https:\/\/prensapaisa.com\/index.php\/2026\/09\/04\/les-prometieron-vidas-becas-y-una-vida-en-europa-pero-terminaron-trabajando-16-horas-al-dia-en-espana\/","url":"https:\/\/prensapaisa.com\/index.php\/2026\/09\/04\/les-prometieron-vidas-becas-y-una-vida-en-europa-pero-terminaron-trabajando-16-horas-al-dia-en-espana\/","name":"Les prometieron vidas, becas y una vida en Europa, pero terminaron trabajando 16 horas al d\u00eda en Espa\u00f1a - PRENSA PAISA","isPartOf":{"@id":"https:\/\/prensapaisa.com\/#website"},"primaryImageOfPage":{"@id":"https:\/\/prensapaisa.com\/index.php\/2026\/09\/04\/les-prometieron-vidas-becas-y-una-vida-en-europa-pero-terminaron-trabajando-16-horas-al-dia-en-espana\/#primaryimage"},"image":{"@id":"https:\/\/prensapaisa.com\/index.php\/2026\/09\/04\/les-prometieron-vidas-becas-y-una-vida-en-europa-pero-terminaron-trabajando-16-horas-al-dia-en-espana\/#primaryimage"},"thumbnailUrl":"https:\/\/prensapaisa.com\/wp-content\/uploads\/2026\/09\/796747246_2110790076196110_8910508750877437095_n.jpg","datePublished":"2026-09-04T18:17:14+00:00","breadcrumb":{"@id":"https:\/\/prensapaisa.com\/index.php\/2026\/09\/04\/les-prometieron-vidas-becas-y-una-vida-en-europa-pero-terminaron-trabajando-16-horas-al-dia-en-espana\/#breadcrumb"},"inLanguage":"es-CO","potentialAction":[{"@type":"ReadAction","target":["https:\/\/prensapaisa.com\/index.php\/2026\/09\/04\/les-prometieron-vidas-becas-y-una-vida-en-europa-pero-terminaron-trabajando-16-horas-al-dia-en-espana\/"]}]},{"@type":"ImageObject","inLanguage":"es-CO","@id":"https:\/\/prensapaisa.com\/index.php\/2026\/09\/04\/les-prometieron-vidas-becas-y-una-vida-en-europa-pero-terminaron-trabajando-16-horas-al-dia-en-espana\/#primaryimage","url":"https:\/\/prensapaisa.com\/wp-content\/uploads\/2026\/09\/796747246_2110790076196110_8910508750877437095_n.jpg","contentUrl":"https:\/\/prensapaisa.com\/wp-content\/uploads\/2026\/09\/796747246_2110790076196110_8910508750877437095_n.jpg","width":1371,"height":1080,"caption":"Screenshot"},{"@type":"BreadcrumbList","@id":"https:\/\/prensapaisa.com\/index.php\/2026\/09\/04\/les-prometieron-vidas-becas-y-una-vida-en-europa-pero-terminaron-trabajando-16-horas-al-dia-en-espana\/#breadcrumb","itemListElement":[{"@type":"ListItem","position":1,"name":"Inicio","item":"https:\/\/prensapaisa.com\/"},{"@type":"ListItem","position":2,"name":"Les prometieron vidas, becas y una vida en Europa, pero terminaron trabajando 16 horas al d\u00eda en Espa\u00f1a"}]},{"@type":"WebSite","@id":"https:\/\/prensapaisa.com\/#website","url":"https:\/\/prensapaisa.com\/","name":"PRENSA PAISA","description":"Prensa Paisa la Original | Noticias de Medell\u00edn, Antioquia","publisher":{"@id":"https:\/\/prensapaisa.com\/#organization"},"potentialAction":[{"@type":"SearchAction","target":{"@type":"EntryPoint","urlTemplate":"https:\/\/prensapaisa.com\/?s={search_term_string}"},"query-input":{"@type":"PropertyValueSpecification","valueRequired":true,"valueName":"search_term_string"}}],"inLanguage":"es-CO"},{"@type":"Organization","@id":"https:\/\/prensapaisa.com\/#organization","name":"PRENSA PAISA","url":"https:\/\/prensapaisa.com\/","logo":{"@type":"ImageObject","inLanguage":"es-CO","@id":"https:\/\/prensapaisa.com\/#\/schema\/logo\/image\/","url":"https:\/\/prensapaisa.com\/wp-content\/uploads\/2022\/05\/cropped-cropped-prensa.png","contentUrl":"https:\/\/prensapaisa.com\/wp-content\/uploads\/2022\/05\/cropped-cropped-prensa.png","width":784,"height":524,"caption":"PRENSA PAISA"},"image":{"@id":"https:\/\/prensapaisa.com\/#\/schema\/logo\/image\/"}},{"@type":"Person","@id":"https:\/\/prensapaisa.com\/#\/schema\/person\/c5899b8b285dbcd70faec88a7c1579f6","name":"noticias@prensapaisa.com","image":{"@type":"ImageObject","inLanguage":"es-CO","@id":"https:\/\/secure.gravatar.com\/avatar\/ca2b49c1df14b84557c567431f045ea69c8ea5da2da50309fd4de9b811da0433?s=96&d=mm&r=g","url":"https:\/\/secure.gravatar.com\/avatar\/ca2b49c1df14b84557c567431f045ea69c8ea5da2da50309fd4de9b811da0433?s=96&d=mm&r=g","contentUrl":"https:\/\/secure.gravatar.com\/avatar\/ca2b49c1df14b84557c567431f045ea69c8ea5da2da50309fd4de9b811da0433?s=96&d=mm&r=g","caption":"noticias@prensapaisa.com"},"sameAs":["http:\/\/prensapaisa.com"],"url":"https:\/\/prensapaisa.com\/index.php\/author\/prensapaisagmail-com\/"}]}},"_links":{"self":[{"href":"https:\/\/prensapaisa.com\/index.php\/wp-json\/wp\/v2\/posts\/17191","targetHints":{"allow":["GET"]}}],"collection":[{"href":"https:\/\/prensapaisa.com\/index.php\/wp-json\/wp\/v2\/posts"}],"about":[{"href":"https:\/\/prensapaisa.com\/index.php\/wp-json\/wp\/v2\/types\/post"}],"author":[{"embeddable":true,"href":"https:\/\/prensapaisa.com\/index.php\/wp-json\/wp\/v2\/users\/1"}],"replies":[{"embeddable":true,"href":"https:\/\/prensapaisa.com\/index.php\/wp-json\/wp\/v2\/comments?post=17191"}],"version-history":[{"count":1,"href":"https:\/\/prensapaisa.com\/index.php\/wp-json\/wp\/v2\/posts\/17191\/revisions"}],"predecessor-version":[{"id":17194,"href":"https:\/\/prensapaisa.com\/index.php\/wp-json\/wp\/v2\/posts\/17191\/revisions\/17194"}],"wp:featuredmedia":[{"embeddable":true,"href":"https:\/\/prensapaisa.com\/index.php\/wp-json\/wp\/v2\/media\/17193"}],"wp:attachment":[{"href":"https:\/\/prensapaisa.com\/index.php\/wp-json\/wp\/v2\/media?parent=17191"}],"wp:term":[{"taxonomy":"category","embeddable":true,"href":"https:\/\/prensapaisa.com\/index.php\/wp-json\/wp\/v2\/categories?post=17191"},{"taxonomy":"post_tag","embeddable":true,"href":"https:\/\/prensapaisa.com\/index.php\/wp-json\/wp\/v2\/tags?post=17191"}],"curies":[{"name":"wp","href":"https:\/\/api.w.org\/{rel}","templated":true}]}}